{"id":16528,"date":"2017-05-04T20:20:41","date_gmt":"2017-05-04T20:20:41","guid":{"rendered":"http:\/\/www.psol50.org.br\/?p=16402"},"modified":"2017-05-04T20:20:41","modified_gmt":"2017-05-04T20:20:41","slug":"psol-quer-referendo-sobre-a-reforma-da-previdencia","status":"publish","type":"post","link":"https:\/\/psol50.org.br\/psol-quer-referendo-sobre-a-reforma-da-previdencia\/","title":{"rendered":"PSOL quer referendo sobre a reforma da Previd\u00eancia"},"content":{"rendered":"<p>Ap\u00f3s aprovar em comiss\u00e3o especial, <a href=\"http:\/\/www.psol50.org.br\/blog\/2017\/05\/03\/reforma-da-previdencia-e-aprovada-na-comissao-especial-da-camara\/#\" target=\"_blank\" rel=\"noopener noreferrer\"><span style=\"color: #0000ff;\"><strong>na noite dessa quarta-feira (3\/05)<\/strong><\/span><\/a>, o parecer sobre a reforma da Previd\u00eancia &#8211; PSOL votou contra -, o pr\u00f3ximo passo de Michel Temer e sua base governista \u00e9 a vota\u00e7\u00e3o dos destaques do texto, que devem estar na agenda dos deputados\u00a0j\u00e1 na semana que vem.<\/p>\n<p>Dentre os destaques a serem apreciados, est\u00e1 a proposta do PSOL, <a href=\"http:\/\/www.psol50.org.br\/blog\/2017\/03\/20\/psol-propoe-referendo-para-apreciacao-da-pec-sobre-a-reforma-da-previdencia\/\" target=\"_blank\" rel=\"noopener noreferrer\"><strong><span style=\"color: #0000ff;\">apresentada em mar\u00e7o deste ano<\/span><\/strong><\/a>, de realizar\u00a0um referendo popular caso\u00a0a\u00a0PEC 287\/16 seja promulgada no Congresso Nacional. Alvo de pol\u00eamicas devido ao seu car\u00e1ter de retirada de direitos &#8211; que representa, na pr\u00e1tica, o fim da aposentadoria p\u00fablica -, o partido considera que \u00e9 necess\u00e1rio conceder diretamente ao\u00a0povo o poder de decis\u00e3o final sobre essa mat\u00e9ria.<\/p>\n<p>Sete em cada dez brasileiros, de acordo com <a href=\"http:\/\/www.psol50.org.br\/blog\/2017\/05\/02\/datafolha-71-dos-brasileiros-desaprovam-reforma-da-previdencia-e-85-querem-eleicoes-diretas\/\" target=\"_blank\" rel=\"noopener noreferrer\"><strong><span style=\"color: #0000ff;\">pesquisa do Datafolha<\/span><\/strong><\/a>, j\u00e1 declararam que n\u00e3o concordam com a medida; al\u00e9m disso, desde a apresenta\u00e7\u00e3o da proposta milh\u00f5es de trabalhadores foram \u00e0s ruas mostrar sua indigna\u00e7\u00e3o &#8211; com direito a greve geral que parou todos os estados do pa\u00eds.\u00a0Ignorar esses dados \u00e9 dar as costas ao povo, passando por cima da democracia.<\/p>\n<p><strong>Confira o texto da emenda, assinado por 181 deputados:<\/strong><\/p>\n<p class=\"CORPOPADRO\" style=\"tab-stops: 155.95pt;\"><em>\u201cArt. 24. Essa emenda \u00e0 Constitui\u00e7\u00e3o, para entrar em vigor, depender\u00e1 de aprova\u00e7\u00e3o em referendo popular, nos termos do art. 14, II, da Constitui\u00e7\u00e3o Federal.<\/em><\/p>\n<p class=\"CORPOPADRO\" style=\"tab-stops: 155.95pt;\"><em>\u00a71\u00ba O referendo popular a que se refere o caput deste artigo ser\u00e1 realizado em at\u00e9 noventa dias a partir da promulga\u00e7\u00e3o desta Emenda \u00e0 Constitui\u00e7\u00e3o, sob responsabilidade do Tribunal Superior Eleitoral.<\/em><\/p>\n<p class=\"CORPOPADRO\" style=\"tab-stops: 155.95pt;\"><em>\u00a72\u00ba No caso de rejei\u00e7\u00e3o pelo povo, esta Emenda \u00e0 Constitui\u00e7\u00e3o n\u00e3o entrar\u00e1 em vigor, e nem produzir\u00e1 efeitos.<\/em><\/p>\n<p class=\"CORPOPADRO\" style=\"tab-stops: 155.95pt;\"><em>\u00a73\u00ba Em caso de aprova\u00e7\u00e3o do referendo popular, o disposto nesta Emenda \u00e0 Constitui\u00e7\u00e3o entrar\u00e1 em vigor na data de publica\u00e7\u00e3o de seu resultado pelo Tribunal Superior Eleitoral.\u201d<\/em><\/p>\n","protected":false},"excerpt":{"rendered":"<p>Ap\u00f3s aprovar em comiss\u00e3o especial, na noite dessa quarta-feira (3\/05), o parecer sobre a reforma da Previd\u00eancia &#8211; PSOL votou contra -, o pr\u00f3ximo passo de Michel Temer e sua base governista \u00e9 a vota\u00e7\u00e3o dos destaques do texto, que devem estar na agenda dos deputados\u00a0j\u00e1 na semana que vem. Dentre os destaques a serem [&hellip;]<\/p>\n","protected":false},"author":2,"featured_media":15810,"comment_status":"open","ping_status":"open","sticky":false,"template":"","format":"standard","meta":{"_acf_changed":false,"footnotes":""},"categories":[10,1882,6,14],"tags":[757,1612,1748,2836,2966,39],"class_list":{"0":"post-16528","1":"post","2":"type-post","3":"status-publish","4":"format-standard","5":"has-post-thumbnail","7":"category-acao-parlamentares","8":"category-brasil","9":"category-noticias","10":"category-partido","11":"tag-constituicao","12":"tag-datafolha","13":"tag-michel-temer","14":"tag-parecer","15":"tag-referendo","16":"tag-reforma-da-previdencia"},"acf":[],"yoast_head":"<!-- This site is optimized with the Yoast SEO plugin v26.5 - https:\/\/yoast.com\/wordpress\/plugins\/seo\/ -->\n<title>PSOL quer referendo sobre a reforma da Previd\u00eancia - PSOL 50<\/title>\n<meta name=\"robots\" content=\"index, follow, max-snippet:-1, max-image-preview:large, max-video-preview:-1\" \/>\n<link rel=\"canonical\" href=\"https:\/\/psol50.org.br\/psol-quer-referendo-sobre-a-reforma-da-previdencia\/\" \/>\n<meta property=\"og:locale\" content=\"pt_BR\" \/>\n<meta property=\"og:type\" content=\"article\" \/>\n<meta property=\"og:title\" content=\"PSOL quer referendo sobre a reforma da Previd\u00eancia - PSOL 50\" \/>\n<meta property=\"og:description\" content=\"Ap\u00f3s aprovar em comiss\u00e3o especial, na noite dessa quarta-feira (3\/05), o parecer sobre a reforma da Previd\u00eancia &#8211; PSOL votou contra -, o pr\u00f3ximo passo de Michel Temer e sua base governista \u00e9 a vota\u00e7\u00e3o dos destaques do texto, que devem estar na agenda dos deputados\u00a0j\u00e1 na semana que vem. Dentre os destaques a serem [&hellip;]\" \/>\n<meta property=\"og:url\" content=\"https:\/\/psol50.org.br\/psol-quer-referendo-sobre-a-reforma-da-previdencia\/\" \/>\n<meta property=\"og:site_name\" content=\"PSOL 50\" \/>\n<meta property=\"article:publisher\" content=\"https:\/\/www.facebook.com\/psol50\" \/>\n<meta property=\"article:published_time\" content=\"2017-05-04T20:20:41+00:00\" \/>\n<meta property=\"og:image\" content=\"https:\/\/psol50.org.br\/inc\/uploads\/2017\/03\/Aposentados_EBC.jpg\" \/>\n\t<meta property=\"og:image:width\" content=\"816\" \/>\n\t<meta property=\"og:image:height\" content=\"573\" \/>\n\t<meta property=\"og:image:type\" content=\"image\/jpeg\" \/>\n<meta name=\"author\" content=\"Comunica\u00e7\u00e3o PSOL\" \/>\n<meta name=\"twitter:card\" content=\"summary_large_image\" \/>\n<meta name=\"twitter:creator\" content=\"@psol50\" \/>\n<meta name=\"twitter:site\" content=\"@psol50\" \/>\n<meta name=\"twitter:label1\" content=\"Escrito por\" \/>\n\t<meta name=\"twitter:data1\" content=\"Comunica\u00e7\u00e3o PSOL\" \/>\n\t<meta name=\"twitter:label2\" content=\"Est. tempo de leitura\" \/>\n\t<meta name=\"twitter:data2\" content=\"2 minutos\" \/>\n<script type=\"application\/ld+json\" class=\"yoast-schema-graph\">{\"@context\":\"https:\/\/schema.org\",\"@graph\":[{\"@type\":\"Article\",\"@id\":\"https:\/\/psol50.org.br\/psol-quer-referendo-sobre-a-reforma-da-previdencia\/#article\",\"isPartOf\":{\"@id\":\"https:\/\/psol50.org.br\/psol-quer-referendo-sobre-a-reforma-da-previdencia\/\"},\"author\":{\"name\":\"Comunica\u00e7\u00e3o PSOL\",\"@id\":\"https:\/\/psol50.org.br\/#\/schema\/person\/475dfa57d0b815993c714c2e96491fcd\"},\"headline\":\"PSOL quer referendo sobre a reforma da Previd\u00eancia\",\"datePublished\":\"2017-05-04T20:20:41+00:00\",\"mainEntityOfPage\":{\"@id\":\"https:\/\/psol50.org.br\/psol-quer-referendo-sobre-a-reforma-da-previdencia\/\"},\"wordCount\":320,\"commentCount\":0,\"publisher\":{\"@id\":\"https:\/\/psol50.org.br\/#organization\"},\"image\":{\"@id\":\"https:\/\/psol50.org.br\/psol-quer-referendo-sobre-a-reforma-da-previdencia\/#primaryimage\"},\"thumbnailUrl\":\"https:\/\/psol50.org.br\/inc\/uploads\/2017\/03\/Aposentados_EBC.jpg\",\"keywords\":[\"Constitui\u00e7\u00e3o\",\"Datafolha\",\"Michel Temer\",\"parecer\",\"referendo\",\"reforma da previd\u00eancia\"],\"articleSection\":[\"A\u00e7\u00e3o Parlamentar\",\"Brasil\",\"Not\u00edcias\",\"Partido\"],\"inLanguage\":\"pt-BR\",\"potentialAction\":[{\"@type\":\"CommentAction\",\"name\":\"Comment\",\"target\":[\"https:\/\/psol50.org.br\/psol-quer-referendo-sobre-a-reforma-da-previdencia\/#respond\"]}]},{\"@type\":\"WebPage\",\"@id\":\"https:\/\/psol50.org.br\/psol-quer-referendo-sobre-a-reforma-da-previdencia\/\",\"url\":\"https:\/\/psol50.org.br\/psol-quer-referendo-sobre-a-reforma-da-previdencia\/\",\"name\":\"PSOL quer referendo sobre a reforma da Previd\u00eancia - PSOL 50\",\"isPartOf\":{\"@id\":\"https:\/\/psol50.org.br\/#website\"},\"primaryImageOfPage\":{\"@id\":\"https:\/\/psol50.org.br\/psol-quer-referendo-sobre-a-reforma-da-previdencia\/#primaryimage\"},\"image\":{\"@id\":\"https:\/\/psol50.org.br\/psol-quer-referendo-sobre-a-reforma-da-previdencia\/#primaryimage\"},\"thumbnailUrl\":\"https:\/\/psol50.org.br\/inc\/uploads\/2017\/03\/Aposentados_EBC.jpg\",\"datePublished\":\"2017-05-04T20:20:41+00:00\",\"breadcrumb\":{\"@id\":\"https:\/\/psol50.org.br\/psol-quer-referendo-sobre-a-reforma-da-previdencia\/#breadcrumb\"},\"inLanguage\":\"pt-BR\",\"potentialAction\":[{\"@type\":\"ReadAction\",\"target\":[\"https:\/\/psol50.org.br\/psol-quer-referendo-sobre-a-reforma-da-previdencia\/\"]}]},{\"@type\":\"ImageObject\",\"inLanguage\":\"pt-BR\",\"@id\":\"https:\/\/psol50.org.br\/psol-quer-referendo-sobre-a-reforma-da-previdencia\/#primaryimage\",\"url\":\"https:\/\/psol50.org.br\/inc\/uploads\/2017\/03\/Aposentados_EBC.jpg\",\"contentUrl\":\"https:\/\/psol50.org.br\/inc\/uploads\/2017\/03\/Aposentados_EBC.jpg\",\"width\":816,\"height\":573},{\"@type\":\"BreadcrumbList\",\"@id\":\"https:\/\/psol50.org.br\/psol-quer-referendo-sobre-a-reforma-da-previdencia\/#breadcrumb\",\"itemListElement\":[{\"@type\":\"ListItem\",\"position\":1,\"name\":\"In\u00edcio\",\"item\":\"https:\/\/psol50.org.br\/\"},{\"@type\":\"ListItem\",\"position\":2,\"name\":\"PSOL quer referendo sobre a reforma da Previd\u00eancia\"}]},{\"@type\":\"WebSite\",\"@id\":\"https:\/\/psol50.org.br\/#website\",\"url\":\"https:\/\/psol50.org.br\/\",\"name\":\"PSOL 50\",\"description\":\"Site oficial do Partido Socialismo e Liberdade\",\"publisher\":{\"@id\":\"https:\/\/psol50.org.br\/#organization\"},\"alternateName\":\"PSOL50\",\"potentialAction\":[{\"@type\":\"SearchAction\",\"target\":{\"@type\":\"EntryPoint\",\"urlTemplate\":\"https:\/\/psol50.org.br\/?s={search_term_string}\"},\"query-input\":{\"@type\":\"PropertyValueSpecification\",\"valueRequired\":true,\"valueName\":\"search_term_string\"}}],\"inLanguage\":\"pt-BR\"},{\"@type\":\"Organization\",\"@id\":\"https:\/\/psol50.org.br\/#organization\",\"name\":\"PSOL 50\",\"alternateName\":\"PSOL 50\",\"url\":\"https:\/\/psol50.org.br\/\",\"logo\":{\"@type\":\"ImageObject\",\"inLanguage\":\"pt-BR\",\"@id\":\"https:\/\/psol50.org.br\/#\/schema\/logo\/image\/\",\"url\":\"https:\/\/psol50.org.br\/inc\/uploads\/2018\/07\/capa.png\",\"contentUrl\":\"https:\/\/psol50.org.br\/inc\/uploads\/2018\/07\/capa.png\",\"width\":1350,\"height\":900,\"caption\":\"PSOL 50\"},\"image\":{\"@id\":\"https:\/\/psol50.org.br\/#\/schema\/logo\/image\/\"},\"sameAs\":[\"https:\/\/www.facebook.com\/psol50\",\"https:\/\/x.com\/psol50\",\"https:\/\/www.instagram.com\/psol50\/\",\"https:\/\/www.youtube.com\/channel\/UC7SnJS5o1os7a6CaiNabzcg\"]},{\"@type\":\"Person\",\"@id\":\"https:\/\/psol50.org.br\/#\/schema\/person\/475dfa57d0b815993c714c2e96491fcd\",\"name\":\"Comunica\u00e7\u00e3o PSOL\",\"image\":{\"@type\":\"ImageObject\",\"inLanguage\":\"pt-BR\",\"@id\":\"https:\/\/psol50.org.br\/#\/schema\/person\/image\/\",\"url\":\"https:\/\/secure.gravatar.com\/avatar\/b34fc4f4e468a4e51785917065a3db57b841f5c95dba6ad8c73aaf8f66f8f9bf?s=96&d=mm&r=g\",\"contentUrl\":\"https:\/\/secure.gravatar.com\/avatar\/b34fc4f4e468a4e51785917065a3db57b841f5c95dba6ad8c73aaf8f66f8f9bf?s=96&d=mm&r=g\",\"caption\":\"Comunica\u00e7\u00e3o PSOL\"}}]}<\/script>\n<!-- \/ Yoast SEO plugin. -->","yoast_head_json":{"title":"PSOL quer referendo sobre a reforma da Previd\u00eancia - PSOL 50","robots":{"index":"index","follow":"follow","max-snippet":"max-snippet:-1","max-image-preview":"max-image-preview:large","max-video-preview":"max-video-preview:-1"},"canonical":"https:\/\/psol50.org.br\/psol-quer-referendo-sobre-a-reforma-da-previdencia\/","og_locale":"pt_BR","og_type":"article","og_title":"PSOL quer referendo sobre a reforma da Previd\u00eancia - PSOL 50","og_description":"Ap\u00f3s aprovar em comiss\u00e3o especial, na noite dessa quarta-feira (3\/05), o parecer sobre a reforma da Previd\u00eancia &#8211; PSOL votou contra -, o pr\u00f3ximo passo de Michel Temer e sua base governista \u00e9 a vota\u00e7\u00e3o dos destaques do texto, que devem estar na agenda dos deputados\u00a0j\u00e1 na semana que vem. Dentre os destaques a serem [&hellip;]","og_url":"https:\/\/psol50.org.br\/psol-quer-referendo-sobre-a-reforma-da-previdencia\/","og_site_name":"PSOL 50","article_publisher":"https:\/\/www.facebook.com\/psol50","article_published_time":"2017-05-04T20:20:41+00:00","og_image":[{"width":816,"height":573,"url":"https:\/\/psol50.org.br\/inc\/uploads\/2017\/03\/Aposentados_EBC.jpg","type":"image\/jpeg"}],"author":"Comunica\u00e7\u00e3o PSOL","twitter_card":"summary_large_image","twitter_creator":"@psol50","twitter_site":"@psol50","twitter_misc":{"Escrito por":"Comunica\u00e7\u00e3o PSOL","Est. tempo de leitura":"2 minutos"},"schema":{"@context":"https:\/\/schema.org","@graph":[{"@type":"Article","@id":"https:\/\/psol50.org.br\/psol-quer-referendo-sobre-a-reforma-da-previdencia\/#article","isPartOf":{"@id":"https:\/\/psol50.org.br\/psol-quer-referendo-sobre-a-reforma-da-previdencia\/"},"author":{"name":"Comunica\u00e7\u00e3o PSOL","@id":"https:\/\/psol50.org.br\/#\/schema\/person\/475dfa57d0b815993c714c2e96491fcd"},"headline":"PSOL quer referendo sobre a reforma da Previd\u00eancia","datePublished":"2017-05-04T20:20:41+00:00","mainEntityOfPage":{"@id":"https:\/\/psol50.org.br\/psol-quer-referendo-sobre-a-reforma-da-previdencia\/"},"wordCount":320,"commentCount":0,"publisher":{"@id":"https:\/\/psol50.org.br\/#organization"},"image":{"@id":"https:\/\/psol50.org.br\/psol-quer-referendo-sobre-a-reforma-da-previdencia\/#primaryimage"},"thumbnailUrl":"https:\/\/psol50.org.br\/inc\/uploads\/2017\/03\/Aposentados_EBC.jpg","keywords":["Constitui\u00e7\u00e3o","Datafolha","Michel Temer","parecer","referendo","reforma da previd\u00eancia"],"articleSection":["A\u00e7\u00e3o Parlamentar","Brasil","Not\u00edcias","Partido"],"inLanguage":"pt-BR","potentialAction":[{"@type":"CommentAction","name":"Comment","target":["https:\/\/psol50.org.br\/psol-quer-referendo-sobre-a-reforma-da-previdencia\/#respond"]}]},{"@type":"WebPage","@id":"https:\/\/psol50.org.br\/psol-quer-referendo-sobre-a-reforma-da-previdencia\/","url":"https:\/\/psol50.org.br\/psol-quer-referendo-sobre-a-reforma-da-previdencia\/","name":"PSOL quer referendo sobre a reforma da Previd\u00eancia - PSOL 50","isPartOf":{"@id":"https:\/\/psol50.org.br\/#website"},"primaryImageOfPage":{"@id":"https:\/\/psol50.org.br\/psol-quer-referendo-sobre-a-reforma-da-previdencia\/#primaryimage"},"image":{"@id":"https:\/\/psol50.org.br\/psol-quer-referendo-sobre-a-reforma-da-previdencia\/#primaryimage"},"thumbnailUrl":"https:\/\/psol50.org.br\/inc\/uploads\/2017\/03\/Aposentados_EBC.jpg","datePublished":"2017-05-04T20:20:41+00:00","breadcrumb":{"@id":"https:\/\/psol50.org.br\/psol-quer-referendo-sobre-a-reforma-da-previdencia\/#breadcrumb"},"inLanguage":"pt-BR","potentialAction":[{"@type":"ReadAction","target":["https:\/\/psol50.org.br\/psol-quer-referendo-sobre-a-reforma-da-previdencia\/"]}]},{"@type":"ImageObject","inLanguage":"pt-BR","@id":"https:\/\/psol50.org.br\/psol-quer-referendo-sobre-a-reforma-da-previdencia\/#primaryimage","url":"https:\/\/psol50.org.br\/inc\/uploads\/2017\/03\/Aposentados_EBC.jpg","contentUrl":"https:\/\/psol50.org.br\/inc\/uploads\/2017\/03\/Aposentados_EBC.jpg","width":816,"height":573},{"@type":"BreadcrumbList","@id":"https:\/\/psol50.org.br\/psol-quer-referendo-sobre-a-reforma-da-previdencia\/#breadcrumb","itemListElement":[{"@type":"ListItem","position":1,"name":"In\u00edcio","item":"https:\/\/psol50.org.br\/"},{"@type":"ListItem","position":2,"name":"PSOL quer referendo sobre a reforma da Previd\u00eancia"}]},{"@type":"WebSite","@id":"https:\/\/psol50.org.br\/#website","url":"https:\/\/psol50.org.br\/","name":"PSOL 50","description":"Site oficial do Partido Socialismo e Liberdade","publisher":{"@id":"https:\/\/psol50.org.br\/#organization"},"alternateName":"PSOL50","potentialAction":[{"@type":"SearchAction","target":{"@type":"EntryPoint","urlTemplate":"https:\/\/psol50.org.br\/?s={search_term_string}"},"query-input":{"@type":"PropertyValueSpecification","valueRequired":true,"valueName":"search_term_string"}}],"inLanguage":"pt-BR"},{"@type":"Organization","@id":"https:\/\/psol50.org.br\/#organization","name":"PSOL 50","alternateName":"PSOL 50","url":"https:\/\/psol50.org.br\/","logo":{"@type":"ImageObject","inLanguage":"pt-BR","@id":"https:\/\/psol50.org.br\/#\/schema\/logo\/image\/","url":"https:\/\/psol50.org.br\/inc\/uploads\/2018\/07\/capa.png","contentUrl":"https:\/\/psol50.org.br\/inc\/uploads\/2018\/07\/capa.png","width":1350,"height":900,"caption":"PSOL 50"},"image":{"@id":"https:\/\/psol50.org.br\/#\/schema\/logo\/image\/"},"sameAs":["https:\/\/www.facebook.com\/psol50","https:\/\/x.com\/psol50","https:\/\/www.instagram.com\/psol50\/","https:\/\/www.youtube.com\/channel\/UC7SnJS5o1os7a6CaiNabzcg"]},{"@type":"Person","@id":"https:\/\/psol50.org.br\/#\/schema\/person\/475dfa57d0b815993c714c2e96491fcd","name":"Comunica\u00e7\u00e3o PSOL","image":{"@type":"ImageObject","inLanguage":"pt-BR","@id":"https:\/\/psol50.org.br\/#\/schema\/person\/image\/","url":"https:\/\/secure.gravatar.com\/avatar\/b34fc4f4e468a4e51785917065a3db57b841f5c95dba6ad8c73aaf8f66f8f9bf?s=96&d=mm&r=g","contentUrl":"https:\/\/secure.gravatar.com\/avatar\/b34fc4f4e468a4e51785917065a3db57b841f5c95dba6ad8c73aaf8f66f8f9bf?s=96&d=mm&r=g","caption":"Comunica\u00e7\u00e3o PSOL"}}]}},"_links":{"self":[{"href":"https:\/\/psol50.org.br\/rest\/wp\/v2\/posts\/16528","targetHints":{"allow":["GET"]}}],"collection":[{"href":"https:\/\/psol50.org.br\/rest\/wp\/v2\/posts"}],"about":[{"href":"https:\/\/psol50.org.br\/rest\/wp\/v2\/types\/post"}],"author":[{"embeddable":true,"href":"https:\/\/psol50.org.br\/rest\/wp\/v2\/users\/2"}],"replies":[{"embeddable":true,"href":"https:\/\/psol50.org.br\/rest\/wp\/v2\/comments?post=16528"}],"version-history":[{"count":0,"href":"https:\/\/psol50.org.br\/rest\/wp\/v2\/posts\/16528\/revisions"}],"wp:featuredmedia":[{"embeddable":true,"href":"https:\/\/psol50.org.br\/rest\/wp\/v2\/media\/15810"}],"wp:attachment":[{"href":"https:\/\/psol50.org.br\/rest\/wp\/v2\/media?parent=16528"}],"wp:term":[{"taxonomy":"category","embeddable":true,"href":"https:\/\/psol50.org.br\/rest\/wp\/v2\/categories?post=16528"},{"taxonomy":"post_tag","embeddable":true,"href":"https:\/\/psol50.org.br\/rest\/wp\/v2\/tags?post=16528"}],"curies":[{"name":"wp","href":"https:\/\/api.w.org\/{rel}","templated":true}]}}