{"id":16530,"date":"2017-05-05T13:19:05","date_gmt":"2017-05-05T13:19:05","guid":{"rendered":"http:\/\/www.psol50.org.br\/?p=16414"},"modified":"2017-05-05T13:19:05","modified_gmt":"2017-05-05T13:19:05","slug":"para-barrar-as-reformas-de-temer-centrais-sindicais-convocam-jornada-de-lutas","status":"publish","type":"post","link":"https:\/\/psol50.org.br\/para-barrar-as-reformas-de-temer-centrais-sindicais-convocam-jornada-de-lutas\/","title":{"rendered":"Para barrar as reformas de Temer, centrais sindicais convocam jornada de lutas"},"content":{"rendered":"<p>Em reuni\u00e3o realizada nesta quinta-feira (04\/05), em S\u00e3o Paulo, as centrais sindicais aprovaram um novo calend\u00e1rio de mobiliza\u00e7\u00e3o com o objetivo de ampliar as press\u00f5es contra as reformas da Previd\u00eancia e trabalhista. No encontro, que contou com as presen\u00e7as de dirigentes de centrais como a Intersindical-Central da Classe Trabalhadora, da CSP Conlutas e da CUT, foi feita uma avalia\u00e7\u00e3o sobre a greve geral do dia 28 de abril, que parou o pa\u00eds para dizer ao governo de Michel Temer que a classe trabalhadora n\u00e3o vai aceitar seus ataques a direitos hist\u00f3ricos. Na avalia\u00e7\u00e3o das centrais, os trabalhadores demonstraram sua disposi\u00e7\u00e3o em combater o desmonte da Previd\u00eancia Social, dos direitos trabalhistas e das organiza\u00e7\u00f5es sindicais.<\/p>\n<p>\u201cA forte paralisa\u00e7\u00e3o teve ades\u00e3o nas f\u00e1bricas, escolas, \u00f3rg\u00e3os p\u00fablicos, bancos, transportes urbanos, portos e outros setores da economia e teve o apoio de entidades da sociedade civil como a CNBB, a OAB, o Minist\u00e9rio P\u00fablico do Trabalho, associa\u00e7\u00f5es de magistrados e advogados trabalhistas, al\u00e9m do enorme apoio e simpatia da popula\u00e7\u00e3o, desde as grandes capitais at\u00e9 pequenas cidades do interior\u201d, ressaltam as centrais, em documento divulgado nesta quinta.<\/p>\n<figure id=\"attachment_16416\" aria-describedby=\"caption-attachment-16416\" style=\"width: 682px\" class=\"wp-caption aligncenter\"><img loading=\"lazy\" decoding=\"async\" class=\"wp-image-16416 \" src=\"http:\/\/www.psol50.org.br\/inc\/uploads\/2017\/05\/ForaTemer_Ninja.jpg\" alt=\"\" width=\"682\" height=\"383\" \/><figcaption id=\"caption-attachment-16416\" class=\"wp-caption-text\"><em>Foto: M\u00eddia Ninja<\/em><\/figcaption><\/figure>\n<p>Confira, abaixo, o calend\u00e1rio de lutas aprovado na reuni\u00e3o em S\u00e3o Paulo.<\/p>\n<p><strong>08 a 12 de maio<br \/>\n<\/strong>\u25aa\ufe0f Comitiva permanente de dirigentes sindicais no Congresso Nacional para pressionar os deputados e senadores e tamb\u00e9m atividades em suas bases eleitorais para que votem contra a retirada de direitos;<br \/>\n\u25aa\ufe0f Atividades na base sindicais e nas ruas para continuar e aprofundar o debate com os trabalhadores e a popula\u00e7\u00e3o, sobre os efeitos negativos para a toda sociedade e para o desenvolvimento econ\u00f4mico e social brasileiro.<\/p>\n<p><strong>15 a 19 de maio<br \/>\n<\/strong>\u25aa\ufe0f Ocupa Bras\u00edlia: As centrais sindicais chamam toda a sociedade brasileira, as diversas categorias de trabalhadores do campo e da cidade, os movimentos sociais e de cultura, a ocuparem Bras\u00edlia para reiterar que a popula\u00e7\u00e3o brasileira \u00e9 frontalmente contra a aprova\u00e7\u00e3o da Reforma da Previd\u00eancia, da Reforma Trabalhista e de toda e qualquer retirada de direitos;<br \/>\n\u25aa\ufe0f Marcha para Bras\u00edlia: em conjunto com as organiza\u00e7\u00f5es sindicais e sociais de todo o pa\u00eds, realizar uma grande manifesta\u00e7\u00e3o em Bras\u00edlia contra a retirada de direitos.<\/p>\n<p>As centrais tamb\u00e9m destacam a disposi\u00e7\u00e3o de organizar um movimento de paralisa\u00e7\u00e3o, caso as reformas continuem avan\u00e7ando mesmo ap\u00f3s a jornada de maio. \u201cSe isso ainda n\u00e3o bastar, as centrais sindicais assumem o compromisso de organizar um movimento ainda mais forte do que foi o 28 de abril. Por fim, as centrais sindicais aqui reunidas convocam todos os sindicatos de trabalhadores do Brasil para mobilizarem suas categorias para esse calend\u00e1rio de lutas\u201d, afirmam.<\/p>\n","protected":false},"excerpt":{"rendered":"<p>Em reuni\u00e3o realizada nesta quinta-feira (04\/05), em S\u00e3o Paulo, as centrais sindicais aprovaram um novo calend\u00e1rio de mobiliza\u00e7\u00e3o com o objetivo de ampliar as press\u00f5es contra as reformas da Previd\u00eancia e trabalhista. No encontro, que contou com as presen\u00e7as de dirigentes de centrais como a Intersindical-Central da Classe Trabalhadora, da CSP Conlutas e da CUT, [&hellip;]<\/p>\n","protected":false},"author":2,"featured_media":16501,"comment_status":"open","ping_status":"open","sticky":false,"template":"","format":"standard","meta":{"_acf_changed":false,"footnotes":""},"categories":[1882,1104,6],"tags":[1792,3173,2990,406,2169,1793,3174,3175,1748,39,1669],"class_list":{"0":"post-16530","1":"post","2":"type-post","3":"status-publish","4":"format-standard","5":"has-post-thumbnail","7":"category-brasil","8":"category-movimento","9":"category-noticias","10":"tag-centrais-sindicais","11":"tag-csp-conlutas","12":"tag-cut","13":"tag-direitos","14":"tag-fora-temer","15":"tag-greve-geral","16":"tag-intersindical-central-da-classe-trabalhadora","17":"tag-jornada-de-luta","18":"tag-michel-temer","19":"tag-reforma-da-previdencia","20":"tag-reforma-trabalhista"},"acf":[],"yoast_head":"<!-- This site is optimized with the Yoast SEO plugin v26.5 - https:\/\/yoast.com\/wordpress\/plugins\/seo\/ -->\n<title>Para barrar as reformas de Temer, centrais sindicais convocam jornada de lutas - PSOL 50<\/title>\n<meta name=\"robots\" content=\"index, follow, max-snippet:-1, max-image-preview:large, max-video-preview:-1\" \/>\n<link rel=\"canonical\" href=\"https:\/\/psol50.org.br\/para-barrar-as-reformas-de-temer-centrais-sindicais-convocam-jornada-de-lutas\/\" \/>\n<meta property=\"og:locale\" content=\"pt_BR\" \/>\n<meta property=\"og:type\" content=\"article\" \/>\n<meta property=\"og:title\" content=\"Para barrar as reformas de Temer, centrais sindicais convocam jornada de lutas - PSOL 50\" \/>\n<meta property=\"og:description\" content=\"Em reuni\u00e3o realizada nesta quinta-feira (04\/05), em S\u00e3o Paulo, as centrais sindicais aprovaram um novo calend\u00e1rio de mobiliza\u00e7\u00e3o com o objetivo de ampliar as press\u00f5es contra as reformas da Previd\u00eancia e trabalhista. No encontro, que contou com as presen\u00e7as de dirigentes de centrais como a Intersindical-Central da Classe Trabalhadora, da CSP Conlutas e da CUT, [&hellip;]\" \/>\n<meta property=\"og:url\" content=\"https:\/\/psol50.org.br\/para-barrar-as-reformas-de-temer-centrais-sindicais-convocam-jornada-de-lutas\/\" \/>\n<meta property=\"og:site_name\" content=\"PSOL 50\" \/>\n<meta property=\"article:publisher\" content=\"https:\/\/www.facebook.com\/psol50\" \/>\n<meta property=\"article:published_time\" content=\"2017-05-05T13:19:05+00:00\" \/>\n<meta property=\"og:image\" content=\"https:\/\/psol50.org.br\/inc\/uploads\/2018\/07\/capa.png\" \/>\n\t<meta property=\"og:image:width\" content=\"1350\" \/>\n\t<meta property=\"og:image:height\" content=\"900\" \/>\n\t<meta property=\"og:image:type\" content=\"image\/png\" \/>\n<meta name=\"author\" content=\"Comunica\u00e7\u00e3o PSOL\" \/>\n<meta name=\"twitter:card\" content=\"summary_large_image\" \/>\n<meta name=\"twitter:creator\" content=\"@psol50\" \/>\n<meta name=\"twitter:site\" content=\"@psol50\" \/>\n<meta name=\"twitter:label1\" content=\"Escrito por\" \/>\n\t<meta name=\"twitter:data1\" content=\"Comunica\u00e7\u00e3o PSOL\" \/>\n\t<meta name=\"twitter:label2\" content=\"Est. tempo de leitura\" \/>\n\t<meta name=\"twitter:data2\" content=\"2 minutos\" \/>\n<script type=\"application\/ld+json\" class=\"yoast-schema-graph\">{\"@context\":\"https:\/\/schema.org\",\"@graph\":[{\"@type\":\"Article\",\"@id\":\"https:\/\/psol50.org.br\/para-barrar-as-reformas-de-temer-centrais-sindicais-convocam-jornada-de-lutas\/#article\",\"isPartOf\":{\"@id\":\"https:\/\/psol50.org.br\/para-barrar-as-reformas-de-temer-centrais-sindicais-convocam-jornada-de-lutas\/\"},\"author\":{\"name\":\"Comunica\u00e7\u00e3o PSOL\",\"@id\":\"https:\/\/psol50.org.br\/#\/schema\/person\/475dfa57d0b815993c714c2e96491fcd\"},\"headline\":\"Para barrar as reformas de Temer, centrais sindicais convocam jornada de lutas\",\"datePublished\":\"2017-05-05T13:19:05+00:00\",\"mainEntityOfPage\":{\"@id\":\"https:\/\/psol50.org.br\/para-barrar-as-reformas-de-temer-centrais-sindicais-convocam-jornada-de-lutas\/\"},\"wordCount\":486,\"commentCount\":0,\"publisher\":{\"@id\":\"https:\/\/psol50.org.br\/#organization\"},\"image\":{\"@id\":\"https:\/\/psol50.org.br\/para-barrar-as-reformas-de-temer-centrais-sindicais-convocam-jornada-de-lutas\/#primaryimage\"},\"thumbnailUrl\":\"\",\"keywords\":[\"centrais sindicais\",\"CSP-Conlutas\",\"CUT\",\"direitos\",\"Fora Temer\",\"greve geral\",\"Intersindical - Central da Classe Trabalhadora\",\"jornada de luta\",\"Michel Temer\",\"reforma da previd\u00eancia\",\"reforma trabalhista\"],\"articleSection\":[\"Brasil\",\"Movimento\",\"Not\u00edcias\"],\"inLanguage\":\"pt-BR\",\"potentialAction\":[{\"@type\":\"CommentAction\",\"name\":\"Comment\",\"target\":[\"https:\/\/psol50.org.br\/para-barrar-as-reformas-de-temer-centrais-sindicais-convocam-jornada-de-lutas\/#respond\"]}]},{\"@type\":\"WebPage\",\"@id\":\"https:\/\/psol50.org.br\/para-barrar-as-reformas-de-temer-centrais-sindicais-convocam-jornada-de-lutas\/\",\"url\":\"https:\/\/psol50.org.br\/para-barrar-as-reformas-de-temer-centrais-sindicais-convocam-jornada-de-lutas\/\",\"name\":\"Para barrar as reformas de Temer, centrais sindicais convocam jornada de lutas - PSOL 50\",\"isPartOf\":{\"@id\":\"https:\/\/psol50.org.br\/#website\"},\"primaryImageOfPage\":{\"@id\":\"https:\/\/psol50.org.br\/para-barrar-as-reformas-de-temer-centrais-sindicais-convocam-jornada-de-lutas\/#primaryimage\"},\"image\":{\"@id\":\"https:\/\/psol50.org.br\/para-barrar-as-reformas-de-temer-centrais-sindicais-convocam-jornada-de-lutas\/#primaryimage\"},\"thumbnailUrl\":\"\",\"datePublished\":\"2017-05-05T13:19:05+00:00\",\"breadcrumb\":{\"@id\":\"https:\/\/psol50.org.br\/para-barrar-as-reformas-de-temer-centrais-sindicais-convocam-jornada-de-lutas\/#breadcrumb\"},\"inLanguage\":\"pt-BR\",\"potentialAction\":[{\"@type\":\"ReadAction\",\"target\":[\"https:\/\/psol50.org.br\/para-barrar-as-reformas-de-temer-centrais-sindicais-convocam-jornada-de-lutas\/\"]}]},{\"@type\":\"ImageObject\",\"inLanguage\":\"pt-BR\",\"@id\":\"https:\/\/psol50.org.br\/para-barrar-as-reformas-de-temer-centrais-sindicais-convocam-jornada-de-lutas\/#primaryimage\",\"url\":\"\",\"contentUrl\":\"\"},{\"@type\":\"BreadcrumbList\",\"@id\":\"https:\/\/psol50.org.br\/para-barrar-as-reformas-de-temer-centrais-sindicais-convocam-jornada-de-lutas\/#breadcrumb\",\"itemListElement\":[{\"@type\":\"ListItem\",\"position\":1,\"name\":\"In\u00edcio\",\"item\":\"https:\/\/psol50.org.br\/\"},{\"@type\":\"ListItem\",\"position\":2,\"name\":\"Para barrar as reformas de Temer, centrais sindicais convocam jornada de lutas\"}]},{\"@type\":\"WebSite\",\"@id\":\"https:\/\/psol50.org.br\/#website\",\"url\":\"https:\/\/psol50.org.br\/\",\"name\":\"PSOL 50\",\"description\":\"Site oficial do Partido Socialismo e Liberdade\",\"publisher\":{\"@id\":\"https:\/\/psol50.org.br\/#organization\"},\"alternateName\":\"PSOL50\",\"potentialAction\":[{\"@type\":\"SearchAction\",\"target\":{\"@type\":\"EntryPoint\",\"urlTemplate\":\"https:\/\/psol50.org.br\/?s={search_term_string}\"},\"query-input\":{\"@type\":\"PropertyValueSpecification\",\"valueRequired\":true,\"valueName\":\"search_term_string\"}}],\"inLanguage\":\"pt-BR\"},{\"@type\":\"Organization\",\"@id\":\"https:\/\/psol50.org.br\/#organization\",\"name\":\"PSOL 50\",\"alternateName\":\"PSOL 50\",\"url\":\"https:\/\/psol50.org.br\/\",\"logo\":{\"@type\":\"ImageObject\",\"inLanguage\":\"pt-BR\",\"@id\":\"https:\/\/psol50.org.br\/#\/schema\/logo\/image\/\",\"url\":\"https:\/\/psol50.org.br\/inc\/uploads\/2018\/07\/capa.png\",\"contentUrl\":\"https:\/\/psol50.org.br\/inc\/uploads\/2018\/07\/capa.png\",\"width\":1350,\"height\":900,\"caption\":\"PSOL 50\"},\"image\":{\"@id\":\"https:\/\/psol50.org.br\/#\/schema\/logo\/image\/\"},\"sameAs\":[\"https:\/\/www.facebook.com\/psol50\",\"https:\/\/x.com\/psol50\",\"https:\/\/www.instagram.com\/psol50\/\",\"https:\/\/www.youtube.com\/channel\/UC7SnJS5o1os7a6CaiNabzcg\"]},{\"@type\":\"Person\",\"@id\":\"https:\/\/psol50.org.br\/#\/schema\/person\/475dfa57d0b815993c714c2e96491fcd\",\"name\":\"Comunica\u00e7\u00e3o PSOL\",\"image\":{\"@type\":\"ImageObject\",\"inLanguage\":\"pt-BR\",\"@id\":\"https:\/\/psol50.org.br\/#\/schema\/person\/image\/\",\"url\":\"https:\/\/secure.gravatar.com\/avatar\/b34fc4f4e468a4e51785917065a3db57b841f5c95dba6ad8c73aaf8f66f8f9bf?s=96&d=mm&r=g\",\"contentUrl\":\"https:\/\/secure.gravatar.com\/avatar\/b34fc4f4e468a4e51785917065a3db57b841f5c95dba6ad8c73aaf8f66f8f9bf?s=96&d=mm&r=g\",\"caption\":\"Comunica\u00e7\u00e3o PSOL\"}}]}<\/script>\n<!-- \/ Yoast SEO plugin. -->","yoast_head_json":{"title":"Para barrar as reformas de Temer, centrais sindicais convocam jornada de lutas - PSOL 50","robots":{"index":"index","follow":"follow","max-snippet":"max-snippet:-1","max-image-preview":"max-image-preview:large","max-video-preview":"max-video-preview:-1"},"canonical":"https:\/\/psol50.org.br\/para-barrar-as-reformas-de-temer-centrais-sindicais-convocam-jornada-de-lutas\/","og_locale":"pt_BR","og_type":"article","og_title":"Para barrar as reformas de Temer, centrais sindicais convocam jornada de lutas - PSOL 50","og_description":"Em reuni\u00e3o realizada nesta quinta-feira (04\/05), em S\u00e3o Paulo, as centrais sindicais aprovaram um novo calend\u00e1rio de mobiliza\u00e7\u00e3o com o objetivo de ampliar as press\u00f5es contra as reformas da Previd\u00eancia e trabalhista. No encontro, que contou com as presen\u00e7as de dirigentes de centrais como a Intersindical-Central da Classe Trabalhadora, da CSP Conlutas e da CUT, [&hellip;]","og_url":"https:\/\/psol50.org.br\/para-barrar-as-reformas-de-temer-centrais-sindicais-convocam-jornada-de-lutas\/","og_site_name":"PSOL 50","article_publisher":"https:\/\/www.facebook.com\/psol50","article_published_time":"2017-05-05T13:19:05+00:00","og_image":[{"width":1350,"height":900,"url":"https:\/\/psol50.org.br\/inc\/uploads\/2018\/07\/capa.png","type":"image\/png"}],"author":"Comunica\u00e7\u00e3o PSOL","twitter_card":"summary_large_image","twitter_creator":"@psol50","twitter_site":"@psol50","twitter_misc":{"Escrito por":"Comunica\u00e7\u00e3o PSOL","Est. tempo de leitura":"2 minutos"},"schema":{"@context":"https:\/\/schema.org","@graph":[{"@type":"Article","@id":"https:\/\/psol50.org.br\/para-barrar-as-reformas-de-temer-centrais-sindicais-convocam-jornada-de-lutas\/#article","isPartOf":{"@id":"https:\/\/psol50.org.br\/para-barrar-as-reformas-de-temer-centrais-sindicais-convocam-jornada-de-lutas\/"},"author":{"name":"Comunica\u00e7\u00e3o PSOL","@id":"https:\/\/psol50.org.br\/#\/schema\/person\/475dfa57d0b815993c714c2e96491fcd"},"headline":"Para barrar as reformas de Temer, centrais sindicais convocam jornada de lutas","datePublished":"2017-05-05T13:19:05+00:00","mainEntityOfPage":{"@id":"https:\/\/psol50.org.br\/para-barrar-as-reformas-de-temer-centrais-sindicais-convocam-jornada-de-lutas\/"},"wordCount":486,"commentCount":0,"publisher":{"@id":"https:\/\/psol50.org.br\/#organization"},"image":{"@id":"https:\/\/psol50.org.br\/para-barrar-as-reformas-de-temer-centrais-sindicais-convocam-jornada-de-lutas\/#primaryimage"},"thumbnailUrl":"","keywords":["centrais sindicais","CSP-Conlutas","CUT","direitos","Fora Temer","greve geral","Intersindical - Central da Classe Trabalhadora","jornada de luta","Michel Temer","reforma da previd\u00eancia","reforma trabalhista"],"articleSection":["Brasil","Movimento","Not\u00edcias"],"inLanguage":"pt-BR","potentialAction":[{"@type":"CommentAction","name":"Comment","target":["https:\/\/psol50.org.br\/para-barrar-as-reformas-de-temer-centrais-sindicais-convocam-jornada-de-lutas\/#respond"]}]},{"@type":"WebPage","@id":"https:\/\/psol50.org.br\/para-barrar-as-reformas-de-temer-centrais-sindicais-convocam-jornada-de-lutas\/","url":"https:\/\/psol50.org.br\/para-barrar-as-reformas-de-temer-centrais-sindicais-convocam-jornada-de-lutas\/","name":"Para barrar as reformas de Temer, centrais sindicais convocam jornada de lutas - PSOL 50","isPartOf":{"@id":"https:\/\/psol50.org.br\/#website"},"primaryImageOfPage":{"@id":"https:\/\/psol50.org.br\/para-barrar-as-reformas-de-temer-centrais-sindicais-convocam-jornada-de-lutas\/#primaryimage"},"image":{"@id":"https:\/\/psol50.org.br\/para-barrar-as-reformas-de-temer-centrais-sindicais-convocam-jornada-de-lutas\/#primaryimage"},"thumbnailUrl":"","datePublished":"2017-05-05T13:19:05+00:00","breadcrumb":{"@id":"https:\/\/psol50.org.br\/para-barrar-as-reformas-de-temer-centrais-sindicais-convocam-jornada-de-lutas\/#breadcrumb"},"inLanguage":"pt-BR","potentialAction":[{"@type":"ReadAction","target":["https:\/\/psol50.org.br\/para-barrar-as-reformas-de-temer-centrais-sindicais-convocam-jornada-de-lutas\/"]}]},{"@type":"ImageObject","inLanguage":"pt-BR","@id":"https:\/\/psol50.org.br\/para-barrar-as-reformas-de-temer-centrais-sindicais-convocam-jornada-de-lutas\/#primaryimage","url":"","contentUrl":""},{"@type":"BreadcrumbList","@id":"https:\/\/psol50.org.br\/para-barrar-as-reformas-de-temer-centrais-sindicais-convocam-jornada-de-lutas\/#breadcrumb","itemListElement":[{"@type":"ListItem","position":1,"name":"In\u00edcio","item":"https:\/\/psol50.org.br\/"},{"@type":"ListItem","position":2,"name":"Para barrar as reformas de Temer, centrais sindicais convocam jornada de lutas"}]},{"@type":"WebSite","@id":"https:\/\/psol50.org.br\/#website","url":"https:\/\/psol50.org.br\/","name":"PSOL 50","description":"Site oficial do Partido Socialismo e Liberdade","publisher":{"@id":"https:\/\/psol50.org.br\/#organization"},"alternateName":"PSOL50","potentialAction":[{"@type":"SearchAction","target":{"@type":"EntryPoint","urlTemplate":"https:\/\/psol50.org.br\/?s={search_term_string}"},"query-input":{"@type":"PropertyValueSpecification","valueRequired":true,"valueName":"search_term_string"}}],"inLanguage":"pt-BR"},{"@type":"Organization","@id":"https:\/\/psol50.org.br\/#organization","name":"PSOL 50","alternateName":"PSOL 50","url":"https:\/\/psol50.org.br\/","logo":{"@type":"ImageObject","inLanguage":"pt-BR","@id":"https:\/\/psol50.org.br\/#\/schema\/logo\/image\/","url":"https:\/\/psol50.org.br\/inc\/uploads\/2018\/07\/capa.png","contentUrl":"https:\/\/psol50.org.br\/inc\/uploads\/2018\/07\/capa.png","width":1350,"height":900,"caption":"PSOL 50"},"image":{"@id":"https:\/\/psol50.org.br\/#\/schema\/logo\/image\/"},"sameAs":["https:\/\/www.facebook.com\/psol50","https:\/\/x.com\/psol50","https:\/\/www.instagram.com\/psol50\/","https:\/\/www.youtube.com\/channel\/UC7SnJS5o1os7a6CaiNabzcg"]},{"@type":"Person","@id":"https:\/\/psol50.org.br\/#\/schema\/person\/475dfa57d0b815993c714c2e96491fcd","name":"Comunica\u00e7\u00e3o PSOL","image":{"@type":"ImageObject","inLanguage":"pt-BR","@id":"https:\/\/psol50.org.br\/#\/schema\/person\/image\/","url":"https:\/\/secure.gravatar.com\/avatar\/b34fc4f4e468a4e51785917065a3db57b841f5c95dba6ad8c73aaf8f66f8f9bf?s=96&d=mm&r=g","contentUrl":"https:\/\/secure.gravatar.com\/avatar\/b34fc4f4e468a4e51785917065a3db57b841f5c95dba6ad8c73aaf8f66f8f9bf?s=96&d=mm&r=g","caption":"Comunica\u00e7\u00e3o PSOL"}}]}},"_links":{"self":[{"href":"https:\/\/psol50.org.br\/rest\/wp\/v2\/posts\/16530","targetHints":{"allow":["GET"]}}],"collection":[{"href":"https:\/\/psol50.org.br\/rest\/wp\/v2\/posts"}],"about":[{"href":"https:\/\/psol50.org.br\/rest\/wp\/v2\/types\/post"}],"author":[{"embeddable":true,"href":"https:\/\/psol50.org.br\/rest\/wp\/v2\/users\/2"}],"replies":[{"embeddable":true,"href":"https:\/\/psol50.org.br\/rest\/wp\/v2\/comments?post=16530"}],"version-history":[{"count":0,"href":"https:\/\/psol50.org.br\/rest\/wp\/v2\/posts\/16530\/revisions"}],"wp:featuredmedia":[{"embeddable":true,"href":"https:\/\/psol50.org.br\/rest\/"}],"wp:attachment":[{"href":"https:\/\/psol50.org.br\/rest\/wp\/v2\/media?parent=16530"}],"wp:term":[{"taxonomy":"category","embeddable":true,"href":"https:\/\/psol50.org.br\/rest\/wp\/v2\/categories?post=16530"},{"taxonomy":"post_tag","embeddable":true,"href":"https:\/\/psol50.org.br\/rest\/wp\/v2\/tags?post=16530"}],"curies":[{"name":"wp","href":"https:\/\/api.w.org\/{rel}","templated":true}]}}