{"id":16531,"date":"2017-05-05T15:12:51","date_gmt":"2017-05-05T15:12:51","guid":{"rendered":"http:\/\/www.psol50.org.br\/?p=16420"},"modified":"2017-05-05T15:12:51","modified_gmt":"2017-05-05T15:12:51","slug":"devedores-do-fisco-terao-beneficio-em-troca-de-apoio-a-reforma-da-previdencia","status":"publish","type":"post","link":"https:\/\/psol50.org.br\/devedores-do-fisco-terao-beneficio-em-troca-de-apoio-a-reforma-da-previdencia\/","title":{"rendered":"Devedores do fisco ter\u00e3o benef\u00edcio em troca de apoio \u00e0 reforma da Previd\u00eancia"},"content":{"rendered":"<p>O governo de Michel Temer n\u00e3o esconde, h\u00e1 muito tempo, que \u00e9 capaz de lan\u00e7ar m\u00e3o de qualquer recurso para conseguir aprovar suas reformas em tramita\u00e7\u00e3o no Congresso Nacional, em especial a da Previd\u00eancia, o eixo de seu ajuste fiscal, mas ainda com resist\u00eancia at\u00e9 mesmo de aliados. Ciente que a situa\u00e7\u00e3o do Pal\u00e1cio do Planalto n\u00e3o est\u00e1 f\u00e1cil nessa jornada, especialmente com a press\u00e3o que vem das ruas contra a retirada de direitos, o Pal\u00e1cio do Planalto a cada novo dia retira da manga uma carta para tentar salvar seus planos.<\/p>\n<p>Ap\u00f3s anunciar que vai exonerar ministros para assumir suas respectivas vagas de deputados na vota\u00e7\u00e3o da PEC 287\/2016 em plen\u00e1rio, agora Temer oferece benef\u00edcios a empresas e produtores rurais com d\u00edvidas altas com o fisco. O objetivo \u00e9 ampliar o apoio \u00e0 reforma, sem fazer mais altera\u00e7\u00f5es na proposta.<\/p>\n<p>Para viabilizar a oferta aos devedores, uma comiss\u00e3o mista do Congresso aprovou, nesta semana, algumas mudan\u00e7as no programa de regulariza\u00e7\u00e3o de d\u00e9bitos fiscais. Segundo reportagem do jornal <em>Folha de S. Paulo<\/em>, a nova vers\u00e3o amplia o prazo de parcelamento das d\u00edvidas de 10 para 20 anos e d\u00e1 descontos nas multas e juros que podem chegar a 90%. Al\u00e9m disso, retira a multa prevista em casos que forem levados ao Carf (Conselho Administrativo de Recursos Fiscais). As empresas recorrem ao Conselho quando discordam de autua\u00e7\u00f5es do fisco.<\/p>\n<p>Para os produtores rurais, e cedendo \u00e0 press\u00e3o da bancada ruralista, tamb\u00e9m foi inclu\u00edda a possibilidade de parcelamento de R$ 26 bilh\u00f5es em d\u00edvidas com o Funrural (Fundo de Assist\u00eancia ao Trabalhador Rural). Empresas em recupera\u00e7\u00e3o judicial tamb\u00e9m poder\u00e3o parcelar d\u00e9bitos.<\/p>\n<p>Tais medidas apontam que o governo ileg\u00edtimo n\u00e3o tem qualquer pudor em rela\u00e7\u00e3o ao seu prop\u00f3sito de acabar com os direitos da popula\u00e7\u00e3o brasileira. Enquanto insiste na fal\u00e1cia do d\u00e9ficit da Previd\u00eancia, para justificar sua reforma absurda, ele oferece contrapartidas a quem realmente tem d\u00edvida com o pa\u00eds. Se cobrasse efetivamente de todos os devedores, sobrariam recursos para investir em \u00e1reas sociais e na Seguridade Social \u2013 formada pelo trip\u00e9 Sa\u00fade, Assist\u00eancia Social e Previd\u00eancia \u2013 sem prejudicar a aposentadoria dos trabalhadores.<\/p>\n<p><a href=\"http:\/\/www1.folha.uol.com.br\/mercado\/2017\/05\/1881252-governo-oferece-beneficio-a-devedor-do-fisco-para-garantir-apoio-a-reforma.shtml\" target=\"_blank\" rel=\"noopener noreferrer\"><strong><span style=\"color: #0000ff;\">Leia a reportagem completa<\/span><\/strong><\/a>.<\/p>\n","protected":false},"excerpt":{"rendered":"<p>O governo de Michel Temer n\u00e3o esconde, h\u00e1 muito tempo, que \u00e9 capaz de lan\u00e7ar m\u00e3o de qualquer recurso para conseguir aprovar suas reformas em tramita\u00e7\u00e3o no Congresso Nacional, em especial a da Previd\u00eancia, o eixo de seu ajuste fiscal, mas ainda com resist\u00eancia at\u00e9 mesmo de aliados. Ciente que a situa\u00e7\u00e3o do Pal\u00e1cio do [&hellip;]<\/p>\n","protected":false},"author":2,"featured_media":16502,"comment_status":"open","ping_status":"open","sticky":false,"template":"","format":"standard","meta":{"_acf_changed":false,"footnotes":""},"categories":[1882,6],"tags":[3176,3177,3178,133,3179,387,1748,3180,39],"class_list":{"0":"post-16531","1":"post","2":"type-post","3":"status-publish","4":"format-standard","5":"has-post-thumbnail","7":"category-brasil","8":"category-noticias","9":"tag-beneficios","10":"tag-debitos-fiscais","11":"tag-devedores","12":"tag-empresas","13":"tag-fisco","14":"tag-governo","15":"tag-michel-temer","16":"tag-produtores-rurais","17":"tag-reforma-da-previdencia"},"acf":[],"yoast_head":"<!-- This site is optimized with the Yoast SEO plugin v26.5 - https:\/\/yoast.com\/wordpress\/plugins\/seo\/ -->\n<title>Devedores do fisco ter\u00e3o benef\u00edcio em troca de apoio \u00e0 reforma da Previd\u00eancia - PSOL 50<\/title>\n<meta name=\"robots\" content=\"index, follow, max-snippet:-1, max-image-preview:large, max-video-preview:-1\" \/>\n<link rel=\"canonical\" href=\"https:\/\/psol50.org.br\/devedores-do-fisco-terao-beneficio-em-troca-de-apoio-a-reforma-da-previdencia\/\" \/>\n<meta property=\"og:locale\" content=\"pt_BR\" \/>\n<meta property=\"og:type\" content=\"article\" \/>\n<meta property=\"og:title\" content=\"Devedores do fisco ter\u00e3o benef\u00edcio em troca de apoio \u00e0 reforma da Previd\u00eancia - PSOL 50\" \/>\n<meta property=\"og:description\" content=\"O governo de Michel Temer n\u00e3o esconde, h\u00e1 muito tempo, que \u00e9 capaz de lan\u00e7ar m\u00e3o de qualquer recurso para conseguir aprovar suas reformas em tramita\u00e7\u00e3o no Congresso Nacional, em especial a da Previd\u00eancia, o eixo de seu ajuste fiscal, mas ainda com resist\u00eancia at\u00e9 mesmo de aliados. Ciente que a situa\u00e7\u00e3o do Pal\u00e1cio do [&hellip;]\" \/>\n<meta property=\"og:url\" content=\"https:\/\/psol50.org.br\/devedores-do-fisco-terao-beneficio-em-troca-de-apoio-a-reforma-da-previdencia\/\" \/>\n<meta property=\"og:site_name\" content=\"PSOL 50\" \/>\n<meta property=\"article:publisher\" content=\"https:\/\/www.facebook.com\/psol50\" \/>\n<meta property=\"article:published_time\" content=\"2017-05-05T15:12:51+00:00\" \/>\n<meta property=\"og:image\" content=\"https:\/\/psol50.org.br\/inc\/uploads\/2018\/07\/capa.png\" \/>\n\t<meta property=\"og:image:width\" content=\"1350\" \/>\n\t<meta property=\"og:image:height\" content=\"900\" \/>\n\t<meta property=\"og:image:type\" content=\"image\/png\" \/>\n<meta name=\"author\" content=\"Comunica\u00e7\u00e3o PSOL\" \/>\n<meta name=\"twitter:card\" content=\"summary_large_image\" \/>\n<meta name=\"twitter:creator\" content=\"@psol50\" \/>\n<meta name=\"twitter:site\" content=\"@psol50\" \/>\n<meta name=\"twitter:label1\" content=\"Escrito por\" \/>\n\t<meta name=\"twitter:data1\" content=\"Comunica\u00e7\u00e3o PSOL\" \/>\n\t<meta name=\"twitter:label2\" content=\"Est. tempo de leitura\" \/>\n\t<meta name=\"twitter:data2\" content=\"2 minutos\" \/>\n<script type=\"application\/ld+json\" class=\"yoast-schema-graph\">{\"@context\":\"https:\/\/schema.org\",\"@graph\":[{\"@type\":\"Article\",\"@id\":\"https:\/\/psol50.org.br\/devedores-do-fisco-terao-beneficio-em-troca-de-apoio-a-reforma-da-previdencia\/#article\",\"isPartOf\":{\"@id\":\"https:\/\/psol50.org.br\/devedores-do-fisco-terao-beneficio-em-troca-de-apoio-a-reforma-da-previdencia\/\"},\"author\":{\"name\":\"Comunica\u00e7\u00e3o PSOL\",\"@id\":\"https:\/\/psol50.org.br\/#\/schema\/person\/475dfa57d0b815993c714c2e96491fcd\"},\"headline\":\"Devedores do fisco ter\u00e3o benef\u00edcio em troca de apoio \u00e0 reforma da Previd\u00eancia\",\"datePublished\":\"2017-05-05T15:12:51+00:00\",\"mainEntityOfPage\":{\"@id\":\"https:\/\/psol50.org.br\/devedores-do-fisco-terao-beneficio-em-troca-de-apoio-a-reforma-da-previdencia\/\"},\"wordCount\":408,\"commentCount\":0,\"publisher\":{\"@id\":\"https:\/\/psol50.org.br\/#organization\"},\"image\":{\"@id\":\"https:\/\/psol50.org.br\/devedores-do-fisco-terao-beneficio-em-troca-de-apoio-a-reforma-da-previdencia\/#primaryimage\"},\"thumbnailUrl\":\"\",\"keywords\":[\"benef\u00edcios\",\"d\u00e9bitos fiscais\",\"devedores\",\"empresas\",\"fisco\",\"governo\",\"Michel Temer\",\"produtores rurais\",\"reforma da previd\u00eancia\"],\"articleSection\":[\"Brasil\",\"Not\u00edcias\"],\"inLanguage\":\"pt-BR\",\"potentialAction\":[{\"@type\":\"CommentAction\",\"name\":\"Comment\",\"target\":[\"https:\/\/psol50.org.br\/devedores-do-fisco-terao-beneficio-em-troca-de-apoio-a-reforma-da-previdencia\/#respond\"]}]},{\"@type\":\"WebPage\",\"@id\":\"https:\/\/psol50.org.br\/devedores-do-fisco-terao-beneficio-em-troca-de-apoio-a-reforma-da-previdencia\/\",\"url\":\"https:\/\/psol50.org.br\/devedores-do-fisco-terao-beneficio-em-troca-de-apoio-a-reforma-da-previdencia\/\",\"name\":\"Devedores do fisco ter\u00e3o benef\u00edcio em troca de apoio \u00e0 reforma da Previd\u00eancia - PSOL 50\",\"isPartOf\":{\"@id\":\"https:\/\/psol50.org.br\/#website\"},\"primaryImageOfPage\":{\"@id\":\"https:\/\/psol50.org.br\/devedores-do-fisco-terao-beneficio-em-troca-de-apoio-a-reforma-da-previdencia\/#primaryimage\"},\"image\":{\"@id\":\"https:\/\/psol50.org.br\/devedores-do-fisco-terao-beneficio-em-troca-de-apoio-a-reforma-da-previdencia\/#primaryimage\"},\"thumbnailUrl\":\"\",\"datePublished\":\"2017-05-05T15:12:51+00:00\",\"breadcrumb\":{\"@id\":\"https:\/\/psol50.org.br\/devedores-do-fisco-terao-beneficio-em-troca-de-apoio-a-reforma-da-previdencia\/#breadcrumb\"},\"inLanguage\":\"pt-BR\",\"potentialAction\":[{\"@type\":\"ReadAction\",\"target\":[\"https:\/\/psol50.org.br\/devedores-do-fisco-terao-beneficio-em-troca-de-apoio-a-reforma-da-previdencia\/\"]}]},{\"@type\":\"ImageObject\",\"inLanguage\":\"pt-BR\",\"@id\":\"https:\/\/psol50.org.br\/devedores-do-fisco-terao-beneficio-em-troca-de-apoio-a-reforma-da-previdencia\/#primaryimage\",\"url\":\"\",\"contentUrl\":\"\"},{\"@type\":\"BreadcrumbList\",\"@id\":\"https:\/\/psol50.org.br\/devedores-do-fisco-terao-beneficio-em-troca-de-apoio-a-reforma-da-previdencia\/#breadcrumb\",\"itemListElement\":[{\"@type\":\"ListItem\",\"position\":1,\"name\":\"In\u00edcio\",\"item\":\"https:\/\/psol50.org.br\/\"},{\"@type\":\"ListItem\",\"position\":2,\"name\":\"Devedores do fisco ter\u00e3o benef\u00edcio em troca de apoio \u00e0 reforma da Previd\u00eancia\"}]},{\"@type\":\"WebSite\",\"@id\":\"https:\/\/psol50.org.br\/#website\",\"url\":\"https:\/\/psol50.org.br\/\",\"name\":\"PSOL 50\",\"description\":\"Site oficial do Partido Socialismo e Liberdade\",\"publisher\":{\"@id\":\"https:\/\/psol50.org.br\/#organization\"},\"alternateName\":\"PSOL50\",\"potentialAction\":[{\"@type\":\"SearchAction\",\"target\":{\"@type\":\"EntryPoint\",\"urlTemplate\":\"https:\/\/psol50.org.br\/?s={search_term_string}\"},\"query-input\":{\"@type\":\"PropertyValueSpecification\",\"valueRequired\":true,\"valueName\":\"search_term_string\"}}],\"inLanguage\":\"pt-BR\"},{\"@type\":\"Organization\",\"@id\":\"https:\/\/psol50.org.br\/#organization\",\"name\":\"PSOL 50\",\"alternateName\":\"PSOL 50\",\"url\":\"https:\/\/psol50.org.br\/\",\"logo\":{\"@type\":\"ImageObject\",\"inLanguage\":\"pt-BR\",\"@id\":\"https:\/\/psol50.org.br\/#\/schema\/logo\/image\/\",\"url\":\"https:\/\/psol50.org.br\/inc\/uploads\/2018\/07\/capa.png\",\"contentUrl\":\"https:\/\/psol50.org.br\/inc\/uploads\/2018\/07\/capa.png\",\"width\":1350,\"height\":900,\"caption\":\"PSOL 50\"},\"image\":{\"@id\":\"https:\/\/psol50.org.br\/#\/schema\/logo\/image\/\"},\"sameAs\":[\"https:\/\/www.facebook.com\/psol50\",\"https:\/\/x.com\/psol50\",\"https:\/\/www.instagram.com\/psol50\/\",\"https:\/\/www.youtube.com\/channel\/UC7SnJS5o1os7a6CaiNabzcg\"]},{\"@type\":\"Person\",\"@id\":\"https:\/\/psol50.org.br\/#\/schema\/person\/475dfa57d0b815993c714c2e96491fcd\",\"name\":\"Comunica\u00e7\u00e3o PSOL\",\"image\":{\"@type\":\"ImageObject\",\"inLanguage\":\"pt-BR\",\"@id\":\"https:\/\/psol50.org.br\/#\/schema\/person\/image\/\",\"url\":\"https:\/\/secure.gravatar.com\/avatar\/b34fc4f4e468a4e51785917065a3db57b841f5c95dba6ad8c73aaf8f66f8f9bf?s=96&d=mm&r=g\",\"contentUrl\":\"https:\/\/secure.gravatar.com\/avatar\/b34fc4f4e468a4e51785917065a3db57b841f5c95dba6ad8c73aaf8f66f8f9bf?s=96&d=mm&r=g\",\"caption\":\"Comunica\u00e7\u00e3o PSOL\"}}]}<\/script>\n<!-- \/ Yoast SEO plugin. -->","yoast_head_json":{"title":"Devedores do fisco ter\u00e3o benef\u00edcio em troca de apoio \u00e0 reforma da Previd\u00eancia - PSOL 50","robots":{"index":"index","follow":"follow","max-snippet":"max-snippet:-1","max-image-preview":"max-image-preview:large","max-video-preview":"max-video-preview:-1"},"canonical":"https:\/\/psol50.org.br\/devedores-do-fisco-terao-beneficio-em-troca-de-apoio-a-reforma-da-previdencia\/","og_locale":"pt_BR","og_type":"article","og_title":"Devedores do fisco ter\u00e3o benef\u00edcio em troca de apoio \u00e0 reforma da Previd\u00eancia - PSOL 50","og_description":"O governo de Michel Temer n\u00e3o esconde, h\u00e1 muito tempo, que \u00e9 capaz de lan\u00e7ar m\u00e3o de qualquer recurso para conseguir aprovar suas reformas em tramita\u00e7\u00e3o no Congresso Nacional, em especial a da Previd\u00eancia, o eixo de seu ajuste fiscal, mas ainda com resist\u00eancia at\u00e9 mesmo de aliados. Ciente que a situa\u00e7\u00e3o do Pal\u00e1cio do [&hellip;]","og_url":"https:\/\/psol50.org.br\/devedores-do-fisco-terao-beneficio-em-troca-de-apoio-a-reforma-da-previdencia\/","og_site_name":"PSOL 50","article_publisher":"https:\/\/www.facebook.com\/psol50","article_published_time":"2017-05-05T15:12:51+00:00","og_image":[{"width":1350,"height":900,"url":"https:\/\/psol50.org.br\/inc\/uploads\/2018\/07\/capa.png","type":"image\/png"}],"author":"Comunica\u00e7\u00e3o PSOL","twitter_card":"summary_large_image","twitter_creator":"@psol50","twitter_site":"@psol50","twitter_misc":{"Escrito por":"Comunica\u00e7\u00e3o PSOL","Est. tempo de leitura":"2 minutos"},"schema":{"@context":"https:\/\/schema.org","@graph":[{"@type":"Article","@id":"https:\/\/psol50.org.br\/devedores-do-fisco-terao-beneficio-em-troca-de-apoio-a-reforma-da-previdencia\/#article","isPartOf":{"@id":"https:\/\/psol50.org.br\/devedores-do-fisco-terao-beneficio-em-troca-de-apoio-a-reforma-da-previdencia\/"},"author":{"name":"Comunica\u00e7\u00e3o PSOL","@id":"https:\/\/psol50.org.br\/#\/schema\/person\/475dfa57d0b815993c714c2e96491fcd"},"headline":"Devedores do fisco ter\u00e3o benef\u00edcio em troca de apoio \u00e0 reforma da Previd\u00eancia","datePublished":"2017-05-05T15:12:51+00:00","mainEntityOfPage":{"@id":"https:\/\/psol50.org.br\/devedores-do-fisco-terao-beneficio-em-troca-de-apoio-a-reforma-da-previdencia\/"},"wordCount":408,"commentCount":0,"publisher":{"@id":"https:\/\/psol50.org.br\/#organization"},"image":{"@id":"https:\/\/psol50.org.br\/devedores-do-fisco-terao-beneficio-em-troca-de-apoio-a-reforma-da-previdencia\/#primaryimage"},"thumbnailUrl":"","keywords":["benef\u00edcios","d\u00e9bitos fiscais","devedores","empresas","fisco","governo","Michel Temer","produtores rurais","reforma da previd\u00eancia"],"articleSection":["Brasil","Not\u00edcias"],"inLanguage":"pt-BR","potentialAction":[{"@type":"CommentAction","name":"Comment","target":["https:\/\/psol50.org.br\/devedores-do-fisco-terao-beneficio-em-troca-de-apoio-a-reforma-da-previdencia\/#respond"]}]},{"@type":"WebPage","@id":"https:\/\/psol50.org.br\/devedores-do-fisco-terao-beneficio-em-troca-de-apoio-a-reforma-da-previdencia\/","url":"https:\/\/psol50.org.br\/devedores-do-fisco-terao-beneficio-em-troca-de-apoio-a-reforma-da-previdencia\/","name":"Devedores do fisco ter\u00e3o benef\u00edcio em troca de apoio \u00e0 reforma da Previd\u00eancia - PSOL 50","isPartOf":{"@id":"https:\/\/psol50.org.br\/#website"},"primaryImageOfPage":{"@id":"https:\/\/psol50.org.br\/devedores-do-fisco-terao-beneficio-em-troca-de-apoio-a-reforma-da-previdencia\/#primaryimage"},"image":{"@id":"https:\/\/psol50.org.br\/devedores-do-fisco-terao-beneficio-em-troca-de-apoio-a-reforma-da-previdencia\/#primaryimage"},"thumbnailUrl":"","datePublished":"2017-05-05T15:12:51+00:00","breadcrumb":{"@id":"https:\/\/psol50.org.br\/devedores-do-fisco-terao-beneficio-em-troca-de-apoio-a-reforma-da-previdencia\/#breadcrumb"},"inLanguage":"pt-BR","potentialAction":[{"@type":"ReadAction","target":["https:\/\/psol50.org.br\/devedores-do-fisco-terao-beneficio-em-troca-de-apoio-a-reforma-da-previdencia\/"]}]},{"@type":"ImageObject","inLanguage":"pt-BR","@id":"https:\/\/psol50.org.br\/devedores-do-fisco-terao-beneficio-em-troca-de-apoio-a-reforma-da-previdencia\/#primaryimage","url":"","contentUrl":""},{"@type":"BreadcrumbList","@id":"https:\/\/psol50.org.br\/devedores-do-fisco-terao-beneficio-em-troca-de-apoio-a-reforma-da-previdencia\/#breadcrumb","itemListElement":[{"@type":"ListItem","position":1,"name":"In\u00edcio","item":"https:\/\/psol50.org.br\/"},{"@type":"ListItem","position":2,"name":"Devedores do fisco ter\u00e3o benef\u00edcio em troca de apoio \u00e0 reforma da Previd\u00eancia"}]},{"@type":"WebSite","@id":"https:\/\/psol50.org.br\/#website","url":"https:\/\/psol50.org.br\/","name":"PSOL 50","description":"Site oficial do Partido Socialismo e Liberdade","publisher":{"@id":"https:\/\/psol50.org.br\/#organization"},"alternateName":"PSOL50","potentialAction":[{"@type":"SearchAction","target":{"@type":"EntryPoint","urlTemplate":"https:\/\/psol50.org.br\/?s={search_term_string}"},"query-input":{"@type":"PropertyValueSpecification","valueRequired":true,"valueName":"search_term_string"}}],"inLanguage":"pt-BR"},{"@type":"Organization","@id":"https:\/\/psol50.org.br\/#organization","name":"PSOL 50","alternateName":"PSOL 50","url":"https:\/\/psol50.org.br\/","logo":{"@type":"ImageObject","inLanguage":"pt-BR","@id":"https:\/\/psol50.org.br\/#\/schema\/logo\/image\/","url":"https:\/\/psol50.org.br\/inc\/uploads\/2018\/07\/capa.png","contentUrl":"https:\/\/psol50.org.br\/inc\/uploads\/2018\/07\/capa.png","width":1350,"height":900,"caption":"PSOL 50"},"image":{"@id":"https:\/\/psol50.org.br\/#\/schema\/logo\/image\/"},"sameAs":["https:\/\/www.facebook.com\/psol50","https:\/\/x.com\/psol50","https:\/\/www.instagram.com\/psol50\/","https:\/\/www.youtube.com\/channel\/UC7SnJS5o1os7a6CaiNabzcg"]},{"@type":"Person","@id":"https:\/\/psol50.org.br\/#\/schema\/person\/475dfa57d0b815993c714c2e96491fcd","name":"Comunica\u00e7\u00e3o PSOL","image":{"@type":"ImageObject","inLanguage":"pt-BR","@id":"https:\/\/psol50.org.br\/#\/schema\/person\/image\/","url":"https:\/\/secure.gravatar.com\/avatar\/b34fc4f4e468a4e51785917065a3db57b841f5c95dba6ad8c73aaf8f66f8f9bf?s=96&d=mm&r=g","contentUrl":"https:\/\/secure.gravatar.com\/avatar\/b34fc4f4e468a4e51785917065a3db57b841f5c95dba6ad8c73aaf8f66f8f9bf?s=96&d=mm&r=g","caption":"Comunica\u00e7\u00e3o PSOL"}}]}},"_links":{"self":[{"href":"https:\/\/psol50.org.br\/rest\/wp\/v2\/posts\/16531","targetHints":{"allow":["GET"]}}],"collection":[{"href":"https:\/\/psol50.org.br\/rest\/wp\/v2\/posts"}],"about":[{"href":"https:\/\/psol50.org.br\/rest\/wp\/v2\/types\/post"}],"author":[{"embeddable":true,"href":"https:\/\/psol50.org.br\/rest\/wp\/v2\/users\/2"}],"replies":[{"embeddable":true,"href":"https:\/\/psol50.org.br\/rest\/wp\/v2\/comments?post=16531"}],"version-history":[{"count":0,"href":"https:\/\/psol50.org.br\/rest\/wp\/v2\/posts\/16531\/revisions"}],"wp:featuredmedia":[{"embeddable":true,"href":"https:\/\/psol50.org.br\/rest\/"}],"wp:attachment":[{"href":"https:\/\/psol50.org.br\/rest\/wp\/v2\/media?parent=16531"}],"wp:term":[{"taxonomy":"category","embeddable":true,"href":"https:\/\/psol50.org.br\/rest\/wp\/v2\/categories?post=16531"},{"taxonomy":"post_tag","embeddable":true,"href":"https:\/\/psol50.org.br\/rest\/wp\/v2\/tags?post=16531"}],"curies":[{"name":"wp","href":"https:\/\/api.w.org\/{rel}","templated":true}]}}