{"id":1657,"date":"2011-10-29T00:00:00","date_gmt":"2011-10-29T00:00:00","guid":{"rendered":"http:\/\/psol50.org.br\/arquivo\/2011\/10\/29\/psol-de-belem-elege-nova-direcao-e-abre-o-debate-sobre-as-eleicoes-de-2012\/"},"modified":"2011-10-29T00:00:00","modified_gmt":"2011-10-29T00:00:00","slug":"psol-de-belem-elege-nova-direcao-e-abre-o-debate-sobre-as-eleicoes-de-2012","status":"publish","type":"post","link":"https:\/\/psol50.org.br\/psol-de-belem-elege-nova-direcao-e-abre-o-debate-sobre-as-eleicoes-de-2012\/","title":{"rendered":"PSOL de Bel\u00e9m elege nova dire\u00e7\u00e3o e abre o debate sobre as elei\u00e7\u00f5es de 2012"},"content":{"rendered":"<figure id=\"attachment_11751\" aria-describedby=\"caption-attachment-11751\" style=\"width: 400px\" class=\"wp-caption aligncenter\"><a href=\"http:\/\/psol50.org.br\/blog\/2011\/10\/29\/psol-de-belem-elege-nova-direcao-e-abre-o-debate-sobre-as-eleicoes-de-2012\/araceli_pa\/\" rel=\"attachment wp-att-11751\"><img loading=\"lazy\" decoding=\"async\" class=\"size-full wp-image-11751\" src=\"http:\/\/psol50.org.br\/files\/2011\/10\/Araceli_PA.jpg\" alt=\"\" width=\"400\" height=\"300\" \/><\/a><figcaption id=\"caption-attachment-11751\" class=\"wp-caption-text\">Araceli Lemos \u00e9 a nova presidenta do PSOL de Bel\u00e9m\/PA<\/figcaption><\/figure>\n<p style=\"text-align: justify\"><em><strong>O PSOL Bel\u00e9m realizou neste s\u00e1bado (29.10), o seu 3\u00ba Congresso Municipal.<\/strong><\/em> Segundo seus organizadores, o processo de mobiliza\u00e7\u00e3o envolveu mais de mil militantes, 600 deles aptos a votar, nas diversas plen\u00e1rias em v\u00e1rios distritos de Bel\u00e9m.<\/p>\n<p>O Congresso aprovou um conjunto de resolu\u00e7\u00f5es, mo\u00e7\u00f5es e diretrizes para a atua\u00e7\u00e3o do partido no pr\u00f3ximo per\u00edodo. Umas das discuss\u00f5es era em rela\u00e7\u00e3o \u00e0 indica\u00e7\u00e3o do nome do deputado estadual mais votado da hist\u00f3ria do Par\u00e1, Edmilson Rodrigues, ex-prefeito de Bel\u00e9m, \u00e0 disputa da prefeitura no pr\u00f3ximo pleito eleitoral. Nome melhor avaliado em todos os cen\u00e1rios de disputa, segundo pesquisas que circulam nos bastidores da pol\u00edtica. A decis\u00e3o, no entanto, respeitando os ritos partid\u00e1rios e visando qualificar a discuss\u00e3o, foi adiada at\u00e9 a Confer\u00eancia Eleitoral que a legenda pretende realizar em meados do pr\u00f3ximo ano.<\/p>\n<p><strong>Reconquistar Bel\u00e9m<\/strong><br \/>\nPresente ao encontro, o deputado Edmilson afirmou que sua eventual candidatura \u00e9 uma possibilidade a ser considerada. Ficando ao seu partido o dever de dar continuidade ao debate democr\u00e1tico com a sociedade. \u201cN\u00e3o h\u00e1 d\u00favida de que a avalia\u00e7\u00e3o de meu nome \u00e9 muito positiva, fui deputado por dois mandatos e prefeito da capital tamb\u00e9m por duas vezes, sempre com alto \u00edndice de aprova\u00e7\u00e3o\u201d afirmou. Neste sentido, a dire\u00e7\u00e3o eleita vai agendar uma s\u00e9rie de atividades voltadas para debater os cen\u00e1rios eleitorais de 2012. A legenda pretende transformar a poss\u00edvel candidatura de Edmilson, em um grande movimento c\u00edvico para reconquistar Bel\u00e9m.<\/p>\n<p>Para Araceli Lemos, eleita presidenta do PSOL de Bel\u00e9m, o Congresso se constituiu num passo importante para o aprofundamento do trabalho de reorganiza\u00e7\u00e3o partid\u00e1ria e para os desafios que est\u00e3o colocados no pr\u00f3ximo per\u00edodo, o de reconquistar a cidade para as m\u00e3os do povo de Bel\u00e9m. Sobre a pol\u00edtica de alian\u00e7as, Araceli Lemos aponta que a principal tarefa do PSOL agora \u00e9 fortalecer a atua\u00e7\u00e3o do partido junto aos movimentos sociais e \u00e0 sociedade. \u201cVamos debater sobre a constru\u00e7\u00e3o do programa e sobre o nome que o partido apresentar\u00e1 para as elei\u00e7\u00f5es de 2012, assim como nossa pol\u00edtica de alian\u00e7as e prepara\u00e7\u00e3o da chapa de vereadores\u201d afirmou.<\/p>\n<p>Para Fernando Carneiro, integrante da executiva estadual do PSOL e ex-candidato ao governo em 2010, faz-se necess\u00e1rio um debate respons\u00e1vel e s\u00e9rio por parte do PSOL, entre os diversos segmentos, para viabilizar a elei\u00e7\u00e3o do deputado Edmilson Rodrigues. A tarefa n\u00e3o ser\u00e1 f\u00e1cil, mas basta andar pelas ruas de nossa cidade para que percebamos o amplo apelo popular que o nome de Edmilson tem.<\/p>\n<p style=\"text-align: justify\">A senadora Marinor Brito umas das principais figuras p\u00fablicas do partido, ausente por estar cumprindo agenda em Bras\u00edlia, deixou aos participantes do congresso, votos de \u00eaxito pleno na condu\u00e7\u00e3o dos trabalhos.<\/p>\n<p><strong>Resolu\u00e7\u00f5es e mo\u00e7\u00f5es:<\/strong><br \/>\nDentre as diversas mo\u00e7\u00f5es e resolu\u00e7\u00f5es aprovadas destacam-se: Mo\u00e7\u00e3o contra a constru\u00e7\u00e3o da Usina de Belo Monte; de apoio \u00e0 greve dos trabalhadores em educa\u00e7\u00e3o; contra a divis\u00e3o do estado do Par\u00e1; pela imediata apura\u00e7\u00e3o e puni\u00e7\u00e3o de todos os envolvidos em esc\u00e2ndalos de corrup\u00e7\u00e3o no governo Dilma, especialmente no Minist\u00e9rio dos Esportes envolvendo Agnelo Queir\u00f3s e Orlando Silva; pela realiza\u00e7\u00e3o de uma Confer\u00eancia Eleitoral no primeiro semestre do ano que vem para decidir sobre a t\u00e1tica eleitoral e pol\u00edtica de alian\u00e7as;<\/p>\n<p>O congresso mostrou-se amplamente vitorioso, evidenciando o grau de unidade partid\u00e1ria que o PSOL conquistou no \u00faltimo per\u00edodo.<\/p>\n<p><strong>Na elei\u00e7\u00e3o para o diret\u00f3rio municipal, o resultado foi o seguinte:<\/strong><br \/>\nChapa 1 \u2013 CST\/MNS: 23 votos \u2013 40,35% (8-DM\/3 cargos na executiva)<br \/>\nChapa 2 \u2013 APS: 29 votos \u2013 50,87 (11-DM -3\/cargos na executiva)<br \/>\nChapa 3 \u2013 MES: 05 votos 08,77% \u2013 (2-DM\/1 cargos na executiva)<\/p>\n<p><a href=\"http:\/\/pontodepauta.wordpress.com\/2011\/10\/29\/psol-de-belem-elege-nova-direcao-e-abre-o-debate-sobre-as-eleicoes-de-2012\/\"><strong>*Fonte: Ponto de Pauta<\/strong><\/a><\/p>\n","protected":false},"excerpt":{"rendered":"<p>O PSOL Bel\u00e9m realizou neste s\u00e1bado (29.10), o seu 3\u00ba Congresso Municipal. Segundo seus organizadores, o processo de mobiliza\u00e7\u00e3o envolveu mais de mil militantes, 600 deles aptos a votar, nas diversas plen\u00e1rias em v\u00e1rios distritos de Bel\u00e9m. O Congresso aprovou um conjunto de resolu\u00e7\u00f5es, mo\u00e7\u00f5es e diretrizes para a atua\u00e7\u00e3o do partido no pr\u00f3ximo per\u00edodo. [&hellip;]<\/p>\n","protected":false},"author":2,"featured_media":0,"comment_status":"open","ping_status":"open","sticky":false,"template":"","format":"standard","meta":{"_acf_changed":false,"footnotes":""},"categories":[4766],"tags":[],"class_list":{"0":"post-1657","1":"post","2":"type-post","3":"status-publish","4":"format-standard","6":"category-arquivo"},"acf":[],"yoast_head":"<!-- This site is optimized with the Yoast SEO plugin v26.5 - https:\/\/yoast.com\/wordpress\/plugins\/seo\/ -->\n<title>PSOL de Bel\u00e9m elege nova dire\u00e7\u00e3o e abre o debate sobre as elei\u00e7\u00f5es de 2012 - PSOL 50<\/title>\n<meta name=\"robots\" content=\"index, follow, max-snippet:-1, max-image-preview:large, max-video-preview:-1\" \/>\n<link rel=\"canonical\" href=\"https:\/\/psol50.org.br\/psol-de-belem-elege-nova-direcao-e-abre-o-debate-sobre-as-eleicoes-de-2012\/\" \/>\n<meta property=\"og:locale\" content=\"pt_BR\" \/>\n<meta property=\"og:type\" content=\"article\" \/>\n<meta property=\"og:title\" content=\"PSOL de Bel\u00e9m elege nova dire\u00e7\u00e3o e abre o debate sobre as elei\u00e7\u00f5es de 2012 - PSOL 50\" \/>\n<meta property=\"og:description\" content=\"O PSOL Bel\u00e9m realizou neste s\u00e1bado (29.10), o seu 3\u00ba Congresso Municipal. Segundo seus organizadores, o processo de mobiliza\u00e7\u00e3o envolveu mais de mil militantes, 600 deles aptos a votar, nas diversas plen\u00e1rias em v\u00e1rios distritos de Bel\u00e9m. O Congresso aprovou um conjunto de resolu\u00e7\u00f5es, mo\u00e7\u00f5es e diretrizes para a atua\u00e7\u00e3o do partido no pr\u00f3ximo per\u00edodo. [&hellip;]\" \/>\n<meta property=\"og:url\" content=\"https:\/\/psol50.org.br\/psol-de-belem-elege-nova-direcao-e-abre-o-debate-sobre-as-eleicoes-de-2012\/\" \/>\n<meta property=\"og:site_name\" content=\"PSOL 50\" \/>\n<meta property=\"article:publisher\" content=\"https:\/\/www.facebook.com\/psol50\" \/>\n<meta property=\"article:published_time\" content=\"2011-10-29T00:00:00+00:00\" \/>\n<meta property=\"og:image\" content=\"http:\/\/psol50.org.br\/files\/2011\/10\/Araceli_PA.jpg\" \/>\n<meta name=\"author\" content=\"Comunica\u00e7\u00e3o PSOL\" \/>\n<meta name=\"twitter:card\" content=\"summary_large_image\" \/>\n<meta name=\"twitter:creator\" content=\"@psol50\" \/>\n<meta name=\"twitter:site\" content=\"@psol50\" \/>\n<meta name=\"twitter:label1\" content=\"Escrito por\" \/>\n\t<meta name=\"twitter:data1\" content=\"Comunica\u00e7\u00e3o PSOL\" \/>\n\t<meta name=\"twitter:label2\" content=\"Est. tempo de leitura\" \/>\n\t<meta name=\"twitter:data2\" content=\"3 minutos\" \/>\n<script type=\"application\/ld+json\" class=\"yoast-schema-graph\">{\"@context\":\"https:\/\/schema.org\",\"@graph\":[{\"@type\":\"Article\",\"@id\":\"https:\/\/psol50.org.br\/psol-de-belem-elege-nova-direcao-e-abre-o-debate-sobre-as-eleicoes-de-2012\/#article\",\"isPartOf\":{\"@id\":\"https:\/\/psol50.org.br\/psol-de-belem-elege-nova-direcao-e-abre-o-debate-sobre-as-eleicoes-de-2012\/\"},\"author\":{\"name\":\"Comunica\u00e7\u00e3o PSOL\",\"@id\":\"https:\/\/psol50.org.br\/#\/schema\/person\/475dfa57d0b815993c714c2e96491fcd\"},\"headline\":\"PSOL de Bel\u00e9m elege nova dire\u00e7\u00e3o e abre o debate sobre as elei\u00e7\u00f5es de 2012\",\"datePublished\":\"2011-10-29T00:00:00+00:00\",\"mainEntityOfPage\":{\"@id\":\"https:\/\/psol50.org.br\/psol-de-belem-elege-nova-direcao-e-abre-o-debate-sobre-as-eleicoes-de-2012\/\"},\"wordCount\":687,\"commentCount\":0,\"publisher\":{\"@id\":\"https:\/\/psol50.org.br\/#organization\"},\"image\":{\"@id\":\"https:\/\/psol50.org.br\/psol-de-belem-elege-nova-direcao-e-abre-o-debate-sobre-as-eleicoes-de-2012\/#primaryimage\"},\"thumbnailUrl\":\"http:\/\/psol50.org.br\/files\/2011\/10\/Araceli_PA.jpg\",\"articleSection\":[\"Arquivo\"],\"inLanguage\":\"pt-BR\",\"potentialAction\":[{\"@type\":\"CommentAction\",\"name\":\"Comment\",\"target\":[\"https:\/\/psol50.org.br\/psol-de-belem-elege-nova-direcao-e-abre-o-debate-sobre-as-eleicoes-de-2012\/#respond\"]}]},{\"@type\":\"WebPage\",\"@id\":\"https:\/\/psol50.org.br\/psol-de-belem-elege-nova-direcao-e-abre-o-debate-sobre-as-eleicoes-de-2012\/\",\"url\":\"https:\/\/psol50.org.br\/psol-de-belem-elege-nova-direcao-e-abre-o-debate-sobre-as-eleicoes-de-2012\/\",\"name\":\"PSOL de Bel\u00e9m elege nova dire\u00e7\u00e3o e abre o debate sobre as elei\u00e7\u00f5es de 2012 - PSOL 50\",\"isPartOf\":{\"@id\":\"https:\/\/psol50.org.br\/#website\"},\"primaryImageOfPage\":{\"@id\":\"https:\/\/psol50.org.br\/psol-de-belem-elege-nova-direcao-e-abre-o-debate-sobre-as-eleicoes-de-2012\/#primaryimage\"},\"image\":{\"@id\":\"https:\/\/psol50.org.br\/psol-de-belem-elege-nova-direcao-e-abre-o-debate-sobre-as-eleicoes-de-2012\/#primaryimage\"},\"thumbnailUrl\":\"http:\/\/psol50.org.br\/files\/2011\/10\/Araceli_PA.jpg\",\"datePublished\":\"2011-10-29T00:00:00+00:00\",\"breadcrumb\":{\"@id\":\"https:\/\/psol50.org.br\/psol-de-belem-elege-nova-direcao-e-abre-o-debate-sobre-as-eleicoes-de-2012\/#breadcrumb\"},\"inLanguage\":\"pt-BR\",\"potentialAction\":[{\"@type\":\"ReadAction\",\"target\":[\"https:\/\/psol50.org.br\/psol-de-belem-elege-nova-direcao-e-abre-o-debate-sobre-as-eleicoes-de-2012\/\"]}]},{\"@type\":\"ImageObject\",\"inLanguage\":\"pt-BR\",\"@id\":\"https:\/\/psol50.org.br\/psol-de-belem-elege-nova-direcao-e-abre-o-debate-sobre-as-eleicoes-de-2012\/#primaryimage\",\"url\":\"http:\/\/psol50.org.br\/files\/2011\/10\/Araceli_PA.jpg\",\"contentUrl\":\"http:\/\/psol50.org.br\/files\/2011\/10\/Araceli_PA.jpg\"},{\"@type\":\"BreadcrumbList\",\"@id\":\"https:\/\/psol50.org.br\/psol-de-belem-elege-nova-direcao-e-abre-o-debate-sobre-as-eleicoes-de-2012\/#breadcrumb\",\"itemListElement\":[{\"@type\":\"ListItem\",\"position\":1,\"name\":\"In\u00edcio\",\"item\":\"https:\/\/psol50.org.br\/\"},{\"@type\":\"ListItem\",\"position\":2,\"name\":\"PSOL de Bel\u00e9m elege nova dire\u00e7\u00e3o e abre o debate sobre as elei\u00e7\u00f5es de 2012\"}]},{\"@type\":\"WebSite\",\"@id\":\"https:\/\/psol50.org.br\/#website\",\"url\":\"https:\/\/psol50.org.br\/\",\"name\":\"PSOL 50\",\"description\":\"Site oficial do Partido Socialismo e Liberdade\",\"publisher\":{\"@id\":\"https:\/\/psol50.org.br\/#organization\"},\"alternateName\":\"PSOL50\",\"potentialAction\":[{\"@type\":\"SearchAction\",\"target\":{\"@type\":\"EntryPoint\",\"urlTemplate\":\"https:\/\/psol50.org.br\/?s={search_term_string}\"},\"query-input\":{\"@type\":\"PropertyValueSpecification\",\"valueRequired\":true,\"valueName\":\"search_term_string\"}}],\"inLanguage\":\"pt-BR\"},{\"@type\":\"Organization\",\"@id\":\"https:\/\/psol50.org.br\/#organization\",\"name\":\"PSOL 50\",\"alternateName\":\"PSOL 50\",\"url\":\"https:\/\/psol50.org.br\/\",\"logo\":{\"@type\":\"ImageObject\",\"inLanguage\":\"pt-BR\",\"@id\":\"https:\/\/psol50.org.br\/#\/schema\/logo\/image\/\",\"url\":\"https:\/\/psol50.org.br\/inc\/uploads\/2018\/07\/capa.png\",\"contentUrl\":\"https:\/\/psol50.org.br\/inc\/uploads\/2018\/07\/capa.png\",\"width\":1350,\"height\":900,\"caption\":\"PSOL 50\"},\"image\":{\"@id\":\"https:\/\/psol50.org.br\/#\/schema\/logo\/image\/\"},\"sameAs\":[\"https:\/\/www.facebook.com\/psol50\",\"https:\/\/x.com\/psol50\",\"https:\/\/www.instagram.com\/psol50\/\",\"https:\/\/www.youtube.com\/channel\/UC7SnJS5o1os7a6CaiNabzcg\"]},{\"@type\":\"Person\",\"@id\":\"https:\/\/psol50.org.br\/#\/schema\/person\/475dfa57d0b815993c714c2e96491fcd\",\"name\":\"Comunica\u00e7\u00e3o PSOL\",\"image\":{\"@type\":\"ImageObject\",\"inLanguage\":\"pt-BR\",\"@id\":\"https:\/\/psol50.org.br\/#\/schema\/person\/image\/\",\"url\":\"https:\/\/secure.gravatar.com\/avatar\/b34fc4f4e468a4e51785917065a3db57b841f5c95dba6ad8c73aaf8f66f8f9bf?s=96&d=mm&r=g\",\"contentUrl\":\"https:\/\/secure.gravatar.com\/avatar\/b34fc4f4e468a4e51785917065a3db57b841f5c95dba6ad8c73aaf8f66f8f9bf?s=96&d=mm&r=g\",\"caption\":\"Comunica\u00e7\u00e3o PSOL\"}}]}<\/script>\n<!-- \/ Yoast SEO plugin. -->","yoast_head_json":{"title":"PSOL de Bel\u00e9m elege nova dire\u00e7\u00e3o e abre o debate sobre as elei\u00e7\u00f5es de 2012 - PSOL 50","robots":{"index":"index","follow":"follow","max-snippet":"max-snippet:-1","max-image-preview":"max-image-preview:large","max-video-preview":"max-video-preview:-1"},"canonical":"https:\/\/psol50.org.br\/psol-de-belem-elege-nova-direcao-e-abre-o-debate-sobre-as-eleicoes-de-2012\/","og_locale":"pt_BR","og_type":"article","og_title":"PSOL de Bel\u00e9m elege nova dire\u00e7\u00e3o e abre o debate sobre as elei\u00e7\u00f5es de 2012 - PSOL 50","og_description":"O PSOL Bel\u00e9m realizou neste s\u00e1bado (29.10), o seu 3\u00ba Congresso Municipal. Segundo seus organizadores, o processo de mobiliza\u00e7\u00e3o envolveu mais de mil militantes, 600 deles aptos a votar, nas diversas plen\u00e1rias em v\u00e1rios distritos de Bel\u00e9m. O Congresso aprovou um conjunto de resolu\u00e7\u00f5es, mo\u00e7\u00f5es e diretrizes para a atua\u00e7\u00e3o do partido no pr\u00f3ximo per\u00edodo. [&hellip;]","og_url":"https:\/\/psol50.org.br\/psol-de-belem-elege-nova-direcao-e-abre-o-debate-sobre-as-eleicoes-de-2012\/","og_site_name":"PSOL 50","article_publisher":"https:\/\/www.facebook.com\/psol50","article_published_time":"2011-10-29T00:00:00+00:00","og_image":[{"url":"http:\/\/psol50.org.br\/files\/2011\/10\/Araceli_PA.jpg","type":"","width":"","height":""}],"author":"Comunica\u00e7\u00e3o PSOL","twitter_card":"summary_large_image","twitter_creator":"@psol50","twitter_site":"@psol50","twitter_misc":{"Escrito por":"Comunica\u00e7\u00e3o PSOL","Est. tempo de leitura":"3 minutos"},"schema":{"@context":"https:\/\/schema.org","@graph":[{"@type":"Article","@id":"https:\/\/psol50.org.br\/psol-de-belem-elege-nova-direcao-e-abre-o-debate-sobre-as-eleicoes-de-2012\/#article","isPartOf":{"@id":"https:\/\/psol50.org.br\/psol-de-belem-elege-nova-direcao-e-abre-o-debate-sobre-as-eleicoes-de-2012\/"},"author":{"name":"Comunica\u00e7\u00e3o PSOL","@id":"https:\/\/psol50.org.br\/#\/schema\/person\/475dfa57d0b815993c714c2e96491fcd"},"headline":"PSOL de Bel\u00e9m elege nova dire\u00e7\u00e3o e abre o debate sobre as elei\u00e7\u00f5es de 2012","datePublished":"2011-10-29T00:00:00+00:00","mainEntityOfPage":{"@id":"https:\/\/psol50.org.br\/psol-de-belem-elege-nova-direcao-e-abre-o-debate-sobre-as-eleicoes-de-2012\/"},"wordCount":687,"commentCount":0,"publisher":{"@id":"https:\/\/psol50.org.br\/#organization"},"image":{"@id":"https:\/\/psol50.org.br\/psol-de-belem-elege-nova-direcao-e-abre-o-debate-sobre-as-eleicoes-de-2012\/#primaryimage"},"thumbnailUrl":"http:\/\/psol50.org.br\/files\/2011\/10\/Araceli_PA.jpg","articleSection":["Arquivo"],"inLanguage":"pt-BR","potentialAction":[{"@type":"CommentAction","name":"Comment","target":["https:\/\/psol50.org.br\/psol-de-belem-elege-nova-direcao-e-abre-o-debate-sobre-as-eleicoes-de-2012\/#respond"]}]},{"@type":"WebPage","@id":"https:\/\/psol50.org.br\/psol-de-belem-elege-nova-direcao-e-abre-o-debate-sobre-as-eleicoes-de-2012\/","url":"https:\/\/psol50.org.br\/psol-de-belem-elege-nova-direcao-e-abre-o-debate-sobre-as-eleicoes-de-2012\/","name":"PSOL de Bel\u00e9m elege nova dire\u00e7\u00e3o e abre o debate sobre as elei\u00e7\u00f5es de 2012 - PSOL 50","isPartOf":{"@id":"https:\/\/psol50.org.br\/#website"},"primaryImageOfPage":{"@id":"https:\/\/psol50.org.br\/psol-de-belem-elege-nova-direcao-e-abre-o-debate-sobre-as-eleicoes-de-2012\/#primaryimage"},"image":{"@id":"https:\/\/psol50.org.br\/psol-de-belem-elege-nova-direcao-e-abre-o-debate-sobre-as-eleicoes-de-2012\/#primaryimage"},"thumbnailUrl":"http:\/\/psol50.org.br\/files\/2011\/10\/Araceli_PA.jpg","datePublished":"2011-10-29T00:00:00+00:00","breadcrumb":{"@id":"https:\/\/psol50.org.br\/psol-de-belem-elege-nova-direcao-e-abre-o-debate-sobre-as-eleicoes-de-2012\/#breadcrumb"},"inLanguage":"pt-BR","potentialAction":[{"@type":"ReadAction","target":["https:\/\/psol50.org.br\/psol-de-belem-elege-nova-direcao-e-abre-o-debate-sobre-as-eleicoes-de-2012\/"]}]},{"@type":"ImageObject","inLanguage":"pt-BR","@id":"https:\/\/psol50.org.br\/psol-de-belem-elege-nova-direcao-e-abre-o-debate-sobre-as-eleicoes-de-2012\/#primaryimage","url":"http:\/\/psol50.org.br\/files\/2011\/10\/Araceli_PA.jpg","contentUrl":"http:\/\/psol50.org.br\/files\/2011\/10\/Araceli_PA.jpg"},{"@type":"BreadcrumbList","@id":"https:\/\/psol50.org.br\/psol-de-belem-elege-nova-direcao-e-abre-o-debate-sobre-as-eleicoes-de-2012\/#breadcrumb","itemListElement":[{"@type":"ListItem","position":1,"name":"In\u00edcio","item":"https:\/\/psol50.org.br\/"},{"@type":"ListItem","position":2,"name":"PSOL de Bel\u00e9m elege nova dire\u00e7\u00e3o e abre o debate sobre as elei\u00e7\u00f5es de 2012"}]},{"@type":"WebSite","@id":"https:\/\/psol50.org.br\/#website","url":"https:\/\/psol50.org.br\/","name":"PSOL 50","description":"Site oficial do Partido Socialismo e Liberdade","publisher":{"@id":"https:\/\/psol50.org.br\/#organization"},"alternateName":"PSOL50","potentialAction":[{"@type":"SearchAction","target":{"@type":"EntryPoint","urlTemplate":"https:\/\/psol50.org.br\/?s={search_term_string}"},"query-input":{"@type":"PropertyValueSpecification","valueRequired":true,"valueName":"search_term_string"}}],"inLanguage":"pt-BR"},{"@type":"Organization","@id":"https:\/\/psol50.org.br\/#organization","name":"PSOL 50","alternateName":"PSOL 50","url":"https:\/\/psol50.org.br\/","logo":{"@type":"ImageObject","inLanguage":"pt-BR","@id":"https:\/\/psol50.org.br\/#\/schema\/logo\/image\/","url":"https:\/\/psol50.org.br\/inc\/uploads\/2018\/07\/capa.png","contentUrl":"https:\/\/psol50.org.br\/inc\/uploads\/2018\/07\/capa.png","width":1350,"height":900,"caption":"PSOL 50"},"image":{"@id":"https:\/\/psol50.org.br\/#\/schema\/logo\/image\/"},"sameAs":["https:\/\/www.facebook.com\/psol50","https:\/\/x.com\/psol50","https:\/\/www.instagram.com\/psol50\/","https:\/\/www.youtube.com\/channel\/UC7SnJS5o1os7a6CaiNabzcg"]},{"@type":"Person","@id":"https:\/\/psol50.org.br\/#\/schema\/person\/475dfa57d0b815993c714c2e96491fcd","name":"Comunica\u00e7\u00e3o PSOL","image":{"@type":"ImageObject","inLanguage":"pt-BR","@id":"https:\/\/psol50.org.br\/#\/schema\/person\/image\/","url":"https:\/\/secure.gravatar.com\/avatar\/b34fc4f4e468a4e51785917065a3db57b841f5c95dba6ad8c73aaf8f66f8f9bf?s=96&d=mm&r=g","contentUrl":"https:\/\/secure.gravatar.com\/avatar\/b34fc4f4e468a4e51785917065a3db57b841f5c95dba6ad8c73aaf8f66f8f9bf?s=96&d=mm&r=g","caption":"Comunica\u00e7\u00e3o PSOL"}}]}},"_links":{"self":[{"href":"https:\/\/psol50.org.br\/rest\/wp\/v2\/posts\/1657","targetHints":{"allow":["GET"]}}],"collection":[{"href":"https:\/\/psol50.org.br\/rest\/wp\/v2\/posts"}],"about":[{"href":"https:\/\/psol50.org.br\/rest\/wp\/v2\/types\/post"}],"author":[{"embeddable":true,"href":"https:\/\/psol50.org.br\/rest\/wp\/v2\/users\/2"}],"replies":[{"embeddable":true,"href":"https:\/\/psol50.org.br\/rest\/wp\/v2\/comments?post=1657"}],"version-history":[{"count":0,"href":"https:\/\/psol50.org.br\/rest\/wp\/v2\/posts\/1657\/revisions"}],"wp:attachment":[{"href":"https:\/\/psol50.org.br\/rest\/wp\/v2\/media?parent=1657"}],"wp:term":[{"taxonomy":"category","embeddable":true,"href":"https:\/\/psol50.org.br\/rest\/wp\/v2\/categories?post=1657"},{"taxonomy":"post_tag","embeddable":true,"href":"https:\/\/psol50.org.br\/rest\/wp\/v2\/tags?post=1657"}],"curies":[{"name":"wp","href":"https:\/\/api.w.org\/{rel}","templated":true}]}}