{"id":16576,"date":"2017-05-17T13:28:45","date_gmt":"2017-05-17T13:28:45","guid":{"rendered":"http:\/\/www.psol50.org.br\/?p=16576"},"modified":"2017-05-17T13:28:45","modified_gmt":"2017-05-17T13:28:45","slug":"debora-lima-e-mariana-conti-cartao-vermelho-para-a-intolerancia","status":"publish","type":"post","link":"https:\/\/psol50.org.br\/debora-lima-e-mariana-conti-cartao-vermelho-para-a-intolerancia\/","title":{"rendered":"D\u00e9bora Lima e Mariana Conti | Cart\u00e3o vermelho para a intoler\u00e2ncia"},"content":{"rendered":"<p>Em menos de dois meses tivemos no futebol contrastantes exemplos que refletem o n\u00edvel do debate da nossa sociedade sobre os direitos humanos: a volta do goleiro Bruno, com grande recep\u00e7\u00e3o de sua torcida, entrando em campo ovacionado e sob gritos de incentivo, e a volta do meio-campista Richarlyson (foto), cheia de pol\u00eamicas e manifesta\u00e7\u00f5es de preconceito, chegando ao ponto da sede do clube para o qual foi contratado, o Guarani, ser atacada a bombas por sujeitos contr\u00e1rios \u00e0 contrata\u00e7\u00e3o.<\/p>\n<p>A diferen\u00e7a entre os dois: o goleiro Bruno, rec\u00e9m-sa\u00eddo da pris\u00e3o por matar a m\u00e3e de seu filho e jogar o corpo aos cachorros para n\u00e3o pagar pens\u00e3o, um b\u00e1rbaro caso de feminic\u00eddio; Richarlyson, um atleta dedicado, multicampe\u00e3o, por\u00e9m ainda que tenha negado \u00e9 \u201csuspeito\u201d por homof\u00f3bicos em rela\u00e7\u00e3o \u00e0 sua orienta\u00e7\u00e3o sexual. Esses exemplos condensam com evid\u00eancia a dimens\u00e3o dos desafios que temos pela frente em uma sociedade educada para aceitar a viol\u00eancia contra as mulheres, mas n\u00e3o tolerar a livre manifesta\u00e7\u00e3o de g\u00eanero e orienta\u00e7\u00e3o sexual.<\/p>\n<p>N\u00e3o \u00e9 a primeira vez que o jogador Richarlyson sofre com preconceito e cal\u00fanias. Na maioria dos clubes por onde passou no Brasil, foi alvo de ataques homof\u00f3bicos, inclusive de sua pr\u00f3pria torcida. Al\u00e9m da hostiliza\u00e7\u00e3o que sofreu jogando pelo S\u00e3o Paulo, vale lembrar que, quando estava em vias de ser contratado pelo Palmeiras, alguns torcedores fizeram uma lament\u00e1vel manifesta\u00e7\u00e3o levando uma faixa com os dizeres &#8220;a homofobia veste verde&#8221;. Em seguida, a diretoria alviverde desistiu do neg\u00f3cio justificando que ele era um excelente jogador, por\u00e9m n\u00e3o seria absorvido pela torcida.<\/p>\n<p>Houve tamb\u00e9m o caso em que um dirigente do futebol afirmou indevidamente em um programa de televis\u00e3o que Richarlyson seria homossexual. O jogador recorreu \u00e0 Justi\u00e7a por inj\u00faria, mas perdeu a a\u00e7\u00e3o e obteve do Juiz do caso a seguinte declara\u00e7\u00e3o: &#8220;Futebol \u00e9 jogo viril, varonil, n\u00e3o homossexual\u2026 Se fosse homossexual por\u00e9m, melhor seria que abandonasse os gramados&#8230;&#8221; Essas palavras refletem a forma como o futebol \u00e9 visto em nossa sociedade: um esporte de homens para homens, em que qualquer atitude que n\u00e3o seja vista como extremamente masculina \u00e9 motivo de rep\u00fadio.<\/p>\n<p>Segundo o Prof. Dr. Fl\u00e1vio de Campos, do N\u00facleo Disciplinar de Estudos sobre Futebol e Modalidades L\u00fadicas (LUDENS) da USP, o futebol \u00e9 importante na constru\u00e7\u00e3o da masculinidade, refor\u00e7ando os estere\u00f3tipos de agressividade, trucul\u00eancia e heteronormatividade. Por seu grande apelo em todo o pa\u00eds, este esporte se tornou ainda mais essencial na demarca\u00e7\u00e3o dos pap\u00e9is entre homens e mulheres, servindo como um reprodutor das opress\u00f5es naturalizadas atrav\u00e9s de piadas ou rivalidades. O futebol, assim como qualquer esporte ou profiss\u00e3o, n\u00e3o \u00e9 exclusivo de um g\u00eanero ou de apenas um perfil de pessoas. Para acabar com a intoler\u00e2ncia recorrente, precisamos desconstruir a ideia de pap\u00e9is sociais, atrav\u00e9s da qual meninas e meninos s\u00e3o obrigados a cumprir um padr\u00e3o r\u00edgido de comportamento e s\u00e3o expostos \u00e0 viol\u00eancia caso n\u00e3o o fa\u00e7am.<\/p>\n<p>Nosso poder p\u00fablico infelizmente n\u00e3o tem dado respostas a esses epis\u00f3dios. Ao contr\u00e1rio disso, autoridades e figuras p\u00fablicas da cidade veicularam declara\u00e7\u00f5es de desrespeito e incita\u00e7\u00e3o \u00e0 intoler\u00e2ncia. Al\u00e9m disso, tramitam projetos contr\u00e1rios \u00e0 garantia dos direitos humanos, como a \u201cemenda da opress\u00e3o\u201d e o \u201cescola sem partido\u201d, que visam coibir o debate saud\u00e1vel sobre temas fundamentais como o machismo e a LGBTfobia.<\/p>\n<p>Aos defensores desse projeto de censura, fica a pergunta: como \u00e9 poss\u00edvel n\u00e3o se posicionar politicamente diante de casos absurdos de preconceito como os que temos visto em nossa cidade? A omiss\u00e3o tamb\u00e9m \u00e9 posi\u00e7\u00e3o &#8211; aquela dos que n\u00e3o se incomodam e compactuam com o grau de intoler\u00e2ncia que atingimos. Precisamos de uma escola sem intoler\u00e2ncia, para que nossas crian\u00e7as desde cedo aprendam a respeitar todas as diferen\u00e7as e a se posicionar contra toda forma de viol\u00eancia.<\/p>\n<p>Ao jogador Richarlyson, prestamos nossa solidariedade pelas cal\u00fanias e ofensas sofridas. Sua garra e determina\u00e7\u00e3o sempre demonstradas por onde passou, nos inspiram para que possamos transformar a barb\u00e1rie de uma sociedade cega pelo \u00f3dio em luta por dias melhores. Em um mundo em que se tornou natural ver um feminicida aplaudido pelo p\u00fablico e um verdadeiro craque humilhado, precisamos de muito mais Richarlysons.<\/p>\n<p><em>D\u00e9bora Lima, militante do Coletivo LGBT Cores e torcedora do Guarani, e Mariana Conti, vereadora de Campinas pelo PSOL.\u00a0<\/em><\/p>\n<p>&nbsp;<\/p>\n","protected":false},"excerpt":{"rendered":"<p>Em menos de dois meses tivemos no futebol contrastantes exemplos que refletem o n\u00edvel do debate da nossa sociedade sobre os direitos humanos: a volta do goleiro Bruno, com grande recep\u00e7\u00e3o de sua torcida, entrando em campo ovacionado e sob gritos de incentivo, e a volta do meio-campista Richarlyson (foto), cheia de pol\u00eamicas e manifesta\u00e7\u00f5es [&hellip;]<\/p>\n","protected":false},"author":2,"featured_media":16577,"comment_status":"open","ping_status":"open","sticky":false,"template":"","format":"standard","meta":{"_acf_changed":false,"footnotes":""},"categories":[3,1882],"tags":[3208,1617,47,348,3209,3210,134,135,2776,3211,911,3212],"class_list":{"0":"post-16576","1":"post","2":"type-post","3":"status-publish","4":"format-standard","5":"has-post-thumbnail","7":"category-artigos-e-entrevistas","8":"category-brasil","9":"tag-debora-lima","10":"tag-esporte","11":"tag-feminicidio","12":"tag-futebol","13":"tag-goleiro-bruno","14":"tag-guarani","15":"tag-homofobia","16":"tag-lgbtfobia","17":"tag-mariana-conti","18":"tag-masculinidade","19":"tag-preconceito","20":"tag-richarlyson"},"acf":[],"yoast_head":"<!-- This site is optimized with the Yoast SEO plugin v26.5 - https:\/\/yoast.com\/wordpress\/plugins\/seo\/ -->\n<title>D\u00e9bora Lima e Mariana Conti | Cart\u00e3o vermelho para a intoler\u00e2ncia - PSOL 50<\/title>\n<meta name=\"robots\" content=\"index, follow, max-snippet:-1, max-image-preview:large, max-video-preview:-1\" \/>\n<link rel=\"canonical\" href=\"https:\/\/psol50.org.br\/debora-lima-e-mariana-conti-cartao-vermelho-para-a-intolerancia\/\" \/>\n<meta property=\"og:locale\" content=\"pt_BR\" \/>\n<meta property=\"og:type\" content=\"article\" \/>\n<meta property=\"og:title\" content=\"D\u00e9bora Lima e Mariana Conti | Cart\u00e3o vermelho para a intoler\u00e2ncia - PSOL 50\" \/>\n<meta property=\"og:description\" content=\"Em menos de dois meses tivemos no futebol contrastantes exemplos que refletem o n\u00edvel do debate da nossa sociedade sobre os direitos humanos: a volta do goleiro Bruno, com grande recep\u00e7\u00e3o de sua torcida, entrando em campo ovacionado e sob gritos de incentivo, e a volta do meio-campista Richarlyson (foto), cheia de pol\u00eamicas e manifesta\u00e7\u00f5es [&hellip;]\" \/>\n<meta property=\"og:url\" content=\"https:\/\/psol50.org.br\/debora-lima-e-mariana-conti-cartao-vermelho-para-a-intolerancia\/\" \/>\n<meta property=\"og:site_name\" content=\"PSOL 50\" \/>\n<meta property=\"article:publisher\" content=\"https:\/\/www.facebook.com\/psol50\" \/>\n<meta property=\"article:published_time\" content=\"2017-05-17T13:28:45+00:00\" \/>\n<meta property=\"og:image\" content=\"https:\/\/psol50.org.br\/inc\/uploads\/2018\/07\/capa.png\" \/>\n\t<meta property=\"og:image:width\" content=\"1350\" \/>\n\t<meta property=\"og:image:height\" content=\"900\" \/>\n\t<meta property=\"og:image:type\" content=\"image\/png\" \/>\n<meta name=\"author\" content=\"Comunica\u00e7\u00e3o PSOL\" \/>\n<meta name=\"twitter:card\" content=\"summary_large_image\" \/>\n<meta name=\"twitter:creator\" content=\"@psol50\" \/>\n<meta name=\"twitter:site\" content=\"@psol50\" \/>\n<meta name=\"twitter:label1\" content=\"Escrito por\" \/>\n\t<meta name=\"twitter:data1\" content=\"Comunica\u00e7\u00e3o PSOL\" \/>\n\t<meta name=\"twitter:label2\" content=\"Est. tempo de leitura\" \/>\n\t<meta name=\"twitter:data2\" content=\"4 minutos\" \/>\n<script type=\"application\/ld+json\" class=\"yoast-schema-graph\">{\"@context\":\"https:\/\/schema.org\",\"@graph\":[{\"@type\":\"Article\",\"@id\":\"https:\/\/psol50.org.br\/debora-lima-e-mariana-conti-cartao-vermelho-para-a-intolerancia\/#article\",\"isPartOf\":{\"@id\":\"https:\/\/psol50.org.br\/debora-lima-e-mariana-conti-cartao-vermelho-para-a-intolerancia\/\"},\"author\":{\"name\":\"Comunica\u00e7\u00e3o PSOL\",\"@id\":\"https:\/\/psol50.org.br\/#\/schema\/person\/475dfa57d0b815993c714c2e96491fcd\"},\"headline\":\"D\u00e9bora Lima e Mariana Conti | Cart\u00e3o vermelho para a intoler\u00e2ncia\",\"datePublished\":\"2017-05-17T13:28:45+00:00\",\"mainEntityOfPage\":{\"@id\":\"https:\/\/psol50.org.br\/debora-lima-e-mariana-conti-cartao-vermelho-para-a-intolerancia\/\"},\"wordCount\":804,\"commentCount\":0,\"publisher\":{\"@id\":\"https:\/\/psol50.org.br\/#organization\"},\"image\":{\"@id\":\"https:\/\/psol50.org.br\/debora-lima-e-mariana-conti-cartao-vermelho-para-a-intolerancia\/#primaryimage\"},\"thumbnailUrl\":\"\",\"keywords\":[\"D\u00e9bora Lima\",\"esporte\",\"feminic\u00eddio\",\"futebol\",\"goleiro Bruno\",\"Guarani\",\"homofobia\",\"LGBTfobia\",\"Mariana Conti\",\"masculinidade\",\"preconceito\",\"Richarlyson\"],\"articleSection\":[\"Artigos\",\"Brasil\"],\"inLanguage\":\"pt-BR\",\"potentialAction\":[{\"@type\":\"CommentAction\",\"name\":\"Comment\",\"target\":[\"https:\/\/psol50.org.br\/debora-lima-e-mariana-conti-cartao-vermelho-para-a-intolerancia\/#respond\"]}]},{\"@type\":\"WebPage\",\"@id\":\"https:\/\/psol50.org.br\/debora-lima-e-mariana-conti-cartao-vermelho-para-a-intolerancia\/\",\"url\":\"https:\/\/psol50.org.br\/debora-lima-e-mariana-conti-cartao-vermelho-para-a-intolerancia\/\",\"name\":\"D\u00e9bora Lima e Mariana Conti | Cart\u00e3o vermelho para a intoler\u00e2ncia - PSOL 50\",\"isPartOf\":{\"@id\":\"https:\/\/psol50.org.br\/#website\"},\"primaryImageOfPage\":{\"@id\":\"https:\/\/psol50.org.br\/debora-lima-e-mariana-conti-cartao-vermelho-para-a-intolerancia\/#primaryimage\"},\"image\":{\"@id\":\"https:\/\/psol50.org.br\/debora-lima-e-mariana-conti-cartao-vermelho-para-a-intolerancia\/#primaryimage\"},\"thumbnailUrl\":\"\",\"datePublished\":\"2017-05-17T13:28:45+00:00\",\"breadcrumb\":{\"@id\":\"https:\/\/psol50.org.br\/debora-lima-e-mariana-conti-cartao-vermelho-para-a-intolerancia\/#breadcrumb\"},\"inLanguage\":\"pt-BR\",\"potentialAction\":[{\"@type\":\"ReadAction\",\"target\":[\"https:\/\/psol50.org.br\/debora-lima-e-mariana-conti-cartao-vermelho-para-a-intolerancia\/\"]}]},{\"@type\":\"ImageObject\",\"inLanguage\":\"pt-BR\",\"@id\":\"https:\/\/psol50.org.br\/debora-lima-e-mariana-conti-cartao-vermelho-para-a-intolerancia\/#primaryimage\",\"url\":\"\",\"contentUrl\":\"\"},{\"@type\":\"BreadcrumbList\",\"@id\":\"https:\/\/psol50.org.br\/debora-lima-e-mariana-conti-cartao-vermelho-para-a-intolerancia\/#breadcrumb\",\"itemListElement\":[{\"@type\":\"ListItem\",\"position\":1,\"name\":\"In\u00edcio\",\"item\":\"https:\/\/psol50.org.br\/\"},{\"@type\":\"ListItem\",\"position\":2,\"name\":\"D\u00e9bora Lima e Mariana Conti | Cart\u00e3o vermelho para a intoler\u00e2ncia\"}]},{\"@type\":\"WebSite\",\"@id\":\"https:\/\/psol50.org.br\/#website\",\"url\":\"https:\/\/psol50.org.br\/\",\"name\":\"PSOL 50\",\"description\":\"Site oficial do Partido Socialismo e Liberdade\",\"publisher\":{\"@id\":\"https:\/\/psol50.org.br\/#organization\"},\"alternateName\":\"PSOL50\",\"potentialAction\":[{\"@type\":\"SearchAction\",\"target\":{\"@type\":\"EntryPoint\",\"urlTemplate\":\"https:\/\/psol50.org.br\/?s={search_term_string}\"},\"query-input\":{\"@type\":\"PropertyValueSpecification\",\"valueRequired\":true,\"valueName\":\"search_term_string\"}}],\"inLanguage\":\"pt-BR\"},{\"@type\":\"Organization\",\"@id\":\"https:\/\/psol50.org.br\/#organization\",\"name\":\"PSOL 50\",\"alternateName\":\"PSOL 50\",\"url\":\"https:\/\/psol50.org.br\/\",\"logo\":{\"@type\":\"ImageObject\",\"inLanguage\":\"pt-BR\",\"@id\":\"https:\/\/psol50.org.br\/#\/schema\/logo\/image\/\",\"url\":\"https:\/\/psol50.org.br\/inc\/uploads\/2018\/07\/capa.png\",\"contentUrl\":\"https:\/\/psol50.org.br\/inc\/uploads\/2018\/07\/capa.png\",\"width\":1350,\"height\":900,\"caption\":\"PSOL 50\"},\"image\":{\"@id\":\"https:\/\/psol50.org.br\/#\/schema\/logo\/image\/\"},\"sameAs\":[\"https:\/\/www.facebook.com\/psol50\",\"https:\/\/x.com\/psol50\",\"https:\/\/www.instagram.com\/psol50\/\",\"https:\/\/www.youtube.com\/channel\/UC7SnJS5o1os7a6CaiNabzcg\"]},{\"@type\":\"Person\",\"@id\":\"https:\/\/psol50.org.br\/#\/schema\/person\/475dfa57d0b815993c714c2e96491fcd\",\"name\":\"Comunica\u00e7\u00e3o PSOL\",\"image\":{\"@type\":\"ImageObject\",\"inLanguage\":\"pt-BR\",\"@id\":\"https:\/\/psol50.org.br\/#\/schema\/person\/image\/\",\"url\":\"https:\/\/secure.gravatar.com\/avatar\/b34fc4f4e468a4e51785917065a3db57b841f5c95dba6ad8c73aaf8f66f8f9bf?s=96&d=mm&r=g\",\"contentUrl\":\"https:\/\/secure.gravatar.com\/avatar\/b34fc4f4e468a4e51785917065a3db57b841f5c95dba6ad8c73aaf8f66f8f9bf?s=96&d=mm&r=g\",\"caption\":\"Comunica\u00e7\u00e3o PSOL\"}}]}<\/script>\n<!-- \/ Yoast SEO plugin. -->","yoast_head_json":{"title":"D\u00e9bora Lima e Mariana Conti | Cart\u00e3o vermelho para a intoler\u00e2ncia - PSOL 50","robots":{"index":"index","follow":"follow","max-snippet":"max-snippet:-1","max-image-preview":"max-image-preview:large","max-video-preview":"max-video-preview:-1"},"canonical":"https:\/\/psol50.org.br\/debora-lima-e-mariana-conti-cartao-vermelho-para-a-intolerancia\/","og_locale":"pt_BR","og_type":"article","og_title":"D\u00e9bora Lima e Mariana Conti | Cart\u00e3o vermelho para a intoler\u00e2ncia - PSOL 50","og_description":"Em menos de dois meses tivemos no futebol contrastantes exemplos que refletem o n\u00edvel do debate da nossa sociedade sobre os direitos humanos: a volta do goleiro Bruno, com grande recep\u00e7\u00e3o de sua torcida, entrando em campo ovacionado e sob gritos de incentivo, e a volta do meio-campista Richarlyson (foto), cheia de pol\u00eamicas e manifesta\u00e7\u00f5es [&hellip;]","og_url":"https:\/\/psol50.org.br\/debora-lima-e-mariana-conti-cartao-vermelho-para-a-intolerancia\/","og_site_name":"PSOL 50","article_publisher":"https:\/\/www.facebook.com\/psol50","article_published_time":"2017-05-17T13:28:45+00:00","og_image":[{"width":1350,"height":900,"url":"https:\/\/psol50.org.br\/inc\/uploads\/2018\/07\/capa.png","type":"image\/png"}],"author":"Comunica\u00e7\u00e3o PSOL","twitter_card":"summary_large_image","twitter_creator":"@psol50","twitter_site":"@psol50","twitter_misc":{"Escrito por":"Comunica\u00e7\u00e3o PSOL","Est. tempo de leitura":"4 minutos"},"schema":{"@context":"https:\/\/schema.org","@graph":[{"@type":"Article","@id":"https:\/\/psol50.org.br\/debora-lima-e-mariana-conti-cartao-vermelho-para-a-intolerancia\/#article","isPartOf":{"@id":"https:\/\/psol50.org.br\/debora-lima-e-mariana-conti-cartao-vermelho-para-a-intolerancia\/"},"author":{"name":"Comunica\u00e7\u00e3o PSOL","@id":"https:\/\/psol50.org.br\/#\/schema\/person\/475dfa57d0b815993c714c2e96491fcd"},"headline":"D\u00e9bora Lima e Mariana Conti | Cart\u00e3o vermelho para a intoler\u00e2ncia","datePublished":"2017-05-17T13:28:45+00:00","mainEntityOfPage":{"@id":"https:\/\/psol50.org.br\/debora-lima-e-mariana-conti-cartao-vermelho-para-a-intolerancia\/"},"wordCount":804,"commentCount":0,"publisher":{"@id":"https:\/\/psol50.org.br\/#organization"},"image":{"@id":"https:\/\/psol50.org.br\/debora-lima-e-mariana-conti-cartao-vermelho-para-a-intolerancia\/#primaryimage"},"thumbnailUrl":"","keywords":["D\u00e9bora Lima","esporte","feminic\u00eddio","futebol","goleiro Bruno","Guarani","homofobia","LGBTfobia","Mariana Conti","masculinidade","preconceito","Richarlyson"],"articleSection":["Artigos","Brasil"],"inLanguage":"pt-BR","potentialAction":[{"@type":"CommentAction","name":"Comment","target":["https:\/\/psol50.org.br\/debora-lima-e-mariana-conti-cartao-vermelho-para-a-intolerancia\/#respond"]}]},{"@type":"WebPage","@id":"https:\/\/psol50.org.br\/debora-lima-e-mariana-conti-cartao-vermelho-para-a-intolerancia\/","url":"https:\/\/psol50.org.br\/debora-lima-e-mariana-conti-cartao-vermelho-para-a-intolerancia\/","name":"D\u00e9bora Lima e Mariana Conti | Cart\u00e3o vermelho para a intoler\u00e2ncia - PSOL 50","isPartOf":{"@id":"https:\/\/psol50.org.br\/#website"},"primaryImageOfPage":{"@id":"https:\/\/psol50.org.br\/debora-lima-e-mariana-conti-cartao-vermelho-para-a-intolerancia\/#primaryimage"},"image":{"@id":"https:\/\/psol50.org.br\/debora-lima-e-mariana-conti-cartao-vermelho-para-a-intolerancia\/#primaryimage"},"thumbnailUrl":"","datePublished":"2017-05-17T13:28:45+00:00","breadcrumb":{"@id":"https:\/\/psol50.org.br\/debora-lima-e-mariana-conti-cartao-vermelho-para-a-intolerancia\/#breadcrumb"},"inLanguage":"pt-BR","potentialAction":[{"@type":"ReadAction","target":["https:\/\/psol50.org.br\/debora-lima-e-mariana-conti-cartao-vermelho-para-a-intolerancia\/"]}]},{"@type":"ImageObject","inLanguage":"pt-BR","@id":"https:\/\/psol50.org.br\/debora-lima-e-mariana-conti-cartao-vermelho-para-a-intolerancia\/#primaryimage","url":"","contentUrl":""},{"@type":"BreadcrumbList","@id":"https:\/\/psol50.org.br\/debora-lima-e-mariana-conti-cartao-vermelho-para-a-intolerancia\/#breadcrumb","itemListElement":[{"@type":"ListItem","position":1,"name":"In\u00edcio","item":"https:\/\/psol50.org.br\/"},{"@type":"ListItem","position":2,"name":"D\u00e9bora Lima e Mariana Conti | Cart\u00e3o vermelho para a intoler\u00e2ncia"}]},{"@type":"WebSite","@id":"https:\/\/psol50.org.br\/#website","url":"https:\/\/psol50.org.br\/","name":"PSOL 50","description":"Site oficial do Partido Socialismo e Liberdade","publisher":{"@id":"https:\/\/psol50.org.br\/#organization"},"alternateName":"PSOL50","potentialAction":[{"@type":"SearchAction","target":{"@type":"EntryPoint","urlTemplate":"https:\/\/psol50.org.br\/?s={search_term_string}"},"query-input":{"@type":"PropertyValueSpecification","valueRequired":true,"valueName":"search_term_string"}}],"inLanguage":"pt-BR"},{"@type":"Organization","@id":"https:\/\/psol50.org.br\/#organization","name":"PSOL 50","alternateName":"PSOL 50","url":"https:\/\/psol50.org.br\/","logo":{"@type":"ImageObject","inLanguage":"pt-BR","@id":"https:\/\/psol50.org.br\/#\/schema\/logo\/image\/","url":"https:\/\/psol50.org.br\/inc\/uploads\/2018\/07\/capa.png","contentUrl":"https:\/\/psol50.org.br\/inc\/uploads\/2018\/07\/capa.png","width":1350,"height":900,"caption":"PSOL 50"},"image":{"@id":"https:\/\/psol50.org.br\/#\/schema\/logo\/image\/"},"sameAs":["https:\/\/www.facebook.com\/psol50","https:\/\/x.com\/psol50","https:\/\/www.instagram.com\/psol50\/","https:\/\/www.youtube.com\/channel\/UC7SnJS5o1os7a6CaiNabzcg"]},{"@type":"Person","@id":"https:\/\/psol50.org.br\/#\/schema\/person\/475dfa57d0b815993c714c2e96491fcd","name":"Comunica\u00e7\u00e3o PSOL","image":{"@type":"ImageObject","inLanguage":"pt-BR","@id":"https:\/\/psol50.org.br\/#\/schema\/person\/image\/","url":"https:\/\/secure.gravatar.com\/avatar\/b34fc4f4e468a4e51785917065a3db57b841f5c95dba6ad8c73aaf8f66f8f9bf?s=96&d=mm&r=g","contentUrl":"https:\/\/secure.gravatar.com\/avatar\/b34fc4f4e468a4e51785917065a3db57b841f5c95dba6ad8c73aaf8f66f8f9bf?s=96&d=mm&r=g","caption":"Comunica\u00e7\u00e3o PSOL"}}]}},"_links":{"self":[{"href":"https:\/\/psol50.org.br\/rest\/wp\/v2\/posts\/16576","targetHints":{"allow":["GET"]}}],"collection":[{"href":"https:\/\/psol50.org.br\/rest\/wp\/v2\/posts"}],"about":[{"href":"https:\/\/psol50.org.br\/rest\/wp\/v2\/types\/post"}],"author":[{"embeddable":true,"href":"https:\/\/psol50.org.br\/rest\/wp\/v2\/users\/2"}],"replies":[{"embeddable":true,"href":"https:\/\/psol50.org.br\/rest\/wp\/v2\/comments?post=16576"}],"version-history":[{"count":0,"href":"https:\/\/psol50.org.br\/rest\/wp\/v2\/posts\/16576\/revisions"}],"wp:featuredmedia":[{"embeddable":true,"href":"https:\/\/psol50.org.br\/rest\/"}],"wp:attachment":[{"href":"https:\/\/psol50.org.br\/rest\/wp\/v2\/media?parent=16576"}],"wp:term":[{"taxonomy":"category","embeddable":true,"href":"https:\/\/psol50.org.br\/rest\/wp\/v2\/categories?post=16576"},{"taxonomy":"post_tag","embeddable":true,"href":"https:\/\/psol50.org.br\/rest\/wp\/v2\/tags?post=16576"}],"curies":[{"name":"wp","href":"https:\/\/api.w.org\/{rel}","templated":true}]}}