{"id":16579,"date":"2017-05-17T14:16:00","date_gmt":"2017-05-17T14:16:00","guid":{"rendered":"http:\/\/www.psol50.org.br\/?p=16579"},"modified":"2017-05-17T14:16:00","modified_gmt":"2017-05-17T14:16:00","slug":"mps-de-temer-provocarao-desmatamento-e-exploracao-de-garimpo","status":"publish","type":"post","link":"https:\/\/psol50.org.br\/mps-de-temer-provocarao-desmatamento-e-exploracao-de-garimpo\/","title":{"rendered":"MP\u2019s de Temer provocar\u00e3o desmatamento e explora\u00e7\u00e3o de garimpo"},"content":{"rendered":"<p><em>PSOL votou contra as propostas que reduzem \u00e1reas de unidades de conserva\u00e7\u00e3o e beneficiam latifundi\u00e1rios e grileiros<\/em><\/p>\n<p>A bancada do PSOL votou contra duas Medidas Provis\u00f3rias \u2013 756 e 758, de 2016, aprovadas no plen\u00e1rio da C\u00e2mara, que alteram \u00e1reas de unidades de conserva\u00e7\u00e3o da Amaz\u00f4nia, no Estado do Par\u00e1, e resultar\u00e3o em desmatamento e explora\u00e7\u00e3o de garimpos. A forte obstru\u00e7\u00e3o do PSOL e outros partidos de oposi\u00e7\u00e3o \u2013 Rede, PT, PSB \u2013 provocou a realiza\u00e7\u00e3o de quatro sess\u00f5es extraordin\u00e1rias por quase 15 horas. A sess\u00e3o iniciada na manh\u00e3 da ter\u00e7a-feira (16\/05) foi encerrada na madrugada desta quarta-feira. Os parlamentares tamb\u00e9m fizeram ato no plen\u00e1rio da C\u00e2mara contra a vota\u00e7\u00e3o das MP\u2019s.<\/p>\n<p>\u201c\u00c9 um profundo dano ao ambiente brasileiro a partir do momento que faz com que unidades de conserva\u00e7\u00e3o tenham a sua exist\u00eancia inclusive amea\u00e7adas\u201d, avaliou o l\u00edder do PSOL, deputado Glauber Braga (RJ). \u201cO compromisso que os senhores [deputados] est\u00e3o assumindo n\u00e3o \u00e9 com a preserva\u00e7\u00e3o do ambiente, necessariamente, \u00e9 com o latif\u00fandio e com os interesses de grupos muito pr\u00f3prios aos senhores. N\u00e3o defendem camponeses, nem pequenos produtores. Defendem latifundi\u00e1rios\u201d.<\/p>\n<p>Nota t\u00e9cnica do Instituto Socioambiental (ISA) aponta que as MP\u2019s reduzem, juntas, 1,2 milh\u00e3o de hectares de florestas protegidas e transformam o restante da Floresta Nacional e Parque Nacional do Jamanxim em \u00c1rea de Prote\u00e7\u00e3o Ambiental (APA), tipo de unidade de conserva\u00e7\u00e3o que permite a minera\u00e7\u00e3o, corte raso da vegeta\u00e7\u00e3o e at\u00e9 presen\u00e7a de propriedades privadas. Na pr\u00e1tica, as altera\u00e7\u00f5es beneficiar\u00e3o latifundi\u00e1rios, garimpeiros, madeireiros ilegais e grileiros de terras, al\u00e9m de incentivar o risco de conflitos com comunidades ind\u00edgenas e tradicionais.<\/p>\n<figure id=\"attachment_16581\" aria-describedby=\"caption-attachment-16581\" style=\"width: 665px\" class=\"wp-caption aligncenter\"><img loading=\"lazy\" decoding=\"async\" class=\"wp-image-16581\" src=\"http:\/\/www.psol50.org.br\/inc\/uploads\/2017\/05\/Protesto_MP_Desmatamento_PSOLC\u00e2mara.jpg\" alt=\"\" width=\"665\" height=\"444\" \/><figcaption id=\"caption-attachment-16581\" class=\"wp-caption-text\"><em>Foto: PSOL na C\u00e2mara<\/em><\/figcaption><\/figure>\n<p>De acordo com o Greenpeace Brasil, \u201cal\u00e9m de reduzir a prote\u00e7\u00e3o da regi\u00e3o, o governo est\u00e1 recategorizando as unidades de conserva\u00e7\u00e3o para abrir essas \u00e1reas aos interesses econ\u00f4micos \u2013 do agroneg\u00f3cio, da minera\u00e7\u00e3o e energia \u2013 e poder explorar mais\u201d. As MP\u2019s tamb\u00e9m ferem o Acordo de Paris, do qual o Brasil \u00e9 signat\u00e1rio.<\/p>\n<p>As MP\u2019s 756 e 758 tiveram conclu\u00eddas suas vota\u00e7\u00f5es e seguem para o Senado.<\/p>\n<p><strong>Recurso ao STF<br \/>\n<\/strong>Contr\u00e1rio \u00e0s altera\u00e7\u00f5es, o deputado Ivan Valente (SP) anunciou que o PSOL entrar\u00e1 com uma a\u00e7\u00e3o direta de inconstitucionalidade, no Supremo Tribunal Federal (STF), para questionar as mudan\u00e7as. \u201cN\u00f3s entendemos que a recategoriza\u00e7\u00e3o de unidades de conserva\u00e7\u00e3o ambiental s\u00f3 pode ser feita por meio de projeto de lei, precedido de consulta p\u00fablica \u00e0 popula\u00e7\u00e3o local, e n\u00e3o por medida provis\u00f3ria\u201d, argumentou Valente, citando a Lei do Sistema Nacional de Unidades de Conserva\u00e7\u00e3o (Lei 9.985\/2000).<\/p>\n<p>Al\u00e9m das altera\u00e7\u00f5es nas unidades de conserva\u00e7\u00e3o do Par\u00e1, o substitutivo apresentou um \u2018jabuti\u2019 (trecho que n\u00e3o estava no texto original e incorporado pelo relator, deputado Jos\u00e9 Priante [PMDB-PA]). A novidade foi a diminui\u00e7\u00e3o do Parque Nacional de S\u00e3o Joaquim, em Santa Catarina, que ter\u00e1 10 mil hectares e sua renomea\u00e7\u00e3o como APA.\u00a0 \u201cRealmente \u00e9 inaceit\u00e1vel. \u00c9 uma desmoraliza\u00e7\u00e3o total. Desde 1961, temos uma unidade de conserva\u00e7\u00e3o em um Estado t\u00e3o importante como Santa Catarina, que sofreu reveses, press\u00e3o social, ocupa\u00e7\u00e3o.\u00a0E agora querem reduzi-la\u201d, afirmou o vice-l\u00edder, deputado Edmilson Rodrigues (PA).<\/p>\n<p><strong>Viol\u00eancia ao equil\u00edbrio social e ambiental<br \/>\n<\/strong>Em seu discurso, o deputado Edmilson Rodrigues alertou os perigos que representam as MP\u2019s: \u201cEu sou da Amaz\u00f4nia, e muitos que falam em nome da Amaz\u00f4nia aqui falam n\u00e3o em defesa das comunidades tradicionais ribeirinhas e dos povos ind\u00edgenas, mas falam em defesa das mineradoras, das madeireiras e do financiamento da campanha, que certamente ter\u00e3o, talvez, atrav\u00e9s de caixa dois, para perpetrar a viol\u00eancia contra o equil\u00edbrio social e ambiental. Essa \u00e9 a verdade. Quando se tem vontade de debater seriamente solu\u00e7\u00f5es para a crise social do Brasil e da Amaz\u00f4nia, discute-se com profundidade o tema. N\u00e3o \u00e9 o que est\u00e1 ocorrendo aqui. Aqui est\u00e1 se reconhecendo grileiros e desconhecendo os povos ind\u00edgenas e comunidades tradicionais\u201d.<\/p>\n<p>O deputado paraense tamb\u00e9m falou sobre a grilagem de terras, problema hist\u00f3rico na regi\u00e3o: \u201cAcontece que o que se est\u00e1 discutindo aqui \u00e9 um problema muito maior, \u00e9 a grilagem de terras ao longo da Cuiab\u00e1-Santar\u00e9m, iniciada principalmente no \u00faltimo mandato do Fernando Henrique Cardoso, mas incrementada infelizmente por conta de uma vontade do Governo Lula de fazer a obra para viabilizar o porto em Santar\u00e9m, para que os carregamentos de soja pudessem chegar a esse porto rumo a outros pa\u00edses. Ent\u00e3o por conta desse projeto, que \u00e9 um dos grandes projetos do PAC, acabou havendo uma ocupa\u00e7\u00e3o desordenada das unidades de prote\u00e7\u00e3o no entorno da PA-163.<\/p>\n<p>No \u00faltimo destaque votado da MP 758, Edmilson criticou a redu\u00e7\u00e3o da \u00e1rea protegida: \u201cO triste \u00e9 que essa proposta retira 169 mil hectares de terra da FLONA Floresta Nacional Itaituba 2, sendo que mais de 16 mil hectares coincidem com uma \u00e1rea ind\u00edgena, a Sawr\u00e9 Muybu do povo Munduruku. N\u00e3o h\u00e1 d\u00favida de que coincide. Fazer essa proposta, incluindo essa APA que agride os direitos origin\u00e1rios do povo Munduruku, \u00e9 uma grande viol\u00eancia. Eu fico triste de que ela tenha partido do PPS. Fico triste que o Governo n\u00e3o tenha tido sensibilidade para um acordo aqui, como at\u00e9 prop\u00f4s o Presidente Rodrigo Maia de votar n\u00e3o.\u00a0Isso permitiria, no m\u00ednimo, que, no momento seguinte, se pudesse debater o tema novamente, se fosse interesse do Governo recolocar a quest\u00e3o. Infelizmente, \u00e9 a viol\u00eancia que conta.<\/p>\n<p>A ditadura ruralista n\u00e3o tem nenhum respeito aos direitos fundamentais dos cidad\u00e3os brasileiros. Reconhecem o direito de o grileiro ser regulamentado e deixar de ser bandido oficialmente, mas desconhecem os povos origin\u00e1rios, quilombos, popula\u00e7\u00f5es tradicionais, pescadores e ribeirinhos\u201d.<\/p>\n<p>Confira, abaixo, a fala do l\u00edder, Glauber Braga, durante a sess\u00e3o que votou as MPs.<\/p>\n<p>https:\/\/www.facebook.com\/psolnacamara\/videos\/1104922206278676\/<\/p>\n<p>&nbsp;<\/p>\n","protected":false},"excerpt":{"rendered":"<p>PSOL votou contra as propostas que reduzem \u00e1reas de unidades de conserva\u00e7\u00e3o e beneficiam latifundi\u00e1rios e grileiros A bancada do PSOL votou contra duas Medidas Provis\u00f3rias \u2013 756 e 758, de 2016, aprovadas no plen\u00e1rio da C\u00e2mara, que alteram \u00e1reas de unidades de conserva\u00e7\u00e3o da Amaz\u00f4nia, no Estado do Par\u00e1, e resultar\u00e3o em desmatamento e [&hellip;]<\/p>\n","protected":false},"author":2,"featured_media":16580,"comment_status":"open","ping_status":"open","sticky":false,"template":"","format":"standard","meta":{"_acf_changed":false,"footnotes":""},"categories":[10,1882,6],"tags":[96,3213,927,3161,226,3214,3215,3216,3217,3218,1748,3219,50,22],"class_list":{"0":"post-16579","1":"post","2":"type-post","3":"status-publish","4":"format-standard","5":"has-post-thumbnail","7":"category-acao-parlamentares","8":"category-brasil","9":"category-noticias","10":"tag-amazonia","11":"tag-area-de-protecao-ambiental","12":"tag-desmatamento","13":"tag-exploracao","14":"tag-garimpo","15":"tag-grileiros","16":"tag-latifundiarios","17":"tag-lei-do-sistema-nacional-de-unidades-de-conservacao","18":"tag-madereiros","19":"tag-medidas-provisorias","20":"tag-michel-temer","21":"tag-mps","22":"tag-para","23":"tag-psol"},"acf":[],"yoast_head":"<!-- This site is optimized with the Yoast SEO plugin v26.5 - https:\/\/yoast.com\/wordpress\/plugins\/seo\/ -->\n<title>MP\u2019s de Temer provocar\u00e3o desmatamento e explora\u00e7\u00e3o de garimpo - PSOL 50<\/title>\n<meta name=\"robots\" content=\"index, follow, max-snippet:-1, max-image-preview:large, max-video-preview:-1\" \/>\n<link rel=\"canonical\" href=\"https:\/\/psol50.org.br\/mps-de-temer-provocarao-desmatamento-e-exploracao-de-garimpo\/\" \/>\n<meta property=\"og:locale\" content=\"pt_BR\" \/>\n<meta property=\"og:type\" content=\"article\" \/>\n<meta property=\"og:title\" content=\"MP\u2019s de Temer provocar\u00e3o desmatamento e explora\u00e7\u00e3o de garimpo - PSOL 50\" \/>\n<meta property=\"og:description\" content=\"PSOL votou contra as propostas que reduzem \u00e1reas de unidades de conserva\u00e7\u00e3o e beneficiam latifundi\u00e1rios e grileiros A bancada do PSOL votou contra duas Medidas Provis\u00f3rias \u2013 756 e 758, de 2016, aprovadas no plen\u00e1rio da C\u00e2mara, que alteram \u00e1reas de unidades de conserva\u00e7\u00e3o da Amaz\u00f4nia, no Estado do Par\u00e1, e resultar\u00e3o em desmatamento e [&hellip;]\" \/>\n<meta property=\"og:url\" content=\"https:\/\/psol50.org.br\/mps-de-temer-provocarao-desmatamento-e-exploracao-de-garimpo\/\" \/>\n<meta property=\"og:site_name\" content=\"PSOL 50\" \/>\n<meta property=\"article:publisher\" content=\"https:\/\/www.facebook.com\/psol50\" \/>\n<meta property=\"article:published_time\" content=\"2017-05-17T14:16:00+00:00\" \/>\n<meta property=\"og:image\" content=\"https:\/\/psol50.org.br\/inc\/uploads\/2018\/07\/capa.png\" \/>\n\t<meta property=\"og:image:width\" content=\"1350\" \/>\n\t<meta property=\"og:image:height\" content=\"900\" \/>\n\t<meta property=\"og:image:type\" content=\"image\/png\" \/>\n<meta name=\"author\" content=\"Comunica\u00e7\u00e3o PSOL\" \/>\n<meta name=\"twitter:card\" content=\"summary_large_image\" \/>\n<meta name=\"twitter:creator\" content=\"@psol50\" \/>\n<meta name=\"twitter:site\" content=\"@psol50\" \/>\n<meta name=\"twitter:label1\" content=\"Escrito por\" \/>\n\t<meta name=\"twitter:data1\" content=\"Comunica\u00e7\u00e3o PSOL\" \/>\n\t<meta name=\"twitter:label2\" content=\"Est. tempo de leitura\" \/>\n\t<meta name=\"twitter:data2\" content=\"5 minutos\" \/>\n<script type=\"application\/ld+json\" class=\"yoast-schema-graph\">{\"@context\":\"https:\/\/schema.org\",\"@graph\":[{\"@type\":\"Article\",\"@id\":\"https:\/\/psol50.org.br\/mps-de-temer-provocarao-desmatamento-e-exploracao-de-garimpo\/#article\",\"isPartOf\":{\"@id\":\"https:\/\/psol50.org.br\/mps-de-temer-provocarao-desmatamento-e-exploracao-de-garimpo\/\"},\"author\":{\"name\":\"Comunica\u00e7\u00e3o PSOL\",\"@id\":\"https:\/\/psol50.org.br\/#\/schema\/person\/475dfa57d0b815993c714c2e96491fcd\"},\"headline\":\"MP\u2019s de Temer provocar\u00e3o desmatamento e explora\u00e7\u00e3o de garimpo\",\"datePublished\":\"2017-05-17T14:16:00+00:00\",\"mainEntityOfPage\":{\"@id\":\"https:\/\/psol50.org.br\/mps-de-temer-provocarao-desmatamento-e-exploracao-de-garimpo\/\"},\"wordCount\":1042,\"commentCount\":0,\"publisher\":{\"@id\":\"https:\/\/psol50.org.br\/#organization\"},\"image\":{\"@id\":\"https:\/\/psol50.org.br\/mps-de-temer-provocarao-desmatamento-e-exploracao-de-garimpo\/#primaryimage\"},\"thumbnailUrl\":\"\",\"keywords\":[\"Amaz\u00f4nia\",\"\u00e1rea de prote\u00e7\u00e3o ambiental\",\"desmatamento\",\"explora\u00e7\u00e3o\",\"garimpo\",\"grileiros\",\"latifundi\u00e1rios\",\"Lei do Sistema Nacional de Unidades de Conserva\u00e7\u00e3o\",\"madereiros\",\"medidas provis\u00f3rias\",\"Michel Temer\",\"MPs\",\"Par\u00e1\",\"PSOL\"],\"articleSection\":[\"A\u00e7\u00e3o Parlamentar\",\"Brasil\",\"Not\u00edcias\"],\"inLanguage\":\"pt-BR\",\"potentialAction\":[{\"@type\":\"CommentAction\",\"name\":\"Comment\",\"target\":[\"https:\/\/psol50.org.br\/mps-de-temer-provocarao-desmatamento-e-exploracao-de-garimpo\/#respond\"]}]},{\"@type\":\"WebPage\",\"@id\":\"https:\/\/psol50.org.br\/mps-de-temer-provocarao-desmatamento-e-exploracao-de-garimpo\/\",\"url\":\"https:\/\/psol50.org.br\/mps-de-temer-provocarao-desmatamento-e-exploracao-de-garimpo\/\",\"name\":\"MP\u2019s de Temer provocar\u00e3o desmatamento e explora\u00e7\u00e3o de garimpo - PSOL 50\",\"isPartOf\":{\"@id\":\"https:\/\/psol50.org.br\/#website\"},\"primaryImageOfPage\":{\"@id\":\"https:\/\/psol50.org.br\/mps-de-temer-provocarao-desmatamento-e-exploracao-de-garimpo\/#primaryimage\"},\"image\":{\"@id\":\"https:\/\/psol50.org.br\/mps-de-temer-provocarao-desmatamento-e-exploracao-de-garimpo\/#primaryimage\"},\"thumbnailUrl\":\"\",\"datePublished\":\"2017-05-17T14:16:00+00:00\",\"breadcrumb\":{\"@id\":\"https:\/\/psol50.org.br\/mps-de-temer-provocarao-desmatamento-e-exploracao-de-garimpo\/#breadcrumb\"},\"inLanguage\":\"pt-BR\",\"potentialAction\":[{\"@type\":\"ReadAction\",\"target\":[\"https:\/\/psol50.org.br\/mps-de-temer-provocarao-desmatamento-e-exploracao-de-garimpo\/\"]}]},{\"@type\":\"ImageObject\",\"inLanguage\":\"pt-BR\",\"@id\":\"https:\/\/psol50.org.br\/mps-de-temer-provocarao-desmatamento-e-exploracao-de-garimpo\/#primaryimage\",\"url\":\"\",\"contentUrl\":\"\"},{\"@type\":\"BreadcrumbList\",\"@id\":\"https:\/\/psol50.org.br\/mps-de-temer-provocarao-desmatamento-e-exploracao-de-garimpo\/#breadcrumb\",\"itemListElement\":[{\"@type\":\"ListItem\",\"position\":1,\"name\":\"In\u00edcio\",\"item\":\"https:\/\/psol50.org.br\/\"},{\"@type\":\"ListItem\",\"position\":2,\"name\":\"MP\u2019s de Temer provocar\u00e3o desmatamento e explora\u00e7\u00e3o de garimpo\"}]},{\"@type\":\"WebSite\",\"@id\":\"https:\/\/psol50.org.br\/#website\",\"url\":\"https:\/\/psol50.org.br\/\",\"name\":\"PSOL 50\",\"description\":\"Site oficial do Partido Socialismo e Liberdade\",\"publisher\":{\"@id\":\"https:\/\/psol50.org.br\/#organization\"},\"alternateName\":\"PSOL50\",\"potentialAction\":[{\"@type\":\"SearchAction\",\"target\":{\"@type\":\"EntryPoint\",\"urlTemplate\":\"https:\/\/psol50.org.br\/?s={search_term_string}\"},\"query-input\":{\"@type\":\"PropertyValueSpecification\",\"valueRequired\":true,\"valueName\":\"search_term_string\"}}],\"inLanguage\":\"pt-BR\"},{\"@type\":\"Organization\",\"@id\":\"https:\/\/psol50.org.br\/#organization\",\"name\":\"PSOL 50\",\"alternateName\":\"PSOL 50\",\"url\":\"https:\/\/psol50.org.br\/\",\"logo\":{\"@type\":\"ImageObject\",\"inLanguage\":\"pt-BR\",\"@id\":\"https:\/\/psol50.org.br\/#\/schema\/logo\/image\/\",\"url\":\"https:\/\/psol50.org.br\/inc\/uploads\/2018\/07\/capa.png\",\"contentUrl\":\"https:\/\/psol50.org.br\/inc\/uploads\/2018\/07\/capa.png\",\"width\":1350,\"height\":900,\"caption\":\"PSOL 50\"},\"image\":{\"@id\":\"https:\/\/psol50.org.br\/#\/schema\/logo\/image\/\"},\"sameAs\":[\"https:\/\/www.facebook.com\/psol50\",\"https:\/\/x.com\/psol50\",\"https:\/\/www.instagram.com\/psol50\/\",\"https:\/\/www.youtube.com\/channel\/UC7SnJS5o1os7a6CaiNabzcg\"]},{\"@type\":\"Person\",\"@id\":\"https:\/\/psol50.org.br\/#\/schema\/person\/475dfa57d0b815993c714c2e96491fcd\",\"name\":\"Comunica\u00e7\u00e3o PSOL\",\"image\":{\"@type\":\"ImageObject\",\"inLanguage\":\"pt-BR\",\"@id\":\"https:\/\/psol50.org.br\/#\/schema\/person\/image\/\",\"url\":\"https:\/\/secure.gravatar.com\/avatar\/b34fc4f4e468a4e51785917065a3db57b841f5c95dba6ad8c73aaf8f66f8f9bf?s=96&d=mm&r=g\",\"contentUrl\":\"https:\/\/secure.gravatar.com\/avatar\/b34fc4f4e468a4e51785917065a3db57b841f5c95dba6ad8c73aaf8f66f8f9bf?s=96&d=mm&r=g\",\"caption\":\"Comunica\u00e7\u00e3o PSOL\"}}]}<\/script>\n<!-- \/ Yoast SEO plugin. -->","yoast_head_json":{"title":"MP\u2019s de Temer provocar\u00e3o desmatamento e explora\u00e7\u00e3o de garimpo - PSOL 50","robots":{"index":"index","follow":"follow","max-snippet":"max-snippet:-1","max-image-preview":"max-image-preview:large","max-video-preview":"max-video-preview:-1"},"canonical":"https:\/\/psol50.org.br\/mps-de-temer-provocarao-desmatamento-e-exploracao-de-garimpo\/","og_locale":"pt_BR","og_type":"article","og_title":"MP\u2019s de Temer provocar\u00e3o desmatamento e explora\u00e7\u00e3o de garimpo - PSOL 50","og_description":"PSOL votou contra as propostas que reduzem \u00e1reas de unidades de conserva\u00e7\u00e3o e beneficiam latifundi\u00e1rios e grileiros A bancada do PSOL votou contra duas Medidas Provis\u00f3rias \u2013 756 e 758, de 2016, aprovadas no plen\u00e1rio da C\u00e2mara, que alteram \u00e1reas de unidades de conserva\u00e7\u00e3o da Amaz\u00f4nia, no Estado do Par\u00e1, e resultar\u00e3o em desmatamento e [&hellip;]","og_url":"https:\/\/psol50.org.br\/mps-de-temer-provocarao-desmatamento-e-exploracao-de-garimpo\/","og_site_name":"PSOL 50","article_publisher":"https:\/\/www.facebook.com\/psol50","article_published_time":"2017-05-17T14:16:00+00:00","og_image":[{"width":1350,"height":900,"url":"https:\/\/psol50.org.br\/inc\/uploads\/2018\/07\/capa.png","type":"image\/png"}],"author":"Comunica\u00e7\u00e3o PSOL","twitter_card":"summary_large_image","twitter_creator":"@psol50","twitter_site":"@psol50","twitter_misc":{"Escrito por":"Comunica\u00e7\u00e3o PSOL","Est. tempo de leitura":"5 minutos"},"schema":{"@context":"https:\/\/schema.org","@graph":[{"@type":"Article","@id":"https:\/\/psol50.org.br\/mps-de-temer-provocarao-desmatamento-e-exploracao-de-garimpo\/#article","isPartOf":{"@id":"https:\/\/psol50.org.br\/mps-de-temer-provocarao-desmatamento-e-exploracao-de-garimpo\/"},"author":{"name":"Comunica\u00e7\u00e3o PSOL","@id":"https:\/\/psol50.org.br\/#\/schema\/person\/475dfa57d0b815993c714c2e96491fcd"},"headline":"MP\u2019s de Temer provocar\u00e3o desmatamento e explora\u00e7\u00e3o de garimpo","datePublished":"2017-05-17T14:16:00+00:00","mainEntityOfPage":{"@id":"https:\/\/psol50.org.br\/mps-de-temer-provocarao-desmatamento-e-exploracao-de-garimpo\/"},"wordCount":1042,"commentCount":0,"publisher":{"@id":"https:\/\/psol50.org.br\/#organization"},"image":{"@id":"https:\/\/psol50.org.br\/mps-de-temer-provocarao-desmatamento-e-exploracao-de-garimpo\/#primaryimage"},"thumbnailUrl":"","keywords":["Amaz\u00f4nia","\u00e1rea de prote\u00e7\u00e3o ambiental","desmatamento","explora\u00e7\u00e3o","garimpo","grileiros","latifundi\u00e1rios","Lei do Sistema Nacional de Unidades de Conserva\u00e7\u00e3o","madereiros","medidas provis\u00f3rias","Michel Temer","MPs","Par\u00e1","PSOL"],"articleSection":["A\u00e7\u00e3o Parlamentar","Brasil","Not\u00edcias"],"inLanguage":"pt-BR","potentialAction":[{"@type":"CommentAction","name":"Comment","target":["https:\/\/psol50.org.br\/mps-de-temer-provocarao-desmatamento-e-exploracao-de-garimpo\/#respond"]}]},{"@type":"WebPage","@id":"https:\/\/psol50.org.br\/mps-de-temer-provocarao-desmatamento-e-exploracao-de-garimpo\/","url":"https:\/\/psol50.org.br\/mps-de-temer-provocarao-desmatamento-e-exploracao-de-garimpo\/","name":"MP\u2019s de Temer provocar\u00e3o desmatamento e explora\u00e7\u00e3o de garimpo - PSOL 50","isPartOf":{"@id":"https:\/\/psol50.org.br\/#website"},"primaryImageOfPage":{"@id":"https:\/\/psol50.org.br\/mps-de-temer-provocarao-desmatamento-e-exploracao-de-garimpo\/#primaryimage"},"image":{"@id":"https:\/\/psol50.org.br\/mps-de-temer-provocarao-desmatamento-e-exploracao-de-garimpo\/#primaryimage"},"thumbnailUrl":"","datePublished":"2017-05-17T14:16:00+00:00","breadcrumb":{"@id":"https:\/\/psol50.org.br\/mps-de-temer-provocarao-desmatamento-e-exploracao-de-garimpo\/#breadcrumb"},"inLanguage":"pt-BR","potentialAction":[{"@type":"ReadAction","target":["https:\/\/psol50.org.br\/mps-de-temer-provocarao-desmatamento-e-exploracao-de-garimpo\/"]}]},{"@type":"ImageObject","inLanguage":"pt-BR","@id":"https:\/\/psol50.org.br\/mps-de-temer-provocarao-desmatamento-e-exploracao-de-garimpo\/#primaryimage","url":"","contentUrl":""},{"@type":"BreadcrumbList","@id":"https:\/\/psol50.org.br\/mps-de-temer-provocarao-desmatamento-e-exploracao-de-garimpo\/#breadcrumb","itemListElement":[{"@type":"ListItem","position":1,"name":"In\u00edcio","item":"https:\/\/psol50.org.br\/"},{"@type":"ListItem","position":2,"name":"MP\u2019s de Temer provocar\u00e3o desmatamento e explora\u00e7\u00e3o de garimpo"}]},{"@type":"WebSite","@id":"https:\/\/psol50.org.br\/#website","url":"https:\/\/psol50.org.br\/","name":"PSOL 50","description":"Site oficial do Partido Socialismo e Liberdade","publisher":{"@id":"https:\/\/psol50.org.br\/#organization"},"alternateName":"PSOL50","potentialAction":[{"@type":"SearchAction","target":{"@type":"EntryPoint","urlTemplate":"https:\/\/psol50.org.br\/?s={search_term_string}"},"query-input":{"@type":"PropertyValueSpecification","valueRequired":true,"valueName":"search_term_string"}}],"inLanguage":"pt-BR"},{"@type":"Organization","@id":"https:\/\/psol50.org.br\/#organization","name":"PSOL 50","alternateName":"PSOL 50","url":"https:\/\/psol50.org.br\/","logo":{"@type":"ImageObject","inLanguage":"pt-BR","@id":"https:\/\/psol50.org.br\/#\/schema\/logo\/image\/","url":"https:\/\/psol50.org.br\/inc\/uploads\/2018\/07\/capa.png","contentUrl":"https:\/\/psol50.org.br\/inc\/uploads\/2018\/07\/capa.png","width":1350,"height":900,"caption":"PSOL 50"},"image":{"@id":"https:\/\/psol50.org.br\/#\/schema\/logo\/image\/"},"sameAs":["https:\/\/www.facebook.com\/psol50","https:\/\/x.com\/psol50","https:\/\/www.instagram.com\/psol50\/","https:\/\/www.youtube.com\/channel\/UC7SnJS5o1os7a6CaiNabzcg"]},{"@type":"Person","@id":"https:\/\/psol50.org.br\/#\/schema\/person\/475dfa57d0b815993c714c2e96491fcd","name":"Comunica\u00e7\u00e3o PSOL","image":{"@type":"ImageObject","inLanguage":"pt-BR","@id":"https:\/\/psol50.org.br\/#\/schema\/person\/image\/","url":"https:\/\/secure.gravatar.com\/avatar\/b34fc4f4e468a4e51785917065a3db57b841f5c95dba6ad8c73aaf8f66f8f9bf?s=96&d=mm&r=g","contentUrl":"https:\/\/secure.gravatar.com\/avatar\/b34fc4f4e468a4e51785917065a3db57b841f5c95dba6ad8c73aaf8f66f8f9bf?s=96&d=mm&r=g","caption":"Comunica\u00e7\u00e3o PSOL"}}]}},"_links":{"self":[{"href":"https:\/\/psol50.org.br\/rest\/wp\/v2\/posts\/16579","targetHints":{"allow":["GET"]}}],"collection":[{"href":"https:\/\/psol50.org.br\/rest\/wp\/v2\/posts"}],"about":[{"href":"https:\/\/psol50.org.br\/rest\/wp\/v2\/types\/post"}],"author":[{"embeddable":true,"href":"https:\/\/psol50.org.br\/rest\/wp\/v2\/users\/2"}],"replies":[{"embeddable":true,"href":"https:\/\/psol50.org.br\/rest\/wp\/v2\/comments?post=16579"}],"version-history":[{"count":0,"href":"https:\/\/psol50.org.br\/rest\/wp\/v2\/posts\/16579\/revisions"}],"wp:featuredmedia":[{"embeddable":true,"href":"https:\/\/psol50.org.br\/rest\/"}],"wp:attachment":[{"href":"https:\/\/psol50.org.br\/rest\/wp\/v2\/media?parent=16579"}],"wp:term":[{"taxonomy":"category","embeddable":true,"href":"https:\/\/psol50.org.br\/rest\/wp\/v2\/categories?post=16579"},{"taxonomy":"post_tag","embeddable":true,"href":"https:\/\/psol50.org.br\/rest\/wp\/v2\/tags?post=16579"}],"curies":[{"name":"wp","href":"https:\/\/api.w.org\/{rel}","templated":true}]}}