{"id":1658,"date":"2011-11-02T00:00:00","date_gmt":"2011-11-02T00:00:00","guid":{"rendered":"http:\/\/psol50.org.br\/arquivo\/2011\/11\/02\/psol-rj-hoje-e-um-dia-de-tristeza-para-o-rio-de-janeiro-e-para-o-brasil\/"},"modified":"2011-11-02T00:00:00","modified_gmt":"2011-11-02T00:00:00","slug":"psol-rj-hoje-e-um-dia-de-tristeza-para-o-rio-de-janeiro-e-para-o-brasil","status":"publish","type":"post","link":"https:\/\/psol50.org.br\/psol-rj-hoje-e-um-dia-de-tristeza-para-o-rio-de-janeiro-e-para-o-brasil\/","title":{"rendered":"PSOL-RJ: &#8220;Hoje \u00e9 um dia de tristeza para o Rio de Janeiro e para o Brasil&#8221;"},"content":{"rendered":"<p style=\"text-align: justify\"><a href=\"http:\/\/psol50.org.br\/blog\/2011\/11\/02\/psol-rj-hoje-e-um-dia-de-tristeza-para-o-rio-de-janeiro-e-para-o-brasil\/janira_marcelo\/\" rel=\"attachment wp-att-11868\"><img loading=\"lazy\" decoding=\"async\" class=\"aligncenter size-full wp-image-11868\" src=\"http:\/\/psol50.org.br\/files\/2011\/11\/Janira_Marcelo.jpg\" alt=\"\" width=\"400\" height=\"300\" \/><\/a>Hoje \u00e9 um dia de tristeza para o Rio de Janeiro e para o Brasil, \u00e9 triste e revoltante sabermos que temos exilados em nossos tempos. Quando um deputado Estadual, membro desta casa, um homem p\u00fablico no exerc\u00edcio de seu mandato democraticamente eleito v\u00ea-se obrigado a sair do pa\u00eds, algo est\u00e1 errado. Muito errado!<\/p>\n<p style=\"text-align: justify\">A luta de meu companheiro Marcelo Freixo, n\u00e3o \u00e9 uma luta dele, n\u00e3o \u00e9 um problema individual, n\u00e3o \u00e9 uma bandeira exclusiva do PSOL \u00e9 uma luta de todos n\u00f3s.<\/p>\n<p style=\"text-align: justify\">\u00c9 inaceit\u00e1vel que s\u00f3 agora o Governo Estadual venha manifestar-se, \u00e9 inaceit\u00e1vel Sr. Governador S\u00e9rgio Cabral, que atrav\u00e9s da Secretaria de Seguran\u00e7a o senhor venha dizer que tudo foi verificado e devidamente processado.<\/p>\n<p style=\"text-align: justify\">\u201cA secretaria de Seguran\u00e7a enviou uma carta \u00e0 presid\u00eancia da Alerj nesta segunda 31 de outubro, informando que todas as amea\u00e7as ao deputado &#8220;foram verificadas e devidamente processadas&#8221;, mas, &#8220;que esse tipo de investiga\u00e7\u00e3o, por envolver a seguran\u00e7a de pessoas \u00e9 realizada de forma sigilosa&#8221;. Freixo destacou que solicitou seguran\u00e7a para a fam\u00edlia em 25 de agosto.\u201d<\/p>\n<p style=\"text-align: justify\">Olho para nosso Estado e fico indignada, como cidad\u00e3, como militante e como deputada: Jogos da copa, Ol\u00edmpiadas, obras o Rio de Janeiro em festa. Circo para o nosso povo. Para um povo sem p\u00e3o, sem acesso a educa\u00e7\u00e3o p\u00fablica de qualidade, sem acesso \u00e0 cultura, n\u00e3o pode faltar espet\u00e1culos.<\/p>\n<p style=\"text-align: justify\">No camarote do circo do Governador S\u00e9rgio Cabral, os \u201cEiques Batistas\u201d, a Delta, Odebrech, Grupo Facility, Nissan, CSA &#8230; Todos a assistir Bombeiros que d\u00e3o \u00e0 vida, para salvar vidas sem condi\u00e7\u00f5es de sobreviver. Policiais que garantem a lei e defendem o Estado, em mau estado, sem sal\u00e1rios, sem condi\u00e7\u00f5es de trabalho, sem dignidade! Oprimidos nos quart\u00e9is e mortos nas ruas! Servidores da sa\u00fade sem sa\u00fade para viver.<\/p>\n<p style=\"text-align: justify\">Agora no circo do Governador S\u00e9rgio Cabral se entrega aos le\u00f5es, um deputado estadual. Por que Governador, at\u00e9 quando Governador!<\/p>\n<p style=\"text-align: justify\">Senhores, senhoras aqui vai um alerta, \u00e9 preciso acima das bandeiras partid\u00e1rias defender a democracia! For\u00e7a companheiro, o povo do Rio de Janeiro est\u00e1 com voc\u00ea!<\/p>\n<p style=\"text-align: justify\"><a href=\"http:\/\/www.psolrj.com.br\/index.php?option=com_content&amp;view=article&amp;id=652:solidariedade-ao-deputado-marcelo-freixo-&amp;catid=33:Nacional&amp;Itemid=18\"><em><strong>Janira Rocha \u2013 Presidenta Estadual do PSOL<\/strong><\/em><\/a><\/p>\n","protected":false},"excerpt":{"rendered":"<p>Hoje \u00e9 um dia de tristeza para o Rio de Janeiro e para o Brasil, \u00e9 triste e revoltante sabermos que temos exilados em nossos tempos. Quando um deputado Estadual, membro desta casa, um homem p\u00fablico no exerc\u00edcio de seu mandato democraticamente eleito v\u00ea-se obrigado a sair do pa\u00eds, algo est\u00e1 errado. Muito errado! A [&hellip;]<\/p>\n","protected":false},"author":2,"featured_media":0,"comment_status":"open","ping_status":"open","sticky":false,"template":"","format":"standard","meta":{"_acf_changed":false,"footnotes":""},"categories":[4766],"tags":[],"class_list":{"0":"post-1658","1":"post","2":"type-post","3":"status-publish","4":"format-standard","6":"category-arquivo"},"acf":[],"yoast_head":"<!-- This site is optimized with the Yoast SEO plugin v26.5 - https:\/\/yoast.com\/wordpress\/plugins\/seo\/ -->\n<title>PSOL-RJ: &quot;Hoje \u00e9 um dia de tristeza para o Rio de Janeiro e para o Brasil&quot; - PSOL 50<\/title>\n<meta name=\"robots\" content=\"index, follow, max-snippet:-1, max-image-preview:large, max-video-preview:-1\" \/>\n<link rel=\"canonical\" href=\"https:\/\/psol50.org.br\/psol-rj-hoje-e-um-dia-de-tristeza-para-o-rio-de-janeiro-e-para-o-brasil\/\" \/>\n<meta property=\"og:locale\" content=\"pt_BR\" \/>\n<meta property=\"og:type\" content=\"article\" \/>\n<meta property=\"og:title\" content=\"PSOL-RJ: &quot;Hoje \u00e9 um dia de tristeza para o Rio de Janeiro e para o Brasil&quot; - PSOL 50\" \/>\n<meta property=\"og:description\" content=\"Hoje \u00e9 um dia de tristeza para o Rio de Janeiro e para o Brasil, \u00e9 triste e revoltante sabermos que temos exilados em nossos tempos. Quando um deputado Estadual, membro desta casa, um homem p\u00fablico no exerc\u00edcio de seu mandato democraticamente eleito v\u00ea-se obrigado a sair do pa\u00eds, algo est\u00e1 errado. Muito errado! A [&hellip;]\" \/>\n<meta property=\"og:url\" content=\"https:\/\/psol50.org.br\/psol-rj-hoje-e-um-dia-de-tristeza-para-o-rio-de-janeiro-e-para-o-brasil\/\" \/>\n<meta property=\"og:site_name\" content=\"PSOL 50\" \/>\n<meta property=\"article:publisher\" content=\"https:\/\/www.facebook.com\/psol50\" \/>\n<meta property=\"article:published_time\" content=\"2011-11-02T00:00:00+00:00\" \/>\n<meta property=\"og:image\" content=\"http:\/\/psol50.org.br\/files\/2011\/11\/Janira_Marcelo.jpg\" \/>\n<meta name=\"author\" content=\"Comunica\u00e7\u00e3o PSOL\" \/>\n<meta name=\"twitter:card\" content=\"summary_large_image\" \/>\n<meta name=\"twitter:creator\" content=\"@psol50\" \/>\n<meta name=\"twitter:site\" content=\"@psol50\" \/>\n<meta name=\"twitter:label1\" content=\"Escrito por\" \/>\n\t<meta name=\"twitter:data1\" content=\"Comunica\u00e7\u00e3o PSOL\" \/>\n\t<meta name=\"twitter:label2\" content=\"Est. tempo de leitura\" \/>\n\t<meta name=\"twitter:data2\" content=\"2 minutos\" \/>\n<script type=\"application\/ld+json\" class=\"yoast-schema-graph\">{\"@context\":\"https:\/\/schema.org\",\"@graph\":[{\"@type\":\"Article\",\"@id\":\"https:\/\/psol50.org.br\/psol-rj-hoje-e-um-dia-de-tristeza-para-o-rio-de-janeiro-e-para-o-brasil\/#article\",\"isPartOf\":{\"@id\":\"https:\/\/psol50.org.br\/psol-rj-hoje-e-um-dia-de-tristeza-para-o-rio-de-janeiro-e-para-o-brasil\/\"},\"author\":{\"name\":\"Comunica\u00e7\u00e3o PSOL\",\"@id\":\"https:\/\/psol50.org.br\/#\/schema\/person\/475dfa57d0b815993c714c2e96491fcd\"},\"headline\":\"PSOL-RJ: &#8220;Hoje \u00e9 um dia de tristeza para o Rio de Janeiro e para o Brasil&#8221;\",\"datePublished\":\"2011-11-02T00:00:00+00:00\",\"mainEntityOfPage\":{\"@id\":\"https:\/\/psol50.org.br\/psol-rj-hoje-e-um-dia-de-tristeza-para-o-rio-de-janeiro-e-para-o-brasil\/\"},\"wordCount\":381,\"commentCount\":0,\"publisher\":{\"@id\":\"https:\/\/psol50.org.br\/#organization\"},\"image\":{\"@id\":\"https:\/\/psol50.org.br\/psol-rj-hoje-e-um-dia-de-tristeza-para-o-rio-de-janeiro-e-para-o-brasil\/#primaryimage\"},\"thumbnailUrl\":\"http:\/\/psol50.org.br\/files\/2011\/11\/Janira_Marcelo.jpg\",\"articleSection\":[\"Arquivo\"],\"inLanguage\":\"pt-BR\",\"potentialAction\":[{\"@type\":\"CommentAction\",\"name\":\"Comment\",\"target\":[\"https:\/\/psol50.org.br\/psol-rj-hoje-e-um-dia-de-tristeza-para-o-rio-de-janeiro-e-para-o-brasil\/#respond\"]}]},{\"@type\":\"WebPage\",\"@id\":\"https:\/\/psol50.org.br\/psol-rj-hoje-e-um-dia-de-tristeza-para-o-rio-de-janeiro-e-para-o-brasil\/\",\"url\":\"https:\/\/psol50.org.br\/psol-rj-hoje-e-um-dia-de-tristeza-para-o-rio-de-janeiro-e-para-o-brasil\/\",\"name\":\"PSOL-RJ: \\\"Hoje \u00e9 um dia de tristeza para o Rio de Janeiro e para o Brasil\\\" - PSOL 50\",\"isPartOf\":{\"@id\":\"https:\/\/psol50.org.br\/#website\"},\"primaryImageOfPage\":{\"@id\":\"https:\/\/psol50.org.br\/psol-rj-hoje-e-um-dia-de-tristeza-para-o-rio-de-janeiro-e-para-o-brasil\/#primaryimage\"},\"image\":{\"@id\":\"https:\/\/psol50.org.br\/psol-rj-hoje-e-um-dia-de-tristeza-para-o-rio-de-janeiro-e-para-o-brasil\/#primaryimage\"},\"thumbnailUrl\":\"http:\/\/psol50.org.br\/files\/2011\/11\/Janira_Marcelo.jpg\",\"datePublished\":\"2011-11-02T00:00:00+00:00\",\"breadcrumb\":{\"@id\":\"https:\/\/psol50.org.br\/psol-rj-hoje-e-um-dia-de-tristeza-para-o-rio-de-janeiro-e-para-o-brasil\/#breadcrumb\"},\"inLanguage\":\"pt-BR\",\"potentialAction\":[{\"@type\":\"ReadAction\",\"target\":[\"https:\/\/psol50.org.br\/psol-rj-hoje-e-um-dia-de-tristeza-para-o-rio-de-janeiro-e-para-o-brasil\/\"]}]},{\"@type\":\"ImageObject\",\"inLanguage\":\"pt-BR\",\"@id\":\"https:\/\/psol50.org.br\/psol-rj-hoje-e-um-dia-de-tristeza-para-o-rio-de-janeiro-e-para-o-brasil\/#primaryimage\",\"url\":\"http:\/\/psol50.org.br\/files\/2011\/11\/Janira_Marcelo.jpg\",\"contentUrl\":\"http:\/\/psol50.org.br\/files\/2011\/11\/Janira_Marcelo.jpg\"},{\"@type\":\"BreadcrumbList\",\"@id\":\"https:\/\/psol50.org.br\/psol-rj-hoje-e-um-dia-de-tristeza-para-o-rio-de-janeiro-e-para-o-brasil\/#breadcrumb\",\"itemListElement\":[{\"@type\":\"ListItem\",\"position\":1,\"name\":\"In\u00edcio\",\"item\":\"https:\/\/psol50.org.br\/\"},{\"@type\":\"ListItem\",\"position\":2,\"name\":\"PSOL-RJ: &#8220;Hoje \u00e9 um dia de tristeza para o Rio de Janeiro e para o Brasil&#8221;\"}]},{\"@type\":\"WebSite\",\"@id\":\"https:\/\/psol50.org.br\/#website\",\"url\":\"https:\/\/psol50.org.br\/\",\"name\":\"PSOL 50\",\"description\":\"Site oficial do Partido Socialismo e Liberdade\",\"publisher\":{\"@id\":\"https:\/\/psol50.org.br\/#organization\"},\"alternateName\":\"PSOL50\",\"potentialAction\":[{\"@type\":\"SearchAction\",\"target\":{\"@type\":\"EntryPoint\",\"urlTemplate\":\"https:\/\/psol50.org.br\/?s={search_term_string}\"},\"query-input\":{\"@type\":\"PropertyValueSpecification\",\"valueRequired\":true,\"valueName\":\"search_term_string\"}}],\"inLanguage\":\"pt-BR\"},{\"@type\":\"Organization\",\"@id\":\"https:\/\/psol50.org.br\/#organization\",\"name\":\"PSOL 50\",\"alternateName\":\"PSOL 50\",\"url\":\"https:\/\/psol50.org.br\/\",\"logo\":{\"@type\":\"ImageObject\",\"inLanguage\":\"pt-BR\",\"@id\":\"https:\/\/psol50.org.br\/#\/schema\/logo\/image\/\",\"url\":\"https:\/\/psol50.org.br\/inc\/uploads\/2018\/07\/capa.png\",\"contentUrl\":\"https:\/\/psol50.org.br\/inc\/uploads\/2018\/07\/capa.png\",\"width\":1350,\"height\":900,\"caption\":\"PSOL 50\"},\"image\":{\"@id\":\"https:\/\/psol50.org.br\/#\/schema\/logo\/image\/\"},\"sameAs\":[\"https:\/\/www.facebook.com\/psol50\",\"https:\/\/x.com\/psol50\",\"https:\/\/www.instagram.com\/psol50\/\",\"https:\/\/www.youtube.com\/channel\/UC7SnJS5o1os7a6CaiNabzcg\"]},{\"@type\":\"Person\",\"@id\":\"https:\/\/psol50.org.br\/#\/schema\/person\/475dfa57d0b815993c714c2e96491fcd\",\"name\":\"Comunica\u00e7\u00e3o PSOL\",\"image\":{\"@type\":\"ImageObject\",\"inLanguage\":\"pt-BR\",\"@id\":\"https:\/\/psol50.org.br\/#\/schema\/person\/image\/\",\"url\":\"https:\/\/secure.gravatar.com\/avatar\/b34fc4f4e468a4e51785917065a3db57b841f5c95dba6ad8c73aaf8f66f8f9bf?s=96&d=mm&r=g\",\"contentUrl\":\"https:\/\/secure.gravatar.com\/avatar\/b34fc4f4e468a4e51785917065a3db57b841f5c95dba6ad8c73aaf8f66f8f9bf?s=96&d=mm&r=g\",\"caption\":\"Comunica\u00e7\u00e3o PSOL\"}}]}<\/script>\n<!-- \/ Yoast SEO plugin. -->","yoast_head_json":{"title":"PSOL-RJ: \"Hoje \u00e9 um dia de tristeza para o Rio de Janeiro e para o Brasil\" - PSOL 50","robots":{"index":"index","follow":"follow","max-snippet":"max-snippet:-1","max-image-preview":"max-image-preview:large","max-video-preview":"max-video-preview:-1"},"canonical":"https:\/\/psol50.org.br\/psol-rj-hoje-e-um-dia-de-tristeza-para-o-rio-de-janeiro-e-para-o-brasil\/","og_locale":"pt_BR","og_type":"article","og_title":"PSOL-RJ: \"Hoje \u00e9 um dia de tristeza para o Rio de Janeiro e para o Brasil\" - PSOL 50","og_description":"Hoje \u00e9 um dia de tristeza para o Rio de Janeiro e para o Brasil, \u00e9 triste e revoltante sabermos que temos exilados em nossos tempos. Quando um deputado Estadual, membro desta casa, um homem p\u00fablico no exerc\u00edcio de seu mandato democraticamente eleito v\u00ea-se obrigado a sair do pa\u00eds, algo est\u00e1 errado. Muito errado! A [&hellip;]","og_url":"https:\/\/psol50.org.br\/psol-rj-hoje-e-um-dia-de-tristeza-para-o-rio-de-janeiro-e-para-o-brasil\/","og_site_name":"PSOL 50","article_publisher":"https:\/\/www.facebook.com\/psol50","article_published_time":"2011-11-02T00:00:00+00:00","og_image":[{"url":"http:\/\/psol50.org.br\/files\/2011\/11\/Janira_Marcelo.jpg","type":"","width":"","height":""}],"author":"Comunica\u00e7\u00e3o PSOL","twitter_card":"summary_large_image","twitter_creator":"@psol50","twitter_site":"@psol50","twitter_misc":{"Escrito por":"Comunica\u00e7\u00e3o PSOL","Est. tempo de leitura":"2 minutos"},"schema":{"@context":"https:\/\/schema.org","@graph":[{"@type":"Article","@id":"https:\/\/psol50.org.br\/psol-rj-hoje-e-um-dia-de-tristeza-para-o-rio-de-janeiro-e-para-o-brasil\/#article","isPartOf":{"@id":"https:\/\/psol50.org.br\/psol-rj-hoje-e-um-dia-de-tristeza-para-o-rio-de-janeiro-e-para-o-brasil\/"},"author":{"name":"Comunica\u00e7\u00e3o PSOL","@id":"https:\/\/psol50.org.br\/#\/schema\/person\/475dfa57d0b815993c714c2e96491fcd"},"headline":"PSOL-RJ: &#8220;Hoje \u00e9 um dia de tristeza para o Rio de Janeiro e para o Brasil&#8221;","datePublished":"2011-11-02T00:00:00+00:00","mainEntityOfPage":{"@id":"https:\/\/psol50.org.br\/psol-rj-hoje-e-um-dia-de-tristeza-para-o-rio-de-janeiro-e-para-o-brasil\/"},"wordCount":381,"commentCount":0,"publisher":{"@id":"https:\/\/psol50.org.br\/#organization"},"image":{"@id":"https:\/\/psol50.org.br\/psol-rj-hoje-e-um-dia-de-tristeza-para-o-rio-de-janeiro-e-para-o-brasil\/#primaryimage"},"thumbnailUrl":"http:\/\/psol50.org.br\/files\/2011\/11\/Janira_Marcelo.jpg","articleSection":["Arquivo"],"inLanguage":"pt-BR","potentialAction":[{"@type":"CommentAction","name":"Comment","target":["https:\/\/psol50.org.br\/psol-rj-hoje-e-um-dia-de-tristeza-para-o-rio-de-janeiro-e-para-o-brasil\/#respond"]}]},{"@type":"WebPage","@id":"https:\/\/psol50.org.br\/psol-rj-hoje-e-um-dia-de-tristeza-para-o-rio-de-janeiro-e-para-o-brasil\/","url":"https:\/\/psol50.org.br\/psol-rj-hoje-e-um-dia-de-tristeza-para-o-rio-de-janeiro-e-para-o-brasil\/","name":"PSOL-RJ: \"Hoje \u00e9 um dia de tristeza para o Rio de Janeiro e para o Brasil\" - PSOL 50","isPartOf":{"@id":"https:\/\/psol50.org.br\/#website"},"primaryImageOfPage":{"@id":"https:\/\/psol50.org.br\/psol-rj-hoje-e-um-dia-de-tristeza-para-o-rio-de-janeiro-e-para-o-brasil\/#primaryimage"},"image":{"@id":"https:\/\/psol50.org.br\/psol-rj-hoje-e-um-dia-de-tristeza-para-o-rio-de-janeiro-e-para-o-brasil\/#primaryimage"},"thumbnailUrl":"http:\/\/psol50.org.br\/files\/2011\/11\/Janira_Marcelo.jpg","datePublished":"2011-11-02T00:00:00+00:00","breadcrumb":{"@id":"https:\/\/psol50.org.br\/psol-rj-hoje-e-um-dia-de-tristeza-para-o-rio-de-janeiro-e-para-o-brasil\/#breadcrumb"},"inLanguage":"pt-BR","potentialAction":[{"@type":"ReadAction","target":["https:\/\/psol50.org.br\/psol-rj-hoje-e-um-dia-de-tristeza-para-o-rio-de-janeiro-e-para-o-brasil\/"]}]},{"@type":"ImageObject","inLanguage":"pt-BR","@id":"https:\/\/psol50.org.br\/psol-rj-hoje-e-um-dia-de-tristeza-para-o-rio-de-janeiro-e-para-o-brasil\/#primaryimage","url":"http:\/\/psol50.org.br\/files\/2011\/11\/Janira_Marcelo.jpg","contentUrl":"http:\/\/psol50.org.br\/files\/2011\/11\/Janira_Marcelo.jpg"},{"@type":"BreadcrumbList","@id":"https:\/\/psol50.org.br\/psol-rj-hoje-e-um-dia-de-tristeza-para-o-rio-de-janeiro-e-para-o-brasil\/#breadcrumb","itemListElement":[{"@type":"ListItem","position":1,"name":"In\u00edcio","item":"https:\/\/psol50.org.br\/"},{"@type":"ListItem","position":2,"name":"PSOL-RJ: &#8220;Hoje \u00e9 um dia de tristeza para o Rio de Janeiro e para o Brasil&#8221;"}]},{"@type":"WebSite","@id":"https:\/\/psol50.org.br\/#website","url":"https:\/\/psol50.org.br\/","name":"PSOL 50","description":"Site oficial do Partido Socialismo e Liberdade","publisher":{"@id":"https:\/\/psol50.org.br\/#organization"},"alternateName":"PSOL50","potentialAction":[{"@type":"SearchAction","target":{"@type":"EntryPoint","urlTemplate":"https:\/\/psol50.org.br\/?s={search_term_string}"},"query-input":{"@type":"PropertyValueSpecification","valueRequired":true,"valueName":"search_term_string"}}],"inLanguage":"pt-BR"},{"@type":"Organization","@id":"https:\/\/psol50.org.br\/#organization","name":"PSOL 50","alternateName":"PSOL 50","url":"https:\/\/psol50.org.br\/","logo":{"@type":"ImageObject","inLanguage":"pt-BR","@id":"https:\/\/psol50.org.br\/#\/schema\/logo\/image\/","url":"https:\/\/psol50.org.br\/inc\/uploads\/2018\/07\/capa.png","contentUrl":"https:\/\/psol50.org.br\/inc\/uploads\/2018\/07\/capa.png","width":1350,"height":900,"caption":"PSOL 50"},"image":{"@id":"https:\/\/psol50.org.br\/#\/schema\/logo\/image\/"},"sameAs":["https:\/\/www.facebook.com\/psol50","https:\/\/x.com\/psol50","https:\/\/www.instagram.com\/psol50\/","https:\/\/www.youtube.com\/channel\/UC7SnJS5o1os7a6CaiNabzcg"]},{"@type":"Person","@id":"https:\/\/psol50.org.br\/#\/schema\/person\/475dfa57d0b815993c714c2e96491fcd","name":"Comunica\u00e7\u00e3o PSOL","image":{"@type":"ImageObject","inLanguage":"pt-BR","@id":"https:\/\/psol50.org.br\/#\/schema\/person\/image\/","url":"https:\/\/secure.gravatar.com\/avatar\/b34fc4f4e468a4e51785917065a3db57b841f5c95dba6ad8c73aaf8f66f8f9bf?s=96&d=mm&r=g","contentUrl":"https:\/\/secure.gravatar.com\/avatar\/b34fc4f4e468a4e51785917065a3db57b841f5c95dba6ad8c73aaf8f66f8f9bf?s=96&d=mm&r=g","caption":"Comunica\u00e7\u00e3o PSOL"}}]}},"_links":{"self":[{"href":"https:\/\/psol50.org.br\/rest\/wp\/v2\/posts\/1658","targetHints":{"allow":["GET"]}}],"collection":[{"href":"https:\/\/psol50.org.br\/rest\/wp\/v2\/posts"}],"about":[{"href":"https:\/\/psol50.org.br\/rest\/wp\/v2\/types\/post"}],"author":[{"embeddable":true,"href":"https:\/\/psol50.org.br\/rest\/wp\/v2\/users\/2"}],"replies":[{"embeddable":true,"href":"https:\/\/psol50.org.br\/rest\/wp\/v2\/comments?post=1658"}],"version-history":[{"count":0,"href":"https:\/\/psol50.org.br\/rest\/wp\/v2\/posts\/1658\/revisions"}],"wp:attachment":[{"href":"https:\/\/psol50.org.br\/rest\/wp\/v2\/media?parent=1658"}],"wp:term":[{"taxonomy":"category","embeddable":true,"href":"https:\/\/psol50.org.br\/rest\/wp\/v2\/categories?post=1658"},{"taxonomy":"post_tag","embeddable":true,"href":"https:\/\/psol50.org.br\/rest\/wp\/v2\/tags?post=1658"}],"curies":[{"name":"wp","href":"https:\/\/api.w.org\/{rel}","templated":true}]}}