{"id":16587,"date":"2017-05-17T17:48:00","date_gmt":"2017-05-17T17:48:00","guid":{"rendered":"http:\/\/www.psol50.org.br\/?p=16587"},"modified":"2017-05-17T17:48:00","modified_gmt":"2017-05-17T17:48:00","slug":"edmilson-rodrigues-a-mp-759-coloca-o-brasil-a-venda","status":"publish","type":"post","link":"https:\/\/psol50.org.br\/edmilson-rodrigues-a-mp-759-coloca-o-brasil-a-venda\/","title":{"rendered":"Edmilson Rodrigues | A MP 759 coloca o Brasil \u00e0 venda"},"content":{"rendered":"<p>&nbsp;<\/p>\n<p><em>Publicado originalmente em <a href=\"https:\/\/www.cartacapital.com.br\/politica\/a-mp-759-coloca-o-brasil-a-venda\" target=\"_blank\" rel=\"noopener noreferrer\"><span style=\"color: #0000ff;\"><strong>Carta Capital<\/strong><\/span><\/a><\/em><\/p>\n<p>H\u00e1 quase 40 anos, o Brasil vem construindo, passo a passo, o direito \u00e0 regulariza\u00e7\u00e3o fundi\u00e1ria. Com apenas uma canetada, o governo ileg\u00edtimo de Michel Temer pretende alterar 18 leis, inclusive de nossa Constitui\u00e7\u00e3o, passando por cima do que vem sendo trabalhado nestas d\u00e9cadas e avassalando o direito \u00e0 terra e ao teto.<\/p>\n<p>A MP 759, cujo relat\u00f3rio j\u00e1 aprovado vai a plen\u00e1rio nesta semana, pretende nada menos do que entregar 88 milh\u00f5es de hectares \u00e0 sanha do pernicioso mercado imobili\u00e1rio. Pretende-se criar um mercado privado de terras a partir de todo um acervo nacional. Ser\u00e1 o fim da reforma agr\u00e1ria e a legitima\u00e7\u00e3o da anistia a grileiros.<\/p>\n<p>Sob a fal\u00e1cia de se aperfei\u00e7oar procedimentos, cria-se novos dispositivos e altera-se profundamente leis nacionais ligadas ao uso do territ\u00f3rio brasileiro para que impere o direito individual de propriedade.<\/p>\n<p>A MP 759, al\u00e9m disso, se apresenta de forma equivocada e ilegal desde sua natureza: medida provis\u00f3ria.\u00a0Como pode o governo ignorar algo que vinha sendo constru\u00eddo h\u00e1 d\u00e9cadas por dezenas de entidades e movimentos? Para que este conte\u00fado se justificasse ser apresentado como medida provis\u00f3ria deveria seguir princ\u00edpios de relev\u00e2ncia e urg\u00eancia. Como n\u00e3o h\u00e1, sua apresenta\u00e7\u00e3o fere o artigo 62 da Constitui\u00e7\u00e3o Federal.<\/p>\n<p>N\u00e3o h\u00e1 como justificar uma lei que modifica todo o arcabou\u00e7o legal no qual se sustenta a regulariza\u00e7\u00e3o fundi\u00e1ria no Pa\u00eds e interfere nas tr\u00eas esferas da federa\u00e7\u00e3o provocando um caos nos processos em andamento.<\/p>\n<p>Outro aspecto extremamente prejudicial da natureza deste texto \u00e9 que a MP 759 impede o debate com todos os interessados no tema. Foi editada sem consulta p\u00fablica \u00e0s popula\u00e7\u00f5es atingidas, sem di\u00e1logo com os diversos segmentos que comp\u00f5e o Conselho Nacional das Cidades, bem como o Minist\u00e9rio P\u00fablico e a Defensoria P\u00fablica, sem ouvir os movimentos sociais, sem ouvir profissionais multidisciplinares da Uni\u00e3o, Estados e Munic\u00edpios que trabalham com as pol\u00edticas de regulariza\u00e7\u00e3o fundi\u00e1ria rural e urbana.<\/p>\n<p>Por tr\u00e1s destas mudan\u00e7as residem os interesses especulativos, tanto dos setores agr\u00e1rios quanto urbanos. Para ampliar seus neg\u00f3cios, devem expandir seus dom\u00ednios para as terras p\u00fablicas e, assim, atender a seus interesses privados.<\/p>\n<p>Na cidade, os grandes beneficiados s\u00e3o os especuladores imobili\u00e1rios, com a flexibiliza\u00e7\u00e3o de loteamentos e condom\u00ednios de alto padr\u00e3o que s\u00e3o dispensados de contrapartidas e responsabilidades. Ademais, o licenciamento ambiental que hoje \u00e9 diferenciado para \u00e1reas consideradas de interesse social \u00e9 eliminado. Por fim, os loteadores irregulares de terras p\u00fablicas que hoje devem adotar medidas corretivas passam a n\u00e3o ter essa obriga\u00e7\u00e3o, que \u00e9 transferida para o poder p\u00fablico.<\/p>\n<p>No campo, esta medida representa o fim da reforma agr\u00e1ria porque retira da legisla\u00e7\u00e3o o que resta de pol\u00edtica agr\u00e1ria no Pa\u00eds e a modifica favorecendo que se antecipe a emancipa\u00e7\u00e3o dos lotes. Por tr\u00e1s desta flexibilidade h\u00e1 o interesse que essas terras voltem rapidamente ao mercado, que atua de forma implac\u00e1vel constrangendo os donos destas terras para que isso aconte\u00e7a. Ademais, a mudan\u00e7a restringe a participa\u00e7\u00e3o dos movimentos sociais rurais na negocia\u00e7\u00e3o dos temas agr\u00e1rios.<\/p>\n<p>Para ter dimens\u00e3o do impacto desta mudan\u00e7a: hoje os assentamentos somam 80 milh\u00f5es de hectares de terra onde (sendo aproximadamente 40 milh\u00f5es na Amaz\u00f4nia) residem 1 milh\u00e3o de fam\u00edlias que produzem alimentos que v\u00e3o para a mesa dos brasileiros e brasileiras \u2013 ao contr\u00e1rio da soja dos ruralistas.<\/p>\n<p>A MP 759 permite, ainda, a concentra\u00e7\u00e3o de terras e beneficia aqueles que a ocupam ilegalmente. Ela amplia um dos maiores erros do governo Lula, levado a cabo pelo ent\u00e3o ministro da Secretaria de Assuntos Estrat\u00e9gicos da Presid\u00eancia, Roberto Mangabeira Unger: o Programa Terra Legal na Amaz\u00f4nia.<\/p>\n<p>Este programa (Lei 11.952\/2009) permite a regulariza\u00e7\u00e3o em favor de quem j\u00e1 \u00e9 propriet\u00e1rio de outro im\u00f3vel e para ocupantes ap\u00f3s 2004. \u00c9 uma anistia a grileiros e tolera inclusive o desmatamento como forma de ocupa\u00e7\u00e3o. O Plano Amaz\u00f4nia Sustent\u00e1vel permitiu que se legalizasse at\u00e9 15 m\u00f3dulos de uma regi\u00e3o que pode ter at\u00e9 100 hectares: terras griladas, roubadas, saqueadas do territ\u00f3rio nacional. Agora esta medida estende este absurdo a todo o Pa\u00eds, destruindo v\u00e1rios procedimentos que vinham se consolidando.<\/p>\n<p>Este, sem d\u00favidas, \u00e9 o passo que querem dar rumo \u00e0 privatiza\u00e7\u00e3o n\u00e3o s\u00f3 da Amaz\u00f4nia, mas de todo territ\u00f3rio brasileiro. Por tr\u00e1s desta medida est\u00e1 o grande objetivo de permitir a venda de terras rurais a estrangeiros, proposta pelo Projeto de Lei n\u00ba 4.059\/2012, apoiado pelo atual governo.<\/p>\n<p>A aprova\u00e7\u00e3o desta medida provis\u00f3ria somada \u00e0 extin\u00e7\u00e3o do Minist\u00e9rio do Desenvolvimento Agr\u00e1rio representa a consolida\u00e7\u00e3o do projeto de estrangeiriza\u00e7\u00e3o de nossas terras. De acordo com dados do Incra, hoje temos 2,81 milh\u00f5es de hectares nas m\u00e3os de estrangeiros, o que representa mais do que todo territ\u00f3rio do estado do Alagoas.<\/p>\n<p>O que guia este interesse \u00e9 o princ\u00edpio da mercantiliza\u00e7\u00e3o e aliena\u00e7\u00e3o do territ\u00f3rio brasileiro. Para que se alcance este objetivo, precisam retirar entraves, exatamente o que a MP 759 faz. Entregam o patrim\u00f4nio p\u00fablico e distribuem senhas ao agroneg\u00f3cio provocando intensa viol\u00eancia social.<\/p>\n","protected":false},"excerpt":{"rendered":"<p>&nbsp; Publicado originalmente em Carta Capital H\u00e1 quase 40 anos, o Brasil vem construindo, passo a passo, o direito \u00e0 regulariza\u00e7\u00e3o fundi\u00e1ria. Com apenas uma canetada, o governo ileg\u00edtimo de Michel Temer pretende alterar 18 leis, inclusive de nossa Constitui\u00e7\u00e3o, passando por cima do que vem sendo trabalhado nestas d\u00e9cadas e avassalando o direito \u00e0 [&hellip;]<\/p>\n","protected":false},"author":2,"featured_media":16588,"comment_status":"open","ping_status":"open","sticky":false,"template":"","format":"standard","meta":{"_acf_changed":false,"footnotes":""},"categories":[3],"tags":[973,1748,3074,3006,326,3220],"class_list":{"0":"post-16587","1":"post","2":"type-post","3":"status-publish","4":"format-standard","5":"has-post-thumbnail","7":"category-artigos-e-entrevistas","8":"tag-edmilson-rodrigues","9":"tag-michel-temer","10":"tag-mp-759","11":"tag-questao-fundiaria","12":"tag-reforma-agraria","13":"tag-serraglio"},"acf":[],"yoast_head":"<!-- This site is optimized with the Yoast SEO plugin v26.5 - https:\/\/yoast.com\/wordpress\/plugins\/seo\/ -->\n<title>Edmilson Rodrigues | A MP 759 coloca o Brasil \u00e0 venda - PSOL 50<\/title>\n<meta name=\"robots\" content=\"index, follow, max-snippet:-1, max-image-preview:large, max-video-preview:-1\" \/>\n<link rel=\"canonical\" href=\"https:\/\/psol50.org.br\/edmilson-rodrigues-a-mp-759-coloca-o-brasil-a-venda\/\" \/>\n<meta property=\"og:locale\" content=\"pt_BR\" \/>\n<meta property=\"og:type\" content=\"article\" \/>\n<meta property=\"og:title\" content=\"Edmilson Rodrigues | A MP 759 coloca o Brasil \u00e0 venda - PSOL 50\" \/>\n<meta property=\"og:description\" content=\"&nbsp; Publicado originalmente em Carta Capital H\u00e1 quase 40 anos, o Brasil vem construindo, passo a passo, o direito \u00e0 regulariza\u00e7\u00e3o fundi\u00e1ria. Com apenas uma canetada, o governo ileg\u00edtimo de Michel Temer pretende alterar 18 leis, inclusive de nossa Constitui\u00e7\u00e3o, passando por cima do que vem sendo trabalhado nestas d\u00e9cadas e avassalando o direito \u00e0 [&hellip;]\" \/>\n<meta property=\"og:url\" content=\"https:\/\/psol50.org.br\/edmilson-rodrigues-a-mp-759-coloca-o-brasil-a-venda\/\" \/>\n<meta property=\"og:site_name\" content=\"PSOL 50\" \/>\n<meta property=\"article:publisher\" content=\"https:\/\/www.facebook.com\/psol50\" \/>\n<meta property=\"article:published_time\" content=\"2017-05-17T17:48:00+00:00\" \/>\n<meta property=\"og:image\" content=\"https:\/\/psol50.org.br\/inc\/uploads\/2018\/07\/capa.png\" \/>\n\t<meta property=\"og:image:width\" content=\"1350\" \/>\n\t<meta property=\"og:image:height\" content=\"900\" \/>\n\t<meta property=\"og:image:type\" content=\"image\/png\" \/>\n<meta name=\"author\" content=\"Comunica\u00e7\u00e3o PSOL\" \/>\n<meta name=\"twitter:card\" content=\"summary_large_image\" \/>\n<meta name=\"twitter:creator\" content=\"@psol50\" \/>\n<meta name=\"twitter:site\" content=\"@psol50\" \/>\n<meta name=\"twitter:label1\" content=\"Escrito por\" \/>\n\t<meta name=\"twitter:data1\" content=\"Comunica\u00e7\u00e3o PSOL\" \/>\n\t<meta name=\"twitter:label2\" content=\"Est. tempo de leitura\" \/>\n\t<meta name=\"twitter:data2\" content=\"5 minutos\" \/>\n<script type=\"application\/ld+json\" class=\"yoast-schema-graph\">{\"@context\":\"https:\/\/schema.org\",\"@graph\":[{\"@type\":\"Article\",\"@id\":\"https:\/\/psol50.org.br\/edmilson-rodrigues-a-mp-759-coloca-o-brasil-a-venda\/#article\",\"isPartOf\":{\"@id\":\"https:\/\/psol50.org.br\/edmilson-rodrigues-a-mp-759-coloca-o-brasil-a-venda\/\"},\"author\":{\"name\":\"Comunica\u00e7\u00e3o PSOL\",\"@id\":\"https:\/\/psol50.org.br\/#\/schema\/person\/475dfa57d0b815993c714c2e96491fcd\"},\"headline\":\"Edmilson Rodrigues | A MP 759 coloca o Brasil \u00e0 venda\",\"datePublished\":\"2017-05-17T17:48:00+00:00\",\"mainEntityOfPage\":{\"@id\":\"https:\/\/psol50.org.br\/edmilson-rodrigues-a-mp-759-coloca-o-brasil-a-venda\/\"},\"wordCount\":917,\"commentCount\":0,\"publisher\":{\"@id\":\"https:\/\/psol50.org.br\/#organization\"},\"image\":{\"@id\":\"https:\/\/psol50.org.br\/edmilson-rodrigues-a-mp-759-coloca-o-brasil-a-venda\/#primaryimage\"},\"thumbnailUrl\":\"\",\"keywords\":[\"Edmilson Rodrigues\",\"Michel Temer\",\"MP 759\",\"quest\u00e3o fundi\u00e1ria\",\"reforma agr\u00e1ria\",\"Serraglio\"],\"articleSection\":[\"Artigos\"],\"inLanguage\":\"pt-BR\",\"potentialAction\":[{\"@type\":\"CommentAction\",\"name\":\"Comment\",\"target\":[\"https:\/\/psol50.org.br\/edmilson-rodrigues-a-mp-759-coloca-o-brasil-a-venda\/#respond\"]}]},{\"@type\":\"WebPage\",\"@id\":\"https:\/\/psol50.org.br\/edmilson-rodrigues-a-mp-759-coloca-o-brasil-a-venda\/\",\"url\":\"https:\/\/psol50.org.br\/edmilson-rodrigues-a-mp-759-coloca-o-brasil-a-venda\/\",\"name\":\"Edmilson Rodrigues | A MP 759 coloca o Brasil \u00e0 venda - PSOL 50\",\"isPartOf\":{\"@id\":\"https:\/\/psol50.org.br\/#website\"},\"primaryImageOfPage\":{\"@id\":\"https:\/\/psol50.org.br\/edmilson-rodrigues-a-mp-759-coloca-o-brasil-a-venda\/#primaryimage\"},\"image\":{\"@id\":\"https:\/\/psol50.org.br\/edmilson-rodrigues-a-mp-759-coloca-o-brasil-a-venda\/#primaryimage\"},\"thumbnailUrl\":\"\",\"datePublished\":\"2017-05-17T17:48:00+00:00\",\"breadcrumb\":{\"@id\":\"https:\/\/psol50.org.br\/edmilson-rodrigues-a-mp-759-coloca-o-brasil-a-venda\/#breadcrumb\"},\"inLanguage\":\"pt-BR\",\"potentialAction\":[{\"@type\":\"ReadAction\",\"target\":[\"https:\/\/psol50.org.br\/edmilson-rodrigues-a-mp-759-coloca-o-brasil-a-venda\/\"]}]},{\"@type\":\"ImageObject\",\"inLanguage\":\"pt-BR\",\"@id\":\"https:\/\/psol50.org.br\/edmilson-rodrigues-a-mp-759-coloca-o-brasil-a-venda\/#primaryimage\",\"url\":\"\",\"contentUrl\":\"\"},{\"@type\":\"BreadcrumbList\",\"@id\":\"https:\/\/psol50.org.br\/edmilson-rodrigues-a-mp-759-coloca-o-brasil-a-venda\/#breadcrumb\",\"itemListElement\":[{\"@type\":\"ListItem\",\"position\":1,\"name\":\"In\u00edcio\",\"item\":\"https:\/\/psol50.org.br\/\"},{\"@type\":\"ListItem\",\"position\":2,\"name\":\"Edmilson Rodrigues | A MP 759 coloca o Brasil \u00e0 venda\"}]},{\"@type\":\"WebSite\",\"@id\":\"https:\/\/psol50.org.br\/#website\",\"url\":\"https:\/\/psol50.org.br\/\",\"name\":\"PSOL 50\",\"description\":\"Site oficial do Partido Socialismo e Liberdade\",\"publisher\":{\"@id\":\"https:\/\/psol50.org.br\/#organization\"},\"alternateName\":\"PSOL50\",\"potentialAction\":[{\"@type\":\"SearchAction\",\"target\":{\"@type\":\"EntryPoint\",\"urlTemplate\":\"https:\/\/psol50.org.br\/?s={search_term_string}\"},\"query-input\":{\"@type\":\"PropertyValueSpecification\",\"valueRequired\":true,\"valueName\":\"search_term_string\"}}],\"inLanguage\":\"pt-BR\"},{\"@type\":\"Organization\",\"@id\":\"https:\/\/psol50.org.br\/#organization\",\"name\":\"PSOL 50\",\"alternateName\":\"PSOL 50\",\"url\":\"https:\/\/psol50.org.br\/\",\"logo\":{\"@type\":\"ImageObject\",\"inLanguage\":\"pt-BR\",\"@id\":\"https:\/\/psol50.org.br\/#\/schema\/logo\/image\/\",\"url\":\"https:\/\/psol50.org.br\/inc\/uploads\/2018\/07\/capa.png\",\"contentUrl\":\"https:\/\/psol50.org.br\/inc\/uploads\/2018\/07\/capa.png\",\"width\":1350,\"height\":900,\"caption\":\"PSOL 50\"},\"image\":{\"@id\":\"https:\/\/psol50.org.br\/#\/schema\/logo\/image\/\"},\"sameAs\":[\"https:\/\/www.facebook.com\/psol50\",\"https:\/\/x.com\/psol50\",\"https:\/\/www.instagram.com\/psol50\/\",\"https:\/\/www.youtube.com\/channel\/UC7SnJS5o1os7a6CaiNabzcg\"]},{\"@type\":\"Person\",\"@id\":\"https:\/\/psol50.org.br\/#\/schema\/person\/475dfa57d0b815993c714c2e96491fcd\",\"name\":\"Comunica\u00e7\u00e3o PSOL\",\"image\":{\"@type\":\"ImageObject\",\"inLanguage\":\"pt-BR\",\"@id\":\"https:\/\/psol50.org.br\/#\/schema\/person\/image\/\",\"url\":\"https:\/\/secure.gravatar.com\/avatar\/b34fc4f4e468a4e51785917065a3db57b841f5c95dba6ad8c73aaf8f66f8f9bf?s=96&d=mm&r=g\",\"contentUrl\":\"https:\/\/secure.gravatar.com\/avatar\/b34fc4f4e468a4e51785917065a3db57b841f5c95dba6ad8c73aaf8f66f8f9bf?s=96&d=mm&r=g\",\"caption\":\"Comunica\u00e7\u00e3o PSOL\"}}]}<\/script>\n<!-- \/ Yoast SEO plugin. -->","yoast_head_json":{"title":"Edmilson Rodrigues | A MP 759 coloca o Brasil \u00e0 venda - PSOL 50","robots":{"index":"index","follow":"follow","max-snippet":"max-snippet:-1","max-image-preview":"max-image-preview:large","max-video-preview":"max-video-preview:-1"},"canonical":"https:\/\/psol50.org.br\/edmilson-rodrigues-a-mp-759-coloca-o-brasil-a-venda\/","og_locale":"pt_BR","og_type":"article","og_title":"Edmilson Rodrigues | A MP 759 coloca o Brasil \u00e0 venda - PSOL 50","og_description":"&nbsp; Publicado originalmente em Carta Capital H\u00e1 quase 40 anos, o Brasil vem construindo, passo a passo, o direito \u00e0 regulariza\u00e7\u00e3o fundi\u00e1ria. Com apenas uma canetada, o governo ileg\u00edtimo de Michel Temer pretende alterar 18 leis, inclusive de nossa Constitui\u00e7\u00e3o, passando por cima do que vem sendo trabalhado nestas d\u00e9cadas e avassalando o direito \u00e0 [&hellip;]","og_url":"https:\/\/psol50.org.br\/edmilson-rodrigues-a-mp-759-coloca-o-brasil-a-venda\/","og_site_name":"PSOL 50","article_publisher":"https:\/\/www.facebook.com\/psol50","article_published_time":"2017-05-17T17:48:00+00:00","og_image":[{"width":1350,"height":900,"url":"https:\/\/psol50.org.br\/inc\/uploads\/2018\/07\/capa.png","type":"image\/png"}],"author":"Comunica\u00e7\u00e3o PSOL","twitter_card":"summary_large_image","twitter_creator":"@psol50","twitter_site":"@psol50","twitter_misc":{"Escrito por":"Comunica\u00e7\u00e3o PSOL","Est. tempo de leitura":"5 minutos"},"schema":{"@context":"https:\/\/schema.org","@graph":[{"@type":"Article","@id":"https:\/\/psol50.org.br\/edmilson-rodrigues-a-mp-759-coloca-o-brasil-a-venda\/#article","isPartOf":{"@id":"https:\/\/psol50.org.br\/edmilson-rodrigues-a-mp-759-coloca-o-brasil-a-venda\/"},"author":{"name":"Comunica\u00e7\u00e3o PSOL","@id":"https:\/\/psol50.org.br\/#\/schema\/person\/475dfa57d0b815993c714c2e96491fcd"},"headline":"Edmilson Rodrigues | A MP 759 coloca o Brasil \u00e0 venda","datePublished":"2017-05-17T17:48:00+00:00","mainEntityOfPage":{"@id":"https:\/\/psol50.org.br\/edmilson-rodrigues-a-mp-759-coloca-o-brasil-a-venda\/"},"wordCount":917,"commentCount":0,"publisher":{"@id":"https:\/\/psol50.org.br\/#organization"},"image":{"@id":"https:\/\/psol50.org.br\/edmilson-rodrigues-a-mp-759-coloca-o-brasil-a-venda\/#primaryimage"},"thumbnailUrl":"","keywords":["Edmilson Rodrigues","Michel Temer","MP 759","quest\u00e3o fundi\u00e1ria","reforma agr\u00e1ria","Serraglio"],"articleSection":["Artigos"],"inLanguage":"pt-BR","potentialAction":[{"@type":"CommentAction","name":"Comment","target":["https:\/\/psol50.org.br\/edmilson-rodrigues-a-mp-759-coloca-o-brasil-a-venda\/#respond"]}]},{"@type":"WebPage","@id":"https:\/\/psol50.org.br\/edmilson-rodrigues-a-mp-759-coloca-o-brasil-a-venda\/","url":"https:\/\/psol50.org.br\/edmilson-rodrigues-a-mp-759-coloca-o-brasil-a-venda\/","name":"Edmilson Rodrigues | A MP 759 coloca o Brasil \u00e0 venda - PSOL 50","isPartOf":{"@id":"https:\/\/psol50.org.br\/#website"},"primaryImageOfPage":{"@id":"https:\/\/psol50.org.br\/edmilson-rodrigues-a-mp-759-coloca-o-brasil-a-venda\/#primaryimage"},"image":{"@id":"https:\/\/psol50.org.br\/edmilson-rodrigues-a-mp-759-coloca-o-brasil-a-venda\/#primaryimage"},"thumbnailUrl":"","datePublished":"2017-05-17T17:48:00+00:00","breadcrumb":{"@id":"https:\/\/psol50.org.br\/edmilson-rodrigues-a-mp-759-coloca-o-brasil-a-venda\/#breadcrumb"},"inLanguage":"pt-BR","potentialAction":[{"@type":"ReadAction","target":["https:\/\/psol50.org.br\/edmilson-rodrigues-a-mp-759-coloca-o-brasil-a-venda\/"]}]},{"@type":"ImageObject","inLanguage":"pt-BR","@id":"https:\/\/psol50.org.br\/edmilson-rodrigues-a-mp-759-coloca-o-brasil-a-venda\/#primaryimage","url":"","contentUrl":""},{"@type":"BreadcrumbList","@id":"https:\/\/psol50.org.br\/edmilson-rodrigues-a-mp-759-coloca-o-brasil-a-venda\/#breadcrumb","itemListElement":[{"@type":"ListItem","position":1,"name":"In\u00edcio","item":"https:\/\/psol50.org.br\/"},{"@type":"ListItem","position":2,"name":"Edmilson Rodrigues | A MP 759 coloca o Brasil \u00e0 venda"}]},{"@type":"WebSite","@id":"https:\/\/psol50.org.br\/#website","url":"https:\/\/psol50.org.br\/","name":"PSOL 50","description":"Site oficial do Partido Socialismo e Liberdade","publisher":{"@id":"https:\/\/psol50.org.br\/#organization"},"alternateName":"PSOL50","potentialAction":[{"@type":"SearchAction","target":{"@type":"EntryPoint","urlTemplate":"https:\/\/psol50.org.br\/?s={search_term_string}"},"query-input":{"@type":"PropertyValueSpecification","valueRequired":true,"valueName":"search_term_string"}}],"inLanguage":"pt-BR"},{"@type":"Organization","@id":"https:\/\/psol50.org.br\/#organization","name":"PSOL 50","alternateName":"PSOL 50","url":"https:\/\/psol50.org.br\/","logo":{"@type":"ImageObject","inLanguage":"pt-BR","@id":"https:\/\/psol50.org.br\/#\/schema\/logo\/image\/","url":"https:\/\/psol50.org.br\/inc\/uploads\/2018\/07\/capa.png","contentUrl":"https:\/\/psol50.org.br\/inc\/uploads\/2018\/07\/capa.png","width":1350,"height":900,"caption":"PSOL 50"},"image":{"@id":"https:\/\/psol50.org.br\/#\/schema\/logo\/image\/"},"sameAs":["https:\/\/www.facebook.com\/psol50","https:\/\/x.com\/psol50","https:\/\/www.instagram.com\/psol50\/","https:\/\/www.youtube.com\/channel\/UC7SnJS5o1os7a6CaiNabzcg"]},{"@type":"Person","@id":"https:\/\/psol50.org.br\/#\/schema\/person\/475dfa57d0b815993c714c2e96491fcd","name":"Comunica\u00e7\u00e3o PSOL","image":{"@type":"ImageObject","inLanguage":"pt-BR","@id":"https:\/\/psol50.org.br\/#\/schema\/person\/image\/","url":"https:\/\/secure.gravatar.com\/avatar\/b34fc4f4e468a4e51785917065a3db57b841f5c95dba6ad8c73aaf8f66f8f9bf?s=96&d=mm&r=g","contentUrl":"https:\/\/secure.gravatar.com\/avatar\/b34fc4f4e468a4e51785917065a3db57b841f5c95dba6ad8c73aaf8f66f8f9bf?s=96&d=mm&r=g","caption":"Comunica\u00e7\u00e3o PSOL"}}]}},"_links":{"self":[{"href":"https:\/\/psol50.org.br\/rest\/wp\/v2\/posts\/16587","targetHints":{"allow":["GET"]}}],"collection":[{"href":"https:\/\/psol50.org.br\/rest\/wp\/v2\/posts"}],"about":[{"href":"https:\/\/psol50.org.br\/rest\/wp\/v2\/types\/post"}],"author":[{"embeddable":true,"href":"https:\/\/psol50.org.br\/rest\/wp\/v2\/users\/2"}],"replies":[{"embeddable":true,"href":"https:\/\/psol50.org.br\/rest\/wp\/v2\/comments?post=16587"}],"version-history":[{"count":0,"href":"https:\/\/psol50.org.br\/rest\/wp\/v2\/posts\/16587\/revisions"}],"wp:featuredmedia":[{"embeddable":true,"href":"https:\/\/psol50.org.br\/rest\/"}],"wp:attachment":[{"href":"https:\/\/psol50.org.br\/rest\/wp\/v2\/media?parent=16587"}],"wp:term":[{"taxonomy":"category","embeddable":true,"href":"https:\/\/psol50.org.br\/rest\/wp\/v2\/categories?post=16587"},{"taxonomy":"post_tag","embeddable":true,"href":"https:\/\/psol50.org.br\/rest\/wp\/v2\/tags?post=16587"}],"curies":[{"name":"wp","href":"https:\/\/api.w.org\/{rel}","templated":true}]}}