{"id":16596,"date":"2017-05-17T23:29:30","date_gmt":"2017-05-17T23:29:30","guid":{"rendered":"http:\/\/www.psol50.org.br\/?p=16596"},"modified":"2017-05-17T23:29:30","modified_gmt":"2017-05-17T23:29:30","slug":"o-governo-temer-acabou-e-hora-de-derrota-lo-nas-ruas","status":"publish","type":"post","link":"https:\/\/psol50.org.br\/o-governo-temer-acabou-e-hora-de-derrota-lo-nas-ruas\/","title":{"rendered":"O governo Temer acabou: \u00e9 hora de derrot\u00e1-lo nas ruas!"},"content":{"rendered":"<p>O jornal <span style=\"color: #3366ff;\"><strong><a style=\"color: #3366ff;\" href=\"http:\/\/g1.globo.com\/politica\/noticia\/dono-da-jbs-gravou-temer-dando-autorizacao-para-comprar-silencio-de-cunha-diz-jornal.ghtml\" target=\"_blank\" rel=\"noopener noreferrer\">O Globo<\/a><\/strong><\/span> noticiou uma verdadeira bomba na noite desta quarta-feira (17\/05): o presidente ileg\u00edtimo Michel Temer foi gravado pelo dono da JBS dando seu aval para a compra do sil\u00eancio do deputado cassado Eduardo Cunha.<\/p>\n<p>A informa\u00e7\u00e3o foi passada em dela\u00e7\u00e3o para a Procuradoria-Geral da Rep\u00fablica (PGR) na \u00faltima semana. O objetivo da opera\u00e7\u00e3o era garantir que Cunha, preso pela Opera\u00e7\u00e3o Lava-Jato, n\u00e3o relevasse informa\u00e7\u00f5es comprometedoras \u00e0 Justi\u00e7a.<\/p>\n<p>O senador e ex-presidenci\u00e1vel A\u00e9cio Neves tamb\u00e9m foi flagrado na den\u00fancia, pedindo R$2 milh\u00f5es. O primo do tucano foi flagrado recebendo dinheiro.<\/p>\n<p>Nas grava\u00e7\u00f5es, o empres\u00e1rio Joesley Batista diz para Temer que estava dando a Cunha e ao operador L\u00facio Funaro, tamb\u00e9m preso, uma &#8220;mesada&#8221; para que eles permanecessem calados. Temer diz: &#8220;tem que manter isso, viu?&#8221;.<\/p>\n<p>Al\u00e9m disso, em outra grava\u00e7\u00e3o, Temer indica o deputado Rodrigo Rocha Lourdes (PMDB\/PR) para intermediar assuntos de interesse da JBS. O mesmo deputado foi filmado, posteriormente, recebendo uma mala com R$500 mil de Joesley.<\/p>\n<p>O presidente golpista, que j\u00e1 enfrentava dificuldades para garantir a aprova\u00e7\u00e3o da nefasta Reforma da Previd\u00eancia, carro-chefe de seu desgoverno, agora est\u00e1 \u00e0 beira do abismo. A hora \u00e9 de mobilizar para a sua derrocada total: Fora Temer e novas elei\u00e7\u00f5es diretas, j\u00e1!<\/p>\n<p>A oposi\u00e7\u00e3o na C\u00e2mara dos Deputados j\u00e1 articula o protocolo de um pedido de impeachment de Temer, al\u00e9m da exig\u00eancia da ren\u00fancia do presidente &#8211; cada vez mais ileg\u00edtimo.<\/p>\n<p>Dia 24, os movimentos sociais do pa\u00eds\u00a0inteiro v\u00e3o ocupar a capital Bras\u00edlia contra os desmontes do governo. <span style=\"color: #3366ff;\"><strong><a style=\"color: #3366ff;\" href=\"https:\/\/goo.gl\/PUMkec\" target=\"_blank\" rel=\"noopener noreferrer\">Confirme presen\u00e7a no #OcupaBras\u00edlia clicando aqui<\/a><\/strong><\/span>.<\/p>\n<p>Confira a repercuss\u00e3o da not\u00edcia:<\/p>\n<p><a href=\"https:\/\/www.facebook.com\/glauber.braga1\/videos\/803775119779511\/?hc_ref=PAGES_TIMELINE\">https:\/\/www.facebook.com\/glauber.braga1\/videos\/803775119779511\/?hc_ref=PAGES_TIMELINE<\/a><\/p>\n<p>.<\/p>\n<p><a href=\"https:\/\/www.facebook.com\/chicoalencar\/videos\/1119090234859893\/?hc_ref=PAGES_TIMELINE\">https:\/\/www.facebook.com\/chicoalencar\/videos\/1119090234859893\/?hc_ref=PAGES_TIMELINE<\/a><\/p>\n<p>.<\/p>\n<p><a href=\"https:\/\/www.facebook.com\/jean.wyllys\/videos\/1426688184045851\/?hc_ref=PAGES_TIMELINE\">https:\/\/www.facebook.com\/jean.wyllys\/videos\/1426688184045851\/?hc_ref=PAGES_TIMELINE<\/a><\/p>\n<p>.<\/p>\n<p><a href=\"https:\/\/www.facebook.com\/edmilsonpsol\/videos\/1603451919695276\/?hc_ref=PAGES_TIMELINE\">https:\/\/www.facebook.com\/edmilsonpsol\/videos\/1603451919695276\/?hc_ref=PAGES_TIMELINE<\/a><\/p>\n","protected":false},"excerpt":{"rendered":"<p>O jornal O Globo noticiou uma verdadeira bomba na noite desta quarta-feira (17\/05): o presidente ileg\u00edtimo Michel Temer foi gravado pelo dono da JBS dando seu aval para a compra do sil\u00eancio do deputado cassado Eduardo Cunha. A informa\u00e7\u00e3o foi passada em dela\u00e7\u00e3o para a Procuradoria-Geral da Rep\u00fablica (PGR) na \u00faltima semana. O objetivo da [&hellip;]<\/p>\n","protected":false},"author":2,"featured_media":13636,"comment_status":"open","ping_status":"open","sticky":false,"template":"","format":"standard","meta":{"_acf_changed":false,"footnotes":""},"categories":[10,1882,6],"tags":[3063,58,2169,220,3221,1749],"class_list":{"0":"post-16596","1":"post","2":"type-post","3":"status-publish","4":"format-standard","5":"has-post-thumbnail","7":"category-acao-parlamentares","8":"category-brasil","9":"category-noticias","10":"tag-aecio-neves","11":"tag-corrupcao","12":"tag-fora-temer","13":"tag-impeachment","14":"tag-jbs","15":"tag-operacao-lava-jato"},"acf":[],"yoast_head":"<!-- This site is optimized with the Yoast SEO plugin v26.5 - https:\/\/yoast.com\/wordpress\/plugins\/seo\/ -->\n<title>O governo Temer acabou: \u00e9 hora de derrot\u00e1-lo nas ruas! - PSOL 50<\/title>\n<meta name=\"robots\" content=\"index, follow, max-snippet:-1, max-image-preview:large, max-video-preview:-1\" \/>\n<link rel=\"canonical\" href=\"https:\/\/psol50.org.br\/o-governo-temer-acabou-e-hora-de-derrota-lo-nas-ruas\/\" \/>\n<meta property=\"og:locale\" content=\"pt_BR\" \/>\n<meta property=\"og:type\" content=\"article\" \/>\n<meta property=\"og:title\" content=\"O governo Temer acabou: \u00e9 hora de derrot\u00e1-lo nas ruas! - PSOL 50\" \/>\n<meta property=\"og:description\" content=\"O jornal O Globo noticiou uma verdadeira bomba na noite desta quarta-feira (17\/05): o presidente ileg\u00edtimo Michel Temer foi gravado pelo dono da JBS dando seu aval para a compra do sil\u00eancio do deputado cassado Eduardo Cunha. A informa\u00e7\u00e3o foi passada em dela\u00e7\u00e3o para a Procuradoria-Geral da Rep\u00fablica (PGR) na \u00faltima semana. O objetivo da [&hellip;]\" \/>\n<meta property=\"og:url\" content=\"https:\/\/psol50.org.br\/o-governo-temer-acabou-e-hora-de-derrota-lo-nas-ruas\/\" \/>\n<meta property=\"og:site_name\" content=\"PSOL 50\" \/>\n<meta property=\"article:publisher\" content=\"https:\/\/www.facebook.com\/psol50\" \/>\n<meta property=\"article:published_time\" content=\"2017-05-17T23:29:30+00:00\" \/>\n<meta property=\"og:image\" content=\"https:\/\/psol50.org.br\/inc\/uploads\/2016\/09\/Temer-e-Cunha-Antonio-Cruz-ABr.jpg\" \/>\n\t<meta property=\"og:image:width\" content=\"750\" \/>\n\t<meta property=\"og:image:height\" content=\"503\" \/>\n\t<meta property=\"og:image:type\" content=\"image\/jpeg\" \/>\n<meta name=\"author\" content=\"Comunica\u00e7\u00e3o PSOL\" \/>\n<meta name=\"twitter:card\" content=\"summary_large_image\" \/>\n<meta name=\"twitter:creator\" content=\"@psol50\" \/>\n<meta name=\"twitter:site\" content=\"@psol50\" \/>\n<meta name=\"twitter:label1\" content=\"Escrito por\" \/>\n\t<meta name=\"twitter:data1\" content=\"Comunica\u00e7\u00e3o PSOL\" \/>\n\t<meta name=\"twitter:label2\" content=\"Est. tempo de leitura\" \/>\n\t<meta name=\"twitter:data2\" content=\"2 minutos\" \/>\n<script type=\"application\/ld+json\" class=\"yoast-schema-graph\">{\"@context\":\"https:\/\/schema.org\",\"@graph\":[{\"@type\":\"Article\",\"@id\":\"https:\/\/psol50.org.br\/o-governo-temer-acabou-e-hora-de-derrota-lo-nas-ruas\/#article\",\"isPartOf\":{\"@id\":\"https:\/\/psol50.org.br\/o-governo-temer-acabou-e-hora-de-derrota-lo-nas-ruas\/\"},\"author\":{\"name\":\"Comunica\u00e7\u00e3o PSOL\",\"@id\":\"https:\/\/psol50.org.br\/#\/schema\/person\/475dfa57d0b815993c714c2e96491fcd\"},\"headline\":\"O governo Temer acabou: \u00e9 hora de derrot\u00e1-lo nas ruas!\",\"datePublished\":\"2017-05-17T23:29:30+00:00\",\"mainEntityOfPage\":{\"@id\":\"https:\/\/psol50.org.br\/o-governo-temer-acabou-e-hora-de-derrota-lo-nas-ruas\/\"},\"wordCount\":355,\"commentCount\":0,\"publisher\":{\"@id\":\"https:\/\/psol50.org.br\/#organization\"},\"image\":{\"@id\":\"https:\/\/psol50.org.br\/o-governo-temer-acabou-e-hora-de-derrota-lo-nas-ruas\/#primaryimage\"},\"thumbnailUrl\":\"https:\/\/psol50.org.br\/inc\/uploads\/2016\/09\/Temer-e-Cunha-Antonio-Cruz-ABr.jpg\",\"keywords\":[\"A\u00e9cio Neves\",\"corrup\u00e7\u00e3o\",\"Fora Temer\",\"impeachment\",\"JBS\",\"Opera\u00e7\u00e3o Lava-Jato\"],\"articleSection\":[\"A\u00e7\u00e3o Parlamentar\",\"Brasil\",\"Not\u00edcias\"],\"inLanguage\":\"pt-BR\",\"potentialAction\":[{\"@type\":\"CommentAction\",\"name\":\"Comment\",\"target\":[\"https:\/\/psol50.org.br\/o-governo-temer-acabou-e-hora-de-derrota-lo-nas-ruas\/#respond\"]}]},{\"@type\":\"WebPage\",\"@id\":\"https:\/\/psol50.org.br\/o-governo-temer-acabou-e-hora-de-derrota-lo-nas-ruas\/\",\"url\":\"https:\/\/psol50.org.br\/o-governo-temer-acabou-e-hora-de-derrota-lo-nas-ruas\/\",\"name\":\"O governo Temer acabou: \u00e9 hora de derrot\u00e1-lo nas ruas! - PSOL 50\",\"isPartOf\":{\"@id\":\"https:\/\/psol50.org.br\/#website\"},\"primaryImageOfPage\":{\"@id\":\"https:\/\/psol50.org.br\/o-governo-temer-acabou-e-hora-de-derrota-lo-nas-ruas\/#primaryimage\"},\"image\":{\"@id\":\"https:\/\/psol50.org.br\/o-governo-temer-acabou-e-hora-de-derrota-lo-nas-ruas\/#primaryimage\"},\"thumbnailUrl\":\"https:\/\/psol50.org.br\/inc\/uploads\/2016\/09\/Temer-e-Cunha-Antonio-Cruz-ABr.jpg\",\"datePublished\":\"2017-05-17T23:29:30+00:00\",\"breadcrumb\":{\"@id\":\"https:\/\/psol50.org.br\/o-governo-temer-acabou-e-hora-de-derrota-lo-nas-ruas\/#breadcrumb\"},\"inLanguage\":\"pt-BR\",\"potentialAction\":[{\"@type\":\"ReadAction\",\"target\":[\"https:\/\/psol50.org.br\/o-governo-temer-acabou-e-hora-de-derrota-lo-nas-ruas\/\"]}]},{\"@type\":\"ImageObject\",\"inLanguage\":\"pt-BR\",\"@id\":\"https:\/\/psol50.org.br\/o-governo-temer-acabou-e-hora-de-derrota-lo-nas-ruas\/#primaryimage\",\"url\":\"https:\/\/psol50.org.br\/inc\/uploads\/2016\/09\/Temer-e-Cunha-Antonio-Cruz-ABr.jpg\",\"contentUrl\":\"https:\/\/psol50.org.br\/inc\/uploads\/2016\/09\/Temer-e-Cunha-Antonio-Cruz-ABr.jpg\",\"width\":750,\"height\":503},{\"@type\":\"BreadcrumbList\",\"@id\":\"https:\/\/psol50.org.br\/o-governo-temer-acabou-e-hora-de-derrota-lo-nas-ruas\/#breadcrumb\",\"itemListElement\":[{\"@type\":\"ListItem\",\"position\":1,\"name\":\"In\u00edcio\",\"item\":\"https:\/\/psol50.org.br\/\"},{\"@type\":\"ListItem\",\"position\":2,\"name\":\"O governo Temer acabou: \u00e9 hora de derrot\u00e1-lo nas ruas!\"}]},{\"@type\":\"WebSite\",\"@id\":\"https:\/\/psol50.org.br\/#website\",\"url\":\"https:\/\/psol50.org.br\/\",\"name\":\"PSOL 50\",\"description\":\"Site oficial do Partido Socialismo e Liberdade\",\"publisher\":{\"@id\":\"https:\/\/psol50.org.br\/#organization\"},\"alternateName\":\"PSOL50\",\"potentialAction\":[{\"@type\":\"SearchAction\",\"target\":{\"@type\":\"EntryPoint\",\"urlTemplate\":\"https:\/\/psol50.org.br\/?s={search_term_string}\"},\"query-input\":{\"@type\":\"PropertyValueSpecification\",\"valueRequired\":true,\"valueName\":\"search_term_string\"}}],\"inLanguage\":\"pt-BR\"},{\"@type\":\"Organization\",\"@id\":\"https:\/\/psol50.org.br\/#organization\",\"name\":\"PSOL 50\",\"alternateName\":\"PSOL 50\",\"url\":\"https:\/\/psol50.org.br\/\",\"logo\":{\"@type\":\"ImageObject\",\"inLanguage\":\"pt-BR\",\"@id\":\"https:\/\/psol50.org.br\/#\/schema\/logo\/image\/\",\"url\":\"https:\/\/psol50.org.br\/inc\/uploads\/2018\/07\/capa.png\",\"contentUrl\":\"https:\/\/psol50.org.br\/inc\/uploads\/2018\/07\/capa.png\",\"width\":1350,\"height\":900,\"caption\":\"PSOL 50\"},\"image\":{\"@id\":\"https:\/\/psol50.org.br\/#\/schema\/logo\/image\/\"},\"sameAs\":[\"https:\/\/www.facebook.com\/psol50\",\"https:\/\/x.com\/psol50\",\"https:\/\/www.instagram.com\/psol50\/\",\"https:\/\/www.youtube.com\/channel\/UC7SnJS5o1os7a6CaiNabzcg\"]},{\"@type\":\"Person\",\"@id\":\"https:\/\/psol50.org.br\/#\/schema\/person\/475dfa57d0b815993c714c2e96491fcd\",\"name\":\"Comunica\u00e7\u00e3o PSOL\",\"image\":{\"@type\":\"ImageObject\",\"inLanguage\":\"pt-BR\",\"@id\":\"https:\/\/psol50.org.br\/#\/schema\/person\/image\/\",\"url\":\"https:\/\/secure.gravatar.com\/avatar\/b34fc4f4e468a4e51785917065a3db57b841f5c95dba6ad8c73aaf8f66f8f9bf?s=96&d=mm&r=g\",\"contentUrl\":\"https:\/\/secure.gravatar.com\/avatar\/b34fc4f4e468a4e51785917065a3db57b841f5c95dba6ad8c73aaf8f66f8f9bf?s=96&d=mm&r=g\",\"caption\":\"Comunica\u00e7\u00e3o PSOL\"}}]}<\/script>\n<!-- \/ Yoast SEO plugin. -->","yoast_head_json":{"title":"O governo Temer acabou: \u00e9 hora de derrot\u00e1-lo nas ruas! - PSOL 50","robots":{"index":"index","follow":"follow","max-snippet":"max-snippet:-1","max-image-preview":"max-image-preview:large","max-video-preview":"max-video-preview:-1"},"canonical":"https:\/\/psol50.org.br\/o-governo-temer-acabou-e-hora-de-derrota-lo-nas-ruas\/","og_locale":"pt_BR","og_type":"article","og_title":"O governo Temer acabou: \u00e9 hora de derrot\u00e1-lo nas ruas! - PSOL 50","og_description":"O jornal O Globo noticiou uma verdadeira bomba na noite desta quarta-feira (17\/05): o presidente ileg\u00edtimo Michel Temer foi gravado pelo dono da JBS dando seu aval para a compra do sil\u00eancio do deputado cassado Eduardo Cunha. A informa\u00e7\u00e3o foi passada em dela\u00e7\u00e3o para a Procuradoria-Geral da Rep\u00fablica (PGR) na \u00faltima semana. O objetivo da [&hellip;]","og_url":"https:\/\/psol50.org.br\/o-governo-temer-acabou-e-hora-de-derrota-lo-nas-ruas\/","og_site_name":"PSOL 50","article_publisher":"https:\/\/www.facebook.com\/psol50","article_published_time":"2017-05-17T23:29:30+00:00","og_image":[{"width":750,"height":503,"url":"https:\/\/psol50.org.br\/inc\/uploads\/2016\/09\/Temer-e-Cunha-Antonio-Cruz-ABr.jpg","type":"image\/jpeg"}],"author":"Comunica\u00e7\u00e3o PSOL","twitter_card":"summary_large_image","twitter_creator":"@psol50","twitter_site":"@psol50","twitter_misc":{"Escrito por":"Comunica\u00e7\u00e3o PSOL","Est. tempo de leitura":"2 minutos"},"schema":{"@context":"https:\/\/schema.org","@graph":[{"@type":"Article","@id":"https:\/\/psol50.org.br\/o-governo-temer-acabou-e-hora-de-derrota-lo-nas-ruas\/#article","isPartOf":{"@id":"https:\/\/psol50.org.br\/o-governo-temer-acabou-e-hora-de-derrota-lo-nas-ruas\/"},"author":{"name":"Comunica\u00e7\u00e3o PSOL","@id":"https:\/\/psol50.org.br\/#\/schema\/person\/475dfa57d0b815993c714c2e96491fcd"},"headline":"O governo Temer acabou: \u00e9 hora de derrot\u00e1-lo nas ruas!","datePublished":"2017-05-17T23:29:30+00:00","mainEntityOfPage":{"@id":"https:\/\/psol50.org.br\/o-governo-temer-acabou-e-hora-de-derrota-lo-nas-ruas\/"},"wordCount":355,"commentCount":0,"publisher":{"@id":"https:\/\/psol50.org.br\/#organization"},"image":{"@id":"https:\/\/psol50.org.br\/o-governo-temer-acabou-e-hora-de-derrota-lo-nas-ruas\/#primaryimage"},"thumbnailUrl":"https:\/\/psol50.org.br\/inc\/uploads\/2016\/09\/Temer-e-Cunha-Antonio-Cruz-ABr.jpg","keywords":["A\u00e9cio Neves","corrup\u00e7\u00e3o","Fora Temer","impeachment","JBS","Opera\u00e7\u00e3o Lava-Jato"],"articleSection":["A\u00e7\u00e3o Parlamentar","Brasil","Not\u00edcias"],"inLanguage":"pt-BR","potentialAction":[{"@type":"CommentAction","name":"Comment","target":["https:\/\/psol50.org.br\/o-governo-temer-acabou-e-hora-de-derrota-lo-nas-ruas\/#respond"]}]},{"@type":"WebPage","@id":"https:\/\/psol50.org.br\/o-governo-temer-acabou-e-hora-de-derrota-lo-nas-ruas\/","url":"https:\/\/psol50.org.br\/o-governo-temer-acabou-e-hora-de-derrota-lo-nas-ruas\/","name":"O governo Temer acabou: \u00e9 hora de derrot\u00e1-lo nas ruas! - PSOL 50","isPartOf":{"@id":"https:\/\/psol50.org.br\/#website"},"primaryImageOfPage":{"@id":"https:\/\/psol50.org.br\/o-governo-temer-acabou-e-hora-de-derrota-lo-nas-ruas\/#primaryimage"},"image":{"@id":"https:\/\/psol50.org.br\/o-governo-temer-acabou-e-hora-de-derrota-lo-nas-ruas\/#primaryimage"},"thumbnailUrl":"https:\/\/psol50.org.br\/inc\/uploads\/2016\/09\/Temer-e-Cunha-Antonio-Cruz-ABr.jpg","datePublished":"2017-05-17T23:29:30+00:00","breadcrumb":{"@id":"https:\/\/psol50.org.br\/o-governo-temer-acabou-e-hora-de-derrota-lo-nas-ruas\/#breadcrumb"},"inLanguage":"pt-BR","potentialAction":[{"@type":"ReadAction","target":["https:\/\/psol50.org.br\/o-governo-temer-acabou-e-hora-de-derrota-lo-nas-ruas\/"]}]},{"@type":"ImageObject","inLanguage":"pt-BR","@id":"https:\/\/psol50.org.br\/o-governo-temer-acabou-e-hora-de-derrota-lo-nas-ruas\/#primaryimage","url":"https:\/\/psol50.org.br\/inc\/uploads\/2016\/09\/Temer-e-Cunha-Antonio-Cruz-ABr.jpg","contentUrl":"https:\/\/psol50.org.br\/inc\/uploads\/2016\/09\/Temer-e-Cunha-Antonio-Cruz-ABr.jpg","width":750,"height":503},{"@type":"BreadcrumbList","@id":"https:\/\/psol50.org.br\/o-governo-temer-acabou-e-hora-de-derrota-lo-nas-ruas\/#breadcrumb","itemListElement":[{"@type":"ListItem","position":1,"name":"In\u00edcio","item":"https:\/\/psol50.org.br\/"},{"@type":"ListItem","position":2,"name":"O governo Temer acabou: \u00e9 hora de derrot\u00e1-lo nas ruas!"}]},{"@type":"WebSite","@id":"https:\/\/psol50.org.br\/#website","url":"https:\/\/psol50.org.br\/","name":"PSOL 50","description":"Site oficial do Partido Socialismo e Liberdade","publisher":{"@id":"https:\/\/psol50.org.br\/#organization"},"alternateName":"PSOL50","potentialAction":[{"@type":"SearchAction","target":{"@type":"EntryPoint","urlTemplate":"https:\/\/psol50.org.br\/?s={search_term_string}"},"query-input":{"@type":"PropertyValueSpecification","valueRequired":true,"valueName":"search_term_string"}}],"inLanguage":"pt-BR"},{"@type":"Organization","@id":"https:\/\/psol50.org.br\/#organization","name":"PSOL 50","alternateName":"PSOL 50","url":"https:\/\/psol50.org.br\/","logo":{"@type":"ImageObject","inLanguage":"pt-BR","@id":"https:\/\/psol50.org.br\/#\/schema\/logo\/image\/","url":"https:\/\/psol50.org.br\/inc\/uploads\/2018\/07\/capa.png","contentUrl":"https:\/\/psol50.org.br\/inc\/uploads\/2018\/07\/capa.png","width":1350,"height":900,"caption":"PSOL 50"},"image":{"@id":"https:\/\/psol50.org.br\/#\/schema\/logo\/image\/"},"sameAs":["https:\/\/www.facebook.com\/psol50","https:\/\/x.com\/psol50","https:\/\/www.instagram.com\/psol50\/","https:\/\/www.youtube.com\/channel\/UC7SnJS5o1os7a6CaiNabzcg"]},{"@type":"Person","@id":"https:\/\/psol50.org.br\/#\/schema\/person\/475dfa57d0b815993c714c2e96491fcd","name":"Comunica\u00e7\u00e3o PSOL","image":{"@type":"ImageObject","inLanguage":"pt-BR","@id":"https:\/\/psol50.org.br\/#\/schema\/person\/image\/","url":"https:\/\/secure.gravatar.com\/avatar\/b34fc4f4e468a4e51785917065a3db57b841f5c95dba6ad8c73aaf8f66f8f9bf?s=96&d=mm&r=g","contentUrl":"https:\/\/secure.gravatar.com\/avatar\/b34fc4f4e468a4e51785917065a3db57b841f5c95dba6ad8c73aaf8f66f8f9bf?s=96&d=mm&r=g","caption":"Comunica\u00e7\u00e3o PSOL"}}]}},"_links":{"self":[{"href":"https:\/\/psol50.org.br\/rest\/wp\/v2\/posts\/16596","targetHints":{"allow":["GET"]}}],"collection":[{"href":"https:\/\/psol50.org.br\/rest\/wp\/v2\/posts"}],"about":[{"href":"https:\/\/psol50.org.br\/rest\/wp\/v2\/types\/post"}],"author":[{"embeddable":true,"href":"https:\/\/psol50.org.br\/rest\/wp\/v2\/users\/2"}],"replies":[{"embeddable":true,"href":"https:\/\/psol50.org.br\/rest\/wp\/v2\/comments?post=16596"}],"version-history":[{"count":0,"href":"https:\/\/psol50.org.br\/rest\/wp\/v2\/posts\/16596\/revisions"}],"wp:featuredmedia":[{"embeddable":true,"href":"https:\/\/psol50.org.br\/rest\/wp\/v2\/media\/13636"}],"wp:attachment":[{"href":"https:\/\/psol50.org.br\/rest\/wp\/v2\/media?parent=16596"}],"wp:term":[{"taxonomy":"category","embeddable":true,"href":"https:\/\/psol50.org.br\/rest\/wp\/v2\/categories?post=16596"},{"taxonomy":"post_tag","embeddable":true,"href":"https:\/\/psol50.org.br\/rest\/wp\/v2\/tags?post=16596"}],"curies":[{"name":"wp","href":"https:\/\/api.w.org\/{rel}","templated":true}]}}