{"id":16607,"date":"2017-05-18T12:59:09","date_gmt":"2017-05-18T12:59:09","guid":{"rendered":"http:\/\/www.psol50.org.br\/?p=16607"},"modified":"2017-05-18T12:59:09","modified_gmt":"2017-05-18T12:59:09","slug":"psol-defende-imediata-prisao-de-aecio-neves-ja-afastado-do-mandato-de-senador","status":"publish","type":"post","link":"https:\/\/psol50.org.br\/psol-defende-imediata-prisao-de-aecio-neves-ja-afastado-do-mandato-de-senador\/","title":{"rendered":"PSOL defende imediata pris\u00e3o de A\u00e9cio Neves, j\u00e1 afastado do mandato de senador"},"content":{"rendered":"<p><a href=\"http:\/\/www.psol50.org.br\/blog\/2017\/05\/17\/o-governo-temer-acabou-e-hora-de-derrota-lo-nas-ruas\/\" target=\"_blank\" rel=\"noopener noreferrer\"><strong><span style=\"color: #0000ff;\">A revela\u00e7\u00e3o da empresa JBS, do mesmo grupo mantenedor da gigante Friboi, que veio \u00e0 tona na noite desta quarta-feira (17\/05), <\/span><\/strong><\/a><span style=\"color: #0000ff;\"><span style=\"color: #000000;\">ap\u00f3s mais uma dela\u00e7\u00e3o da opera\u00e7\u00e3o Lava-Jato, parece ruir as estruturas do governo de Michel Temer e tudo que est\u00e1 em sua volta<\/span><\/span>. Depois de\u00a0serem divulgadas grava\u00e7\u00f5es demonstrando que o presidente ileg\u00edtimo comprou o sil\u00eancio do ex-presidente da C\u00e2mara Eduardo Cunha, cassado no ano passado, agora um dos seus principais aliados virou o maior alvo do esc\u00e2ndalo. O presidente nacional do PSDB, A\u00e9cio Neves, (MG), foi afastado, na manh\u00e3 desta quinta (18), do seu mandato de senador. A decis\u00e3o foi do ministro do Supremo Tribunal Federal (STF) Edson Fachin.<\/p>\n<p>A Procuradoria Geral da Rep\u00fablica (PGR) tamb\u00e9m pediu a pris\u00e3o de A\u00e9cio, mas Fachin decidiu encaminhar o caso para aprecia\u00e7\u00e3o do plen\u00e1rio do Supremo. Reportagem publicada pelo jornal &#8220;O Globo&#8221; revelou que o dono do frigor\u00edfico JBS, Joesley Batista, entregou \u00e0 PGR uma grava\u00e7\u00e3o na qual <span style=\"color: #0000ff;\"><strong><a style=\"color: #0000ff;\" href=\"http:\/\/g1.globo.com\/politica\/noticia\/dono-da-jbs-gravou-aecio-neves-pedindo-r-2-milhoes-diz-jornal.ghtml\">A\u00e9cio pede ao empres\u00e1rio R$ 2 milh\u00f5es<\/a><\/strong><\/span>.<\/p>\n<p>No \u00e1udio gravado por Joesley, com dura\u00e7\u00e3o de cerca de 30 minutos, o presidente nacional do PSDB justifica o pedido dizendo que precisava da quantia para pagar sua defesa na Lava Jato. O senador tucano \u00e9 alvo de seis inqu\u00e9ritos no Supremo relacionados \u00e0 opera\u00e7\u00e3o.<\/p>\n<p>Para o PSOL, os \u00faltimos fatos comprovam, mais uma vez, que Temer e seus aliados n\u00e3o t\u00eam mais nenhuma condi\u00e7\u00e3o de se manterem \u00e0 frente do pa\u00eds. O comando do Pal\u00e1cio do Planalto, que j\u00e1 vem enfrentando dificuldades para\u00a0aprovar a reforma da Previd\u00eancia, agora est\u00e1 prestes a ruir definitivamente. Da mesma forma, A\u00e9cio Neves tem que ser preso.<\/p>\n<p>Para o presidente Nacional do PSOL, Luiz Ara\u00fajo, as den\u00fancias de ontem s\u00e3o t\u00e3o graves, que mostram que, mesmo ap\u00f3s as dela\u00e7\u00f5es da Lava Jato, figuras que est\u00e3o em cargos chaves continuaram tramando para impedir o avan\u00e7o das investiga\u00e7\u00f5es. \u201cOs vazamentos das dela\u00e7\u00f5es, indicando inclusive pagamento de propina do senador A\u00e9cio Neves, n\u00e3o levam a outro caminho que n\u00e3o seja o nosso apoio a sua pris\u00e3o. Da mesma forma que Eduardo Cunha foi preso pelos mesmos motivos\u201d, ressalta.<\/p>\n<p>Ara\u00fajo tamb\u00e9m refor\u00e7a a defesa do PSOL para que Temer seja amplamente investigado e que novas elei\u00e7\u00f5es sejam convocadas, para ouvir a vontade do povo brasileiro. \u201cTemer cometeu um crime no exerc\u00edcio do mandato, o que obriga que o STF o investigue e que a C\u00e2mara resolva rapidamente, ou pela ren\u00fancia, ou pelo impeachment ou pela cassa\u00e7\u00e3o da chapa, com convoca\u00e7\u00e3o diretas imediatas para o pa\u00eds. No nosso entendimento, a \u00fanica forma de pacificar o pa\u00eds \u00e9 devolver ao povo o direito de escolher os rumos\u201d.<\/p>\n<p>O PSOL na C\u00e2mara, juntamente a outros partidos de oposi\u00e7\u00e3o, j\u00e1 articula um pedido de impeachment de Temer, que ser\u00e1 protocolado nesta quinta-feira, \u00e0s 17h, al\u00e9m da exig\u00eancia da ren\u00fancia do presidente. Tamb\u00e9m est\u00e1 avaliando protocolar, no Senado Federal, um pedido de cassa\u00e7\u00e3o de A\u00e9cio Neves.<\/p>\n","protected":false},"excerpt":{"rendered":"<p>A revela\u00e7\u00e3o da empresa JBS, do mesmo grupo mantenedor da gigante Friboi, que veio \u00e0 tona na noite desta quarta-feira (17\/05), ap\u00f3s mais uma dela\u00e7\u00e3o da opera\u00e7\u00e3o Lava-Jato, parece ruir as estruturas do governo de Michel Temer e tudo que est\u00e1 em sua volta. Depois de\u00a0serem divulgadas grava\u00e7\u00f5es demonstrando que o presidente ileg\u00edtimo comprou o [&hellip;]<\/p>\n","protected":false},"author":2,"featured_media":16608,"comment_status":"open","ping_status":"open","sticky":false,"template":"","format":"standard","meta":{"_acf_changed":false,"footnotes":""},"categories":[10,1882,6],"tags":[3063,3095,3091,2963,3221,976,1748,537,1590,22,3222,45],"class_list":{"0":"post-16607","1":"post","2":"type-post","3":"status-publish","4":"format-standard","5":"has-post-thumbnail","7":"category-acao-parlamentares","8":"category-brasil","9":"category-noticias","10":"tag-aecio-neves","11":"tag-delacao","12":"tag-edson-fachin","13":"tag-friboi","14":"tag-jbs","15":"tag-lava-jato","16":"tag-michel-temer","17":"tag-prisao","18":"tag-psdb","19":"tag-psol","20":"tag-senador","21":"tag-stf"},"acf":[],"yoast_head":"<!-- This site is optimized with the Yoast SEO plugin v26.5 - https:\/\/yoast.com\/wordpress\/plugins\/seo\/ -->\n<title>PSOL defende imediata pris\u00e3o de A\u00e9cio Neves, j\u00e1 afastado do mandato de senador - PSOL 50<\/title>\n<meta name=\"robots\" content=\"index, follow, max-snippet:-1, max-image-preview:large, max-video-preview:-1\" \/>\n<link rel=\"canonical\" href=\"https:\/\/psol50.org.br\/psol-defende-imediata-prisao-de-aecio-neves-ja-afastado-do-mandato-de-senador\/\" \/>\n<meta property=\"og:locale\" content=\"pt_BR\" \/>\n<meta property=\"og:type\" content=\"article\" \/>\n<meta property=\"og:title\" content=\"PSOL defende imediata pris\u00e3o de A\u00e9cio Neves, j\u00e1 afastado do mandato de senador - PSOL 50\" \/>\n<meta property=\"og:description\" content=\"A revela\u00e7\u00e3o da empresa JBS, do mesmo grupo mantenedor da gigante Friboi, que veio \u00e0 tona na noite desta quarta-feira (17\/05), ap\u00f3s mais uma dela\u00e7\u00e3o da opera\u00e7\u00e3o Lava-Jato, parece ruir as estruturas do governo de Michel Temer e tudo que est\u00e1 em sua volta. Depois de\u00a0serem divulgadas grava\u00e7\u00f5es demonstrando que o presidente ileg\u00edtimo comprou o [&hellip;]\" \/>\n<meta property=\"og:url\" content=\"https:\/\/psol50.org.br\/psol-defende-imediata-prisao-de-aecio-neves-ja-afastado-do-mandato-de-senador\/\" \/>\n<meta property=\"og:site_name\" content=\"PSOL 50\" \/>\n<meta property=\"article:publisher\" content=\"https:\/\/www.facebook.com\/psol50\" \/>\n<meta property=\"article:published_time\" content=\"2017-05-18T12:59:09+00:00\" \/>\n<meta property=\"og:image\" content=\"https:\/\/psol50.org.br\/inc\/uploads\/2018\/07\/capa.png\" \/>\n\t<meta property=\"og:image:width\" content=\"1350\" \/>\n\t<meta property=\"og:image:height\" content=\"900\" \/>\n\t<meta property=\"og:image:type\" content=\"image\/png\" \/>\n<meta name=\"author\" content=\"Comunica\u00e7\u00e3o PSOL\" \/>\n<meta name=\"twitter:card\" content=\"summary_large_image\" \/>\n<meta name=\"twitter:creator\" content=\"@psol50\" \/>\n<meta name=\"twitter:site\" content=\"@psol50\" \/>\n<meta name=\"twitter:label1\" content=\"Escrito por\" \/>\n\t<meta name=\"twitter:data1\" content=\"Comunica\u00e7\u00e3o PSOL\" \/>\n\t<meta name=\"twitter:label2\" content=\"Est. tempo de leitura\" \/>\n\t<meta name=\"twitter:data2\" content=\"3 minutos\" \/>\n<script type=\"application\/ld+json\" class=\"yoast-schema-graph\">{\"@context\":\"https:\/\/schema.org\",\"@graph\":[{\"@type\":\"Article\",\"@id\":\"https:\/\/psol50.org.br\/psol-defende-imediata-prisao-de-aecio-neves-ja-afastado-do-mandato-de-senador\/#article\",\"isPartOf\":{\"@id\":\"https:\/\/psol50.org.br\/psol-defende-imediata-prisao-de-aecio-neves-ja-afastado-do-mandato-de-senador\/\"},\"author\":{\"name\":\"Comunica\u00e7\u00e3o PSOL\",\"@id\":\"https:\/\/psol50.org.br\/#\/schema\/person\/475dfa57d0b815993c714c2e96491fcd\"},\"headline\":\"PSOL defende imediata pris\u00e3o de A\u00e9cio Neves, j\u00e1 afastado do mandato de senador\",\"datePublished\":\"2017-05-18T12:59:09+00:00\",\"mainEntityOfPage\":{\"@id\":\"https:\/\/psol50.org.br\/psol-defende-imediata-prisao-de-aecio-neves-ja-afastado-do-mandato-de-senador\/\"},\"wordCount\":548,\"commentCount\":0,\"publisher\":{\"@id\":\"https:\/\/psol50.org.br\/#organization\"},\"image\":{\"@id\":\"https:\/\/psol50.org.br\/psol-defende-imediata-prisao-de-aecio-neves-ja-afastado-do-mandato-de-senador\/#primaryimage\"},\"thumbnailUrl\":\"\",\"keywords\":[\"A\u00e9cio Neves\",\"dela\u00e7\u00e3o\",\"Edson Fachin\",\"Friboi\",\"JBS\",\"Lava Jato\",\"Michel Temer\",\"pris\u00e3o\",\"PSDB\",\"PSOL\",\"senador\",\"STF\"],\"articleSection\":[\"A\u00e7\u00e3o Parlamentar\",\"Brasil\",\"Not\u00edcias\"],\"inLanguage\":\"pt-BR\",\"potentialAction\":[{\"@type\":\"CommentAction\",\"name\":\"Comment\",\"target\":[\"https:\/\/psol50.org.br\/psol-defende-imediata-prisao-de-aecio-neves-ja-afastado-do-mandato-de-senador\/#respond\"]}]},{\"@type\":\"WebPage\",\"@id\":\"https:\/\/psol50.org.br\/psol-defende-imediata-prisao-de-aecio-neves-ja-afastado-do-mandato-de-senador\/\",\"url\":\"https:\/\/psol50.org.br\/psol-defende-imediata-prisao-de-aecio-neves-ja-afastado-do-mandato-de-senador\/\",\"name\":\"PSOL defende imediata pris\u00e3o de A\u00e9cio Neves, j\u00e1 afastado do mandato de senador - PSOL 50\",\"isPartOf\":{\"@id\":\"https:\/\/psol50.org.br\/#website\"},\"primaryImageOfPage\":{\"@id\":\"https:\/\/psol50.org.br\/psol-defende-imediata-prisao-de-aecio-neves-ja-afastado-do-mandato-de-senador\/#primaryimage\"},\"image\":{\"@id\":\"https:\/\/psol50.org.br\/psol-defende-imediata-prisao-de-aecio-neves-ja-afastado-do-mandato-de-senador\/#primaryimage\"},\"thumbnailUrl\":\"\",\"datePublished\":\"2017-05-18T12:59:09+00:00\",\"breadcrumb\":{\"@id\":\"https:\/\/psol50.org.br\/psol-defende-imediata-prisao-de-aecio-neves-ja-afastado-do-mandato-de-senador\/#breadcrumb\"},\"inLanguage\":\"pt-BR\",\"potentialAction\":[{\"@type\":\"ReadAction\",\"target\":[\"https:\/\/psol50.org.br\/psol-defende-imediata-prisao-de-aecio-neves-ja-afastado-do-mandato-de-senador\/\"]}]},{\"@type\":\"ImageObject\",\"inLanguage\":\"pt-BR\",\"@id\":\"https:\/\/psol50.org.br\/psol-defende-imediata-prisao-de-aecio-neves-ja-afastado-do-mandato-de-senador\/#primaryimage\",\"url\":\"\",\"contentUrl\":\"\"},{\"@type\":\"BreadcrumbList\",\"@id\":\"https:\/\/psol50.org.br\/psol-defende-imediata-prisao-de-aecio-neves-ja-afastado-do-mandato-de-senador\/#breadcrumb\",\"itemListElement\":[{\"@type\":\"ListItem\",\"position\":1,\"name\":\"In\u00edcio\",\"item\":\"https:\/\/psol50.org.br\/\"},{\"@type\":\"ListItem\",\"position\":2,\"name\":\"PSOL defende imediata pris\u00e3o de A\u00e9cio Neves, j\u00e1 afastado do mandato de senador\"}]},{\"@type\":\"WebSite\",\"@id\":\"https:\/\/psol50.org.br\/#website\",\"url\":\"https:\/\/psol50.org.br\/\",\"name\":\"PSOL 50\",\"description\":\"Site oficial do Partido Socialismo e Liberdade\",\"publisher\":{\"@id\":\"https:\/\/psol50.org.br\/#organization\"},\"alternateName\":\"PSOL50\",\"potentialAction\":[{\"@type\":\"SearchAction\",\"target\":{\"@type\":\"EntryPoint\",\"urlTemplate\":\"https:\/\/psol50.org.br\/?s={search_term_string}\"},\"query-input\":{\"@type\":\"PropertyValueSpecification\",\"valueRequired\":true,\"valueName\":\"search_term_string\"}}],\"inLanguage\":\"pt-BR\"},{\"@type\":\"Organization\",\"@id\":\"https:\/\/psol50.org.br\/#organization\",\"name\":\"PSOL 50\",\"alternateName\":\"PSOL 50\",\"url\":\"https:\/\/psol50.org.br\/\",\"logo\":{\"@type\":\"ImageObject\",\"inLanguage\":\"pt-BR\",\"@id\":\"https:\/\/psol50.org.br\/#\/schema\/logo\/image\/\",\"url\":\"https:\/\/psol50.org.br\/inc\/uploads\/2018\/07\/capa.png\",\"contentUrl\":\"https:\/\/psol50.org.br\/inc\/uploads\/2018\/07\/capa.png\",\"width\":1350,\"height\":900,\"caption\":\"PSOL 50\"},\"image\":{\"@id\":\"https:\/\/psol50.org.br\/#\/schema\/logo\/image\/\"},\"sameAs\":[\"https:\/\/www.facebook.com\/psol50\",\"https:\/\/x.com\/psol50\",\"https:\/\/www.instagram.com\/psol50\/\",\"https:\/\/www.youtube.com\/channel\/UC7SnJS5o1os7a6CaiNabzcg\"]},{\"@type\":\"Person\",\"@id\":\"https:\/\/psol50.org.br\/#\/schema\/person\/475dfa57d0b815993c714c2e96491fcd\",\"name\":\"Comunica\u00e7\u00e3o PSOL\",\"image\":{\"@type\":\"ImageObject\",\"inLanguage\":\"pt-BR\",\"@id\":\"https:\/\/psol50.org.br\/#\/schema\/person\/image\/\",\"url\":\"https:\/\/secure.gravatar.com\/avatar\/b34fc4f4e468a4e51785917065a3db57b841f5c95dba6ad8c73aaf8f66f8f9bf?s=96&d=mm&r=g\",\"contentUrl\":\"https:\/\/secure.gravatar.com\/avatar\/b34fc4f4e468a4e51785917065a3db57b841f5c95dba6ad8c73aaf8f66f8f9bf?s=96&d=mm&r=g\",\"caption\":\"Comunica\u00e7\u00e3o PSOL\"}}]}<\/script>\n<!-- \/ Yoast SEO plugin. -->","yoast_head_json":{"title":"PSOL defende imediata pris\u00e3o de A\u00e9cio Neves, j\u00e1 afastado do mandato de senador - PSOL 50","robots":{"index":"index","follow":"follow","max-snippet":"max-snippet:-1","max-image-preview":"max-image-preview:large","max-video-preview":"max-video-preview:-1"},"canonical":"https:\/\/psol50.org.br\/psol-defende-imediata-prisao-de-aecio-neves-ja-afastado-do-mandato-de-senador\/","og_locale":"pt_BR","og_type":"article","og_title":"PSOL defende imediata pris\u00e3o de A\u00e9cio Neves, j\u00e1 afastado do mandato de senador - PSOL 50","og_description":"A revela\u00e7\u00e3o da empresa JBS, do mesmo grupo mantenedor da gigante Friboi, que veio \u00e0 tona na noite desta quarta-feira (17\/05), ap\u00f3s mais uma dela\u00e7\u00e3o da opera\u00e7\u00e3o Lava-Jato, parece ruir as estruturas do governo de Michel Temer e tudo que est\u00e1 em sua volta. Depois de\u00a0serem divulgadas grava\u00e7\u00f5es demonstrando que o presidente ileg\u00edtimo comprou o [&hellip;]","og_url":"https:\/\/psol50.org.br\/psol-defende-imediata-prisao-de-aecio-neves-ja-afastado-do-mandato-de-senador\/","og_site_name":"PSOL 50","article_publisher":"https:\/\/www.facebook.com\/psol50","article_published_time":"2017-05-18T12:59:09+00:00","og_image":[{"width":1350,"height":900,"url":"https:\/\/psol50.org.br\/inc\/uploads\/2018\/07\/capa.png","type":"image\/png"}],"author":"Comunica\u00e7\u00e3o PSOL","twitter_card":"summary_large_image","twitter_creator":"@psol50","twitter_site":"@psol50","twitter_misc":{"Escrito por":"Comunica\u00e7\u00e3o PSOL","Est. tempo de leitura":"3 minutos"},"schema":{"@context":"https:\/\/schema.org","@graph":[{"@type":"Article","@id":"https:\/\/psol50.org.br\/psol-defende-imediata-prisao-de-aecio-neves-ja-afastado-do-mandato-de-senador\/#article","isPartOf":{"@id":"https:\/\/psol50.org.br\/psol-defende-imediata-prisao-de-aecio-neves-ja-afastado-do-mandato-de-senador\/"},"author":{"name":"Comunica\u00e7\u00e3o PSOL","@id":"https:\/\/psol50.org.br\/#\/schema\/person\/475dfa57d0b815993c714c2e96491fcd"},"headline":"PSOL defende imediata pris\u00e3o de A\u00e9cio Neves, j\u00e1 afastado do mandato de senador","datePublished":"2017-05-18T12:59:09+00:00","mainEntityOfPage":{"@id":"https:\/\/psol50.org.br\/psol-defende-imediata-prisao-de-aecio-neves-ja-afastado-do-mandato-de-senador\/"},"wordCount":548,"commentCount":0,"publisher":{"@id":"https:\/\/psol50.org.br\/#organization"},"image":{"@id":"https:\/\/psol50.org.br\/psol-defende-imediata-prisao-de-aecio-neves-ja-afastado-do-mandato-de-senador\/#primaryimage"},"thumbnailUrl":"","keywords":["A\u00e9cio Neves","dela\u00e7\u00e3o","Edson Fachin","Friboi","JBS","Lava Jato","Michel Temer","pris\u00e3o","PSDB","PSOL","senador","STF"],"articleSection":["A\u00e7\u00e3o Parlamentar","Brasil","Not\u00edcias"],"inLanguage":"pt-BR","potentialAction":[{"@type":"CommentAction","name":"Comment","target":["https:\/\/psol50.org.br\/psol-defende-imediata-prisao-de-aecio-neves-ja-afastado-do-mandato-de-senador\/#respond"]}]},{"@type":"WebPage","@id":"https:\/\/psol50.org.br\/psol-defende-imediata-prisao-de-aecio-neves-ja-afastado-do-mandato-de-senador\/","url":"https:\/\/psol50.org.br\/psol-defende-imediata-prisao-de-aecio-neves-ja-afastado-do-mandato-de-senador\/","name":"PSOL defende imediata pris\u00e3o de A\u00e9cio Neves, j\u00e1 afastado do mandato de senador - PSOL 50","isPartOf":{"@id":"https:\/\/psol50.org.br\/#website"},"primaryImageOfPage":{"@id":"https:\/\/psol50.org.br\/psol-defende-imediata-prisao-de-aecio-neves-ja-afastado-do-mandato-de-senador\/#primaryimage"},"image":{"@id":"https:\/\/psol50.org.br\/psol-defende-imediata-prisao-de-aecio-neves-ja-afastado-do-mandato-de-senador\/#primaryimage"},"thumbnailUrl":"","datePublished":"2017-05-18T12:59:09+00:00","breadcrumb":{"@id":"https:\/\/psol50.org.br\/psol-defende-imediata-prisao-de-aecio-neves-ja-afastado-do-mandato-de-senador\/#breadcrumb"},"inLanguage":"pt-BR","potentialAction":[{"@type":"ReadAction","target":["https:\/\/psol50.org.br\/psol-defende-imediata-prisao-de-aecio-neves-ja-afastado-do-mandato-de-senador\/"]}]},{"@type":"ImageObject","inLanguage":"pt-BR","@id":"https:\/\/psol50.org.br\/psol-defende-imediata-prisao-de-aecio-neves-ja-afastado-do-mandato-de-senador\/#primaryimage","url":"","contentUrl":""},{"@type":"BreadcrumbList","@id":"https:\/\/psol50.org.br\/psol-defende-imediata-prisao-de-aecio-neves-ja-afastado-do-mandato-de-senador\/#breadcrumb","itemListElement":[{"@type":"ListItem","position":1,"name":"In\u00edcio","item":"https:\/\/psol50.org.br\/"},{"@type":"ListItem","position":2,"name":"PSOL defende imediata pris\u00e3o de A\u00e9cio Neves, j\u00e1 afastado do mandato de senador"}]},{"@type":"WebSite","@id":"https:\/\/psol50.org.br\/#website","url":"https:\/\/psol50.org.br\/","name":"PSOL 50","description":"Site oficial do Partido Socialismo e Liberdade","publisher":{"@id":"https:\/\/psol50.org.br\/#organization"},"alternateName":"PSOL50","potentialAction":[{"@type":"SearchAction","target":{"@type":"EntryPoint","urlTemplate":"https:\/\/psol50.org.br\/?s={search_term_string}"},"query-input":{"@type":"PropertyValueSpecification","valueRequired":true,"valueName":"search_term_string"}}],"inLanguage":"pt-BR"},{"@type":"Organization","@id":"https:\/\/psol50.org.br\/#organization","name":"PSOL 50","alternateName":"PSOL 50","url":"https:\/\/psol50.org.br\/","logo":{"@type":"ImageObject","inLanguage":"pt-BR","@id":"https:\/\/psol50.org.br\/#\/schema\/logo\/image\/","url":"https:\/\/psol50.org.br\/inc\/uploads\/2018\/07\/capa.png","contentUrl":"https:\/\/psol50.org.br\/inc\/uploads\/2018\/07\/capa.png","width":1350,"height":900,"caption":"PSOL 50"},"image":{"@id":"https:\/\/psol50.org.br\/#\/schema\/logo\/image\/"},"sameAs":["https:\/\/www.facebook.com\/psol50","https:\/\/x.com\/psol50","https:\/\/www.instagram.com\/psol50\/","https:\/\/www.youtube.com\/channel\/UC7SnJS5o1os7a6CaiNabzcg"]},{"@type":"Person","@id":"https:\/\/psol50.org.br\/#\/schema\/person\/475dfa57d0b815993c714c2e96491fcd","name":"Comunica\u00e7\u00e3o PSOL","image":{"@type":"ImageObject","inLanguage":"pt-BR","@id":"https:\/\/psol50.org.br\/#\/schema\/person\/image\/","url":"https:\/\/secure.gravatar.com\/avatar\/b34fc4f4e468a4e51785917065a3db57b841f5c95dba6ad8c73aaf8f66f8f9bf?s=96&d=mm&r=g","contentUrl":"https:\/\/secure.gravatar.com\/avatar\/b34fc4f4e468a4e51785917065a3db57b841f5c95dba6ad8c73aaf8f66f8f9bf?s=96&d=mm&r=g","caption":"Comunica\u00e7\u00e3o PSOL"}}]}},"_links":{"self":[{"href":"https:\/\/psol50.org.br\/rest\/wp\/v2\/posts\/16607","targetHints":{"allow":["GET"]}}],"collection":[{"href":"https:\/\/psol50.org.br\/rest\/wp\/v2\/posts"}],"about":[{"href":"https:\/\/psol50.org.br\/rest\/wp\/v2\/types\/post"}],"author":[{"embeddable":true,"href":"https:\/\/psol50.org.br\/rest\/wp\/v2\/users\/2"}],"replies":[{"embeddable":true,"href":"https:\/\/psol50.org.br\/rest\/wp\/v2\/comments?post=16607"}],"version-history":[{"count":0,"href":"https:\/\/psol50.org.br\/rest\/wp\/v2\/posts\/16607\/revisions"}],"wp:featuredmedia":[{"embeddable":true,"href":"https:\/\/psol50.org.br\/rest\/"}],"wp:attachment":[{"href":"https:\/\/psol50.org.br\/rest\/wp\/v2\/media?parent=16607"}],"wp:term":[{"taxonomy":"category","embeddable":true,"href":"https:\/\/psol50.org.br\/rest\/wp\/v2\/categories?post=16607"},{"taxonomy":"post_tag","embeddable":true,"href":"https:\/\/psol50.org.br\/rest\/wp\/v2\/tags?post=16607"}],"curies":[{"name":"wp","href":"https:\/\/api.w.org\/{rel}","templated":true}]}}