{"id":16621,"date":"2017-05-10T20:21:25","date_gmt":"2017-05-10T20:21:25","guid":{"rendered":"http:\/\/www.psol50.org.br\/?p=16515"},"modified":"2017-05-10T20:21:25","modified_gmt":"2017-05-10T20:21:25","slug":"ruralistas-pretendem-votar-desmonte-da-funai-na-proxima-semana","status":"publish","type":"post","link":"https:\/\/psol50.org.br\/ruralistas-pretendem-votar-desmonte-da-funai-na-proxima-semana\/","title":{"rendered":"Ruralistas pretendem votar desmonte da Funai na pr\u00f3xima semana"},"content":{"rendered":"<p>Deputados da bancada ruralista pretendem aprovar, na pr\u00f3xima ter\u00e7a-feira (16), o <strong><span style=\"color: #0000ff;\"><a style=\"color: #0000ff;\" href=\"http:\/\/www.camara.leg.br\/internet\/comissoes\/comissoes-especiais\/CPI\/RELAT%C3%93RIO%20CPI%20FUNAI-INCRA%202.pdf\" target=\"_blank\" rel=\"noopener noreferrer\">relat\u00f3rio final<\/a>\u00a0<\/span><\/strong>da Comiss\u00e3o Parlamentar de Inqu\u00e9rito (CPI) da Funai e do Incra. O documento\u00a0de\u00a0quase\u00a04 mil p\u00e1ginas pede, dentre outros pontos, o indiciamento de 88 pessoas de cinco estados, incluindo 35 ind\u00edgenas, 15 antrop\u00f3logos e 16 procuradores da Rep\u00fablica.<\/p>\n<p>A CPI tenta\u00a0justificar o desmonte da Funai a partir de den\u00fancias de irregularidades, propondo a cria\u00e7\u00e3o de um novo \u00f3rg\u00e3o para assumir as atribui\u00e7\u00f5es da funda\u00e7\u00e3o. A comiss\u00e3o\u00a0foi instaurada um dia depois da aprova\u00e7\u00e3o da <strong><span style=\"color: #0000ff;\"><a style=\"color: #0000ff;\" href=\"http:\/\/www.camara.gov.br\/proposicoesWeb\/fichadetramitacao?idProposicao=14562\" target=\"_blank\" rel=\"noopener noreferrer\">PEC 215\/2000<\/a><\/span><\/strong>, que transfere para o Congresso a palavra final sobre a demarca\u00e7\u00e3o de terras ind\u00edgenas, em Comiss\u00e3o Especial pela C\u00e2mara dos Deputados. Na \u00e9poca,\u00a0<a href=\"http:\/\/www.psol50.org.br\/blog\/2015\/11\/12\/bancada-do-psol-reafirma-compromisso-contra-pec-215\/\" target=\"_blank\" rel=\"noopener noreferrer\"><strong><span style=\"color: #0000ff;\">o PSOL se op\u00f4s ferrenhamente<\/span><\/strong><\/a>.<\/p>\n<blockquote class=\"twitter-tweet\" data-width=\"550\" data-dnt=\"true\">\n<p lang=\"pt\" dir=\"ltr\">Querem destruir a Funai, torn\u00e1-la uma secretaria sem autonomia pra rever demarca\u00e7\u00f5es existentes e inviabilizar outras que est\u00e3o em processo<\/p>\n<p>&mdash; Edmilson Rodrigues (@EdmilsonPSOL) <a href=\"https:\/\/twitter.com\/EdmilsonPSOL\/status\/862321694077333504?ref_src=twsrc%5Etfw\">May 10, 2017<\/a><\/p><\/blockquote>\n<p><script async src=\"https:\/\/platform.twitter.com\/widgets.js\" charset=\"utf-8\"><\/script><\/p>\n<p>Esse \u00e9 mais um dos v\u00e1rios ataques que os povos ind\u00edgenas v\u00eam sofrendo nos \u00faltimos meses, como a forte repress\u00e3o da pol\u00edcia militar em uma manifesta\u00e7\u00e3o na Esplanada dos Minist\u00e9rios e o <span style=\"color: #0000ff;\"><strong><a style=\"color: #0000ff;\" href=\"http:\/\/www.psol50.org.br\/blog\/2017\/05\/02\/ataque-a-tiros-e-facadas-fere-indigenas-gamela-no-maranhao\/\" target=\"_blank\" rel=\"noopener noreferrer\">ataque aos ind\u00edgenas Gamela<\/a><\/strong><\/span>, no Maranh\u00e3o. Al\u00e9m disso, na \u00faltima ter\u00e7a-feira (9), <strong><span style=\"color: #0000ff;\"><a style=\"color: #0000ff;\" href=\"http:\/\/www.psol50.org.br\/blog\/2017\/05\/09\/governo-nomeia-general-do-exercito-para-presidir-a-funai\/\" target=\"_blank\" rel=\"noopener noreferrer\">um general do ex\u00e9rcito foi indicado para ser o novo presidente da Funai<\/a><\/span><\/strong>,\u00a0terminando de ilustrar a total falta de sensibilidade do governo brasileiro com a causa ind\u00edgena.<\/p>\n<p>A viola\u00e7\u00e3o aos direitos ind\u00edgenas foi inclusive alvo de cr\u00edticas do Conselho de Direitos Humanos da Organiza\u00e7\u00e3o das Na\u00e7\u00f5es Unidas (ONU), <a href=\"http:\/\/www.psol50.org.br\/blog\/2017\/05\/08\/onu-cobra-governo-brasileiro-sobre-violacoes-aos-direitos-humanos\/\" target=\"_blank\" rel=\"noopener noreferrer\"><span style=\"color: #0000ff;\"><strong>em sabatina que aconteceu nessa sexta<\/strong><\/span><\/a> (5).\u00a0Segundo\u00a0ONGs presentes no evento, \u00e9 necess\u00e1rio que o governo brasileiro acelere o processo de demarca\u00e7\u00e3o e transfer\u00eancia das terras pertencentes a comunidades ind\u00edgenas, al\u00e9m de barrar projetos que\u00a0contribuem para a degrada\u00e7\u00e3o do meio ambiente. O Congresso, no entanto, n\u00e3o parece disposto a\u00a0acatar os conselhos do \u00f3rg\u00e3o internacional.<\/p>\n<p>Confira fala do deputado Ivan Valente (SP), sobre a CPI da Funai e do Incra:<\/p>\n<blockquote class=\"twitter-tweet\" data-width=\"550\" data-dnt=\"true\">\n<p lang=\"pt\" dir=\"ltr\">A trucul\u00eancia ruralista e o desmonte da Funai <a href=\"https:\/\/t.co\/vQZ1JmorII\">pic.twitter.com\/vQZ1JmorII<\/a><\/p>\n<p>&mdash; Ivan Valente (@IvanValente) <a href=\"https:\/\/twitter.com\/IvanValente\/status\/862362420844670976?ref_src=twsrc%5Etfw\">May 10, 2017<\/a><\/p><\/blockquote>\n<p><script async src=\"https:\/\/platform.twitter.com\/widgets.js\" charset=\"utf-8\"><\/script><\/p>\n","protected":false},"excerpt":{"rendered":"<p>Deputados da bancada ruralista pretendem aprovar, na pr\u00f3xima ter\u00e7a-feira (16), o relat\u00f3rio final\u00a0da Comiss\u00e3o Parlamentar de Inqu\u00e9rito (CPI) da Funai e do Incra. O documento\u00a0de\u00a0quase\u00a04 mil p\u00e1ginas pede, dentre outros pontos, o indiciamento de 88 pessoas de cinco estados, incluindo 35 ind\u00edgenas, 15 antrop\u00f3logos e 16 procuradores da Rep\u00fablica. A CPI tenta\u00a0justificar o desmonte da [&hellip;]<\/p>\n","protected":false},"author":2,"featured_media":16564,"comment_status":"open","ping_status":"open","sticky":false,"template":"","format":"standard","meta":{"_acf_changed":false,"footnotes":""},"categories":[1882,1104],"tags":[330,1887,534,2787,533,1138,3147,2766,130],"class_list":{"0":"post-16621","1":"post","2":"type-post","3":"status-publish","4":"format-standard","5":"has-post-thumbnail","7":"category-brasil","8":"category-movimento","9":"tag-cpi","10":"tag-demarcacao","11":"tag-direitos-humanos","12":"tag-direitos-indigenas","13":"tag-funai","14":"tag-incra","15":"tag-indios-gamela","16":"tag-midia-ninja","17":"tag-ruralistas"},"acf":[],"yoast_head":"<!-- This site is optimized with the Yoast SEO plugin v26.5 - https:\/\/yoast.com\/wordpress\/plugins\/seo\/ -->\n<title>Ruralistas pretendem votar desmonte da Funai na pr\u00f3xima semana - PSOL 50<\/title>\n<meta name=\"robots\" content=\"index, follow, max-snippet:-1, max-image-preview:large, max-video-preview:-1\" \/>\n<link rel=\"canonical\" href=\"https:\/\/psol50.org.br\/ruralistas-pretendem-votar-desmonte-da-funai-na-proxima-semana\/\" \/>\n<meta property=\"og:locale\" content=\"pt_BR\" \/>\n<meta property=\"og:type\" content=\"article\" \/>\n<meta property=\"og:title\" content=\"Ruralistas pretendem votar desmonte da Funai na pr\u00f3xima semana - PSOL 50\" \/>\n<meta property=\"og:description\" content=\"Deputados da bancada ruralista pretendem aprovar, na pr\u00f3xima ter\u00e7a-feira (16), o relat\u00f3rio final\u00a0da Comiss\u00e3o Parlamentar de Inqu\u00e9rito (CPI) da Funai e do Incra. O documento\u00a0de\u00a0quase\u00a04 mil p\u00e1ginas pede, dentre outros pontos, o indiciamento de 88 pessoas de cinco estados, incluindo 35 ind\u00edgenas, 15 antrop\u00f3logos e 16 procuradores da Rep\u00fablica. A CPI tenta\u00a0justificar o desmonte da [&hellip;]\" \/>\n<meta property=\"og:url\" content=\"https:\/\/psol50.org.br\/ruralistas-pretendem-votar-desmonte-da-funai-na-proxima-semana\/\" \/>\n<meta property=\"og:site_name\" content=\"PSOL 50\" \/>\n<meta property=\"article:publisher\" content=\"https:\/\/www.facebook.com\/psol50\" \/>\n<meta property=\"article:published_time\" content=\"2017-05-10T20:21:25+00:00\" \/>\n<meta property=\"og:image\" content=\"https:\/\/psol50.org.br\/inc\/uploads\/2018\/07\/capa.png\" \/>\n\t<meta property=\"og:image:width\" content=\"1350\" \/>\n\t<meta property=\"og:image:height\" content=\"900\" \/>\n\t<meta property=\"og:image:type\" content=\"image\/png\" \/>\n<meta name=\"author\" content=\"Comunica\u00e7\u00e3o PSOL\" \/>\n<meta name=\"twitter:card\" content=\"summary_large_image\" \/>\n<meta name=\"twitter:creator\" content=\"@psol50\" \/>\n<meta name=\"twitter:site\" content=\"@psol50\" \/>\n<meta name=\"twitter:label1\" content=\"Escrito por\" \/>\n\t<meta name=\"twitter:data1\" content=\"Comunica\u00e7\u00e3o PSOL\" \/>\n\t<meta name=\"twitter:label2\" content=\"Est. tempo de leitura\" \/>\n\t<meta name=\"twitter:data2\" content=\"2 minutos\" \/>\n<script type=\"application\/ld+json\" class=\"yoast-schema-graph\">{\"@context\":\"https:\/\/schema.org\",\"@graph\":[{\"@type\":\"Article\",\"@id\":\"https:\/\/psol50.org.br\/ruralistas-pretendem-votar-desmonte-da-funai-na-proxima-semana\/#article\",\"isPartOf\":{\"@id\":\"https:\/\/psol50.org.br\/ruralistas-pretendem-votar-desmonte-da-funai-na-proxima-semana\/\"},\"author\":{\"name\":\"Comunica\u00e7\u00e3o PSOL\",\"@id\":\"https:\/\/psol50.org.br\/#\/schema\/person\/475dfa57d0b815993c714c2e96491fcd\"},\"headline\":\"Ruralistas pretendem votar desmonte da Funai na pr\u00f3xima semana\",\"datePublished\":\"2017-05-10T20:21:25+00:00\",\"mainEntityOfPage\":{\"@id\":\"https:\/\/psol50.org.br\/ruralistas-pretendem-votar-desmonte-da-funai-na-proxima-semana\/\"},\"wordCount\":345,\"commentCount\":0,\"publisher\":{\"@id\":\"https:\/\/psol50.org.br\/#organization\"},\"image\":{\"@id\":\"https:\/\/psol50.org.br\/ruralistas-pretendem-votar-desmonte-da-funai-na-proxima-semana\/#primaryimage\"},\"thumbnailUrl\":\"\",\"keywords\":[\"CPI\",\"demarca\u00e7\u00e3o\",\"direitos humanos\",\"direitos ind\u00edgenas\",\"Funai\",\"Incra\",\"\u00edndios Gamela\",\"M\u00eddia NINJA\",\"ruralistas\"],\"articleSection\":[\"Brasil\",\"Movimento\"],\"inLanguage\":\"pt-BR\",\"potentialAction\":[{\"@type\":\"CommentAction\",\"name\":\"Comment\",\"target\":[\"https:\/\/psol50.org.br\/ruralistas-pretendem-votar-desmonte-da-funai-na-proxima-semana\/#respond\"]}]},{\"@type\":\"WebPage\",\"@id\":\"https:\/\/psol50.org.br\/ruralistas-pretendem-votar-desmonte-da-funai-na-proxima-semana\/\",\"url\":\"https:\/\/psol50.org.br\/ruralistas-pretendem-votar-desmonte-da-funai-na-proxima-semana\/\",\"name\":\"Ruralistas pretendem votar desmonte da Funai na pr\u00f3xima semana - PSOL 50\",\"isPartOf\":{\"@id\":\"https:\/\/psol50.org.br\/#website\"},\"primaryImageOfPage\":{\"@id\":\"https:\/\/psol50.org.br\/ruralistas-pretendem-votar-desmonte-da-funai-na-proxima-semana\/#primaryimage\"},\"image\":{\"@id\":\"https:\/\/psol50.org.br\/ruralistas-pretendem-votar-desmonte-da-funai-na-proxima-semana\/#primaryimage\"},\"thumbnailUrl\":\"\",\"datePublished\":\"2017-05-10T20:21:25+00:00\",\"breadcrumb\":{\"@id\":\"https:\/\/psol50.org.br\/ruralistas-pretendem-votar-desmonte-da-funai-na-proxima-semana\/#breadcrumb\"},\"inLanguage\":\"pt-BR\",\"potentialAction\":[{\"@type\":\"ReadAction\",\"target\":[\"https:\/\/psol50.org.br\/ruralistas-pretendem-votar-desmonte-da-funai-na-proxima-semana\/\"]}]},{\"@type\":\"ImageObject\",\"inLanguage\":\"pt-BR\",\"@id\":\"https:\/\/psol50.org.br\/ruralistas-pretendem-votar-desmonte-da-funai-na-proxima-semana\/#primaryimage\",\"url\":\"\",\"contentUrl\":\"\"},{\"@type\":\"BreadcrumbList\",\"@id\":\"https:\/\/psol50.org.br\/ruralistas-pretendem-votar-desmonte-da-funai-na-proxima-semana\/#breadcrumb\",\"itemListElement\":[{\"@type\":\"ListItem\",\"position\":1,\"name\":\"In\u00edcio\",\"item\":\"https:\/\/psol50.org.br\/\"},{\"@type\":\"ListItem\",\"position\":2,\"name\":\"Ruralistas pretendem votar desmonte da Funai na pr\u00f3xima semana\"}]},{\"@type\":\"WebSite\",\"@id\":\"https:\/\/psol50.org.br\/#website\",\"url\":\"https:\/\/psol50.org.br\/\",\"name\":\"PSOL 50\",\"description\":\"Site oficial do Partido Socialismo e Liberdade\",\"publisher\":{\"@id\":\"https:\/\/psol50.org.br\/#organization\"},\"alternateName\":\"PSOL50\",\"potentialAction\":[{\"@type\":\"SearchAction\",\"target\":{\"@type\":\"EntryPoint\",\"urlTemplate\":\"https:\/\/psol50.org.br\/?s={search_term_string}\"},\"query-input\":{\"@type\":\"PropertyValueSpecification\",\"valueRequired\":true,\"valueName\":\"search_term_string\"}}],\"inLanguage\":\"pt-BR\"},{\"@type\":\"Organization\",\"@id\":\"https:\/\/psol50.org.br\/#organization\",\"name\":\"PSOL 50\",\"alternateName\":\"PSOL 50\",\"url\":\"https:\/\/psol50.org.br\/\",\"logo\":{\"@type\":\"ImageObject\",\"inLanguage\":\"pt-BR\",\"@id\":\"https:\/\/psol50.org.br\/#\/schema\/logo\/image\/\",\"url\":\"https:\/\/psol50.org.br\/inc\/uploads\/2018\/07\/capa.png\",\"contentUrl\":\"https:\/\/psol50.org.br\/inc\/uploads\/2018\/07\/capa.png\",\"width\":1350,\"height\":900,\"caption\":\"PSOL 50\"},\"image\":{\"@id\":\"https:\/\/psol50.org.br\/#\/schema\/logo\/image\/\"},\"sameAs\":[\"https:\/\/www.facebook.com\/psol50\",\"https:\/\/x.com\/psol50\",\"https:\/\/www.instagram.com\/psol50\/\",\"https:\/\/www.youtube.com\/channel\/UC7SnJS5o1os7a6CaiNabzcg\"]},{\"@type\":\"Person\",\"@id\":\"https:\/\/psol50.org.br\/#\/schema\/person\/475dfa57d0b815993c714c2e96491fcd\",\"name\":\"Comunica\u00e7\u00e3o PSOL\",\"image\":{\"@type\":\"ImageObject\",\"inLanguage\":\"pt-BR\",\"@id\":\"https:\/\/psol50.org.br\/#\/schema\/person\/image\/\",\"url\":\"https:\/\/secure.gravatar.com\/avatar\/b34fc4f4e468a4e51785917065a3db57b841f5c95dba6ad8c73aaf8f66f8f9bf?s=96&d=mm&r=g\",\"contentUrl\":\"https:\/\/secure.gravatar.com\/avatar\/b34fc4f4e468a4e51785917065a3db57b841f5c95dba6ad8c73aaf8f66f8f9bf?s=96&d=mm&r=g\",\"caption\":\"Comunica\u00e7\u00e3o PSOL\"}}]}<\/script>\n<!-- \/ Yoast SEO plugin. -->","yoast_head_json":{"title":"Ruralistas pretendem votar desmonte da Funai na pr\u00f3xima semana - PSOL 50","robots":{"index":"index","follow":"follow","max-snippet":"max-snippet:-1","max-image-preview":"max-image-preview:large","max-video-preview":"max-video-preview:-1"},"canonical":"https:\/\/psol50.org.br\/ruralistas-pretendem-votar-desmonte-da-funai-na-proxima-semana\/","og_locale":"pt_BR","og_type":"article","og_title":"Ruralistas pretendem votar desmonte da Funai na pr\u00f3xima semana - PSOL 50","og_description":"Deputados da bancada ruralista pretendem aprovar, na pr\u00f3xima ter\u00e7a-feira (16), o relat\u00f3rio final\u00a0da Comiss\u00e3o Parlamentar de Inqu\u00e9rito (CPI) da Funai e do Incra. O documento\u00a0de\u00a0quase\u00a04 mil p\u00e1ginas pede, dentre outros pontos, o indiciamento de 88 pessoas de cinco estados, incluindo 35 ind\u00edgenas, 15 antrop\u00f3logos e 16 procuradores da Rep\u00fablica. A CPI tenta\u00a0justificar o desmonte da [&hellip;]","og_url":"https:\/\/psol50.org.br\/ruralistas-pretendem-votar-desmonte-da-funai-na-proxima-semana\/","og_site_name":"PSOL 50","article_publisher":"https:\/\/www.facebook.com\/psol50","article_published_time":"2017-05-10T20:21:25+00:00","og_image":[{"width":1350,"height":900,"url":"https:\/\/psol50.org.br\/inc\/uploads\/2018\/07\/capa.png","type":"image\/png"}],"author":"Comunica\u00e7\u00e3o PSOL","twitter_card":"summary_large_image","twitter_creator":"@psol50","twitter_site":"@psol50","twitter_misc":{"Escrito por":"Comunica\u00e7\u00e3o PSOL","Est. tempo de leitura":"2 minutos"},"schema":{"@context":"https:\/\/schema.org","@graph":[{"@type":"Article","@id":"https:\/\/psol50.org.br\/ruralistas-pretendem-votar-desmonte-da-funai-na-proxima-semana\/#article","isPartOf":{"@id":"https:\/\/psol50.org.br\/ruralistas-pretendem-votar-desmonte-da-funai-na-proxima-semana\/"},"author":{"name":"Comunica\u00e7\u00e3o PSOL","@id":"https:\/\/psol50.org.br\/#\/schema\/person\/475dfa57d0b815993c714c2e96491fcd"},"headline":"Ruralistas pretendem votar desmonte da Funai na pr\u00f3xima semana","datePublished":"2017-05-10T20:21:25+00:00","mainEntityOfPage":{"@id":"https:\/\/psol50.org.br\/ruralistas-pretendem-votar-desmonte-da-funai-na-proxima-semana\/"},"wordCount":345,"commentCount":0,"publisher":{"@id":"https:\/\/psol50.org.br\/#organization"},"image":{"@id":"https:\/\/psol50.org.br\/ruralistas-pretendem-votar-desmonte-da-funai-na-proxima-semana\/#primaryimage"},"thumbnailUrl":"","keywords":["CPI","demarca\u00e7\u00e3o","direitos humanos","direitos ind\u00edgenas","Funai","Incra","\u00edndios Gamela","M\u00eddia NINJA","ruralistas"],"articleSection":["Brasil","Movimento"],"inLanguage":"pt-BR","potentialAction":[{"@type":"CommentAction","name":"Comment","target":["https:\/\/psol50.org.br\/ruralistas-pretendem-votar-desmonte-da-funai-na-proxima-semana\/#respond"]}]},{"@type":"WebPage","@id":"https:\/\/psol50.org.br\/ruralistas-pretendem-votar-desmonte-da-funai-na-proxima-semana\/","url":"https:\/\/psol50.org.br\/ruralistas-pretendem-votar-desmonte-da-funai-na-proxima-semana\/","name":"Ruralistas pretendem votar desmonte da Funai na pr\u00f3xima semana - PSOL 50","isPartOf":{"@id":"https:\/\/psol50.org.br\/#website"},"primaryImageOfPage":{"@id":"https:\/\/psol50.org.br\/ruralistas-pretendem-votar-desmonte-da-funai-na-proxima-semana\/#primaryimage"},"image":{"@id":"https:\/\/psol50.org.br\/ruralistas-pretendem-votar-desmonte-da-funai-na-proxima-semana\/#primaryimage"},"thumbnailUrl":"","datePublished":"2017-05-10T20:21:25+00:00","breadcrumb":{"@id":"https:\/\/psol50.org.br\/ruralistas-pretendem-votar-desmonte-da-funai-na-proxima-semana\/#breadcrumb"},"inLanguage":"pt-BR","potentialAction":[{"@type":"ReadAction","target":["https:\/\/psol50.org.br\/ruralistas-pretendem-votar-desmonte-da-funai-na-proxima-semana\/"]}]},{"@type":"ImageObject","inLanguage":"pt-BR","@id":"https:\/\/psol50.org.br\/ruralistas-pretendem-votar-desmonte-da-funai-na-proxima-semana\/#primaryimage","url":"","contentUrl":""},{"@type":"BreadcrumbList","@id":"https:\/\/psol50.org.br\/ruralistas-pretendem-votar-desmonte-da-funai-na-proxima-semana\/#breadcrumb","itemListElement":[{"@type":"ListItem","position":1,"name":"In\u00edcio","item":"https:\/\/psol50.org.br\/"},{"@type":"ListItem","position":2,"name":"Ruralistas pretendem votar desmonte da Funai na pr\u00f3xima semana"}]},{"@type":"WebSite","@id":"https:\/\/psol50.org.br\/#website","url":"https:\/\/psol50.org.br\/","name":"PSOL 50","description":"Site oficial do Partido Socialismo e Liberdade","publisher":{"@id":"https:\/\/psol50.org.br\/#organization"},"alternateName":"PSOL50","potentialAction":[{"@type":"SearchAction","target":{"@type":"EntryPoint","urlTemplate":"https:\/\/psol50.org.br\/?s={search_term_string}"},"query-input":{"@type":"PropertyValueSpecification","valueRequired":true,"valueName":"search_term_string"}}],"inLanguage":"pt-BR"},{"@type":"Organization","@id":"https:\/\/psol50.org.br\/#organization","name":"PSOL 50","alternateName":"PSOL 50","url":"https:\/\/psol50.org.br\/","logo":{"@type":"ImageObject","inLanguage":"pt-BR","@id":"https:\/\/psol50.org.br\/#\/schema\/logo\/image\/","url":"https:\/\/psol50.org.br\/inc\/uploads\/2018\/07\/capa.png","contentUrl":"https:\/\/psol50.org.br\/inc\/uploads\/2018\/07\/capa.png","width":1350,"height":900,"caption":"PSOL 50"},"image":{"@id":"https:\/\/psol50.org.br\/#\/schema\/logo\/image\/"},"sameAs":["https:\/\/www.facebook.com\/psol50","https:\/\/x.com\/psol50","https:\/\/www.instagram.com\/psol50\/","https:\/\/www.youtube.com\/channel\/UC7SnJS5o1os7a6CaiNabzcg"]},{"@type":"Person","@id":"https:\/\/psol50.org.br\/#\/schema\/person\/475dfa57d0b815993c714c2e96491fcd","name":"Comunica\u00e7\u00e3o PSOL","image":{"@type":"ImageObject","inLanguage":"pt-BR","@id":"https:\/\/psol50.org.br\/#\/schema\/person\/image\/","url":"https:\/\/secure.gravatar.com\/avatar\/b34fc4f4e468a4e51785917065a3db57b841f5c95dba6ad8c73aaf8f66f8f9bf?s=96&d=mm&r=g","contentUrl":"https:\/\/secure.gravatar.com\/avatar\/b34fc4f4e468a4e51785917065a3db57b841f5c95dba6ad8c73aaf8f66f8f9bf?s=96&d=mm&r=g","caption":"Comunica\u00e7\u00e3o PSOL"}}]}},"_links":{"self":[{"href":"https:\/\/psol50.org.br\/rest\/wp\/v2\/posts\/16621","targetHints":{"allow":["GET"]}}],"collection":[{"href":"https:\/\/psol50.org.br\/rest\/wp\/v2\/posts"}],"about":[{"href":"https:\/\/psol50.org.br\/rest\/wp\/v2\/types\/post"}],"author":[{"embeddable":true,"href":"https:\/\/psol50.org.br\/rest\/wp\/v2\/users\/2"}],"replies":[{"embeddable":true,"href":"https:\/\/psol50.org.br\/rest\/wp\/v2\/comments?post=16621"}],"version-history":[{"count":0,"href":"https:\/\/psol50.org.br\/rest\/wp\/v2\/posts\/16621\/revisions"}],"wp:featuredmedia":[{"embeddable":true,"href":"https:\/\/psol50.org.br\/rest\/"}],"wp:attachment":[{"href":"https:\/\/psol50.org.br\/rest\/wp\/v2\/media?parent=16621"}],"wp:term":[{"taxonomy":"category","embeddable":true,"href":"https:\/\/psol50.org.br\/rest\/wp\/v2\/categories?post=16621"},{"taxonomy":"post_tag","embeddable":true,"href":"https:\/\/psol50.org.br\/rest\/wp\/v2\/tags?post=16621"}],"curies":[{"name":"wp","href":"https:\/\/api.w.org\/{rel}","templated":true}]}}