{"id":16625,"date":"2017-05-11T13:11:58","date_gmt":"2017-05-11T13:11:58","guid":{"rendered":"http:\/\/www.psol50.org.br\/?p=16532"},"modified":"2017-05-11T13:11:58","modified_gmt":"2017-05-11T13:11:58","slug":"nova-pesquisa-revela-que-maioria-rejeita-reformas-da-previdencia-e-trabalhista","status":"publish","type":"post","link":"https:\/\/psol50.org.br\/nova-pesquisa-revela-que-maioria-rejeita-reformas-da-previdencia-e-trabalhista\/","title":{"rendered":"Nova pesquisa revela que maioria rejeita reformas da Previd\u00eancia e trabalhista"},"content":{"rendered":"<p><span style=\"font-family: Times New Roman,serif;\"><span style=\"font-size: medium;\"><span lang=\"pt-BR\">P<\/span><\/span><\/span><span style=\"font-family: Times New Roman,serif;\"><span style=\"font-size: medium;\"><span lang=\"pt-BR\">esquisa <\/span><\/span><\/span><span style=\"font-family: Times New Roman,serif;\"><span style=\"font-size: medium;\"><span lang=\"pt-BR\">realizada pelo <\/span><\/span><\/span><span style=\"font-size: medium;\"><a href=\"http:\/\/www.poder360.com.br\/pesquisas\/maioria-rejeita-reformas-da-previdencia-e-trabalhista-41-fariam-greve\/\" target=\"_blank\" rel=\"noopener noreferrer\"><strong><span style=\"font-family: Times New Roman,serif; color: #0000ff;\"><span lang=\"pt-BR\">DataPoder360 <\/span><\/span><\/strong><\/a><\/span><span style=\"font-family: Times New Roman,serif;\"><span style=\"font-size: medium;\"><span lang=\"pt-BR\">aponta<\/span><\/span><\/span><span style=\"font-family: Times New Roman,serif;\"><span style=\"font-size: medium;\"><span lang=\"pt-BR\"> que 66% dos entrevistados rejeitam a proposta de reforma da Previd\u00eancia em tramita\u00e7\u00e3o no Congresso Nacional. Ainda segundo o levantamento, realizado nos dias 7 e 8 de maio, apenas<\/span><\/span><\/span><span style=\"font-family: Times New Roman,serif;\"><span style=\"font-size: medium;\"><span lang=\"pt-BR\"> 20% dos entrevistados se dizem favor\u00e1veis \u00e0<\/span><\/span><\/span><span style=\"font-family: Times New Roman,serif;\"><span style=\"font-size: medium;\"><span lang=\"pt-BR\">s<\/span><\/span><\/span><span style=\"font-family: Times New Roman,serif;\"><span style=\"font-size: medium;\"><span lang=\"pt-BR\"> mudan\u00e7a<\/span><\/span><\/span><span style=\"font-family: Times New Roman,serif;\"><span style=\"font-size: medium;\"><span lang=\"pt-BR\">s nas regras de aposentadoria de trabalhadores do setor privado e de servidores p\u00fablicos<\/span><\/span><\/span><span style=\"font-family: Times New Roman,serif;\"><span style=\"font-size: medium;\"><span lang=\"pt-BR\">. <\/span><\/span><\/span><span style=\"font-family: Times New Roman,serif;\"><span style=\"font-size: medium;\"><span lang=\"pt-BR\">A pesquisa foi realizada com 2.157 brasileiros e brasileiras acima de 16 anos de idade, em 243 munic\u00edpios.<\/span><\/span><\/span><\/p>\n<p><span style=\"font-family: Times New Roman,serif;\"><span style=\"font-size: medium;\"><span lang=\"pt-BR\"><img loading=\"lazy\" decoding=\"async\" class=\" wp-image-16533 aligncenter\" src=\"http:\/\/www.psol50.org.br\/inc\/uploads\/2017\/05\/ref-previd-1024x785.png\" alt=\"\" width=\"504\" height=\"387\" \/><\/p>\n<p>Ao que tudo indica, toda a publicidade paga pelo governo de Michel Temer n\u00e3o est\u00e1 sendo suficiente para convencer a popula\u00e7\u00e3o sobre as mudan\u00e7as. <\/span><\/span><\/span><span style=\"font-family: Times New Roman,serif;\"><span style=\"font-size: medium;\"><span lang=\"pt-BR\">O resultado positivo, <\/span><\/span><\/span><span style=\"font-family: Times New Roman,serif;\"><span style=\"font-size: medium;\"><span lang=\"pt-BR\">de 20% de favor\u00e1veis,<\/span><\/span><\/span><span style=\"font-family: Times New Roman,serif;\"><span style=\"font-size: medium;\"><span lang=\"pt-BR\"> \u00e9 menor do que o publicado pelo Poder360 em abril, quando 24% responderam ser a favor da <\/span><\/span><\/span><span style=\"font-family: Times New Roman,serif;\"><span style=\"font-size: medium;\"><span lang=\"pt-BR\">PEC 287\/2016<\/span><\/span><\/span><span style=\"font-family: Times New Roman,serif;\"><span style=\"font-size: medium;\"><span lang=\"pt-BR\">. A reforma trabalhista \u00e9 reprovada por 62% dos entrevistados.<\/p>\n<p><img loading=\"lazy\" decoding=\"async\" class=\" wp-image-16534 aligncenter\" src=\"http:\/\/www.psol50.org.br\/inc\/uploads\/2017\/05\/trab-1024x782.png\" alt=\"\" width=\"489\" height=\"373\" \/><\/p>\n<p><\/span><\/span><\/span><span style=\"font-family: Times New Roman,serif;\"><span style=\"font-size: medium;\"><span lang=\"pt-BR\">A rejei\u00e7\u00e3o \u00e0s reformas \u00e9 maior entre jovens e adultos at\u00e9 50 anos. <\/span><\/span><\/span><span style=\"font-family: Times New Roman,serif;\"><span style=\"font-size: medium;\"><span lang=\"pt-BR\">Os entrevistados com 60 anos ou mais s\u00e3o os que mais apoiam a<\/span><\/span><\/span><span style=\"font-family: Times New Roman,serif;\"><span style=\"font-size: medium;\"><span lang=\"pt-BR\">s<\/span><\/span><\/span> <span style=\"font-family: Times New Roman,serif;\"><span style=\"font-size: medium;\"><span lang=\"pt-BR\">propostas do governo<\/span><\/span><\/span><span style=\"font-family: Times New Roman,serif;\"><span style=\"font-size: medium;\"><span lang=\"pt-BR\">. Segundo o DataPoder360, 33% desse grupo defende as mudan\u00e7as no sistema previdenci\u00e1rio. As altera\u00e7\u00f5es nas leis trabalhistas s\u00e3o aprovadas por 26%.<\/p>\n<p><\/span><\/span><\/span><span style=\"font-family: Times New Roman,serif;\"><span style=\"font-size: medium;\"><span lang=\"pt-BR\">J\u00e1 os trabalhadores na faixa dos 25 anos e dos 44 anos s\u00e3o os<\/span><\/span><\/span><span style=\"font-family: Times New Roman,serif;\"><span style=\"font-size: medium;\"><span lang=\"pt-BR\"> que se mostram mais contr\u00e1rios a mudan\u00e7as na aposentadoria e nas regras de contrata\u00e7\u00e3o de trabalhadores. Em ambos os casos, 72% reprovam essas duas reformas.<\/p>\n<p><\/span><\/span><\/span><span style=\"font-family: Times New Roman,serif;\"><span style=\"font-size: medium;\"><span lang=\"pt-BR\">Perguntados sobre a possibilidade de aderirem a uma greve ou protestos, caso as reformas fossem aprovadas, <\/span><\/span><\/span><span style=\"font-family: Times New Roman,serif;\"><span style=\"font-size: medium;\"><span lang=\"pt-BR\">41% <\/span><\/span><\/span><span style=\"font-family: Times New Roman,serif;\"><span style=\"font-size: medium;\"><span lang=\"pt-BR\">disseram que sim<\/span><\/span><\/span><span style=\"font-family: Times New Roman,serif;\"><span style=\"font-size: medium;\"><span lang=\"pt-BR\">. Entre os mais jovens (de 16 a 24 anos), a inten\u00e7\u00e3o de aderir a esses atos \u00e9 de 55%.<\/p>\n<p><\/span><\/span><\/span><span style=\"font-family: Times New Roman,serif;\"><span style=\"font-size: medium;\"><span lang=\"pt-BR\">Fonte: <em>Poder 360<\/em><\/span><\/span><\/span><\/p>\n","protected":false},"excerpt":{"rendered":"<p>Pesquisa realizada pelo DataPoder360 aponta que 66% dos entrevistados rejeitam a proposta de reforma da Previd\u00eancia em tramita\u00e7\u00e3o no Congresso Nacional. Ainda segundo o levantamento, realizado nos dias 7 e 8 de maio, apenas 20% dos entrevistados se dizem favor\u00e1veis \u00e0s mudan\u00e7as nas regras de aposentadoria de trabalhadores do setor privado e de servidores p\u00fablicos. [&hellip;]<\/p>\n","protected":false},"author":2,"featured_media":11332,"comment_status":"open","ping_status":"open","sticky":false,"template":"","format":"standard","meta":{"_acf_changed":false,"footnotes":""},"categories":[1882,6],"tags":[1735,3206,221,3123,1748,403,3207,39,1669],"class_list":{"0":"post-16625","1":"post","2":"type-post","3":"status-publish","4":"format-standard","5":"has-post-thumbnail","7":"category-brasil","8":"category-noticias","9":"tag-aposentadoria","10":"tag-data-poder-360","11":"tag-greve","12":"tag-legislacao-trabalhista","13":"tag-michel-temer","14":"tag-pesquisa","15":"tag-poder-360","16":"tag-reforma-da-previdencia","17":"tag-reforma-trabalhista"},"acf":[],"yoast_head":"<!-- This site is optimized with the Yoast SEO plugin v26.5 - https:\/\/yoast.com\/wordpress\/plugins\/seo\/ -->\n<title>Nova pesquisa revela que maioria rejeita reformas da Previd\u00eancia e trabalhista - PSOL 50<\/title>\n<meta name=\"robots\" content=\"index, follow, max-snippet:-1, max-image-preview:large, max-video-preview:-1\" \/>\n<link rel=\"canonical\" href=\"https:\/\/psol50.org.br\/nova-pesquisa-revela-que-maioria-rejeita-reformas-da-previdencia-e-trabalhista\/\" \/>\n<meta property=\"og:locale\" content=\"pt_BR\" \/>\n<meta property=\"og:type\" content=\"article\" \/>\n<meta property=\"og:title\" content=\"Nova pesquisa revela que maioria rejeita reformas da Previd\u00eancia e trabalhista - PSOL 50\" \/>\n<meta property=\"og:description\" content=\"Pesquisa realizada pelo DataPoder360 aponta que 66% dos entrevistados rejeitam a proposta de reforma da Previd\u00eancia em tramita\u00e7\u00e3o no Congresso Nacional. Ainda segundo o levantamento, realizado nos dias 7 e 8 de maio, apenas 20% dos entrevistados se dizem favor\u00e1veis \u00e0s mudan\u00e7as nas regras de aposentadoria de trabalhadores do setor privado e de servidores p\u00fablicos. [&hellip;]\" \/>\n<meta property=\"og:url\" content=\"https:\/\/psol50.org.br\/nova-pesquisa-revela-que-maioria-rejeita-reformas-da-previdencia-e-trabalhista\/\" \/>\n<meta property=\"og:site_name\" content=\"PSOL 50\" \/>\n<meta property=\"article:publisher\" content=\"https:\/\/www.facebook.com\/psol50\" \/>\n<meta property=\"article:published_time\" content=\"2017-05-11T13:11:58+00:00\" \/>\n<meta property=\"og:image\" content=\"https:\/\/psol50.org.br\/inc\/uploads\/2016\/02\/Previdencia-social.jpg\" \/>\n\t<meta property=\"og:image:width\" content=\"597\" \/>\n\t<meta property=\"og:image:height\" content=\"336\" \/>\n\t<meta property=\"og:image:type\" content=\"image\/jpeg\" \/>\n<meta name=\"author\" content=\"Comunica\u00e7\u00e3o PSOL\" \/>\n<meta name=\"twitter:card\" content=\"summary_large_image\" \/>\n<meta name=\"twitter:creator\" content=\"@psol50\" \/>\n<meta name=\"twitter:site\" content=\"@psol50\" \/>\n<meta name=\"twitter:label1\" content=\"Escrito por\" \/>\n\t<meta name=\"twitter:data1\" content=\"Comunica\u00e7\u00e3o PSOL\" \/>\n\t<meta name=\"twitter:label2\" content=\"Est. tempo de leitura\" \/>\n\t<meta name=\"twitter:data2\" content=\"1 minuto\" \/>\n<script type=\"application\/ld+json\" class=\"yoast-schema-graph\">{\"@context\":\"https:\/\/schema.org\",\"@graph\":[{\"@type\":\"Article\",\"@id\":\"https:\/\/psol50.org.br\/nova-pesquisa-revela-que-maioria-rejeita-reformas-da-previdencia-e-trabalhista\/#article\",\"isPartOf\":{\"@id\":\"https:\/\/psol50.org.br\/nova-pesquisa-revela-que-maioria-rejeita-reformas-da-previdencia-e-trabalhista\/\"},\"author\":{\"name\":\"Comunica\u00e7\u00e3o PSOL\",\"@id\":\"https:\/\/psol50.org.br\/#\/schema\/person\/475dfa57d0b815993c714c2e96491fcd\"},\"headline\":\"Nova pesquisa revela que maioria rejeita reformas da Previd\u00eancia e trabalhista\",\"datePublished\":\"2017-05-11T13:11:58+00:00\",\"mainEntityOfPage\":{\"@id\":\"https:\/\/psol50.org.br\/nova-pesquisa-revela-que-maioria-rejeita-reformas-da-previdencia-e-trabalhista\/\"},\"wordCount\":272,\"commentCount\":0,\"publisher\":{\"@id\":\"https:\/\/psol50.org.br\/#organization\"},\"image\":{\"@id\":\"https:\/\/psol50.org.br\/nova-pesquisa-revela-que-maioria-rejeita-reformas-da-previdencia-e-trabalhista\/#primaryimage\"},\"thumbnailUrl\":\"https:\/\/psol50.org.br\/inc\/uploads\/2016\/02\/Previdencia-social.jpg\",\"keywords\":[\"aposentadoria\",\"Data Poder 360\",\"greve\",\"legisla\u00e7\u00e3o trabalhista\",\"Michel Temer\",\"pesquisa\",\"Poder 360\",\"reforma da previd\u00eancia\",\"reforma trabalhista\"],\"articleSection\":[\"Brasil\",\"Not\u00edcias\"],\"inLanguage\":\"pt-BR\",\"potentialAction\":[{\"@type\":\"CommentAction\",\"name\":\"Comment\",\"target\":[\"https:\/\/psol50.org.br\/nova-pesquisa-revela-que-maioria-rejeita-reformas-da-previdencia-e-trabalhista\/#respond\"]}]},{\"@type\":\"WebPage\",\"@id\":\"https:\/\/psol50.org.br\/nova-pesquisa-revela-que-maioria-rejeita-reformas-da-previdencia-e-trabalhista\/\",\"url\":\"https:\/\/psol50.org.br\/nova-pesquisa-revela-que-maioria-rejeita-reformas-da-previdencia-e-trabalhista\/\",\"name\":\"Nova pesquisa revela que maioria rejeita reformas da Previd\u00eancia e trabalhista - PSOL 50\",\"isPartOf\":{\"@id\":\"https:\/\/psol50.org.br\/#website\"},\"primaryImageOfPage\":{\"@id\":\"https:\/\/psol50.org.br\/nova-pesquisa-revela-que-maioria-rejeita-reformas-da-previdencia-e-trabalhista\/#primaryimage\"},\"image\":{\"@id\":\"https:\/\/psol50.org.br\/nova-pesquisa-revela-que-maioria-rejeita-reformas-da-previdencia-e-trabalhista\/#primaryimage\"},\"thumbnailUrl\":\"https:\/\/psol50.org.br\/inc\/uploads\/2016\/02\/Previdencia-social.jpg\",\"datePublished\":\"2017-05-11T13:11:58+00:00\",\"breadcrumb\":{\"@id\":\"https:\/\/psol50.org.br\/nova-pesquisa-revela-que-maioria-rejeita-reformas-da-previdencia-e-trabalhista\/#breadcrumb\"},\"inLanguage\":\"pt-BR\",\"potentialAction\":[{\"@type\":\"ReadAction\",\"target\":[\"https:\/\/psol50.org.br\/nova-pesquisa-revela-que-maioria-rejeita-reformas-da-previdencia-e-trabalhista\/\"]}]},{\"@type\":\"ImageObject\",\"inLanguage\":\"pt-BR\",\"@id\":\"https:\/\/psol50.org.br\/nova-pesquisa-revela-que-maioria-rejeita-reformas-da-previdencia-e-trabalhista\/#primaryimage\",\"url\":\"https:\/\/psol50.org.br\/inc\/uploads\/2016\/02\/Previdencia-social.jpg\",\"contentUrl\":\"https:\/\/psol50.org.br\/inc\/uploads\/2016\/02\/Previdencia-social.jpg\",\"width\":597,\"height\":336},{\"@type\":\"BreadcrumbList\",\"@id\":\"https:\/\/psol50.org.br\/nova-pesquisa-revela-que-maioria-rejeita-reformas-da-previdencia-e-trabalhista\/#breadcrumb\",\"itemListElement\":[{\"@type\":\"ListItem\",\"position\":1,\"name\":\"In\u00edcio\",\"item\":\"https:\/\/psol50.org.br\/\"},{\"@type\":\"ListItem\",\"position\":2,\"name\":\"Nova pesquisa revela que maioria rejeita reformas da Previd\u00eancia e trabalhista\"}]},{\"@type\":\"WebSite\",\"@id\":\"https:\/\/psol50.org.br\/#website\",\"url\":\"https:\/\/psol50.org.br\/\",\"name\":\"PSOL 50\",\"description\":\"Site oficial do Partido Socialismo e Liberdade\",\"publisher\":{\"@id\":\"https:\/\/psol50.org.br\/#organization\"},\"alternateName\":\"PSOL50\",\"potentialAction\":[{\"@type\":\"SearchAction\",\"target\":{\"@type\":\"EntryPoint\",\"urlTemplate\":\"https:\/\/psol50.org.br\/?s={search_term_string}\"},\"query-input\":{\"@type\":\"PropertyValueSpecification\",\"valueRequired\":true,\"valueName\":\"search_term_string\"}}],\"inLanguage\":\"pt-BR\"},{\"@type\":\"Organization\",\"@id\":\"https:\/\/psol50.org.br\/#organization\",\"name\":\"PSOL 50\",\"alternateName\":\"PSOL 50\",\"url\":\"https:\/\/psol50.org.br\/\",\"logo\":{\"@type\":\"ImageObject\",\"inLanguage\":\"pt-BR\",\"@id\":\"https:\/\/psol50.org.br\/#\/schema\/logo\/image\/\",\"url\":\"https:\/\/psol50.org.br\/inc\/uploads\/2018\/07\/capa.png\",\"contentUrl\":\"https:\/\/psol50.org.br\/inc\/uploads\/2018\/07\/capa.png\",\"width\":1350,\"height\":900,\"caption\":\"PSOL 50\"},\"image\":{\"@id\":\"https:\/\/psol50.org.br\/#\/schema\/logo\/image\/\"},\"sameAs\":[\"https:\/\/www.facebook.com\/psol50\",\"https:\/\/x.com\/psol50\",\"https:\/\/www.instagram.com\/psol50\/\",\"https:\/\/www.youtube.com\/channel\/UC7SnJS5o1os7a6CaiNabzcg\"]},{\"@type\":\"Person\",\"@id\":\"https:\/\/psol50.org.br\/#\/schema\/person\/475dfa57d0b815993c714c2e96491fcd\",\"name\":\"Comunica\u00e7\u00e3o PSOL\",\"image\":{\"@type\":\"ImageObject\",\"inLanguage\":\"pt-BR\",\"@id\":\"https:\/\/psol50.org.br\/#\/schema\/person\/image\/\",\"url\":\"https:\/\/secure.gravatar.com\/avatar\/b34fc4f4e468a4e51785917065a3db57b841f5c95dba6ad8c73aaf8f66f8f9bf?s=96&d=mm&r=g\",\"contentUrl\":\"https:\/\/secure.gravatar.com\/avatar\/b34fc4f4e468a4e51785917065a3db57b841f5c95dba6ad8c73aaf8f66f8f9bf?s=96&d=mm&r=g\",\"caption\":\"Comunica\u00e7\u00e3o PSOL\"}}]}<\/script>\n<!-- \/ Yoast SEO plugin. -->","yoast_head_json":{"title":"Nova pesquisa revela que maioria rejeita reformas da Previd\u00eancia e trabalhista - PSOL 50","robots":{"index":"index","follow":"follow","max-snippet":"max-snippet:-1","max-image-preview":"max-image-preview:large","max-video-preview":"max-video-preview:-1"},"canonical":"https:\/\/psol50.org.br\/nova-pesquisa-revela-que-maioria-rejeita-reformas-da-previdencia-e-trabalhista\/","og_locale":"pt_BR","og_type":"article","og_title":"Nova pesquisa revela que maioria rejeita reformas da Previd\u00eancia e trabalhista - PSOL 50","og_description":"Pesquisa realizada pelo DataPoder360 aponta que 66% dos entrevistados rejeitam a proposta de reforma da Previd\u00eancia em tramita\u00e7\u00e3o no Congresso Nacional. Ainda segundo o levantamento, realizado nos dias 7 e 8 de maio, apenas 20% dos entrevistados se dizem favor\u00e1veis \u00e0s mudan\u00e7as nas regras de aposentadoria de trabalhadores do setor privado e de servidores p\u00fablicos. [&hellip;]","og_url":"https:\/\/psol50.org.br\/nova-pesquisa-revela-que-maioria-rejeita-reformas-da-previdencia-e-trabalhista\/","og_site_name":"PSOL 50","article_publisher":"https:\/\/www.facebook.com\/psol50","article_published_time":"2017-05-11T13:11:58+00:00","og_image":[{"width":597,"height":336,"url":"https:\/\/psol50.org.br\/inc\/uploads\/2016\/02\/Previdencia-social.jpg","type":"image\/jpeg"}],"author":"Comunica\u00e7\u00e3o PSOL","twitter_card":"summary_large_image","twitter_creator":"@psol50","twitter_site":"@psol50","twitter_misc":{"Escrito por":"Comunica\u00e7\u00e3o PSOL","Est. tempo de leitura":"1 minuto"},"schema":{"@context":"https:\/\/schema.org","@graph":[{"@type":"Article","@id":"https:\/\/psol50.org.br\/nova-pesquisa-revela-que-maioria-rejeita-reformas-da-previdencia-e-trabalhista\/#article","isPartOf":{"@id":"https:\/\/psol50.org.br\/nova-pesquisa-revela-que-maioria-rejeita-reformas-da-previdencia-e-trabalhista\/"},"author":{"name":"Comunica\u00e7\u00e3o PSOL","@id":"https:\/\/psol50.org.br\/#\/schema\/person\/475dfa57d0b815993c714c2e96491fcd"},"headline":"Nova pesquisa revela que maioria rejeita reformas da Previd\u00eancia e trabalhista","datePublished":"2017-05-11T13:11:58+00:00","mainEntityOfPage":{"@id":"https:\/\/psol50.org.br\/nova-pesquisa-revela-que-maioria-rejeita-reformas-da-previdencia-e-trabalhista\/"},"wordCount":272,"commentCount":0,"publisher":{"@id":"https:\/\/psol50.org.br\/#organization"},"image":{"@id":"https:\/\/psol50.org.br\/nova-pesquisa-revela-que-maioria-rejeita-reformas-da-previdencia-e-trabalhista\/#primaryimage"},"thumbnailUrl":"https:\/\/psol50.org.br\/inc\/uploads\/2016\/02\/Previdencia-social.jpg","keywords":["aposentadoria","Data Poder 360","greve","legisla\u00e7\u00e3o trabalhista","Michel Temer","pesquisa","Poder 360","reforma da previd\u00eancia","reforma trabalhista"],"articleSection":["Brasil","Not\u00edcias"],"inLanguage":"pt-BR","potentialAction":[{"@type":"CommentAction","name":"Comment","target":["https:\/\/psol50.org.br\/nova-pesquisa-revela-que-maioria-rejeita-reformas-da-previdencia-e-trabalhista\/#respond"]}]},{"@type":"WebPage","@id":"https:\/\/psol50.org.br\/nova-pesquisa-revela-que-maioria-rejeita-reformas-da-previdencia-e-trabalhista\/","url":"https:\/\/psol50.org.br\/nova-pesquisa-revela-que-maioria-rejeita-reformas-da-previdencia-e-trabalhista\/","name":"Nova pesquisa revela que maioria rejeita reformas da Previd\u00eancia e trabalhista - PSOL 50","isPartOf":{"@id":"https:\/\/psol50.org.br\/#website"},"primaryImageOfPage":{"@id":"https:\/\/psol50.org.br\/nova-pesquisa-revela-que-maioria-rejeita-reformas-da-previdencia-e-trabalhista\/#primaryimage"},"image":{"@id":"https:\/\/psol50.org.br\/nova-pesquisa-revela-que-maioria-rejeita-reformas-da-previdencia-e-trabalhista\/#primaryimage"},"thumbnailUrl":"https:\/\/psol50.org.br\/inc\/uploads\/2016\/02\/Previdencia-social.jpg","datePublished":"2017-05-11T13:11:58+00:00","breadcrumb":{"@id":"https:\/\/psol50.org.br\/nova-pesquisa-revela-que-maioria-rejeita-reformas-da-previdencia-e-trabalhista\/#breadcrumb"},"inLanguage":"pt-BR","potentialAction":[{"@type":"ReadAction","target":["https:\/\/psol50.org.br\/nova-pesquisa-revela-que-maioria-rejeita-reformas-da-previdencia-e-trabalhista\/"]}]},{"@type":"ImageObject","inLanguage":"pt-BR","@id":"https:\/\/psol50.org.br\/nova-pesquisa-revela-que-maioria-rejeita-reformas-da-previdencia-e-trabalhista\/#primaryimage","url":"https:\/\/psol50.org.br\/inc\/uploads\/2016\/02\/Previdencia-social.jpg","contentUrl":"https:\/\/psol50.org.br\/inc\/uploads\/2016\/02\/Previdencia-social.jpg","width":597,"height":336},{"@type":"BreadcrumbList","@id":"https:\/\/psol50.org.br\/nova-pesquisa-revela-que-maioria-rejeita-reformas-da-previdencia-e-trabalhista\/#breadcrumb","itemListElement":[{"@type":"ListItem","position":1,"name":"In\u00edcio","item":"https:\/\/psol50.org.br\/"},{"@type":"ListItem","position":2,"name":"Nova pesquisa revela que maioria rejeita reformas da Previd\u00eancia e trabalhista"}]},{"@type":"WebSite","@id":"https:\/\/psol50.org.br\/#website","url":"https:\/\/psol50.org.br\/","name":"PSOL 50","description":"Site oficial do Partido Socialismo e Liberdade","publisher":{"@id":"https:\/\/psol50.org.br\/#organization"},"alternateName":"PSOL50","potentialAction":[{"@type":"SearchAction","target":{"@type":"EntryPoint","urlTemplate":"https:\/\/psol50.org.br\/?s={search_term_string}"},"query-input":{"@type":"PropertyValueSpecification","valueRequired":true,"valueName":"search_term_string"}}],"inLanguage":"pt-BR"},{"@type":"Organization","@id":"https:\/\/psol50.org.br\/#organization","name":"PSOL 50","alternateName":"PSOL 50","url":"https:\/\/psol50.org.br\/","logo":{"@type":"ImageObject","inLanguage":"pt-BR","@id":"https:\/\/psol50.org.br\/#\/schema\/logo\/image\/","url":"https:\/\/psol50.org.br\/inc\/uploads\/2018\/07\/capa.png","contentUrl":"https:\/\/psol50.org.br\/inc\/uploads\/2018\/07\/capa.png","width":1350,"height":900,"caption":"PSOL 50"},"image":{"@id":"https:\/\/psol50.org.br\/#\/schema\/logo\/image\/"},"sameAs":["https:\/\/www.facebook.com\/psol50","https:\/\/x.com\/psol50","https:\/\/www.instagram.com\/psol50\/","https:\/\/www.youtube.com\/channel\/UC7SnJS5o1os7a6CaiNabzcg"]},{"@type":"Person","@id":"https:\/\/psol50.org.br\/#\/schema\/person\/475dfa57d0b815993c714c2e96491fcd","name":"Comunica\u00e7\u00e3o PSOL","image":{"@type":"ImageObject","inLanguage":"pt-BR","@id":"https:\/\/psol50.org.br\/#\/schema\/person\/image\/","url":"https:\/\/secure.gravatar.com\/avatar\/b34fc4f4e468a4e51785917065a3db57b841f5c95dba6ad8c73aaf8f66f8f9bf?s=96&d=mm&r=g","contentUrl":"https:\/\/secure.gravatar.com\/avatar\/b34fc4f4e468a4e51785917065a3db57b841f5c95dba6ad8c73aaf8f66f8f9bf?s=96&d=mm&r=g","caption":"Comunica\u00e7\u00e3o PSOL"}}]}},"_links":{"self":[{"href":"https:\/\/psol50.org.br\/rest\/wp\/v2\/posts\/16625","targetHints":{"allow":["GET"]}}],"collection":[{"href":"https:\/\/psol50.org.br\/rest\/wp\/v2\/posts"}],"about":[{"href":"https:\/\/psol50.org.br\/rest\/wp\/v2\/types\/post"}],"author":[{"embeddable":true,"href":"https:\/\/psol50.org.br\/rest\/wp\/v2\/users\/2"}],"replies":[{"embeddable":true,"href":"https:\/\/psol50.org.br\/rest\/wp\/v2\/comments?post=16625"}],"version-history":[{"count":0,"href":"https:\/\/psol50.org.br\/rest\/wp\/v2\/posts\/16625\/revisions"}],"wp:featuredmedia":[{"embeddable":true,"href":"https:\/\/psol50.org.br\/rest\/wp\/v2\/media\/11332"}],"wp:attachment":[{"href":"https:\/\/psol50.org.br\/rest\/wp\/v2\/media?parent=16625"}],"wp:term":[{"taxonomy":"category","embeddable":true,"href":"https:\/\/psol50.org.br\/rest\/wp\/v2\/categories?post=16625"},{"taxonomy":"post_tag","embeddable":true,"href":"https:\/\/psol50.org.br\/rest\/wp\/v2\/tags?post=16625"}],"curies":[{"name":"wp","href":"https:\/\/api.w.org\/{rel}","templated":true}]}}