{"id":16628,"date":"2017-05-11T19:03:17","date_gmt":"2017-05-11T19:03:17","guid":{"rendered":"http:\/\/www.psol50.org.br\/?p=16547"},"modified":"2017-05-11T19:03:17","modified_gmt":"2017-05-11T19:03:17","slug":"oit-afirma-que-nao-ha-evidencia-de-geracao-de-empregos-atraves-da-reforma-trabalhista","status":"publish","type":"post","link":"https:\/\/psol50.org.br\/oit-afirma-que-nao-ha-evidencia-de-geracao-de-empregos-atraves-da-reforma-trabalhista\/","title":{"rendered":"OIT afirma que n\u00e3o h\u00e1 evid\u00eancia de gera\u00e7\u00e3o de empregos atrav\u00e9s da reforma trabalhista"},"content":{"rendered":"<p>O\u00a0diretor da Organiza\u00e7\u00e3o Internacional do Trabalho (OIT) no Brasil, Peter Poschen, criticou o discurso do governo federal de que a legisla\u00e7\u00e3o vai &#8220;modernizar&#8221; com a reforma trabalhista, melhorando as condi\u00e7\u00f5es do mercado de trabalho.\u00a0Ele destacou que pode haver um impacto negativo, que \u00e9 desproporcional sobretudo entre mulheres, jovens e migrantes.<\/p>\n<p>A declara\u00e7\u00e3o ocorreu durante audi\u00eancia conjunta da Comiss\u00e3o de Assuntos Econ\u00f4micos (CAE) e de Assuntos Sociais (CAS) do Senado, na \u00faltima quarta-feira (10).<\/p>\n<p>Na ocasi\u00e3o, Poschen afirmou ainda que o argumento de que a reforma vai gerar emprego se baseia em pouca evid\u00eancia, uma vez que a experi\u00eancia internacional mostra que nem sempre a mudan\u00e7a na legisla\u00e7\u00e3o consegue gerar empregos e o ciclo econ\u00f4mico costuma ser importante na cria\u00e7\u00e3o de postos de trabalho.<\/p>\n<p>O diretor n\u00e3o negou a necessidade de uma moderniza\u00e7\u00e3o da CLT, mas defendeu que essa n\u00e3o \u00e9 a melhor maneira de ser conduzida, uma vez que est\u00e1 &#8220;vaga&#8221;. Al\u00e9m disso, criticou o fato de o governo estar tocando\u00a0a reforma trabalhista concomitantemente \u00e0 previdenci\u00e1ria, o que pode gerar discord\u00e2ncias entre os projetos. &#8220;\u00c9 preciso coer\u00eancia das pol\u00edticas&#8221;, finalizou.<\/p>\n","protected":false},"excerpt":{"rendered":"<p>O\u00a0diretor da Organiza\u00e7\u00e3o Internacional do Trabalho (OIT) no Brasil, Peter Poschen, criticou o discurso do governo federal de que a legisla\u00e7\u00e3o vai &#8220;modernizar&#8221; com a reforma trabalhista, melhorando as condi\u00e7\u00f5es do mercado de trabalho.\u00a0Ele destacou que pode haver um impacto negativo, que \u00e9 desproporcional sobretudo entre mulheres, jovens e migrantes. A declara\u00e7\u00e3o ocorreu durante audi\u00eancia [&hellip;]<\/p>\n","protected":false},"author":2,"featured_media":16305,"comment_status":"open","ping_status":"open","sticky":false,"template":"","format":"standard","meta":{"_acf_changed":false,"footnotes":""},"categories":[1882,836,6],"tags":[3228,1575,1748,2064,39,1669],"class_list":{"0":"post-16628","1":"post","2":"type-post","3":"status-publish","4":"format-standard","5":"has-post-thumbnail","7":"category-brasil","8":"category-internacional","9":"category-noticias","10":"tag-critica","11":"tag-governo-federal","12":"tag-michel-temer","13":"tag-oit","14":"tag-reforma-da-previdencia","15":"tag-reforma-trabalhista"},"acf":[],"yoast_head":"<!-- This site is optimized with the Yoast SEO plugin v26.5 - https:\/\/yoast.com\/wordpress\/plugins\/seo\/ -->\n<title>OIT afirma que n\u00e3o h\u00e1 evid\u00eancia de gera\u00e7\u00e3o de empregos atrav\u00e9s da reforma trabalhista - PSOL 50<\/title>\n<meta name=\"robots\" content=\"index, follow, max-snippet:-1, max-image-preview:large, max-video-preview:-1\" \/>\n<link rel=\"canonical\" href=\"https:\/\/psol50.org.br\/oit-afirma-que-nao-ha-evidencia-de-geracao-de-empregos-atraves-da-reforma-trabalhista\/\" \/>\n<meta property=\"og:locale\" content=\"pt_BR\" \/>\n<meta property=\"og:type\" content=\"article\" \/>\n<meta property=\"og:title\" content=\"OIT afirma que n\u00e3o h\u00e1 evid\u00eancia de gera\u00e7\u00e3o de empregos atrav\u00e9s da reforma trabalhista - PSOL 50\" \/>\n<meta property=\"og:description\" content=\"O\u00a0diretor da Organiza\u00e7\u00e3o Internacional do Trabalho (OIT) no Brasil, Peter Poschen, criticou o discurso do governo federal de que a legisla\u00e7\u00e3o vai &#8220;modernizar&#8221; com a reforma trabalhista, melhorando as condi\u00e7\u00f5es do mercado de trabalho.\u00a0Ele destacou que pode haver um impacto negativo, que \u00e9 desproporcional sobretudo entre mulheres, jovens e migrantes. A declara\u00e7\u00e3o ocorreu durante audi\u00eancia [&hellip;]\" \/>\n<meta property=\"og:url\" content=\"https:\/\/psol50.org.br\/oit-afirma-que-nao-ha-evidencia-de-geracao-de-empregos-atraves-da-reforma-trabalhista\/\" \/>\n<meta property=\"og:site_name\" content=\"PSOL 50\" \/>\n<meta property=\"article:publisher\" content=\"https:\/\/www.facebook.com\/psol50\" \/>\n<meta property=\"article:published_time\" content=\"2017-05-11T19:03:17+00:00\" \/>\n<meta property=\"og:image\" content=\"https:\/\/psol50.org.br\/inc\/uploads\/2018\/07\/capa.png\" \/>\n\t<meta property=\"og:image:width\" content=\"1350\" \/>\n\t<meta property=\"og:image:height\" content=\"900\" \/>\n\t<meta property=\"og:image:type\" content=\"image\/png\" \/>\n<meta name=\"author\" content=\"Comunica\u00e7\u00e3o PSOL\" \/>\n<meta name=\"twitter:card\" content=\"summary_large_image\" \/>\n<meta name=\"twitter:creator\" content=\"@psol50\" \/>\n<meta name=\"twitter:site\" content=\"@psol50\" \/>\n<meta name=\"twitter:label1\" content=\"Escrito por\" \/>\n\t<meta name=\"twitter:data1\" content=\"Comunica\u00e7\u00e3o PSOL\" \/>\n\t<meta name=\"twitter:label2\" content=\"Est. tempo de leitura\" \/>\n\t<meta name=\"twitter:data2\" content=\"1 minuto\" \/>\n<script type=\"application\/ld+json\" class=\"yoast-schema-graph\">{\"@context\":\"https:\/\/schema.org\",\"@graph\":[{\"@type\":\"Article\",\"@id\":\"https:\/\/psol50.org.br\/oit-afirma-que-nao-ha-evidencia-de-geracao-de-empregos-atraves-da-reforma-trabalhista\/#article\",\"isPartOf\":{\"@id\":\"https:\/\/psol50.org.br\/oit-afirma-que-nao-ha-evidencia-de-geracao-de-empregos-atraves-da-reforma-trabalhista\/\"},\"author\":{\"name\":\"Comunica\u00e7\u00e3o PSOL\",\"@id\":\"https:\/\/psol50.org.br\/#\/schema\/person\/475dfa57d0b815993c714c2e96491fcd\"},\"headline\":\"OIT afirma que n\u00e3o h\u00e1 evid\u00eancia de gera\u00e7\u00e3o de empregos atrav\u00e9s da reforma trabalhista\",\"datePublished\":\"2017-05-11T19:03:17+00:00\",\"mainEntityOfPage\":{\"@id\":\"https:\/\/psol50.org.br\/oit-afirma-que-nao-ha-evidencia-de-geracao-de-empregos-atraves-da-reforma-trabalhista\/\"},\"wordCount\":218,\"commentCount\":0,\"publisher\":{\"@id\":\"https:\/\/psol50.org.br\/#organization\"},\"image\":{\"@id\":\"https:\/\/psol50.org.br\/oit-afirma-que-nao-ha-evidencia-de-geracao-de-empregos-atraves-da-reforma-trabalhista\/#primaryimage\"},\"thumbnailUrl\":\"\",\"keywords\":[\"cr\u00edtica\",\"Governo Federal\",\"Michel Temer\",\"OIT\",\"reforma da previd\u00eancia\",\"reforma trabalhista\"],\"articleSection\":[\"Brasil\",\"Internacional\",\"Not\u00edcias\"],\"inLanguage\":\"pt-BR\",\"potentialAction\":[{\"@type\":\"CommentAction\",\"name\":\"Comment\",\"target\":[\"https:\/\/psol50.org.br\/oit-afirma-que-nao-ha-evidencia-de-geracao-de-empregos-atraves-da-reforma-trabalhista\/#respond\"]}]},{\"@type\":\"WebPage\",\"@id\":\"https:\/\/psol50.org.br\/oit-afirma-que-nao-ha-evidencia-de-geracao-de-empregos-atraves-da-reforma-trabalhista\/\",\"url\":\"https:\/\/psol50.org.br\/oit-afirma-que-nao-ha-evidencia-de-geracao-de-empregos-atraves-da-reforma-trabalhista\/\",\"name\":\"OIT afirma que n\u00e3o h\u00e1 evid\u00eancia de gera\u00e7\u00e3o de empregos atrav\u00e9s da reforma trabalhista - PSOL 50\",\"isPartOf\":{\"@id\":\"https:\/\/psol50.org.br\/#website\"},\"primaryImageOfPage\":{\"@id\":\"https:\/\/psol50.org.br\/oit-afirma-que-nao-ha-evidencia-de-geracao-de-empregos-atraves-da-reforma-trabalhista\/#primaryimage\"},\"image\":{\"@id\":\"https:\/\/psol50.org.br\/oit-afirma-que-nao-ha-evidencia-de-geracao-de-empregos-atraves-da-reforma-trabalhista\/#primaryimage\"},\"thumbnailUrl\":\"\",\"datePublished\":\"2017-05-11T19:03:17+00:00\",\"breadcrumb\":{\"@id\":\"https:\/\/psol50.org.br\/oit-afirma-que-nao-ha-evidencia-de-geracao-de-empregos-atraves-da-reforma-trabalhista\/#breadcrumb\"},\"inLanguage\":\"pt-BR\",\"potentialAction\":[{\"@type\":\"ReadAction\",\"target\":[\"https:\/\/psol50.org.br\/oit-afirma-que-nao-ha-evidencia-de-geracao-de-empregos-atraves-da-reforma-trabalhista\/\"]}]},{\"@type\":\"ImageObject\",\"inLanguage\":\"pt-BR\",\"@id\":\"https:\/\/psol50.org.br\/oit-afirma-que-nao-ha-evidencia-de-geracao-de-empregos-atraves-da-reforma-trabalhista\/#primaryimage\",\"url\":\"\",\"contentUrl\":\"\"},{\"@type\":\"BreadcrumbList\",\"@id\":\"https:\/\/psol50.org.br\/oit-afirma-que-nao-ha-evidencia-de-geracao-de-empregos-atraves-da-reforma-trabalhista\/#breadcrumb\",\"itemListElement\":[{\"@type\":\"ListItem\",\"position\":1,\"name\":\"In\u00edcio\",\"item\":\"https:\/\/psol50.org.br\/\"},{\"@type\":\"ListItem\",\"position\":2,\"name\":\"OIT afirma que n\u00e3o h\u00e1 evid\u00eancia de gera\u00e7\u00e3o de empregos atrav\u00e9s da reforma trabalhista\"}]},{\"@type\":\"WebSite\",\"@id\":\"https:\/\/psol50.org.br\/#website\",\"url\":\"https:\/\/psol50.org.br\/\",\"name\":\"PSOL 50\",\"description\":\"Site oficial do Partido Socialismo e Liberdade\",\"publisher\":{\"@id\":\"https:\/\/psol50.org.br\/#organization\"},\"alternateName\":\"PSOL50\",\"potentialAction\":[{\"@type\":\"SearchAction\",\"target\":{\"@type\":\"EntryPoint\",\"urlTemplate\":\"https:\/\/psol50.org.br\/?s={search_term_string}\"},\"query-input\":{\"@type\":\"PropertyValueSpecification\",\"valueRequired\":true,\"valueName\":\"search_term_string\"}}],\"inLanguage\":\"pt-BR\"},{\"@type\":\"Organization\",\"@id\":\"https:\/\/psol50.org.br\/#organization\",\"name\":\"PSOL 50\",\"alternateName\":\"PSOL 50\",\"url\":\"https:\/\/psol50.org.br\/\",\"logo\":{\"@type\":\"ImageObject\",\"inLanguage\":\"pt-BR\",\"@id\":\"https:\/\/psol50.org.br\/#\/schema\/logo\/image\/\",\"url\":\"https:\/\/psol50.org.br\/inc\/uploads\/2018\/07\/capa.png\",\"contentUrl\":\"https:\/\/psol50.org.br\/inc\/uploads\/2018\/07\/capa.png\",\"width\":1350,\"height\":900,\"caption\":\"PSOL 50\"},\"image\":{\"@id\":\"https:\/\/psol50.org.br\/#\/schema\/logo\/image\/\"},\"sameAs\":[\"https:\/\/www.facebook.com\/psol50\",\"https:\/\/x.com\/psol50\",\"https:\/\/www.instagram.com\/psol50\/\",\"https:\/\/www.youtube.com\/channel\/UC7SnJS5o1os7a6CaiNabzcg\"]},{\"@type\":\"Person\",\"@id\":\"https:\/\/psol50.org.br\/#\/schema\/person\/475dfa57d0b815993c714c2e96491fcd\",\"name\":\"Comunica\u00e7\u00e3o PSOL\",\"image\":{\"@type\":\"ImageObject\",\"inLanguage\":\"pt-BR\",\"@id\":\"https:\/\/psol50.org.br\/#\/schema\/person\/image\/\",\"url\":\"https:\/\/secure.gravatar.com\/avatar\/b34fc4f4e468a4e51785917065a3db57b841f5c95dba6ad8c73aaf8f66f8f9bf?s=96&d=mm&r=g\",\"contentUrl\":\"https:\/\/secure.gravatar.com\/avatar\/b34fc4f4e468a4e51785917065a3db57b841f5c95dba6ad8c73aaf8f66f8f9bf?s=96&d=mm&r=g\",\"caption\":\"Comunica\u00e7\u00e3o PSOL\"}}]}<\/script>\n<!-- \/ Yoast SEO plugin. -->","yoast_head_json":{"title":"OIT afirma que n\u00e3o h\u00e1 evid\u00eancia de gera\u00e7\u00e3o de empregos atrav\u00e9s da reforma trabalhista - PSOL 50","robots":{"index":"index","follow":"follow","max-snippet":"max-snippet:-1","max-image-preview":"max-image-preview:large","max-video-preview":"max-video-preview:-1"},"canonical":"https:\/\/psol50.org.br\/oit-afirma-que-nao-ha-evidencia-de-geracao-de-empregos-atraves-da-reforma-trabalhista\/","og_locale":"pt_BR","og_type":"article","og_title":"OIT afirma que n\u00e3o h\u00e1 evid\u00eancia de gera\u00e7\u00e3o de empregos atrav\u00e9s da reforma trabalhista - PSOL 50","og_description":"O\u00a0diretor da Organiza\u00e7\u00e3o Internacional do Trabalho (OIT) no Brasil, Peter Poschen, criticou o discurso do governo federal de que a legisla\u00e7\u00e3o vai &#8220;modernizar&#8221; com a reforma trabalhista, melhorando as condi\u00e7\u00f5es do mercado de trabalho.\u00a0Ele destacou que pode haver um impacto negativo, que \u00e9 desproporcional sobretudo entre mulheres, jovens e migrantes. A declara\u00e7\u00e3o ocorreu durante audi\u00eancia [&hellip;]","og_url":"https:\/\/psol50.org.br\/oit-afirma-que-nao-ha-evidencia-de-geracao-de-empregos-atraves-da-reforma-trabalhista\/","og_site_name":"PSOL 50","article_publisher":"https:\/\/www.facebook.com\/psol50","article_published_time":"2017-05-11T19:03:17+00:00","og_image":[{"width":1350,"height":900,"url":"https:\/\/psol50.org.br\/inc\/uploads\/2018\/07\/capa.png","type":"image\/png"}],"author":"Comunica\u00e7\u00e3o PSOL","twitter_card":"summary_large_image","twitter_creator":"@psol50","twitter_site":"@psol50","twitter_misc":{"Escrito por":"Comunica\u00e7\u00e3o PSOL","Est. tempo de leitura":"1 minuto"},"schema":{"@context":"https:\/\/schema.org","@graph":[{"@type":"Article","@id":"https:\/\/psol50.org.br\/oit-afirma-que-nao-ha-evidencia-de-geracao-de-empregos-atraves-da-reforma-trabalhista\/#article","isPartOf":{"@id":"https:\/\/psol50.org.br\/oit-afirma-que-nao-ha-evidencia-de-geracao-de-empregos-atraves-da-reforma-trabalhista\/"},"author":{"name":"Comunica\u00e7\u00e3o PSOL","@id":"https:\/\/psol50.org.br\/#\/schema\/person\/475dfa57d0b815993c714c2e96491fcd"},"headline":"OIT afirma que n\u00e3o h\u00e1 evid\u00eancia de gera\u00e7\u00e3o de empregos atrav\u00e9s da reforma trabalhista","datePublished":"2017-05-11T19:03:17+00:00","mainEntityOfPage":{"@id":"https:\/\/psol50.org.br\/oit-afirma-que-nao-ha-evidencia-de-geracao-de-empregos-atraves-da-reforma-trabalhista\/"},"wordCount":218,"commentCount":0,"publisher":{"@id":"https:\/\/psol50.org.br\/#organization"},"image":{"@id":"https:\/\/psol50.org.br\/oit-afirma-que-nao-ha-evidencia-de-geracao-de-empregos-atraves-da-reforma-trabalhista\/#primaryimage"},"thumbnailUrl":"","keywords":["cr\u00edtica","Governo Federal","Michel Temer","OIT","reforma da previd\u00eancia","reforma trabalhista"],"articleSection":["Brasil","Internacional","Not\u00edcias"],"inLanguage":"pt-BR","potentialAction":[{"@type":"CommentAction","name":"Comment","target":["https:\/\/psol50.org.br\/oit-afirma-que-nao-ha-evidencia-de-geracao-de-empregos-atraves-da-reforma-trabalhista\/#respond"]}]},{"@type":"WebPage","@id":"https:\/\/psol50.org.br\/oit-afirma-que-nao-ha-evidencia-de-geracao-de-empregos-atraves-da-reforma-trabalhista\/","url":"https:\/\/psol50.org.br\/oit-afirma-que-nao-ha-evidencia-de-geracao-de-empregos-atraves-da-reforma-trabalhista\/","name":"OIT afirma que n\u00e3o h\u00e1 evid\u00eancia de gera\u00e7\u00e3o de empregos atrav\u00e9s da reforma trabalhista - PSOL 50","isPartOf":{"@id":"https:\/\/psol50.org.br\/#website"},"primaryImageOfPage":{"@id":"https:\/\/psol50.org.br\/oit-afirma-que-nao-ha-evidencia-de-geracao-de-empregos-atraves-da-reforma-trabalhista\/#primaryimage"},"image":{"@id":"https:\/\/psol50.org.br\/oit-afirma-que-nao-ha-evidencia-de-geracao-de-empregos-atraves-da-reforma-trabalhista\/#primaryimage"},"thumbnailUrl":"","datePublished":"2017-05-11T19:03:17+00:00","breadcrumb":{"@id":"https:\/\/psol50.org.br\/oit-afirma-que-nao-ha-evidencia-de-geracao-de-empregos-atraves-da-reforma-trabalhista\/#breadcrumb"},"inLanguage":"pt-BR","potentialAction":[{"@type":"ReadAction","target":["https:\/\/psol50.org.br\/oit-afirma-que-nao-ha-evidencia-de-geracao-de-empregos-atraves-da-reforma-trabalhista\/"]}]},{"@type":"ImageObject","inLanguage":"pt-BR","@id":"https:\/\/psol50.org.br\/oit-afirma-que-nao-ha-evidencia-de-geracao-de-empregos-atraves-da-reforma-trabalhista\/#primaryimage","url":"","contentUrl":""},{"@type":"BreadcrumbList","@id":"https:\/\/psol50.org.br\/oit-afirma-que-nao-ha-evidencia-de-geracao-de-empregos-atraves-da-reforma-trabalhista\/#breadcrumb","itemListElement":[{"@type":"ListItem","position":1,"name":"In\u00edcio","item":"https:\/\/psol50.org.br\/"},{"@type":"ListItem","position":2,"name":"OIT afirma que n\u00e3o h\u00e1 evid\u00eancia de gera\u00e7\u00e3o de empregos atrav\u00e9s da reforma trabalhista"}]},{"@type":"WebSite","@id":"https:\/\/psol50.org.br\/#website","url":"https:\/\/psol50.org.br\/","name":"PSOL 50","description":"Site oficial do Partido Socialismo e Liberdade","publisher":{"@id":"https:\/\/psol50.org.br\/#organization"},"alternateName":"PSOL50","potentialAction":[{"@type":"SearchAction","target":{"@type":"EntryPoint","urlTemplate":"https:\/\/psol50.org.br\/?s={search_term_string}"},"query-input":{"@type":"PropertyValueSpecification","valueRequired":true,"valueName":"search_term_string"}}],"inLanguage":"pt-BR"},{"@type":"Organization","@id":"https:\/\/psol50.org.br\/#organization","name":"PSOL 50","alternateName":"PSOL 50","url":"https:\/\/psol50.org.br\/","logo":{"@type":"ImageObject","inLanguage":"pt-BR","@id":"https:\/\/psol50.org.br\/#\/schema\/logo\/image\/","url":"https:\/\/psol50.org.br\/inc\/uploads\/2018\/07\/capa.png","contentUrl":"https:\/\/psol50.org.br\/inc\/uploads\/2018\/07\/capa.png","width":1350,"height":900,"caption":"PSOL 50"},"image":{"@id":"https:\/\/psol50.org.br\/#\/schema\/logo\/image\/"},"sameAs":["https:\/\/www.facebook.com\/psol50","https:\/\/x.com\/psol50","https:\/\/www.instagram.com\/psol50\/","https:\/\/www.youtube.com\/channel\/UC7SnJS5o1os7a6CaiNabzcg"]},{"@type":"Person","@id":"https:\/\/psol50.org.br\/#\/schema\/person\/475dfa57d0b815993c714c2e96491fcd","name":"Comunica\u00e7\u00e3o PSOL","image":{"@type":"ImageObject","inLanguage":"pt-BR","@id":"https:\/\/psol50.org.br\/#\/schema\/person\/image\/","url":"https:\/\/secure.gravatar.com\/avatar\/b34fc4f4e468a4e51785917065a3db57b841f5c95dba6ad8c73aaf8f66f8f9bf?s=96&d=mm&r=g","contentUrl":"https:\/\/secure.gravatar.com\/avatar\/b34fc4f4e468a4e51785917065a3db57b841f5c95dba6ad8c73aaf8f66f8f9bf?s=96&d=mm&r=g","caption":"Comunica\u00e7\u00e3o PSOL"}}]}},"_links":{"self":[{"href":"https:\/\/psol50.org.br\/rest\/wp\/v2\/posts\/16628","targetHints":{"allow":["GET"]}}],"collection":[{"href":"https:\/\/psol50.org.br\/rest\/wp\/v2\/posts"}],"about":[{"href":"https:\/\/psol50.org.br\/rest\/wp\/v2\/types\/post"}],"author":[{"embeddable":true,"href":"https:\/\/psol50.org.br\/rest\/wp\/v2\/users\/2"}],"replies":[{"embeddable":true,"href":"https:\/\/psol50.org.br\/rest\/wp\/v2\/comments?post=16628"}],"version-history":[{"count":0,"href":"https:\/\/psol50.org.br\/rest\/wp\/v2\/posts\/16628\/revisions"}],"wp:featuredmedia":[{"embeddable":true,"href":"https:\/\/psol50.org.br\/rest\/"}],"wp:attachment":[{"href":"https:\/\/psol50.org.br\/rest\/wp\/v2\/media?parent=16628"}],"wp:term":[{"taxonomy":"category","embeddable":true,"href":"https:\/\/psol50.org.br\/rest\/wp\/v2\/categories?post=16628"},{"taxonomy":"post_tag","embeddable":true,"href":"https:\/\/psol50.org.br\/rest\/wp\/v2\/tags?post=16628"}],"curies":[{"name":"wp","href":"https:\/\/api.w.org\/{rel}","templated":true}]}}