{"id":16629,"date":"2017-05-15T13:31:32","date_gmt":"2017-05-15T13:31:32","guid":{"rendered":"http:\/\/www.psol50.org.br\/?p=16553"},"modified":"2017-05-15T13:31:32","modified_gmt":"2017-05-15T13:31:32","slug":"organizacoes-lancam-manifesto-e-criam-articulacao-contra-as-ameacas-do-governo","status":"publish","type":"post","link":"https:\/\/psol50.org.br\/organizacoes-lancam-manifesto-e-criam-articulacao-contra-as-ameacas-do-governo\/","title":{"rendered":"Organiza\u00e7\u00f5es lan\u00e7am manifesto e criam articula\u00e7\u00e3o contra as amea\u00e7as do governo"},"content":{"rendered":"<p>Mais de cem organiza\u00e7\u00f5es da sociedade civil lan\u00e7aram, na semana passada, o manifesto #Resista, contra os diversos projetos sustentados pelo governo federal que atacam direitos sociais, trabalhistas e dos povos tradicionais, ind\u00edgenas, das florestas, quilombolas e trabalhadores do campo. Inicialmente, o manifesto p\u00fablico contou com a assinatura de 40 institui\u00e7\u00f5es, entidades e organiza\u00e7\u00f5es que atuam nas \u00e1reas ambientalistas, indigenistas, de prote\u00e7\u00e3o aos direitos humanos, da igreja e do campo. No entanto, em pouco mais de um dia a lista aumentou consideravelmente e j\u00e1 conta com a ades\u00e3o de cerca de 130 entidades, mostrando o tamanho da indigna\u00e7\u00e3o e da for\u00e7a dos movimentos sociais.<\/p>\n<p>A partir do documento, a ideia \u00e9 articular uma frente organizada, para atuar nacionalmente, em diferentes regi\u00f5es do pa\u00eds. S\u00e3o a den\u00fancia e a resist\u00eancia que unem esses diferentes atores da sociedade na atual conjuntura de retrocessos.<\/p>\n<p>Confira, abaixo, a \u00edntegra do manifesto p\u00fablico.<\/p>\n<p><strong>Governo e ruralistas se unem contra o futuro do pa\u00eds<\/strong><\/p>\n<p>Nos \u00faltimos anos, as agendas socioambiental, de direitos humanos e de trabalhadores do campo t\u00eam sido alvo de ataques sistem\u00e1ticos por grupos de interesse instalados no Congresso Nacional e no Executivo Federal. Nem mesmo direitos garantidos pela Constitui\u00e7\u00e3o est\u00e3o a salvo.<\/p>\n<p>Atualmente estes ataques ganharam uma nova dimens\u00e3o. Em meio ao caos pol\u00edtico que assola o pa\u00eds, a bancada do agroneg\u00f3cio e o n\u00facleo central do governo federal fazem avan\u00e7ar, de forma organizada e em tempo recorde, um pacote de medidas que inclui viola\u00e7\u00f5es a direitos humanos, &#8220;normaliza\u00e7\u00e3o&#8221; do crime ambiental e promo\u00e7\u00e3o do caos fundi\u00e1rio. Se aprovadas, tais medidas produzir\u00e3o um retrocesso sem precedentes em todo o sistema de prote\u00e7\u00e3o ambiental, de popula\u00e7\u00f5es tradicionais e dos trabalhadores do campo, deixando o pa\u00eds na imin\u00eancia de ver perdidas importantes conquistas da sociedade ocorridas no per\u00edodo democr\u00e1tico brasileiro.<\/p>\n<p>\u00c0s tentativas de aniquila\u00e7\u00e3o das pol\u00edticas de reforma agr\u00e1ria e do uso social da terra, contidas na Medida Provis\u00f3ria (MP) 759, somam-se iniciativas de extin\u00e7\u00e3o de Unidades de Conserva\u00e7\u00e3o, a facilita\u00e7\u00e3o e legaliza\u00e7\u00e3o da grilagem de terras e os ataques contra direitos e territ\u00f3rios ind\u00edgenas. Em conjunto, tais investidas buscam disponibilizar estoques de terras para explora\u00e7\u00e3o desenfreada e tamb\u00e9m para serem negociadas atrav\u00e9s do projeto que libera a venda de terras para estrangeiros.<\/p>\n<p>A lista de retrocessos segue com as tentativas de enfraquecimento do licenciamento ambiental e da fiscaliza\u00e7\u00e3o sobre a minera\u00e7\u00e3o; a libera\u00e7\u00e3o do uso e registro de agrot\u00f3xicos, inclusive daqueles proibidos em diversos pa\u00edses do mundo; a ocupa\u00e7\u00e3o de terras p\u00fablicas de alto valor ambiental; a concretiza\u00e7\u00e3o das anistias a crimes ambientais e o ataque a direitos trabalhistas e sociais de popula\u00e7\u00f5es camponesas e de trabalhadores rurais.<\/p>\n<p>Para o avan\u00e7o r\u00e1pido desta agenda, governo e parlamentares armam tramita\u00e7\u00f5es expressas no Congresso e fazem uso desmedido de medidas provis\u00f3rias, inclusive para temas que j\u00e1 se encontram em debate no legislativo, excluindo assim a possibilidade da participa\u00e7\u00e3o da sociedade e de estudiosos dos temas.<\/p>\n<p>Al\u00e9m de colocar em risco a nossa pr\u00f3pria soberania e seguran\u00e7a alimentar, a aprova\u00e7\u00e3o de tais medidas resultar\u00e1 em maior concentra\u00e7\u00e3o fundi\u00e1ria; na inviabilidade econ\u00f4mica de pequenos produtores rurais e da agricultura familiar, dos quilombolas e povos ind\u00edgenas; no aumento da viol\u00eancia e da disputa por terras; no beneficiamento da grilagem de terras p\u00fablicas e na mercantiliza\u00e7\u00e3o dos assentamentos rurais e da reforma agr\u00e1ria.<\/p>\n<p>O desmatamento ser\u00e1 impulsionado de forma decisiva, colocando por terra todo o esfor\u00e7o da sociedade que levou \u00e0 redu\u00e7\u00e3o do desmatamento na Amaz\u00f4nia em cerca de 80% entre os anos de 2004-2014, nos afastando do cumprimento de compromissos internacionais assumidos em conven\u00e7\u00f5es sobre clima e sobre biodiversidade, de direitos ind\u00edgenas e direitos humanos.\u00a0Este conjunto de fatores poder\u00e1 potencializar as din\u00e2micas das mudan\u00e7as clim\u00e1ticas, impondo graves preju\u00edzos \u00e0 economia, aos produtores rurais e \u00e0 toda popula\u00e7\u00e3o do campo e das cidades.<\/p>\n<p>A participa\u00e7\u00e3o do governo na ofensiva orquestrada contra os direitos, territ\u00f3rios da diversidade e meio ambiente revela um retrocesso pol\u00edtico hist\u00f3rico: al\u00e9m da ren\u00fancia \u00e0 obriga\u00e7\u00e3o constitucional de tutela dos direitos difusos e de minorias, escancara uma concep\u00e7\u00e3o de Pa\u00eds calcada no desprezo pela natureza e pelo conhecimento sobre ela em fun\u00e7\u00e3o de interesses econ\u00f4micos imediatos, reproduzindo o modelo excludente de expans\u00e3o do agroneg\u00f3cio e facilitando a implementa\u00e7\u00e3o de projetos frequentemente ligados a esquemas de corrup\u00e7\u00e3o e m\u00e1-gest\u00e3o dos recursos p\u00fablicos.<\/p>\n<p>Diante do exposto, as organiza\u00e7\u00f5es e movimentos dos mais diversos campos de atua\u00e7\u00e3o abaixo assinados se unem para denunciar e resistir \u00e0 perversa agenda de desmonte das conquistas socioambientais, e convidam a popula\u00e7\u00e3o e demais setores organizados da sociedade a somarem esfor\u00e7os no sentido de impedir tais retrocessos.<\/p>\n<p>Assinam:<\/p>\n<ol>\n<li>350.org<\/li>\n<li>Abra\u00e7o Guarapiranga<\/li>\n<li>Abong\/Associa\u00e7\u00e3o Brasileira de Organiza\u00e7\u00f5es N\u00e3o Governamentais<\/li>\n<li>Actionaid<\/li>\n<li>AdT\/Amigos da Terra<\/li>\n<li>AFES\/A\u00e7\u00e3o Franciscana de Ecologia e Solidariedade<\/li>\n<li>Aldeia Guarani Kalipty &#8211; Parelheiros<\/li>\n<li>Aldeia Guarani Tenond\u00e9 Por\u00e3 &#8211; Parelheiros<\/li>\n<li>Amaz\u00f4nia Real<\/li>\n<li>Amazon Watch<\/li>\n<li>ANA\/Articula\u00e7\u00e3o Nacional de Agroecologia<\/li>\n<li>Andi\/Ag\u00eancia de Not\u00edcias dos Direitos da Inf\u00e2ncia<\/li>\n<li>APIB\/Articula\u00e7\u00e3o dos Povos Ind\u00edgenas do Brasil<\/li>\n<li>Apremavi\/Associa\u00e7\u00e3o de Preserva\u00e7\u00e3o do Meio Ambiente e da Vida<\/li>\n<li>Articula\u00e7\u00e3o para o Monitoramento dos Direitos Humanos no Brasil<\/li>\n<li>Associa\u00e7\u00e3o Coletivista Dom Helder C\u00e2mara<\/li>\n<li>Associa\u00e7\u00e3o Bem-Te-Vi Diversidade<\/li>\n<li>Associa\u00e7\u00e3o Comunit\u00e1ria Amigos do Meio Ambiente para a Ecologia, o Desenvolvimento e o Turismo Sustent\u00e1veis<\/li>\n<li>Associa\u00e7\u00e3o Mico-Le\u00e3o-Dourado<\/li>\n<li>AWIRE\/Alian\u00e7a Multi\u00e9tnica de Permacultura<\/li>\n<li>BVRio<\/li>\n<li>BJHRF\/Bianca Jagger Human Rights Foundation<\/li>\n<li>Bicuda Ecol\u00f3gica<\/li>\n<li>C\u00e1ritas Nacional<\/li>\n<li>CASA Brasil\/Conselho de Assentamentos Humanos Sustent\u00e1veis<\/li>\n<li>Casa Ecoativa &#8211; Ilha do Boror\u00e9<\/li>\n<li>CBJP\/Comiss\u00e3o Brasileira Justi\u00e7a e Paz<\/li>\n<li>CEBES\/Centro Brasileiro de Estudos de Sa\u00fade<\/li>\n<li>CEBI\/Centro de Estudos B\u00edblicos<\/li>\n<li>CEDENPA\/Centro de Estudos e Defesa do negro do Par\u00e1<\/li>\n<li>CECVI\/Centro de Educa\u00e7\u00e3o e Cultura Vale do Iguape<\/li>\n<li>CDDHEP\/Centro de Defesa dos Direitos Humanos e Educa\u00e7\u00e3o Popular do Acre<\/li>\n<li>CIMI\/Conselho Indigenista Mission\u00e1rio<\/li>\n<li>Comiss\u00e3o Dominicana de Justi\u00e7a e Paz do Brasil<\/li>\n<li>Comit\u00ea Nacional em Defesa dos Territ\u00f3rios Frente \u00e0 Minera\u00e7\u00e3o<\/li>\n<li>Comiss\u00e3o Pr\u00f3-\u00cdndio de S\u00e3o Paulo<\/li>\n<li>CONAQ\/Coordena\u00e7\u00e3o Nacional de Articula\u00e7\u00e3o das Comunidades Negras Rurais Quilombolas<\/li>\n<li>Conectas Direitos Humanos<\/li>\n<li>Conselho Quilombola da Bacia e Vale do Iguape<\/li>\n<li>Contrag\/Confedera\u00e7\u00e3o Nacional dos Trabalhadores Rurais Agricultores e Agricultoras Familiares<\/li>\n<li>Cora\u00e7\u00e3o Amaz\u00f4nico<\/li>\n<li>Cooperapas\/Cooperativa Agroecol\u00f3gica dos Produtores Rurais de \u00c1gua Limpa -SP<\/li>\n<li>Cl\u00edmax Brasil<\/li>\n<li>CNS\/Conselho Nacional das Popula\u00e7\u00f5es Extrativistas<\/li>\n<li>Consulta Popular<\/li>\n<li>CPT\/Comiss\u00e3o Pastoral da Terra<\/li>\n<li>CUT\/Central \u00danica dos Trabalhadores<\/li>\n<li>EarthCode Project<\/li>\n<li>Engajamundo<\/li>\n<li>Escola de Ativismo<\/li>\n<li>Espa\u00e7o de Forma\u00e7\u00e3o Assessoria e Documenta\u00e7\u00e3o<\/li>\n<li>FAOR\/F\u00f3rum da Amaz\u00f4nia Oriental<\/li>\n<li>FASE\/Federa\u00e7\u00e3o de \u00d3rg\u00e3os para Assist\u00eancia Social e Educacional<\/li>\n<li>F\u00f3rum Mudan\u00e7as Clim\u00e1ticas e Justi\u00e7a Social<\/li>\n<li>FURPA\/Funda\u00e7\u00e3o Rio Parna\u00edba<\/li>\n<li>Gamb\u00e1\/Grupo Ambientalista da Bahia<\/li>\n<li>Greenpeace Brasil<\/li>\n<li>Grupo Carta de Bel\u00e9m<\/li>\n<li>Grupo de trabalho de atendimento a comunidades ind\u00edgenas da Defensoria P\u00fablica da Uni\u00e3o\/GT Ind\u00edgenas DPU<\/li>\n<li>IBASE\/Instituto Brasileiro de An\u00e1lises Sociais e Econ\u00f4micas<\/li>\n<li>ICV\/Instituto Centro de Vida<\/li>\n<li>IDESAM\/Instituto de Conserva\u00e7\u00e3o e Desenvolvimento Sustent\u00e1vel do Amazonas<\/li>\n<li>IDS\/Instituto Democracia e Sustentabilidade<\/li>\n<li>IEMA\/Instituto de Energia e Meio Ambiente<\/li>\n<li>Iniciativa Verde<\/li>\n<li>Intersindical &#8211; Central da Classe Trabalhadora<\/li>\n<li>IMAFLORA\/Instituto de Manejo e Certifica\u00e7\u00e3o Florestal e Agr\u00edcola<\/li>\n<li>Imargem &#8211; Arte, Meio Ambiente e Conviv\u00eancia<\/li>\n<li>IMAZON\/ Instituto do Homem e Meio Ambiente da Amaz\u00f4nia<\/li>\n<li>INESC\/ Instituto de Estudos Socioecon\u00f4micos<\/li>\n<li>International Rivers Brasil<\/li>\n<li>Instituto P\u00f3lis<\/li>\n<li>Instituto Avalia\u00e7\u00e3o<\/li>\n<li>IPAM\/Instituto de Pesquisa Ambiental da Amaz\u00f4nia<\/li>\n<li>IPESA\/Instituto de Projetos e Pesquisas Socioambientais<\/li>\n<li>ISA\/Instituto Socioambiental<\/li>\n<li>Justi\u00e7a Global<\/li>\n<li>Justi\u00e7a nos Trilhos<\/li>\n<li>Liga Brasileira de L\u00e9sbicas<\/li>\n<li>Mater Natura &#8211; Instituto de Estudos Ambientais<\/li>\n<li>MAB\/Movimento dos Atingidos por Barragens<\/li>\n<li>MAM\/Movimento pela Soberania Popular na Minera\u00e7\u00e3o<\/li>\n<li>MCP\/Movimento Campon\u00eas Popular<\/li>\n<li>Marcha Mundial do Clima<\/li>\n<li>MMC\/Movimento de Mulheres Camponesas<\/li>\n<li>Mogave\/Movimento Gar\u00e7a Vermelha<\/li>\n<li>MNCCD\/Movimento Nacional Contra Corrup\u00e7\u00e3o e pela Democracia<\/li>\n<li>Movimento Contra o Aeroporto de Parelheiros<\/li>\n<li>Movimento Aeroporto de Parelheiros N\u00c3O!<\/li>\n<li>Movimento pela Moralidade P\u00fablica e Cidadania<\/li>\n<li>Movimento Social Via do Trabalho &#8211; Bahia<\/li>\n<li>MPA\/Movimento dos Pequenos Agricultores<\/li>\n<li>MST\/ Movimento dos Trabalhadores Rurais Sem Terra<\/li>\n<li>MTST\/Movimento dos Trabalhadores Sem Teto<\/li>\n<li>MUDA-SP\/Movimento Urbano de Agroecologia de S\u00e3o Paulo<\/li>\n<li>N\u00facleo de Estudos das Diversidades, Intoler\u00e2ncias e Conflitos &#8211; Diversitas\/USP<\/li>\n<li>N\u00facleo de Pesquisa e Extens\u00e3o em Ambiente, Socioeconomia e Agroecologia\/NUPEAS-UFAM<\/li>\n<li>Observat\u00f3rio do Clima<\/li>\n<li>Observat\u00f3rio de Favelas, da favela da Mar\u00e9, Rio de Janeiro<\/li>\n<li>OCCA\/Observat\u00f3rio dos Conflitos do Campo &#8211; Universidade Federal do Esp\u00edrito Santo (UFES)<\/li>\n<li>ONG Cora\u00e7\u00e3o Amaz\u00f4nico<\/li>\n<li>Organon\/N\u00facleo de estudo, pesquisa e extens\u00e3o em mobiliza\u00e7\u00f5es sociais da UFES<\/li>\n<li>Oxfam Brasil<\/li>\n<li>PAD\/Processo de Articula\u00e7\u00e3o e Di\u00e1logo entre Ag\u00eancias Ecum\u00eanicas Europ\u00e9ias e Parceiros Brasileiro<\/li>\n<li>PHS\/Hospitais Saud\u00e1veis<\/li>\n<li>PFDC\/Procuradoria Federal dos Direitos do Cidad\u00e3o do MPF\/Minist\u00e9rio P\u00fablico Federal<\/li>\n<li>PJR\/Pastoral da Juventude Rural<\/li>\n<li>Plataforma Oper\u00e1ria e Camponesa para Energia<\/li>\n<li>Projeto Volume Vivo<\/li>\n<li>Polo de Unidade Camponesa &#8211; Bahia<\/li>\n<li>RAMH\/Rede Acreana de Mulheres e Homens<\/li>\n<li>RBMA\/Conselho Nacional Reserva da Biosfera da Mata Atl\u00e2ntica<\/li>\n<li>Rede Brasileira de Informa\u00e7\u00e3o Ambiental<\/li>\n<li>Rede GTA\/Grupo de Trabalho Amaz\u00f4nico<\/li>\n<li>Rede Novos Parques<\/li>\n<li>Rede ODS Brasil<\/li>\n<li>SAVE Brasil<\/li>\n<li>Sinfrajupe\/Servi\u00e7o InterFranciscano de Justi\u00e7a, Paz e Ecologia<\/li>\n<li>SBE\/Sociedade Brasileira de Espeleologia<\/li>\n<li>Slow Food Brasil<\/li>\n<li>SNE\/Sociedade Nordestina de Ecologia<\/li>\n<li>SOS Mata Atl\u00e2ntica<\/li>\n<li>Terra de Direitos<\/li>\n<li>Toxisphera Associa\u00e7\u00e3o de Sa\u00fade Ambiental<\/li>\n<li>UBM\/Uni\u00e3o Brasileira de Mulheres<\/li>\n<li>Uma Gota no Oceano<\/li>\n<li>UNALGBT\/Uni\u00e3o Nacional de L\u00e9sbicas, Gays, Bissexuais, Travestis e Transexuais<\/li>\n<li>Via Campesina<\/li>\n<li>WWF Brasil<\/li>\n<\/ol>\n<p>&nbsp;<\/p>\n<p>&nbsp;<\/p>\n","protected":false},"excerpt":{"rendered":"<p>Mais de cem organiza\u00e7\u00f5es da sociedade civil lan\u00e7aram, na semana passada, o manifesto #Resista, contra os diversos projetos sustentados pelo governo federal que atacam direitos sociais, trabalhistas e dos povos tradicionais, ind\u00edgenas, das florestas, quilombolas e trabalhadores do campo. Inicialmente, o manifesto p\u00fablico contou com a assinatura de 40 institui\u00e7\u00f5es, entidades e organiza\u00e7\u00f5es que atuam [&hellip;]<\/p>\n","protected":false},"author":2,"featured_media":14594,"comment_status":"open","ping_status":"open","sticky":false,"template":"","format":"standard","meta":{"_acf_changed":false,"footnotes":""},"categories":[1882,1104,6],"tags":[3229,704,406,1419,2948,387,855,99,3230,439,3231,447,3232],"class_list":{"0":"post-16629","1":"post","2":"type-post","3":"status-publish","4":"format-standard","5":"has-post-thumbnail","7":"category-brasil","8":"category-movimento","9":"category-noticias","10":"tag-resista","11":"tag-ameacas","12":"tag-direitos","13":"tag-direitos-sociais","14":"tag-direitos-trabalhistas","15":"tag-governo","16":"tag-manifesto","17":"tag-movimentos-sociais","18":"tag-organizacoes","19":"tag-povos-indigenas","20":"tag-povos-trandcionais","21":"tag-quilombolas","22":"tag-trabalhadores-do-campo"},"acf":[],"yoast_head":"<!-- This site is optimized with the Yoast SEO plugin v26.5 - https:\/\/yoast.com\/wordpress\/plugins\/seo\/ -->\n<title>Organiza\u00e7\u00f5es lan\u00e7am manifesto e criam articula\u00e7\u00e3o contra as amea\u00e7as do governo - PSOL 50<\/title>\n<meta name=\"robots\" content=\"index, follow, max-snippet:-1, max-image-preview:large, max-video-preview:-1\" \/>\n<link rel=\"canonical\" href=\"https:\/\/psol50.org.br\/organizacoes-lancam-manifesto-e-criam-articulacao-contra-as-ameacas-do-governo\/\" \/>\n<meta property=\"og:locale\" content=\"pt_BR\" \/>\n<meta property=\"og:type\" content=\"article\" \/>\n<meta property=\"og:title\" content=\"Organiza\u00e7\u00f5es lan\u00e7am manifesto e criam articula\u00e7\u00e3o contra as amea\u00e7as do governo - PSOL 50\" \/>\n<meta property=\"og:description\" content=\"Mais de cem organiza\u00e7\u00f5es da sociedade civil lan\u00e7aram, na semana passada, o manifesto #Resista, contra os diversos projetos sustentados pelo governo federal que atacam direitos sociais, trabalhistas e dos povos tradicionais, ind\u00edgenas, das florestas, quilombolas e trabalhadores do campo. Inicialmente, o manifesto p\u00fablico contou com a assinatura de 40 institui\u00e7\u00f5es, entidades e organiza\u00e7\u00f5es que atuam [&hellip;]\" \/>\n<meta property=\"og:url\" content=\"https:\/\/psol50.org.br\/organizacoes-lancam-manifesto-e-criam-articulacao-contra-as-ameacas-do-governo\/\" \/>\n<meta property=\"og:site_name\" content=\"PSOL 50\" \/>\n<meta property=\"article:publisher\" content=\"https:\/\/www.facebook.com\/psol50\" \/>\n<meta property=\"article:published_time\" content=\"2017-05-15T13:31:32+00:00\" \/>\n<meta property=\"og:image\" content=\"https:\/\/psol50.org.br\/inc\/uploads\/2018\/07\/capa.png\" \/>\n\t<meta property=\"og:image:width\" content=\"1350\" \/>\n\t<meta property=\"og:image:height\" content=\"900\" \/>\n\t<meta property=\"og:image:type\" content=\"image\/png\" \/>\n<meta name=\"author\" content=\"Comunica\u00e7\u00e3o PSOL\" \/>\n<meta name=\"twitter:card\" content=\"summary_large_image\" \/>\n<meta name=\"twitter:creator\" content=\"@psol50\" \/>\n<meta name=\"twitter:site\" content=\"@psol50\" \/>\n<meta name=\"twitter:label1\" content=\"Escrito por\" \/>\n\t<meta name=\"twitter:data1\" content=\"Comunica\u00e7\u00e3o PSOL\" \/>\n\t<meta name=\"twitter:label2\" content=\"Est. tempo de leitura\" \/>\n\t<meta name=\"twitter:data2\" content=\"9 minutos\" \/>\n<script type=\"application\/ld+json\" class=\"yoast-schema-graph\">{\"@context\":\"https:\/\/schema.org\",\"@graph\":[{\"@type\":\"Article\",\"@id\":\"https:\/\/psol50.org.br\/organizacoes-lancam-manifesto-e-criam-articulacao-contra-as-ameacas-do-governo\/#article\",\"isPartOf\":{\"@id\":\"https:\/\/psol50.org.br\/organizacoes-lancam-manifesto-e-criam-articulacao-contra-as-ameacas-do-governo\/\"},\"author\":{\"name\":\"Comunica\u00e7\u00e3o PSOL\",\"@id\":\"https:\/\/psol50.org.br\/#\/schema\/person\/475dfa57d0b815993c714c2e96491fcd\"},\"headline\":\"Organiza\u00e7\u00f5es lan\u00e7am manifesto e criam articula\u00e7\u00e3o contra as amea\u00e7as do governo\",\"datePublished\":\"2017-05-15T13:31:32+00:00\",\"mainEntityOfPage\":{\"@id\":\"https:\/\/psol50.org.br\/organizacoes-lancam-manifesto-e-criam-articulacao-contra-as-ameacas-do-governo\/\"},\"wordCount\":1729,\"commentCount\":0,\"publisher\":{\"@id\":\"https:\/\/psol50.org.br\/#organization\"},\"image\":{\"@id\":\"https:\/\/psol50.org.br\/organizacoes-lancam-manifesto-e-criam-articulacao-contra-as-ameacas-do-governo\/#primaryimage\"},\"thumbnailUrl\":\"\",\"keywords\":[\"#Resista\",\"amea\u00e7as\",\"direitos\",\"direitos sociais\",\"direitos trabalhistas\",\"governo\",\"manifesto\",\"movimentos sociais\",\"organiza\u00e7\u00f5es\",\"povos ind\u00edgenas\",\"povos trandcionais\",\"quilombolas\",\"trabalhadores do campo\"],\"articleSection\":[\"Brasil\",\"Movimento\",\"Not\u00edcias\"],\"inLanguage\":\"pt-BR\",\"potentialAction\":[{\"@type\":\"CommentAction\",\"name\":\"Comment\",\"target\":[\"https:\/\/psol50.org.br\/organizacoes-lancam-manifesto-e-criam-articulacao-contra-as-ameacas-do-governo\/#respond\"]}]},{\"@type\":\"WebPage\",\"@id\":\"https:\/\/psol50.org.br\/organizacoes-lancam-manifesto-e-criam-articulacao-contra-as-ameacas-do-governo\/\",\"url\":\"https:\/\/psol50.org.br\/organizacoes-lancam-manifesto-e-criam-articulacao-contra-as-ameacas-do-governo\/\",\"name\":\"Organiza\u00e7\u00f5es lan\u00e7am manifesto e criam articula\u00e7\u00e3o contra as amea\u00e7as do governo - PSOL 50\",\"isPartOf\":{\"@id\":\"https:\/\/psol50.org.br\/#website\"},\"primaryImageOfPage\":{\"@id\":\"https:\/\/psol50.org.br\/organizacoes-lancam-manifesto-e-criam-articulacao-contra-as-ameacas-do-governo\/#primaryimage\"},\"image\":{\"@id\":\"https:\/\/psol50.org.br\/organizacoes-lancam-manifesto-e-criam-articulacao-contra-as-ameacas-do-governo\/#primaryimage\"},\"thumbnailUrl\":\"\",\"datePublished\":\"2017-05-15T13:31:32+00:00\",\"breadcrumb\":{\"@id\":\"https:\/\/psol50.org.br\/organizacoes-lancam-manifesto-e-criam-articulacao-contra-as-ameacas-do-governo\/#breadcrumb\"},\"inLanguage\":\"pt-BR\",\"potentialAction\":[{\"@type\":\"ReadAction\",\"target\":[\"https:\/\/psol50.org.br\/organizacoes-lancam-manifesto-e-criam-articulacao-contra-as-ameacas-do-governo\/\"]}]},{\"@type\":\"ImageObject\",\"inLanguage\":\"pt-BR\",\"@id\":\"https:\/\/psol50.org.br\/organizacoes-lancam-manifesto-e-criam-articulacao-contra-as-ameacas-do-governo\/#primaryimage\",\"url\":\"\",\"contentUrl\":\"\"},{\"@type\":\"BreadcrumbList\",\"@id\":\"https:\/\/psol50.org.br\/organizacoes-lancam-manifesto-e-criam-articulacao-contra-as-ameacas-do-governo\/#breadcrumb\",\"itemListElement\":[{\"@type\":\"ListItem\",\"position\":1,\"name\":\"In\u00edcio\",\"item\":\"https:\/\/psol50.org.br\/\"},{\"@type\":\"ListItem\",\"position\":2,\"name\":\"Organiza\u00e7\u00f5es lan\u00e7am manifesto e criam articula\u00e7\u00e3o contra as amea\u00e7as do governo\"}]},{\"@type\":\"WebSite\",\"@id\":\"https:\/\/psol50.org.br\/#website\",\"url\":\"https:\/\/psol50.org.br\/\",\"name\":\"PSOL 50\",\"description\":\"Site oficial do Partido Socialismo e Liberdade\",\"publisher\":{\"@id\":\"https:\/\/psol50.org.br\/#organization\"},\"alternateName\":\"PSOL50\",\"potentialAction\":[{\"@type\":\"SearchAction\",\"target\":{\"@type\":\"EntryPoint\",\"urlTemplate\":\"https:\/\/psol50.org.br\/?s={search_term_string}\"},\"query-input\":{\"@type\":\"PropertyValueSpecification\",\"valueRequired\":true,\"valueName\":\"search_term_string\"}}],\"inLanguage\":\"pt-BR\"},{\"@type\":\"Organization\",\"@id\":\"https:\/\/psol50.org.br\/#organization\",\"name\":\"PSOL 50\",\"alternateName\":\"PSOL 50\",\"url\":\"https:\/\/psol50.org.br\/\",\"logo\":{\"@type\":\"ImageObject\",\"inLanguage\":\"pt-BR\",\"@id\":\"https:\/\/psol50.org.br\/#\/schema\/logo\/image\/\",\"url\":\"https:\/\/psol50.org.br\/inc\/uploads\/2018\/07\/capa.png\",\"contentUrl\":\"https:\/\/psol50.org.br\/inc\/uploads\/2018\/07\/capa.png\",\"width\":1350,\"height\":900,\"caption\":\"PSOL 50\"},\"image\":{\"@id\":\"https:\/\/psol50.org.br\/#\/schema\/logo\/image\/\"},\"sameAs\":[\"https:\/\/www.facebook.com\/psol50\",\"https:\/\/x.com\/psol50\",\"https:\/\/www.instagram.com\/psol50\/\",\"https:\/\/www.youtube.com\/channel\/UC7SnJS5o1os7a6CaiNabzcg\"]},{\"@type\":\"Person\",\"@id\":\"https:\/\/psol50.org.br\/#\/schema\/person\/475dfa57d0b815993c714c2e96491fcd\",\"name\":\"Comunica\u00e7\u00e3o PSOL\",\"image\":{\"@type\":\"ImageObject\",\"inLanguage\":\"pt-BR\",\"@id\":\"https:\/\/psol50.org.br\/#\/schema\/person\/image\/\",\"url\":\"https:\/\/secure.gravatar.com\/avatar\/b34fc4f4e468a4e51785917065a3db57b841f5c95dba6ad8c73aaf8f66f8f9bf?s=96&d=mm&r=g\",\"contentUrl\":\"https:\/\/secure.gravatar.com\/avatar\/b34fc4f4e468a4e51785917065a3db57b841f5c95dba6ad8c73aaf8f66f8f9bf?s=96&d=mm&r=g\",\"caption\":\"Comunica\u00e7\u00e3o PSOL\"}}]}<\/script>\n<!-- \/ Yoast SEO plugin. -->","yoast_head_json":{"title":"Organiza\u00e7\u00f5es lan\u00e7am manifesto e criam articula\u00e7\u00e3o contra as amea\u00e7as do governo - PSOL 50","robots":{"index":"index","follow":"follow","max-snippet":"max-snippet:-1","max-image-preview":"max-image-preview:large","max-video-preview":"max-video-preview:-1"},"canonical":"https:\/\/psol50.org.br\/organizacoes-lancam-manifesto-e-criam-articulacao-contra-as-ameacas-do-governo\/","og_locale":"pt_BR","og_type":"article","og_title":"Organiza\u00e7\u00f5es lan\u00e7am manifesto e criam articula\u00e7\u00e3o contra as amea\u00e7as do governo - PSOL 50","og_description":"Mais de cem organiza\u00e7\u00f5es da sociedade civil lan\u00e7aram, na semana passada, o manifesto #Resista, contra os diversos projetos sustentados pelo governo federal que atacam direitos sociais, trabalhistas e dos povos tradicionais, ind\u00edgenas, das florestas, quilombolas e trabalhadores do campo. Inicialmente, o manifesto p\u00fablico contou com a assinatura de 40 institui\u00e7\u00f5es, entidades e organiza\u00e7\u00f5es que atuam [&hellip;]","og_url":"https:\/\/psol50.org.br\/organizacoes-lancam-manifesto-e-criam-articulacao-contra-as-ameacas-do-governo\/","og_site_name":"PSOL 50","article_publisher":"https:\/\/www.facebook.com\/psol50","article_published_time":"2017-05-15T13:31:32+00:00","og_image":[{"width":1350,"height":900,"url":"https:\/\/psol50.org.br\/inc\/uploads\/2018\/07\/capa.png","type":"image\/png"}],"author":"Comunica\u00e7\u00e3o PSOL","twitter_card":"summary_large_image","twitter_creator":"@psol50","twitter_site":"@psol50","twitter_misc":{"Escrito por":"Comunica\u00e7\u00e3o PSOL","Est. tempo de leitura":"9 minutos"},"schema":{"@context":"https:\/\/schema.org","@graph":[{"@type":"Article","@id":"https:\/\/psol50.org.br\/organizacoes-lancam-manifesto-e-criam-articulacao-contra-as-ameacas-do-governo\/#article","isPartOf":{"@id":"https:\/\/psol50.org.br\/organizacoes-lancam-manifesto-e-criam-articulacao-contra-as-ameacas-do-governo\/"},"author":{"name":"Comunica\u00e7\u00e3o PSOL","@id":"https:\/\/psol50.org.br\/#\/schema\/person\/475dfa57d0b815993c714c2e96491fcd"},"headline":"Organiza\u00e7\u00f5es lan\u00e7am manifesto e criam articula\u00e7\u00e3o contra as amea\u00e7as do governo","datePublished":"2017-05-15T13:31:32+00:00","mainEntityOfPage":{"@id":"https:\/\/psol50.org.br\/organizacoes-lancam-manifesto-e-criam-articulacao-contra-as-ameacas-do-governo\/"},"wordCount":1729,"commentCount":0,"publisher":{"@id":"https:\/\/psol50.org.br\/#organization"},"image":{"@id":"https:\/\/psol50.org.br\/organizacoes-lancam-manifesto-e-criam-articulacao-contra-as-ameacas-do-governo\/#primaryimage"},"thumbnailUrl":"","keywords":["#Resista","amea\u00e7as","direitos","direitos sociais","direitos trabalhistas","governo","manifesto","movimentos sociais","organiza\u00e7\u00f5es","povos ind\u00edgenas","povos trandcionais","quilombolas","trabalhadores do campo"],"articleSection":["Brasil","Movimento","Not\u00edcias"],"inLanguage":"pt-BR","potentialAction":[{"@type":"CommentAction","name":"Comment","target":["https:\/\/psol50.org.br\/organizacoes-lancam-manifesto-e-criam-articulacao-contra-as-ameacas-do-governo\/#respond"]}]},{"@type":"WebPage","@id":"https:\/\/psol50.org.br\/organizacoes-lancam-manifesto-e-criam-articulacao-contra-as-ameacas-do-governo\/","url":"https:\/\/psol50.org.br\/organizacoes-lancam-manifesto-e-criam-articulacao-contra-as-ameacas-do-governo\/","name":"Organiza\u00e7\u00f5es lan\u00e7am manifesto e criam articula\u00e7\u00e3o contra as amea\u00e7as do governo - PSOL 50","isPartOf":{"@id":"https:\/\/psol50.org.br\/#website"},"primaryImageOfPage":{"@id":"https:\/\/psol50.org.br\/organizacoes-lancam-manifesto-e-criam-articulacao-contra-as-ameacas-do-governo\/#primaryimage"},"image":{"@id":"https:\/\/psol50.org.br\/organizacoes-lancam-manifesto-e-criam-articulacao-contra-as-ameacas-do-governo\/#primaryimage"},"thumbnailUrl":"","datePublished":"2017-05-15T13:31:32+00:00","breadcrumb":{"@id":"https:\/\/psol50.org.br\/organizacoes-lancam-manifesto-e-criam-articulacao-contra-as-ameacas-do-governo\/#breadcrumb"},"inLanguage":"pt-BR","potentialAction":[{"@type":"ReadAction","target":["https:\/\/psol50.org.br\/organizacoes-lancam-manifesto-e-criam-articulacao-contra-as-ameacas-do-governo\/"]}]},{"@type":"ImageObject","inLanguage":"pt-BR","@id":"https:\/\/psol50.org.br\/organizacoes-lancam-manifesto-e-criam-articulacao-contra-as-ameacas-do-governo\/#primaryimage","url":"","contentUrl":""},{"@type":"BreadcrumbList","@id":"https:\/\/psol50.org.br\/organizacoes-lancam-manifesto-e-criam-articulacao-contra-as-ameacas-do-governo\/#breadcrumb","itemListElement":[{"@type":"ListItem","position":1,"name":"In\u00edcio","item":"https:\/\/psol50.org.br\/"},{"@type":"ListItem","position":2,"name":"Organiza\u00e7\u00f5es lan\u00e7am manifesto e criam articula\u00e7\u00e3o contra as amea\u00e7as do governo"}]},{"@type":"WebSite","@id":"https:\/\/psol50.org.br\/#website","url":"https:\/\/psol50.org.br\/","name":"PSOL 50","description":"Site oficial do Partido Socialismo e Liberdade","publisher":{"@id":"https:\/\/psol50.org.br\/#organization"},"alternateName":"PSOL50","potentialAction":[{"@type":"SearchAction","target":{"@type":"EntryPoint","urlTemplate":"https:\/\/psol50.org.br\/?s={search_term_string}"},"query-input":{"@type":"PropertyValueSpecification","valueRequired":true,"valueName":"search_term_string"}}],"inLanguage":"pt-BR"},{"@type":"Organization","@id":"https:\/\/psol50.org.br\/#organization","name":"PSOL 50","alternateName":"PSOL 50","url":"https:\/\/psol50.org.br\/","logo":{"@type":"ImageObject","inLanguage":"pt-BR","@id":"https:\/\/psol50.org.br\/#\/schema\/logo\/image\/","url":"https:\/\/psol50.org.br\/inc\/uploads\/2018\/07\/capa.png","contentUrl":"https:\/\/psol50.org.br\/inc\/uploads\/2018\/07\/capa.png","width":1350,"height":900,"caption":"PSOL 50"},"image":{"@id":"https:\/\/psol50.org.br\/#\/schema\/logo\/image\/"},"sameAs":["https:\/\/www.facebook.com\/psol50","https:\/\/x.com\/psol50","https:\/\/www.instagram.com\/psol50\/","https:\/\/www.youtube.com\/channel\/UC7SnJS5o1os7a6CaiNabzcg"]},{"@type":"Person","@id":"https:\/\/psol50.org.br\/#\/schema\/person\/475dfa57d0b815993c714c2e96491fcd","name":"Comunica\u00e7\u00e3o PSOL","image":{"@type":"ImageObject","inLanguage":"pt-BR","@id":"https:\/\/psol50.org.br\/#\/schema\/person\/image\/","url":"https:\/\/secure.gravatar.com\/avatar\/b34fc4f4e468a4e51785917065a3db57b841f5c95dba6ad8c73aaf8f66f8f9bf?s=96&d=mm&r=g","contentUrl":"https:\/\/secure.gravatar.com\/avatar\/b34fc4f4e468a4e51785917065a3db57b841f5c95dba6ad8c73aaf8f66f8f9bf?s=96&d=mm&r=g","caption":"Comunica\u00e7\u00e3o PSOL"}}]}},"_links":{"self":[{"href":"https:\/\/psol50.org.br\/rest\/wp\/v2\/posts\/16629","targetHints":{"allow":["GET"]}}],"collection":[{"href":"https:\/\/psol50.org.br\/rest\/wp\/v2\/posts"}],"about":[{"href":"https:\/\/psol50.org.br\/rest\/wp\/v2\/types\/post"}],"author":[{"embeddable":true,"href":"https:\/\/psol50.org.br\/rest\/wp\/v2\/users\/2"}],"replies":[{"embeddable":true,"href":"https:\/\/psol50.org.br\/rest\/wp\/v2\/comments?post=16629"}],"version-history":[{"count":0,"href":"https:\/\/psol50.org.br\/rest\/wp\/v2\/posts\/16629\/revisions"}],"wp:featuredmedia":[{"embeddable":true,"href":"https:\/\/psol50.org.br\/rest\/"}],"wp:attachment":[{"href":"https:\/\/psol50.org.br\/rest\/wp\/v2\/media?parent=16629"}],"wp:term":[{"taxonomy":"category","embeddable":true,"href":"https:\/\/psol50.org.br\/rest\/wp\/v2\/categories?post=16629"},{"taxonomy":"post_tag","embeddable":true,"href":"https:\/\/psol50.org.br\/rest\/wp\/v2\/tags?post=16629"}],"curies":[{"name":"wp","href":"https:\/\/api.w.org\/{rel}","templated":true}]}}