{"id":1666,"date":"2011-11-07T00:00:00","date_gmt":"2011-11-07T00:00:00","guid":{"rendered":"http:\/\/psol50.org.br\/arquivo\/2011\/11\/07\/3o-congresso-psol-pa-elege-marinor-brito-nova-presidenta\/"},"modified":"2011-11-07T00:00:00","modified_gmt":"2011-11-07T00:00:00","slug":"3o-congresso-psol-pa-elege-marinor-brito-nova-presidenta","status":"publish","type":"post","link":"https:\/\/psol50.org.br\/3o-congresso-psol-pa-elege-marinor-brito-nova-presidenta\/","title":{"rendered":"3\u00ba Congresso PSOL-PA elege Marinor Brito nova presidenta"},"content":{"rendered":"<p style=\"text-align: justify\"><a href=\"http:\/\/psol50.org.br\/blog\/2011\/11\/07\/11969\/marinor_presidente\/\" rel=\"attachment wp-att-11972\"><img loading=\"lazy\" decoding=\"async\" class=\"alignleft size-full wp-image-11972\" src=\"http:\/\/psol50.org.br\/files\/2011\/11\/Marinor_Presidente.jpg\" alt=\"\" width=\"350\" height=\"197\" \/><\/a>\u00a0A senadora Marinor Brito \u00e9 a nova presidenta do PSOL paraense. A sua elei\u00e7\u00e3o e a do novo diret\u00f3rio estadual, bem como a elei\u00e7\u00e3o da delega\u00e7\u00e3o do Par\u00e1 ao Congresso Nacional do partido, ocorreu neste s\u00e1bado (05), durante a realiza\u00e7\u00e3o do III Congresso Estadual que contou com a participa\u00e7\u00e3o de 120 delegados, vindos de v\u00e1rios munic\u00edpios e regi\u00f5es do Estado. O Congresso tamb\u00e9m aprovou uma s\u00e9rie de resolu\u00e7\u00f5es pol\u00edticas para nortear as a\u00e7\u00f5es da legenda no pr\u00f3ximo per\u00edodo.<\/p>\n<p style=\"text-align: justify\">&#8211; A expectativa \u00e9 que o PSOL participe das elei\u00e7\u00f5es 2012 com candidaturas pr\u00f3prias em aproximadamente 40 munic\u00edpios, em muitos deles, com reais chances de conquistar prefeituras e mandatos populares nos legislativos, disse Walmir Freire, secret\u00e1rio de organiza\u00e7\u00e3o da legenda.<\/p>\n<p style=\"text-align: justify\">O III Congresso aprovou resolu\u00e7\u00f5es orientando a participa\u00e7\u00e3o ativa do PSOL na luta contra a divis\u00e3o do estado do Par\u00e1, em defesa dos povos do Xingu e contra a Usina de Belo Monte e pela realiza\u00e7\u00e3o de uma Confer\u00eancia Nacional Eleitoral para aprofundar o debate partid\u00e1rio sobre a t\u00e1tica e pol\u00edtica de alian\u00e7as para 2012.<\/p>\n<p style=\"text-align: justify\">Ao final do III Congresso foi aprovada pelos delegados presentes, uma mo\u00e7\u00e3o de rep\u00fadio \u00e0 decis\u00e3o do Juiz Elder Lisboa Ferreira da Costa, titular da 1\u00aa Vara de Fazenda da Capital, que criminalizou na \u00faltima sexta (04), o movimento grevista dos trabalhadores em educa\u00e7\u00e3o do Par\u00e1 e, ao mesmo tempo, passou a m\u00e3o na cabe\u00e7a do governador Sim\u00e3o Jatene (PSDB) que teima em n\u00e3o cumprir a Lei do Piso.<\/p>\n<p style=\"text-align: justify\"><strong>\u00c9tica na pol\u00edtica e combatividade<\/strong><br \/>\nA presidenta eleita do PSOL, Marinor Brito, destacou o empenho da milit\u00e2ncia nas v\u00e1rias frentes de luta contra a pol\u00edtica conservadora das oligarquias locais e o extraordin\u00e1rio crescimento do partido neste \u00faltimo per\u00edodo.<\/p>\n<p style=\"text-align: justify\">&#8211; O nosso principal desafio \u00e9 dar continuidade ao trabalho de organiza\u00e7\u00e3o e fortalecimento do PSOL em todo o Estado. Estamos crescendo porque somos uma refer\u00eancia nas lutas sociais, de \u00e9tica na pol\u00edtica e de combatividade. Cada militante aqui \u00e9 um porta-voz deste projeto coletivo. O nosso partido cresce cada vez mais e se afirma como uma verdadeira alternativa de esquerda no Par\u00e1. Quero de pronto dizer que estou bastante motivada a desempenhar essa nova tarefa partid\u00e1ria. \u00c9 uma honra muito grande representar essa milit\u00e2ncia aguerrida na presid\u00eancia do PSOL, disse.<\/p>\n<p style=\"text-align: justify\"><strong>O Par\u00e1 j\u00e1 foi saqueado historicamente<\/strong><br \/>\n<img loading=\"lazy\" decoding=\"async\" class=\"alignleft\" src=\"http:\/\/pontodepauta.files.wordpress.com\/2011\/11\/1_ed.jpg?w=300&amp;h=225\" alt=\"\" width=\"300\" height=\"225\" \/>Para o deputado Edmilson Rodrigues e um dos nomes cotados para disputar a prefeitura da capital do Estado, o PSOL est\u00e1 ajudando a construir um projeto alternativo para a sociedade brasileira.<\/p>\n<p style=\"text-align: justify\">&#8211; Temos a convic\u00e7\u00e3o de que estamos no caminho certo. Mas sabemos que \u00e9 necess\u00e1rio conquistar cora\u00e7\u00f5es e mentes para transformar o PSOL numa refer\u00eancia de massas, afirmou.<\/p>\n<p style=\"text-align: justify\">Edmilson avalia que at\u00e9 11 de dezembro, uma das principais tarefas do partido \u00e9 a luta contra a divis\u00e3o do Par\u00e1. O parlamentar assegurou que uma eventual divis\u00e3o do Estado s\u00f3 serviria para encarecer o custo da m\u00e1quina p\u00fablica e para atender ao aumento do n\u00famero de cargos burocr\u00e1ticos dos poderes Executivo, Legislativo e Judici\u00e1rio ao inv\u00e9s de investir em educa\u00e7\u00e3o, sa\u00fade e infra-estrutura para a popula\u00e7\u00e3o.<\/p>\n<p style=\"text-align: justify\">&#8211; A divis\u00e3o vai aprofundar a viol\u00eancia e as mazelas sociais. O Par\u00e1 j\u00e1 foi saqueado historicamente. \u00c9 preciso insistir por um Par\u00e1 melhor. N\u00e3o podemos permitir que a mis\u00e9ria aumente em benef\u00edcio de poucos ricos, encerrou.<\/p>\n<p style=\"text-align: justify\"><strong>Ex-senador Jos\u00e9 Nery tamb\u00e9m refor\u00e7a dire\u00e7\u00e3o <\/strong><\/p>\n<p style=\"text-align: justify\"><img loading=\"lazy\" decoding=\"async\" class=\"alignleft\" src=\"http:\/\/pontodepauta.files.wordpress.com\/2011\/11\/1_josc3a9-nery1.jpg?w=300&amp;h=225\" alt=\"\" width=\"300\" height=\"225\" \/><\/p>\n<p style=\"text-align: justify\">O historiador Fernando Carneiro, candidato ao governo do Par\u00e1 em 2010 e o ex-senador Jos\u00e9 Nery Azevedo tamb\u00e9m far\u00e3o parte da executiva do PSOL. <em><strong>Nery \u00e9 pr\u00e9-candidato do partido a prefeito de Abaetetuba\/PA (97 km de Bel\u00e9m) e em 2010, foi candidato a deputado estadual com expressiva vota\u00e7\u00e3o na cidade.<\/strong><\/em><\/p>\n<p style=\"text-align: justify\"><strong>Mandato atuante balizou a elei\u00e7\u00e3o de Marinor Brito \u00e0 presidenta do PSOL-PA<\/strong><br \/>\nMarinor Brito \u00e9 senadora e um dos nomes mais expressivos do PSOL\/PA. \u00c9 membro da Comiss\u00e3o de Direitos Humanos e Legisla\u00e7\u00e3o Participativa \u2013 CDH do Senado e relatora da CPI \u2013 Tr\u00e1fico Nacional e Internacional de Pessoas no Brasil.<\/p>\n<p style=\"text-align: justify\">A senadora do PSOL tamb\u00e9m tem se destacado na defesa da aplica\u00e7\u00e3o de pelo menos 10% do Produto Interno Bruto (PIB) em educa\u00e7\u00e3o, entre outras lutas em defesa do povo do Par\u00e1.<\/p>\n<p style=\"text-align: justify\"><strong>Chapas <\/strong><br \/>\nCHAPA 1 \u2013 APS &#8211; 61,21%<br \/>\nCHAPA 2 \u2013 CST \u2013 19,83%<br \/>\nCHAPA M\u00caS\/MNS \u2013 18,97%<\/p>\n<p style=\"text-align: justify\"><a href=\"http:\/\/pontodepauta.wordpress.com\/2011\/11\/05\/iii-congresso-estadual-senadora-marinor-brito-e-a-nova-presidenta-do-psol-do-para\/\"><strong>*Fonte: Ponto de Pauta<\/strong><\/a><\/p>\n","protected":false},"excerpt":{"rendered":"<p>\u00a0A senadora Marinor Brito \u00e9 a nova presidenta do PSOL paraense. A sua elei\u00e7\u00e3o e a do novo diret\u00f3rio estadual, bem como a elei\u00e7\u00e3o da delega\u00e7\u00e3o do Par\u00e1 ao Congresso Nacional do partido, ocorreu neste s\u00e1bado (05), durante a realiza\u00e7\u00e3o do III Congresso Estadual que contou com a participa\u00e7\u00e3o de 120 delegados, vindos de v\u00e1rios [&hellip;]<\/p>\n","protected":false},"author":2,"featured_media":0,"comment_status":"open","ping_status":"open","sticky":false,"template":"","format":"standard","meta":{"_acf_changed":false,"footnotes":""},"categories":[4766,654],"tags":[22],"class_list":{"0":"post-1666","1":"post","2":"type-post","3":"status-publish","4":"format-standard","6":"category-arquivo","7":"category-estados","8":"tag-psol"},"acf":[],"yoast_head":"<!-- This site is optimized with the Yoast SEO plugin v26.5 - https:\/\/yoast.com\/wordpress\/plugins\/seo\/ -->\n<title>3\u00ba Congresso PSOL-PA elege Marinor Brito nova presidenta - PSOL 50<\/title>\n<meta name=\"robots\" content=\"index, follow, max-snippet:-1, max-image-preview:large, max-video-preview:-1\" \/>\n<link rel=\"canonical\" href=\"https:\/\/psol50.org.br\/3o-congresso-psol-pa-elege-marinor-brito-nova-presidenta\/\" \/>\n<meta property=\"og:locale\" content=\"pt_BR\" \/>\n<meta property=\"og:type\" content=\"article\" \/>\n<meta property=\"og:title\" content=\"3\u00ba Congresso PSOL-PA elege Marinor Brito nova presidenta - PSOL 50\" \/>\n<meta property=\"og:description\" content=\"\u00a0A senadora Marinor Brito \u00e9 a nova presidenta do PSOL paraense. A sua elei\u00e7\u00e3o e a do novo diret\u00f3rio estadual, bem como a elei\u00e7\u00e3o da delega\u00e7\u00e3o do Par\u00e1 ao Congresso Nacional do partido, ocorreu neste s\u00e1bado (05), durante a realiza\u00e7\u00e3o do III Congresso Estadual que contou com a participa\u00e7\u00e3o de 120 delegados, vindos de v\u00e1rios [&hellip;]\" \/>\n<meta property=\"og:url\" content=\"https:\/\/psol50.org.br\/3o-congresso-psol-pa-elege-marinor-brito-nova-presidenta\/\" \/>\n<meta property=\"og:site_name\" content=\"PSOL 50\" \/>\n<meta property=\"article:publisher\" content=\"https:\/\/www.facebook.com\/psol50\" \/>\n<meta property=\"article:published_time\" content=\"2011-11-07T00:00:00+00:00\" \/>\n<meta property=\"og:image\" content=\"http:\/\/psol50.org.br\/files\/2011\/11\/Marinor_Presidente.jpg\" \/>\n<meta name=\"author\" content=\"Comunica\u00e7\u00e3o PSOL\" \/>\n<meta name=\"twitter:card\" content=\"summary_large_image\" \/>\n<meta name=\"twitter:creator\" content=\"@psol50\" \/>\n<meta name=\"twitter:site\" content=\"@psol50\" \/>\n<meta name=\"twitter:label1\" content=\"Escrito por\" \/>\n\t<meta name=\"twitter:data1\" content=\"Comunica\u00e7\u00e3o PSOL\" \/>\n\t<meta name=\"twitter:label2\" content=\"Est. tempo de leitura\" \/>\n\t<meta name=\"twitter:data2\" content=\"4 minutos\" \/>\n<script type=\"application\/ld+json\" class=\"yoast-schema-graph\">{\"@context\":\"https:\/\/schema.org\",\"@graph\":[{\"@type\":\"Article\",\"@id\":\"https:\/\/psol50.org.br\/3o-congresso-psol-pa-elege-marinor-brito-nova-presidenta\/#article\",\"isPartOf\":{\"@id\":\"https:\/\/psol50.org.br\/3o-congresso-psol-pa-elege-marinor-brito-nova-presidenta\/\"},\"author\":{\"name\":\"Comunica\u00e7\u00e3o PSOL\",\"@id\":\"https:\/\/psol50.org.br\/#\/schema\/person\/475dfa57d0b815993c714c2e96491fcd\"},\"headline\":\"3\u00ba Congresso PSOL-PA elege Marinor Brito nova presidenta\",\"datePublished\":\"2011-11-07T00:00:00+00:00\",\"mainEntityOfPage\":{\"@id\":\"https:\/\/psol50.org.br\/3o-congresso-psol-pa-elege-marinor-brito-nova-presidenta\/\"},\"wordCount\":761,\"commentCount\":0,\"publisher\":{\"@id\":\"https:\/\/psol50.org.br\/#organization\"},\"image\":{\"@id\":\"https:\/\/psol50.org.br\/3o-congresso-psol-pa-elege-marinor-brito-nova-presidenta\/#primaryimage\"},\"thumbnailUrl\":\"http:\/\/psol50.org.br\/files\/2011\/11\/Marinor_Presidente.jpg\",\"keywords\":[\"PSOL\"],\"articleSection\":[\"Arquivo\",\"Estados\"],\"inLanguage\":\"pt-BR\",\"potentialAction\":[{\"@type\":\"CommentAction\",\"name\":\"Comment\",\"target\":[\"https:\/\/psol50.org.br\/3o-congresso-psol-pa-elege-marinor-brito-nova-presidenta\/#respond\"]}]},{\"@type\":\"WebPage\",\"@id\":\"https:\/\/psol50.org.br\/3o-congresso-psol-pa-elege-marinor-brito-nova-presidenta\/\",\"url\":\"https:\/\/psol50.org.br\/3o-congresso-psol-pa-elege-marinor-brito-nova-presidenta\/\",\"name\":\"3\u00ba Congresso PSOL-PA elege Marinor Brito nova presidenta - PSOL 50\",\"isPartOf\":{\"@id\":\"https:\/\/psol50.org.br\/#website\"},\"primaryImageOfPage\":{\"@id\":\"https:\/\/psol50.org.br\/3o-congresso-psol-pa-elege-marinor-brito-nova-presidenta\/#primaryimage\"},\"image\":{\"@id\":\"https:\/\/psol50.org.br\/3o-congresso-psol-pa-elege-marinor-brito-nova-presidenta\/#primaryimage\"},\"thumbnailUrl\":\"http:\/\/psol50.org.br\/files\/2011\/11\/Marinor_Presidente.jpg\",\"datePublished\":\"2011-11-07T00:00:00+00:00\",\"breadcrumb\":{\"@id\":\"https:\/\/psol50.org.br\/3o-congresso-psol-pa-elege-marinor-brito-nova-presidenta\/#breadcrumb\"},\"inLanguage\":\"pt-BR\",\"potentialAction\":[{\"@type\":\"ReadAction\",\"target\":[\"https:\/\/psol50.org.br\/3o-congresso-psol-pa-elege-marinor-brito-nova-presidenta\/\"]}]},{\"@type\":\"ImageObject\",\"inLanguage\":\"pt-BR\",\"@id\":\"https:\/\/psol50.org.br\/3o-congresso-psol-pa-elege-marinor-brito-nova-presidenta\/#primaryimage\",\"url\":\"http:\/\/psol50.org.br\/files\/2011\/11\/Marinor_Presidente.jpg\",\"contentUrl\":\"http:\/\/psol50.org.br\/files\/2011\/11\/Marinor_Presidente.jpg\"},{\"@type\":\"BreadcrumbList\",\"@id\":\"https:\/\/psol50.org.br\/3o-congresso-psol-pa-elege-marinor-brito-nova-presidenta\/#breadcrumb\",\"itemListElement\":[{\"@type\":\"ListItem\",\"position\":1,\"name\":\"In\u00edcio\",\"item\":\"https:\/\/psol50.org.br\/\"},{\"@type\":\"ListItem\",\"position\":2,\"name\":\"3\u00ba Congresso PSOL-PA elege Marinor Brito nova presidenta\"}]},{\"@type\":\"WebSite\",\"@id\":\"https:\/\/psol50.org.br\/#website\",\"url\":\"https:\/\/psol50.org.br\/\",\"name\":\"PSOL 50\",\"description\":\"Site oficial do Partido Socialismo e Liberdade\",\"publisher\":{\"@id\":\"https:\/\/psol50.org.br\/#organization\"},\"alternateName\":\"PSOL50\",\"potentialAction\":[{\"@type\":\"SearchAction\",\"target\":{\"@type\":\"EntryPoint\",\"urlTemplate\":\"https:\/\/psol50.org.br\/?s={search_term_string}\"},\"query-input\":{\"@type\":\"PropertyValueSpecification\",\"valueRequired\":true,\"valueName\":\"search_term_string\"}}],\"inLanguage\":\"pt-BR\"},{\"@type\":\"Organization\",\"@id\":\"https:\/\/psol50.org.br\/#organization\",\"name\":\"PSOL 50\",\"alternateName\":\"PSOL 50\",\"url\":\"https:\/\/psol50.org.br\/\",\"logo\":{\"@type\":\"ImageObject\",\"inLanguage\":\"pt-BR\",\"@id\":\"https:\/\/psol50.org.br\/#\/schema\/logo\/image\/\",\"url\":\"https:\/\/psol50.org.br\/inc\/uploads\/2018\/07\/capa.png\",\"contentUrl\":\"https:\/\/psol50.org.br\/inc\/uploads\/2018\/07\/capa.png\",\"width\":1350,\"height\":900,\"caption\":\"PSOL 50\"},\"image\":{\"@id\":\"https:\/\/psol50.org.br\/#\/schema\/logo\/image\/\"},\"sameAs\":[\"https:\/\/www.facebook.com\/psol50\",\"https:\/\/x.com\/psol50\",\"https:\/\/www.instagram.com\/psol50\/\",\"https:\/\/www.youtube.com\/channel\/UC7SnJS5o1os7a6CaiNabzcg\"]},{\"@type\":\"Person\",\"@id\":\"https:\/\/psol50.org.br\/#\/schema\/person\/475dfa57d0b815993c714c2e96491fcd\",\"name\":\"Comunica\u00e7\u00e3o PSOL\",\"image\":{\"@type\":\"ImageObject\",\"inLanguage\":\"pt-BR\",\"@id\":\"https:\/\/psol50.org.br\/#\/schema\/person\/image\/\",\"url\":\"https:\/\/secure.gravatar.com\/avatar\/b34fc4f4e468a4e51785917065a3db57b841f5c95dba6ad8c73aaf8f66f8f9bf?s=96&d=mm&r=g\",\"contentUrl\":\"https:\/\/secure.gravatar.com\/avatar\/b34fc4f4e468a4e51785917065a3db57b841f5c95dba6ad8c73aaf8f66f8f9bf?s=96&d=mm&r=g\",\"caption\":\"Comunica\u00e7\u00e3o PSOL\"}}]}<\/script>\n<!-- \/ Yoast SEO plugin. -->","yoast_head_json":{"title":"3\u00ba Congresso PSOL-PA elege Marinor Brito nova presidenta - PSOL 50","robots":{"index":"index","follow":"follow","max-snippet":"max-snippet:-1","max-image-preview":"max-image-preview:large","max-video-preview":"max-video-preview:-1"},"canonical":"https:\/\/psol50.org.br\/3o-congresso-psol-pa-elege-marinor-brito-nova-presidenta\/","og_locale":"pt_BR","og_type":"article","og_title":"3\u00ba Congresso PSOL-PA elege Marinor Brito nova presidenta - PSOL 50","og_description":"\u00a0A senadora Marinor Brito \u00e9 a nova presidenta do PSOL paraense. A sua elei\u00e7\u00e3o e a do novo diret\u00f3rio estadual, bem como a elei\u00e7\u00e3o da delega\u00e7\u00e3o do Par\u00e1 ao Congresso Nacional do partido, ocorreu neste s\u00e1bado (05), durante a realiza\u00e7\u00e3o do III Congresso Estadual que contou com a participa\u00e7\u00e3o de 120 delegados, vindos de v\u00e1rios [&hellip;]","og_url":"https:\/\/psol50.org.br\/3o-congresso-psol-pa-elege-marinor-brito-nova-presidenta\/","og_site_name":"PSOL 50","article_publisher":"https:\/\/www.facebook.com\/psol50","article_published_time":"2011-11-07T00:00:00+00:00","og_image":[{"url":"http:\/\/psol50.org.br\/files\/2011\/11\/Marinor_Presidente.jpg","type":"","width":"","height":""}],"author":"Comunica\u00e7\u00e3o PSOL","twitter_card":"summary_large_image","twitter_creator":"@psol50","twitter_site":"@psol50","twitter_misc":{"Escrito por":"Comunica\u00e7\u00e3o PSOL","Est. tempo de leitura":"4 minutos"},"schema":{"@context":"https:\/\/schema.org","@graph":[{"@type":"Article","@id":"https:\/\/psol50.org.br\/3o-congresso-psol-pa-elege-marinor-brito-nova-presidenta\/#article","isPartOf":{"@id":"https:\/\/psol50.org.br\/3o-congresso-psol-pa-elege-marinor-brito-nova-presidenta\/"},"author":{"name":"Comunica\u00e7\u00e3o PSOL","@id":"https:\/\/psol50.org.br\/#\/schema\/person\/475dfa57d0b815993c714c2e96491fcd"},"headline":"3\u00ba Congresso PSOL-PA elege Marinor Brito nova presidenta","datePublished":"2011-11-07T00:00:00+00:00","mainEntityOfPage":{"@id":"https:\/\/psol50.org.br\/3o-congresso-psol-pa-elege-marinor-brito-nova-presidenta\/"},"wordCount":761,"commentCount":0,"publisher":{"@id":"https:\/\/psol50.org.br\/#organization"},"image":{"@id":"https:\/\/psol50.org.br\/3o-congresso-psol-pa-elege-marinor-brito-nova-presidenta\/#primaryimage"},"thumbnailUrl":"http:\/\/psol50.org.br\/files\/2011\/11\/Marinor_Presidente.jpg","keywords":["PSOL"],"articleSection":["Arquivo","Estados"],"inLanguage":"pt-BR","potentialAction":[{"@type":"CommentAction","name":"Comment","target":["https:\/\/psol50.org.br\/3o-congresso-psol-pa-elege-marinor-brito-nova-presidenta\/#respond"]}]},{"@type":"WebPage","@id":"https:\/\/psol50.org.br\/3o-congresso-psol-pa-elege-marinor-brito-nova-presidenta\/","url":"https:\/\/psol50.org.br\/3o-congresso-psol-pa-elege-marinor-brito-nova-presidenta\/","name":"3\u00ba Congresso PSOL-PA elege Marinor Brito nova presidenta - PSOL 50","isPartOf":{"@id":"https:\/\/psol50.org.br\/#website"},"primaryImageOfPage":{"@id":"https:\/\/psol50.org.br\/3o-congresso-psol-pa-elege-marinor-brito-nova-presidenta\/#primaryimage"},"image":{"@id":"https:\/\/psol50.org.br\/3o-congresso-psol-pa-elege-marinor-brito-nova-presidenta\/#primaryimage"},"thumbnailUrl":"http:\/\/psol50.org.br\/files\/2011\/11\/Marinor_Presidente.jpg","datePublished":"2011-11-07T00:00:00+00:00","breadcrumb":{"@id":"https:\/\/psol50.org.br\/3o-congresso-psol-pa-elege-marinor-brito-nova-presidenta\/#breadcrumb"},"inLanguage":"pt-BR","potentialAction":[{"@type":"ReadAction","target":["https:\/\/psol50.org.br\/3o-congresso-psol-pa-elege-marinor-brito-nova-presidenta\/"]}]},{"@type":"ImageObject","inLanguage":"pt-BR","@id":"https:\/\/psol50.org.br\/3o-congresso-psol-pa-elege-marinor-brito-nova-presidenta\/#primaryimage","url":"http:\/\/psol50.org.br\/files\/2011\/11\/Marinor_Presidente.jpg","contentUrl":"http:\/\/psol50.org.br\/files\/2011\/11\/Marinor_Presidente.jpg"},{"@type":"BreadcrumbList","@id":"https:\/\/psol50.org.br\/3o-congresso-psol-pa-elege-marinor-brito-nova-presidenta\/#breadcrumb","itemListElement":[{"@type":"ListItem","position":1,"name":"In\u00edcio","item":"https:\/\/psol50.org.br\/"},{"@type":"ListItem","position":2,"name":"3\u00ba Congresso PSOL-PA elege Marinor Brito nova presidenta"}]},{"@type":"WebSite","@id":"https:\/\/psol50.org.br\/#website","url":"https:\/\/psol50.org.br\/","name":"PSOL 50","description":"Site oficial do Partido Socialismo e Liberdade","publisher":{"@id":"https:\/\/psol50.org.br\/#organization"},"alternateName":"PSOL50","potentialAction":[{"@type":"SearchAction","target":{"@type":"EntryPoint","urlTemplate":"https:\/\/psol50.org.br\/?s={search_term_string}"},"query-input":{"@type":"PropertyValueSpecification","valueRequired":true,"valueName":"search_term_string"}}],"inLanguage":"pt-BR"},{"@type":"Organization","@id":"https:\/\/psol50.org.br\/#organization","name":"PSOL 50","alternateName":"PSOL 50","url":"https:\/\/psol50.org.br\/","logo":{"@type":"ImageObject","inLanguage":"pt-BR","@id":"https:\/\/psol50.org.br\/#\/schema\/logo\/image\/","url":"https:\/\/psol50.org.br\/inc\/uploads\/2018\/07\/capa.png","contentUrl":"https:\/\/psol50.org.br\/inc\/uploads\/2018\/07\/capa.png","width":1350,"height":900,"caption":"PSOL 50"},"image":{"@id":"https:\/\/psol50.org.br\/#\/schema\/logo\/image\/"},"sameAs":["https:\/\/www.facebook.com\/psol50","https:\/\/x.com\/psol50","https:\/\/www.instagram.com\/psol50\/","https:\/\/www.youtube.com\/channel\/UC7SnJS5o1os7a6CaiNabzcg"]},{"@type":"Person","@id":"https:\/\/psol50.org.br\/#\/schema\/person\/475dfa57d0b815993c714c2e96491fcd","name":"Comunica\u00e7\u00e3o PSOL","image":{"@type":"ImageObject","inLanguage":"pt-BR","@id":"https:\/\/psol50.org.br\/#\/schema\/person\/image\/","url":"https:\/\/secure.gravatar.com\/avatar\/b34fc4f4e468a4e51785917065a3db57b841f5c95dba6ad8c73aaf8f66f8f9bf?s=96&d=mm&r=g","contentUrl":"https:\/\/secure.gravatar.com\/avatar\/b34fc4f4e468a4e51785917065a3db57b841f5c95dba6ad8c73aaf8f66f8f9bf?s=96&d=mm&r=g","caption":"Comunica\u00e7\u00e3o PSOL"}}]}},"_links":{"self":[{"href":"https:\/\/psol50.org.br\/rest\/wp\/v2\/posts\/1666","targetHints":{"allow":["GET"]}}],"collection":[{"href":"https:\/\/psol50.org.br\/rest\/wp\/v2\/posts"}],"about":[{"href":"https:\/\/psol50.org.br\/rest\/wp\/v2\/types\/post"}],"author":[{"embeddable":true,"href":"https:\/\/psol50.org.br\/rest\/wp\/v2\/users\/2"}],"replies":[{"embeddable":true,"href":"https:\/\/psol50.org.br\/rest\/wp\/v2\/comments?post=1666"}],"version-history":[{"count":0,"href":"https:\/\/psol50.org.br\/rest\/wp\/v2\/posts\/1666\/revisions"}],"wp:attachment":[{"href":"https:\/\/psol50.org.br\/rest\/wp\/v2\/media?parent=1666"}],"wp:term":[{"taxonomy":"category","embeddable":true,"href":"https:\/\/psol50.org.br\/rest\/wp\/v2\/categories?post=1666"},{"taxonomy":"post_tag","embeddable":true,"href":"https:\/\/psol50.org.br\/rest\/wp\/v2\/tags?post=1666"}],"curies":[{"name":"wp","href":"https:\/\/api.w.org\/{rel}","templated":true}]}}