{"id":16671,"date":"2017-05-23T00:48:04","date_gmt":"2017-05-23T00:48:04","guid":{"rendered":"http:\/\/www.psol50.org.br\/?p=16671"},"modified":"2017-05-23T00:48:04","modified_gmt":"2017-05-23T00:48:04","slug":"grande-marcha-contra-as-reformas-e-por-eleicoes-diretas-marcara-o-ocupa-brasilia-no-dia-24","status":"publish","type":"post","link":"https:\/\/psol50.org.br\/grande-marcha-contra-as-reformas-e-por-eleicoes-diretas-marcara-o-ocupa-brasilia-no-dia-24\/","title":{"rendered":"Grande marcha contra as reformas e por elei\u00e7\u00f5es diretas marcar\u00e1 o Ocupa Bras\u00edlia no dia 24"},"content":{"rendered":"<p>A luta contra as reformas em andamento no Congresso Nacional e pela convoca\u00e7\u00e3o de elei\u00e7\u00f5es diretas ganhar\u00e1 um importante\u00a0refor\u00e7o nesta quarta-feira (24\/05) com a realiza\u00e7\u00e3o de uma grande marcha unificada\u00a0no <a href=\"https:\/\/www.facebook.com\/events\/224259231409774\/?active_tab=about\" target=\"_blank\" rel=\"noopener noreferrer\"><span style=\"color: #0000ff;\"><strong>Ocupa Bras\u00edlia<\/strong><\/span><\/a>. Convocada pelas centrais sindicais e pelas\u00a0frentes Povo Sem Medo e Brasil Popular, a manifesta\u00e7\u00e3o dever\u00e1 receber cerca de 100 mil pessoas, que dir\u00e3o ao governo de Michel Temer e seus aliados no Congresso Nacional que n\u00e3o aceitam as reformas da Previd\u00eancia e Trabalhista e que exigem a imediata sa\u00edda do presidente ileg\u00edtimo do Pal\u00e1cio do Planalto.<\/p>\n<p>Tamb\u00e9m participam da constru\u00e7\u00e3o da marcha organiza\u00e7\u00f5es de trabalhadores, estudantes e movimentos sociais. Neste domingo (21), aconteceram em v\u00e1rias capitais um &#8220;esquenta&#8221; para a marcha unificada, com milhares nas ruas pedindo o #ForaTemer e #DiretasJ\u00e1.<\/p>\n<p>Guilherme Boulos, coordenador do Movimento dos Trabalhadores Sem-Teto (MTST), exalta a mobiliza\u00e7\u00e3o. &#8220;Nossa expectativa \u00e9 levar mais de 100 mil pessoas dos 4 cantos do pa\u00eds contra as reformas. Mas nesse momento pol\u00edtico, n\u00e3o \u00e9 apenas pra barrar as reformas antipopulares&#8221;, afirma. &#8220;N\u00f3s temos que derrubar esse governo e exigir elei\u00e7\u00f5es diretas. Ali\u00e1s, essa \u00e9 a \u00fanica forma segura de barrar as reformas&#8221;.<\/p>\n<p>Para Boulos, de nada adianta tirar o governo mas manter sua agenda pol\u00edtica e econ\u00f4mica &#8211; como quer parte da m\u00eddia, em especial a Rede Globo. &#8220;N\u00f3s queremos elei\u00e7\u00f5es diretas para derrotar uma agenda que n\u00e3o foi eleita pelo povo e para ter uma sa\u00edda democr\u00e1tica para essa crise pol\u00edtica. Esse ser\u00e1 o grito em Bras\u00edlia de milhares de pessoas nessa quarta-feira&#8221;.<\/p>\n<p>Para o PSOL, que protocolou com outros partidos o <a href=\"http:\/\/www.psol50.org.br\/blog\/2017\/05\/18\/oposicao-protocola-impeachment-coletivo-de-temer\/\" target=\"_blank\" rel=\"noopener noreferrer\"><strong><span style=\"color: #0000ff;\">pedido de impeachment de Temer<\/span><\/strong><\/a>, diante do agravamento da crise pol\u00edtica n\u00e3o h\u00e1 outra sa\u00edda para garantir a democracia no pa\u00eds que n\u00e3o seja a realiza\u00e7\u00e3o de elei\u00e7\u00f5es diretas. <a href=\"http:\/\/www.psol50.org.br\/blog\/2017\/05\/18\/e-hora-de-luta-derrotar-temer-e-suas-reformas-nas-ruas-diretas-ja\/\" target=\"_blank\" rel=\"noopener noreferrer\"><strong><span style=\"color: #0000ff;\">A Executiva Nacional do partido tamb\u00e9m convoca\u00a0a milit\u00e2ncia<\/span><\/strong><\/a> para uma ampla campanha pela interrup\u00e7\u00e3o imediata do tr\u00e2mite das contrarreformas trabalhista e da Previd\u00eancia\u00a0e para apoiar a\u00a0convoca\u00e7\u00e3o de nova Greve Geral em todo o pa\u00eds, como vem sendo trabalhado pelas centrais e frentes de mobiliza\u00e7\u00e3o.<\/p>\n<p><img loading=\"lazy\" decoding=\"async\" class=\" wp-image-16678 aligncenter\" src=\"http:\/\/www.psol50.org.br\/inc\/uploads\/2017\/05\/photo_2017-05-22_12-51-31.jpg\" alt=\"\" width=\"511\" height=\"268\" \/><br \/>\nO l\u00edder do PSOL na C\u00e2mara Glauber Braga afirmou, em entrevista coletiva na \u00faltima quinta-feira (18) logo ap\u00f3s a assinatura do pedido de impeachment, que \u201cn\u00e3o exite mais alternativa\u201d. \u201cSe Temer\u00a0n\u00e3o renuncia, o povo que vai tir\u00e1-lo do poder a partir do pedido de impeachment que est\u00e1 sendo protocolado e que representa a posi\u00e7\u00e3o de milh\u00f5es de brasileiros e brasileiras\u201d, disse.<\/p>\n<figure id=\"attachment_16679\" aria-describedby=\"caption-attachment-16679\" style=\"width: 642px\" class=\"wp-caption aligncenter\"><img loading=\"lazy\" decoding=\"async\" class=\"wp-image-16679\" src=\"http:\/\/www.psol50.org.br\/inc\/uploads\/2017\/05\/ForaTemer_PauloZab-1024x682.jpg\" alt=\"\" width=\"642\" height=\"427\" \/><figcaption id=\"caption-attachment-16679\" class=\"wp-caption-text\"><em>Foto: Paulo Zab<\/em><\/figcaption><\/figure>\n<p>O partido chama\u00a0a sua milit\u00e2ncia para vir \u00e0 Bras\u00edlia participar\u00a0do Ocupa Bras\u00edlia, garantindo presen\u00e7a em massa\u00a0na marcha nacional convocada unitariamente pelas centrais sindicais e movimentos sociais. A sua equipe de comunica\u00e7\u00e3o\u00a0garantir\u00e1 uma cobertura ao vivo via <span style=\"color: #0000ff;\"><strong>p\u00e1gina no Facebook<\/strong><\/span>,\u00a0com links direto da Esplanada dos Minist\u00e9rios.<\/p>\n<p>A concentra\u00e7\u00e3o est\u00e1 marcada para \u00e0s 11h, no estacionamento do est\u00e1dio Man\u00e9 Garrincha. A partir das 14h a marcha sair\u00e1 para a Esplanada dos Minist\u00e9rios e por volta das 16h30\u00a0ser\u00e1 realizado o ato p\u00fablico, em frente ao Congresso Nacional.<\/p>\n","protected":false},"excerpt":{"rendered":"<p>A luta contra as reformas em andamento no Congresso Nacional e pela convoca\u00e7\u00e3o de elei\u00e7\u00f5es diretas ganhar\u00e1 um importante\u00a0refor\u00e7o nesta quarta-feira (24\/05) com a realiza\u00e7\u00e3o de uma grande marcha unificada\u00a0no Ocupa Bras\u00edlia. Convocada pelas centrais sindicais e pelas\u00a0frentes Povo Sem Medo e Brasil Popular, a manifesta\u00e7\u00e3o dever\u00e1 receber cerca de 100 mil pessoas, que dir\u00e3o [&hellip;]<\/p>\n","protected":false},"author":2,"featured_media":16674,"comment_status":"open","ping_status":"open","sticky":false,"template":"","format":"standard","meta":{"_acf_changed":false,"footnotes":""},"categories":[1882,1104],"tags":[3242,3243,3025,1792,3127,2237,977,1748,3141,1945,22,2246],"class_list":{"0":"post-16671","1":"post","2":"type-post","3":"status-publish","4":"format-standard","5":"has-post-thumbnail","7":"category-brasil","8":"category-movimento","9":"tag-diretasja","10":"tag-foratemer","11":"tag-brasil-popular","12":"tag-centrais-sindicais","13":"tag-frentes","14":"tag-governo-ilegitimo","15":"tag-guilherme-boulos","16":"tag-michel-temer","17":"tag-ocupa-brasilia","18":"tag-povo-sem-medo","19":"tag-psol","20":"tag-reformas"},"acf":[],"yoast_head":"<!-- This site is optimized with the Yoast SEO plugin v26.5 - https:\/\/yoast.com\/wordpress\/plugins\/seo\/ -->\n<title>Grande marcha contra as reformas e por elei\u00e7\u00f5es diretas marcar\u00e1 o Ocupa Bras\u00edlia no dia 24 - PSOL 50<\/title>\n<meta name=\"robots\" content=\"index, follow, max-snippet:-1, max-image-preview:large, max-video-preview:-1\" \/>\n<link rel=\"canonical\" href=\"https:\/\/psol50.org.br\/grande-marcha-contra-as-reformas-e-por-eleicoes-diretas-marcara-o-ocupa-brasilia-no-dia-24\/\" \/>\n<meta property=\"og:locale\" content=\"pt_BR\" \/>\n<meta property=\"og:type\" content=\"article\" \/>\n<meta property=\"og:title\" content=\"Grande marcha contra as reformas e por elei\u00e7\u00f5es diretas marcar\u00e1 o Ocupa Bras\u00edlia no dia 24 - PSOL 50\" \/>\n<meta property=\"og:description\" content=\"A luta contra as reformas em andamento no Congresso Nacional e pela convoca\u00e7\u00e3o de elei\u00e7\u00f5es diretas ganhar\u00e1 um importante\u00a0refor\u00e7o nesta quarta-feira (24\/05) com a realiza\u00e7\u00e3o de uma grande marcha unificada\u00a0no Ocupa Bras\u00edlia. Convocada pelas centrais sindicais e pelas\u00a0frentes Povo Sem Medo e Brasil Popular, a manifesta\u00e7\u00e3o dever\u00e1 receber cerca de 100 mil pessoas, que dir\u00e3o [&hellip;]\" \/>\n<meta property=\"og:url\" content=\"https:\/\/psol50.org.br\/grande-marcha-contra-as-reformas-e-por-eleicoes-diretas-marcara-o-ocupa-brasilia-no-dia-24\/\" \/>\n<meta property=\"og:site_name\" content=\"PSOL 50\" \/>\n<meta property=\"article:publisher\" content=\"https:\/\/www.facebook.com\/psol50\" \/>\n<meta property=\"article:published_time\" content=\"2017-05-23T00:48:04+00:00\" \/>\n<meta property=\"og:image\" content=\"https:\/\/psol50.org.br\/inc\/uploads\/2018\/07\/capa.png\" \/>\n\t<meta property=\"og:image:width\" content=\"1350\" \/>\n\t<meta property=\"og:image:height\" content=\"900\" \/>\n\t<meta property=\"og:image:type\" content=\"image\/png\" \/>\n<meta name=\"author\" content=\"Comunica\u00e7\u00e3o PSOL\" \/>\n<meta name=\"twitter:card\" content=\"summary_large_image\" \/>\n<meta name=\"twitter:creator\" content=\"@psol50\" \/>\n<meta name=\"twitter:site\" content=\"@psol50\" \/>\n<meta name=\"twitter:label1\" content=\"Escrito por\" \/>\n\t<meta name=\"twitter:data1\" content=\"Comunica\u00e7\u00e3o PSOL\" \/>\n\t<meta name=\"twitter:label2\" content=\"Est. tempo de leitura\" \/>\n\t<meta name=\"twitter:data2\" content=\"3 minutos\" \/>\n<script type=\"application\/ld+json\" class=\"yoast-schema-graph\">{\"@context\":\"https:\/\/schema.org\",\"@graph\":[{\"@type\":\"Article\",\"@id\":\"https:\/\/psol50.org.br\/grande-marcha-contra-as-reformas-e-por-eleicoes-diretas-marcara-o-ocupa-brasilia-no-dia-24\/#article\",\"isPartOf\":{\"@id\":\"https:\/\/psol50.org.br\/grande-marcha-contra-as-reformas-e-por-eleicoes-diretas-marcara-o-ocupa-brasilia-no-dia-24\/\"},\"author\":{\"name\":\"Comunica\u00e7\u00e3o PSOL\",\"@id\":\"https:\/\/psol50.org.br\/#\/schema\/person\/475dfa57d0b815993c714c2e96491fcd\"},\"headline\":\"Grande marcha contra as reformas e por elei\u00e7\u00f5es diretas marcar\u00e1 o Ocupa Bras\u00edlia no dia 24\",\"datePublished\":\"2017-05-23T00:48:04+00:00\",\"mainEntityOfPage\":{\"@id\":\"https:\/\/psol50.org.br\/grande-marcha-contra-as-reformas-e-por-eleicoes-diretas-marcara-o-ocupa-brasilia-no-dia-24\/\"},\"wordCount\":572,\"commentCount\":0,\"publisher\":{\"@id\":\"https:\/\/psol50.org.br\/#organization\"},\"image\":{\"@id\":\"https:\/\/psol50.org.br\/grande-marcha-contra-as-reformas-e-por-eleicoes-diretas-marcara-o-ocupa-brasilia-no-dia-24\/#primaryimage\"},\"thumbnailUrl\":\"\",\"keywords\":[\"#DiretasJ\u00e1\",\"#foratemer\",\"Brasil Popular\",\"centrais sindicais\",\"frentes\",\"governo ileg\u00edtimo\",\"Guilherme Boulos\",\"Michel Temer\",\"Ocupa Bras\u00edlia\",\"Povo Sem medo\",\"PSOL\",\"reformas\"],\"articleSection\":[\"Brasil\",\"Movimento\"],\"inLanguage\":\"pt-BR\",\"potentialAction\":[{\"@type\":\"CommentAction\",\"name\":\"Comment\",\"target\":[\"https:\/\/psol50.org.br\/grande-marcha-contra-as-reformas-e-por-eleicoes-diretas-marcara-o-ocupa-brasilia-no-dia-24\/#respond\"]}]},{\"@type\":\"WebPage\",\"@id\":\"https:\/\/psol50.org.br\/grande-marcha-contra-as-reformas-e-por-eleicoes-diretas-marcara-o-ocupa-brasilia-no-dia-24\/\",\"url\":\"https:\/\/psol50.org.br\/grande-marcha-contra-as-reformas-e-por-eleicoes-diretas-marcara-o-ocupa-brasilia-no-dia-24\/\",\"name\":\"Grande marcha contra as reformas e por elei\u00e7\u00f5es diretas marcar\u00e1 o Ocupa Bras\u00edlia no dia 24 - PSOL 50\",\"isPartOf\":{\"@id\":\"https:\/\/psol50.org.br\/#website\"},\"primaryImageOfPage\":{\"@id\":\"https:\/\/psol50.org.br\/grande-marcha-contra-as-reformas-e-por-eleicoes-diretas-marcara-o-ocupa-brasilia-no-dia-24\/#primaryimage\"},\"image\":{\"@id\":\"https:\/\/psol50.org.br\/grande-marcha-contra-as-reformas-e-por-eleicoes-diretas-marcara-o-ocupa-brasilia-no-dia-24\/#primaryimage\"},\"thumbnailUrl\":\"\",\"datePublished\":\"2017-05-23T00:48:04+00:00\",\"breadcrumb\":{\"@id\":\"https:\/\/psol50.org.br\/grande-marcha-contra-as-reformas-e-por-eleicoes-diretas-marcara-o-ocupa-brasilia-no-dia-24\/#breadcrumb\"},\"inLanguage\":\"pt-BR\",\"potentialAction\":[{\"@type\":\"ReadAction\",\"target\":[\"https:\/\/psol50.org.br\/grande-marcha-contra-as-reformas-e-por-eleicoes-diretas-marcara-o-ocupa-brasilia-no-dia-24\/\"]}]},{\"@type\":\"ImageObject\",\"inLanguage\":\"pt-BR\",\"@id\":\"https:\/\/psol50.org.br\/grande-marcha-contra-as-reformas-e-por-eleicoes-diretas-marcara-o-ocupa-brasilia-no-dia-24\/#primaryimage\",\"url\":\"\",\"contentUrl\":\"\"},{\"@type\":\"BreadcrumbList\",\"@id\":\"https:\/\/psol50.org.br\/grande-marcha-contra-as-reformas-e-por-eleicoes-diretas-marcara-o-ocupa-brasilia-no-dia-24\/#breadcrumb\",\"itemListElement\":[{\"@type\":\"ListItem\",\"position\":1,\"name\":\"In\u00edcio\",\"item\":\"https:\/\/psol50.org.br\/\"},{\"@type\":\"ListItem\",\"position\":2,\"name\":\"Grande marcha contra as reformas e por elei\u00e7\u00f5es diretas marcar\u00e1 o Ocupa Bras\u00edlia no dia 24\"}]},{\"@type\":\"WebSite\",\"@id\":\"https:\/\/psol50.org.br\/#website\",\"url\":\"https:\/\/psol50.org.br\/\",\"name\":\"PSOL 50\",\"description\":\"Site oficial do Partido Socialismo e Liberdade\",\"publisher\":{\"@id\":\"https:\/\/psol50.org.br\/#organization\"},\"alternateName\":\"PSOL50\",\"potentialAction\":[{\"@type\":\"SearchAction\",\"target\":{\"@type\":\"EntryPoint\",\"urlTemplate\":\"https:\/\/psol50.org.br\/?s={search_term_string}\"},\"query-input\":{\"@type\":\"PropertyValueSpecification\",\"valueRequired\":true,\"valueName\":\"search_term_string\"}}],\"inLanguage\":\"pt-BR\"},{\"@type\":\"Organization\",\"@id\":\"https:\/\/psol50.org.br\/#organization\",\"name\":\"PSOL 50\",\"alternateName\":\"PSOL 50\",\"url\":\"https:\/\/psol50.org.br\/\",\"logo\":{\"@type\":\"ImageObject\",\"inLanguage\":\"pt-BR\",\"@id\":\"https:\/\/psol50.org.br\/#\/schema\/logo\/image\/\",\"url\":\"https:\/\/psol50.org.br\/inc\/uploads\/2018\/07\/capa.png\",\"contentUrl\":\"https:\/\/psol50.org.br\/inc\/uploads\/2018\/07\/capa.png\",\"width\":1350,\"height\":900,\"caption\":\"PSOL 50\"},\"image\":{\"@id\":\"https:\/\/psol50.org.br\/#\/schema\/logo\/image\/\"},\"sameAs\":[\"https:\/\/www.facebook.com\/psol50\",\"https:\/\/x.com\/psol50\",\"https:\/\/www.instagram.com\/psol50\/\",\"https:\/\/www.youtube.com\/channel\/UC7SnJS5o1os7a6CaiNabzcg\"]},{\"@type\":\"Person\",\"@id\":\"https:\/\/psol50.org.br\/#\/schema\/person\/475dfa57d0b815993c714c2e96491fcd\",\"name\":\"Comunica\u00e7\u00e3o PSOL\",\"image\":{\"@type\":\"ImageObject\",\"inLanguage\":\"pt-BR\",\"@id\":\"https:\/\/psol50.org.br\/#\/schema\/person\/image\/\",\"url\":\"https:\/\/secure.gravatar.com\/avatar\/b34fc4f4e468a4e51785917065a3db57b841f5c95dba6ad8c73aaf8f66f8f9bf?s=96&d=mm&r=g\",\"contentUrl\":\"https:\/\/secure.gravatar.com\/avatar\/b34fc4f4e468a4e51785917065a3db57b841f5c95dba6ad8c73aaf8f66f8f9bf?s=96&d=mm&r=g\",\"caption\":\"Comunica\u00e7\u00e3o PSOL\"}}]}<\/script>\n<!-- \/ Yoast SEO plugin. -->","yoast_head_json":{"title":"Grande marcha contra as reformas e por elei\u00e7\u00f5es diretas marcar\u00e1 o Ocupa Bras\u00edlia no dia 24 - PSOL 50","robots":{"index":"index","follow":"follow","max-snippet":"max-snippet:-1","max-image-preview":"max-image-preview:large","max-video-preview":"max-video-preview:-1"},"canonical":"https:\/\/psol50.org.br\/grande-marcha-contra-as-reformas-e-por-eleicoes-diretas-marcara-o-ocupa-brasilia-no-dia-24\/","og_locale":"pt_BR","og_type":"article","og_title":"Grande marcha contra as reformas e por elei\u00e7\u00f5es diretas marcar\u00e1 o Ocupa Bras\u00edlia no dia 24 - PSOL 50","og_description":"A luta contra as reformas em andamento no Congresso Nacional e pela convoca\u00e7\u00e3o de elei\u00e7\u00f5es diretas ganhar\u00e1 um importante\u00a0refor\u00e7o nesta quarta-feira (24\/05) com a realiza\u00e7\u00e3o de uma grande marcha unificada\u00a0no Ocupa Bras\u00edlia. Convocada pelas centrais sindicais e pelas\u00a0frentes Povo Sem Medo e Brasil Popular, a manifesta\u00e7\u00e3o dever\u00e1 receber cerca de 100 mil pessoas, que dir\u00e3o [&hellip;]","og_url":"https:\/\/psol50.org.br\/grande-marcha-contra-as-reformas-e-por-eleicoes-diretas-marcara-o-ocupa-brasilia-no-dia-24\/","og_site_name":"PSOL 50","article_publisher":"https:\/\/www.facebook.com\/psol50","article_published_time":"2017-05-23T00:48:04+00:00","og_image":[{"width":1350,"height":900,"url":"https:\/\/psol50.org.br\/inc\/uploads\/2018\/07\/capa.png","type":"image\/png"}],"author":"Comunica\u00e7\u00e3o PSOL","twitter_card":"summary_large_image","twitter_creator":"@psol50","twitter_site":"@psol50","twitter_misc":{"Escrito por":"Comunica\u00e7\u00e3o PSOL","Est. tempo de leitura":"3 minutos"},"schema":{"@context":"https:\/\/schema.org","@graph":[{"@type":"Article","@id":"https:\/\/psol50.org.br\/grande-marcha-contra-as-reformas-e-por-eleicoes-diretas-marcara-o-ocupa-brasilia-no-dia-24\/#article","isPartOf":{"@id":"https:\/\/psol50.org.br\/grande-marcha-contra-as-reformas-e-por-eleicoes-diretas-marcara-o-ocupa-brasilia-no-dia-24\/"},"author":{"name":"Comunica\u00e7\u00e3o PSOL","@id":"https:\/\/psol50.org.br\/#\/schema\/person\/475dfa57d0b815993c714c2e96491fcd"},"headline":"Grande marcha contra as reformas e por elei\u00e7\u00f5es diretas marcar\u00e1 o Ocupa Bras\u00edlia no dia 24","datePublished":"2017-05-23T00:48:04+00:00","mainEntityOfPage":{"@id":"https:\/\/psol50.org.br\/grande-marcha-contra-as-reformas-e-por-eleicoes-diretas-marcara-o-ocupa-brasilia-no-dia-24\/"},"wordCount":572,"commentCount":0,"publisher":{"@id":"https:\/\/psol50.org.br\/#organization"},"image":{"@id":"https:\/\/psol50.org.br\/grande-marcha-contra-as-reformas-e-por-eleicoes-diretas-marcara-o-ocupa-brasilia-no-dia-24\/#primaryimage"},"thumbnailUrl":"","keywords":["#DiretasJ\u00e1","#foratemer","Brasil Popular","centrais sindicais","frentes","governo ileg\u00edtimo","Guilherme Boulos","Michel Temer","Ocupa Bras\u00edlia","Povo Sem medo","PSOL","reformas"],"articleSection":["Brasil","Movimento"],"inLanguage":"pt-BR","potentialAction":[{"@type":"CommentAction","name":"Comment","target":["https:\/\/psol50.org.br\/grande-marcha-contra-as-reformas-e-por-eleicoes-diretas-marcara-o-ocupa-brasilia-no-dia-24\/#respond"]}]},{"@type":"WebPage","@id":"https:\/\/psol50.org.br\/grande-marcha-contra-as-reformas-e-por-eleicoes-diretas-marcara-o-ocupa-brasilia-no-dia-24\/","url":"https:\/\/psol50.org.br\/grande-marcha-contra-as-reformas-e-por-eleicoes-diretas-marcara-o-ocupa-brasilia-no-dia-24\/","name":"Grande marcha contra as reformas e por elei\u00e7\u00f5es diretas marcar\u00e1 o Ocupa Bras\u00edlia no dia 24 - PSOL 50","isPartOf":{"@id":"https:\/\/psol50.org.br\/#website"},"primaryImageOfPage":{"@id":"https:\/\/psol50.org.br\/grande-marcha-contra-as-reformas-e-por-eleicoes-diretas-marcara-o-ocupa-brasilia-no-dia-24\/#primaryimage"},"image":{"@id":"https:\/\/psol50.org.br\/grande-marcha-contra-as-reformas-e-por-eleicoes-diretas-marcara-o-ocupa-brasilia-no-dia-24\/#primaryimage"},"thumbnailUrl":"","datePublished":"2017-05-23T00:48:04+00:00","breadcrumb":{"@id":"https:\/\/psol50.org.br\/grande-marcha-contra-as-reformas-e-por-eleicoes-diretas-marcara-o-ocupa-brasilia-no-dia-24\/#breadcrumb"},"inLanguage":"pt-BR","potentialAction":[{"@type":"ReadAction","target":["https:\/\/psol50.org.br\/grande-marcha-contra-as-reformas-e-por-eleicoes-diretas-marcara-o-ocupa-brasilia-no-dia-24\/"]}]},{"@type":"ImageObject","inLanguage":"pt-BR","@id":"https:\/\/psol50.org.br\/grande-marcha-contra-as-reformas-e-por-eleicoes-diretas-marcara-o-ocupa-brasilia-no-dia-24\/#primaryimage","url":"","contentUrl":""},{"@type":"BreadcrumbList","@id":"https:\/\/psol50.org.br\/grande-marcha-contra-as-reformas-e-por-eleicoes-diretas-marcara-o-ocupa-brasilia-no-dia-24\/#breadcrumb","itemListElement":[{"@type":"ListItem","position":1,"name":"In\u00edcio","item":"https:\/\/psol50.org.br\/"},{"@type":"ListItem","position":2,"name":"Grande marcha contra as reformas e por elei\u00e7\u00f5es diretas marcar\u00e1 o Ocupa Bras\u00edlia no dia 24"}]},{"@type":"WebSite","@id":"https:\/\/psol50.org.br\/#website","url":"https:\/\/psol50.org.br\/","name":"PSOL 50","description":"Site oficial do Partido Socialismo e Liberdade","publisher":{"@id":"https:\/\/psol50.org.br\/#organization"},"alternateName":"PSOL50","potentialAction":[{"@type":"SearchAction","target":{"@type":"EntryPoint","urlTemplate":"https:\/\/psol50.org.br\/?s={search_term_string}"},"query-input":{"@type":"PropertyValueSpecification","valueRequired":true,"valueName":"search_term_string"}}],"inLanguage":"pt-BR"},{"@type":"Organization","@id":"https:\/\/psol50.org.br\/#organization","name":"PSOL 50","alternateName":"PSOL 50","url":"https:\/\/psol50.org.br\/","logo":{"@type":"ImageObject","inLanguage":"pt-BR","@id":"https:\/\/psol50.org.br\/#\/schema\/logo\/image\/","url":"https:\/\/psol50.org.br\/inc\/uploads\/2018\/07\/capa.png","contentUrl":"https:\/\/psol50.org.br\/inc\/uploads\/2018\/07\/capa.png","width":1350,"height":900,"caption":"PSOL 50"},"image":{"@id":"https:\/\/psol50.org.br\/#\/schema\/logo\/image\/"},"sameAs":["https:\/\/www.facebook.com\/psol50","https:\/\/x.com\/psol50","https:\/\/www.instagram.com\/psol50\/","https:\/\/www.youtube.com\/channel\/UC7SnJS5o1os7a6CaiNabzcg"]},{"@type":"Person","@id":"https:\/\/psol50.org.br\/#\/schema\/person\/475dfa57d0b815993c714c2e96491fcd","name":"Comunica\u00e7\u00e3o PSOL","image":{"@type":"ImageObject","inLanguage":"pt-BR","@id":"https:\/\/psol50.org.br\/#\/schema\/person\/image\/","url":"https:\/\/secure.gravatar.com\/avatar\/b34fc4f4e468a4e51785917065a3db57b841f5c95dba6ad8c73aaf8f66f8f9bf?s=96&d=mm&r=g","contentUrl":"https:\/\/secure.gravatar.com\/avatar\/b34fc4f4e468a4e51785917065a3db57b841f5c95dba6ad8c73aaf8f66f8f9bf?s=96&d=mm&r=g","caption":"Comunica\u00e7\u00e3o PSOL"}}]}},"_links":{"self":[{"href":"https:\/\/psol50.org.br\/rest\/wp\/v2\/posts\/16671","targetHints":{"allow":["GET"]}}],"collection":[{"href":"https:\/\/psol50.org.br\/rest\/wp\/v2\/posts"}],"about":[{"href":"https:\/\/psol50.org.br\/rest\/wp\/v2\/types\/post"}],"author":[{"embeddable":true,"href":"https:\/\/psol50.org.br\/rest\/wp\/v2\/users\/2"}],"replies":[{"embeddable":true,"href":"https:\/\/psol50.org.br\/rest\/wp\/v2\/comments?post=16671"}],"version-history":[{"count":0,"href":"https:\/\/psol50.org.br\/rest\/wp\/v2\/posts\/16671\/revisions"}],"wp:featuredmedia":[{"embeddable":true,"href":"https:\/\/psol50.org.br\/rest\/"}],"wp:attachment":[{"href":"https:\/\/psol50.org.br\/rest\/wp\/v2\/media?parent=16671"}],"wp:term":[{"taxonomy":"category","embeddable":true,"href":"https:\/\/psol50.org.br\/rest\/wp\/v2\/categories?post=16671"},{"taxonomy":"post_tag","embeddable":true,"href":"https:\/\/psol50.org.br\/rest\/wp\/v2\/tags?post=16671"}],"curies":[{"name":"wp","href":"https:\/\/api.w.org\/{rel}","templated":true}]}}