{"id":1673,"date":"2011-11-28T00:00:00","date_gmt":"2011-11-28T00:00:00","guid":{"rendered":"http:\/\/psol50.org.br\/arquivo\/2011\/11\/28\/covardia-e-agressao-o-comando-vermelho-do-petismo-no-distrito-federal\/"},"modified":"2011-11-28T00:00:00","modified_gmt":"2011-11-28T00:00:00","slug":"covardia-e-agressao-o-comando-vermelho-do-petismo-no-distrito-federal","status":"publish","type":"post","link":"https:\/\/psol50.org.br\/covardia-e-agressao-o-comando-vermelho-do-petismo-no-distrito-federal\/","title":{"rendered":"Covardia e agress\u00e3o: O comando vermelho do petismo no Distrito Federal"},"content":{"rendered":"<p style=\"text-align: justify\"><a href=\"http:\/\/psol50.org.br\/blog\/2011\/11\/28\/covardia-e-agressao-o-comando-vermelho-do-petismo-no-distrito-federal\/agressaodf\/\" rel=\"attachment wp-att-12306\"><img loading=\"lazy\" decoding=\"async\" class=\"alignleft size-full wp-image-12306\" src=\"http:\/\/psol50.org.br\/files\/2011\/11\/Agress%C3%A3oDF.jpg\" alt=\"\" width=\"300\" height=\"227\" \/><\/a>Aconteceu na manh\u00e3 do \u00faltimo s\u00e1bado, 26 de novembro de 2011 no centro da Ceil\u00e2ndia. A milit\u00e2ncia do PSOL (cerca de 25 companheiros e companheiras) foi cercada por um grupo de 100 camisas vermelhas do PT, que aos gritos, empurr\u00f5es, xingamentos e amea\u00e7as tentaram nos impedir de divulgar um panfleto junto \u00e0 popula\u00e7\u00e3o daquela cidade, no qual denunci\u00e1vamos a corrup\u00e7\u00e3o que tomou conta do governo Agnelo, a come\u00e7ar pelo pr\u00f3prio governador, conforme as mat\u00e9rias veiculadas pelas principais revistas e jornais do pa\u00eds.<\/p>\n<p style=\"text-align: justify\">Conseguimos cumprir nossa programa\u00e7\u00e3o, mesmo diante do constrangimento e da viol\u00eancia. Apesar de numericamente estarmos em desvantagem, o apoio popular foi fundamental para caminharmos pelo com\u00e9rcio e ruas da Ceil\u00e2ndia, distribuindo nosso material de divulga\u00e7\u00e3o. Parece que o que mais enfureceu a Falange Vermelha Petista, foi o apoio recebido de parte da popula\u00e7\u00e3o ceilandense. Populares, comerci\u00e1rios, comerciantes, ambulantes, feirantes, enfim, todos concordavam com o teor das den\u00fancias e tamb\u00e9m manifestavam sua repulsa \u00e0quela demonstra\u00e7\u00e3o de intoler\u00e2ncia e viol\u00eancia de parte dos fascistas que tentaram impedir nosso direito constitucional e legal de nos manifestarmos junto ao povo.<\/p>\n<p style=\"text-align: justify\">O chefe do bando de agressores, conhecido pela alcunha de Geov\u00e1 e os demais provocadores, todos uniformizados com camisas vermelhas com a estrela do PT (foi poss\u00edvel identificar entre os agressores, sindicalistas e dezenas de ocupantes de cargos comissionados na Administra\u00e7\u00e3o Regional da Ceil\u00e2ndia), obedeciam ordens diretas da c\u00fapula petista. Utilizavam um potente carro de som, onde esse l\u00edder falangista incitava seus comandados a agredirem nossos militantes, al\u00e9m de tentar ofender a honra de nossos dirigentes hist\u00f3ricos, como foi o caso de Toninho e Maninha e Helo\u00edsa Helena.<\/p>\n<p style=\"text-align: justify\">Incitados por esses dirigentes, os demais bandidos avan\u00e7avam sobre os militantes do PSOL, arrancando violentamente os panfletos de suas m\u00e3os. N\u00e3o permitiam que entr\u00e1ssemos nos com\u00e9rcios para divulgar nosso material. Alguns desses \u201ccamisas vermelhas\u201d atacaram nossos militantes que tentavam retirar os panfletos de dentro de seus autom\u00f3veis, tomando violentamente de nossas m\u00e3os e incendiando. Foi uma demonstra\u00e7\u00e3o da mais covarde e odiosa intoler\u00e2ncia pol\u00edtica.<\/p>\n<p style=\"text-align: justify\">Destacamos a bravura e a coragem como nossos militantes enfrentaram a situa\u00e7\u00e3o. Nenhum de n\u00f3s arredou os p\u00e9s do roteiro que hav\u00edamos programado para divulga\u00e7\u00e3o de nosso panfleto, apesar do risco que corr\u00edamos diante daqueles que um dia, em passado recente, simbolizaram a esperan\u00e7a de mudan\u00e7as em nosso pa\u00eds. Hoje se comportam como os integrantes das falanges nazi-fascistas que aterrorizavam os socialistas, democratas, judeus, negros, homossexuais, ciganos e demais combatentes pela liberdade, principalmente na Alemanha, It\u00e1lia e Espanha \u00e0 \u00e9poca da ascens\u00e3o dessa doutrina na Europa.<\/p>\n<p style=\"text-align: justify\">Essa demonstra\u00e7\u00e3o de intoler\u00e2ncia e de viol\u00eancia pol\u00edtica n\u00e3o nos amendrontar\u00e1. Ao contr\u00e1rio, o PSOL continuar\u00e1 crescendo entre a popula\u00e7\u00e3o do Distrito Federal. Estaremos construindo os n\u00facleos do partido em todas as cidades de nossa capital, recrutando e filiando nossos militantes entre aqueles e aquelas que n\u00e3o suportam mais conviver com a mediocridade do atual governo e de sua base aliada.<\/p>\n<p style=\"text-align: justify\"><a href=\"http:\/\/www.psoldf.org.br\/component\/content\/article\/1-documentos\/54-o-comando-vermelho-do-petismo-no-distrito-federal\"><strong>*Dire\u00e7\u00e3o Executiva PSOL DF<\/strong><\/a><\/p>\n","protected":false},"excerpt":{"rendered":"<p>Aconteceu na manh\u00e3 do \u00faltimo s\u00e1bado, 26 de novembro de 2011 no centro da Ceil\u00e2ndia. A milit\u00e2ncia do PSOL (cerca de 25 companheiros e companheiras) foi cercada por um grupo de 100 camisas vermelhas do PT, que aos gritos, empurr\u00f5es, xingamentos e amea\u00e7as tentaram nos impedir de divulgar um panfleto junto \u00e0 popula\u00e7\u00e3o daquela cidade, [&hellip;]<\/p>\n","protected":false},"author":2,"featured_media":0,"comment_status":"open","ping_status":"open","sticky":false,"template":"","format":"standard","meta":{"_acf_changed":false,"footnotes":""},"categories":[4766],"tags":[],"class_list":{"0":"post-1673","1":"post","2":"type-post","3":"status-publish","4":"format-standard","6":"category-arquivo"},"acf":[],"yoast_head":"<!-- This site is optimized with the Yoast SEO plugin v26.5 - https:\/\/yoast.com\/wordpress\/plugins\/seo\/ -->\n<title>Covardia e agress\u00e3o: O comando vermelho do petismo no Distrito Federal - PSOL 50<\/title>\n<meta name=\"robots\" content=\"index, follow, max-snippet:-1, max-image-preview:large, max-video-preview:-1\" \/>\n<link rel=\"canonical\" href=\"https:\/\/psol50.org.br\/covardia-e-agressao-o-comando-vermelho-do-petismo-no-distrito-federal\/\" \/>\n<meta property=\"og:locale\" content=\"pt_BR\" \/>\n<meta property=\"og:type\" content=\"article\" \/>\n<meta property=\"og:title\" content=\"Covardia e agress\u00e3o: O comando vermelho do petismo no Distrito Federal - PSOL 50\" \/>\n<meta property=\"og:description\" content=\"Aconteceu na manh\u00e3 do \u00faltimo s\u00e1bado, 26 de novembro de 2011 no centro da Ceil\u00e2ndia. A milit\u00e2ncia do PSOL (cerca de 25 companheiros e companheiras) foi cercada por um grupo de 100 camisas vermelhas do PT, que aos gritos, empurr\u00f5es, xingamentos e amea\u00e7as tentaram nos impedir de divulgar um panfleto junto \u00e0 popula\u00e7\u00e3o daquela cidade, [&hellip;]\" \/>\n<meta property=\"og:url\" content=\"https:\/\/psol50.org.br\/covardia-e-agressao-o-comando-vermelho-do-petismo-no-distrito-federal\/\" \/>\n<meta property=\"og:site_name\" content=\"PSOL 50\" \/>\n<meta property=\"article:publisher\" content=\"https:\/\/www.facebook.com\/psol50\" \/>\n<meta property=\"article:published_time\" content=\"2011-11-28T00:00:00+00:00\" \/>\n<meta property=\"og:image\" content=\"http:\/\/psol50.org.br\/files\/2011\/11\/Agress%C3%A3oDF.jpg\" \/>\n<meta name=\"author\" content=\"Comunica\u00e7\u00e3o PSOL\" \/>\n<meta name=\"twitter:card\" content=\"summary_large_image\" \/>\n<meta name=\"twitter:creator\" content=\"@psol50\" \/>\n<meta name=\"twitter:site\" content=\"@psol50\" \/>\n<meta name=\"twitter:label1\" content=\"Escrito por\" \/>\n\t<meta name=\"twitter:data1\" content=\"Comunica\u00e7\u00e3o PSOL\" \/>\n\t<meta name=\"twitter:label2\" content=\"Est. tempo de leitura\" \/>\n\t<meta name=\"twitter:data2\" content=\"3 minutos\" \/>\n<script type=\"application\/ld+json\" class=\"yoast-schema-graph\">{\"@context\":\"https:\/\/schema.org\",\"@graph\":[{\"@type\":\"Article\",\"@id\":\"https:\/\/psol50.org.br\/covardia-e-agressao-o-comando-vermelho-do-petismo-no-distrito-federal\/#article\",\"isPartOf\":{\"@id\":\"https:\/\/psol50.org.br\/covardia-e-agressao-o-comando-vermelho-do-petismo-no-distrito-federal\/\"},\"author\":{\"name\":\"Comunica\u00e7\u00e3o PSOL\",\"@id\":\"https:\/\/psol50.org.br\/#\/schema\/person\/475dfa57d0b815993c714c2e96491fcd\"},\"headline\":\"Covardia e agress\u00e3o: O comando vermelho do petismo no Distrito Federal\",\"datePublished\":\"2011-11-28T00:00:00+00:00\",\"mainEntityOfPage\":{\"@id\":\"https:\/\/psol50.org.br\/covardia-e-agressao-o-comando-vermelho-do-petismo-no-distrito-federal\/\"},\"wordCount\":550,\"commentCount\":0,\"publisher\":{\"@id\":\"https:\/\/psol50.org.br\/#organization\"},\"image\":{\"@id\":\"https:\/\/psol50.org.br\/covardia-e-agressao-o-comando-vermelho-do-petismo-no-distrito-federal\/#primaryimage\"},\"thumbnailUrl\":\"http:\/\/psol50.org.br\/files\/2011\/11\/Agress%C3%A3oDF.jpg\",\"articleSection\":[\"Arquivo\"],\"inLanguage\":\"pt-BR\",\"potentialAction\":[{\"@type\":\"CommentAction\",\"name\":\"Comment\",\"target\":[\"https:\/\/psol50.org.br\/covardia-e-agressao-o-comando-vermelho-do-petismo-no-distrito-federal\/#respond\"]}]},{\"@type\":\"WebPage\",\"@id\":\"https:\/\/psol50.org.br\/covardia-e-agressao-o-comando-vermelho-do-petismo-no-distrito-federal\/\",\"url\":\"https:\/\/psol50.org.br\/covardia-e-agressao-o-comando-vermelho-do-petismo-no-distrito-federal\/\",\"name\":\"Covardia e agress\u00e3o: O comando vermelho do petismo no Distrito Federal - PSOL 50\",\"isPartOf\":{\"@id\":\"https:\/\/psol50.org.br\/#website\"},\"primaryImageOfPage\":{\"@id\":\"https:\/\/psol50.org.br\/covardia-e-agressao-o-comando-vermelho-do-petismo-no-distrito-federal\/#primaryimage\"},\"image\":{\"@id\":\"https:\/\/psol50.org.br\/covardia-e-agressao-o-comando-vermelho-do-petismo-no-distrito-federal\/#primaryimage\"},\"thumbnailUrl\":\"http:\/\/psol50.org.br\/files\/2011\/11\/Agress%C3%A3oDF.jpg\",\"datePublished\":\"2011-11-28T00:00:00+00:00\",\"breadcrumb\":{\"@id\":\"https:\/\/psol50.org.br\/covardia-e-agressao-o-comando-vermelho-do-petismo-no-distrito-federal\/#breadcrumb\"},\"inLanguage\":\"pt-BR\",\"potentialAction\":[{\"@type\":\"ReadAction\",\"target\":[\"https:\/\/psol50.org.br\/covardia-e-agressao-o-comando-vermelho-do-petismo-no-distrito-federal\/\"]}]},{\"@type\":\"ImageObject\",\"inLanguage\":\"pt-BR\",\"@id\":\"https:\/\/psol50.org.br\/covardia-e-agressao-o-comando-vermelho-do-petismo-no-distrito-federal\/#primaryimage\",\"url\":\"http:\/\/psol50.org.br\/files\/2011\/11\/Agress%C3%A3oDF.jpg\",\"contentUrl\":\"http:\/\/psol50.org.br\/files\/2011\/11\/Agress%C3%A3oDF.jpg\"},{\"@type\":\"BreadcrumbList\",\"@id\":\"https:\/\/psol50.org.br\/covardia-e-agressao-o-comando-vermelho-do-petismo-no-distrito-federal\/#breadcrumb\",\"itemListElement\":[{\"@type\":\"ListItem\",\"position\":1,\"name\":\"In\u00edcio\",\"item\":\"https:\/\/psol50.org.br\/\"},{\"@type\":\"ListItem\",\"position\":2,\"name\":\"Covardia e agress\u00e3o: O comando vermelho do petismo no Distrito Federal\"}]},{\"@type\":\"WebSite\",\"@id\":\"https:\/\/psol50.org.br\/#website\",\"url\":\"https:\/\/psol50.org.br\/\",\"name\":\"PSOL 50\",\"description\":\"Site oficial do Partido Socialismo e Liberdade\",\"publisher\":{\"@id\":\"https:\/\/psol50.org.br\/#organization\"},\"alternateName\":\"PSOL50\",\"potentialAction\":[{\"@type\":\"SearchAction\",\"target\":{\"@type\":\"EntryPoint\",\"urlTemplate\":\"https:\/\/psol50.org.br\/?s={search_term_string}\"},\"query-input\":{\"@type\":\"PropertyValueSpecification\",\"valueRequired\":true,\"valueName\":\"search_term_string\"}}],\"inLanguage\":\"pt-BR\"},{\"@type\":\"Organization\",\"@id\":\"https:\/\/psol50.org.br\/#organization\",\"name\":\"PSOL 50\",\"alternateName\":\"PSOL 50\",\"url\":\"https:\/\/psol50.org.br\/\",\"logo\":{\"@type\":\"ImageObject\",\"inLanguage\":\"pt-BR\",\"@id\":\"https:\/\/psol50.org.br\/#\/schema\/logo\/image\/\",\"url\":\"https:\/\/psol50.org.br\/inc\/uploads\/2018\/07\/capa.png\",\"contentUrl\":\"https:\/\/psol50.org.br\/inc\/uploads\/2018\/07\/capa.png\",\"width\":1350,\"height\":900,\"caption\":\"PSOL 50\"},\"image\":{\"@id\":\"https:\/\/psol50.org.br\/#\/schema\/logo\/image\/\"},\"sameAs\":[\"https:\/\/www.facebook.com\/psol50\",\"https:\/\/x.com\/psol50\",\"https:\/\/www.instagram.com\/psol50\/\",\"https:\/\/www.youtube.com\/channel\/UC7SnJS5o1os7a6CaiNabzcg\"]},{\"@type\":\"Person\",\"@id\":\"https:\/\/psol50.org.br\/#\/schema\/person\/475dfa57d0b815993c714c2e96491fcd\",\"name\":\"Comunica\u00e7\u00e3o PSOL\",\"image\":{\"@type\":\"ImageObject\",\"inLanguage\":\"pt-BR\",\"@id\":\"https:\/\/psol50.org.br\/#\/schema\/person\/image\/\",\"url\":\"https:\/\/secure.gravatar.com\/avatar\/b34fc4f4e468a4e51785917065a3db57b841f5c95dba6ad8c73aaf8f66f8f9bf?s=96&d=mm&r=g\",\"contentUrl\":\"https:\/\/secure.gravatar.com\/avatar\/b34fc4f4e468a4e51785917065a3db57b841f5c95dba6ad8c73aaf8f66f8f9bf?s=96&d=mm&r=g\",\"caption\":\"Comunica\u00e7\u00e3o PSOL\"}}]}<\/script>\n<!-- \/ Yoast SEO plugin. -->","yoast_head_json":{"title":"Covardia e agress\u00e3o: O comando vermelho do petismo no Distrito Federal - PSOL 50","robots":{"index":"index","follow":"follow","max-snippet":"max-snippet:-1","max-image-preview":"max-image-preview:large","max-video-preview":"max-video-preview:-1"},"canonical":"https:\/\/psol50.org.br\/covardia-e-agressao-o-comando-vermelho-do-petismo-no-distrito-federal\/","og_locale":"pt_BR","og_type":"article","og_title":"Covardia e agress\u00e3o: O comando vermelho do petismo no Distrito Federal - PSOL 50","og_description":"Aconteceu na manh\u00e3 do \u00faltimo s\u00e1bado, 26 de novembro de 2011 no centro da Ceil\u00e2ndia. A milit\u00e2ncia do PSOL (cerca de 25 companheiros e companheiras) foi cercada por um grupo de 100 camisas vermelhas do PT, que aos gritos, empurr\u00f5es, xingamentos e amea\u00e7as tentaram nos impedir de divulgar um panfleto junto \u00e0 popula\u00e7\u00e3o daquela cidade, [&hellip;]","og_url":"https:\/\/psol50.org.br\/covardia-e-agressao-o-comando-vermelho-do-petismo-no-distrito-federal\/","og_site_name":"PSOL 50","article_publisher":"https:\/\/www.facebook.com\/psol50","article_published_time":"2011-11-28T00:00:00+00:00","og_image":[{"url":"http:\/\/psol50.org.br\/files\/2011\/11\/Agress%C3%A3oDF.jpg","type":"","width":"","height":""}],"author":"Comunica\u00e7\u00e3o PSOL","twitter_card":"summary_large_image","twitter_creator":"@psol50","twitter_site":"@psol50","twitter_misc":{"Escrito por":"Comunica\u00e7\u00e3o PSOL","Est. tempo de leitura":"3 minutos"},"schema":{"@context":"https:\/\/schema.org","@graph":[{"@type":"Article","@id":"https:\/\/psol50.org.br\/covardia-e-agressao-o-comando-vermelho-do-petismo-no-distrito-federal\/#article","isPartOf":{"@id":"https:\/\/psol50.org.br\/covardia-e-agressao-o-comando-vermelho-do-petismo-no-distrito-federal\/"},"author":{"name":"Comunica\u00e7\u00e3o PSOL","@id":"https:\/\/psol50.org.br\/#\/schema\/person\/475dfa57d0b815993c714c2e96491fcd"},"headline":"Covardia e agress\u00e3o: O comando vermelho do petismo no Distrito Federal","datePublished":"2011-11-28T00:00:00+00:00","mainEntityOfPage":{"@id":"https:\/\/psol50.org.br\/covardia-e-agressao-o-comando-vermelho-do-petismo-no-distrito-federal\/"},"wordCount":550,"commentCount":0,"publisher":{"@id":"https:\/\/psol50.org.br\/#organization"},"image":{"@id":"https:\/\/psol50.org.br\/covardia-e-agressao-o-comando-vermelho-do-petismo-no-distrito-federal\/#primaryimage"},"thumbnailUrl":"http:\/\/psol50.org.br\/files\/2011\/11\/Agress%C3%A3oDF.jpg","articleSection":["Arquivo"],"inLanguage":"pt-BR","potentialAction":[{"@type":"CommentAction","name":"Comment","target":["https:\/\/psol50.org.br\/covardia-e-agressao-o-comando-vermelho-do-petismo-no-distrito-federal\/#respond"]}]},{"@type":"WebPage","@id":"https:\/\/psol50.org.br\/covardia-e-agressao-o-comando-vermelho-do-petismo-no-distrito-federal\/","url":"https:\/\/psol50.org.br\/covardia-e-agressao-o-comando-vermelho-do-petismo-no-distrito-federal\/","name":"Covardia e agress\u00e3o: O comando vermelho do petismo no Distrito Federal - PSOL 50","isPartOf":{"@id":"https:\/\/psol50.org.br\/#website"},"primaryImageOfPage":{"@id":"https:\/\/psol50.org.br\/covardia-e-agressao-o-comando-vermelho-do-petismo-no-distrito-federal\/#primaryimage"},"image":{"@id":"https:\/\/psol50.org.br\/covardia-e-agressao-o-comando-vermelho-do-petismo-no-distrito-federal\/#primaryimage"},"thumbnailUrl":"http:\/\/psol50.org.br\/files\/2011\/11\/Agress%C3%A3oDF.jpg","datePublished":"2011-11-28T00:00:00+00:00","breadcrumb":{"@id":"https:\/\/psol50.org.br\/covardia-e-agressao-o-comando-vermelho-do-petismo-no-distrito-federal\/#breadcrumb"},"inLanguage":"pt-BR","potentialAction":[{"@type":"ReadAction","target":["https:\/\/psol50.org.br\/covardia-e-agressao-o-comando-vermelho-do-petismo-no-distrito-federal\/"]}]},{"@type":"ImageObject","inLanguage":"pt-BR","@id":"https:\/\/psol50.org.br\/covardia-e-agressao-o-comando-vermelho-do-petismo-no-distrito-federal\/#primaryimage","url":"http:\/\/psol50.org.br\/files\/2011\/11\/Agress%C3%A3oDF.jpg","contentUrl":"http:\/\/psol50.org.br\/files\/2011\/11\/Agress%C3%A3oDF.jpg"},{"@type":"BreadcrumbList","@id":"https:\/\/psol50.org.br\/covardia-e-agressao-o-comando-vermelho-do-petismo-no-distrito-federal\/#breadcrumb","itemListElement":[{"@type":"ListItem","position":1,"name":"In\u00edcio","item":"https:\/\/psol50.org.br\/"},{"@type":"ListItem","position":2,"name":"Covardia e agress\u00e3o: O comando vermelho do petismo no Distrito Federal"}]},{"@type":"WebSite","@id":"https:\/\/psol50.org.br\/#website","url":"https:\/\/psol50.org.br\/","name":"PSOL 50","description":"Site oficial do Partido Socialismo e Liberdade","publisher":{"@id":"https:\/\/psol50.org.br\/#organization"},"alternateName":"PSOL50","potentialAction":[{"@type":"SearchAction","target":{"@type":"EntryPoint","urlTemplate":"https:\/\/psol50.org.br\/?s={search_term_string}"},"query-input":{"@type":"PropertyValueSpecification","valueRequired":true,"valueName":"search_term_string"}}],"inLanguage":"pt-BR"},{"@type":"Organization","@id":"https:\/\/psol50.org.br\/#organization","name":"PSOL 50","alternateName":"PSOL 50","url":"https:\/\/psol50.org.br\/","logo":{"@type":"ImageObject","inLanguage":"pt-BR","@id":"https:\/\/psol50.org.br\/#\/schema\/logo\/image\/","url":"https:\/\/psol50.org.br\/inc\/uploads\/2018\/07\/capa.png","contentUrl":"https:\/\/psol50.org.br\/inc\/uploads\/2018\/07\/capa.png","width":1350,"height":900,"caption":"PSOL 50"},"image":{"@id":"https:\/\/psol50.org.br\/#\/schema\/logo\/image\/"},"sameAs":["https:\/\/www.facebook.com\/psol50","https:\/\/x.com\/psol50","https:\/\/www.instagram.com\/psol50\/","https:\/\/www.youtube.com\/channel\/UC7SnJS5o1os7a6CaiNabzcg"]},{"@type":"Person","@id":"https:\/\/psol50.org.br\/#\/schema\/person\/475dfa57d0b815993c714c2e96491fcd","name":"Comunica\u00e7\u00e3o PSOL","image":{"@type":"ImageObject","inLanguage":"pt-BR","@id":"https:\/\/psol50.org.br\/#\/schema\/person\/image\/","url":"https:\/\/secure.gravatar.com\/avatar\/b34fc4f4e468a4e51785917065a3db57b841f5c95dba6ad8c73aaf8f66f8f9bf?s=96&d=mm&r=g","contentUrl":"https:\/\/secure.gravatar.com\/avatar\/b34fc4f4e468a4e51785917065a3db57b841f5c95dba6ad8c73aaf8f66f8f9bf?s=96&d=mm&r=g","caption":"Comunica\u00e7\u00e3o PSOL"}}]}},"_links":{"self":[{"href":"https:\/\/psol50.org.br\/rest\/wp\/v2\/posts\/1673","targetHints":{"allow":["GET"]}}],"collection":[{"href":"https:\/\/psol50.org.br\/rest\/wp\/v2\/posts"}],"about":[{"href":"https:\/\/psol50.org.br\/rest\/wp\/v2\/types\/post"}],"author":[{"embeddable":true,"href":"https:\/\/psol50.org.br\/rest\/wp\/v2\/users\/2"}],"replies":[{"embeddable":true,"href":"https:\/\/psol50.org.br\/rest\/wp\/v2\/comments?post=1673"}],"version-history":[{"count":0,"href":"https:\/\/psol50.org.br\/rest\/wp\/v2\/posts\/1673\/revisions"}],"wp:attachment":[{"href":"https:\/\/psol50.org.br\/rest\/wp\/v2\/media?parent=1673"}],"wp:term":[{"taxonomy":"category","embeddable":true,"href":"https:\/\/psol50.org.br\/rest\/wp\/v2\/categories?post=1673"},{"taxonomy":"post_tag","embeddable":true,"href":"https:\/\/psol50.org.br\/rest\/wp\/v2\/tags?post=1673"}],"curies":[{"name":"wp","href":"https:\/\/api.w.org\/{rel}","templated":true}]}}