{"id":16750,"date":"2017-05-29T12:50:41","date_gmt":"2017-05-29T12:50:41","guid":{"rendered":"http:\/\/www.psol50.org.br\/?p=16750"},"modified":"2017-05-29T12:50:41","modified_gmt":"2017-05-29T12:50:41","slug":"mais-de-100-mil-pedem-eleicoes-diretas-em-ato-historico-no-rio-de-janeiro","status":"publish","type":"post","link":"https:\/\/psol50.org.br\/mais-de-100-mil-pedem-eleicoes-diretas-em-ato-historico-no-rio-de-janeiro\/","title":{"rendered":"Mais de 100 mil pedem elei\u00e7\u00f5es diretas em ato hist\u00f3rico no Rio de Janeiro"},"content":{"rendered":"<p>A praia da Copacabana, zona sul do Rio de Janeiro, ficou tomada por uma multid\u00e3o de gente neste domingo (28\/05). Mais de 100 mil pessoas,\u00a0das mais variadas origens e milit\u00e2ncia, participaram do grande ato hist\u00f3rico pol\u00edtico e art\u00edstico pelo #ForaTemer e por #DiretasJ\u00e1. Num domingo sem sol, mas\u00a0frio e encoberto por uma rara neblina, a multid\u00e3o refor\u00e7ou o sentimento de que o governo de Michel Temer acabou e que apenas elei\u00e7\u00f5es diretas podem reestabelecer a vontade popular e garantir legitimidade a um governo.<\/p>\n<p>Grandes nomes do meio art\u00edstico brasileiro marcaram presen\u00e7a no ato #RioPelasDiretas. Caetano Veloso, Milton Nascimento, Teresa Cristina, Criolo, Mano Brown, Otto, Zez\u00e9 Mota, Maria Gad\u00fa, Martn\u00e1lia, Camila Pitanga, Wagner Moura, Osmar Prado, Elisa Lucinda, Bete Mendes, BNeg\u00e3o e tanto outros engrossaram o coro por mais democracia e contra a retirada de direitos imposta pelo governo ileg\u00edtimo de Temer.<\/p>\n<p>A concentra\u00e7\u00e3o do ato\u00a0come\u00e7ou \u00e0s 11h e se manteve lotada at\u00e9 as 19h. O ponto alto foi por volta das\u00a017h quando subiram\u00a0ao palco os cantores Caetano Veloso e Milton Nascimento.\u00a0\u00a0Em cada intervalo das m\u00fasica, os dois entoavam as palavras de ordem\u00a0\u201cFora Temer\u201d e \u201cDiretas J\u00e1\u201d, como maestros embalando uma orquestra.<\/p>\n<figure id=\"attachment_16752\" aria-describedby=\"caption-attachment-16752\" style=\"width: 599px\" class=\"wp-caption aligncenter\"><img loading=\"lazy\" decoding=\"async\" class=\"wp-image-16752\" src=\"http:\/\/www.psol50.org.br\/inc\/uploads\/2017\/05\/Caetano-e-Milton-1024x682.jpg\" alt=\"\" width=\"599\" height=\"399\" \/><figcaption id=\"caption-attachment-16752\" class=\"wp-caption-text\"><em>Foto: Diretas J\u00e1<\/em><\/figcaption><\/figure>\n<p>Tamb\u00e9m foi bastante emocionante e empolgante quando Caetano e Maria Gadu cantaram o refr\u00e3o da m\u00fasica Divino Maravilhoso, um cl\u00e1ssico da Tropic\u00e1lia.\u00a0&#8220;Aten\u00e7\u00e3o para o refr\u00e3o: \u00c9 preciso estar atento e forte, n\u00e3o temos tempo de temer a morte.&#8221;<\/p>\n<p>https:\/\/www.facebook.com\/brasildefato\/videos\/1441660652548561\/<\/p>\n<p>O presidente nacional do PSOL, Luiz Ara\u00fajo, esteve presente ao ato, acompanhado dos deputados federais Chico Alencar e Glauber Braga, dos deputados estaduais Marcelo Freixo, Fl\u00e1vio Serafini, Eliomar Coelho e Paulo Ramos e de vereadores do partido no Rio de Janeiro. Al\u00e9m dos dirigentes, milhares de militantes do PSOL tamb\u00e9m participaram desse momento hist\u00f3rico, assim como lideran\u00e7as de diversos movimentos sociais, como Guilherme Boulos, coordenador nacional do MTST.<\/p>\n<p>&#8220;Da mesma que h\u00e1 33 anos os artistas foram muito importantes para mostrar para a popula\u00e7\u00e3o que era necess\u00e1rio superar a ditadura militar e conseguir diretas para presidente, novamente o protagonismo desses e dessas artistas tem sido fundamental. Eles promoveram o ato, convidaram as entidades, os partidos e deixaram claro que h\u00e1 um desejo muito grande de que n\u00e3o se mantenha as reformas e, principalmente, que n\u00e3o se fa\u00e7a um acord\u00e3o para fazer elei\u00e7\u00f5es indiretas&#8221;, destaca Luiz Ara\u00fajo.<\/p>\n<p>Na sua avalia\u00e7\u00e3o, a presen\u00e7a de mais de 100 mil pessoas mostra uma disposi\u00e7\u00e3o da popula\u00e7\u00e3o de n\u00e3o se deixar enganar e n\u00e3o permitir\u00a0que mais de 200 pol\u00edticos citados ou investigados pelas opera\u00e7\u00e3o policiais escolham o novo presidente. &#8220;Principalmente que esse acord\u00e3o n\u00e3o seja efetivado, porque significa manter a tramita\u00e7\u00e3o das reformas que retiram direitos. Foi um grande grito, que certamente vai se espalhar por todo o Brasil, seja com artistas, seja com sindicalistas, seja com estudantes, o povo brasileiro n\u00e3o aceita que tenham elei\u00e7\u00f5es indiretas e nem aceita que Temer continue&#8221;.<\/p>\n<figure id=\"attachment_16753\" aria-describedby=\"caption-attachment-16753\" style=\"width: 600px\" class=\"wp-caption aligncenter\"><img loading=\"lazy\" decoding=\"async\" class=\"wp-image-16753\" src=\"http:\/\/www.psol50.org.br\/inc\/uploads\/2017\/05\/DirigentesPSOL-1024x768.jpg\" alt=\"\" width=\"600\" height=\"450\" \/><figcaption id=\"caption-attachment-16753\" class=\"wp-caption-text\"><em>Foto: Diretas J\u00e1<\/em><\/figcaption><\/figure>\n<p>&nbsp;<\/p>\n<p>&nbsp;<\/p>\n<figure id=\"attachment_16754\" aria-describedby=\"caption-attachment-16754\" style=\"width: 600px\" class=\"wp-caption aligncenter\"><img loading=\"lazy\" decoding=\"async\" class=\"wp-image-16754\" src=\"http:\/\/www.psol50.org.br\/inc\/uploads\/2017\/05\/Freixo-1024x682.jpg\" alt=\"\" width=\"600\" height=\"399\" \/><figcaption id=\"caption-attachment-16754\" class=\"wp-caption-text\"><em>Foto: Diretas J\u00e1<\/em><\/figcaption><\/figure>\n<p>&nbsp;<\/p>\n<figure id=\"attachment_16755\" aria-describedby=\"caption-attachment-16755\" style=\"width: 600px\" class=\"wp-caption aligncenter\"><img loading=\"lazy\" decoding=\"async\" class=\"wp-image-16755\" src=\"http:\/\/www.psol50.org.br\/inc\/uploads\/2017\/05\/Guilherme-Boulos-1024x683.jpg\" alt=\"\" width=\"600\" height=\"400\" \/><figcaption id=\"caption-attachment-16755\" class=\"wp-caption-text\"><em>Foto: Diretas J\u00e1<\/em><\/figcaption><\/figure>\n<p>Confira o v\u00eddeo de\u00a0Ant\u00f4nio Azambuja, que mostra a grande multid\u00e3o em Copa.<\/p>\n<p>https:\/\/www.facebook.com\/MidiaNINJA\/videos\/898779273613552\/<\/p>\n","protected":false},"excerpt":{"rendered":"<p>A praia da Copacabana, zona sul do Rio de Janeiro, ficou tomada por uma multid\u00e3o de gente neste domingo (28\/05). Mais de 100 mil pessoas,\u00a0das mais variadas origens e milit\u00e2ncia, participaram do grande ato hist\u00f3rico pol\u00edtico e art\u00edstico pelo #ForaTemer e por #DiretasJ\u00e1. Num domingo sem sol, mas\u00a0frio e encoberto por uma rara neblina, a [&hellip;]<\/p>\n","protected":false},"author":2,"featured_media":16756,"comment_status":"open","ping_status":"open","sticky":false,"template":"","format":"standard","meta":{"_acf_changed":false,"footnotes":""},"categories":[1882,1104,6],"tags":[3242,3243,3257,3258,3259,977,1801,161,3260,22,162],"class_list":{"0":"post-16750","1":"post","2":"type-post","3":"status-publish","4":"format-standard","5":"has-post-thumbnail","7":"category-brasil","8":"category-movimento","9":"category-noticias","10":"tag-diretasja","11":"tag-foratemer","12":"tag-ato-politico-e-artistico","13":"tag-caetano-veloso","14":"tag-copacabana","15":"tag-guilherme-boulos","16":"tag-luiz-araujo","17":"tag-marcelo-freixo","18":"tag-milton-nascimento","19":"tag-psol","20":"tag-rio-de-janeiro"},"acf":[],"yoast_head":"<!-- This site is optimized with the Yoast SEO plugin v26.5 - https:\/\/yoast.com\/wordpress\/plugins\/seo\/ -->\n<title>Mais de 100 mil pedem elei\u00e7\u00f5es diretas em ato hist\u00f3rico no Rio de Janeiro - PSOL 50<\/title>\n<meta name=\"robots\" content=\"index, follow, max-snippet:-1, max-image-preview:large, max-video-preview:-1\" \/>\n<link rel=\"canonical\" href=\"https:\/\/psol50.org.br\/mais-de-100-mil-pedem-eleicoes-diretas-em-ato-historico-no-rio-de-janeiro\/\" \/>\n<meta property=\"og:locale\" content=\"pt_BR\" \/>\n<meta property=\"og:type\" content=\"article\" \/>\n<meta property=\"og:title\" content=\"Mais de 100 mil pedem elei\u00e7\u00f5es diretas em ato hist\u00f3rico no Rio de Janeiro - PSOL 50\" \/>\n<meta property=\"og:description\" content=\"A praia da Copacabana, zona sul do Rio de Janeiro, ficou tomada por uma multid\u00e3o de gente neste domingo (28\/05). Mais de 100 mil pessoas,\u00a0das mais variadas origens e milit\u00e2ncia, participaram do grande ato hist\u00f3rico pol\u00edtico e art\u00edstico pelo #ForaTemer e por #DiretasJ\u00e1. Num domingo sem sol, mas\u00a0frio e encoberto por uma rara neblina, a [&hellip;]\" \/>\n<meta property=\"og:url\" content=\"https:\/\/psol50.org.br\/mais-de-100-mil-pedem-eleicoes-diretas-em-ato-historico-no-rio-de-janeiro\/\" \/>\n<meta property=\"og:site_name\" content=\"PSOL 50\" \/>\n<meta property=\"article:publisher\" content=\"https:\/\/www.facebook.com\/psol50\" \/>\n<meta property=\"article:published_time\" content=\"2017-05-29T12:50:41+00:00\" \/>\n<meta property=\"og:image\" content=\"https:\/\/psol50.org.br\/inc\/uploads\/2018\/07\/capa.png\" \/>\n\t<meta property=\"og:image:width\" content=\"1350\" \/>\n\t<meta property=\"og:image:height\" content=\"900\" \/>\n\t<meta property=\"og:image:type\" content=\"image\/png\" \/>\n<meta name=\"author\" content=\"Comunica\u00e7\u00e3o PSOL\" \/>\n<meta name=\"twitter:card\" content=\"summary_large_image\" \/>\n<meta name=\"twitter:creator\" content=\"@psol50\" \/>\n<meta name=\"twitter:site\" content=\"@psol50\" \/>\n<meta name=\"twitter:label1\" content=\"Escrito por\" \/>\n\t<meta name=\"twitter:data1\" content=\"Comunica\u00e7\u00e3o PSOL\" \/>\n\t<meta name=\"twitter:label2\" content=\"Est. tempo de leitura\" \/>\n\t<meta name=\"twitter:data2\" content=\"3 minutos\" \/>\n<script type=\"application\/ld+json\" class=\"yoast-schema-graph\">{\"@context\":\"https:\/\/schema.org\",\"@graph\":[{\"@type\":\"Article\",\"@id\":\"https:\/\/psol50.org.br\/mais-de-100-mil-pedem-eleicoes-diretas-em-ato-historico-no-rio-de-janeiro\/#article\",\"isPartOf\":{\"@id\":\"https:\/\/psol50.org.br\/mais-de-100-mil-pedem-eleicoes-diretas-em-ato-historico-no-rio-de-janeiro\/\"},\"author\":{\"name\":\"Comunica\u00e7\u00e3o PSOL\",\"@id\":\"https:\/\/psol50.org.br\/#\/schema\/person\/475dfa57d0b815993c714c2e96491fcd\"},\"headline\":\"Mais de 100 mil pedem elei\u00e7\u00f5es diretas em ato hist\u00f3rico no Rio de Janeiro\",\"datePublished\":\"2017-05-29T12:50:41+00:00\",\"mainEntityOfPage\":{\"@id\":\"https:\/\/psol50.org.br\/mais-de-100-mil-pedem-eleicoes-diretas-em-ato-historico-no-rio-de-janeiro\/\"},\"wordCount\":607,\"commentCount\":0,\"publisher\":{\"@id\":\"https:\/\/psol50.org.br\/#organization\"},\"image\":{\"@id\":\"https:\/\/psol50.org.br\/mais-de-100-mil-pedem-eleicoes-diretas-em-ato-historico-no-rio-de-janeiro\/#primaryimage\"},\"thumbnailUrl\":\"\",\"keywords\":[\"#DiretasJ\u00e1\",\"#foratemer\",\"ato pol\u00edtico e art\u00edstico\",\"Caetano Veloso\",\"Copacabana\",\"Guilherme Boulos\",\"Luiz Ara\u00fajo\",\"Marcelo Freixo\",\"Milton Nascimento\",\"PSOL\",\"Rio de Janeiro\"],\"articleSection\":[\"Brasil\",\"Movimento\",\"Not\u00edcias\"],\"inLanguage\":\"pt-BR\",\"potentialAction\":[{\"@type\":\"CommentAction\",\"name\":\"Comment\",\"target\":[\"https:\/\/psol50.org.br\/mais-de-100-mil-pedem-eleicoes-diretas-em-ato-historico-no-rio-de-janeiro\/#respond\"]}]},{\"@type\":\"WebPage\",\"@id\":\"https:\/\/psol50.org.br\/mais-de-100-mil-pedem-eleicoes-diretas-em-ato-historico-no-rio-de-janeiro\/\",\"url\":\"https:\/\/psol50.org.br\/mais-de-100-mil-pedem-eleicoes-diretas-em-ato-historico-no-rio-de-janeiro\/\",\"name\":\"Mais de 100 mil pedem elei\u00e7\u00f5es diretas em ato hist\u00f3rico no Rio de Janeiro - PSOL 50\",\"isPartOf\":{\"@id\":\"https:\/\/psol50.org.br\/#website\"},\"primaryImageOfPage\":{\"@id\":\"https:\/\/psol50.org.br\/mais-de-100-mil-pedem-eleicoes-diretas-em-ato-historico-no-rio-de-janeiro\/#primaryimage\"},\"image\":{\"@id\":\"https:\/\/psol50.org.br\/mais-de-100-mil-pedem-eleicoes-diretas-em-ato-historico-no-rio-de-janeiro\/#primaryimage\"},\"thumbnailUrl\":\"\",\"datePublished\":\"2017-05-29T12:50:41+00:00\",\"breadcrumb\":{\"@id\":\"https:\/\/psol50.org.br\/mais-de-100-mil-pedem-eleicoes-diretas-em-ato-historico-no-rio-de-janeiro\/#breadcrumb\"},\"inLanguage\":\"pt-BR\",\"potentialAction\":[{\"@type\":\"ReadAction\",\"target\":[\"https:\/\/psol50.org.br\/mais-de-100-mil-pedem-eleicoes-diretas-em-ato-historico-no-rio-de-janeiro\/\"]}]},{\"@type\":\"ImageObject\",\"inLanguage\":\"pt-BR\",\"@id\":\"https:\/\/psol50.org.br\/mais-de-100-mil-pedem-eleicoes-diretas-em-ato-historico-no-rio-de-janeiro\/#primaryimage\",\"url\":\"\",\"contentUrl\":\"\"},{\"@type\":\"BreadcrumbList\",\"@id\":\"https:\/\/psol50.org.br\/mais-de-100-mil-pedem-eleicoes-diretas-em-ato-historico-no-rio-de-janeiro\/#breadcrumb\",\"itemListElement\":[{\"@type\":\"ListItem\",\"position\":1,\"name\":\"In\u00edcio\",\"item\":\"https:\/\/psol50.org.br\/\"},{\"@type\":\"ListItem\",\"position\":2,\"name\":\"Mais de 100 mil pedem elei\u00e7\u00f5es diretas em ato hist\u00f3rico no Rio de Janeiro\"}]},{\"@type\":\"WebSite\",\"@id\":\"https:\/\/psol50.org.br\/#website\",\"url\":\"https:\/\/psol50.org.br\/\",\"name\":\"PSOL 50\",\"description\":\"Site oficial do Partido Socialismo e Liberdade\",\"publisher\":{\"@id\":\"https:\/\/psol50.org.br\/#organization\"},\"alternateName\":\"PSOL50\",\"potentialAction\":[{\"@type\":\"SearchAction\",\"target\":{\"@type\":\"EntryPoint\",\"urlTemplate\":\"https:\/\/psol50.org.br\/?s={search_term_string}\"},\"query-input\":{\"@type\":\"PropertyValueSpecification\",\"valueRequired\":true,\"valueName\":\"search_term_string\"}}],\"inLanguage\":\"pt-BR\"},{\"@type\":\"Organization\",\"@id\":\"https:\/\/psol50.org.br\/#organization\",\"name\":\"PSOL 50\",\"alternateName\":\"PSOL 50\",\"url\":\"https:\/\/psol50.org.br\/\",\"logo\":{\"@type\":\"ImageObject\",\"inLanguage\":\"pt-BR\",\"@id\":\"https:\/\/psol50.org.br\/#\/schema\/logo\/image\/\",\"url\":\"https:\/\/psol50.org.br\/inc\/uploads\/2018\/07\/capa.png\",\"contentUrl\":\"https:\/\/psol50.org.br\/inc\/uploads\/2018\/07\/capa.png\",\"width\":1350,\"height\":900,\"caption\":\"PSOL 50\"},\"image\":{\"@id\":\"https:\/\/psol50.org.br\/#\/schema\/logo\/image\/\"},\"sameAs\":[\"https:\/\/www.facebook.com\/psol50\",\"https:\/\/x.com\/psol50\",\"https:\/\/www.instagram.com\/psol50\/\",\"https:\/\/www.youtube.com\/channel\/UC7SnJS5o1os7a6CaiNabzcg\"]},{\"@type\":\"Person\",\"@id\":\"https:\/\/psol50.org.br\/#\/schema\/person\/475dfa57d0b815993c714c2e96491fcd\",\"name\":\"Comunica\u00e7\u00e3o PSOL\",\"image\":{\"@type\":\"ImageObject\",\"inLanguage\":\"pt-BR\",\"@id\":\"https:\/\/psol50.org.br\/#\/schema\/person\/image\/\",\"url\":\"https:\/\/secure.gravatar.com\/avatar\/b34fc4f4e468a4e51785917065a3db57b841f5c95dba6ad8c73aaf8f66f8f9bf?s=96&d=mm&r=g\",\"contentUrl\":\"https:\/\/secure.gravatar.com\/avatar\/b34fc4f4e468a4e51785917065a3db57b841f5c95dba6ad8c73aaf8f66f8f9bf?s=96&d=mm&r=g\",\"caption\":\"Comunica\u00e7\u00e3o PSOL\"}}]}<\/script>\n<!-- \/ Yoast SEO plugin. -->","yoast_head_json":{"title":"Mais de 100 mil pedem elei\u00e7\u00f5es diretas em ato hist\u00f3rico no Rio de Janeiro - PSOL 50","robots":{"index":"index","follow":"follow","max-snippet":"max-snippet:-1","max-image-preview":"max-image-preview:large","max-video-preview":"max-video-preview:-1"},"canonical":"https:\/\/psol50.org.br\/mais-de-100-mil-pedem-eleicoes-diretas-em-ato-historico-no-rio-de-janeiro\/","og_locale":"pt_BR","og_type":"article","og_title":"Mais de 100 mil pedem elei\u00e7\u00f5es diretas em ato hist\u00f3rico no Rio de Janeiro - PSOL 50","og_description":"A praia da Copacabana, zona sul do Rio de Janeiro, ficou tomada por uma multid\u00e3o de gente neste domingo (28\/05). Mais de 100 mil pessoas,\u00a0das mais variadas origens e milit\u00e2ncia, participaram do grande ato hist\u00f3rico pol\u00edtico e art\u00edstico pelo #ForaTemer e por #DiretasJ\u00e1. Num domingo sem sol, mas\u00a0frio e encoberto por uma rara neblina, a [&hellip;]","og_url":"https:\/\/psol50.org.br\/mais-de-100-mil-pedem-eleicoes-diretas-em-ato-historico-no-rio-de-janeiro\/","og_site_name":"PSOL 50","article_publisher":"https:\/\/www.facebook.com\/psol50","article_published_time":"2017-05-29T12:50:41+00:00","og_image":[{"width":1350,"height":900,"url":"https:\/\/psol50.org.br\/inc\/uploads\/2018\/07\/capa.png","type":"image\/png"}],"author":"Comunica\u00e7\u00e3o PSOL","twitter_card":"summary_large_image","twitter_creator":"@psol50","twitter_site":"@psol50","twitter_misc":{"Escrito por":"Comunica\u00e7\u00e3o PSOL","Est. tempo de leitura":"3 minutos"},"schema":{"@context":"https:\/\/schema.org","@graph":[{"@type":"Article","@id":"https:\/\/psol50.org.br\/mais-de-100-mil-pedem-eleicoes-diretas-em-ato-historico-no-rio-de-janeiro\/#article","isPartOf":{"@id":"https:\/\/psol50.org.br\/mais-de-100-mil-pedem-eleicoes-diretas-em-ato-historico-no-rio-de-janeiro\/"},"author":{"name":"Comunica\u00e7\u00e3o PSOL","@id":"https:\/\/psol50.org.br\/#\/schema\/person\/475dfa57d0b815993c714c2e96491fcd"},"headline":"Mais de 100 mil pedem elei\u00e7\u00f5es diretas em ato hist\u00f3rico no Rio de Janeiro","datePublished":"2017-05-29T12:50:41+00:00","mainEntityOfPage":{"@id":"https:\/\/psol50.org.br\/mais-de-100-mil-pedem-eleicoes-diretas-em-ato-historico-no-rio-de-janeiro\/"},"wordCount":607,"commentCount":0,"publisher":{"@id":"https:\/\/psol50.org.br\/#organization"},"image":{"@id":"https:\/\/psol50.org.br\/mais-de-100-mil-pedem-eleicoes-diretas-em-ato-historico-no-rio-de-janeiro\/#primaryimage"},"thumbnailUrl":"","keywords":["#DiretasJ\u00e1","#foratemer","ato pol\u00edtico e art\u00edstico","Caetano Veloso","Copacabana","Guilherme Boulos","Luiz Ara\u00fajo","Marcelo Freixo","Milton Nascimento","PSOL","Rio de Janeiro"],"articleSection":["Brasil","Movimento","Not\u00edcias"],"inLanguage":"pt-BR","potentialAction":[{"@type":"CommentAction","name":"Comment","target":["https:\/\/psol50.org.br\/mais-de-100-mil-pedem-eleicoes-diretas-em-ato-historico-no-rio-de-janeiro\/#respond"]}]},{"@type":"WebPage","@id":"https:\/\/psol50.org.br\/mais-de-100-mil-pedem-eleicoes-diretas-em-ato-historico-no-rio-de-janeiro\/","url":"https:\/\/psol50.org.br\/mais-de-100-mil-pedem-eleicoes-diretas-em-ato-historico-no-rio-de-janeiro\/","name":"Mais de 100 mil pedem elei\u00e7\u00f5es diretas em ato hist\u00f3rico no Rio de Janeiro - PSOL 50","isPartOf":{"@id":"https:\/\/psol50.org.br\/#website"},"primaryImageOfPage":{"@id":"https:\/\/psol50.org.br\/mais-de-100-mil-pedem-eleicoes-diretas-em-ato-historico-no-rio-de-janeiro\/#primaryimage"},"image":{"@id":"https:\/\/psol50.org.br\/mais-de-100-mil-pedem-eleicoes-diretas-em-ato-historico-no-rio-de-janeiro\/#primaryimage"},"thumbnailUrl":"","datePublished":"2017-05-29T12:50:41+00:00","breadcrumb":{"@id":"https:\/\/psol50.org.br\/mais-de-100-mil-pedem-eleicoes-diretas-em-ato-historico-no-rio-de-janeiro\/#breadcrumb"},"inLanguage":"pt-BR","potentialAction":[{"@type":"ReadAction","target":["https:\/\/psol50.org.br\/mais-de-100-mil-pedem-eleicoes-diretas-em-ato-historico-no-rio-de-janeiro\/"]}]},{"@type":"ImageObject","inLanguage":"pt-BR","@id":"https:\/\/psol50.org.br\/mais-de-100-mil-pedem-eleicoes-diretas-em-ato-historico-no-rio-de-janeiro\/#primaryimage","url":"","contentUrl":""},{"@type":"BreadcrumbList","@id":"https:\/\/psol50.org.br\/mais-de-100-mil-pedem-eleicoes-diretas-em-ato-historico-no-rio-de-janeiro\/#breadcrumb","itemListElement":[{"@type":"ListItem","position":1,"name":"In\u00edcio","item":"https:\/\/psol50.org.br\/"},{"@type":"ListItem","position":2,"name":"Mais de 100 mil pedem elei\u00e7\u00f5es diretas em ato hist\u00f3rico no Rio de Janeiro"}]},{"@type":"WebSite","@id":"https:\/\/psol50.org.br\/#website","url":"https:\/\/psol50.org.br\/","name":"PSOL 50","description":"Site oficial do Partido Socialismo e Liberdade","publisher":{"@id":"https:\/\/psol50.org.br\/#organization"},"alternateName":"PSOL50","potentialAction":[{"@type":"SearchAction","target":{"@type":"EntryPoint","urlTemplate":"https:\/\/psol50.org.br\/?s={search_term_string}"},"query-input":{"@type":"PropertyValueSpecification","valueRequired":true,"valueName":"search_term_string"}}],"inLanguage":"pt-BR"},{"@type":"Organization","@id":"https:\/\/psol50.org.br\/#organization","name":"PSOL 50","alternateName":"PSOL 50","url":"https:\/\/psol50.org.br\/","logo":{"@type":"ImageObject","inLanguage":"pt-BR","@id":"https:\/\/psol50.org.br\/#\/schema\/logo\/image\/","url":"https:\/\/psol50.org.br\/inc\/uploads\/2018\/07\/capa.png","contentUrl":"https:\/\/psol50.org.br\/inc\/uploads\/2018\/07\/capa.png","width":1350,"height":900,"caption":"PSOL 50"},"image":{"@id":"https:\/\/psol50.org.br\/#\/schema\/logo\/image\/"},"sameAs":["https:\/\/www.facebook.com\/psol50","https:\/\/x.com\/psol50","https:\/\/www.instagram.com\/psol50\/","https:\/\/www.youtube.com\/channel\/UC7SnJS5o1os7a6CaiNabzcg"]},{"@type":"Person","@id":"https:\/\/psol50.org.br\/#\/schema\/person\/475dfa57d0b815993c714c2e96491fcd","name":"Comunica\u00e7\u00e3o PSOL","image":{"@type":"ImageObject","inLanguage":"pt-BR","@id":"https:\/\/psol50.org.br\/#\/schema\/person\/image\/","url":"https:\/\/secure.gravatar.com\/avatar\/b34fc4f4e468a4e51785917065a3db57b841f5c95dba6ad8c73aaf8f66f8f9bf?s=96&d=mm&r=g","contentUrl":"https:\/\/secure.gravatar.com\/avatar\/b34fc4f4e468a4e51785917065a3db57b841f5c95dba6ad8c73aaf8f66f8f9bf?s=96&d=mm&r=g","caption":"Comunica\u00e7\u00e3o PSOL"}}]}},"_links":{"self":[{"href":"https:\/\/psol50.org.br\/rest\/wp\/v2\/posts\/16750","targetHints":{"allow":["GET"]}}],"collection":[{"href":"https:\/\/psol50.org.br\/rest\/wp\/v2\/posts"}],"about":[{"href":"https:\/\/psol50.org.br\/rest\/wp\/v2\/types\/post"}],"author":[{"embeddable":true,"href":"https:\/\/psol50.org.br\/rest\/wp\/v2\/users\/2"}],"replies":[{"embeddable":true,"href":"https:\/\/psol50.org.br\/rest\/wp\/v2\/comments?post=16750"}],"version-history":[{"count":0,"href":"https:\/\/psol50.org.br\/rest\/wp\/v2\/posts\/16750\/revisions"}],"wp:featuredmedia":[{"embeddable":true,"href":"https:\/\/psol50.org.br\/rest\/"}],"wp:attachment":[{"href":"https:\/\/psol50.org.br\/rest\/wp\/v2\/media?parent=16750"}],"wp:term":[{"taxonomy":"category","embeddable":true,"href":"https:\/\/psol50.org.br\/rest\/wp\/v2\/categories?post=16750"},{"taxonomy":"post_tag","embeddable":true,"href":"https:\/\/psol50.org.br\/rest\/wp\/v2\/tags?post=16750"}],"curies":[{"name":"wp","href":"https:\/\/api.w.org\/{rel}","templated":true}]}}