{"id":16766,"date":"2017-05-30T21:54:52","date_gmt":"2017-05-30T21:54:52","guid":{"rendered":"http:\/\/www.psol50.org.br\/?p=16766"},"modified":"2017-05-30T21:54:52","modified_gmt":"2017-05-30T21:54:52","slug":"apos-grande-mobilizacao-estudantes-conquistam-cotas-etnico-raciais-na-unicamp","status":"publish","type":"post","link":"https:\/\/psol50.org.br\/apos-grande-mobilizacao-estudantes-conquistam-cotas-etnico-raciais-na-unicamp\/","title":{"rendered":"Ap\u00f3s grande mobiliza\u00e7\u00e3o, estudantes conquistam cotas \u00e9tnico-raciais na Unicamp"},"content":{"rendered":"<p>O\u00a0Conselho Universit\u00e1rio da Universidade de Campinas (Unicamp) aprovou nesta ter\u00e7a-feira (30\/05) a ado\u00e7\u00e3o de\u00a0cotas \u00e9tnico-raciais no sistema de ingresso dos cursos de gradua\u00e7\u00e3o. \u00a0At\u00e9 o momento, o instituto compunha &#8211; junto \u00e0 USP &#8211; o quadro das universidades que\u00a0ainda negavam a import\u00e2ncia das cotas raciais e sociais como\u00a0pol\u00edticas de a\u00e7\u00e3o afirmativa vigentes e legitimadas nas universidades p\u00fablicas brasileiras. O programa foi aprovado por\u00a0unanimidade.\u00a0\u00a0Um Grupo de Trabalho especificar\u00e1, ao longo do ano, como ser\u00e1 o sistema.<\/p>\n<p>Para pressionar e reivindicar a aprova\u00e7\u00e3o das cotas pelo Conselho, os estudantes realizaram o\u00a0<a href=\"https:\/\/www.facebook.com\/events\/505210786500559\/\" target=\"_blank\" rel=\"noopener noreferrer\"><strong><span style=\"color: #0000ff;\">Ato Pelas Cotas na Unicamp<\/span><\/strong><\/a>, que teve in\u00edcio na segunda-feira (29). Durante o dia todo foram realizadas atividades pol\u00edticas e culturais pela\u00a0Frente Pr\u00f3-cotas e pelo N\u00facleo de Consci\u00eancia Negra da Unicamp, com o apoio de graduandos, p\u00f3s-graduandos, trabalhadores e docentes. Hoje, durante a reuni\u00e3o do Conselho, os protestos continuaram e foram at\u00e9 o final da vota\u00e7\u00e3o.<\/p>\n<p>O PSOL apoia a reivindica\u00e7\u00e3o dos estudantes e a ado\u00e7\u00e3o das cotas pela Unicamp, facilitando o acesso da popula\u00e7\u00e3o negra &#8211; que \u00e9 maioria na sociedade brasileira, mas minoria nos espa\u00e7os de poder &#8211; a\u00a0institui\u00e7\u00f5es de ensino superior. Sem d\u00favida, o resultado da vota\u00e7\u00e3o de hoje foi uma grande vit\u00f3ria, resultado da mobiliza\u00e7\u00e3o dos estudantes.<\/p>\n","protected":false},"excerpt":{"rendered":"<p>O\u00a0Conselho Universit\u00e1rio da Universidade de Campinas (Unicamp) aprovou nesta ter\u00e7a-feira (30\/05) a ado\u00e7\u00e3o de\u00a0cotas \u00e9tnico-raciais no sistema de ingresso dos cursos de gradua\u00e7\u00e3o. \u00a0At\u00e9 o momento, o instituto compunha &#8211; junto \u00e0 USP &#8211; o quadro das universidades que\u00a0ainda negavam a import\u00e2ncia das cotas raciais e sociais como\u00a0pol\u00edticas de a\u00e7\u00e3o afirmativa vigentes e legitimadas nas [&hellip;]<\/p>\n","protected":false},"author":2,"featured_media":16776,"comment_status":"open","ping_status":"open","sticky":false,"template":"","format":"standard","meta":{"_acf_changed":false,"footnotes":""},"categories":[2208,1104,6],"tags":[2436,164,127,2043,1803],"class_list":{"0":"post-16766","1":"post","2":"type-post","3":"status-publish","4":"format-standard","5":"has-post-thumbnail","7":"category-educacao","8":"category-movimento","9":"category-noticias","10":"tag-cotas-raciais","11":"tag-educacao","12":"tag-racismo","13":"tag-unicamp","14":"tag-universidade"},"acf":[],"yoast_head":"<!-- This site is optimized with the Yoast SEO plugin v26.5 - https:\/\/yoast.com\/wordpress\/plugins\/seo\/ -->\n<title>Ap\u00f3s grande mobiliza\u00e7\u00e3o, estudantes conquistam cotas \u00e9tnico-raciais na Unicamp - PSOL 50<\/title>\n<meta name=\"robots\" content=\"index, follow, max-snippet:-1, max-image-preview:large, max-video-preview:-1\" \/>\n<link rel=\"canonical\" href=\"https:\/\/psol50.org.br\/apos-grande-mobilizacao-estudantes-conquistam-cotas-etnico-raciais-na-unicamp\/\" \/>\n<meta property=\"og:locale\" content=\"pt_BR\" \/>\n<meta property=\"og:type\" content=\"article\" \/>\n<meta property=\"og:title\" content=\"Ap\u00f3s grande mobiliza\u00e7\u00e3o, estudantes conquistam cotas \u00e9tnico-raciais na Unicamp - PSOL 50\" \/>\n<meta property=\"og:description\" content=\"O\u00a0Conselho Universit\u00e1rio da Universidade de Campinas (Unicamp) aprovou nesta ter\u00e7a-feira (30\/05) a ado\u00e7\u00e3o de\u00a0cotas \u00e9tnico-raciais no sistema de ingresso dos cursos de gradua\u00e7\u00e3o. \u00a0At\u00e9 o momento, o instituto compunha &#8211; junto \u00e0 USP &#8211; o quadro das universidades que\u00a0ainda negavam a import\u00e2ncia das cotas raciais e sociais como\u00a0pol\u00edticas de a\u00e7\u00e3o afirmativa vigentes e legitimadas nas [&hellip;]\" \/>\n<meta property=\"og:url\" content=\"https:\/\/psol50.org.br\/apos-grande-mobilizacao-estudantes-conquistam-cotas-etnico-raciais-na-unicamp\/\" \/>\n<meta property=\"og:site_name\" content=\"PSOL 50\" \/>\n<meta property=\"article:publisher\" content=\"https:\/\/www.facebook.com\/psol50\" \/>\n<meta property=\"article:published_time\" content=\"2017-05-30T21:54:52+00:00\" \/>\n<meta property=\"og:image\" content=\"https:\/\/psol50.org.br\/inc\/uploads\/2018\/07\/capa.png\" \/>\n\t<meta property=\"og:image:width\" content=\"1350\" \/>\n\t<meta property=\"og:image:height\" content=\"900\" \/>\n\t<meta property=\"og:image:type\" content=\"image\/png\" \/>\n<meta name=\"author\" content=\"Comunica\u00e7\u00e3o PSOL\" \/>\n<meta name=\"twitter:card\" content=\"summary_large_image\" \/>\n<meta name=\"twitter:creator\" content=\"@psol50\" \/>\n<meta name=\"twitter:site\" content=\"@psol50\" \/>\n<meta name=\"twitter:label1\" content=\"Escrito por\" \/>\n\t<meta name=\"twitter:data1\" content=\"Comunica\u00e7\u00e3o PSOL\" \/>\n\t<meta name=\"twitter:label2\" content=\"Est. tempo de leitura\" \/>\n\t<meta name=\"twitter:data2\" content=\"1 minuto\" \/>\n<script type=\"application\/ld+json\" class=\"yoast-schema-graph\">{\"@context\":\"https:\/\/schema.org\",\"@graph\":[{\"@type\":\"Article\",\"@id\":\"https:\/\/psol50.org.br\/apos-grande-mobilizacao-estudantes-conquistam-cotas-etnico-raciais-na-unicamp\/#article\",\"isPartOf\":{\"@id\":\"https:\/\/psol50.org.br\/apos-grande-mobilizacao-estudantes-conquistam-cotas-etnico-raciais-na-unicamp\/\"},\"author\":{\"name\":\"Comunica\u00e7\u00e3o PSOL\",\"@id\":\"https:\/\/psol50.org.br\/#\/schema\/person\/475dfa57d0b815993c714c2e96491fcd\"},\"headline\":\"Ap\u00f3s grande mobiliza\u00e7\u00e3o, estudantes conquistam cotas \u00e9tnico-raciais na Unicamp\",\"datePublished\":\"2017-05-30T21:54:52+00:00\",\"mainEntityOfPage\":{\"@id\":\"https:\/\/psol50.org.br\/apos-grande-mobilizacao-estudantes-conquistam-cotas-etnico-raciais-na-unicamp\/\"},\"wordCount\":241,\"commentCount\":0,\"publisher\":{\"@id\":\"https:\/\/psol50.org.br\/#organization\"},\"image\":{\"@id\":\"https:\/\/psol50.org.br\/apos-grande-mobilizacao-estudantes-conquistam-cotas-etnico-raciais-na-unicamp\/#primaryimage\"},\"thumbnailUrl\":\"\",\"keywords\":[\"cotas raciais\",\"Educa\u00e7\u00e3o\",\"racismo\",\"unicamp\",\"universidade\"],\"articleSection\":[\"Educa\u00e7\u00e3o\",\"Movimento\",\"Not\u00edcias\"],\"inLanguage\":\"pt-BR\",\"potentialAction\":[{\"@type\":\"CommentAction\",\"name\":\"Comment\",\"target\":[\"https:\/\/psol50.org.br\/apos-grande-mobilizacao-estudantes-conquistam-cotas-etnico-raciais-na-unicamp\/#respond\"]}]},{\"@type\":\"WebPage\",\"@id\":\"https:\/\/psol50.org.br\/apos-grande-mobilizacao-estudantes-conquistam-cotas-etnico-raciais-na-unicamp\/\",\"url\":\"https:\/\/psol50.org.br\/apos-grande-mobilizacao-estudantes-conquistam-cotas-etnico-raciais-na-unicamp\/\",\"name\":\"Ap\u00f3s grande mobiliza\u00e7\u00e3o, estudantes conquistam cotas \u00e9tnico-raciais na Unicamp - PSOL 50\",\"isPartOf\":{\"@id\":\"https:\/\/psol50.org.br\/#website\"},\"primaryImageOfPage\":{\"@id\":\"https:\/\/psol50.org.br\/apos-grande-mobilizacao-estudantes-conquistam-cotas-etnico-raciais-na-unicamp\/#primaryimage\"},\"image\":{\"@id\":\"https:\/\/psol50.org.br\/apos-grande-mobilizacao-estudantes-conquistam-cotas-etnico-raciais-na-unicamp\/#primaryimage\"},\"thumbnailUrl\":\"\",\"datePublished\":\"2017-05-30T21:54:52+00:00\",\"breadcrumb\":{\"@id\":\"https:\/\/psol50.org.br\/apos-grande-mobilizacao-estudantes-conquistam-cotas-etnico-raciais-na-unicamp\/#breadcrumb\"},\"inLanguage\":\"pt-BR\",\"potentialAction\":[{\"@type\":\"ReadAction\",\"target\":[\"https:\/\/psol50.org.br\/apos-grande-mobilizacao-estudantes-conquistam-cotas-etnico-raciais-na-unicamp\/\"]}]},{\"@type\":\"ImageObject\",\"inLanguage\":\"pt-BR\",\"@id\":\"https:\/\/psol50.org.br\/apos-grande-mobilizacao-estudantes-conquistam-cotas-etnico-raciais-na-unicamp\/#primaryimage\",\"url\":\"\",\"contentUrl\":\"\"},{\"@type\":\"BreadcrumbList\",\"@id\":\"https:\/\/psol50.org.br\/apos-grande-mobilizacao-estudantes-conquistam-cotas-etnico-raciais-na-unicamp\/#breadcrumb\",\"itemListElement\":[{\"@type\":\"ListItem\",\"position\":1,\"name\":\"In\u00edcio\",\"item\":\"https:\/\/psol50.org.br\/\"},{\"@type\":\"ListItem\",\"position\":2,\"name\":\"Ap\u00f3s grande mobiliza\u00e7\u00e3o, estudantes conquistam cotas \u00e9tnico-raciais na Unicamp\"}]},{\"@type\":\"WebSite\",\"@id\":\"https:\/\/psol50.org.br\/#website\",\"url\":\"https:\/\/psol50.org.br\/\",\"name\":\"PSOL 50\",\"description\":\"Site oficial do Partido Socialismo e Liberdade\",\"publisher\":{\"@id\":\"https:\/\/psol50.org.br\/#organization\"},\"alternateName\":\"PSOL50\",\"potentialAction\":[{\"@type\":\"SearchAction\",\"target\":{\"@type\":\"EntryPoint\",\"urlTemplate\":\"https:\/\/psol50.org.br\/?s={search_term_string}\"},\"query-input\":{\"@type\":\"PropertyValueSpecification\",\"valueRequired\":true,\"valueName\":\"search_term_string\"}}],\"inLanguage\":\"pt-BR\"},{\"@type\":\"Organization\",\"@id\":\"https:\/\/psol50.org.br\/#organization\",\"name\":\"PSOL 50\",\"alternateName\":\"PSOL 50\",\"url\":\"https:\/\/psol50.org.br\/\",\"logo\":{\"@type\":\"ImageObject\",\"inLanguage\":\"pt-BR\",\"@id\":\"https:\/\/psol50.org.br\/#\/schema\/logo\/image\/\",\"url\":\"https:\/\/psol50.org.br\/inc\/uploads\/2018\/07\/capa.png\",\"contentUrl\":\"https:\/\/psol50.org.br\/inc\/uploads\/2018\/07\/capa.png\",\"width\":1350,\"height\":900,\"caption\":\"PSOL 50\"},\"image\":{\"@id\":\"https:\/\/psol50.org.br\/#\/schema\/logo\/image\/\"},\"sameAs\":[\"https:\/\/www.facebook.com\/psol50\",\"https:\/\/x.com\/psol50\",\"https:\/\/www.instagram.com\/psol50\/\",\"https:\/\/www.youtube.com\/channel\/UC7SnJS5o1os7a6CaiNabzcg\"]},{\"@type\":\"Person\",\"@id\":\"https:\/\/psol50.org.br\/#\/schema\/person\/475dfa57d0b815993c714c2e96491fcd\",\"name\":\"Comunica\u00e7\u00e3o PSOL\",\"image\":{\"@type\":\"ImageObject\",\"inLanguage\":\"pt-BR\",\"@id\":\"https:\/\/psol50.org.br\/#\/schema\/person\/image\/\",\"url\":\"https:\/\/secure.gravatar.com\/avatar\/b34fc4f4e468a4e51785917065a3db57b841f5c95dba6ad8c73aaf8f66f8f9bf?s=96&d=mm&r=g\",\"contentUrl\":\"https:\/\/secure.gravatar.com\/avatar\/b34fc4f4e468a4e51785917065a3db57b841f5c95dba6ad8c73aaf8f66f8f9bf?s=96&d=mm&r=g\",\"caption\":\"Comunica\u00e7\u00e3o PSOL\"}}]}<\/script>\n<!-- \/ Yoast SEO plugin. -->","yoast_head_json":{"title":"Ap\u00f3s grande mobiliza\u00e7\u00e3o, estudantes conquistam cotas \u00e9tnico-raciais na Unicamp - PSOL 50","robots":{"index":"index","follow":"follow","max-snippet":"max-snippet:-1","max-image-preview":"max-image-preview:large","max-video-preview":"max-video-preview:-1"},"canonical":"https:\/\/psol50.org.br\/apos-grande-mobilizacao-estudantes-conquistam-cotas-etnico-raciais-na-unicamp\/","og_locale":"pt_BR","og_type":"article","og_title":"Ap\u00f3s grande mobiliza\u00e7\u00e3o, estudantes conquistam cotas \u00e9tnico-raciais na Unicamp - PSOL 50","og_description":"O\u00a0Conselho Universit\u00e1rio da Universidade de Campinas (Unicamp) aprovou nesta ter\u00e7a-feira (30\/05) a ado\u00e7\u00e3o de\u00a0cotas \u00e9tnico-raciais no sistema de ingresso dos cursos de gradua\u00e7\u00e3o. \u00a0At\u00e9 o momento, o instituto compunha &#8211; junto \u00e0 USP &#8211; o quadro das universidades que\u00a0ainda negavam a import\u00e2ncia das cotas raciais e sociais como\u00a0pol\u00edticas de a\u00e7\u00e3o afirmativa vigentes e legitimadas nas [&hellip;]","og_url":"https:\/\/psol50.org.br\/apos-grande-mobilizacao-estudantes-conquistam-cotas-etnico-raciais-na-unicamp\/","og_site_name":"PSOL 50","article_publisher":"https:\/\/www.facebook.com\/psol50","article_published_time":"2017-05-30T21:54:52+00:00","og_image":[{"width":1350,"height":900,"url":"https:\/\/psol50.org.br\/inc\/uploads\/2018\/07\/capa.png","type":"image\/png"}],"author":"Comunica\u00e7\u00e3o PSOL","twitter_card":"summary_large_image","twitter_creator":"@psol50","twitter_site":"@psol50","twitter_misc":{"Escrito por":"Comunica\u00e7\u00e3o PSOL","Est. tempo de leitura":"1 minuto"},"schema":{"@context":"https:\/\/schema.org","@graph":[{"@type":"Article","@id":"https:\/\/psol50.org.br\/apos-grande-mobilizacao-estudantes-conquistam-cotas-etnico-raciais-na-unicamp\/#article","isPartOf":{"@id":"https:\/\/psol50.org.br\/apos-grande-mobilizacao-estudantes-conquistam-cotas-etnico-raciais-na-unicamp\/"},"author":{"name":"Comunica\u00e7\u00e3o PSOL","@id":"https:\/\/psol50.org.br\/#\/schema\/person\/475dfa57d0b815993c714c2e96491fcd"},"headline":"Ap\u00f3s grande mobiliza\u00e7\u00e3o, estudantes conquistam cotas \u00e9tnico-raciais na Unicamp","datePublished":"2017-05-30T21:54:52+00:00","mainEntityOfPage":{"@id":"https:\/\/psol50.org.br\/apos-grande-mobilizacao-estudantes-conquistam-cotas-etnico-raciais-na-unicamp\/"},"wordCount":241,"commentCount":0,"publisher":{"@id":"https:\/\/psol50.org.br\/#organization"},"image":{"@id":"https:\/\/psol50.org.br\/apos-grande-mobilizacao-estudantes-conquistam-cotas-etnico-raciais-na-unicamp\/#primaryimage"},"thumbnailUrl":"","keywords":["cotas raciais","Educa\u00e7\u00e3o","racismo","unicamp","universidade"],"articleSection":["Educa\u00e7\u00e3o","Movimento","Not\u00edcias"],"inLanguage":"pt-BR","potentialAction":[{"@type":"CommentAction","name":"Comment","target":["https:\/\/psol50.org.br\/apos-grande-mobilizacao-estudantes-conquistam-cotas-etnico-raciais-na-unicamp\/#respond"]}]},{"@type":"WebPage","@id":"https:\/\/psol50.org.br\/apos-grande-mobilizacao-estudantes-conquistam-cotas-etnico-raciais-na-unicamp\/","url":"https:\/\/psol50.org.br\/apos-grande-mobilizacao-estudantes-conquistam-cotas-etnico-raciais-na-unicamp\/","name":"Ap\u00f3s grande mobiliza\u00e7\u00e3o, estudantes conquistam cotas \u00e9tnico-raciais na Unicamp - PSOL 50","isPartOf":{"@id":"https:\/\/psol50.org.br\/#website"},"primaryImageOfPage":{"@id":"https:\/\/psol50.org.br\/apos-grande-mobilizacao-estudantes-conquistam-cotas-etnico-raciais-na-unicamp\/#primaryimage"},"image":{"@id":"https:\/\/psol50.org.br\/apos-grande-mobilizacao-estudantes-conquistam-cotas-etnico-raciais-na-unicamp\/#primaryimage"},"thumbnailUrl":"","datePublished":"2017-05-30T21:54:52+00:00","breadcrumb":{"@id":"https:\/\/psol50.org.br\/apos-grande-mobilizacao-estudantes-conquistam-cotas-etnico-raciais-na-unicamp\/#breadcrumb"},"inLanguage":"pt-BR","potentialAction":[{"@type":"ReadAction","target":["https:\/\/psol50.org.br\/apos-grande-mobilizacao-estudantes-conquistam-cotas-etnico-raciais-na-unicamp\/"]}]},{"@type":"ImageObject","inLanguage":"pt-BR","@id":"https:\/\/psol50.org.br\/apos-grande-mobilizacao-estudantes-conquistam-cotas-etnico-raciais-na-unicamp\/#primaryimage","url":"","contentUrl":""},{"@type":"BreadcrumbList","@id":"https:\/\/psol50.org.br\/apos-grande-mobilizacao-estudantes-conquistam-cotas-etnico-raciais-na-unicamp\/#breadcrumb","itemListElement":[{"@type":"ListItem","position":1,"name":"In\u00edcio","item":"https:\/\/psol50.org.br\/"},{"@type":"ListItem","position":2,"name":"Ap\u00f3s grande mobiliza\u00e7\u00e3o, estudantes conquistam cotas \u00e9tnico-raciais na Unicamp"}]},{"@type":"WebSite","@id":"https:\/\/psol50.org.br\/#website","url":"https:\/\/psol50.org.br\/","name":"PSOL 50","description":"Site oficial do Partido Socialismo e Liberdade","publisher":{"@id":"https:\/\/psol50.org.br\/#organization"},"alternateName":"PSOL50","potentialAction":[{"@type":"SearchAction","target":{"@type":"EntryPoint","urlTemplate":"https:\/\/psol50.org.br\/?s={search_term_string}"},"query-input":{"@type":"PropertyValueSpecification","valueRequired":true,"valueName":"search_term_string"}}],"inLanguage":"pt-BR"},{"@type":"Organization","@id":"https:\/\/psol50.org.br\/#organization","name":"PSOL 50","alternateName":"PSOL 50","url":"https:\/\/psol50.org.br\/","logo":{"@type":"ImageObject","inLanguage":"pt-BR","@id":"https:\/\/psol50.org.br\/#\/schema\/logo\/image\/","url":"https:\/\/psol50.org.br\/inc\/uploads\/2018\/07\/capa.png","contentUrl":"https:\/\/psol50.org.br\/inc\/uploads\/2018\/07\/capa.png","width":1350,"height":900,"caption":"PSOL 50"},"image":{"@id":"https:\/\/psol50.org.br\/#\/schema\/logo\/image\/"},"sameAs":["https:\/\/www.facebook.com\/psol50","https:\/\/x.com\/psol50","https:\/\/www.instagram.com\/psol50\/","https:\/\/www.youtube.com\/channel\/UC7SnJS5o1os7a6CaiNabzcg"]},{"@type":"Person","@id":"https:\/\/psol50.org.br\/#\/schema\/person\/475dfa57d0b815993c714c2e96491fcd","name":"Comunica\u00e7\u00e3o PSOL","image":{"@type":"ImageObject","inLanguage":"pt-BR","@id":"https:\/\/psol50.org.br\/#\/schema\/person\/image\/","url":"https:\/\/secure.gravatar.com\/avatar\/b34fc4f4e468a4e51785917065a3db57b841f5c95dba6ad8c73aaf8f66f8f9bf?s=96&d=mm&r=g","contentUrl":"https:\/\/secure.gravatar.com\/avatar\/b34fc4f4e468a4e51785917065a3db57b841f5c95dba6ad8c73aaf8f66f8f9bf?s=96&d=mm&r=g","caption":"Comunica\u00e7\u00e3o PSOL"}}]}},"_links":{"self":[{"href":"https:\/\/psol50.org.br\/rest\/wp\/v2\/posts\/16766","targetHints":{"allow":["GET"]}}],"collection":[{"href":"https:\/\/psol50.org.br\/rest\/wp\/v2\/posts"}],"about":[{"href":"https:\/\/psol50.org.br\/rest\/wp\/v2\/types\/post"}],"author":[{"embeddable":true,"href":"https:\/\/psol50.org.br\/rest\/wp\/v2\/users\/2"}],"replies":[{"embeddable":true,"href":"https:\/\/psol50.org.br\/rest\/wp\/v2\/comments?post=16766"}],"version-history":[{"count":0,"href":"https:\/\/psol50.org.br\/rest\/wp\/v2\/posts\/16766\/revisions"}],"wp:featuredmedia":[{"embeddable":true,"href":"https:\/\/psol50.org.br\/rest\/"}],"wp:attachment":[{"href":"https:\/\/psol50.org.br\/rest\/wp\/v2\/media?parent=16766"}],"wp:term":[{"taxonomy":"category","embeddable":true,"href":"https:\/\/psol50.org.br\/rest\/wp\/v2\/categories?post=16766"},{"taxonomy":"post_tag","embeddable":true,"href":"https:\/\/psol50.org.br\/rest\/wp\/v2\/tags?post=16766"}],"curies":[{"name":"wp","href":"https:\/\/api.w.org\/{rel}","templated":true}]}}