{"id":16785,"date":"2017-05-31T14:09:48","date_gmt":"2017-05-31T14:09:48","guid":{"rendered":"http:\/\/www.psol50.org.br\/?p=16785"},"modified":"2017-05-31T14:09:48","modified_gmt":"2017-05-31T14:09:48","slug":"sao-paulo-tera-no-proximo-domingo-grande-ato-politico-e-artistico-por-eleicoes-diretas","status":"publish","type":"post","link":"https:\/\/psol50.org.br\/sao-paulo-tera-no-proximo-domingo-grande-ato-politico-e-artistico-por-eleicoes-diretas\/","title":{"rendered":"S\u00e3o Paulo ter\u00e1, no pr\u00f3ximo domingo, grande ato pol\u00edtico e art\u00edstico por elei\u00e7\u00f5es diretas"},"content":{"rendered":"<p>Ap\u00f3s grande e bel\u00edssimo ato pol\u00edtico e art\u00edstico no Rio de Janeiro, que reuniu mais de 100 mil pessoas na orla de Copacabana no \u00faltimo domingo (28\/05), agora \u00e9 a vez da cidade da garoa manifestar, com m\u00fasica e interven\u00e7\u00e3o art\u00edstica, seu anseio por elei\u00e7\u00f5es diretas para presidente da Rep\u00fablica. No pr\u00f3ximo domingo (04\/06), artistas,\u00a0produtores culturais, blocos de carnaval\u00a0e movimentos sociais da \u00e1rea da cultura <span style=\"color: #0000ff;\"><a style=\"color: #0000ff;\" href=\"https:\/\/www.facebook.com\/events\/742823952581601\/?active_tab=discussion\" target=\"_blank\" rel=\"noopener noreferrer\"><strong>promover\u00e3o o #SPpelasDiretas<\/strong><\/a><\/span>, no Largo da Batata, em S\u00e3o Paulo.<\/p>\n<p>O ato ser\u00e1 uma forma de demonstrar a for\u00e7a da cultura na luta pela democracia, diante da terr\u00edvel situa\u00e7\u00e3o pol\u00edtica do pa\u00eds. Michel Temer n\u00e3o tem mais condi\u00e7\u00f5es de continuar \u00e0 frente do Pal\u00e1cio do Planalto e aprovando reformas que retiram direitos da popula\u00e7\u00e3o. Afundado em uma s\u00e9rie de den\u00fancias no esquema de corrup\u00e7\u00e3o investigado pela opera\u00e7\u00e3o Lava-Jato, ele e seus aliados no governo precisam cair. E somente o povo \u00e9 capaz de definir os rumos do pa\u00eds nesse momento de grave crise pol\u00edtica e institucional.<\/p>\n<p>O\u00a0ato, que ter\u00e1 in\u00edcio \u00e0s 11h, contar\u00e1 com as presen\u00e7as de artistas como Criolo, Mano Brown, Emicida, Tulipa Ruiz, P\u00e9ricles, Maria Gad\u00fa, Otto, Simoninha, Acad\u00eamicos do Baixo Augusta e tantos outros.<\/p>\n<p>A luta contra o governo ileg\u00edtimo de Temer e suas reformas precisa se intensificar, assim como a campanha pela convoca\u00e7\u00e3o de elei\u00e7\u00f5es diretas.\u00a0Por isso, o PSOL apoia a iniciativa e estar\u00e1 presente por meio de sua milit\u00e2ncia e dos mandatos de seus parlamentares de S\u00e3o Paulo.<\/p>\n<p>#SPpelasDiretas<\/p>\n<p><img loading=\"lazy\" decoding=\"async\" class=\" wp-image-16787 aligncenter\" src=\"http:\/\/www.psol50.org.br\/inc\/uploads\/2017\/05\/SPpelasDiretas-1024x537.jpg\" alt=\"\" width=\"829\" height=\"435\" \/><\/p>\n","protected":false},"excerpt":{"rendered":"<p>Ap\u00f3s grande e bel\u00edssimo ato pol\u00edtico e art\u00edstico no Rio de Janeiro, que reuniu mais de 100 mil pessoas na orla de Copacabana no \u00faltimo domingo (28\/05), agora \u00e9 a vez da cidade da garoa manifestar, com m\u00fasica e interven\u00e7\u00e3o art\u00edstica, seu anseio por elei\u00e7\u00f5es diretas para presidente da Rep\u00fablica. No pr\u00f3ximo domingo (04\/06), artistas,\u00a0produtores [&hellip;]<\/p>\n","protected":false},"author":2,"featured_media":16788,"comment_status":"open","ping_status":"open","sticky":false,"template":"","format":"standard","meta":{"_acf_changed":false,"footnotes":""},"categories":[654,1104],"tags":[3266,1428,3257,1742,66,3143,3267,1748,99,117],"class_list":{"0":"post-16785","1":"post","2":"type-post","3":"status-publish","4":"format-standard","5":"has-post-thumbnail","7":"category-estados","8":"category-movimento","9":"tag-sppelasdiretas","10":"tag-artistas","11":"tag-ato-politico-e-artistico","12":"tag-blocos-carnavalescos","13":"tag-cultura","14":"tag-eleicoes-diretas","15":"tag-largo-da-batata","16":"tag-michel-temer","17":"tag-movimentos-sociais","18":"tag-sao-paulo"},"acf":[],"yoast_head":"<!-- This site is optimized with the Yoast SEO plugin v26.5 - https:\/\/yoast.com\/wordpress\/plugins\/seo\/ -->\n<title>S\u00e3o Paulo ter\u00e1, no pr\u00f3ximo domingo, grande ato pol\u00edtico e art\u00edstico por elei\u00e7\u00f5es diretas - PSOL 50<\/title>\n<meta name=\"robots\" content=\"index, follow, max-snippet:-1, max-image-preview:large, max-video-preview:-1\" \/>\n<link rel=\"canonical\" href=\"https:\/\/psol50.org.br\/sao-paulo-tera-no-proximo-domingo-grande-ato-politico-e-artistico-por-eleicoes-diretas\/\" \/>\n<meta property=\"og:locale\" content=\"pt_BR\" \/>\n<meta property=\"og:type\" content=\"article\" \/>\n<meta property=\"og:title\" content=\"S\u00e3o Paulo ter\u00e1, no pr\u00f3ximo domingo, grande ato pol\u00edtico e art\u00edstico por elei\u00e7\u00f5es diretas - PSOL 50\" \/>\n<meta property=\"og:description\" content=\"Ap\u00f3s grande e bel\u00edssimo ato pol\u00edtico e art\u00edstico no Rio de Janeiro, que reuniu mais de 100 mil pessoas na orla de Copacabana no \u00faltimo domingo (28\/05), agora \u00e9 a vez da cidade da garoa manifestar, com m\u00fasica e interven\u00e7\u00e3o art\u00edstica, seu anseio por elei\u00e7\u00f5es diretas para presidente da Rep\u00fablica. No pr\u00f3ximo domingo (04\/06), artistas,\u00a0produtores [&hellip;]\" \/>\n<meta property=\"og:url\" content=\"https:\/\/psol50.org.br\/sao-paulo-tera-no-proximo-domingo-grande-ato-politico-e-artistico-por-eleicoes-diretas\/\" \/>\n<meta property=\"og:site_name\" content=\"PSOL 50\" \/>\n<meta property=\"article:publisher\" content=\"https:\/\/www.facebook.com\/psol50\" \/>\n<meta property=\"article:published_time\" content=\"2017-05-31T14:09:48+00:00\" \/>\n<meta property=\"og:image\" content=\"https:\/\/psol50.org.br\/inc\/uploads\/2018\/07\/capa.png\" \/>\n\t<meta property=\"og:image:width\" content=\"1350\" \/>\n\t<meta property=\"og:image:height\" content=\"900\" \/>\n\t<meta property=\"og:image:type\" content=\"image\/png\" \/>\n<meta name=\"author\" content=\"Comunica\u00e7\u00e3o PSOL\" \/>\n<meta name=\"twitter:card\" content=\"summary_large_image\" \/>\n<meta name=\"twitter:creator\" content=\"@psol50\" \/>\n<meta name=\"twitter:site\" content=\"@psol50\" \/>\n<meta name=\"twitter:label1\" content=\"Escrito por\" \/>\n\t<meta name=\"twitter:data1\" content=\"Comunica\u00e7\u00e3o PSOL\" \/>\n\t<meta name=\"twitter:label2\" content=\"Est. tempo de leitura\" \/>\n\t<meta name=\"twitter:data2\" content=\"1 minuto\" \/>\n<script type=\"application\/ld+json\" class=\"yoast-schema-graph\">{\"@context\":\"https:\/\/schema.org\",\"@graph\":[{\"@type\":\"Article\",\"@id\":\"https:\/\/psol50.org.br\/sao-paulo-tera-no-proximo-domingo-grande-ato-politico-e-artistico-por-eleicoes-diretas\/#article\",\"isPartOf\":{\"@id\":\"https:\/\/psol50.org.br\/sao-paulo-tera-no-proximo-domingo-grande-ato-politico-e-artistico-por-eleicoes-diretas\/\"},\"author\":{\"name\":\"Comunica\u00e7\u00e3o PSOL\",\"@id\":\"https:\/\/psol50.org.br\/#\/schema\/person\/475dfa57d0b815993c714c2e96491fcd\"},\"headline\":\"S\u00e3o Paulo ter\u00e1, no pr\u00f3ximo domingo, grande ato pol\u00edtico e art\u00edstico por elei\u00e7\u00f5es diretas\",\"datePublished\":\"2017-05-31T14:09:48+00:00\",\"mainEntityOfPage\":{\"@id\":\"https:\/\/psol50.org.br\/sao-paulo-tera-no-proximo-domingo-grande-ato-politico-e-artistico-por-eleicoes-diretas\/\"},\"wordCount\":292,\"commentCount\":0,\"publisher\":{\"@id\":\"https:\/\/psol50.org.br\/#organization\"},\"image\":{\"@id\":\"https:\/\/psol50.org.br\/sao-paulo-tera-no-proximo-domingo-grande-ato-politico-e-artistico-por-eleicoes-diretas\/#primaryimage\"},\"thumbnailUrl\":\"\",\"keywords\":[\"#SPpelasDiretas\",\"artistas\",\"ato pol\u00edtico e art\u00edstico\",\"blocos carnavalescos\",\"cultura\",\"elei\u00e7\u00f5es diretas\",\"Largo da Batata\",\"Michel Temer\",\"movimentos sociais\",\"S\u00e3o Paulo\"],\"articleSection\":[\"Estados\",\"Movimento\"],\"inLanguage\":\"pt-BR\",\"potentialAction\":[{\"@type\":\"CommentAction\",\"name\":\"Comment\",\"target\":[\"https:\/\/psol50.org.br\/sao-paulo-tera-no-proximo-domingo-grande-ato-politico-e-artistico-por-eleicoes-diretas\/#respond\"]}]},{\"@type\":\"WebPage\",\"@id\":\"https:\/\/psol50.org.br\/sao-paulo-tera-no-proximo-domingo-grande-ato-politico-e-artistico-por-eleicoes-diretas\/\",\"url\":\"https:\/\/psol50.org.br\/sao-paulo-tera-no-proximo-domingo-grande-ato-politico-e-artistico-por-eleicoes-diretas\/\",\"name\":\"S\u00e3o Paulo ter\u00e1, no pr\u00f3ximo domingo, grande ato pol\u00edtico e art\u00edstico por elei\u00e7\u00f5es diretas - PSOL 50\",\"isPartOf\":{\"@id\":\"https:\/\/psol50.org.br\/#website\"},\"primaryImageOfPage\":{\"@id\":\"https:\/\/psol50.org.br\/sao-paulo-tera-no-proximo-domingo-grande-ato-politico-e-artistico-por-eleicoes-diretas\/#primaryimage\"},\"image\":{\"@id\":\"https:\/\/psol50.org.br\/sao-paulo-tera-no-proximo-domingo-grande-ato-politico-e-artistico-por-eleicoes-diretas\/#primaryimage\"},\"thumbnailUrl\":\"\",\"datePublished\":\"2017-05-31T14:09:48+00:00\",\"breadcrumb\":{\"@id\":\"https:\/\/psol50.org.br\/sao-paulo-tera-no-proximo-domingo-grande-ato-politico-e-artistico-por-eleicoes-diretas\/#breadcrumb\"},\"inLanguage\":\"pt-BR\",\"potentialAction\":[{\"@type\":\"ReadAction\",\"target\":[\"https:\/\/psol50.org.br\/sao-paulo-tera-no-proximo-domingo-grande-ato-politico-e-artistico-por-eleicoes-diretas\/\"]}]},{\"@type\":\"ImageObject\",\"inLanguage\":\"pt-BR\",\"@id\":\"https:\/\/psol50.org.br\/sao-paulo-tera-no-proximo-domingo-grande-ato-politico-e-artistico-por-eleicoes-diretas\/#primaryimage\",\"url\":\"\",\"contentUrl\":\"\"},{\"@type\":\"BreadcrumbList\",\"@id\":\"https:\/\/psol50.org.br\/sao-paulo-tera-no-proximo-domingo-grande-ato-politico-e-artistico-por-eleicoes-diretas\/#breadcrumb\",\"itemListElement\":[{\"@type\":\"ListItem\",\"position\":1,\"name\":\"In\u00edcio\",\"item\":\"https:\/\/psol50.org.br\/\"},{\"@type\":\"ListItem\",\"position\":2,\"name\":\"S\u00e3o Paulo ter\u00e1, no pr\u00f3ximo domingo, grande ato pol\u00edtico e art\u00edstico por elei\u00e7\u00f5es diretas\"}]},{\"@type\":\"WebSite\",\"@id\":\"https:\/\/psol50.org.br\/#website\",\"url\":\"https:\/\/psol50.org.br\/\",\"name\":\"PSOL 50\",\"description\":\"Site oficial do Partido Socialismo e Liberdade\",\"publisher\":{\"@id\":\"https:\/\/psol50.org.br\/#organization\"},\"alternateName\":\"PSOL50\",\"potentialAction\":[{\"@type\":\"SearchAction\",\"target\":{\"@type\":\"EntryPoint\",\"urlTemplate\":\"https:\/\/psol50.org.br\/?s={search_term_string}\"},\"query-input\":{\"@type\":\"PropertyValueSpecification\",\"valueRequired\":true,\"valueName\":\"search_term_string\"}}],\"inLanguage\":\"pt-BR\"},{\"@type\":\"Organization\",\"@id\":\"https:\/\/psol50.org.br\/#organization\",\"name\":\"PSOL 50\",\"alternateName\":\"PSOL 50\",\"url\":\"https:\/\/psol50.org.br\/\",\"logo\":{\"@type\":\"ImageObject\",\"inLanguage\":\"pt-BR\",\"@id\":\"https:\/\/psol50.org.br\/#\/schema\/logo\/image\/\",\"url\":\"https:\/\/psol50.org.br\/inc\/uploads\/2018\/07\/capa.png\",\"contentUrl\":\"https:\/\/psol50.org.br\/inc\/uploads\/2018\/07\/capa.png\",\"width\":1350,\"height\":900,\"caption\":\"PSOL 50\"},\"image\":{\"@id\":\"https:\/\/psol50.org.br\/#\/schema\/logo\/image\/\"},\"sameAs\":[\"https:\/\/www.facebook.com\/psol50\",\"https:\/\/x.com\/psol50\",\"https:\/\/www.instagram.com\/psol50\/\",\"https:\/\/www.youtube.com\/channel\/UC7SnJS5o1os7a6CaiNabzcg\"]},{\"@type\":\"Person\",\"@id\":\"https:\/\/psol50.org.br\/#\/schema\/person\/475dfa57d0b815993c714c2e96491fcd\",\"name\":\"Comunica\u00e7\u00e3o PSOL\",\"image\":{\"@type\":\"ImageObject\",\"inLanguage\":\"pt-BR\",\"@id\":\"https:\/\/psol50.org.br\/#\/schema\/person\/image\/\",\"url\":\"https:\/\/secure.gravatar.com\/avatar\/b34fc4f4e468a4e51785917065a3db57b841f5c95dba6ad8c73aaf8f66f8f9bf?s=96&d=mm&r=g\",\"contentUrl\":\"https:\/\/secure.gravatar.com\/avatar\/b34fc4f4e468a4e51785917065a3db57b841f5c95dba6ad8c73aaf8f66f8f9bf?s=96&d=mm&r=g\",\"caption\":\"Comunica\u00e7\u00e3o PSOL\"}}]}<\/script>\n<!-- \/ Yoast SEO plugin. -->","yoast_head_json":{"title":"S\u00e3o Paulo ter\u00e1, no pr\u00f3ximo domingo, grande ato pol\u00edtico e art\u00edstico por elei\u00e7\u00f5es diretas - PSOL 50","robots":{"index":"index","follow":"follow","max-snippet":"max-snippet:-1","max-image-preview":"max-image-preview:large","max-video-preview":"max-video-preview:-1"},"canonical":"https:\/\/psol50.org.br\/sao-paulo-tera-no-proximo-domingo-grande-ato-politico-e-artistico-por-eleicoes-diretas\/","og_locale":"pt_BR","og_type":"article","og_title":"S\u00e3o Paulo ter\u00e1, no pr\u00f3ximo domingo, grande ato pol\u00edtico e art\u00edstico por elei\u00e7\u00f5es diretas - PSOL 50","og_description":"Ap\u00f3s grande e bel\u00edssimo ato pol\u00edtico e art\u00edstico no Rio de Janeiro, que reuniu mais de 100 mil pessoas na orla de Copacabana no \u00faltimo domingo (28\/05), agora \u00e9 a vez da cidade da garoa manifestar, com m\u00fasica e interven\u00e7\u00e3o art\u00edstica, seu anseio por elei\u00e7\u00f5es diretas para presidente da Rep\u00fablica. No pr\u00f3ximo domingo (04\/06), artistas,\u00a0produtores [&hellip;]","og_url":"https:\/\/psol50.org.br\/sao-paulo-tera-no-proximo-domingo-grande-ato-politico-e-artistico-por-eleicoes-diretas\/","og_site_name":"PSOL 50","article_publisher":"https:\/\/www.facebook.com\/psol50","article_published_time":"2017-05-31T14:09:48+00:00","og_image":[{"width":1350,"height":900,"url":"https:\/\/psol50.org.br\/inc\/uploads\/2018\/07\/capa.png","type":"image\/png"}],"author":"Comunica\u00e7\u00e3o PSOL","twitter_card":"summary_large_image","twitter_creator":"@psol50","twitter_site":"@psol50","twitter_misc":{"Escrito por":"Comunica\u00e7\u00e3o PSOL","Est. tempo de leitura":"1 minuto"},"schema":{"@context":"https:\/\/schema.org","@graph":[{"@type":"Article","@id":"https:\/\/psol50.org.br\/sao-paulo-tera-no-proximo-domingo-grande-ato-politico-e-artistico-por-eleicoes-diretas\/#article","isPartOf":{"@id":"https:\/\/psol50.org.br\/sao-paulo-tera-no-proximo-domingo-grande-ato-politico-e-artistico-por-eleicoes-diretas\/"},"author":{"name":"Comunica\u00e7\u00e3o PSOL","@id":"https:\/\/psol50.org.br\/#\/schema\/person\/475dfa57d0b815993c714c2e96491fcd"},"headline":"S\u00e3o Paulo ter\u00e1, no pr\u00f3ximo domingo, grande ato pol\u00edtico e art\u00edstico por elei\u00e7\u00f5es diretas","datePublished":"2017-05-31T14:09:48+00:00","mainEntityOfPage":{"@id":"https:\/\/psol50.org.br\/sao-paulo-tera-no-proximo-domingo-grande-ato-politico-e-artistico-por-eleicoes-diretas\/"},"wordCount":292,"commentCount":0,"publisher":{"@id":"https:\/\/psol50.org.br\/#organization"},"image":{"@id":"https:\/\/psol50.org.br\/sao-paulo-tera-no-proximo-domingo-grande-ato-politico-e-artistico-por-eleicoes-diretas\/#primaryimage"},"thumbnailUrl":"","keywords":["#SPpelasDiretas","artistas","ato pol\u00edtico e art\u00edstico","blocos carnavalescos","cultura","elei\u00e7\u00f5es diretas","Largo da Batata","Michel Temer","movimentos sociais","S\u00e3o Paulo"],"articleSection":["Estados","Movimento"],"inLanguage":"pt-BR","potentialAction":[{"@type":"CommentAction","name":"Comment","target":["https:\/\/psol50.org.br\/sao-paulo-tera-no-proximo-domingo-grande-ato-politico-e-artistico-por-eleicoes-diretas\/#respond"]}]},{"@type":"WebPage","@id":"https:\/\/psol50.org.br\/sao-paulo-tera-no-proximo-domingo-grande-ato-politico-e-artistico-por-eleicoes-diretas\/","url":"https:\/\/psol50.org.br\/sao-paulo-tera-no-proximo-domingo-grande-ato-politico-e-artistico-por-eleicoes-diretas\/","name":"S\u00e3o Paulo ter\u00e1, no pr\u00f3ximo domingo, grande ato pol\u00edtico e art\u00edstico por elei\u00e7\u00f5es diretas - PSOL 50","isPartOf":{"@id":"https:\/\/psol50.org.br\/#website"},"primaryImageOfPage":{"@id":"https:\/\/psol50.org.br\/sao-paulo-tera-no-proximo-domingo-grande-ato-politico-e-artistico-por-eleicoes-diretas\/#primaryimage"},"image":{"@id":"https:\/\/psol50.org.br\/sao-paulo-tera-no-proximo-domingo-grande-ato-politico-e-artistico-por-eleicoes-diretas\/#primaryimage"},"thumbnailUrl":"","datePublished":"2017-05-31T14:09:48+00:00","breadcrumb":{"@id":"https:\/\/psol50.org.br\/sao-paulo-tera-no-proximo-domingo-grande-ato-politico-e-artistico-por-eleicoes-diretas\/#breadcrumb"},"inLanguage":"pt-BR","potentialAction":[{"@type":"ReadAction","target":["https:\/\/psol50.org.br\/sao-paulo-tera-no-proximo-domingo-grande-ato-politico-e-artistico-por-eleicoes-diretas\/"]}]},{"@type":"ImageObject","inLanguage":"pt-BR","@id":"https:\/\/psol50.org.br\/sao-paulo-tera-no-proximo-domingo-grande-ato-politico-e-artistico-por-eleicoes-diretas\/#primaryimage","url":"","contentUrl":""},{"@type":"BreadcrumbList","@id":"https:\/\/psol50.org.br\/sao-paulo-tera-no-proximo-domingo-grande-ato-politico-e-artistico-por-eleicoes-diretas\/#breadcrumb","itemListElement":[{"@type":"ListItem","position":1,"name":"In\u00edcio","item":"https:\/\/psol50.org.br\/"},{"@type":"ListItem","position":2,"name":"S\u00e3o Paulo ter\u00e1, no pr\u00f3ximo domingo, grande ato pol\u00edtico e art\u00edstico por elei\u00e7\u00f5es diretas"}]},{"@type":"WebSite","@id":"https:\/\/psol50.org.br\/#website","url":"https:\/\/psol50.org.br\/","name":"PSOL 50","description":"Site oficial do Partido Socialismo e Liberdade","publisher":{"@id":"https:\/\/psol50.org.br\/#organization"},"alternateName":"PSOL50","potentialAction":[{"@type":"SearchAction","target":{"@type":"EntryPoint","urlTemplate":"https:\/\/psol50.org.br\/?s={search_term_string}"},"query-input":{"@type":"PropertyValueSpecification","valueRequired":true,"valueName":"search_term_string"}}],"inLanguage":"pt-BR"},{"@type":"Organization","@id":"https:\/\/psol50.org.br\/#organization","name":"PSOL 50","alternateName":"PSOL 50","url":"https:\/\/psol50.org.br\/","logo":{"@type":"ImageObject","inLanguage":"pt-BR","@id":"https:\/\/psol50.org.br\/#\/schema\/logo\/image\/","url":"https:\/\/psol50.org.br\/inc\/uploads\/2018\/07\/capa.png","contentUrl":"https:\/\/psol50.org.br\/inc\/uploads\/2018\/07\/capa.png","width":1350,"height":900,"caption":"PSOL 50"},"image":{"@id":"https:\/\/psol50.org.br\/#\/schema\/logo\/image\/"},"sameAs":["https:\/\/www.facebook.com\/psol50","https:\/\/x.com\/psol50","https:\/\/www.instagram.com\/psol50\/","https:\/\/www.youtube.com\/channel\/UC7SnJS5o1os7a6CaiNabzcg"]},{"@type":"Person","@id":"https:\/\/psol50.org.br\/#\/schema\/person\/475dfa57d0b815993c714c2e96491fcd","name":"Comunica\u00e7\u00e3o PSOL","image":{"@type":"ImageObject","inLanguage":"pt-BR","@id":"https:\/\/psol50.org.br\/#\/schema\/person\/image\/","url":"https:\/\/secure.gravatar.com\/avatar\/b34fc4f4e468a4e51785917065a3db57b841f5c95dba6ad8c73aaf8f66f8f9bf?s=96&d=mm&r=g","contentUrl":"https:\/\/secure.gravatar.com\/avatar\/b34fc4f4e468a4e51785917065a3db57b841f5c95dba6ad8c73aaf8f66f8f9bf?s=96&d=mm&r=g","caption":"Comunica\u00e7\u00e3o PSOL"}}]}},"_links":{"self":[{"href":"https:\/\/psol50.org.br\/rest\/wp\/v2\/posts\/16785","targetHints":{"allow":["GET"]}}],"collection":[{"href":"https:\/\/psol50.org.br\/rest\/wp\/v2\/posts"}],"about":[{"href":"https:\/\/psol50.org.br\/rest\/wp\/v2\/types\/post"}],"author":[{"embeddable":true,"href":"https:\/\/psol50.org.br\/rest\/wp\/v2\/users\/2"}],"replies":[{"embeddable":true,"href":"https:\/\/psol50.org.br\/rest\/wp\/v2\/comments?post=16785"}],"version-history":[{"count":0,"href":"https:\/\/psol50.org.br\/rest\/wp\/v2\/posts\/16785\/revisions"}],"wp:featuredmedia":[{"embeddable":true,"href":"https:\/\/psol50.org.br\/rest\/"}],"wp:attachment":[{"href":"https:\/\/psol50.org.br\/rest\/wp\/v2\/media?parent=16785"}],"wp:term":[{"taxonomy":"category","embeddable":true,"href":"https:\/\/psol50.org.br\/rest\/wp\/v2\/categories?post=16785"},{"taxonomy":"post_tag","embeddable":true,"href":"https:\/\/psol50.org.br\/rest\/wp\/v2\/tags?post=16785"}],"curies":[{"name":"wp","href":"https:\/\/api.w.org\/{rel}","templated":true}]}}