{"id":16793,"date":"2017-05-31T16:27:05","date_gmt":"2017-05-31T16:27:05","guid":{"rendered":"http:\/\/www.psol50.org.br\/?p=16793"},"modified":"2017-05-31T16:27:05","modified_gmt":"2017-05-31T16:27:05","slug":"base-de-apoio-de-temer-rejeita-pedido-do-psol-para-que-meirelles-va-a-camara-dar-explicacoes","status":"publish","type":"post","link":"https:\/\/psol50.org.br\/base-de-apoio-de-temer-rejeita-pedido-do-psol-para-que-meirelles-va-a-camara-dar-explicacoes\/","title":{"rendered":"Base de apoio de Temer rejeita pedido do PSOL para que Meirelles v\u00e1 \u00e0 C\u00e2mara dar explica\u00e7\u00f5es"},"content":{"rendered":"<p>A Comiss\u00e3o de Defesa do Consumidor (CDC) rejeitou, nesta quarta-feira (31\/05), o pedido apresentado pelo deputado Ivan Valente (SP) para que o ministro da Fazenda, Henrique Meirelles, seja convocado para\u00a0prestar esclarecimentos sobre sua atua\u00e7\u00e3o, entre 2012 e 2016, no grupo empresarial J&amp;F Participa\u00e7\u00f5es, <em>holding<\/em> propriet\u00e1ria do grupo JBS. Para o deputado do PSOL, o ministro precisa esclarecer\u00a0seu papel no grupo empresarial J&amp;F em face das recentes declara\u00e7\u00f5es dos s\u00f3cios da referida empresa sobre propinas a pol\u00edticos que chegam a R$ 500 milh\u00f5es.<\/p>\n<p>O pedido de Ivan foi rejeitado por 13 a 7. A\u00a0base aliada de Michel Temer atuou o tempo todo para impedir que o\u00a0requerimento do PSOL fosse aprovado.<\/p>\n<p>&#8220;A base governista tem medo das dela\u00e7\u00f5es da JBS e do dinheiro que inundou o cofre de muitos parlamentares e partidos desta Casa. Por isso, n\u00f3s estamos aqui para denunciar essa manobra, que foi impedir a vinda de Meirelles aqui na Comiss\u00e3o de Defesa do Consumidor. \u00c9 crime contra a economia popular. Ele deveria prestar satisfa\u00e7\u00f5es, mas eles t\u00eam medo&#8221;, disse Ivan Valente, ap\u00f3s a vota\u00e7\u00e3o na Comiss\u00e3o.<\/p>\n<p>Segundo declarou Henrique Meirelles\u00a0em 2016, sua participa\u00e7\u00e3o era apenas \u201cconsultiva\u201d. Contudo, em declara\u00e7\u00e3o publicada em 19 de mar\u00e7o de 2012 \u00e0 revista Exame, na reportagem \u201cO pre\u00e7o de Henrique Meirelles\u201d, o empres\u00e1rio Joesley Batista destaca o papel que o ministro deveria desempenhar. <em>\u201cO Meirelles n\u00e3o vai ser apenas um consultor. Vai cobrar resultados dos executivos e tra\u00e7ar estrat\u00e9gias para a expans\u00e3o do neg\u00f3cio\u201d, diz Batista. \u201cAgora \u00e9 com ele\u201d.<\/em><\/p>\n<p>Outro requerimento com o mesmo teor, <a href=\"http:\/\/www.psol50.org.br\/blog\/2017\/05\/23\/edmilson-rodrigues-convoca-henrique-meirelles-para-explicar-atuacaco-no-grupo-jf\/\" target=\"_blank\" rel=\"noopener noreferrer\"><strong><span style=\"color: #0000ff;\">protocolado pelo deputado Edmilson Rodrigues (PA)<\/span><\/strong><\/a>, tramita na Comiss\u00e3o de Finan\u00e7as e Tributa\u00e7\u00e3o (CFT). \u201c\u00c9 importante, pois, saber a natureza das atividades desempenhadas pelo ministro. Se era, de fato, de car\u00e1ter consultivo ou como integrante do Conselho de Administra\u00e7\u00e3o da companhia, tomando decis\u00f5es estrat\u00e9gicas. Ressalte-se, ainda, que ele tamb\u00e9m foi presidente do Banco Original, que integra a estrutura da J&amp;F Participa\u00e7\u00f5es, pouco antes de assumir o Minist\u00e9rio da Fazenda, como demonstra a mat\u00e9ria veiculada na Folha de S\u00e3o Paulo em 19 de maio de 2017\u201d, ressalta\u00a0Edmilson em seu pedido.<\/p>\n<p>Confira, abaixo, v\u00eddeo de Ivan Valente denunciando a manobra.<\/p>\n<p>https:\/\/www.facebook.com\/IvanValentePSOL\/videos\/1586816234696586\/<\/p>\n","protected":false},"excerpt":{"rendered":"<p>A Comiss\u00e3o de Defesa do Consumidor (CDC) rejeitou, nesta quarta-feira (31\/05), o pedido apresentado pelo deputado Ivan Valente (SP) para que o ministro da Fazenda, Henrique Meirelles, seja convocado para\u00a0prestar esclarecimentos sobre sua atua\u00e7\u00e3o, entre 2012 e 2016, no grupo empresarial J&amp;F Participa\u00e7\u00f5es, holding propriet\u00e1ria do grupo JBS. Para o deputado do PSOL, o ministro [&hellip;]<\/p>\n","protected":false},"author":2,"featured_media":16794,"comment_status":"open","ping_status":"open","sticky":false,"template":"","format":"standard","meta":{"_acf_changed":false,"footnotes":""},"categories":[10,1882,6],"tags":[3268,3269,212,973,2793,552,3221,3244,1748,3270],"class_list":{"0":"post-16793","1":"post","2":"type-post","3":"status-publish","4":"format-standard","5":"has-post-thumbnail","7":"category-acao-parlamentares","8":"category-brasil","9":"category-noticias","10":"tag-comissao-de-defesa-do-consumidor","11":"tag-comissao-de-financas-e-tributacao","12":"tag-convocacao","13":"tag-edmilson-rodrigues","14":"tag-henrique-meirelles","15":"tag-ivan-valente","16":"tag-jbs","17":"tag-joesley-batista","18":"tag-michel-temer","19":"tag-ministro-da-fazenda"},"acf":[],"yoast_head":"<!-- This site is optimized with the Yoast SEO plugin v26.5 - https:\/\/yoast.com\/wordpress\/plugins\/seo\/ -->\n<title>Base de apoio de Temer rejeita pedido do PSOL para que Meirelles v\u00e1 \u00e0 C\u00e2mara dar explica\u00e7\u00f5es - PSOL 50<\/title>\n<meta name=\"robots\" content=\"index, follow, max-snippet:-1, max-image-preview:large, max-video-preview:-1\" \/>\n<link rel=\"canonical\" href=\"https:\/\/psol50.org.br\/base-de-apoio-de-temer-rejeita-pedido-do-psol-para-que-meirelles-va-a-camara-dar-explicacoes\/\" \/>\n<meta property=\"og:locale\" content=\"pt_BR\" \/>\n<meta property=\"og:type\" content=\"article\" \/>\n<meta property=\"og:title\" content=\"Base de apoio de Temer rejeita pedido do PSOL para que Meirelles v\u00e1 \u00e0 C\u00e2mara dar explica\u00e7\u00f5es - PSOL 50\" \/>\n<meta property=\"og:description\" content=\"A Comiss\u00e3o de Defesa do Consumidor (CDC) rejeitou, nesta quarta-feira (31\/05), o pedido apresentado pelo deputado Ivan Valente (SP) para que o ministro da Fazenda, Henrique Meirelles, seja convocado para\u00a0prestar esclarecimentos sobre sua atua\u00e7\u00e3o, entre 2012 e 2016, no grupo empresarial J&amp;F Participa\u00e7\u00f5es, holding propriet\u00e1ria do grupo JBS. Para o deputado do PSOL, o ministro [&hellip;]\" \/>\n<meta property=\"og:url\" content=\"https:\/\/psol50.org.br\/base-de-apoio-de-temer-rejeita-pedido-do-psol-para-que-meirelles-va-a-camara-dar-explicacoes\/\" \/>\n<meta property=\"og:site_name\" content=\"PSOL 50\" \/>\n<meta property=\"article:publisher\" content=\"https:\/\/www.facebook.com\/psol50\" \/>\n<meta property=\"article:published_time\" content=\"2017-05-31T16:27:05+00:00\" \/>\n<meta property=\"og:image\" content=\"https:\/\/psol50.org.br\/inc\/uploads\/2018\/07\/capa.png\" \/>\n\t<meta property=\"og:image:width\" content=\"1350\" \/>\n\t<meta property=\"og:image:height\" content=\"900\" \/>\n\t<meta property=\"og:image:type\" content=\"image\/png\" \/>\n<meta name=\"author\" content=\"Comunica\u00e7\u00e3o PSOL\" \/>\n<meta name=\"twitter:card\" content=\"summary_large_image\" \/>\n<meta name=\"twitter:creator\" content=\"@psol50\" \/>\n<meta name=\"twitter:site\" content=\"@psol50\" \/>\n<meta name=\"twitter:label1\" content=\"Escrito por\" \/>\n\t<meta name=\"twitter:data1\" content=\"Comunica\u00e7\u00e3o PSOL\" \/>\n\t<meta name=\"twitter:label2\" content=\"Est. tempo de leitura\" \/>\n\t<meta name=\"twitter:data2\" content=\"2 minutos\" \/>\n<script type=\"application\/ld+json\" class=\"yoast-schema-graph\">{\"@context\":\"https:\/\/schema.org\",\"@graph\":[{\"@type\":\"Article\",\"@id\":\"https:\/\/psol50.org.br\/base-de-apoio-de-temer-rejeita-pedido-do-psol-para-que-meirelles-va-a-camara-dar-explicacoes\/#article\",\"isPartOf\":{\"@id\":\"https:\/\/psol50.org.br\/base-de-apoio-de-temer-rejeita-pedido-do-psol-para-que-meirelles-va-a-camara-dar-explicacoes\/\"},\"author\":{\"name\":\"Comunica\u00e7\u00e3o PSOL\",\"@id\":\"https:\/\/psol50.org.br\/#\/schema\/person\/475dfa57d0b815993c714c2e96491fcd\"},\"headline\":\"Base de apoio de Temer rejeita pedido do PSOL para que Meirelles v\u00e1 \u00e0 C\u00e2mara dar explica\u00e7\u00f5es\",\"datePublished\":\"2017-05-31T16:27:05+00:00\",\"mainEntityOfPage\":{\"@id\":\"https:\/\/psol50.org.br\/base-de-apoio-de-temer-rejeita-pedido-do-psol-para-que-meirelles-va-a-camara-dar-explicacoes\/\"},\"wordCount\":410,\"commentCount\":0,\"publisher\":{\"@id\":\"https:\/\/psol50.org.br\/#organization\"},\"image\":{\"@id\":\"https:\/\/psol50.org.br\/base-de-apoio-de-temer-rejeita-pedido-do-psol-para-que-meirelles-va-a-camara-dar-explicacoes\/#primaryimage\"},\"thumbnailUrl\":\"\",\"keywords\":[\"Comiss\u00e3o de Defesa do Consumidor\",\"Comiss\u00e3o de Finan\u00e7as e Tributa\u00e7\u00e3o\",\"convoca\u00e7\u00e3o\",\"Edmilson Rodrigues\",\"Henrique Meirelles\",\"Ivan Valente\",\"JBS\",\"Joesley Batista\",\"Michel Temer\",\"ministro da Fazenda\"],\"articleSection\":[\"A\u00e7\u00e3o Parlamentar\",\"Brasil\",\"Not\u00edcias\"],\"inLanguage\":\"pt-BR\",\"potentialAction\":[{\"@type\":\"CommentAction\",\"name\":\"Comment\",\"target\":[\"https:\/\/psol50.org.br\/base-de-apoio-de-temer-rejeita-pedido-do-psol-para-que-meirelles-va-a-camara-dar-explicacoes\/#respond\"]}]},{\"@type\":\"WebPage\",\"@id\":\"https:\/\/psol50.org.br\/base-de-apoio-de-temer-rejeita-pedido-do-psol-para-que-meirelles-va-a-camara-dar-explicacoes\/\",\"url\":\"https:\/\/psol50.org.br\/base-de-apoio-de-temer-rejeita-pedido-do-psol-para-que-meirelles-va-a-camara-dar-explicacoes\/\",\"name\":\"Base de apoio de Temer rejeita pedido do PSOL para que Meirelles v\u00e1 \u00e0 C\u00e2mara dar explica\u00e7\u00f5es - PSOL 50\",\"isPartOf\":{\"@id\":\"https:\/\/psol50.org.br\/#website\"},\"primaryImageOfPage\":{\"@id\":\"https:\/\/psol50.org.br\/base-de-apoio-de-temer-rejeita-pedido-do-psol-para-que-meirelles-va-a-camara-dar-explicacoes\/#primaryimage\"},\"image\":{\"@id\":\"https:\/\/psol50.org.br\/base-de-apoio-de-temer-rejeita-pedido-do-psol-para-que-meirelles-va-a-camara-dar-explicacoes\/#primaryimage\"},\"thumbnailUrl\":\"\",\"datePublished\":\"2017-05-31T16:27:05+00:00\",\"breadcrumb\":{\"@id\":\"https:\/\/psol50.org.br\/base-de-apoio-de-temer-rejeita-pedido-do-psol-para-que-meirelles-va-a-camara-dar-explicacoes\/#breadcrumb\"},\"inLanguage\":\"pt-BR\",\"potentialAction\":[{\"@type\":\"ReadAction\",\"target\":[\"https:\/\/psol50.org.br\/base-de-apoio-de-temer-rejeita-pedido-do-psol-para-que-meirelles-va-a-camara-dar-explicacoes\/\"]}]},{\"@type\":\"ImageObject\",\"inLanguage\":\"pt-BR\",\"@id\":\"https:\/\/psol50.org.br\/base-de-apoio-de-temer-rejeita-pedido-do-psol-para-que-meirelles-va-a-camara-dar-explicacoes\/#primaryimage\",\"url\":\"\",\"contentUrl\":\"\"},{\"@type\":\"BreadcrumbList\",\"@id\":\"https:\/\/psol50.org.br\/base-de-apoio-de-temer-rejeita-pedido-do-psol-para-que-meirelles-va-a-camara-dar-explicacoes\/#breadcrumb\",\"itemListElement\":[{\"@type\":\"ListItem\",\"position\":1,\"name\":\"In\u00edcio\",\"item\":\"https:\/\/psol50.org.br\/\"},{\"@type\":\"ListItem\",\"position\":2,\"name\":\"Base de apoio de Temer rejeita pedido do PSOL para que Meirelles v\u00e1 \u00e0 C\u00e2mara dar explica\u00e7\u00f5es\"}]},{\"@type\":\"WebSite\",\"@id\":\"https:\/\/psol50.org.br\/#website\",\"url\":\"https:\/\/psol50.org.br\/\",\"name\":\"PSOL 50\",\"description\":\"Site oficial do Partido Socialismo e Liberdade\",\"publisher\":{\"@id\":\"https:\/\/psol50.org.br\/#organization\"},\"alternateName\":\"PSOL50\",\"potentialAction\":[{\"@type\":\"SearchAction\",\"target\":{\"@type\":\"EntryPoint\",\"urlTemplate\":\"https:\/\/psol50.org.br\/?s={search_term_string}\"},\"query-input\":{\"@type\":\"PropertyValueSpecification\",\"valueRequired\":true,\"valueName\":\"search_term_string\"}}],\"inLanguage\":\"pt-BR\"},{\"@type\":\"Organization\",\"@id\":\"https:\/\/psol50.org.br\/#organization\",\"name\":\"PSOL 50\",\"alternateName\":\"PSOL 50\",\"url\":\"https:\/\/psol50.org.br\/\",\"logo\":{\"@type\":\"ImageObject\",\"inLanguage\":\"pt-BR\",\"@id\":\"https:\/\/psol50.org.br\/#\/schema\/logo\/image\/\",\"url\":\"https:\/\/psol50.org.br\/inc\/uploads\/2018\/07\/capa.png\",\"contentUrl\":\"https:\/\/psol50.org.br\/inc\/uploads\/2018\/07\/capa.png\",\"width\":1350,\"height\":900,\"caption\":\"PSOL 50\"},\"image\":{\"@id\":\"https:\/\/psol50.org.br\/#\/schema\/logo\/image\/\"},\"sameAs\":[\"https:\/\/www.facebook.com\/psol50\",\"https:\/\/x.com\/psol50\",\"https:\/\/www.instagram.com\/psol50\/\",\"https:\/\/www.youtube.com\/channel\/UC7SnJS5o1os7a6CaiNabzcg\"]},{\"@type\":\"Person\",\"@id\":\"https:\/\/psol50.org.br\/#\/schema\/person\/475dfa57d0b815993c714c2e96491fcd\",\"name\":\"Comunica\u00e7\u00e3o PSOL\",\"image\":{\"@type\":\"ImageObject\",\"inLanguage\":\"pt-BR\",\"@id\":\"https:\/\/psol50.org.br\/#\/schema\/person\/image\/\",\"url\":\"https:\/\/secure.gravatar.com\/avatar\/b34fc4f4e468a4e51785917065a3db57b841f5c95dba6ad8c73aaf8f66f8f9bf?s=96&d=mm&r=g\",\"contentUrl\":\"https:\/\/secure.gravatar.com\/avatar\/b34fc4f4e468a4e51785917065a3db57b841f5c95dba6ad8c73aaf8f66f8f9bf?s=96&d=mm&r=g\",\"caption\":\"Comunica\u00e7\u00e3o PSOL\"}}]}<\/script>\n<!-- \/ Yoast SEO plugin. -->","yoast_head_json":{"title":"Base de apoio de Temer rejeita pedido do PSOL para que Meirelles v\u00e1 \u00e0 C\u00e2mara dar explica\u00e7\u00f5es - PSOL 50","robots":{"index":"index","follow":"follow","max-snippet":"max-snippet:-1","max-image-preview":"max-image-preview:large","max-video-preview":"max-video-preview:-1"},"canonical":"https:\/\/psol50.org.br\/base-de-apoio-de-temer-rejeita-pedido-do-psol-para-que-meirelles-va-a-camara-dar-explicacoes\/","og_locale":"pt_BR","og_type":"article","og_title":"Base de apoio de Temer rejeita pedido do PSOL para que Meirelles v\u00e1 \u00e0 C\u00e2mara dar explica\u00e7\u00f5es - PSOL 50","og_description":"A Comiss\u00e3o de Defesa do Consumidor (CDC) rejeitou, nesta quarta-feira (31\/05), o pedido apresentado pelo deputado Ivan Valente (SP) para que o ministro da Fazenda, Henrique Meirelles, seja convocado para\u00a0prestar esclarecimentos sobre sua atua\u00e7\u00e3o, entre 2012 e 2016, no grupo empresarial J&amp;F Participa\u00e7\u00f5es, holding propriet\u00e1ria do grupo JBS. Para o deputado do PSOL, o ministro [&hellip;]","og_url":"https:\/\/psol50.org.br\/base-de-apoio-de-temer-rejeita-pedido-do-psol-para-que-meirelles-va-a-camara-dar-explicacoes\/","og_site_name":"PSOL 50","article_publisher":"https:\/\/www.facebook.com\/psol50","article_published_time":"2017-05-31T16:27:05+00:00","og_image":[{"width":1350,"height":900,"url":"https:\/\/psol50.org.br\/inc\/uploads\/2018\/07\/capa.png","type":"image\/png"}],"author":"Comunica\u00e7\u00e3o PSOL","twitter_card":"summary_large_image","twitter_creator":"@psol50","twitter_site":"@psol50","twitter_misc":{"Escrito por":"Comunica\u00e7\u00e3o PSOL","Est. tempo de leitura":"2 minutos"},"schema":{"@context":"https:\/\/schema.org","@graph":[{"@type":"Article","@id":"https:\/\/psol50.org.br\/base-de-apoio-de-temer-rejeita-pedido-do-psol-para-que-meirelles-va-a-camara-dar-explicacoes\/#article","isPartOf":{"@id":"https:\/\/psol50.org.br\/base-de-apoio-de-temer-rejeita-pedido-do-psol-para-que-meirelles-va-a-camara-dar-explicacoes\/"},"author":{"name":"Comunica\u00e7\u00e3o PSOL","@id":"https:\/\/psol50.org.br\/#\/schema\/person\/475dfa57d0b815993c714c2e96491fcd"},"headline":"Base de apoio de Temer rejeita pedido do PSOL para que Meirelles v\u00e1 \u00e0 C\u00e2mara dar explica\u00e7\u00f5es","datePublished":"2017-05-31T16:27:05+00:00","mainEntityOfPage":{"@id":"https:\/\/psol50.org.br\/base-de-apoio-de-temer-rejeita-pedido-do-psol-para-que-meirelles-va-a-camara-dar-explicacoes\/"},"wordCount":410,"commentCount":0,"publisher":{"@id":"https:\/\/psol50.org.br\/#organization"},"image":{"@id":"https:\/\/psol50.org.br\/base-de-apoio-de-temer-rejeita-pedido-do-psol-para-que-meirelles-va-a-camara-dar-explicacoes\/#primaryimage"},"thumbnailUrl":"","keywords":["Comiss\u00e3o de Defesa do Consumidor","Comiss\u00e3o de Finan\u00e7as e Tributa\u00e7\u00e3o","convoca\u00e7\u00e3o","Edmilson Rodrigues","Henrique Meirelles","Ivan Valente","JBS","Joesley Batista","Michel Temer","ministro da Fazenda"],"articleSection":["A\u00e7\u00e3o Parlamentar","Brasil","Not\u00edcias"],"inLanguage":"pt-BR","potentialAction":[{"@type":"CommentAction","name":"Comment","target":["https:\/\/psol50.org.br\/base-de-apoio-de-temer-rejeita-pedido-do-psol-para-que-meirelles-va-a-camara-dar-explicacoes\/#respond"]}]},{"@type":"WebPage","@id":"https:\/\/psol50.org.br\/base-de-apoio-de-temer-rejeita-pedido-do-psol-para-que-meirelles-va-a-camara-dar-explicacoes\/","url":"https:\/\/psol50.org.br\/base-de-apoio-de-temer-rejeita-pedido-do-psol-para-que-meirelles-va-a-camara-dar-explicacoes\/","name":"Base de apoio de Temer rejeita pedido do PSOL para que Meirelles v\u00e1 \u00e0 C\u00e2mara dar explica\u00e7\u00f5es - PSOL 50","isPartOf":{"@id":"https:\/\/psol50.org.br\/#website"},"primaryImageOfPage":{"@id":"https:\/\/psol50.org.br\/base-de-apoio-de-temer-rejeita-pedido-do-psol-para-que-meirelles-va-a-camara-dar-explicacoes\/#primaryimage"},"image":{"@id":"https:\/\/psol50.org.br\/base-de-apoio-de-temer-rejeita-pedido-do-psol-para-que-meirelles-va-a-camara-dar-explicacoes\/#primaryimage"},"thumbnailUrl":"","datePublished":"2017-05-31T16:27:05+00:00","breadcrumb":{"@id":"https:\/\/psol50.org.br\/base-de-apoio-de-temer-rejeita-pedido-do-psol-para-que-meirelles-va-a-camara-dar-explicacoes\/#breadcrumb"},"inLanguage":"pt-BR","potentialAction":[{"@type":"ReadAction","target":["https:\/\/psol50.org.br\/base-de-apoio-de-temer-rejeita-pedido-do-psol-para-que-meirelles-va-a-camara-dar-explicacoes\/"]}]},{"@type":"ImageObject","inLanguage":"pt-BR","@id":"https:\/\/psol50.org.br\/base-de-apoio-de-temer-rejeita-pedido-do-psol-para-que-meirelles-va-a-camara-dar-explicacoes\/#primaryimage","url":"","contentUrl":""},{"@type":"BreadcrumbList","@id":"https:\/\/psol50.org.br\/base-de-apoio-de-temer-rejeita-pedido-do-psol-para-que-meirelles-va-a-camara-dar-explicacoes\/#breadcrumb","itemListElement":[{"@type":"ListItem","position":1,"name":"In\u00edcio","item":"https:\/\/psol50.org.br\/"},{"@type":"ListItem","position":2,"name":"Base de apoio de Temer rejeita pedido do PSOL para que Meirelles v\u00e1 \u00e0 C\u00e2mara dar explica\u00e7\u00f5es"}]},{"@type":"WebSite","@id":"https:\/\/psol50.org.br\/#website","url":"https:\/\/psol50.org.br\/","name":"PSOL 50","description":"Site oficial do Partido Socialismo e Liberdade","publisher":{"@id":"https:\/\/psol50.org.br\/#organization"},"alternateName":"PSOL50","potentialAction":[{"@type":"SearchAction","target":{"@type":"EntryPoint","urlTemplate":"https:\/\/psol50.org.br\/?s={search_term_string}"},"query-input":{"@type":"PropertyValueSpecification","valueRequired":true,"valueName":"search_term_string"}}],"inLanguage":"pt-BR"},{"@type":"Organization","@id":"https:\/\/psol50.org.br\/#organization","name":"PSOL 50","alternateName":"PSOL 50","url":"https:\/\/psol50.org.br\/","logo":{"@type":"ImageObject","inLanguage":"pt-BR","@id":"https:\/\/psol50.org.br\/#\/schema\/logo\/image\/","url":"https:\/\/psol50.org.br\/inc\/uploads\/2018\/07\/capa.png","contentUrl":"https:\/\/psol50.org.br\/inc\/uploads\/2018\/07\/capa.png","width":1350,"height":900,"caption":"PSOL 50"},"image":{"@id":"https:\/\/psol50.org.br\/#\/schema\/logo\/image\/"},"sameAs":["https:\/\/www.facebook.com\/psol50","https:\/\/x.com\/psol50","https:\/\/www.instagram.com\/psol50\/","https:\/\/www.youtube.com\/channel\/UC7SnJS5o1os7a6CaiNabzcg"]},{"@type":"Person","@id":"https:\/\/psol50.org.br\/#\/schema\/person\/475dfa57d0b815993c714c2e96491fcd","name":"Comunica\u00e7\u00e3o PSOL","image":{"@type":"ImageObject","inLanguage":"pt-BR","@id":"https:\/\/psol50.org.br\/#\/schema\/person\/image\/","url":"https:\/\/secure.gravatar.com\/avatar\/b34fc4f4e468a4e51785917065a3db57b841f5c95dba6ad8c73aaf8f66f8f9bf?s=96&d=mm&r=g","contentUrl":"https:\/\/secure.gravatar.com\/avatar\/b34fc4f4e468a4e51785917065a3db57b841f5c95dba6ad8c73aaf8f66f8f9bf?s=96&d=mm&r=g","caption":"Comunica\u00e7\u00e3o PSOL"}}]}},"_links":{"self":[{"href":"https:\/\/psol50.org.br\/rest\/wp\/v2\/posts\/16793","targetHints":{"allow":["GET"]}}],"collection":[{"href":"https:\/\/psol50.org.br\/rest\/wp\/v2\/posts"}],"about":[{"href":"https:\/\/psol50.org.br\/rest\/wp\/v2\/types\/post"}],"author":[{"embeddable":true,"href":"https:\/\/psol50.org.br\/rest\/wp\/v2\/users\/2"}],"replies":[{"embeddable":true,"href":"https:\/\/psol50.org.br\/rest\/wp\/v2\/comments?post=16793"}],"version-history":[{"count":0,"href":"https:\/\/psol50.org.br\/rest\/wp\/v2\/posts\/16793\/revisions"}],"wp:featuredmedia":[{"embeddable":true,"href":"https:\/\/psol50.org.br\/rest\/"}],"wp:attachment":[{"href":"https:\/\/psol50.org.br\/rest\/wp\/v2\/media?parent=16793"}],"wp:term":[{"taxonomy":"category","embeddable":true,"href":"https:\/\/psol50.org.br\/rest\/wp\/v2\/categories?post=16793"},{"taxonomy":"post_tag","embeddable":true,"href":"https:\/\/psol50.org.br\/rest\/wp\/v2\/tags?post=16793"}],"curies":[{"name":"wp","href":"https:\/\/api.w.org\/{rel}","templated":true}]}}