{"id":16814,"date":"2017-05-18T16:38:35","date_gmt":"2017-05-18T16:38:35","guid":{"rendered":"http:\/\/www.psol50.org.br\/?p=16612"},"modified":"2017-05-18T16:38:35","modified_gmt":"2017-05-18T16:38:35","slug":"oposicao-protocola-hoje-as-17h-pedido-de-impeachment-de-temer-2","status":"publish","type":"post","link":"https:\/\/psol50.org.br\/oposicao-protocola-hoje-as-17h-pedido-de-impeachment-de-temer-2\/","title":{"rendered":"Oposi\u00e7\u00e3o protocola hoje, \u00e0s 17h, pedido de impeachment de Temer"},"content":{"rendered":"<p>Deputados do PSOL e de v\u00e1rios outros partidos de oposi\u00e7\u00e3o anunciaram, em coletiva \u00e0 imprensa no in\u00edcio desta tarde (18\/05), que ir\u00e3o\u00a0protocolar hoje, \u00e0s 17h, o pedido de impeachment coletivo contra o presidente Michel Temer. A base do documento s\u00e3o <a href=\"http:\/\/www.psol50.org.br\/blog\/2017\/05\/17\/o-governo-temer-acabou-e-hora-de-derrota-lo-nas-ruas\/\" target=\"_blank\" rel=\"noopener noreferrer\"><span style=\"color: #0000ff;\"><strong>as den\u00fancias divulgadas na noite de ontem (17)<\/strong><\/span><\/a>, de que Temer pagou Eduardo Cunha, ex-presidente da C\u00e2mara dos Deputados, cassado ano passado, para manter o sil\u00eancio em rela\u00e7\u00e3o ao envolvimento do PMDB no esquema de corrup\u00e7\u00e3o investigado pela opera\u00e7\u00e3o Lava Jato.<\/p>\n<p>Para a bancada do PSOL, <a href=\"http:\/\/www.psol50.org.br\/blog\/2017\/05\/18\/e-hora-de-luta-derrotar-temer-e-suas-reformas-nas-ruas-diretas-ja\/\" target=\"_blank\" rel=\"noopener noreferrer\"><strong><span style=\"color: #0000ff;\">\u00e9 urgente que o presidente ileg\u00edtimo deixe o comando do pa\u00eds e que sejam convocadas novas elei\u00e7\u00f5es, para que o povo brasileiro possa decidir sobre os rumos do pa\u00eds.<\/span><\/strong><\/a> &#8220;N\u00f3s entendemos que a \u00fanica solu\u00e7\u00e3o para a crise que est\u00e1 sendo enfrentada neste momento, necessariamente \u00e9 a sa\u00edda de Temer da Presid\u00eancia da Rep\u00fablica e a convoca\u00e7\u00e3o de novos elei\u00e7\u00f5es. O pedido de impeachment que ser\u00e1, ent\u00e3o, protocolado hoje \u00e0s 5 horas da tarde vai ser acompanhada de todas as a\u00e7\u00f5es, por todos os representantes que aqui est\u00e3o presente e por aqueles outros da sociedade que se somar\u00e3o a esse esfor\u00e7o, para que a gente tenha, necessariamente, no mais breve tempo poss\u00edvel, dentro do regramento e atendendo a vontade popular, para que a gente tenha novas elei\u00e7\u00f5es no Brasil&#8221;, afirmou o deputado Glauber Braga (RJ), l\u00edder do PSOL na C\u00e2mara.<\/p>\n<p>Al\u00e9m do l\u00edder do PSOL, tamb\u00e9m participaram da reuni\u00e3o da oposi\u00e7\u00e3o a deputada Luiza Erundina (SP), os deputados Ivan Valente (SP), Chico Alencar (RJ), Edmilson Rodrigues (PA) e Jean Wyllys (RJ) e o presidente nacional do PSOL, Luiz Ara\u00fajo.<\/p>\n<p>Confira a coletiva \u00e0 imprensa.<\/p>\n<p>https:\/\/www.facebook.com\/psol50oficial\/videos\/710199289141708\/<\/p>\n","protected":false},"excerpt":{"rendered":"<p>Deputados do PSOL e de v\u00e1rios outros partidos de oposi\u00e7\u00e3o anunciaram, em coletiva \u00e0 imprensa no in\u00edcio desta tarde (18\/05), que ir\u00e3o\u00a0protocolar hoje, \u00e0s 17h, o pedido de impeachment coletivo contra o presidente Michel Temer. A base do documento s\u00e3o as den\u00fancias divulgadas na noite de ontem (17), de que Temer pagou Eduardo Cunha, ex-presidente [&hellip;]<\/p>\n","protected":false},"author":2,"featured_media":14311,"comment_status":"open","ping_status":"open","sticky":false,"template":"","format":"standard","meta":{"_acf_changed":false,"footnotes":""},"categories":[10,1882],"tags":[3143,1748,315,3241,22],"class_list":{"0":"post-16814","1":"post","2":"type-post","3":"status-publish","4":"format-standard","5":"has-post-thumbnail","7":"category-acao-parlamentares","8":"category-brasil","9":"tag-eleicoes-diretas","10":"tag-michel-temer","11":"tag-oposicao","12":"tag-pedido-de-impeachment","13":"tag-psol"},"acf":[],"yoast_head":"<!-- This site is optimized with the Yoast SEO plugin v26.5 - https:\/\/yoast.com\/wordpress\/plugins\/seo\/ -->\n<title>Oposi\u00e7\u00e3o protocola hoje, \u00e0s 17h, pedido de impeachment de Temer - PSOL 50<\/title>\n<meta name=\"robots\" content=\"index, follow, max-snippet:-1, max-image-preview:large, max-video-preview:-1\" \/>\n<link rel=\"canonical\" href=\"https:\/\/psol50.org.br\/oposicao-protocola-hoje-as-17h-pedido-de-impeachment-de-temer-2\/\" \/>\n<meta property=\"og:locale\" content=\"pt_BR\" \/>\n<meta property=\"og:type\" content=\"article\" \/>\n<meta property=\"og:title\" content=\"Oposi\u00e7\u00e3o protocola hoje, \u00e0s 17h, pedido de impeachment de Temer - PSOL 50\" \/>\n<meta property=\"og:description\" content=\"Deputados do PSOL e de v\u00e1rios outros partidos de oposi\u00e7\u00e3o anunciaram, em coletiva \u00e0 imprensa no in\u00edcio desta tarde (18\/05), que ir\u00e3o\u00a0protocolar hoje, \u00e0s 17h, o pedido de impeachment coletivo contra o presidente Michel Temer. A base do documento s\u00e3o as den\u00fancias divulgadas na noite de ontem (17), de que Temer pagou Eduardo Cunha, ex-presidente [&hellip;]\" \/>\n<meta property=\"og:url\" content=\"https:\/\/psol50.org.br\/oposicao-protocola-hoje-as-17h-pedido-de-impeachment-de-temer-2\/\" \/>\n<meta property=\"og:site_name\" content=\"PSOL 50\" \/>\n<meta property=\"article:publisher\" content=\"https:\/\/www.facebook.com\/psol50\" \/>\n<meta property=\"article:published_time\" content=\"2017-05-18T16:38:35+00:00\" \/>\n<meta property=\"og:image\" content=\"https:\/\/psol50.org.br\/inc\/uploads\/2016\/10\/Temer-e-Cunha.jpg\" \/>\n\t<meta property=\"og:image:width\" content=\"932\" \/>\n\t<meta property=\"og:image:height\" content=\"621\" \/>\n\t<meta property=\"og:image:type\" content=\"image\/jpeg\" \/>\n<meta name=\"author\" content=\"Comunica\u00e7\u00e3o PSOL\" \/>\n<meta name=\"twitter:card\" content=\"summary_large_image\" \/>\n<meta name=\"twitter:creator\" content=\"@psol50\" \/>\n<meta name=\"twitter:site\" content=\"@psol50\" \/>\n<meta name=\"twitter:label1\" content=\"Escrito por\" \/>\n\t<meta name=\"twitter:data1\" content=\"Comunica\u00e7\u00e3o PSOL\" \/>\n\t<meta name=\"twitter:label2\" content=\"Est. tempo de leitura\" \/>\n\t<meta name=\"twitter:data2\" content=\"2 minutos\" \/>\n<script type=\"application\/ld+json\" class=\"yoast-schema-graph\">{\"@context\":\"https:\/\/schema.org\",\"@graph\":[{\"@type\":\"Article\",\"@id\":\"https:\/\/psol50.org.br\/oposicao-protocola-hoje-as-17h-pedido-de-impeachment-de-temer-2\/#article\",\"isPartOf\":{\"@id\":\"https:\/\/psol50.org.br\/oposicao-protocola-hoje-as-17h-pedido-de-impeachment-de-temer-2\/\"},\"author\":{\"name\":\"Comunica\u00e7\u00e3o PSOL\",\"@id\":\"https:\/\/psol50.org.br\/#\/schema\/person\/475dfa57d0b815993c714c2e96491fcd\"},\"headline\":\"Oposi\u00e7\u00e3o protocola hoje, \u00e0s 17h, pedido de impeachment de Temer\",\"datePublished\":\"2017-05-18T16:38:35+00:00\",\"mainEntityOfPage\":{\"@id\":\"https:\/\/psol50.org.br\/oposicao-protocola-hoje-as-17h-pedido-de-impeachment-de-temer-2\/\"},\"wordCount\":319,\"commentCount\":0,\"publisher\":{\"@id\":\"https:\/\/psol50.org.br\/#organization\"},\"image\":{\"@id\":\"https:\/\/psol50.org.br\/oposicao-protocola-hoje-as-17h-pedido-de-impeachment-de-temer-2\/#primaryimage\"},\"thumbnailUrl\":\"https:\/\/psol50.org.br\/inc\/uploads\/2016\/10\/Temer-e-Cunha.jpg\",\"keywords\":[\"elei\u00e7\u00f5es diretas\",\"Michel Temer\",\"Oposi\u00e7\u00e3o\",\"pedido de impeachment\",\"PSOL\"],\"articleSection\":[\"A\u00e7\u00e3o Parlamentar\",\"Brasil\"],\"inLanguage\":\"pt-BR\",\"potentialAction\":[{\"@type\":\"CommentAction\",\"name\":\"Comment\",\"target\":[\"https:\/\/psol50.org.br\/oposicao-protocola-hoje-as-17h-pedido-de-impeachment-de-temer-2\/#respond\"]}]},{\"@type\":\"WebPage\",\"@id\":\"https:\/\/psol50.org.br\/oposicao-protocola-hoje-as-17h-pedido-de-impeachment-de-temer-2\/\",\"url\":\"https:\/\/psol50.org.br\/oposicao-protocola-hoje-as-17h-pedido-de-impeachment-de-temer-2\/\",\"name\":\"Oposi\u00e7\u00e3o protocola hoje, \u00e0s 17h, pedido de impeachment de Temer - PSOL 50\",\"isPartOf\":{\"@id\":\"https:\/\/psol50.org.br\/#website\"},\"primaryImageOfPage\":{\"@id\":\"https:\/\/psol50.org.br\/oposicao-protocola-hoje-as-17h-pedido-de-impeachment-de-temer-2\/#primaryimage\"},\"image\":{\"@id\":\"https:\/\/psol50.org.br\/oposicao-protocola-hoje-as-17h-pedido-de-impeachment-de-temer-2\/#primaryimage\"},\"thumbnailUrl\":\"https:\/\/psol50.org.br\/inc\/uploads\/2016\/10\/Temer-e-Cunha.jpg\",\"datePublished\":\"2017-05-18T16:38:35+00:00\",\"breadcrumb\":{\"@id\":\"https:\/\/psol50.org.br\/oposicao-protocola-hoje-as-17h-pedido-de-impeachment-de-temer-2\/#breadcrumb\"},\"inLanguage\":\"pt-BR\",\"potentialAction\":[{\"@type\":\"ReadAction\",\"target\":[\"https:\/\/psol50.org.br\/oposicao-protocola-hoje-as-17h-pedido-de-impeachment-de-temer-2\/\"]}]},{\"@type\":\"ImageObject\",\"inLanguage\":\"pt-BR\",\"@id\":\"https:\/\/psol50.org.br\/oposicao-protocola-hoje-as-17h-pedido-de-impeachment-de-temer-2\/#primaryimage\",\"url\":\"https:\/\/psol50.org.br\/inc\/uploads\/2016\/10\/Temer-e-Cunha.jpg\",\"contentUrl\":\"https:\/\/psol50.org.br\/inc\/uploads\/2016\/10\/Temer-e-Cunha.jpg\",\"width\":932,\"height\":621,\"caption\":\"ADUG421 BSB - 15\/7\/2015 - PMDB \/ FUG - POLITICA - Cerimonia de lan\u00e7amento da p\u00e1gina da Funda\u00e7\u00e3o Ulysses Guimar\u00e3es (PMDB) no facebook chamada FUG Digital com a presen\u00e7a do vice presidente Michel Temer, do prresidente da Camara Eduardo Cunha , do senado Renan Calheiros, do presidente da FUG Moreira Franco e do ex presidente Jos\u00e9 Sarney, na FUG na C\u00e2mara dos Deputados , em Brasilia. FOTO: ANDRE DUSEK\/ESTADAO\"},{\"@type\":\"BreadcrumbList\",\"@id\":\"https:\/\/psol50.org.br\/oposicao-protocola-hoje-as-17h-pedido-de-impeachment-de-temer-2\/#breadcrumb\",\"itemListElement\":[{\"@type\":\"ListItem\",\"position\":1,\"name\":\"In\u00edcio\",\"item\":\"https:\/\/psol50.org.br\/\"},{\"@type\":\"ListItem\",\"position\":2,\"name\":\"Oposi\u00e7\u00e3o protocola hoje, \u00e0s 17h, pedido de impeachment de Temer\"}]},{\"@type\":\"WebSite\",\"@id\":\"https:\/\/psol50.org.br\/#website\",\"url\":\"https:\/\/psol50.org.br\/\",\"name\":\"PSOL 50\",\"description\":\"Site oficial do Partido Socialismo e Liberdade\",\"publisher\":{\"@id\":\"https:\/\/psol50.org.br\/#organization\"},\"alternateName\":\"PSOL50\",\"potentialAction\":[{\"@type\":\"SearchAction\",\"target\":{\"@type\":\"EntryPoint\",\"urlTemplate\":\"https:\/\/psol50.org.br\/?s={search_term_string}\"},\"query-input\":{\"@type\":\"PropertyValueSpecification\",\"valueRequired\":true,\"valueName\":\"search_term_string\"}}],\"inLanguage\":\"pt-BR\"},{\"@type\":\"Organization\",\"@id\":\"https:\/\/psol50.org.br\/#organization\",\"name\":\"PSOL 50\",\"alternateName\":\"PSOL 50\",\"url\":\"https:\/\/psol50.org.br\/\",\"logo\":{\"@type\":\"ImageObject\",\"inLanguage\":\"pt-BR\",\"@id\":\"https:\/\/psol50.org.br\/#\/schema\/logo\/image\/\",\"url\":\"https:\/\/psol50.org.br\/inc\/uploads\/2018\/07\/capa.png\",\"contentUrl\":\"https:\/\/psol50.org.br\/inc\/uploads\/2018\/07\/capa.png\",\"width\":1350,\"height\":900,\"caption\":\"PSOL 50\"},\"image\":{\"@id\":\"https:\/\/psol50.org.br\/#\/schema\/logo\/image\/\"},\"sameAs\":[\"https:\/\/www.facebook.com\/psol50\",\"https:\/\/x.com\/psol50\",\"https:\/\/www.instagram.com\/psol50\/\",\"https:\/\/www.youtube.com\/channel\/UC7SnJS5o1os7a6CaiNabzcg\"]},{\"@type\":\"Person\",\"@id\":\"https:\/\/psol50.org.br\/#\/schema\/person\/475dfa57d0b815993c714c2e96491fcd\",\"name\":\"Comunica\u00e7\u00e3o PSOL\",\"image\":{\"@type\":\"ImageObject\",\"inLanguage\":\"pt-BR\",\"@id\":\"https:\/\/psol50.org.br\/#\/schema\/person\/image\/\",\"url\":\"https:\/\/secure.gravatar.com\/avatar\/b34fc4f4e468a4e51785917065a3db57b841f5c95dba6ad8c73aaf8f66f8f9bf?s=96&d=mm&r=g\",\"contentUrl\":\"https:\/\/secure.gravatar.com\/avatar\/b34fc4f4e468a4e51785917065a3db57b841f5c95dba6ad8c73aaf8f66f8f9bf?s=96&d=mm&r=g\",\"caption\":\"Comunica\u00e7\u00e3o PSOL\"}}]}<\/script>\n<!-- \/ Yoast SEO plugin. -->","yoast_head_json":{"title":"Oposi\u00e7\u00e3o protocola hoje, \u00e0s 17h, pedido de impeachment de Temer - PSOL 50","robots":{"index":"index","follow":"follow","max-snippet":"max-snippet:-1","max-image-preview":"max-image-preview:large","max-video-preview":"max-video-preview:-1"},"canonical":"https:\/\/psol50.org.br\/oposicao-protocola-hoje-as-17h-pedido-de-impeachment-de-temer-2\/","og_locale":"pt_BR","og_type":"article","og_title":"Oposi\u00e7\u00e3o protocola hoje, \u00e0s 17h, pedido de impeachment de Temer - PSOL 50","og_description":"Deputados do PSOL e de v\u00e1rios outros partidos de oposi\u00e7\u00e3o anunciaram, em coletiva \u00e0 imprensa no in\u00edcio desta tarde (18\/05), que ir\u00e3o\u00a0protocolar hoje, \u00e0s 17h, o pedido de impeachment coletivo contra o presidente Michel Temer. A base do documento s\u00e3o as den\u00fancias divulgadas na noite de ontem (17), de que Temer pagou Eduardo Cunha, ex-presidente [&hellip;]","og_url":"https:\/\/psol50.org.br\/oposicao-protocola-hoje-as-17h-pedido-de-impeachment-de-temer-2\/","og_site_name":"PSOL 50","article_publisher":"https:\/\/www.facebook.com\/psol50","article_published_time":"2017-05-18T16:38:35+00:00","og_image":[{"width":932,"height":621,"url":"https:\/\/psol50.org.br\/inc\/uploads\/2016\/10\/Temer-e-Cunha.jpg","type":"image\/jpeg"}],"author":"Comunica\u00e7\u00e3o PSOL","twitter_card":"summary_large_image","twitter_creator":"@psol50","twitter_site":"@psol50","twitter_misc":{"Escrito por":"Comunica\u00e7\u00e3o PSOL","Est. tempo de leitura":"2 minutos"},"schema":{"@context":"https:\/\/schema.org","@graph":[{"@type":"Article","@id":"https:\/\/psol50.org.br\/oposicao-protocola-hoje-as-17h-pedido-de-impeachment-de-temer-2\/#article","isPartOf":{"@id":"https:\/\/psol50.org.br\/oposicao-protocola-hoje-as-17h-pedido-de-impeachment-de-temer-2\/"},"author":{"name":"Comunica\u00e7\u00e3o PSOL","@id":"https:\/\/psol50.org.br\/#\/schema\/person\/475dfa57d0b815993c714c2e96491fcd"},"headline":"Oposi\u00e7\u00e3o protocola hoje, \u00e0s 17h, pedido de impeachment de Temer","datePublished":"2017-05-18T16:38:35+00:00","mainEntityOfPage":{"@id":"https:\/\/psol50.org.br\/oposicao-protocola-hoje-as-17h-pedido-de-impeachment-de-temer-2\/"},"wordCount":319,"commentCount":0,"publisher":{"@id":"https:\/\/psol50.org.br\/#organization"},"image":{"@id":"https:\/\/psol50.org.br\/oposicao-protocola-hoje-as-17h-pedido-de-impeachment-de-temer-2\/#primaryimage"},"thumbnailUrl":"https:\/\/psol50.org.br\/inc\/uploads\/2016\/10\/Temer-e-Cunha.jpg","keywords":["elei\u00e7\u00f5es diretas","Michel Temer","Oposi\u00e7\u00e3o","pedido de impeachment","PSOL"],"articleSection":["A\u00e7\u00e3o Parlamentar","Brasil"],"inLanguage":"pt-BR","potentialAction":[{"@type":"CommentAction","name":"Comment","target":["https:\/\/psol50.org.br\/oposicao-protocola-hoje-as-17h-pedido-de-impeachment-de-temer-2\/#respond"]}]},{"@type":"WebPage","@id":"https:\/\/psol50.org.br\/oposicao-protocola-hoje-as-17h-pedido-de-impeachment-de-temer-2\/","url":"https:\/\/psol50.org.br\/oposicao-protocola-hoje-as-17h-pedido-de-impeachment-de-temer-2\/","name":"Oposi\u00e7\u00e3o protocola hoje, \u00e0s 17h, pedido de impeachment de Temer - PSOL 50","isPartOf":{"@id":"https:\/\/psol50.org.br\/#website"},"primaryImageOfPage":{"@id":"https:\/\/psol50.org.br\/oposicao-protocola-hoje-as-17h-pedido-de-impeachment-de-temer-2\/#primaryimage"},"image":{"@id":"https:\/\/psol50.org.br\/oposicao-protocola-hoje-as-17h-pedido-de-impeachment-de-temer-2\/#primaryimage"},"thumbnailUrl":"https:\/\/psol50.org.br\/inc\/uploads\/2016\/10\/Temer-e-Cunha.jpg","datePublished":"2017-05-18T16:38:35+00:00","breadcrumb":{"@id":"https:\/\/psol50.org.br\/oposicao-protocola-hoje-as-17h-pedido-de-impeachment-de-temer-2\/#breadcrumb"},"inLanguage":"pt-BR","potentialAction":[{"@type":"ReadAction","target":["https:\/\/psol50.org.br\/oposicao-protocola-hoje-as-17h-pedido-de-impeachment-de-temer-2\/"]}]},{"@type":"ImageObject","inLanguage":"pt-BR","@id":"https:\/\/psol50.org.br\/oposicao-protocola-hoje-as-17h-pedido-de-impeachment-de-temer-2\/#primaryimage","url":"https:\/\/psol50.org.br\/inc\/uploads\/2016\/10\/Temer-e-Cunha.jpg","contentUrl":"https:\/\/psol50.org.br\/inc\/uploads\/2016\/10\/Temer-e-Cunha.jpg","width":932,"height":621,"caption":"ADUG421 BSB - 15\/7\/2015 - PMDB \/ FUG - POLITICA - Cerimonia de lan\u00e7amento da p\u00e1gina da Funda\u00e7\u00e3o Ulysses Guimar\u00e3es (PMDB) no facebook chamada FUG Digital com a presen\u00e7a do vice presidente Michel Temer, do prresidente da Camara Eduardo Cunha , do senado Renan Calheiros, do presidente da FUG Moreira Franco e do ex presidente Jos\u00e9 Sarney, na FUG na C\u00e2mara dos Deputados , em Brasilia. FOTO: ANDRE DUSEK\/ESTADAO"},{"@type":"BreadcrumbList","@id":"https:\/\/psol50.org.br\/oposicao-protocola-hoje-as-17h-pedido-de-impeachment-de-temer-2\/#breadcrumb","itemListElement":[{"@type":"ListItem","position":1,"name":"In\u00edcio","item":"https:\/\/psol50.org.br\/"},{"@type":"ListItem","position":2,"name":"Oposi\u00e7\u00e3o protocola hoje, \u00e0s 17h, pedido de impeachment de Temer"}]},{"@type":"WebSite","@id":"https:\/\/psol50.org.br\/#website","url":"https:\/\/psol50.org.br\/","name":"PSOL 50","description":"Site oficial do Partido Socialismo e Liberdade","publisher":{"@id":"https:\/\/psol50.org.br\/#organization"},"alternateName":"PSOL50","potentialAction":[{"@type":"SearchAction","target":{"@type":"EntryPoint","urlTemplate":"https:\/\/psol50.org.br\/?s={search_term_string}"},"query-input":{"@type":"PropertyValueSpecification","valueRequired":true,"valueName":"search_term_string"}}],"inLanguage":"pt-BR"},{"@type":"Organization","@id":"https:\/\/psol50.org.br\/#organization","name":"PSOL 50","alternateName":"PSOL 50","url":"https:\/\/psol50.org.br\/","logo":{"@type":"ImageObject","inLanguage":"pt-BR","@id":"https:\/\/psol50.org.br\/#\/schema\/logo\/image\/","url":"https:\/\/psol50.org.br\/inc\/uploads\/2018\/07\/capa.png","contentUrl":"https:\/\/psol50.org.br\/inc\/uploads\/2018\/07\/capa.png","width":1350,"height":900,"caption":"PSOL 50"},"image":{"@id":"https:\/\/psol50.org.br\/#\/schema\/logo\/image\/"},"sameAs":["https:\/\/www.facebook.com\/psol50","https:\/\/x.com\/psol50","https:\/\/www.instagram.com\/psol50\/","https:\/\/www.youtube.com\/channel\/UC7SnJS5o1os7a6CaiNabzcg"]},{"@type":"Person","@id":"https:\/\/psol50.org.br\/#\/schema\/person\/475dfa57d0b815993c714c2e96491fcd","name":"Comunica\u00e7\u00e3o PSOL","image":{"@type":"ImageObject","inLanguage":"pt-BR","@id":"https:\/\/psol50.org.br\/#\/schema\/person\/image\/","url":"https:\/\/secure.gravatar.com\/avatar\/b34fc4f4e468a4e51785917065a3db57b841f5c95dba6ad8c73aaf8f66f8f9bf?s=96&d=mm&r=g","contentUrl":"https:\/\/secure.gravatar.com\/avatar\/b34fc4f4e468a4e51785917065a3db57b841f5c95dba6ad8c73aaf8f66f8f9bf?s=96&d=mm&r=g","caption":"Comunica\u00e7\u00e3o PSOL"}}]}},"_links":{"self":[{"href":"https:\/\/psol50.org.br\/rest\/wp\/v2\/posts\/16814","targetHints":{"allow":["GET"]}}],"collection":[{"href":"https:\/\/psol50.org.br\/rest\/wp\/v2\/posts"}],"about":[{"href":"https:\/\/psol50.org.br\/rest\/wp\/v2\/types\/post"}],"author":[{"embeddable":true,"href":"https:\/\/psol50.org.br\/rest\/wp\/v2\/users\/2"}],"replies":[{"embeddable":true,"href":"https:\/\/psol50.org.br\/rest\/wp\/v2\/comments?post=16814"}],"version-history":[{"count":0,"href":"https:\/\/psol50.org.br\/rest\/wp\/v2\/posts\/16814\/revisions"}],"wp:featuredmedia":[{"embeddable":true,"href":"https:\/\/psol50.org.br\/rest\/wp\/v2\/media\/14311"}],"wp:attachment":[{"href":"https:\/\/psol50.org.br\/rest\/wp\/v2\/media?parent=16814"}],"wp:term":[{"taxonomy":"category","embeddable":true,"href":"https:\/\/psol50.org.br\/rest\/wp\/v2\/categories?post=16814"},{"taxonomy":"post_tag","embeddable":true,"href":"https:\/\/psol50.org.br\/rest\/wp\/v2\/tags?post=16814"}],"curies":[{"name":"wp","href":"https:\/\/api.w.org\/{rel}","templated":true}]}}