{"id":16815,"date":"2017-05-19T13:09:44","date_gmt":"2017-05-19T13:09:44","guid":{"rendered":"http:\/\/www.psol50.org.br\/?p=16626"},"modified":"2017-05-19T13:09:44","modified_gmt":"2017-05-19T13:09:44","slug":"nas-ruas-de-todo-o-pais-o-povo-pede-a-saida-de-temer-e-a-convocacao-de-novas-eleicoes","status":"publish","type":"post","link":"https:\/\/psol50.org.br\/nas-ruas-de-todo-o-pais-o-povo-pede-a-saida-de-temer-e-a-convocacao-de-novas-eleicoes\/","title":{"rendered":"Nas ruas de todo o pa\u00eds, o povo pede a sa\u00edda de Temer e a convoca\u00e7\u00e3o de novas elei\u00e7\u00f5es"},"content":{"rendered":"<p>A noite desta quinta-feira (18\/05) foi marcada por\u00a0grandes\u00a0manifesta\u00e7\u00f5es em v\u00e1rias cidades do pa\u00eds. Atendendo ao chamado das frentes <a href=\"https:\/\/www.facebook.com\/povosemmedonacional\/\" target=\"_blank\" rel=\"noopener noreferrer\"><strong><span style=\"color: #0000ff;\">Povo Sem Medo<\/span><\/strong><\/a> e Brasil Popular e de diversas organiza\u00e7\u00f5es sociais, o povo brasileiro foi \u00e0s ruas pedir a imediata sa\u00edda de Michel Temer da Presid\u00eancia da Rep\u00fablica e tamb\u00e9m a convoca\u00e7\u00e3o de novas elei\u00e7\u00f5es diretas.<\/p>\n<p>Em todos os cantos do Brasil, trabalhadores de v\u00e1rias categorias, estudantes, militantes de movimentos de negras e negros, LGBTs, feministas, ind\u00edgenas, trabalhadores ruais, militantes da luta por moradia e tantos outros setores organizados\u00a0demonstraram que n\u00e3o aceitar\u00e3o que um presidente ileg\u00edtimo, afundado em uma s\u00e9rie de den\u00fancias nas dela\u00e7\u00f5es da opera\u00e7\u00e3o Lava Jato, siga no comando do Pal\u00e1cio do Planalto tentando aprovar reformas que amea\u00e7am direitos e colocam em risco o futuro de milhares de pessoas.<\/p>\n<p>Ao longo do dia, com a repercuss\u00e3o das grava\u00e7\u00f5es apresentadas na noite da quarta-feira (17) pelo empres\u00e1rio Joesley Batista, da JBS, controladora da Friboi, <strong><span style=\"color: #0000ff;\"><a style=\"color: #0000ff;\" href=\"http:\/\/www.psol50.org.br\/blog\/2017\/05\/17\/o-governo-temer-acabou-e-hora-de-derrota-lo-nas-ruas\/\" target=\"_blank\" rel=\"noopener noreferrer\">apontando que Temer comprou o sil\u00eancio do ex-presidente da C\u00e2mara e deputado cassado, Eduardo Cunha<\/a>,<\/span><\/strong>\u00a0a convoca\u00e7\u00e3o dos\u00a0atos pelo #ForaTemer\u00a0ganhou for\u00e7a e repercuss\u00e3o nas redes sociais, garantindo grandes e belas manifesta\u00e7\u00f5es nas principais capitais. Bras\u00edlia, S\u00e3o Paulo, Rio de Janeiro, Belo Horizonte, Bel\u00e9m, Vit\u00f3ria, Salvador, Recife, Porto Alegre, Florian\u00f3polis, Fortaleza e tantas outras encerraram a quinta-feira pedindo o <a href=\"http:\/\/www.psol50.org.br\/blog\/2017\/05\/18\/oposicao-protocola-impeachment-coletivo-de-temer\/\" target=\"_blank\" rel=\"noopener noreferrer\"><strong><span style=\"color: #0000ff;\">impeachment do presidente ileg\u00edtimo<\/span><\/strong><\/a> e a queda de aliados, como o <a href=\"http:\/\/www.psol50.org.br\/blog\/2017\/05\/18\/psol-defende-imediata-prisao-de-aecio-neves-ja-afastado-do-mandato-de-senador\/\" target=\"_blank\" rel=\"noopener noreferrer\"><strong><span style=\"color: #0000ff;\">presidente do PSDB, senador\u00a0A\u00e9cio Neves<\/span><\/strong><\/a>, e todo o primeiro escal\u00e3o do governo envolvido no esquema de corrup\u00e7\u00e3o.<\/p>\n<p><img loading=\"lazy\" decoding=\"async\" class=\"size-medium wp-image-19382 aligncenter\" src=\"http:\/\/www.psol50.org.br\/inc\/uploads\/2017\/05\/Ato_Rio_DanielaOrofino-1-600x399.jpg\" alt=\"\" width=\"600\" height=\"399\" \/><\/p>\n<p>O PSOL, por meio de sua milit\u00e2ncia organizada em v\u00e1rios movimentos sociais e tamb\u00e9m dos seus mandatos, esteve em todas elas. A cobertura ao vivo pelo <a href=\"https:\/\/www.facebook.com\/psol50oficial\/\" target=\"_blank\" rel=\"noopener noreferrer\"><span style=\"color: #0000ff;\"><strong>Facebook do partido<\/strong><\/span><\/a>, direto de algumas capitais, mostrou o peso das mobiliza\u00e7\u00f5es.<\/p>\n<p>Apesar do car\u00e1ter tranquilo dado pelos manifestantes, em algumas cidades, como o Rio de Janeiro, a Pol\u00edcia Militar, mais uma vez, utilizou da trucul\u00eancia para dispersar o ato. Na Cinel\u00e2ndia, a PM violenta atacou com bombas de g\u00e1s lacrimog\u00eanio e balas de borracha. Na capital do pa\u00eds, tamb\u00e9m houve uso de g\u00e1s e spray de pimenta ao final da manifesta\u00e7\u00e3o e agress\u00e3o a manifestantes que voltavam pra casa, na Rodovi\u00e1ria do Plano Piloto.<\/p>\n<p>Confira, abaixo, cenas dos atos pelo pa\u00eds.<\/p>\n<p><strong><br \/>\nBras\u00edlia<\/strong><\/p>\n<p>https:\/\/www.facebook.com\/psol50oficial\/videos\/710334449128192\/<\/p>\n<p>&nbsp;<\/p>\n<p><strong><br \/>\nS\u00e3o Paulo<\/strong><\/p>\n<p>https:\/\/www.facebook.com\/psol50oficial\/videos\/710349395793364\/<\/p>\n<p>&nbsp;<\/p>\n<p><strong><br \/>\nRio de Janeiro<\/strong><\/p>\n<p>https:\/\/www.facebook.com\/psol50oficial\/videos\/710342205794083\/<\/p>\n<p>&nbsp;<\/p>\n<p><strong><br \/>\nBelo Horizonte<\/strong><\/p>\n<p>https:\/\/www.facebook.com\/psol50oficial\/videos\/710322755796028\/<\/p>\n<p>&nbsp;<\/p>\n<p><strong><br \/>\nBel\u00e9m<\/strong><\/p>\n<p>https:\/\/www.facebook.com\/psol50oficial\/videos\/710342379127399\/<\/p>\n<p>&nbsp;<\/p>\n<p><strong><br \/>\nConfira o momento em que a PM dispersou o ato no Rio de Janeiro<\/strong><\/p>\n<p>https:\/\/www.facebook.com\/MidiaNINJA\/videos\/891123537712459\/<\/p>\n","protected":false},"excerpt":{"rendered":"<p>A noite desta quinta-feira (18\/05) foi marcada por\u00a0grandes\u00a0manifesta\u00e7\u00f5es em v\u00e1rias cidades do pa\u00eds. Atendendo ao chamado das frentes Povo Sem Medo e Brasil Popular e de diversas organiza\u00e7\u00f5es sociais, o povo brasileiro foi \u00e0s ruas pedir a imediata sa\u00edda de Michel Temer da Presid\u00eancia da Rep\u00fablica e tamb\u00e9m a convoca\u00e7\u00e3o de novas elei\u00e7\u00f5es diretas. Em [&hellip;]<\/p>\n","protected":false},"author":2,"featured_media":19384,"comment_status":"open","ping_status":"open","sticky":false,"template":"","format":"standard","meta":{"_acf_changed":false,"footnotes":""},"categories":[1882,1104,6],"tags":[3242,3243,3063,2963,220,3221,3244,314,1748,1749,22],"class_list":{"0":"post-16815","1":"post","2":"type-post","3":"status-publish","4":"format-standard","5":"has-post-thumbnail","7":"category-brasil","8":"category-movimento","9":"category-noticias","10":"tag-diretasja","11":"tag-foratemer","12":"tag-aecio-neves","13":"tag-friboi","14":"tag-impeachment","15":"tag-jbs","16":"tag-joesley-batista","17":"tag-manifestacoes","18":"tag-michel-temer","19":"tag-operacao-lava-jato","20":"tag-psol"},"acf":[],"yoast_head":"<!-- This site is optimized with the Yoast SEO plugin v26.5 - https:\/\/yoast.com\/wordpress\/plugins\/seo\/ -->\n<title>Nas ruas de todo o pa\u00eds, o povo pede a sa\u00edda de Temer e a convoca\u00e7\u00e3o de novas elei\u00e7\u00f5es - PSOL 50<\/title>\n<meta name=\"robots\" content=\"index, follow, max-snippet:-1, max-image-preview:large, max-video-preview:-1\" \/>\n<link rel=\"canonical\" href=\"https:\/\/psol50.org.br\/nas-ruas-de-todo-o-pais-o-povo-pede-a-saida-de-temer-e-a-convocacao-de-novas-eleicoes\/\" \/>\n<meta property=\"og:locale\" content=\"pt_BR\" \/>\n<meta property=\"og:type\" content=\"article\" \/>\n<meta property=\"og:title\" content=\"Nas ruas de todo o pa\u00eds, o povo pede a sa\u00edda de Temer e a convoca\u00e7\u00e3o de novas elei\u00e7\u00f5es - PSOL 50\" \/>\n<meta property=\"og:description\" content=\"A noite desta quinta-feira (18\/05) foi marcada por\u00a0grandes\u00a0manifesta\u00e7\u00f5es em v\u00e1rias cidades do pa\u00eds. Atendendo ao chamado das frentes Povo Sem Medo e Brasil Popular e de diversas organiza\u00e7\u00f5es sociais, o povo brasileiro foi \u00e0s ruas pedir a imediata sa\u00edda de Michel Temer da Presid\u00eancia da Rep\u00fablica e tamb\u00e9m a convoca\u00e7\u00e3o de novas elei\u00e7\u00f5es diretas. Em [&hellip;]\" \/>\n<meta property=\"og:url\" content=\"https:\/\/psol50.org.br\/nas-ruas-de-todo-o-pais-o-povo-pede-a-saida-de-temer-e-a-convocacao-de-novas-eleicoes\/\" \/>\n<meta property=\"og:site_name\" content=\"PSOL 50\" \/>\n<meta property=\"article:publisher\" content=\"https:\/\/www.facebook.com\/psol50\" \/>\n<meta property=\"article:published_time\" content=\"2017-05-19T13:09:44+00:00\" \/>\n<meta property=\"og:image\" content=\"https:\/\/psol50.org.br\/inc\/uploads\/2017\/05\/Ato_Vitoria_Nunah-1.jpg\" \/>\n\t<meta property=\"og:image:width\" content=\"1350\" \/>\n\t<meta property=\"og:image:height\" content=\"900\" \/>\n\t<meta property=\"og:image:type\" content=\"image\/jpeg\" \/>\n<meta name=\"author\" content=\"Comunica\u00e7\u00e3o PSOL\" \/>\n<meta name=\"twitter:card\" content=\"summary_large_image\" \/>\n<meta name=\"twitter:creator\" content=\"@psol50\" \/>\n<meta name=\"twitter:site\" content=\"@psol50\" \/>\n<meta name=\"twitter:label1\" content=\"Escrito por\" \/>\n\t<meta name=\"twitter:data1\" content=\"Comunica\u00e7\u00e3o PSOL\" \/>\n\t<meta name=\"twitter:label2\" content=\"Est. tempo de leitura\" \/>\n\t<meta name=\"twitter:data2\" content=\"2 minutos\" \/>\n<script type=\"application\/ld+json\" class=\"yoast-schema-graph\">{\"@context\":\"https:\/\/schema.org\",\"@graph\":[{\"@type\":\"Article\",\"@id\":\"https:\/\/psol50.org.br\/nas-ruas-de-todo-o-pais-o-povo-pede-a-saida-de-temer-e-a-convocacao-de-novas-eleicoes\/#article\",\"isPartOf\":{\"@id\":\"https:\/\/psol50.org.br\/nas-ruas-de-todo-o-pais-o-povo-pede-a-saida-de-temer-e-a-convocacao-de-novas-eleicoes\/\"},\"author\":{\"name\":\"Comunica\u00e7\u00e3o PSOL\",\"@id\":\"https:\/\/psol50.org.br\/#\/schema\/person\/475dfa57d0b815993c714c2e96491fcd\"},\"headline\":\"Nas ruas de todo o pa\u00eds, o povo pede a sa\u00edda de Temer e a convoca\u00e7\u00e3o de novas elei\u00e7\u00f5es\",\"datePublished\":\"2017-05-19T13:09:44+00:00\",\"mainEntityOfPage\":{\"@id\":\"https:\/\/psol50.org.br\/nas-ruas-de-todo-o-pais-o-povo-pede-a-saida-de-temer-e-a-convocacao-de-novas-eleicoes\/\"},\"wordCount\":512,\"commentCount\":0,\"publisher\":{\"@id\":\"https:\/\/psol50.org.br\/#organization\"},\"image\":{\"@id\":\"https:\/\/psol50.org.br\/nas-ruas-de-todo-o-pais-o-povo-pede-a-saida-de-temer-e-a-convocacao-de-novas-eleicoes\/#primaryimage\"},\"thumbnailUrl\":\"https:\/\/psol50.org.br\/inc\/uploads\/2017\/05\/Ato_Vitoria_Nunah-1.jpg\",\"keywords\":[\"#DiretasJ\u00e1\",\"#foratemer\",\"A\u00e9cio Neves\",\"Friboi\",\"impeachment\",\"JBS\",\"Joesley Batista\",\"manifesta\u00e7\u00f5es\",\"Michel Temer\",\"Opera\u00e7\u00e3o Lava-Jato\",\"PSOL\"],\"articleSection\":[\"Brasil\",\"Movimento\",\"Not\u00edcias\"],\"inLanguage\":\"pt-BR\",\"potentialAction\":[{\"@type\":\"CommentAction\",\"name\":\"Comment\",\"target\":[\"https:\/\/psol50.org.br\/nas-ruas-de-todo-o-pais-o-povo-pede-a-saida-de-temer-e-a-convocacao-de-novas-eleicoes\/#respond\"]}]},{\"@type\":\"WebPage\",\"@id\":\"https:\/\/psol50.org.br\/nas-ruas-de-todo-o-pais-o-povo-pede-a-saida-de-temer-e-a-convocacao-de-novas-eleicoes\/\",\"url\":\"https:\/\/psol50.org.br\/nas-ruas-de-todo-o-pais-o-povo-pede-a-saida-de-temer-e-a-convocacao-de-novas-eleicoes\/\",\"name\":\"Nas ruas de todo o pa\u00eds, o povo pede a sa\u00edda de Temer e a convoca\u00e7\u00e3o de novas elei\u00e7\u00f5es - PSOL 50\",\"isPartOf\":{\"@id\":\"https:\/\/psol50.org.br\/#website\"},\"primaryImageOfPage\":{\"@id\":\"https:\/\/psol50.org.br\/nas-ruas-de-todo-o-pais-o-povo-pede-a-saida-de-temer-e-a-convocacao-de-novas-eleicoes\/#primaryimage\"},\"image\":{\"@id\":\"https:\/\/psol50.org.br\/nas-ruas-de-todo-o-pais-o-povo-pede-a-saida-de-temer-e-a-convocacao-de-novas-eleicoes\/#primaryimage\"},\"thumbnailUrl\":\"https:\/\/psol50.org.br\/inc\/uploads\/2017\/05\/Ato_Vitoria_Nunah-1.jpg\",\"datePublished\":\"2017-05-19T13:09:44+00:00\",\"breadcrumb\":{\"@id\":\"https:\/\/psol50.org.br\/nas-ruas-de-todo-o-pais-o-povo-pede-a-saida-de-temer-e-a-convocacao-de-novas-eleicoes\/#breadcrumb\"},\"inLanguage\":\"pt-BR\",\"potentialAction\":[{\"@type\":\"ReadAction\",\"target\":[\"https:\/\/psol50.org.br\/nas-ruas-de-todo-o-pais-o-povo-pede-a-saida-de-temer-e-a-convocacao-de-novas-eleicoes\/\"]}]},{\"@type\":\"ImageObject\",\"inLanguage\":\"pt-BR\",\"@id\":\"https:\/\/psol50.org.br\/nas-ruas-de-todo-o-pais-o-povo-pede-a-saida-de-temer-e-a-convocacao-de-novas-eleicoes\/#primaryimage\",\"url\":\"https:\/\/psol50.org.br\/inc\/uploads\/2017\/05\/Ato_Vitoria_Nunah-1.jpg\",\"contentUrl\":\"https:\/\/psol50.org.br\/inc\/uploads\/2017\/05\/Ato_Vitoria_Nunah-1.jpg\",\"width\":1350,\"height\":900},{\"@type\":\"BreadcrumbList\",\"@id\":\"https:\/\/psol50.org.br\/nas-ruas-de-todo-o-pais-o-povo-pede-a-saida-de-temer-e-a-convocacao-de-novas-eleicoes\/#breadcrumb\",\"itemListElement\":[{\"@type\":\"ListItem\",\"position\":1,\"name\":\"In\u00edcio\",\"item\":\"https:\/\/psol50.org.br\/\"},{\"@type\":\"ListItem\",\"position\":2,\"name\":\"Nas ruas de todo o pa\u00eds, o povo pede a sa\u00edda de Temer e a convoca\u00e7\u00e3o de novas elei\u00e7\u00f5es\"}]},{\"@type\":\"WebSite\",\"@id\":\"https:\/\/psol50.org.br\/#website\",\"url\":\"https:\/\/psol50.org.br\/\",\"name\":\"PSOL 50\",\"description\":\"Site oficial do Partido Socialismo e Liberdade\",\"publisher\":{\"@id\":\"https:\/\/psol50.org.br\/#organization\"},\"alternateName\":\"PSOL50\",\"potentialAction\":[{\"@type\":\"SearchAction\",\"target\":{\"@type\":\"EntryPoint\",\"urlTemplate\":\"https:\/\/psol50.org.br\/?s={search_term_string}\"},\"query-input\":{\"@type\":\"PropertyValueSpecification\",\"valueRequired\":true,\"valueName\":\"search_term_string\"}}],\"inLanguage\":\"pt-BR\"},{\"@type\":\"Organization\",\"@id\":\"https:\/\/psol50.org.br\/#organization\",\"name\":\"PSOL 50\",\"alternateName\":\"PSOL 50\",\"url\":\"https:\/\/psol50.org.br\/\",\"logo\":{\"@type\":\"ImageObject\",\"inLanguage\":\"pt-BR\",\"@id\":\"https:\/\/psol50.org.br\/#\/schema\/logo\/image\/\",\"url\":\"https:\/\/psol50.org.br\/inc\/uploads\/2018\/07\/capa.png\",\"contentUrl\":\"https:\/\/psol50.org.br\/inc\/uploads\/2018\/07\/capa.png\",\"width\":1350,\"height\":900,\"caption\":\"PSOL 50\"},\"image\":{\"@id\":\"https:\/\/psol50.org.br\/#\/schema\/logo\/image\/\"},\"sameAs\":[\"https:\/\/www.facebook.com\/psol50\",\"https:\/\/x.com\/psol50\",\"https:\/\/www.instagram.com\/psol50\/\",\"https:\/\/www.youtube.com\/channel\/UC7SnJS5o1os7a6CaiNabzcg\"]},{\"@type\":\"Person\",\"@id\":\"https:\/\/psol50.org.br\/#\/schema\/person\/475dfa57d0b815993c714c2e96491fcd\",\"name\":\"Comunica\u00e7\u00e3o PSOL\",\"image\":{\"@type\":\"ImageObject\",\"inLanguage\":\"pt-BR\",\"@id\":\"https:\/\/psol50.org.br\/#\/schema\/person\/image\/\",\"url\":\"https:\/\/secure.gravatar.com\/avatar\/b34fc4f4e468a4e51785917065a3db57b841f5c95dba6ad8c73aaf8f66f8f9bf?s=96&d=mm&r=g\",\"contentUrl\":\"https:\/\/secure.gravatar.com\/avatar\/b34fc4f4e468a4e51785917065a3db57b841f5c95dba6ad8c73aaf8f66f8f9bf?s=96&d=mm&r=g\",\"caption\":\"Comunica\u00e7\u00e3o PSOL\"}}]}<\/script>\n<!-- \/ Yoast SEO plugin. -->","yoast_head_json":{"title":"Nas ruas de todo o pa\u00eds, o povo pede a sa\u00edda de Temer e a convoca\u00e7\u00e3o de novas elei\u00e7\u00f5es - PSOL 50","robots":{"index":"index","follow":"follow","max-snippet":"max-snippet:-1","max-image-preview":"max-image-preview:large","max-video-preview":"max-video-preview:-1"},"canonical":"https:\/\/psol50.org.br\/nas-ruas-de-todo-o-pais-o-povo-pede-a-saida-de-temer-e-a-convocacao-de-novas-eleicoes\/","og_locale":"pt_BR","og_type":"article","og_title":"Nas ruas de todo o pa\u00eds, o povo pede a sa\u00edda de Temer e a convoca\u00e7\u00e3o de novas elei\u00e7\u00f5es - PSOL 50","og_description":"A noite desta quinta-feira (18\/05) foi marcada por\u00a0grandes\u00a0manifesta\u00e7\u00f5es em v\u00e1rias cidades do pa\u00eds. Atendendo ao chamado das frentes Povo Sem Medo e Brasil Popular e de diversas organiza\u00e7\u00f5es sociais, o povo brasileiro foi \u00e0s ruas pedir a imediata sa\u00edda de Michel Temer da Presid\u00eancia da Rep\u00fablica e tamb\u00e9m a convoca\u00e7\u00e3o de novas elei\u00e7\u00f5es diretas. Em [&hellip;]","og_url":"https:\/\/psol50.org.br\/nas-ruas-de-todo-o-pais-o-povo-pede-a-saida-de-temer-e-a-convocacao-de-novas-eleicoes\/","og_site_name":"PSOL 50","article_publisher":"https:\/\/www.facebook.com\/psol50","article_published_time":"2017-05-19T13:09:44+00:00","og_image":[{"width":1350,"height":900,"url":"https:\/\/psol50.org.br\/inc\/uploads\/2017\/05\/Ato_Vitoria_Nunah-1.jpg","type":"image\/jpeg"}],"author":"Comunica\u00e7\u00e3o PSOL","twitter_card":"summary_large_image","twitter_creator":"@psol50","twitter_site":"@psol50","twitter_misc":{"Escrito por":"Comunica\u00e7\u00e3o PSOL","Est. tempo de leitura":"2 minutos"},"schema":{"@context":"https:\/\/schema.org","@graph":[{"@type":"Article","@id":"https:\/\/psol50.org.br\/nas-ruas-de-todo-o-pais-o-povo-pede-a-saida-de-temer-e-a-convocacao-de-novas-eleicoes\/#article","isPartOf":{"@id":"https:\/\/psol50.org.br\/nas-ruas-de-todo-o-pais-o-povo-pede-a-saida-de-temer-e-a-convocacao-de-novas-eleicoes\/"},"author":{"name":"Comunica\u00e7\u00e3o PSOL","@id":"https:\/\/psol50.org.br\/#\/schema\/person\/475dfa57d0b815993c714c2e96491fcd"},"headline":"Nas ruas de todo o pa\u00eds, o povo pede a sa\u00edda de Temer e a convoca\u00e7\u00e3o de novas elei\u00e7\u00f5es","datePublished":"2017-05-19T13:09:44+00:00","mainEntityOfPage":{"@id":"https:\/\/psol50.org.br\/nas-ruas-de-todo-o-pais-o-povo-pede-a-saida-de-temer-e-a-convocacao-de-novas-eleicoes\/"},"wordCount":512,"commentCount":0,"publisher":{"@id":"https:\/\/psol50.org.br\/#organization"},"image":{"@id":"https:\/\/psol50.org.br\/nas-ruas-de-todo-o-pais-o-povo-pede-a-saida-de-temer-e-a-convocacao-de-novas-eleicoes\/#primaryimage"},"thumbnailUrl":"https:\/\/psol50.org.br\/inc\/uploads\/2017\/05\/Ato_Vitoria_Nunah-1.jpg","keywords":["#DiretasJ\u00e1","#foratemer","A\u00e9cio Neves","Friboi","impeachment","JBS","Joesley Batista","manifesta\u00e7\u00f5es","Michel Temer","Opera\u00e7\u00e3o Lava-Jato","PSOL"],"articleSection":["Brasil","Movimento","Not\u00edcias"],"inLanguage":"pt-BR","potentialAction":[{"@type":"CommentAction","name":"Comment","target":["https:\/\/psol50.org.br\/nas-ruas-de-todo-o-pais-o-povo-pede-a-saida-de-temer-e-a-convocacao-de-novas-eleicoes\/#respond"]}]},{"@type":"WebPage","@id":"https:\/\/psol50.org.br\/nas-ruas-de-todo-o-pais-o-povo-pede-a-saida-de-temer-e-a-convocacao-de-novas-eleicoes\/","url":"https:\/\/psol50.org.br\/nas-ruas-de-todo-o-pais-o-povo-pede-a-saida-de-temer-e-a-convocacao-de-novas-eleicoes\/","name":"Nas ruas de todo o pa\u00eds, o povo pede a sa\u00edda de Temer e a convoca\u00e7\u00e3o de novas elei\u00e7\u00f5es - PSOL 50","isPartOf":{"@id":"https:\/\/psol50.org.br\/#website"},"primaryImageOfPage":{"@id":"https:\/\/psol50.org.br\/nas-ruas-de-todo-o-pais-o-povo-pede-a-saida-de-temer-e-a-convocacao-de-novas-eleicoes\/#primaryimage"},"image":{"@id":"https:\/\/psol50.org.br\/nas-ruas-de-todo-o-pais-o-povo-pede-a-saida-de-temer-e-a-convocacao-de-novas-eleicoes\/#primaryimage"},"thumbnailUrl":"https:\/\/psol50.org.br\/inc\/uploads\/2017\/05\/Ato_Vitoria_Nunah-1.jpg","datePublished":"2017-05-19T13:09:44+00:00","breadcrumb":{"@id":"https:\/\/psol50.org.br\/nas-ruas-de-todo-o-pais-o-povo-pede-a-saida-de-temer-e-a-convocacao-de-novas-eleicoes\/#breadcrumb"},"inLanguage":"pt-BR","potentialAction":[{"@type":"ReadAction","target":["https:\/\/psol50.org.br\/nas-ruas-de-todo-o-pais-o-povo-pede-a-saida-de-temer-e-a-convocacao-de-novas-eleicoes\/"]}]},{"@type":"ImageObject","inLanguage":"pt-BR","@id":"https:\/\/psol50.org.br\/nas-ruas-de-todo-o-pais-o-povo-pede-a-saida-de-temer-e-a-convocacao-de-novas-eleicoes\/#primaryimage","url":"https:\/\/psol50.org.br\/inc\/uploads\/2017\/05\/Ato_Vitoria_Nunah-1.jpg","contentUrl":"https:\/\/psol50.org.br\/inc\/uploads\/2017\/05\/Ato_Vitoria_Nunah-1.jpg","width":1350,"height":900},{"@type":"BreadcrumbList","@id":"https:\/\/psol50.org.br\/nas-ruas-de-todo-o-pais-o-povo-pede-a-saida-de-temer-e-a-convocacao-de-novas-eleicoes\/#breadcrumb","itemListElement":[{"@type":"ListItem","position":1,"name":"In\u00edcio","item":"https:\/\/psol50.org.br\/"},{"@type":"ListItem","position":2,"name":"Nas ruas de todo o pa\u00eds, o povo pede a sa\u00edda de Temer e a convoca\u00e7\u00e3o de novas elei\u00e7\u00f5es"}]},{"@type":"WebSite","@id":"https:\/\/psol50.org.br\/#website","url":"https:\/\/psol50.org.br\/","name":"PSOL 50","description":"Site oficial do Partido Socialismo e Liberdade","publisher":{"@id":"https:\/\/psol50.org.br\/#organization"},"alternateName":"PSOL50","potentialAction":[{"@type":"SearchAction","target":{"@type":"EntryPoint","urlTemplate":"https:\/\/psol50.org.br\/?s={search_term_string}"},"query-input":{"@type":"PropertyValueSpecification","valueRequired":true,"valueName":"search_term_string"}}],"inLanguage":"pt-BR"},{"@type":"Organization","@id":"https:\/\/psol50.org.br\/#organization","name":"PSOL 50","alternateName":"PSOL 50","url":"https:\/\/psol50.org.br\/","logo":{"@type":"ImageObject","inLanguage":"pt-BR","@id":"https:\/\/psol50.org.br\/#\/schema\/logo\/image\/","url":"https:\/\/psol50.org.br\/inc\/uploads\/2018\/07\/capa.png","contentUrl":"https:\/\/psol50.org.br\/inc\/uploads\/2018\/07\/capa.png","width":1350,"height":900,"caption":"PSOL 50"},"image":{"@id":"https:\/\/psol50.org.br\/#\/schema\/logo\/image\/"},"sameAs":["https:\/\/www.facebook.com\/psol50","https:\/\/x.com\/psol50","https:\/\/www.instagram.com\/psol50\/","https:\/\/www.youtube.com\/channel\/UC7SnJS5o1os7a6CaiNabzcg"]},{"@type":"Person","@id":"https:\/\/psol50.org.br\/#\/schema\/person\/475dfa57d0b815993c714c2e96491fcd","name":"Comunica\u00e7\u00e3o PSOL","image":{"@type":"ImageObject","inLanguage":"pt-BR","@id":"https:\/\/psol50.org.br\/#\/schema\/person\/image\/","url":"https:\/\/secure.gravatar.com\/avatar\/b34fc4f4e468a4e51785917065a3db57b841f5c95dba6ad8c73aaf8f66f8f9bf?s=96&d=mm&r=g","contentUrl":"https:\/\/secure.gravatar.com\/avatar\/b34fc4f4e468a4e51785917065a3db57b841f5c95dba6ad8c73aaf8f66f8f9bf?s=96&d=mm&r=g","caption":"Comunica\u00e7\u00e3o PSOL"}}]}},"_links":{"self":[{"href":"https:\/\/psol50.org.br\/rest\/wp\/v2\/posts\/16815","targetHints":{"allow":["GET"]}}],"collection":[{"href":"https:\/\/psol50.org.br\/rest\/wp\/v2\/posts"}],"about":[{"href":"https:\/\/psol50.org.br\/rest\/wp\/v2\/types\/post"}],"author":[{"embeddable":true,"href":"https:\/\/psol50.org.br\/rest\/wp\/v2\/users\/2"}],"replies":[{"embeddable":true,"href":"https:\/\/psol50.org.br\/rest\/wp\/v2\/comments?post=16815"}],"version-history":[{"count":0,"href":"https:\/\/psol50.org.br\/rest\/wp\/v2\/posts\/16815\/revisions"}],"wp:featuredmedia":[{"embeddable":true,"href":"https:\/\/psol50.org.br\/rest\/wp\/v2\/media\/19384"}],"wp:attachment":[{"href":"https:\/\/psol50.org.br\/rest\/wp\/v2\/media?parent=16815"}],"wp:term":[{"taxonomy":"category","embeddable":true,"href":"https:\/\/psol50.org.br\/rest\/wp\/v2\/categories?post=16815"},{"taxonomy":"post_tag","embeddable":true,"href":"https:\/\/psol50.org.br\/rest\/wp\/v2\/tags?post=16815"}],"curies":[{"name":"wp","href":"https:\/\/api.w.org\/{rel}","templated":true}]}}