{"id":16818,"date":"2017-05-22T13:44:57","date_gmt":"2017-05-22T13:44:57","guid":{"rendered":"http:\/\/www.psol50.org.br\/?p=16664"},"modified":"2017-05-22T13:44:57","modified_gmt":"2017-05-22T13:44:57","slug":"nesta-terca-tem-psol-na-tv-chamando-o-povo-a-lutar-por-eleicoes-diretas-e-contra-as-reformas","status":"publish","type":"post","link":"https:\/\/psol50.org.br\/nesta-terca-tem-psol-na-tv-chamando-o-povo-a-lutar-por-eleicoes-diretas-e-contra-as-reformas\/","title":{"rendered":"Nesta ter\u00e7a tem PSOL na TV, chamando o povo a lutar por elei\u00e7\u00f5es diretas e contra as reformas"},"content":{"rendered":"<p>O primeiro programa pol\u00edtico do PSOL vai ao ar nesta ter\u00e7a-feira (23\/05), \u00e0s 20h30, em todas as emissoras de TV aberta e tamb\u00e9m nas emissoras de r\u00e1dio de todo o pa\u00eds. Ser\u00e3o dez minutos de programa, com a participa\u00e7\u00e3o da deputada Luiza Erundina (SP), dos deputados Ivan Valente (SP), Chico Alencar (RJ), Edmilson Rodrigues (PA), Glauber Braga (RJ) e Jean Wyllys (RJ), do deputado estadual Marcelo Freixo (RJ) e da dirigente nacional\u00a0do partido, Luciana Genro.<\/p>\n<p>Produzido pela Molotov Filmes, o programa do PSOL vai destacar o que todo o pa\u00eds tem dito nas \u00faltimas semanas: Michel Temer n\u00e3o tem mais condi\u00e7\u00f5es de continuar \u00e0 frente do Pal\u00e1cio do Planalto. Afundado, a cada novo dia, em den\u00fancias de envolvimento no esquema investigado pela opera\u00e7\u00e3o Lava Jato, o presidente ileg\u00edtimo precisa sair, com urg\u00eancia, do comando do pa\u00eds. Nesse sentido, as lideran\u00e7as do PSOL chamam a popula\u00e7\u00e3o a lutar pela convoca\u00e7\u00e3o de elei\u00e7\u00f5es diretas e tamb\u00e9m a ampliar as mobiliza\u00e7\u00f5es para derrotar as reformas da Previd\u00eancia e trabalhista, em tramita\u00e7\u00e3o no Congresso Nacional. Al\u00e9m disso, convida\u00a0todos os brasileiros a participarem da grande marcha do Ocupa Bras\u00edlia, marcada para quarta-feira (24).<\/p>\n<figure id=\"attachment_16666\" aria-describedby=\"caption-attachment-16666\" style=\"width: 600px\" class=\"wp-caption aligncenter\"><img loading=\"lazy\" decoding=\"async\" class=\"wp-image-16666\" src=\"http:\/\/www.psol50.org.br\/inc\/uploads\/2017\/05\/ProgramaTV2-1024x768.jpg\" alt=\"\" width=\"600\" height=\"450\" \/><figcaption id=\"caption-attachment-16666\" class=\"wp-caption-text\"><em>Foto: Pedro Ekman<\/em><\/figcaption><\/figure>\n<p>&#8220;O programa tem como objetivo central mostrar que o governo Temer e suas reformas n\u00e3o se sustentam mais, que as elei\u00e7\u00f5es diretas s\u00e3o a \u00fanica forma de barrar os ataques aos direitos sociais. O programa convida todas e todos a se levantar contra o golpe que mant\u00e9m o pa\u00eds ref\u00e9m de uma plutocracia s\u00f3rdida&#8221;, destaca o diretor da Molotov Filmes e produtor do programa, Pedro Ekman.<\/p>\n<p><strong>Ficha t\u00e9cnica<\/strong><br \/>\nRealiza\u00e7\u00e3o: Molotov Filmes<br \/>\nRoteiro e Dire\u00e7\u00e3o: Pedro Ekman<br \/>\nProdu\u00e7\u00e3o: Juliana Bruce<br \/>\nFotografia e edi\u00e7\u00e3o: Glauber Brasil<br \/>\nTrilha Sonora Original de A\u00edla: &#8220;Ser\u00e1&#8221; e &#8220;Cl\u00e3 da P\u00e1 Virada&#8221;<br \/>\nParticipa\u00e7\u00e3o Especial: A\u00edla e Wagner Moura<br \/>\nColor Zumbi Post<br \/>\nMixagem Confraria de Sons e Charutos<\/p>\n<figure id=\"attachment_16667\" aria-describedby=\"caption-attachment-16667\" style=\"width: 600px\" class=\"wp-caption aligncenter\"><img loading=\"lazy\" decoding=\"async\" class=\"wp-image-16667\" src=\"http:\/\/www.psol50.org.br\/inc\/uploads\/2017\/05\/ProgramaTV3-1024x768.jpg\" alt=\"\" width=\"600\" height=\"450\" \/><figcaption id=\"caption-attachment-16667\" class=\"wp-caption-text\"><em>Foto: Pedro Ekman<\/em><\/figcaption><\/figure>\n<p>&nbsp;<\/p>\n","protected":false},"excerpt":{"rendered":"<p>O primeiro programa pol\u00edtico do PSOL vai ao ar nesta ter\u00e7a-feira (23\/05), \u00e0s 20h30, em todas as emissoras de TV aberta e tamb\u00e9m nas emissoras de r\u00e1dio de todo o pa\u00eds. Ser\u00e3o dez minutos de programa, com a participa\u00e7\u00e3o da deputada Luiza Erundina (SP), dos deputados Ivan Valente (SP), Chico Alencar (RJ), Edmilson Rodrigues (PA), [&hellip;]<\/p>\n","protected":false},"author":2,"featured_media":16665,"comment_status":"open","ping_status":"open","sticky":false,"template":"","format":"standard","meta":{"_acf_changed":false,"footnotes":""},"categories":[1882,6,14],"tags":[3243,3143,1748,3067,3141,3249,3250,22,3068,3251,2246,3252],"class_list":{"0":"post-16818","1":"post","2":"type-post","3":"status-publish","4":"format-standard","5":"has-post-thumbnail","7":"category-brasil","8":"category-noticias","9":"category-partido","10":"tag-foratemer","11":"tag-eleicoes-diretas","12":"tag-michel-temer","13":"tag-molotov-filmes","14":"tag-ocupa-brasilia","15":"tag-pedro-ekman","16":"tag-programa-politico","17":"tag-psol","18":"tag-psol-na-tv","19":"tag-radio","20":"tag-reformas","21":"tag-tv-aberta"},"acf":[],"yoast_head":"<!-- This site is optimized with the Yoast SEO plugin v26.5 - https:\/\/yoast.com\/wordpress\/plugins\/seo\/ -->\n<title>Nesta ter\u00e7a tem PSOL na TV, chamando o povo a lutar por elei\u00e7\u00f5es diretas e contra as reformas - PSOL 50<\/title>\n<meta name=\"robots\" content=\"index, follow, max-snippet:-1, max-image-preview:large, max-video-preview:-1\" \/>\n<link rel=\"canonical\" href=\"https:\/\/psol50.org.br\/nesta-terca-tem-psol-na-tv-chamando-o-povo-a-lutar-por-eleicoes-diretas-e-contra-as-reformas\/\" \/>\n<meta property=\"og:locale\" content=\"pt_BR\" \/>\n<meta property=\"og:type\" content=\"article\" \/>\n<meta property=\"og:title\" content=\"Nesta ter\u00e7a tem PSOL na TV, chamando o povo a lutar por elei\u00e7\u00f5es diretas e contra as reformas - PSOL 50\" \/>\n<meta property=\"og:description\" content=\"O primeiro programa pol\u00edtico do PSOL vai ao ar nesta ter\u00e7a-feira (23\/05), \u00e0s 20h30, em todas as emissoras de TV aberta e tamb\u00e9m nas emissoras de r\u00e1dio de todo o pa\u00eds. Ser\u00e3o dez minutos de programa, com a participa\u00e7\u00e3o da deputada Luiza Erundina (SP), dos deputados Ivan Valente (SP), Chico Alencar (RJ), Edmilson Rodrigues (PA), [&hellip;]\" \/>\n<meta property=\"og:url\" content=\"https:\/\/psol50.org.br\/nesta-terca-tem-psol-na-tv-chamando-o-povo-a-lutar-por-eleicoes-diretas-e-contra-as-reformas\/\" \/>\n<meta property=\"og:site_name\" content=\"PSOL 50\" \/>\n<meta property=\"article:publisher\" content=\"https:\/\/www.facebook.com\/psol50\" \/>\n<meta property=\"article:published_time\" content=\"2017-05-22T13:44:57+00:00\" \/>\n<meta property=\"og:image\" content=\"https:\/\/psol50.org.br\/inc\/uploads\/2018\/07\/capa.png\" \/>\n\t<meta property=\"og:image:width\" content=\"1350\" \/>\n\t<meta property=\"og:image:height\" content=\"900\" \/>\n\t<meta property=\"og:image:type\" content=\"image\/png\" \/>\n<meta name=\"author\" content=\"Comunica\u00e7\u00e3o PSOL\" \/>\n<meta name=\"twitter:card\" content=\"summary_large_image\" \/>\n<meta name=\"twitter:creator\" content=\"@psol50\" \/>\n<meta name=\"twitter:site\" content=\"@psol50\" \/>\n<meta name=\"twitter:label1\" content=\"Escrito por\" \/>\n\t<meta name=\"twitter:data1\" content=\"Comunica\u00e7\u00e3o PSOL\" \/>\n\t<meta name=\"twitter:label2\" content=\"Est. tempo de leitura\" \/>\n\t<meta name=\"twitter:data2\" content=\"2 minutos\" \/>\n<script type=\"application\/ld+json\" class=\"yoast-schema-graph\">{\"@context\":\"https:\/\/schema.org\",\"@graph\":[{\"@type\":\"Article\",\"@id\":\"https:\/\/psol50.org.br\/nesta-terca-tem-psol-na-tv-chamando-o-povo-a-lutar-por-eleicoes-diretas-e-contra-as-reformas\/#article\",\"isPartOf\":{\"@id\":\"https:\/\/psol50.org.br\/nesta-terca-tem-psol-na-tv-chamando-o-povo-a-lutar-por-eleicoes-diretas-e-contra-as-reformas\/\"},\"author\":{\"name\":\"Comunica\u00e7\u00e3o PSOL\",\"@id\":\"https:\/\/psol50.org.br\/#\/schema\/person\/475dfa57d0b815993c714c2e96491fcd\"},\"headline\":\"Nesta ter\u00e7a tem PSOL na TV, chamando o povo a lutar por elei\u00e7\u00f5es diretas e contra as reformas\",\"datePublished\":\"2017-05-22T13:44:57+00:00\",\"mainEntityOfPage\":{\"@id\":\"https:\/\/psol50.org.br\/nesta-terca-tem-psol-na-tv-chamando-o-povo-a-lutar-por-eleicoes-diretas-e-contra-as-reformas\/\"},\"wordCount\":379,\"commentCount\":0,\"publisher\":{\"@id\":\"https:\/\/psol50.org.br\/#organization\"},\"image\":{\"@id\":\"https:\/\/psol50.org.br\/nesta-terca-tem-psol-na-tv-chamando-o-povo-a-lutar-por-eleicoes-diretas-e-contra-as-reformas\/#primaryimage\"},\"thumbnailUrl\":\"\",\"keywords\":[\"#foratemer\",\"elei\u00e7\u00f5es diretas\",\"Michel Temer\",\"Molotov Filmes\",\"Ocupa Bras\u00edlia\",\"Pedro Ekman\",\"programa pol\u00edtico\",\"PSOL\",\"PSOL na TV\",\"r\u00e1dio\",\"reformas\",\"TV aberta\"],\"articleSection\":[\"Brasil\",\"Not\u00edcias\",\"Partido\"],\"inLanguage\":\"pt-BR\",\"potentialAction\":[{\"@type\":\"CommentAction\",\"name\":\"Comment\",\"target\":[\"https:\/\/psol50.org.br\/nesta-terca-tem-psol-na-tv-chamando-o-povo-a-lutar-por-eleicoes-diretas-e-contra-as-reformas\/#respond\"]}]},{\"@type\":\"WebPage\",\"@id\":\"https:\/\/psol50.org.br\/nesta-terca-tem-psol-na-tv-chamando-o-povo-a-lutar-por-eleicoes-diretas-e-contra-as-reformas\/\",\"url\":\"https:\/\/psol50.org.br\/nesta-terca-tem-psol-na-tv-chamando-o-povo-a-lutar-por-eleicoes-diretas-e-contra-as-reformas\/\",\"name\":\"Nesta ter\u00e7a tem PSOL na TV, chamando o povo a lutar por elei\u00e7\u00f5es diretas e contra as reformas - PSOL 50\",\"isPartOf\":{\"@id\":\"https:\/\/psol50.org.br\/#website\"},\"primaryImageOfPage\":{\"@id\":\"https:\/\/psol50.org.br\/nesta-terca-tem-psol-na-tv-chamando-o-povo-a-lutar-por-eleicoes-diretas-e-contra-as-reformas\/#primaryimage\"},\"image\":{\"@id\":\"https:\/\/psol50.org.br\/nesta-terca-tem-psol-na-tv-chamando-o-povo-a-lutar-por-eleicoes-diretas-e-contra-as-reformas\/#primaryimage\"},\"thumbnailUrl\":\"\",\"datePublished\":\"2017-05-22T13:44:57+00:00\",\"breadcrumb\":{\"@id\":\"https:\/\/psol50.org.br\/nesta-terca-tem-psol-na-tv-chamando-o-povo-a-lutar-por-eleicoes-diretas-e-contra-as-reformas\/#breadcrumb\"},\"inLanguage\":\"pt-BR\",\"potentialAction\":[{\"@type\":\"ReadAction\",\"target\":[\"https:\/\/psol50.org.br\/nesta-terca-tem-psol-na-tv-chamando-o-povo-a-lutar-por-eleicoes-diretas-e-contra-as-reformas\/\"]}]},{\"@type\":\"ImageObject\",\"inLanguage\":\"pt-BR\",\"@id\":\"https:\/\/psol50.org.br\/nesta-terca-tem-psol-na-tv-chamando-o-povo-a-lutar-por-eleicoes-diretas-e-contra-as-reformas\/#primaryimage\",\"url\":\"\",\"contentUrl\":\"\"},{\"@type\":\"BreadcrumbList\",\"@id\":\"https:\/\/psol50.org.br\/nesta-terca-tem-psol-na-tv-chamando-o-povo-a-lutar-por-eleicoes-diretas-e-contra-as-reformas\/#breadcrumb\",\"itemListElement\":[{\"@type\":\"ListItem\",\"position\":1,\"name\":\"In\u00edcio\",\"item\":\"https:\/\/psol50.org.br\/\"},{\"@type\":\"ListItem\",\"position\":2,\"name\":\"Nesta ter\u00e7a tem PSOL na TV, chamando o povo a lutar por elei\u00e7\u00f5es diretas e contra as reformas\"}]},{\"@type\":\"WebSite\",\"@id\":\"https:\/\/psol50.org.br\/#website\",\"url\":\"https:\/\/psol50.org.br\/\",\"name\":\"PSOL 50\",\"description\":\"Site oficial do Partido Socialismo e Liberdade\",\"publisher\":{\"@id\":\"https:\/\/psol50.org.br\/#organization\"},\"alternateName\":\"PSOL50\",\"potentialAction\":[{\"@type\":\"SearchAction\",\"target\":{\"@type\":\"EntryPoint\",\"urlTemplate\":\"https:\/\/psol50.org.br\/?s={search_term_string}\"},\"query-input\":{\"@type\":\"PropertyValueSpecification\",\"valueRequired\":true,\"valueName\":\"search_term_string\"}}],\"inLanguage\":\"pt-BR\"},{\"@type\":\"Organization\",\"@id\":\"https:\/\/psol50.org.br\/#organization\",\"name\":\"PSOL 50\",\"alternateName\":\"PSOL 50\",\"url\":\"https:\/\/psol50.org.br\/\",\"logo\":{\"@type\":\"ImageObject\",\"inLanguage\":\"pt-BR\",\"@id\":\"https:\/\/psol50.org.br\/#\/schema\/logo\/image\/\",\"url\":\"https:\/\/psol50.org.br\/inc\/uploads\/2018\/07\/capa.png\",\"contentUrl\":\"https:\/\/psol50.org.br\/inc\/uploads\/2018\/07\/capa.png\",\"width\":1350,\"height\":900,\"caption\":\"PSOL 50\"},\"image\":{\"@id\":\"https:\/\/psol50.org.br\/#\/schema\/logo\/image\/\"},\"sameAs\":[\"https:\/\/www.facebook.com\/psol50\",\"https:\/\/x.com\/psol50\",\"https:\/\/www.instagram.com\/psol50\/\",\"https:\/\/www.youtube.com\/channel\/UC7SnJS5o1os7a6CaiNabzcg\"]},{\"@type\":\"Person\",\"@id\":\"https:\/\/psol50.org.br\/#\/schema\/person\/475dfa57d0b815993c714c2e96491fcd\",\"name\":\"Comunica\u00e7\u00e3o PSOL\",\"image\":{\"@type\":\"ImageObject\",\"inLanguage\":\"pt-BR\",\"@id\":\"https:\/\/psol50.org.br\/#\/schema\/person\/image\/\",\"url\":\"https:\/\/secure.gravatar.com\/avatar\/b34fc4f4e468a4e51785917065a3db57b841f5c95dba6ad8c73aaf8f66f8f9bf?s=96&d=mm&r=g\",\"contentUrl\":\"https:\/\/secure.gravatar.com\/avatar\/b34fc4f4e468a4e51785917065a3db57b841f5c95dba6ad8c73aaf8f66f8f9bf?s=96&d=mm&r=g\",\"caption\":\"Comunica\u00e7\u00e3o PSOL\"}}]}<\/script>\n<!-- \/ Yoast SEO plugin. -->","yoast_head_json":{"title":"Nesta ter\u00e7a tem PSOL na TV, chamando o povo a lutar por elei\u00e7\u00f5es diretas e contra as reformas - PSOL 50","robots":{"index":"index","follow":"follow","max-snippet":"max-snippet:-1","max-image-preview":"max-image-preview:large","max-video-preview":"max-video-preview:-1"},"canonical":"https:\/\/psol50.org.br\/nesta-terca-tem-psol-na-tv-chamando-o-povo-a-lutar-por-eleicoes-diretas-e-contra-as-reformas\/","og_locale":"pt_BR","og_type":"article","og_title":"Nesta ter\u00e7a tem PSOL na TV, chamando o povo a lutar por elei\u00e7\u00f5es diretas e contra as reformas - PSOL 50","og_description":"O primeiro programa pol\u00edtico do PSOL vai ao ar nesta ter\u00e7a-feira (23\/05), \u00e0s 20h30, em todas as emissoras de TV aberta e tamb\u00e9m nas emissoras de r\u00e1dio de todo o pa\u00eds. Ser\u00e3o dez minutos de programa, com a participa\u00e7\u00e3o da deputada Luiza Erundina (SP), dos deputados Ivan Valente (SP), Chico Alencar (RJ), Edmilson Rodrigues (PA), [&hellip;]","og_url":"https:\/\/psol50.org.br\/nesta-terca-tem-psol-na-tv-chamando-o-povo-a-lutar-por-eleicoes-diretas-e-contra-as-reformas\/","og_site_name":"PSOL 50","article_publisher":"https:\/\/www.facebook.com\/psol50","article_published_time":"2017-05-22T13:44:57+00:00","og_image":[{"width":1350,"height":900,"url":"https:\/\/psol50.org.br\/inc\/uploads\/2018\/07\/capa.png","type":"image\/png"}],"author":"Comunica\u00e7\u00e3o PSOL","twitter_card":"summary_large_image","twitter_creator":"@psol50","twitter_site":"@psol50","twitter_misc":{"Escrito por":"Comunica\u00e7\u00e3o PSOL","Est. tempo de leitura":"2 minutos"},"schema":{"@context":"https:\/\/schema.org","@graph":[{"@type":"Article","@id":"https:\/\/psol50.org.br\/nesta-terca-tem-psol-na-tv-chamando-o-povo-a-lutar-por-eleicoes-diretas-e-contra-as-reformas\/#article","isPartOf":{"@id":"https:\/\/psol50.org.br\/nesta-terca-tem-psol-na-tv-chamando-o-povo-a-lutar-por-eleicoes-diretas-e-contra-as-reformas\/"},"author":{"name":"Comunica\u00e7\u00e3o PSOL","@id":"https:\/\/psol50.org.br\/#\/schema\/person\/475dfa57d0b815993c714c2e96491fcd"},"headline":"Nesta ter\u00e7a tem PSOL na TV, chamando o povo a lutar por elei\u00e7\u00f5es diretas e contra as reformas","datePublished":"2017-05-22T13:44:57+00:00","mainEntityOfPage":{"@id":"https:\/\/psol50.org.br\/nesta-terca-tem-psol-na-tv-chamando-o-povo-a-lutar-por-eleicoes-diretas-e-contra-as-reformas\/"},"wordCount":379,"commentCount":0,"publisher":{"@id":"https:\/\/psol50.org.br\/#organization"},"image":{"@id":"https:\/\/psol50.org.br\/nesta-terca-tem-psol-na-tv-chamando-o-povo-a-lutar-por-eleicoes-diretas-e-contra-as-reformas\/#primaryimage"},"thumbnailUrl":"","keywords":["#foratemer","elei\u00e7\u00f5es diretas","Michel Temer","Molotov Filmes","Ocupa Bras\u00edlia","Pedro Ekman","programa pol\u00edtico","PSOL","PSOL na TV","r\u00e1dio","reformas","TV aberta"],"articleSection":["Brasil","Not\u00edcias","Partido"],"inLanguage":"pt-BR","potentialAction":[{"@type":"CommentAction","name":"Comment","target":["https:\/\/psol50.org.br\/nesta-terca-tem-psol-na-tv-chamando-o-povo-a-lutar-por-eleicoes-diretas-e-contra-as-reformas\/#respond"]}]},{"@type":"WebPage","@id":"https:\/\/psol50.org.br\/nesta-terca-tem-psol-na-tv-chamando-o-povo-a-lutar-por-eleicoes-diretas-e-contra-as-reformas\/","url":"https:\/\/psol50.org.br\/nesta-terca-tem-psol-na-tv-chamando-o-povo-a-lutar-por-eleicoes-diretas-e-contra-as-reformas\/","name":"Nesta ter\u00e7a tem PSOL na TV, chamando o povo a lutar por elei\u00e7\u00f5es diretas e contra as reformas - PSOL 50","isPartOf":{"@id":"https:\/\/psol50.org.br\/#website"},"primaryImageOfPage":{"@id":"https:\/\/psol50.org.br\/nesta-terca-tem-psol-na-tv-chamando-o-povo-a-lutar-por-eleicoes-diretas-e-contra-as-reformas\/#primaryimage"},"image":{"@id":"https:\/\/psol50.org.br\/nesta-terca-tem-psol-na-tv-chamando-o-povo-a-lutar-por-eleicoes-diretas-e-contra-as-reformas\/#primaryimage"},"thumbnailUrl":"","datePublished":"2017-05-22T13:44:57+00:00","breadcrumb":{"@id":"https:\/\/psol50.org.br\/nesta-terca-tem-psol-na-tv-chamando-o-povo-a-lutar-por-eleicoes-diretas-e-contra-as-reformas\/#breadcrumb"},"inLanguage":"pt-BR","potentialAction":[{"@type":"ReadAction","target":["https:\/\/psol50.org.br\/nesta-terca-tem-psol-na-tv-chamando-o-povo-a-lutar-por-eleicoes-diretas-e-contra-as-reformas\/"]}]},{"@type":"ImageObject","inLanguage":"pt-BR","@id":"https:\/\/psol50.org.br\/nesta-terca-tem-psol-na-tv-chamando-o-povo-a-lutar-por-eleicoes-diretas-e-contra-as-reformas\/#primaryimage","url":"","contentUrl":""},{"@type":"BreadcrumbList","@id":"https:\/\/psol50.org.br\/nesta-terca-tem-psol-na-tv-chamando-o-povo-a-lutar-por-eleicoes-diretas-e-contra-as-reformas\/#breadcrumb","itemListElement":[{"@type":"ListItem","position":1,"name":"In\u00edcio","item":"https:\/\/psol50.org.br\/"},{"@type":"ListItem","position":2,"name":"Nesta ter\u00e7a tem PSOL na TV, chamando o povo a lutar por elei\u00e7\u00f5es diretas e contra as reformas"}]},{"@type":"WebSite","@id":"https:\/\/psol50.org.br\/#website","url":"https:\/\/psol50.org.br\/","name":"PSOL 50","description":"Site oficial do Partido Socialismo e Liberdade","publisher":{"@id":"https:\/\/psol50.org.br\/#organization"},"alternateName":"PSOL50","potentialAction":[{"@type":"SearchAction","target":{"@type":"EntryPoint","urlTemplate":"https:\/\/psol50.org.br\/?s={search_term_string}"},"query-input":{"@type":"PropertyValueSpecification","valueRequired":true,"valueName":"search_term_string"}}],"inLanguage":"pt-BR"},{"@type":"Organization","@id":"https:\/\/psol50.org.br\/#organization","name":"PSOL 50","alternateName":"PSOL 50","url":"https:\/\/psol50.org.br\/","logo":{"@type":"ImageObject","inLanguage":"pt-BR","@id":"https:\/\/psol50.org.br\/#\/schema\/logo\/image\/","url":"https:\/\/psol50.org.br\/inc\/uploads\/2018\/07\/capa.png","contentUrl":"https:\/\/psol50.org.br\/inc\/uploads\/2018\/07\/capa.png","width":1350,"height":900,"caption":"PSOL 50"},"image":{"@id":"https:\/\/psol50.org.br\/#\/schema\/logo\/image\/"},"sameAs":["https:\/\/www.facebook.com\/psol50","https:\/\/x.com\/psol50","https:\/\/www.instagram.com\/psol50\/","https:\/\/www.youtube.com\/channel\/UC7SnJS5o1os7a6CaiNabzcg"]},{"@type":"Person","@id":"https:\/\/psol50.org.br\/#\/schema\/person\/475dfa57d0b815993c714c2e96491fcd","name":"Comunica\u00e7\u00e3o PSOL","image":{"@type":"ImageObject","inLanguage":"pt-BR","@id":"https:\/\/psol50.org.br\/#\/schema\/person\/image\/","url":"https:\/\/secure.gravatar.com\/avatar\/b34fc4f4e468a4e51785917065a3db57b841f5c95dba6ad8c73aaf8f66f8f9bf?s=96&d=mm&r=g","contentUrl":"https:\/\/secure.gravatar.com\/avatar\/b34fc4f4e468a4e51785917065a3db57b841f5c95dba6ad8c73aaf8f66f8f9bf?s=96&d=mm&r=g","caption":"Comunica\u00e7\u00e3o PSOL"}}]}},"_links":{"self":[{"href":"https:\/\/psol50.org.br\/rest\/wp\/v2\/posts\/16818","targetHints":{"allow":["GET"]}}],"collection":[{"href":"https:\/\/psol50.org.br\/rest\/wp\/v2\/posts"}],"about":[{"href":"https:\/\/psol50.org.br\/rest\/wp\/v2\/types\/post"}],"author":[{"embeddable":true,"href":"https:\/\/psol50.org.br\/rest\/wp\/v2\/users\/2"}],"replies":[{"embeddable":true,"href":"https:\/\/psol50.org.br\/rest\/wp\/v2\/comments?post=16818"}],"version-history":[{"count":0,"href":"https:\/\/psol50.org.br\/rest\/wp\/v2\/posts\/16818\/revisions"}],"wp:featuredmedia":[{"embeddable":true,"href":"https:\/\/psol50.org.br\/rest\/"}],"wp:attachment":[{"href":"https:\/\/psol50.org.br\/rest\/wp\/v2\/media?parent=16818"}],"wp:term":[{"taxonomy":"category","embeddable":true,"href":"https:\/\/psol50.org.br\/rest\/wp\/v2\/categories?post=16818"},{"taxonomy":"post_tag","embeddable":true,"href":"https:\/\/psol50.org.br\/rest\/wp\/v2\/tags?post=16818"}],"curies":[{"name":"wp","href":"https:\/\/api.w.org\/{rel}","templated":true}]}}