{"id":16821,"date":"2017-05-23T16:10:10","date_gmt":"2017-05-23T16:10:10","guid":{"rendered":"http:\/\/www.psol50.org.br\/?p=16700"},"modified":"2017-05-23T16:10:10","modified_gmt":"2017-05-23T16:10:10","slug":"edmilson-rodrigues-convoca-henrique-meirelles-para-explicar-atuacaco-no-grupo-jf","status":"publish","type":"post","link":"https:\/\/psol50.org.br\/edmilson-rodrigues-convoca-henrique-meirelles-para-explicar-atuacaco-no-grupo-jf\/","title":{"rendered":"Edmilson Rodrigues convoca Henrique Meirelles para explicar atua\u00e7\u00e3o no grupo J&#038;F"},"content":{"rendered":"<p>Poss\u00edvel indica\u00e7\u00e3o dos aliados de Michel Temer \u00e0s elei\u00e7\u00f5es indiretas para presid\u00eancia da Rep\u00fablica, o ministro da Fazenda Henrique Meirelles deve ser convocado pela Comiss\u00e3o de Finan\u00e7as e Tributa\u00e7\u00e3o da C\u00e2mara para prestar esclarecimentos sobre sua atua\u00e7\u00e3o, entre 2012 e 2016, no grupo empresarial J&amp;F Participa\u00e7\u00f5es, <em>holding<\/em> propriet\u00e1ria do grupo JBS. Isso porque o\u00a0deputado Edmilson Rodrigues (PSOL-PA) protocolou nesta ter\u00e7a-feira\u00a0(23\/05) requerimento na CFT, comiss\u00e3o da qual \u00e9 membro, para que a convoca\u00e7\u00e3o de Mirelles seja votada na quarta-feira (24). Para o deputado, \u00e9 urgente que o ministro esclare\u00e7a seu papel no grupo empresarial J&amp;F em face das recentes declara\u00e7\u00f5es dos s\u00f3cios da referida empresa sobre propinas a pol\u00edticos que chegam a R$ 500 milh\u00f5es.<\/p>\n<p>Segundo declarou Henrique Meirelles\u00a0em 2016, sua participa\u00e7\u00e3o era apenas \u201cconsultiva\u201d. Contudo, em declara\u00e7\u00e3o publicada em 19 de mar\u00e7o de 2012 \u00e0 revista Exame, na reportagem \u201cO pre\u00e7o de Henrique Meirelles\u201d, o empres\u00e1rio Joesley Batista destaca o papel que o ministro deveria desempenhar. <em>\u201cO Meirelles n\u00e3o vai ser apenas um consultor. Vai cobrar resultados dos executivos e tra\u00e7ar estrat\u00e9gias para a expans\u00e3o do neg\u00f3cio\u201d, diz Batista. \u201cAgora \u00e9 com ele\u201d.<\/em><\/p>\n<p>\u201c\u00c9 importante, pois, saber a natureza das atividades desempenhadas pelo ministro. Se era, de fato, de car\u00e1ter consultivo ou como integrante do Conselho de Administra\u00e7\u00e3o da companhia, tomando decis\u00f5es estrat\u00e9gicas. Ressalte-se, ainda, que ele tamb\u00e9m foi presidente do Banco Original, que integra a estrutura da J&amp;F Participa\u00e7\u00f5es, pouco antes de assumir o Minist\u00e9rio da Fazenda, como demonstra a mat\u00e9ria veiculada na Folha de S\u00e3o Paulo em 19 de maio de 2017\u201d, ressalta o documento protocolado pelo deputado Edmilson.<\/p>\n<p>O <a href=\"http:\/\/www.psol50.org.br\/blog\/2017\/05\/18\/oposicao-protocola-impeachment-coletivo-de-temer\/\" target=\"_blank\" rel=\"noopener noreferrer\"><strong><span style=\"color: #0000ff;\">PSOL protocolou a\u00e7\u00e3o pedindo impeachment do governo Temer<\/span><\/strong><\/a> e tamb\u00e9m apoia a tramita\u00e7\u00e3o e aprova\u00e7\u00e3o da <a href=\"http:\/\/www.psol50.org.br\/blog\/2017\/05\/19\/pec-das-diretas-pode-impedir-que-congresso-decida-o-futuro-do-brasil\/\" target=\"_blank\" rel=\"noopener noreferrer\"><strong><span style=\"color: #0000ff;\">PEC 227\/2016<\/span><\/strong><\/a>, do deputado Miro Teixeira, que pretende alterar o texto Constitucional para determinar que, em caso de vac\u00e2ncia do cargo em at\u00e9 seis meses do fim do mandato, novas elei\u00e7\u00f5es diretas sejam convocadas no pa\u00eds. Segundo a justificativa:<em>\u00a0<\/em><em>\u201co Congresso Nacional deve devolver ao povo, em qualquer circunst\u00e2ncia, o direito de escolher o Presidente da Rep\u00fablica\u201d<\/em>.<\/p>\n","protected":false},"excerpt":{"rendered":"<p>Poss\u00edvel indica\u00e7\u00e3o dos aliados de Michel Temer \u00e0s elei\u00e7\u00f5es indiretas para presid\u00eancia da Rep\u00fablica, o ministro da Fazenda Henrique Meirelles deve ser convocado pela Comiss\u00e3o de Finan\u00e7as e Tributa\u00e7\u00e3o da C\u00e2mara para prestar esclarecimentos sobre sua atua\u00e7\u00e3o, entre 2012 e 2016, no grupo empresarial J&amp;F Participa\u00e7\u00f5es, holding propriet\u00e1ria do grupo JBS. Isso porque o\u00a0deputado Edmilson [&hellip;]<\/p>\n","protected":false},"author":2,"featured_media":16701,"comment_status":"open","ping_status":"open","sticky":false,"template":"","format":"standard","meta":{"_acf_changed":false,"footnotes":""},"categories":[10,1882,6],"tags":[212,973,2793,3274,3221,3244,1748,3270],"class_list":{"0":"post-16821","1":"post","2":"type-post","3":"status-publish","4":"format-standard","5":"has-post-thumbnail","7":"category-acao-parlamentares","8":"category-brasil","9":"category-noticias","10":"tag-convocacao","11":"tag-edmilson-rodrigues","12":"tag-henrique-meirelles","13":"tag-jf","14":"tag-jbs","15":"tag-joesley-batista","16":"tag-michel-temer","17":"tag-ministro-da-fazenda"},"acf":[],"yoast_head":"<!-- This site is optimized with the Yoast SEO plugin v26.5 - https:\/\/yoast.com\/wordpress\/plugins\/seo\/ -->\n<title>Edmilson Rodrigues convoca Henrique Meirelles para explicar atua\u00e7\u00e3o no grupo J&amp;F - PSOL 50<\/title>\n<meta name=\"robots\" content=\"index, follow, max-snippet:-1, max-image-preview:large, max-video-preview:-1\" \/>\n<link rel=\"canonical\" href=\"https:\/\/psol50.org.br\/edmilson-rodrigues-convoca-henrique-meirelles-para-explicar-atuacaco-no-grupo-jf\/\" \/>\n<meta property=\"og:locale\" content=\"pt_BR\" \/>\n<meta property=\"og:type\" content=\"article\" \/>\n<meta property=\"og:title\" content=\"Edmilson Rodrigues convoca Henrique Meirelles para explicar atua\u00e7\u00e3o no grupo J&amp;F - PSOL 50\" \/>\n<meta property=\"og:description\" content=\"Poss\u00edvel indica\u00e7\u00e3o dos aliados de Michel Temer \u00e0s elei\u00e7\u00f5es indiretas para presid\u00eancia da Rep\u00fablica, o ministro da Fazenda Henrique Meirelles deve ser convocado pela Comiss\u00e3o de Finan\u00e7as e Tributa\u00e7\u00e3o da C\u00e2mara para prestar esclarecimentos sobre sua atua\u00e7\u00e3o, entre 2012 e 2016, no grupo empresarial J&amp;F Participa\u00e7\u00f5es, holding propriet\u00e1ria do grupo JBS. Isso porque o\u00a0deputado Edmilson [&hellip;]\" \/>\n<meta property=\"og:url\" content=\"https:\/\/psol50.org.br\/edmilson-rodrigues-convoca-henrique-meirelles-para-explicar-atuacaco-no-grupo-jf\/\" \/>\n<meta property=\"og:site_name\" content=\"PSOL 50\" \/>\n<meta property=\"article:publisher\" content=\"https:\/\/www.facebook.com\/psol50\" \/>\n<meta property=\"article:published_time\" content=\"2017-05-23T16:10:10+00:00\" \/>\n<meta property=\"og:image\" content=\"https:\/\/psol50.org.br\/inc\/uploads\/2018\/07\/capa.png\" \/>\n\t<meta property=\"og:image:width\" content=\"1350\" \/>\n\t<meta property=\"og:image:height\" content=\"900\" \/>\n\t<meta property=\"og:image:type\" content=\"image\/png\" \/>\n<meta name=\"author\" content=\"Comunica\u00e7\u00e3o PSOL\" \/>\n<meta name=\"twitter:card\" content=\"summary_large_image\" \/>\n<meta name=\"twitter:creator\" content=\"@psol50\" \/>\n<meta name=\"twitter:site\" content=\"@psol50\" \/>\n<meta name=\"twitter:label1\" content=\"Escrito por\" \/>\n\t<meta name=\"twitter:data1\" content=\"Comunica\u00e7\u00e3o PSOL\" \/>\n\t<meta name=\"twitter:label2\" content=\"Est. tempo de leitura\" \/>\n\t<meta name=\"twitter:data2\" content=\"2 minutos\" \/>\n<script type=\"application\/ld+json\" class=\"yoast-schema-graph\">{\"@context\":\"https:\/\/schema.org\",\"@graph\":[{\"@type\":\"Article\",\"@id\":\"https:\/\/psol50.org.br\/edmilson-rodrigues-convoca-henrique-meirelles-para-explicar-atuacaco-no-grupo-jf\/#article\",\"isPartOf\":{\"@id\":\"https:\/\/psol50.org.br\/edmilson-rodrigues-convoca-henrique-meirelles-para-explicar-atuacaco-no-grupo-jf\/\"},\"author\":{\"name\":\"Comunica\u00e7\u00e3o PSOL\",\"@id\":\"https:\/\/psol50.org.br\/#\/schema\/person\/475dfa57d0b815993c714c2e96491fcd\"},\"headline\":\"Edmilson Rodrigues convoca Henrique Meirelles para explicar atua\u00e7\u00e3o no grupo J&#038;F\",\"datePublished\":\"2017-05-23T16:10:10+00:00\",\"mainEntityOfPage\":{\"@id\":\"https:\/\/psol50.org.br\/edmilson-rodrigues-convoca-henrique-meirelles-para-explicar-atuacaco-no-grupo-jf\/\"},\"wordCount\":389,\"commentCount\":0,\"publisher\":{\"@id\":\"https:\/\/psol50.org.br\/#organization\"},\"image\":{\"@id\":\"https:\/\/psol50.org.br\/edmilson-rodrigues-convoca-henrique-meirelles-para-explicar-atuacaco-no-grupo-jf\/#primaryimage\"},\"thumbnailUrl\":\"\",\"keywords\":[\"convoca\u00e7\u00e3o\",\"Edmilson Rodrigues\",\"Henrique Meirelles\",\"J&amp;F\",\"JBS\",\"Joesley Batista\",\"Michel Temer\",\"ministro da Fazenda\"],\"articleSection\":[\"A\u00e7\u00e3o Parlamentar\",\"Brasil\",\"Not\u00edcias\"],\"inLanguage\":\"pt-BR\",\"potentialAction\":[{\"@type\":\"CommentAction\",\"name\":\"Comment\",\"target\":[\"https:\/\/psol50.org.br\/edmilson-rodrigues-convoca-henrique-meirelles-para-explicar-atuacaco-no-grupo-jf\/#respond\"]}]},{\"@type\":\"WebPage\",\"@id\":\"https:\/\/psol50.org.br\/edmilson-rodrigues-convoca-henrique-meirelles-para-explicar-atuacaco-no-grupo-jf\/\",\"url\":\"https:\/\/psol50.org.br\/edmilson-rodrigues-convoca-henrique-meirelles-para-explicar-atuacaco-no-grupo-jf\/\",\"name\":\"Edmilson Rodrigues convoca Henrique Meirelles para explicar atua\u00e7\u00e3o no grupo J&F - PSOL 50\",\"isPartOf\":{\"@id\":\"https:\/\/psol50.org.br\/#website\"},\"primaryImageOfPage\":{\"@id\":\"https:\/\/psol50.org.br\/edmilson-rodrigues-convoca-henrique-meirelles-para-explicar-atuacaco-no-grupo-jf\/#primaryimage\"},\"image\":{\"@id\":\"https:\/\/psol50.org.br\/edmilson-rodrigues-convoca-henrique-meirelles-para-explicar-atuacaco-no-grupo-jf\/#primaryimage\"},\"thumbnailUrl\":\"\",\"datePublished\":\"2017-05-23T16:10:10+00:00\",\"breadcrumb\":{\"@id\":\"https:\/\/psol50.org.br\/edmilson-rodrigues-convoca-henrique-meirelles-para-explicar-atuacaco-no-grupo-jf\/#breadcrumb\"},\"inLanguage\":\"pt-BR\",\"potentialAction\":[{\"@type\":\"ReadAction\",\"target\":[\"https:\/\/psol50.org.br\/edmilson-rodrigues-convoca-henrique-meirelles-para-explicar-atuacaco-no-grupo-jf\/\"]}]},{\"@type\":\"ImageObject\",\"inLanguage\":\"pt-BR\",\"@id\":\"https:\/\/psol50.org.br\/edmilson-rodrigues-convoca-henrique-meirelles-para-explicar-atuacaco-no-grupo-jf\/#primaryimage\",\"url\":\"\",\"contentUrl\":\"\"},{\"@type\":\"BreadcrumbList\",\"@id\":\"https:\/\/psol50.org.br\/edmilson-rodrigues-convoca-henrique-meirelles-para-explicar-atuacaco-no-grupo-jf\/#breadcrumb\",\"itemListElement\":[{\"@type\":\"ListItem\",\"position\":1,\"name\":\"In\u00edcio\",\"item\":\"https:\/\/psol50.org.br\/\"},{\"@type\":\"ListItem\",\"position\":2,\"name\":\"Edmilson Rodrigues convoca Henrique Meirelles para explicar atua\u00e7\u00e3o no grupo J&#038;F\"}]},{\"@type\":\"WebSite\",\"@id\":\"https:\/\/psol50.org.br\/#website\",\"url\":\"https:\/\/psol50.org.br\/\",\"name\":\"PSOL 50\",\"description\":\"Site oficial do Partido Socialismo e Liberdade\",\"publisher\":{\"@id\":\"https:\/\/psol50.org.br\/#organization\"},\"alternateName\":\"PSOL50\",\"potentialAction\":[{\"@type\":\"SearchAction\",\"target\":{\"@type\":\"EntryPoint\",\"urlTemplate\":\"https:\/\/psol50.org.br\/?s={search_term_string}\"},\"query-input\":{\"@type\":\"PropertyValueSpecification\",\"valueRequired\":true,\"valueName\":\"search_term_string\"}}],\"inLanguage\":\"pt-BR\"},{\"@type\":\"Organization\",\"@id\":\"https:\/\/psol50.org.br\/#organization\",\"name\":\"PSOL 50\",\"alternateName\":\"PSOL 50\",\"url\":\"https:\/\/psol50.org.br\/\",\"logo\":{\"@type\":\"ImageObject\",\"inLanguage\":\"pt-BR\",\"@id\":\"https:\/\/psol50.org.br\/#\/schema\/logo\/image\/\",\"url\":\"https:\/\/psol50.org.br\/inc\/uploads\/2018\/07\/capa.png\",\"contentUrl\":\"https:\/\/psol50.org.br\/inc\/uploads\/2018\/07\/capa.png\",\"width\":1350,\"height\":900,\"caption\":\"PSOL 50\"},\"image\":{\"@id\":\"https:\/\/psol50.org.br\/#\/schema\/logo\/image\/\"},\"sameAs\":[\"https:\/\/www.facebook.com\/psol50\",\"https:\/\/x.com\/psol50\",\"https:\/\/www.instagram.com\/psol50\/\",\"https:\/\/www.youtube.com\/channel\/UC7SnJS5o1os7a6CaiNabzcg\"]},{\"@type\":\"Person\",\"@id\":\"https:\/\/psol50.org.br\/#\/schema\/person\/475dfa57d0b815993c714c2e96491fcd\",\"name\":\"Comunica\u00e7\u00e3o PSOL\",\"image\":{\"@type\":\"ImageObject\",\"inLanguage\":\"pt-BR\",\"@id\":\"https:\/\/psol50.org.br\/#\/schema\/person\/image\/\",\"url\":\"https:\/\/secure.gravatar.com\/avatar\/b34fc4f4e468a4e51785917065a3db57b841f5c95dba6ad8c73aaf8f66f8f9bf?s=96&d=mm&r=g\",\"contentUrl\":\"https:\/\/secure.gravatar.com\/avatar\/b34fc4f4e468a4e51785917065a3db57b841f5c95dba6ad8c73aaf8f66f8f9bf?s=96&d=mm&r=g\",\"caption\":\"Comunica\u00e7\u00e3o PSOL\"}}]}<\/script>\n<!-- \/ Yoast SEO plugin. -->","yoast_head_json":{"title":"Edmilson Rodrigues convoca Henrique Meirelles para explicar atua\u00e7\u00e3o no grupo J&F - PSOL 50","robots":{"index":"index","follow":"follow","max-snippet":"max-snippet:-1","max-image-preview":"max-image-preview:large","max-video-preview":"max-video-preview:-1"},"canonical":"https:\/\/psol50.org.br\/edmilson-rodrigues-convoca-henrique-meirelles-para-explicar-atuacaco-no-grupo-jf\/","og_locale":"pt_BR","og_type":"article","og_title":"Edmilson Rodrigues convoca Henrique Meirelles para explicar atua\u00e7\u00e3o no grupo J&F - PSOL 50","og_description":"Poss\u00edvel indica\u00e7\u00e3o dos aliados de Michel Temer \u00e0s elei\u00e7\u00f5es indiretas para presid\u00eancia da Rep\u00fablica, o ministro da Fazenda Henrique Meirelles deve ser convocado pela Comiss\u00e3o de Finan\u00e7as e Tributa\u00e7\u00e3o da C\u00e2mara para prestar esclarecimentos sobre sua atua\u00e7\u00e3o, entre 2012 e 2016, no grupo empresarial J&amp;F Participa\u00e7\u00f5es, holding propriet\u00e1ria do grupo JBS. Isso porque o\u00a0deputado Edmilson [&hellip;]","og_url":"https:\/\/psol50.org.br\/edmilson-rodrigues-convoca-henrique-meirelles-para-explicar-atuacaco-no-grupo-jf\/","og_site_name":"PSOL 50","article_publisher":"https:\/\/www.facebook.com\/psol50","article_published_time":"2017-05-23T16:10:10+00:00","og_image":[{"width":1350,"height":900,"url":"https:\/\/psol50.org.br\/inc\/uploads\/2018\/07\/capa.png","type":"image\/png"}],"author":"Comunica\u00e7\u00e3o PSOL","twitter_card":"summary_large_image","twitter_creator":"@psol50","twitter_site":"@psol50","twitter_misc":{"Escrito por":"Comunica\u00e7\u00e3o PSOL","Est. tempo de leitura":"2 minutos"},"schema":{"@context":"https:\/\/schema.org","@graph":[{"@type":"Article","@id":"https:\/\/psol50.org.br\/edmilson-rodrigues-convoca-henrique-meirelles-para-explicar-atuacaco-no-grupo-jf\/#article","isPartOf":{"@id":"https:\/\/psol50.org.br\/edmilson-rodrigues-convoca-henrique-meirelles-para-explicar-atuacaco-no-grupo-jf\/"},"author":{"name":"Comunica\u00e7\u00e3o PSOL","@id":"https:\/\/psol50.org.br\/#\/schema\/person\/475dfa57d0b815993c714c2e96491fcd"},"headline":"Edmilson Rodrigues convoca Henrique Meirelles para explicar atua\u00e7\u00e3o no grupo J&#038;F","datePublished":"2017-05-23T16:10:10+00:00","mainEntityOfPage":{"@id":"https:\/\/psol50.org.br\/edmilson-rodrigues-convoca-henrique-meirelles-para-explicar-atuacaco-no-grupo-jf\/"},"wordCount":389,"commentCount":0,"publisher":{"@id":"https:\/\/psol50.org.br\/#organization"},"image":{"@id":"https:\/\/psol50.org.br\/edmilson-rodrigues-convoca-henrique-meirelles-para-explicar-atuacaco-no-grupo-jf\/#primaryimage"},"thumbnailUrl":"","keywords":["convoca\u00e7\u00e3o","Edmilson Rodrigues","Henrique Meirelles","J&amp;F","JBS","Joesley Batista","Michel Temer","ministro da Fazenda"],"articleSection":["A\u00e7\u00e3o Parlamentar","Brasil","Not\u00edcias"],"inLanguage":"pt-BR","potentialAction":[{"@type":"CommentAction","name":"Comment","target":["https:\/\/psol50.org.br\/edmilson-rodrigues-convoca-henrique-meirelles-para-explicar-atuacaco-no-grupo-jf\/#respond"]}]},{"@type":"WebPage","@id":"https:\/\/psol50.org.br\/edmilson-rodrigues-convoca-henrique-meirelles-para-explicar-atuacaco-no-grupo-jf\/","url":"https:\/\/psol50.org.br\/edmilson-rodrigues-convoca-henrique-meirelles-para-explicar-atuacaco-no-grupo-jf\/","name":"Edmilson Rodrigues convoca Henrique Meirelles para explicar atua\u00e7\u00e3o no grupo J&F - PSOL 50","isPartOf":{"@id":"https:\/\/psol50.org.br\/#website"},"primaryImageOfPage":{"@id":"https:\/\/psol50.org.br\/edmilson-rodrigues-convoca-henrique-meirelles-para-explicar-atuacaco-no-grupo-jf\/#primaryimage"},"image":{"@id":"https:\/\/psol50.org.br\/edmilson-rodrigues-convoca-henrique-meirelles-para-explicar-atuacaco-no-grupo-jf\/#primaryimage"},"thumbnailUrl":"","datePublished":"2017-05-23T16:10:10+00:00","breadcrumb":{"@id":"https:\/\/psol50.org.br\/edmilson-rodrigues-convoca-henrique-meirelles-para-explicar-atuacaco-no-grupo-jf\/#breadcrumb"},"inLanguage":"pt-BR","potentialAction":[{"@type":"ReadAction","target":["https:\/\/psol50.org.br\/edmilson-rodrigues-convoca-henrique-meirelles-para-explicar-atuacaco-no-grupo-jf\/"]}]},{"@type":"ImageObject","inLanguage":"pt-BR","@id":"https:\/\/psol50.org.br\/edmilson-rodrigues-convoca-henrique-meirelles-para-explicar-atuacaco-no-grupo-jf\/#primaryimage","url":"","contentUrl":""},{"@type":"BreadcrumbList","@id":"https:\/\/psol50.org.br\/edmilson-rodrigues-convoca-henrique-meirelles-para-explicar-atuacaco-no-grupo-jf\/#breadcrumb","itemListElement":[{"@type":"ListItem","position":1,"name":"In\u00edcio","item":"https:\/\/psol50.org.br\/"},{"@type":"ListItem","position":2,"name":"Edmilson Rodrigues convoca Henrique Meirelles para explicar atua\u00e7\u00e3o no grupo J&#038;F"}]},{"@type":"WebSite","@id":"https:\/\/psol50.org.br\/#website","url":"https:\/\/psol50.org.br\/","name":"PSOL 50","description":"Site oficial do Partido Socialismo e Liberdade","publisher":{"@id":"https:\/\/psol50.org.br\/#organization"},"alternateName":"PSOL50","potentialAction":[{"@type":"SearchAction","target":{"@type":"EntryPoint","urlTemplate":"https:\/\/psol50.org.br\/?s={search_term_string}"},"query-input":{"@type":"PropertyValueSpecification","valueRequired":true,"valueName":"search_term_string"}}],"inLanguage":"pt-BR"},{"@type":"Organization","@id":"https:\/\/psol50.org.br\/#organization","name":"PSOL 50","alternateName":"PSOL 50","url":"https:\/\/psol50.org.br\/","logo":{"@type":"ImageObject","inLanguage":"pt-BR","@id":"https:\/\/psol50.org.br\/#\/schema\/logo\/image\/","url":"https:\/\/psol50.org.br\/inc\/uploads\/2018\/07\/capa.png","contentUrl":"https:\/\/psol50.org.br\/inc\/uploads\/2018\/07\/capa.png","width":1350,"height":900,"caption":"PSOL 50"},"image":{"@id":"https:\/\/psol50.org.br\/#\/schema\/logo\/image\/"},"sameAs":["https:\/\/www.facebook.com\/psol50","https:\/\/x.com\/psol50","https:\/\/www.instagram.com\/psol50\/","https:\/\/www.youtube.com\/channel\/UC7SnJS5o1os7a6CaiNabzcg"]},{"@type":"Person","@id":"https:\/\/psol50.org.br\/#\/schema\/person\/475dfa57d0b815993c714c2e96491fcd","name":"Comunica\u00e7\u00e3o PSOL","image":{"@type":"ImageObject","inLanguage":"pt-BR","@id":"https:\/\/psol50.org.br\/#\/schema\/person\/image\/","url":"https:\/\/secure.gravatar.com\/avatar\/b34fc4f4e468a4e51785917065a3db57b841f5c95dba6ad8c73aaf8f66f8f9bf?s=96&d=mm&r=g","contentUrl":"https:\/\/secure.gravatar.com\/avatar\/b34fc4f4e468a4e51785917065a3db57b841f5c95dba6ad8c73aaf8f66f8f9bf?s=96&d=mm&r=g","caption":"Comunica\u00e7\u00e3o PSOL"}}]}},"_links":{"self":[{"href":"https:\/\/psol50.org.br\/rest\/wp\/v2\/posts\/16821","targetHints":{"allow":["GET"]}}],"collection":[{"href":"https:\/\/psol50.org.br\/rest\/wp\/v2\/posts"}],"about":[{"href":"https:\/\/psol50.org.br\/rest\/wp\/v2\/types\/post"}],"author":[{"embeddable":true,"href":"https:\/\/psol50.org.br\/rest\/wp\/v2\/users\/2"}],"replies":[{"embeddable":true,"href":"https:\/\/psol50.org.br\/rest\/wp\/v2\/comments?post=16821"}],"version-history":[{"count":0,"href":"https:\/\/psol50.org.br\/rest\/wp\/v2\/posts\/16821\/revisions"}],"wp:featuredmedia":[{"embeddable":true,"href":"https:\/\/psol50.org.br\/rest\/"}],"wp:attachment":[{"href":"https:\/\/psol50.org.br\/rest\/wp\/v2\/media?parent=16821"}],"wp:term":[{"taxonomy":"category","embeddable":true,"href":"https:\/\/psol50.org.br\/rest\/wp\/v2\/categories?post=16821"},{"taxonomy":"post_tag","embeddable":true,"href":"https:\/\/psol50.org.br\/rest\/wp\/v2\/tags?post=16821"}],"curies":[{"name":"wp","href":"https:\/\/api.w.org\/{rel}","templated":true}]}}