{"id":16828,"date":"2017-06-02T15:22:00","date_gmt":"2017-06-02T15:22:00","guid":{"rendered":"http:\/\/www.psol50.org.br\/?p=16828"},"modified":"2017-06-02T15:22:00","modified_gmt":"2017-06-02T15:22:00","slug":"alerj-aprova-projeto-de-marcelo-freixo-que-homenageia-vitimas-de-violencia-do-estado","status":"publish","type":"post","link":"https:\/\/psol50.org.br\/alerj-aprova-projeto-de-marcelo-freixo-que-homenageia-vitimas-de-violencia-do-estado\/","title":{"rendered":"Alerj aprova projeto de Marcelo Freixo que homenageia v\u00edtimas de viol\u00eancia do Estado"},"content":{"rendered":"<p>A Assembleia Legislativo do Estado do Rio de Janeiro (Alerj) aprovou, na \u00faltima quarta-feira (31\/05), projeto de autoria do deputado <a href=\"https:\/\/www.facebook.com\/MarceloFreixoPsol\/\" target=\"_blank\" rel=\"noopener noreferrer\"><strong><span style=\"color: #0000ff;\">Marcelo Freixo (PSOL)<\/span><\/strong><\/a>, instituindo a Semana Estadual das Pessoas V\u00edtimas de Viol\u00eancia no Estado do Rio de Janeiro, que ser\u00e1 celebrada entre os dias 12 e 19 de maio, m\u00eas das m\u00e3es. O <a href=\"http:\/\/alerjln1.alerj.rj.gov.br\/scpro1519.nsf\/18c1dd68f96be3e7832566ec0018d833\/5784d63d6e274fa483257fb10065b656?OpenDocument\" target=\"_blank\" rel=\"noopener noreferrer\"><span style=\"color: #0000ff;\"><strong>PL 1789\/2016<\/strong><\/span><\/a> foi elaborado\u00a0a partir da demanda do movimento de m\u00e3es de v\u00edtimas da viol\u00eancia e teve como base a Lei n\u00ba 15.501\/2014, do Estado de S\u00e3o Paulo, que criou a semana em\u00a0homenagem\u00a0\u00e0s m\u00e3es de v\u00edtimas no m\u00eas de maio. Aprovada em 2014, a lei foi\u00a0consequ\u00eancia de uma luta intensa do Movimento Independente M\u00e3es de Maio, que nasceu ap\u00f3s os Crimes de Maio de 2006, quando o Estado de S\u00e3o Paulo sofreu uma onda de viol\u00eancia com a morte de 500 pessoas, sendo a maioria jovens negros e pobres.<\/p>\n<p>\u201c\u00c9 o primeiro passo que o Estado d\u00e1 reconhecimento\u00a0\u00e0s v\u00edtimas que ele mesmo faz, que ele mesmo produz. E essa lei vem mostrar que, atrav\u00e9s da nossa luta, a gente faz perpetuar, sim, a mem\u00f3ria dos nossos filhos. Que n\u00f3s estamos a\u00ed e n\u00e3o vamos deixar que esque\u00e7am o que esse Estado racista, excludente, classista, genocida fez com os nossos filhos\u201d, disse, \u00e0 Ponte Jornalismo, Ana Paula de Oliveira, m\u00e3e de<strong><span style=\"color: #0000ff;\"> <a style=\"color: #0000ff;\" href=\"http:\/\/ponte.org\/pm-que-matou-jovem-com-tiro-nas-costas-na-favela-de-manguinhos-no-rio-cai-em-contradicao\/\">Johnatha de Oliveira Lima, morto aos 19 anos com um tiro nas costas por um policial da UPP de Manguinhos, em maio de 2014<\/a>.\u00a0<\/span><\/strong><\/p>\n<p>Na justificativa do projeto, Freixo destaca que\u00a0<span style=\"font-family: georgia, palatino, serif;\">o Mapa da Viol\u00eancia\u00a0mostra que 59.273 pessoas foram assassinadas com emprego de arma de fogo, no per\u00edodo compreendido entre os anos de 2002 e 2012. &#8220;Com isso, quase 60 mil fam\u00edlias convivem diariamente com a dor da perda e a ang\u00fastia provocada pelo desafio da reconstru\u00e7\u00e3o de suas vidas com a aus\u00eancia de entes queridos. A semana compreendida de 12 a 19 de maio foi a escolhida em raz\u00e3o da mesma estar pr\u00f3xima \u00e0 comemora\u00e7\u00e3o do Dia das M\u00e3es, bem como por tentar unificar a luta dos familiares de v\u00edtimas da viol\u00eancia do Rio de Janeiro e de S\u00e3o Paulo&#8221;, explica.<\/span><\/p>\n<p>Segundo a reportagem da Ponte,\u00a0as m\u00e3es s\u00e3o taxativas com rela\u00e7\u00e3o ao objetivo de que a lei transcenda Rio e S\u00e3o Paulo. \u201cA ideia \u00e9 expandir a lei para todos os estados do Brasil, tornar essa lei nacional\u201d, diz Ana Paula.<\/p>\n<p><a href=\"https:\/\/ponte.org\/projeto-de-lei-que-homenageia-vitimas-de-violencia-de-estado-e-aprovado-no-rj\/\" target=\"_blank\" rel=\"noopener noreferrer\"><strong><span style=\"color: #0000ff;\">Leia a reportagem completa<\/span><\/strong><\/a>.<\/p>\n","protected":false},"excerpt":{"rendered":"<p>A Assembleia Legislativo do Estado do Rio de Janeiro (Alerj) aprovou, na \u00faltima quarta-feira (31\/05), projeto de autoria do deputado Marcelo Freixo (PSOL), instituindo a Semana Estadual das Pessoas V\u00edtimas de Viol\u00eancia no Estado do Rio de Janeiro, que ser\u00e1 celebrada entre os dias 12 e 19 de maio, m\u00eas das m\u00e3es. O PL 1789\/2016 [&hellip;]<\/p>\n","protected":false},"author":2,"featured_media":16829,"comment_status":"open","ping_status":"open","sticky":false,"template":"","format":"standard","meta":{"_acf_changed":false,"footnotes":""},"categories":[10,1104,6],"tags":[1031,2204,683,239,1582,3285,161,765,1175,3286,3172,1712,162,3287],"class_list":{"0":"post-16828","1":"post","2":"type-post","3":"status-publish","4":"format-standard","5":"has-post-thumbnail","7":"category-acao-parlamentares","8":"category-movimento","9":"category-noticias","10":"tag-alerj","11":"tag-estado","12":"tag-familiares","13":"tag-jovens","14":"tag-maes","15":"tag-maes-de-maio","16":"tag-marcelo-freixo","17":"tag-negros","18":"tag-periferia","19":"tag-pl-17892016","20":"tag-pobres","21":"tag-projeto-de-lei","22":"tag-rio-de-janeiro","23":"tag-vitimas-de-violencia"},"acf":[],"yoast_head":"<!-- This site is optimized with the Yoast SEO plugin v26.5 - https:\/\/yoast.com\/wordpress\/plugins\/seo\/ -->\n<title>Alerj aprova projeto de Marcelo Freixo que homenageia v\u00edtimas de viol\u00eancia do Estado - PSOL 50<\/title>\n<meta name=\"robots\" content=\"index, follow, max-snippet:-1, max-image-preview:large, max-video-preview:-1\" \/>\n<link rel=\"canonical\" href=\"https:\/\/psol50.org.br\/alerj-aprova-projeto-de-marcelo-freixo-que-homenageia-vitimas-de-violencia-do-estado\/\" \/>\n<meta property=\"og:locale\" content=\"pt_BR\" \/>\n<meta property=\"og:type\" content=\"article\" \/>\n<meta property=\"og:title\" content=\"Alerj aprova projeto de Marcelo Freixo que homenageia v\u00edtimas de viol\u00eancia do Estado - PSOL 50\" \/>\n<meta property=\"og:description\" content=\"A Assembleia Legislativo do Estado do Rio de Janeiro (Alerj) aprovou, na \u00faltima quarta-feira (31\/05), projeto de autoria do deputado Marcelo Freixo (PSOL), instituindo a Semana Estadual das Pessoas V\u00edtimas de Viol\u00eancia no Estado do Rio de Janeiro, que ser\u00e1 celebrada entre os dias 12 e 19 de maio, m\u00eas das m\u00e3es. O PL 1789\/2016 [&hellip;]\" \/>\n<meta property=\"og:url\" content=\"https:\/\/psol50.org.br\/alerj-aprova-projeto-de-marcelo-freixo-que-homenageia-vitimas-de-violencia-do-estado\/\" \/>\n<meta property=\"og:site_name\" content=\"PSOL 50\" \/>\n<meta property=\"article:publisher\" content=\"https:\/\/www.facebook.com\/psol50\" \/>\n<meta property=\"article:published_time\" content=\"2017-06-02T15:22:00+00:00\" \/>\n<meta property=\"og:image\" content=\"https:\/\/psol50.org.br\/inc\/uploads\/2018\/07\/capa.png\" \/>\n\t<meta property=\"og:image:width\" content=\"1350\" \/>\n\t<meta property=\"og:image:height\" content=\"900\" \/>\n\t<meta property=\"og:image:type\" content=\"image\/png\" \/>\n<meta name=\"author\" content=\"Comunica\u00e7\u00e3o PSOL\" \/>\n<meta name=\"twitter:card\" content=\"summary_large_image\" \/>\n<meta name=\"twitter:creator\" content=\"@psol50\" \/>\n<meta name=\"twitter:site\" content=\"@psol50\" \/>\n<meta name=\"twitter:label1\" content=\"Escrito por\" \/>\n\t<meta name=\"twitter:data1\" content=\"Comunica\u00e7\u00e3o PSOL\" \/>\n\t<meta name=\"twitter:label2\" content=\"Est. tempo de leitura\" \/>\n\t<meta name=\"twitter:data2\" content=\"2 minutos\" \/>\n<script type=\"application\/ld+json\" class=\"yoast-schema-graph\">{\"@context\":\"https:\/\/schema.org\",\"@graph\":[{\"@type\":\"Article\",\"@id\":\"https:\/\/psol50.org.br\/alerj-aprova-projeto-de-marcelo-freixo-que-homenageia-vitimas-de-violencia-do-estado\/#article\",\"isPartOf\":{\"@id\":\"https:\/\/psol50.org.br\/alerj-aprova-projeto-de-marcelo-freixo-que-homenageia-vitimas-de-violencia-do-estado\/\"},\"author\":{\"name\":\"Comunica\u00e7\u00e3o PSOL\",\"@id\":\"https:\/\/psol50.org.br\/#\/schema\/person\/475dfa57d0b815993c714c2e96491fcd\"},\"headline\":\"Alerj aprova projeto de Marcelo Freixo que homenageia v\u00edtimas de viol\u00eancia do Estado\",\"datePublished\":\"2017-06-02T15:22:00+00:00\",\"mainEntityOfPage\":{\"@id\":\"https:\/\/psol50.org.br\/alerj-aprova-projeto-de-marcelo-freixo-que-homenageia-vitimas-de-violencia-do-estado\/\"},\"wordCount\":431,\"commentCount\":0,\"publisher\":{\"@id\":\"https:\/\/psol50.org.br\/#organization\"},\"image\":{\"@id\":\"https:\/\/psol50.org.br\/alerj-aprova-projeto-de-marcelo-freixo-que-homenageia-vitimas-de-violencia-do-estado\/#primaryimage\"},\"thumbnailUrl\":\"\",\"keywords\":[\"Alerj\",\"Estado\",\"familiares\",\"jovens\",\"m\u00e3es\",\"m\u00e3es de maio\",\"Marcelo Freixo\",\"negros\",\"periferia\",\"PL 1789\/2016\",\"pobres\",\"projeto de lei\",\"Rio de Janeiro\",\"v\u00edtimas de viol\u00eancia\"],\"articleSection\":[\"A\u00e7\u00e3o Parlamentar\",\"Movimento\",\"Not\u00edcias\"],\"inLanguage\":\"pt-BR\",\"potentialAction\":[{\"@type\":\"CommentAction\",\"name\":\"Comment\",\"target\":[\"https:\/\/psol50.org.br\/alerj-aprova-projeto-de-marcelo-freixo-que-homenageia-vitimas-de-violencia-do-estado\/#respond\"]}]},{\"@type\":\"WebPage\",\"@id\":\"https:\/\/psol50.org.br\/alerj-aprova-projeto-de-marcelo-freixo-que-homenageia-vitimas-de-violencia-do-estado\/\",\"url\":\"https:\/\/psol50.org.br\/alerj-aprova-projeto-de-marcelo-freixo-que-homenageia-vitimas-de-violencia-do-estado\/\",\"name\":\"Alerj aprova projeto de Marcelo Freixo que homenageia v\u00edtimas de viol\u00eancia do Estado - PSOL 50\",\"isPartOf\":{\"@id\":\"https:\/\/psol50.org.br\/#website\"},\"primaryImageOfPage\":{\"@id\":\"https:\/\/psol50.org.br\/alerj-aprova-projeto-de-marcelo-freixo-que-homenageia-vitimas-de-violencia-do-estado\/#primaryimage\"},\"image\":{\"@id\":\"https:\/\/psol50.org.br\/alerj-aprova-projeto-de-marcelo-freixo-que-homenageia-vitimas-de-violencia-do-estado\/#primaryimage\"},\"thumbnailUrl\":\"\",\"datePublished\":\"2017-06-02T15:22:00+00:00\",\"breadcrumb\":{\"@id\":\"https:\/\/psol50.org.br\/alerj-aprova-projeto-de-marcelo-freixo-que-homenageia-vitimas-de-violencia-do-estado\/#breadcrumb\"},\"inLanguage\":\"pt-BR\",\"potentialAction\":[{\"@type\":\"ReadAction\",\"target\":[\"https:\/\/psol50.org.br\/alerj-aprova-projeto-de-marcelo-freixo-que-homenageia-vitimas-de-violencia-do-estado\/\"]}]},{\"@type\":\"ImageObject\",\"inLanguage\":\"pt-BR\",\"@id\":\"https:\/\/psol50.org.br\/alerj-aprova-projeto-de-marcelo-freixo-que-homenageia-vitimas-de-violencia-do-estado\/#primaryimage\",\"url\":\"\",\"contentUrl\":\"\"},{\"@type\":\"BreadcrumbList\",\"@id\":\"https:\/\/psol50.org.br\/alerj-aprova-projeto-de-marcelo-freixo-que-homenageia-vitimas-de-violencia-do-estado\/#breadcrumb\",\"itemListElement\":[{\"@type\":\"ListItem\",\"position\":1,\"name\":\"In\u00edcio\",\"item\":\"https:\/\/psol50.org.br\/\"},{\"@type\":\"ListItem\",\"position\":2,\"name\":\"Alerj aprova projeto de Marcelo Freixo que homenageia v\u00edtimas de viol\u00eancia do Estado\"}]},{\"@type\":\"WebSite\",\"@id\":\"https:\/\/psol50.org.br\/#website\",\"url\":\"https:\/\/psol50.org.br\/\",\"name\":\"PSOL 50\",\"description\":\"Site oficial do Partido Socialismo e Liberdade\",\"publisher\":{\"@id\":\"https:\/\/psol50.org.br\/#organization\"},\"alternateName\":\"PSOL50\",\"potentialAction\":[{\"@type\":\"SearchAction\",\"target\":{\"@type\":\"EntryPoint\",\"urlTemplate\":\"https:\/\/psol50.org.br\/?s={search_term_string}\"},\"query-input\":{\"@type\":\"PropertyValueSpecification\",\"valueRequired\":true,\"valueName\":\"search_term_string\"}}],\"inLanguage\":\"pt-BR\"},{\"@type\":\"Organization\",\"@id\":\"https:\/\/psol50.org.br\/#organization\",\"name\":\"PSOL 50\",\"alternateName\":\"PSOL 50\",\"url\":\"https:\/\/psol50.org.br\/\",\"logo\":{\"@type\":\"ImageObject\",\"inLanguage\":\"pt-BR\",\"@id\":\"https:\/\/psol50.org.br\/#\/schema\/logo\/image\/\",\"url\":\"https:\/\/psol50.org.br\/inc\/uploads\/2018\/07\/capa.png\",\"contentUrl\":\"https:\/\/psol50.org.br\/inc\/uploads\/2018\/07\/capa.png\",\"width\":1350,\"height\":900,\"caption\":\"PSOL 50\"},\"image\":{\"@id\":\"https:\/\/psol50.org.br\/#\/schema\/logo\/image\/\"},\"sameAs\":[\"https:\/\/www.facebook.com\/psol50\",\"https:\/\/x.com\/psol50\",\"https:\/\/www.instagram.com\/psol50\/\",\"https:\/\/www.youtube.com\/channel\/UC7SnJS5o1os7a6CaiNabzcg\"]},{\"@type\":\"Person\",\"@id\":\"https:\/\/psol50.org.br\/#\/schema\/person\/475dfa57d0b815993c714c2e96491fcd\",\"name\":\"Comunica\u00e7\u00e3o PSOL\",\"image\":{\"@type\":\"ImageObject\",\"inLanguage\":\"pt-BR\",\"@id\":\"https:\/\/psol50.org.br\/#\/schema\/person\/image\/\",\"url\":\"https:\/\/secure.gravatar.com\/avatar\/b34fc4f4e468a4e51785917065a3db57b841f5c95dba6ad8c73aaf8f66f8f9bf?s=96&d=mm&r=g\",\"contentUrl\":\"https:\/\/secure.gravatar.com\/avatar\/b34fc4f4e468a4e51785917065a3db57b841f5c95dba6ad8c73aaf8f66f8f9bf?s=96&d=mm&r=g\",\"caption\":\"Comunica\u00e7\u00e3o PSOL\"}}]}<\/script>\n<!-- \/ Yoast SEO plugin. -->","yoast_head_json":{"title":"Alerj aprova projeto de Marcelo Freixo que homenageia v\u00edtimas de viol\u00eancia do Estado - PSOL 50","robots":{"index":"index","follow":"follow","max-snippet":"max-snippet:-1","max-image-preview":"max-image-preview:large","max-video-preview":"max-video-preview:-1"},"canonical":"https:\/\/psol50.org.br\/alerj-aprova-projeto-de-marcelo-freixo-que-homenageia-vitimas-de-violencia-do-estado\/","og_locale":"pt_BR","og_type":"article","og_title":"Alerj aprova projeto de Marcelo Freixo que homenageia v\u00edtimas de viol\u00eancia do Estado - PSOL 50","og_description":"A Assembleia Legislativo do Estado do Rio de Janeiro (Alerj) aprovou, na \u00faltima quarta-feira (31\/05), projeto de autoria do deputado Marcelo Freixo (PSOL), instituindo a Semana Estadual das Pessoas V\u00edtimas de Viol\u00eancia no Estado do Rio de Janeiro, que ser\u00e1 celebrada entre os dias 12 e 19 de maio, m\u00eas das m\u00e3es. O PL 1789\/2016 [&hellip;]","og_url":"https:\/\/psol50.org.br\/alerj-aprova-projeto-de-marcelo-freixo-que-homenageia-vitimas-de-violencia-do-estado\/","og_site_name":"PSOL 50","article_publisher":"https:\/\/www.facebook.com\/psol50","article_published_time":"2017-06-02T15:22:00+00:00","og_image":[{"width":1350,"height":900,"url":"https:\/\/psol50.org.br\/inc\/uploads\/2018\/07\/capa.png","type":"image\/png"}],"author":"Comunica\u00e7\u00e3o PSOL","twitter_card":"summary_large_image","twitter_creator":"@psol50","twitter_site":"@psol50","twitter_misc":{"Escrito por":"Comunica\u00e7\u00e3o PSOL","Est. tempo de leitura":"2 minutos"},"schema":{"@context":"https:\/\/schema.org","@graph":[{"@type":"Article","@id":"https:\/\/psol50.org.br\/alerj-aprova-projeto-de-marcelo-freixo-que-homenageia-vitimas-de-violencia-do-estado\/#article","isPartOf":{"@id":"https:\/\/psol50.org.br\/alerj-aprova-projeto-de-marcelo-freixo-que-homenageia-vitimas-de-violencia-do-estado\/"},"author":{"name":"Comunica\u00e7\u00e3o PSOL","@id":"https:\/\/psol50.org.br\/#\/schema\/person\/475dfa57d0b815993c714c2e96491fcd"},"headline":"Alerj aprova projeto de Marcelo Freixo que homenageia v\u00edtimas de viol\u00eancia do Estado","datePublished":"2017-06-02T15:22:00+00:00","mainEntityOfPage":{"@id":"https:\/\/psol50.org.br\/alerj-aprova-projeto-de-marcelo-freixo-que-homenageia-vitimas-de-violencia-do-estado\/"},"wordCount":431,"commentCount":0,"publisher":{"@id":"https:\/\/psol50.org.br\/#organization"},"image":{"@id":"https:\/\/psol50.org.br\/alerj-aprova-projeto-de-marcelo-freixo-que-homenageia-vitimas-de-violencia-do-estado\/#primaryimage"},"thumbnailUrl":"","keywords":["Alerj","Estado","familiares","jovens","m\u00e3es","m\u00e3es de maio","Marcelo Freixo","negros","periferia","PL 1789\/2016","pobres","projeto de lei","Rio de Janeiro","v\u00edtimas de viol\u00eancia"],"articleSection":["A\u00e7\u00e3o Parlamentar","Movimento","Not\u00edcias"],"inLanguage":"pt-BR","potentialAction":[{"@type":"CommentAction","name":"Comment","target":["https:\/\/psol50.org.br\/alerj-aprova-projeto-de-marcelo-freixo-que-homenageia-vitimas-de-violencia-do-estado\/#respond"]}]},{"@type":"WebPage","@id":"https:\/\/psol50.org.br\/alerj-aprova-projeto-de-marcelo-freixo-que-homenageia-vitimas-de-violencia-do-estado\/","url":"https:\/\/psol50.org.br\/alerj-aprova-projeto-de-marcelo-freixo-que-homenageia-vitimas-de-violencia-do-estado\/","name":"Alerj aprova projeto de Marcelo Freixo que homenageia v\u00edtimas de viol\u00eancia do Estado - PSOL 50","isPartOf":{"@id":"https:\/\/psol50.org.br\/#website"},"primaryImageOfPage":{"@id":"https:\/\/psol50.org.br\/alerj-aprova-projeto-de-marcelo-freixo-que-homenageia-vitimas-de-violencia-do-estado\/#primaryimage"},"image":{"@id":"https:\/\/psol50.org.br\/alerj-aprova-projeto-de-marcelo-freixo-que-homenageia-vitimas-de-violencia-do-estado\/#primaryimage"},"thumbnailUrl":"","datePublished":"2017-06-02T15:22:00+00:00","breadcrumb":{"@id":"https:\/\/psol50.org.br\/alerj-aprova-projeto-de-marcelo-freixo-que-homenageia-vitimas-de-violencia-do-estado\/#breadcrumb"},"inLanguage":"pt-BR","potentialAction":[{"@type":"ReadAction","target":["https:\/\/psol50.org.br\/alerj-aprova-projeto-de-marcelo-freixo-que-homenageia-vitimas-de-violencia-do-estado\/"]}]},{"@type":"ImageObject","inLanguage":"pt-BR","@id":"https:\/\/psol50.org.br\/alerj-aprova-projeto-de-marcelo-freixo-que-homenageia-vitimas-de-violencia-do-estado\/#primaryimage","url":"","contentUrl":""},{"@type":"BreadcrumbList","@id":"https:\/\/psol50.org.br\/alerj-aprova-projeto-de-marcelo-freixo-que-homenageia-vitimas-de-violencia-do-estado\/#breadcrumb","itemListElement":[{"@type":"ListItem","position":1,"name":"In\u00edcio","item":"https:\/\/psol50.org.br\/"},{"@type":"ListItem","position":2,"name":"Alerj aprova projeto de Marcelo Freixo que homenageia v\u00edtimas de viol\u00eancia do Estado"}]},{"@type":"WebSite","@id":"https:\/\/psol50.org.br\/#website","url":"https:\/\/psol50.org.br\/","name":"PSOL 50","description":"Site oficial do Partido Socialismo e Liberdade","publisher":{"@id":"https:\/\/psol50.org.br\/#organization"},"alternateName":"PSOL50","potentialAction":[{"@type":"SearchAction","target":{"@type":"EntryPoint","urlTemplate":"https:\/\/psol50.org.br\/?s={search_term_string}"},"query-input":{"@type":"PropertyValueSpecification","valueRequired":true,"valueName":"search_term_string"}}],"inLanguage":"pt-BR"},{"@type":"Organization","@id":"https:\/\/psol50.org.br\/#organization","name":"PSOL 50","alternateName":"PSOL 50","url":"https:\/\/psol50.org.br\/","logo":{"@type":"ImageObject","inLanguage":"pt-BR","@id":"https:\/\/psol50.org.br\/#\/schema\/logo\/image\/","url":"https:\/\/psol50.org.br\/inc\/uploads\/2018\/07\/capa.png","contentUrl":"https:\/\/psol50.org.br\/inc\/uploads\/2018\/07\/capa.png","width":1350,"height":900,"caption":"PSOL 50"},"image":{"@id":"https:\/\/psol50.org.br\/#\/schema\/logo\/image\/"},"sameAs":["https:\/\/www.facebook.com\/psol50","https:\/\/x.com\/psol50","https:\/\/www.instagram.com\/psol50\/","https:\/\/www.youtube.com\/channel\/UC7SnJS5o1os7a6CaiNabzcg"]},{"@type":"Person","@id":"https:\/\/psol50.org.br\/#\/schema\/person\/475dfa57d0b815993c714c2e96491fcd","name":"Comunica\u00e7\u00e3o PSOL","image":{"@type":"ImageObject","inLanguage":"pt-BR","@id":"https:\/\/psol50.org.br\/#\/schema\/person\/image\/","url":"https:\/\/secure.gravatar.com\/avatar\/b34fc4f4e468a4e51785917065a3db57b841f5c95dba6ad8c73aaf8f66f8f9bf?s=96&d=mm&r=g","contentUrl":"https:\/\/secure.gravatar.com\/avatar\/b34fc4f4e468a4e51785917065a3db57b841f5c95dba6ad8c73aaf8f66f8f9bf?s=96&d=mm&r=g","caption":"Comunica\u00e7\u00e3o PSOL"}}]}},"_links":{"self":[{"href":"https:\/\/psol50.org.br\/rest\/wp\/v2\/posts\/16828","targetHints":{"allow":["GET"]}}],"collection":[{"href":"https:\/\/psol50.org.br\/rest\/wp\/v2\/posts"}],"about":[{"href":"https:\/\/psol50.org.br\/rest\/wp\/v2\/types\/post"}],"author":[{"embeddable":true,"href":"https:\/\/psol50.org.br\/rest\/wp\/v2\/users\/2"}],"replies":[{"embeddable":true,"href":"https:\/\/psol50.org.br\/rest\/wp\/v2\/comments?post=16828"}],"version-history":[{"count":0,"href":"https:\/\/psol50.org.br\/rest\/wp\/v2\/posts\/16828\/revisions"}],"wp:featuredmedia":[{"embeddable":true,"href":"https:\/\/psol50.org.br\/rest\/"}],"wp:attachment":[{"href":"https:\/\/psol50.org.br\/rest\/wp\/v2\/media?parent=16828"}],"wp:term":[{"taxonomy":"category","embeddable":true,"href":"https:\/\/psol50.org.br\/rest\/wp\/v2\/categories?post=16828"},{"taxonomy":"post_tag","embeddable":true,"href":"https:\/\/psol50.org.br\/rest\/wp\/v2\/tags?post=16828"}],"curies":[{"name":"wp","href":"https:\/\/api.w.org\/{rel}","templated":true}]}}