{"id":1684,"date":"2011-12-17T00:00:00","date_gmt":"2011-12-17T00:00:00","guid":{"rendered":"http:\/\/psol50.org.br\/arquivo\/2011\/12\/17\/psol-e-pstu-contra-reajuste-salarial-dos-vereadores-em-campinas\/"},"modified":"2011-12-17T00:00:00","modified_gmt":"2011-12-17T00:00:00","slug":"psol-e-pstu-contra-reajuste-salarial-dos-vereadores-em-campinas","status":"publish","type":"post","link":"https:\/\/psol50.org.br\/psol-e-pstu-contra-reajuste-salarial-dos-vereadores-em-campinas\/","title":{"rendered":"PSOL e PSTU contra reajuste salarial dos vereadores em Campinas"},"content":{"rendered":"<p style=\"text-align: justify\"><a href=\"http:\/\/psol50.org.br\/blog\/2011\/12\/17\/psol-e-pstu-contra-reajuste-dos-vereadores-de-campinas\/psolcampinas\/\" rel=\"attachment wp-att-12760\"><img loading=\"lazy\" decoding=\"async\" class=\"alignleft size-full wp-image-12760\" src=\"http:\/\/psol50.org.br\/files\/2011\/12\/PSOLCampinas.jpg\" alt=\"\" width=\"360\" height=\"269\" \/><\/a>Na mesma semana em que os vereadores de Campinas aumentaram em 126% o pr\u00f3prio sal\u00e1rio, dois partidos na cidade tomaram a\u00e7\u00f5es para tentar reverter o reajuste.<strong> O PSOL entrou com uma representa\u00e7\u00e3o no Minist\u00e9rio P\u00fablico<\/strong> e o PSTU com uma a\u00e7\u00e3o na Justi\u00e7a, respectivamente na tarde e na manh\u00e3 desta sexta-feira (12) &#8211; tr\u00eas dias depois da mat\u00e9ria ter sido aprovada pela C\u00e2mara.<\/p>\n<p>O PSOL sustenta sua representa\u00e7\u00e3o no MP baseado em tr\u00eas argumentos: que o reajuste fere o artigo 37 da Constitui\u00e7\u00e3o Federal (que prediz moralidade no trato da coisa p\u00fablica); que o reajuste fere o artigo 115, inciso XV, da Constitui\u00e7\u00e3o Estadual (que veta explicitamente a indexa\u00e7\u00e3o de vencimentos para efeito de remunera\u00e7\u00e3o pessoal no servi\u00e7o p\u00fablico); e que os vereadores omitiram da popula\u00e7\u00e3o campineira este fato: o de n\u00e3o poderem reajustar seus sal\u00e1rios como se estes fossem pagos por particulares.<\/p>\n<p><em><strong>A representa\u00e7\u00e3o foi feita pelo presidente municipal do PSOL Campinas, Arlei Medeiros, e pelo presidente estadual, Paulo Bufalo<\/strong><\/em>, que &#8216;como todos est\u00e3o indignados com tamanha imoralidade&#8217;. Ambos referem-se ao consenso popular de que o aumento \u00e9 abusivo, enquanto a cidade necessita de tantas melhorias b\u00e1sicas.<\/p>\n<p>Desde segunda-feira (12), quando o aumento foi aprovado, internautas lotam as redes sociais de protestos. Um abaixo-assinado cibern\u00e9tico, inclusive, est\u00e1 sendo feito na rede para a popula\u00e7\u00e3o protestar.<\/p>\n<p>Assim como o PSOL, o PSTU tamb\u00e9m cr\u00ea que o reajuste fere o artigo 37 da Constitui\u00e7\u00e3o Federal no aspecto moral, que afirma:\u00a0 &#8216;a administra\u00e7\u00e3o p\u00fablica direta e indireta de qualquer dos Poderes da Uni\u00e3o, dos Estados, do Distrito Federal e dos Munic\u00edpios obedecer\u00e1 aos princ\u00edpios de legalidade, impessoalidade, moralidade, publicidade e efici\u00eancia&#8217;.<\/p>\n<p>E, tamb\u00e9m como o partido socialismo e liberdade, o PSTU sustenta que os vereadores n\u00e3o agiram com transpar\u00eancia. &#8216;Quando a sess\u00e3o foi feita n\u00e3o foi garantida a publicidade, na medida em que houve uma manobra com o intu\u00eddo de iludir os presentes. Desta forma, o ato praticado foi nulo pois a C\u00e2mara n\u00e3o garantiu a participa\u00e7\u00e3o popular no controle e fiscaliza\u00e7\u00e3o dos seus atos&#8217;, diz a nota partid\u00e1ria.<\/p>\n<p>Al\u00e9m disso, o PSTU sustenta que &#8216;com a eleva\u00e7\u00e3o do sal\u00e1rio \u00e9 prov\u00e1vel que o or\u00e7amento (da Casa) ultrapasse o limite legal pois foi feita uma manobra ao diminuir a verba de gabinete, que trata o que seria dinheiro p\u00fablico como sendo privado. Ao destinar aos seus pr\u00f3prios sal\u00e1rios uma verba que deveria ser usada a servi\u00e7o do mandato Legislativo, e em tese estaria a servi\u00e7o da popula\u00e7\u00e3o, os vereadores usurpam o bem p\u00fablico em benef\u00edcio pr\u00f3prio&#8217;.<\/p>\n<p>O PSTU ainda compara o sal\u00e1rio m\u00e9dio de um trabalhador industrial qualificado em Campinas, que \u00e9 de cerca de R$ 2.800, com o padr\u00e3o salarial dos vereadores, que atulamente ganham R$ 6.636,24 mensais e que, a partir de 2013, se reeleitos, passar\u00e3o a receber R$ 15.031,76 por m\u00eas.<\/p>\n<p>A A\u00e7\u00e3o Popular foi protocolada na 1\u00aa Vara da Fazenda P\u00fablica de Campinas pela presidente municipal do partido, Silvia Andrea Ferraro.<\/p>\n<p><strong>Justificativa<\/strong><\/p>\n<p>O projeto de lei para aumentar o sal\u00e1rio dos vereadores foi proposto pelo presidente da C\u00e2mara, Pedro Serafim, (PDT), que no come\u00e7o do ano prop\u00f4s a demiss\u00e3o dos patrulheiros da Casa para economizar.\u00a0 Apesar dos protestos, apenas 27 dos 40 guardinhas tiveram os postos garantidos.<\/p>\n<p>Para Serafim, o reajuste parlamentar est\u00e1 previsto na Constitui\u00e7\u00e3o Federal e \u00e9 necess\u00e1rio para deixar o sal\u00e1rio do Legislativo mais atraente. Al\u00e9m disso, segundo o pedetista, a C\u00e2mara n\u00e3o ir\u00e1 gastar dinheiro a mais na quest\u00e3o porque o aumento est\u00e1 atrelado ao remanejamento de verbas que cortou recursos dos gabinetes.<\/p>\n<p>Na sess\u00e3o da \u00faltima quarta-feira (14), num ato que pretendia apaziguar os \u00e2nimos da cidade, a verba para o pagamento de funcion\u00e1rios comissionados foi cortada. Atualmente, cada vereador disp\u00f5e de R$ 40 mil mensais para este fim, mas com o corte, o valor cai para R$ 32 mil.<\/p>\n<p style=\"text-align: justify\"><a href=\"http:\/\/www.rac.com.br\/noticias\/campinas-e-rmc\/109840\/2011\/12\/16\/pstu-entra-na-justica-e-psol-no-mp-contra-aumento-de-salario.html\"><strong>*Fonte:\u00a0 RAC.com.br<\/strong><\/a><\/p>\n","protected":false},"excerpt":{"rendered":"<p>Na mesma semana em que os vereadores de Campinas aumentaram em 126% o pr\u00f3prio sal\u00e1rio, dois partidos na cidade tomaram a\u00e7\u00f5es para tentar reverter o reajuste. O PSOL entrou com uma representa\u00e7\u00e3o no Minist\u00e9rio P\u00fablico e o PSTU com uma a\u00e7\u00e3o na Justi\u00e7a, respectivamente na tarde e na manh\u00e3 desta sexta-feira (12) &#8211; tr\u00eas dias [&hellip;]<\/p>\n","protected":false},"author":2,"featured_media":0,"comment_status":"open","ping_status":"open","sticky":false,"template":"","format":"standard","meta":{"_acf_changed":false,"footnotes":""},"categories":[4766],"tags":[22],"class_list":{"0":"post-1684","1":"post","2":"type-post","3":"status-publish","4":"format-standard","6":"category-arquivo","7":"tag-psol"},"acf":[],"yoast_head":"<!-- This site is optimized with the Yoast SEO plugin v26.5 - https:\/\/yoast.com\/wordpress\/plugins\/seo\/ -->\n<title>PSOL e PSTU contra reajuste salarial dos vereadores em Campinas - PSOL 50<\/title>\n<meta name=\"robots\" content=\"index, follow, max-snippet:-1, max-image-preview:large, max-video-preview:-1\" \/>\n<link rel=\"canonical\" href=\"https:\/\/psol50.org.br\/psol-e-pstu-contra-reajuste-salarial-dos-vereadores-em-campinas\/\" \/>\n<meta property=\"og:locale\" content=\"pt_BR\" \/>\n<meta property=\"og:type\" content=\"article\" \/>\n<meta property=\"og:title\" content=\"PSOL e PSTU contra reajuste salarial dos vereadores em Campinas - PSOL 50\" \/>\n<meta property=\"og:description\" content=\"Na mesma semana em que os vereadores de Campinas aumentaram em 126% o pr\u00f3prio sal\u00e1rio, dois partidos na cidade tomaram a\u00e7\u00f5es para tentar reverter o reajuste. O PSOL entrou com uma representa\u00e7\u00e3o no Minist\u00e9rio P\u00fablico e o PSTU com uma a\u00e7\u00e3o na Justi\u00e7a, respectivamente na tarde e na manh\u00e3 desta sexta-feira (12) &#8211; tr\u00eas dias [&hellip;]\" \/>\n<meta property=\"og:url\" content=\"https:\/\/psol50.org.br\/psol-e-pstu-contra-reajuste-salarial-dos-vereadores-em-campinas\/\" \/>\n<meta property=\"og:site_name\" content=\"PSOL 50\" \/>\n<meta property=\"article:publisher\" content=\"https:\/\/www.facebook.com\/psol50\" \/>\n<meta property=\"article:published_time\" content=\"2011-12-17T00:00:00+00:00\" \/>\n<meta property=\"og:image\" content=\"http:\/\/psol50.org.br\/files\/2011\/12\/PSOLCampinas.jpg\" \/>\n<meta name=\"author\" content=\"Comunica\u00e7\u00e3o PSOL\" \/>\n<meta name=\"twitter:card\" content=\"summary_large_image\" \/>\n<meta name=\"twitter:creator\" content=\"@psol50\" \/>\n<meta name=\"twitter:site\" content=\"@psol50\" \/>\n<meta name=\"twitter:label1\" content=\"Escrito por\" \/>\n\t<meta name=\"twitter:data1\" content=\"Comunica\u00e7\u00e3o PSOL\" \/>\n\t<meta name=\"twitter:label2\" content=\"Est. tempo de leitura\" \/>\n\t<meta name=\"twitter:data2\" content=\"3 minutos\" \/>\n<script type=\"application\/ld+json\" class=\"yoast-schema-graph\">{\"@context\":\"https:\/\/schema.org\",\"@graph\":[{\"@type\":\"Article\",\"@id\":\"https:\/\/psol50.org.br\/psol-e-pstu-contra-reajuste-salarial-dos-vereadores-em-campinas\/#article\",\"isPartOf\":{\"@id\":\"https:\/\/psol50.org.br\/psol-e-pstu-contra-reajuste-salarial-dos-vereadores-em-campinas\/\"},\"author\":{\"name\":\"Comunica\u00e7\u00e3o PSOL\",\"@id\":\"https:\/\/psol50.org.br\/#\/schema\/person\/475dfa57d0b815993c714c2e96491fcd\"},\"headline\":\"PSOL e PSTU contra reajuste salarial dos vereadores em Campinas\",\"datePublished\":\"2011-12-17T00:00:00+00:00\",\"mainEntityOfPage\":{\"@id\":\"https:\/\/psol50.org.br\/psol-e-pstu-contra-reajuste-salarial-dos-vereadores-em-campinas\/\"},\"wordCount\":704,\"commentCount\":0,\"publisher\":{\"@id\":\"https:\/\/psol50.org.br\/#organization\"},\"image\":{\"@id\":\"https:\/\/psol50.org.br\/psol-e-pstu-contra-reajuste-salarial-dos-vereadores-em-campinas\/#primaryimage\"},\"thumbnailUrl\":\"http:\/\/psol50.org.br\/files\/2011\/12\/PSOLCampinas.jpg\",\"keywords\":[\"PSOL\"],\"articleSection\":[\"Arquivo\"],\"inLanguage\":\"pt-BR\",\"potentialAction\":[{\"@type\":\"CommentAction\",\"name\":\"Comment\",\"target\":[\"https:\/\/psol50.org.br\/psol-e-pstu-contra-reajuste-salarial-dos-vereadores-em-campinas\/#respond\"]}]},{\"@type\":\"WebPage\",\"@id\":\"https:\/\/psol50.org.br\/psol-e-pstu-contra-reajuste-salarial-dos-vereadores-em-campinas\/\",\"url\":\"https:\/\/psol50.org.br\/psol-e-pstu-contra-reajuste-salarial-dos-vereadores-em-campinas\/\",\"name\":\"PSOL e PSTU contra reajuste salarial dos vereadores em Campinas - PSOL 50\",\"isPartOf\":{\"@id\":\"https:\/\/psol50.org.br\/#website\"},\"primaryImageOfPage\":{\"@id\":\"https:\/\/psol50.org.br\/psol-e-pstu-contra-reajuste-salarial-dos-vereadores-em-campinas\/#primaryimage\"},\"image\":{\"@id\":\"https:\/\/psol50.org.br\/psol-e-pstu-contra-reajuste-salarial-dos-vereadores-em-campinas\/#primaryimage\"},\"thumbnailUrl\":\"http:\/\/psol50.org.br\/files\/2011\/12\/PSOLCampinas.jpg\",\"datePublished\":\"2011-12-17T00:00:00+00:00\",\"breadcrumb\":{\"@id\":\"https:\/\/psol50.org.br\/psol-e-pstu-contra-reajuste-salarial-dos-vereadores-em-campinas\/#breadcrumb\"},\"inLanguage\":\"pt-BR\",\"potentialAction\":[{\"@type\":\"ReadAction\",\"target\":[\"https:\/\/psol50.org.br\/psol-e-pstu-contra-reajuste-salarial-dos-vereadores-em-campinas\/\"]}]},{\"@type\":\"ImageObject\",\"inLanguage\":\"pt-BR\",\"@id\":\"https:\/\/psol50.org.br\/psol-e-pstu-contra-reajuste-salarial-dos-vereadores-em-campinas\/#primaryimage\",\"url\":\"http:\/\/psol50.org.br\/files\/2011\/12\/PSOLCampinas.jpg\",\"contentUrl\":\"http:\/\/psol50.org.br\/files\/2011\/12\/PSOLCampinas.jpg\"},{\"@type\":\"BreadcrumbList\",\"@id\":\"https:\/\/psol50.org.br\/psol-e-pstu-contra-reajuste-salarial-dos-vereadores-em-campinas\/#breadcrumb\",\"itemListElement\":[{\"@type\":\"ListItem\",\"position\":1,\"name\":\"In\u00edcio\",\"item\":\"https:\/\/psol50.org.br\/\"},{\"@type\":\"ListItem\",\"position\":2,\"name\":\"PSOL e PSTU contra reajuste salarial dos vereadores em Campinas\"}]},{\"@type\":\"WebSite\",\"@id\":\"https:\/\/psol50.org.br\/#website\",\"url\":\"https:\/\/psol50.org.br\/\",\"name\":\"PSOL 50\",\"description\":\"Site oficial do Partido Socialismo e Liberdade\",\"publisher\":{\"@id\":\"https:\/\/psol50.org.br\/#organization\"},\"alternateName\":\"PSOL50\",\"potentialAction\":[{\"@type\":\"SearchAction\",\"target\":{\"@type\":\"EntryPoint\",\"urlTemplate\":\"https:\/\/psol50.org.br\/?s={search_term_string}\"},\"query-input\":{\"@type\":\"PropertyValueSpecification\",\"valueRequired\":true,\"valueName\":\"search_term_string\"}}],\"inLanguage\":\"pt-BR\"},{\"@type\":\"Organization\",\"@id\":\"https:\/\/psol50.org.br\/#organization\",\"name\":\"PSOL 50\",\"alternateName\":\"PSOL 50\",\"url\":\"https:\/\/psol50.org.br\/\",\"logo\":{\"@type\":\"ImageObject\",\"inLanguage\":\"pt-BR\",\"@id\":\"https:\/\/psol50.org.br\/#\/schema\/logo\/image\/\",\"url\":\"https:\/\/psol50.org.br\/inc\/uploads\/2018\/07\/capa.png\",\"contentUrl\":\"https:\/\/psol50.org.br\/inc\/uploads\/2018\/07\/capa.png\",\"width\":1350,\"height\":900,\"caption\":\"PSOL 50\"},\"image\":{\"@id\":\"https:\/\/psol50.org.br\/#\/schema\/logo\/image\/\"},\"sameAs\":[\"https:\/\/www.facebook.com\/psol50\",\"https:\/\/x.com\/psol50\",\"https:\/\/www.instagram.com\/psol50\/\",\"https:\/\/www.youtube.com\/channel\/UC7SnJS5o1os7a6CaiNabzcg\"]},{\"@type\":\"Person\",\"@id\":\"https:\/\/psol50.org.br\/#\/schema\/person\/475dfa57d0b815993c714c2e96491fcd\",\"name\":\"Comunica\u00e7\u00e3o PSOL\",\"image\":{\"@type\":\"ImageObject\",\"inLanguage\":\"pt-BR\",\"@id\":\"https:\/\/psol50.org.br\/#\/schema\/person\/image\/\",\"url\":\"https:\/\/secure.gravatar.com\/avatar\/b34fc4f4e468a4e51785917065a3db57b841f5c95dba6ad8c73aaf8f66f8f9bf?s=96&d=mm&r=g\",\"contentUrl\":\"https:\/\/secure.gravatar.com\/avatar\/b34fc4f4e468a4e51785917065a3db57b841f5c95dba6ad8c73aaf8f66f8f9bf?s=96&d=mm&r=g\",\"caption\":\"Comunica\u00e7\u00e3o PSOL\"}}]}<\/script>\n<!-- \/ Yoast SEO plugin. -->","yoast_head_json":{"title":"PSOL e PSTU contra reajuste salarial dos vereadores em Campinas - PSOL 50","robots":{"index":"index","follow":"follow","max-snippet":"max-snippet:-1","max-image-preview":"max-image-preview:large","max-video-preview":"max-video-preview:-1"},"canonical":"https:\/\/psol50.org.br\/psol-e-pstu-contra-reajuste-salarial-dos-vereadores-em-campinas\/","og_locale":"pt_BR","og_type":"article","og_title":"PSOL e PSTU contra reajuste salarial dos vereadores em Campinas - PSOL 50","og_description":"Na mesma semana em que os vereadores de Campinas aumentaram em 126% o pr\u00f3prio sal\u00e1rio, dois partidos na cidade tomaram a\u00e7\u00f5es para tentar reverter o reajuste. O PSOL entrou com uma representa\u00e7\u00e3o no Minist\u00e9rio P\u00fablico e o PSTU com uma a\u00e7\u00e3o na Justi\u00e7a, respectivamente na tarde e na manh\u00e3 desta sexta-feira (12) &#8211; tr\u00eas dias [&hellip;]","og_url":"https:\/\/psol50.org.br\/psol-e-pstu-contra-reajuste-salarial-dos-vereadores-em-campinas\/","og_site_name":"PSOL 50","article_publisher":"https:\/\/www.facebook.com\/psol50","article_published_time":"2011-12-17T00:00:00+00:00","og_image":[{"url":"http:\/\/psol50.org.br\/files\/2011\/12\/PSOLCampinas.jpg","type":"","width":"","height":""}],"author":"Comunica\u00e7\u00e3o PSOL","twitter_card":"summary_large_image","twitter_creator":"@psol50","twitter_site":"@psol50","twitter_misc":{"Escrito por":"Comunica\u00e7\u00e3o PSOL","Est. tempo de leitura":"3 minutos"},"schema":{"@context":"https:\/\/schema.org","@graph":[{"@type":"Article","@id":"https:\/\/psol50.org.br\/psol-e-pstu-contra-reajuste-salarial-dos-vereadores-em-campinas\/#article","isPartOf":{"@id":"https:\/\/psol50.org.br\/psol-e-pstu-contra-reajuste-salarial-dos-vereadores-em-campinas\/"},"author":{"name":"Comunica\u00e7\u00e3o PSOL","@id":"https:\/\/psol50.org.br\/#\/schema\/person\/475dfa57d0b815993c714c2e96491fcd"},"headline":"PSOL e PSTU contra reajuste salarial dos vereadores em Campinas","datePublished":"2011-12-17T00:00:00+00:00","mainEntityOfPage":{"@id":"https:\/\/psol50.org.br\/psol-e-pstu-contra-reajuste-salarial-dos-vereadores-em-campinas\/"},"wordCount":704,"commentCount":0,"publisher":{"@id":"https:\/\/psol50.org.br\/#organization"},"image":{"@id":"https:\/\/psol50.org.br\/psol-e-pstu-contra-reajuste-salarial-dos-vereadores-em-campinas\/#primaryimage"},"thumbnailUrl":"http:\/\/psol50.org.br\/files\/2011\/12\/PSOLCampinas.jpg","keywords":["PSOL"],"articleSection":["Arquivo"],"inLanguage":"pt-BR","potentialAction":[{"@type":"CommentAction","name":"Comment","target":["https:\/\/psol50.org.br\/psol-e-pstu-contra-reajuste-salarial-dos-vereadores-em-campinas\/#respond"]}]},{"@type":"WebPage","@id":"https:\/\/psol50.org.br\/psol-e-pstu-contra-reajuste-salarial-dos-vereadores-em-campinas\/","url":"https:\/\/psol50.org.br\/psol-e-pstu-contra-reajuste-salarial-dos-vereadores-em-campinas\/","name":"PSOL e PSTU contra reajuste salarial dos vereadores em Campinas - PSOL 50","isPartOf":{"@id":"https:\/\/psol50.org.br\/#website"},"primaryImageOfPage":{"@id":"https:\/\/psol50.org.br\/psol-e-pstu-contra-reajuste-salarial-dos-vereadores-em-campinas\/#primaryimage"},"image":{"@id":"https:\/\/psol50.org.br\/psol-e-pstu-contra-reajuste-salarial-dos-vereadores-em-campinas\/#primaryimage"},"thumbnailUrl":"http:\/\/psol50.org.br\/files\/2011\/12\/PSOLCampinas.jpg","datePublished":"2011-12-17T00:00:00+00:00","breadcrumb":{"@id":"https:\/\/psol50.org.br\/psol-e-pstu-contra-reajuste-salarial-dos-vereadores-em-campinas\/#breadcrumb"},"inLanguage":"pt-BR","potentialAction":[{"@type":"ReadAction","target":["https:\/\/psol50.org.br\/psol-e-pstu-contra-reajuste-salarial-dos-vereadores-em-campinas\/"]}]},{"@type":"ImageObject","inLanguage":"pt-BR","@id":"https:\/\/psol50.org.br\/psol-e-pstu-contra-reajuste-salarial-dos-vereadores-em-campinas\/#primaryimage","url":"http:\/\/psol50.org.br\/files\/2011\/12\/PSOLCampinas.jpg","contentUrl":"http:\/\/psol50.org.br\/files\/2011\/12\/PSOLCampinas.jpg"},{"@type":"BreadcrumbList","@id":"https:\/\/psol50.org.br\/psol-e-pstu-contra-reajuste-salarial-dos-vereadores-em-campinas\/#breadcrumb","itemListElement":[{"@type":"ListItem","position":1,"name":"In\u00edcio","item":"https:\/\/psol50.org.br\/"},{"@type":"ListItem","position":2,"name":"PSOL e PSTU contra reajuste salarial dos vereadores em Campinas"}]},{"@type":"WebSite","@id":"https:\/\/psol50.org.br\/#website","url":"https:\/\/psol50.org.br\/","name":"PSOL 50","description":"Site oficial do Partido Socialismo e Liberdade","publisher":{"@id":"https:\/\/psol50.org.br\/#organization"},"alternateName":"PSOL50","potentialAction":[{"@type":"SearchAction","target":{"@type":"EntryPoint","urlTemplate":"https:\/\/psol50.org.br\/?s={search_term_string}"},"query-input":{"@type":"PropertyValueSpecification","valueRequired":true,"valueName":"search_term_string"}}],"inLanguage":"pt-BR"},{"@type":"Organization","@id":"https:\/\/psol50.org.br\/#organization","name":"PSOL 50","alternateName":"PSOL 50","url":"https:\/\/psol50.org.br\/","logo":{"@type":"ImageObject","inLanguage":"pt-BR","@id":"https:\/\/psol50.org.br\/#\/schema\/logo\/image\/","url":"https:\/\/psol50.org.br\/inc\/uploads\/2018\/07\/capa.png","contentUrl":"https:\/\/psol50.org.br\/inc\/uploads\/2018\/07\/capa.png","width":1350,"height":900,"caption":"PSOL 50"},"image":{"@id":"https:\/\/psol50.org.br\/#\/schema\/logo\/image\/"},"sameAs":["https:\/\/www.facebook.com\/psol50","https:\/\/x.com\/psol50","https:\/\/www.instagram.com\/psol50\/","https:\/\/www.youtube.com\/channel\/UC7SnJS5o1os7a6CaiNabzcg"]},{"@type":"Person","@id":"https:\/\/psol50.org.br\/#\/schema\/person\/475dfa57d0b815993c714c2e96491fcd","name":"Comunica\u00e7\u00e3o PSOL","image":{"@type":"ImageObject","inLanguage":"pt-BR","@id":"https:\/\/psol50.org.br\/#\/schema\/person\/image\/","url":"https:\/\/secure.gravatar.com\/avatar\/b34fc4f4e468a4e51785917065a3db57b841f5c95dba6ad8c73aaf8f66f8f9bf?s=96&d=mm&r=g","contentUrl":"https:\/\/secure.gravatar.com\/avatar\/b34fc4f4e468a4e51785917065a3db57b841f5c95dba6ad8c73aaf8f66f8f9bf?s=96&d=mm&r=g","caption":"Comunica\u00e7\u00e3o PSOL"}}]}},"_links":{"self":[{"href":"https:\/\/psol50.org.br\/rest\/wp\/v2\/posts\/1684","targetHints":{"allow":["GET"]}}],"collection":[{"href":"https:\/\/psol50.org.br\/rest\/wp\/v2\/posts"}],"about":[{"href":"https:\/\/psol50.org.br\/rest\/wp\/v2\/types\/post"}],"author":[{"embeddable":true,"href":"https:\/\/psol50.org.br\/rest\/wp\/v2\/users\/2"}],"replies":[{"embeddable":true,"href":"https:\/\/psol50.org.br\/rest\/wp\/v2\/comments?post=1684"}],"version-history":[{"count":0,"href":"https:\/\/psol50.org.br\/rest\/wp\/v2\/posts\/1684\/revisions"}],"wp:attachment":[{"href":"https:\/\/psol50.org.br\/rest\/wp\/v2\/media?parent=1684"}],"wp:term":[{"taxonomy":"category","embeddable":true,"href":"https:\/\/psol50.org.br\/rest\/wp\/v2\/categories?post=1684"},{"taxonomy":"post_tag","embeddable":true,"href":"https:\/\/psol50.org.br\/rest\/wp\/v2\/tags?post=1684"}],"curies":[{"name":"wp","href":"https:\/\/api.w.org\/{rel}","templated":true}]}}