{"id":16846,"date":"2017-06-05T15:00:15","date_gmt":"2017-06-05T15:00:15","guid":{"rendered":"http:\/\/www.psol50.org.br\/?p=16846"},"modified":"2017-06-05T15:00:15","modified_gmt":"2017-06-05T15:00:15","slug":"frente-parlamentar-diretas-ja-sera-lancada-no-congresso","status":"publish","type":"post","link":"https:\/\/psol50.org.br\/frente-parlamentar-diretas-ja-sera-lancada-no-congresso\/","title":{"rendered":"Frente Parlamentar \u201cDiretas J\u00e1!\u201d ser\u00e1 lan\u00e7ada no Congresso"},"content":{"rendered":"<p><span style=\"font-family: georgia,palatino,serif; font-size: 16px; color: #000000;\">Na pr\u00f3xima quarta-feira (7\/6), \u00e0s 16h, ser\u00e1 lan\u00e7ada a Frente Parlamentar Suprapartid\u00e1ria por elei\u00e7\u00f5es Diretas, no Sal\u00e3o Nobre da C\u00e2mara. Formada por cinco partidos, incluindo PSOL, PSB, PT, PDT e PCdoB, a Frente pretende unir parlamentares de todos os campos pol\u00edticos.<\/span><\/p>\n<p><span style=\"font-family: georgia,palatino,serif; font-size: 16px; color: #000000;\">O objetivo central \u00e9 somar-se ao protagonismo de artistas, intelectuais e sociedade civil organizada pelas Diretas J\u00e1. Al\u00e9m disso, fortalecer a press\u00e3o sobre o Congresso para aprovar a Proposta de Emenda 227\/16, que visa alterar a Constitui\u00e7\u00e3o para garantir que elei\u00e7\u00f5es diretas sejam convocadas em caso de vac\u00e2ncia do cargo de presidente da Rep\u00fablica at\u00e9 seis meses antes do fim do mandato. <span style=\"color: #0000ff;\"><a style=\"color: #0000ff;\" href=\"http:\/\/www.psol50.org.br\/blog\/2017\/05\/19\/pec-das-diretas-pode-impedir-que-congresso-decida-o-futuro-do-brasil\/\" target=\"_blank\" rel=\"noopener noreferrer\"><strong><span style=\"text-decoration: none;\">A proposta est\u00e1 na pauta da Comiss\u00e3o de Constitui\u00e7\u00e3o e Justi\u00e7a<\/span><\/strong><\/a><\/span><span class=\"apple-converted-space\">\u00a0<\/span>e quase foi votada na \u00faltima quarta-feira (31). Mas a base aliada do governo de Michel Temer impediu o fechamento de um acordo para votar a PEC e a aprecia\u00e7\u00e3o mais uma vez foi adiada.<\/span><\/p>\n<p><span style=\"font-family: georgia,palatino,serif; font-size: 16px; color: #000000;\"><span style=\"color: #0000ff;\"><a style=\"color: #0000ff;\" href=\"http:\/\/www.psol50.org.br\/blog\/2017\/05\/31\/comissao-do-senado-aprova-eleicao-direta-em-caso-de-vacancia-da-presidencia\/\" target=\"_blank\" rel=\"noopener noreferrer\"><strong><span style=\"text-decoration: none;\">No Senado, a CCJ aprovou na semana passada uma proposta semelhante<\/span><\/strong><\/a><\/span>, que tamb\u00e9m garante a convoca\u00e7\u00e3o de elei\u00e7\u00f5es diretas. Nesse caso, as diretas podem ocorrer em caso de vac\u00e2ncia da Presid\u00eancia nos tr\u00eas primeiros anos de mandato \u2013 situa\u00e7\u00e3o\u00a0de Temer, caso ele saia do cargo at\u00e9 o fim deste ano.<\/span><\/p>\n<p><span style=\"font-family: georgia,palatino,serif; color: #000000; font-size: 16px;\">A aprova\u00e7\u00e3o no\u00a0Senado representa a for\u00e7a da pauta das Diretas J\u00e1 no pa\u00eds. Segundo pesquisa do Instituto Paran\u00e1,\u00a0 90,6% dos brasileiros querem uma nova elei\u00e7\u00e3o para presidente do Brasil.<br \/>\n<\/span><\/p>\n<p><span style=\"font-family: georgia,palatino,serif; color: #000000; font-size: 16px;\">Luiz Ara\u00fajo, presidente nacional do PSOL, explica que a Frente visa conquistar apoio dentro do\u00a0Parlamento de diversos partidos para garantir uma maioria na vota\u00e7\u00e3o das PECs e ter elei\u00e7\u00f5es diretas o mais breve poss\u00edvel. &#8220;O esfor\u00e7o agora\u00a0\u00e9 impedir que este Congresso Nacional decida o futuro do pa\u00eds em caso de queda de Michel Temer&#8221;.<\/span><\/p>\n<p><span style=\"font-family: georgia,palatino,serif; font-size: 16px; color: #000000;\"><strong>Servi\u00e7o:<\/strong><\/span><br \/>\n<span style=\"font-family: georgia,palatino,serif; font-size: 16px; color: #000000;\"> Lan\u00e7amento da Frente Parlamentar Suprapartid\u00e1ria por elei\u00e7\u00f5es Diretas J\u00e1<\/span><br \/>\n<span style=\"font-family: georgia,palatino,serif; font-size: 16px; color: #000000;\"> Quando: Dia 07\/06\/2017 (Quarta-feira)<\/span><br \/>\n<span style=\"font-family: georgia,palatino,serif; font-size: 16px; color: #000000;\"> Onde: Sal\u00e3o Nobre da C\u00e2mara dos Deputados<\/span><br \/>\n<span style=\"font-family: georgia,palatino,serif; font-size: 16px; color: #000000;\"> Hor\u00e1rio: 16h<\/span><\/p>\n","protected":false},"excerpt":{"rendered":"<p>Na pr\u00f3xima quarta-feira (7\/6), \u00e0s 16h, ser\u00e1 lan\u00e7ada a Frente Parlamentar Suprapartid\u00e1ria por elei\u00e7\u00f5es Diretas, no Sal\u00e3o Nobre da C\u00e2mara. Formada por cinco partidos, incluindo PSOL, PSB, PT, PDT e PCdoB, a Frente pretende unir parlamentares de todos os campos pol\u00edticos. O objetivo central \u00e9 somar-se ao protagonismo de artistas, intelectuais e sociedade civil organizada [&hellip;]<\/p>\n","protected":false},"author":2,"featured_media":16825,"comment_status":"open","ping_status":"open","sticky":false,"template":"","format":"standard","meta":{"_acf_changed":false,"footnotes":""},"categories":[10,1882,6],"tags":[80,3143,3291,1748,316,317,3292,318,22,319,3089],"class_list":{"0":"post-16846","1":"post","2":"type-post","3":"status-publish","4":"format-standard","5":"has-post-thumbnail","7":"category-acao-parlamentares","8":"category-brasil","9":"category-noticias","10":"tag-deputados","11":"tag-eleicoes-diretas","12":"tag-frente-parlamentar-suprapartidaria-por-eleicoes-diretas","13":"tag-michel-temer","14":"tag-pcdob","15":"tag-pdt","16":"tag-pec-2272016","17":"tag-psb","18":"tag-psol","19":"tag-pt","20":"tag-senadores"},"acf":[],"yoast_head":"<!-- This site is optimized with the Yoast SEO plugin v26.5 - https:\/\/yoast.com\/wordpress\/plugins\/seo\/ -->\n<title>Frente Parlamentar \u201cDiretas J\u00e1!\u201d ser\u00e1 lan\u00e7ada no Congresso - PSOL 50<\/title>\n<meta name=\"robots\" content=\"index, follow, max-snippet:-1, max-image-preview:large, max-video-preview:-1\" \/>\n<link rel=\"canonical\" href=\"https:\/\/psol50.org.br\/frente-parlamentar-diretas-ja-sera-lancada-no-congresso\/\" \/>\n<meta property=\"og:locale\" content=\"pt_BR\" \/>\n<meta property=\"og:type\" content=\"article\" \/>\n<meta property=\"og:title\" content=\"Frente Parlamentar \u201cDiretas J\u00e1!\u201d ser\u00e1 lan\u00e7ada no Congresso - PSOL 50\" \/>\n<meta property=\"og:description\" content=\"Na pr\u00f3xima quarta-feira (7\/6), \u00e0s 16h, ser\u00e1 lan\u00e7ada a Frente Parlamentar Suprapartid\u00e1ria por elei\u00e7\u00f5es Diretas, no Sal\u00e3o Nobre da C\u00e2mara. Formada por cinco partidos, incluindo PSOL, PSB, PT, PDT e PCdoB, a Frente pretende unir parlamentares de todos os campos pol\u00edticos. O objetivo central \u00e9 somar-se ao protagonismo de artistas, intelectuais e sociedade civil organizada [&hellip;]\" \/>\n<meta property=\"og:url\" content=\"https:\/\/psol50.org.br\/frente-parlamentar-diretas-ja-sera-lancada-no-congresso\/\" \/>\n<meta property=\"og:site_name\" content=\"PSOL 50\" \/>\n<meta property=\"article:publisher\" content=\"https:\/\/www.facebook.com\/psol50\" \/>\n<meta property=\"article:published_time\" content=\"2017-06-05T15:00:15+00:00\" \/>\n<meta property=\"og:image\" content=\"https:\/\/psol50.org.br\/inc\/uploads\/2018\/07\/capa.png\" \/>\n\t<meta property=\"og:image:width\" content=\"1350\" \/>\n\t<meta property=\"og:image:height\" content=\"900\" \/>\n\t<meta property=\"og:image:type\" content=\"image\/png\" \/>\n<meta name=\"author\" content=\"Comunica\u00e7\u00e3o PSOL\" \/>\n<meta name=\"twitter:card\" content=\"summary_large_image\" \/>\n<meta name=\"twitter:creator\" content=\"@psol50\" \/>\n<meta name=\"twitter:site\" content=\"@psol50\" \/>\n<meta name=\"twitter:label1\" content=\"Escrito por\" \/>\n\t<meta name=\"twitter:data1\" content=\"Comunica\u00e7\u00e3o PSOL\" \/>\n\t<meta name=\"twitter:label2\" content=\"Est. tempo de leitura\" \/>\n\t<meta name=\"twitter:data2\" content=\"2 minutos\" \/>\n<script type=\"application\/ld+json\" class=\"yoast-schema-graph\">{\"@context\":\"https:\/\/schema.org\",\"@graph\":[{\"@type\":\"Article\",\"@id\":\"https:\/\/psol50.org.br\/frente-parlamentar-diretas-ja-sera-lancada-no-congresso\/#article\",\"isPartOf\":{\"@id\":\"https:\/\/psol50.org.br\/frente-parlamentar-diretas-ja-sera-lancada-no-congresso\/\"},\"author\":{\"name\":\"Comunica\u00e7\u00e3o PSOL\",\"@id\":\"https:\/\/psol50.org.br\/#\/schema\/person\/475dfa57d0b815993c714c2e96491fcd\"},\"headline\":\"Frente Parlamentar \u201cDiretas J\u00e1!\u201d ser\u00e1 lan\u00e7ada no Congresso\",\"datePublished\":\"2017-06-05T15:00:15+00:00\",\"mainEntityOfPage\":{\"@id\":\"https:\/\/psol50.org.br\/frente-parlamentar-diretas-ja-sera-lancada-no-congresso\/\"},\"wordCount\":351,\"commentCount\":0,\"publisher\":{\"@id\":\"https:\/\/psol50.org.br\/#organization\"},\"image\":{\"@id\":\"https:\/\/psol50.org.br\/frente-parlamentar-diretas-ja-sera-lancada-no-congresso\/#primaryimage\"},\"thumbnailUrl\":\"\",\"keywords\":[\"deputados\",\"elei\u00e7\u00f5es diretas\",\"Frente Parlamentar Suprapartid\u00e1ria por elei\u00e7\u00f5es Diretas\",\"Michel Temer\",\"PCdoB\",\"PDT\",\"PEC 227\/2016\",\"PSB\",\"PSOL\",\"PT\",\"senadores\"],\"articleSection\":[\"A\u00e7\u00e3o Parlamentar\",\"Brasil\",\"Not\u00edcias\"],\"inLanguage\":\"pt-BR\",\"potentialAction\":[{\"@type\":\"CommentAction\",\"name\":\"Comment\",\"target\":[\"https:\/\/psol50.org.br\/frente-parlamentar-diretas-ja-sera-lancada-no-congresso\/#respond\"]}]},{\"@type\":\"WebPage\",\"@id\":\"https:\/\/psol50.org.br\/frente-parlamentar-diretas-ja-sera-lancada-no-congresso\/\",\"url\":\"https:\/\/psol50.org.br\/frente-parlamentar-diretas-ja-sera-lancada-no-congresso\/\",\"name\":\"Frente Parlamentar \u201cDiretas J\u00e1!\u201d ser\u00e1 lan\u00e7ada no Congresso - PSOL 50\",\"isPartOf\":{\"@id\":\"https:\/\/psol50.org.br\/#website\"},\"primaryImageOfPage\":{\"@id\":\"https:\/\/psol50.org.br\/frente-parlamentar-diretas-ja-sera-lancada-no-congresso\/#primaryimage\"},\"image\":{\"@id\":\"https:\/\/psol50.org.br\/frente-parlamentar-diretas-ja-sera-lancada-no-congresso\/#primaryimage\"},\"thumbnailUrl\":\"\",\"datePublished\":\"2017-06-05T15:00:15+00:00\",\"breadcrumb\":{\"@id\":\"https:\/\/psol50.org.br\/frente-parlamentar-diretas-ja-sera-lancada-no-congresso\/#breadcrumb\"},\"inLanguage\":\"pt-BR\",\"potentialAction\":[{\"@type\":\"ReadAction\",\"target\":[\"https:\/\/psol50.org.br\/frente-parlamentar-diretas-ja-sera-lancada-no-congresso\/\"]}]},{\"@type\":\"ImageObject\",\"inLanguage\":\"pt-BR\",\"@id\":\"https:\/\/psol50.org.br\/frente-parlamentar-diretas-ja-sera-lancada-no-congresso\/#primaryimage\",\"url\":\"\",\"contentUrl\":\"\"},{\"@type\":\"BreadcrumbList\",\"@id\":\"https:\/\/psol50.org.br\/frente-parlamentar-diretas-ja-sera-lancada-no-congresso\/#breadcrumb\",\"itemListElement\":[{\"@type\":\"ListItem\",\"position\":1,\"name\":\"In\u00edcio\",\"item\":\"https:\/\/psol50.org.br\/\"},{\"@type\":\"ListItem\",\"position\":2,\"name\":\"Frente Parlamentar \u201cDiretas J\u00e1!\u201d ser\u00e1 lan\u00e7ada no Congresso\"}]},{\"@type\":\"WebSite\",\"@id\":\"https:\/\/psol50.org.br\/#website\",\"url\":\"https:\/\/psol50.org.br\/\",\"name\":\"PSOL 50\",\"description\":\"Site oficial do Partido Socialismo e Liberdade\",\"publisher\":{\"@id\":\"https:\/\/psol50.org.br\/#organization\"},\"alternateName\":\"PSOL50\",\"potentialAction\":[{\"@type\":\"SearchAction\",\"target\":{\"@type\":\"EntryPoint\",\"urlTemplate\":\"https:\/\/psol50.org.br\/?s={search_term_string}\"},\"query-input\":{\"@type\":\"PropertyValueSpecification\",\"valueRequired\":true,\"valueName\":\"search_term_string\"}}],\"inLanguage\":\"pt-BR\"},{\"@type\":\"Organization\",\"@id\":\"https:\/\/psol50.org.br\/#organization\",\"name\":\"PSOL 50\",\"alternateName\":\"PSOL 50\",\"url\":\"https:\/\/psol50.org.br\/\",\"logo\":{\"@type\":\"ImageObject\",\"inLanguage\":\"pt-BR\",\"@id\":\"https:\/\/psol50.org.br\/#\/schema\/logo\/image\/\",\"url\":\"https:\/\/psol50.org.br\/inc\/uploads\/2018\/07\/capa.png\",\"contentUrl\":\"https:\/\/psol50.org.br\/inc\/uploads\/2018\/07\/capa.png\",\"width\":1350,\"height\":900,\"caption\":\"PSOL 50\"},\"image\":{\"@id\":\"https:\/\/psol50.org.br\/#\/schema\/logo\/image\/\"},\"sameAs\":[\"https:\/\/www.facebook.com\/psol50\",\"https:\/\/x.com\/psol50\",\"https:\/\/www.instagram.com\/psol50\/\",\"https:\/\/www.youtube.com\/channel\/UC7SnJS5o1os7a6CaiNabzcg\"]},{\"@type\":\"Person\",\"@id\":\"https:\/\/psol50.org.br\/#\/schema\/person\/475dfa57d0b815993c714c2e96491fcd\",\"name\":\"Comunica\u00e7\u00e3o PSOL\",\"image\":{\"@type\":\"ImageObject\",\"inLanguage\":\"pt-BR\",\"@id\":\"https:\/\/psol50.org.br\/#\/schema\/person\/image\/\",\"url\":\"https:\/\/secure.gravatar.com\/avatar\/b34fc4f4e468a4e51785917065a3db57b841f5c95dba6ad8c73aaf8f66f8f9bf?s=96&d=mm&r=g\",\"contentUrl\":\"https:\/\/secure.gravatar.com\/avatar\/b34fc4f4e468a4e51785917065a3db57b841f5c95dba6ad8c73aaf8f66f8f9bf?s=96&d=mm&r=g\",\"caption\":\"Comunica\u00e7\u00e3o PSOL\"}}]}<\/script>\n<!-- \/ Yoast SEO plugin. -->","yoast_head_json":{"title":"Frente Parlamentar \u201cDiretas J\u00e1!\u201d ser\u00e1 lan\u00e7ada no Congresso - PSOL 50","robots":{"index":"index","follow":"follow","max-snippet":"max-snippet:-1","max-image-preview":"max-image-preview:large","max-video-preview":"max-video-preview:-1"},"canonical":"https:\/\/psol50.org.br\/frente-parlamentar-diretas-ja-sera-lancada-no-congresso\/","og_locale":"pt_BR","og_type":"article","og_title":"Frente Parlamentar \u201cDiretas J\u00e1!\u201d ser\u00e1 lan\u00e7ada no Congresso - PSOL 50","og_description":"Na pr\u00f3xima quarta-feira (7\/6), \u00e0s 16h, ser\u00e1 lan\u00e7ada a Frente Parlamentar Suprapartid\u00e1ria por elei\u00e7\u00f5es Diretas, no Sal\u00e3o Nobre da C\u00e2mara. Formada por cinco partidos, incluindo PSOL, PSB, PT, PDT e PCdoB, a Frente pretende unir parlamentares de todos os campos pol\u00edticos. O objetivo central \u00e9 somar-se ao protagonismo de artistas, intelectuais e sociedade civil organizada [&hellip;]","og_url":"https:\/\/psol50.org.br\/frente-parlamentar-diretas-ja-sera-lancada-no-congresso\/","og_site_name":"PSOL 50","article_publisher":"https:\/\/www.facebook.com\/psol50","article_published_time":"2017-06-05T15:00:15+00:00","og_image":[{"width":1350,"height":900,"url":"https:\/\/psol50.org.br\/inc\/uploads\/2018\/07\/capa.png","type":"image\/png"}],"author":"Comunica\u00e7\u00e3o PSOL","twitter_card":"summary_large_image","twitter_creator":"@psol50","twitter_site":"@psol50","twitter_misc":{"Escrito por":"Comunica\u00e7\u00e3o PSOL","Est. tempo de leitura":"2 minutos"},"schema":{"@context":"https:\/\/schema.org","@graph":[{"@type":"Article","@id":"https:\/\/psol50.org.br\/frente-parlamentar-diretas-ja-sera-lancada-no-congresso\/#article","isPartOf":{"@id":"https:\/\/psol50.org.br\/frente-parlamentar-diretas-ja-sera-lancada-no-congresso\/"},"author":{"name":"Comunica\u00e7\u00e3o PSOL","@id":"https:\/\/psol50.org.br\/#\/schema\/person\/475dfa57d0b815993c714c2e96491fcd"},"headline":"Frente Parlamentar \u201cDiretas J\u00e1!\u201d ser\u00e1 lan\u00e7ada no Congresso","datePublished":"2017-06-05T15:00:15+00:00","mainEntityOfPage":{"@id":"https:\/\/psol50.org.br\/frente-parlamentar-diretas-ja-sera-lancada-no-congresso\/"},"wordCount":351,"commentCount":0,"publisher":{"@id":"https:\/\/psol50.org.br\/#organization"},"image":{"@id":"https:\/\/psol50.org.br\/frente-parlamentar-diretas-ja-sera-lancada-no-congresso\/#primaryimage"},"thumbnailUrl":"","keywords":["deputados","elei\u00e7\u00f5es diretas","Frente Parlamentar Suprapartid\u00e1ria por elei\u00e7\u00f5es Diretas","Michel Temer","PCdoB","PDT","PEC 227\/2016","PSB","PSOL","PT","senadores"],"articleSection":["A\u00e7\u00e3o Parlamentar","Brasil","Not\u00edcias"],"inLanguage":"pt-BR","potentialAction":[{"@type":"CommentAction","name":"Comment","target":["https:\/\/psol50.org.br\/frente-parlamentar-diretas-ja-sera-lancada-no-congresso\/#respond"]}]},{"@type":"WebPage","@id":"https:\/\/psol50.org.br\/frente-parlamentar-diretas-ja-sera-lancada-no-congresso\/","url":"https:\/\/psol50.org.br\/frente-parlamentar-diretas-ja-sera-lancada-no-congresso\/","name":"Frente Parlamentar \u201cDiretas J\u00e1!\u201d ser\u00e1 lan\u00e7ada no Congresso - PSOL 50","isPartOf":{"@id":"https:\/\/psol50.org.br\/#website"},"primaryImageOfPage":{"@id":"https:\/\/psol50.org.br\/frente-parlamentar-diretas-ja-sera-lancada-no-congresso\/#primaryimage"},"image":{"@id":"https:\/\/psol50.org.br\/frente-parlamentar-diretas-ja-sera-lancada-no-congresso\/#primaryimage"},"thumbnailUrl":"","datePublished":"2017-06-05T15:00:15+00:00","breadcrumb":{"@id":"https:\/\/psol50.org.br\/frente-parlamentar-diretas-ja-sera-lancada-no-congresso\/#breadcrumb"},"inLanguage":"pt-BR","potentialAction":[{"@type":"ReadAction","target":["https:\/\/psol50.org.br\/frente-parlamentar-diretas-ja-sera-lancada-no-congresso\/"]}]},{"@type":"ImageObject","inLanguage":"pt-BR","@id":"https:\/\/psol50.org.br\/frente-parlamentar-diretas-ja-sera-lancada-no-congresso\/#primaryimage","url":"","contentUrl":""},{"@type":"BreadcrumbList","@id":"https:\/\/psol50.org.br\/frente-parlamentar-diretas-ja-sera-lancada-no-congresso\/#breadcrumb","itemListElement":[{"@type":"ListItem","position":1,"name":"In\u00edcio","item":"https:\/\/psol50.org.br\/"},{"@type":"ListItem","position":2,"name":"Frente Parlamentar \u201cDiretas J\u00e1!\u201d ser\u00e1 lan\u00e7ada no Congresso"}]},{"@type":"WebSite","@id":"https:\/\/psol50.org.br\/#website","url":"https:\/\/psol50.org.br\/","name":"PSOL 50","description":"Site oficial do Partido Socialismo e Liberdade","publisher":{"@id":"https:\/\/psol50.org.br\/#organization"},"alternateName":"PSOL50","potentialAction":[{"@type":"SearchAction","target":{"@type":"EntryPoint","urlTemplate":"https:\/\/psol50.org.br\/?s={search_term_string}"},"query-input":{"@type":"PropertyValueSpecification","valueRequired":true,"valueName":"search_term_string"}}],"inLanguage":"pt-BR"},{"@type":"Organization","@id":"https:\/\/psol50.org.br\/#organization","name":"PSOL 50","alternateName":"PSOL 50","url":"https:\/\/psol50.org.br\/","logo":{"@type":"ImageObject","inLanguage":"pt-BR","@id":"https:\/\/psol50.org.br\/#\/schema\/logo\/image\/","url":"https:\/\/psol50.org.br\/inc\/uploads\/2018\/07\/capa.png","contentUrl":"https:\/\/psol50.org.br\/inc\/uploads\/2018\/07\/capa.png","width":1350,"height":900,"caption":"PSOL 50"},"image":{"@id":"https:\/\/psol50.org.br\/#\/schema\/logo\/image\/"},"sameAs":["https:\/\/www.facebook.com\/psol50","https:\/\/x.com\/psol50","https:\/\/www.instagram.com\/psol50\/","https:\/\/www.youtube.com\/channel\/UC7SnJS5o1os7a6CaiNabzcg"]},{"@type":"Person","@id":"https:\/\/psol50.org.br\/#\/schema\/person\/475dfa57d0b815993c714c2e96491fcd","name":"Comunica\u00e7\u00e3o PSOL","image":{"@type":"ImageObject","inLanguage":"pt-BR","@id":"https:\/\/psol50.org.br\/#\/schema\/person\/image\/","url":"https:\/\/secure.gravatar.com\/avatar\/b34fc4f4e468a4e51785917065a3db57b841f5c95dba6ad8c73aaf8f66f8f9bf?s=96&d=mm&r=g","contentUrl":"https:\/\/secure.gravatar.com\/avatar\/b34fc4f4e468a4e51785917065a3db57b841f5c95dba6ad8c73aaf8f66f8f9bf?s=96&d=mm&r=g","caption":"Comunica\u00e7\u00e3o PSOL"}}]}},"_links":{"self":[{"href":"https:\/\/psol50.org.br\/rest\/wp\/v2\/posts\/16846","targetHints":{"allow":["GET"]}}],"collection":[{"href":"https:\/\/psol50.org.br\/rest\/wp\/v2\/posts"}],"about":[{"href":"https:\/\/psol50.org.br\/rest\/wp\/v2\/types\/post"}],"author":[{"embeddable":true,"href":"https:\/\/psol50.org.br\/rest\/wp\/v2\/users\/2"}],"replies":[{"embeddable":true,"href":"https:\/\/psol50.org.br\/rest\/wp\/v2\/comments?post=16846"}],"version-history":[{"count":0,"href":"https:\/\/psol50.org.br\/rest\/wp\/v2\/posts\/16846\/revisions"}],"wp:featuredmedia":[{"embeddable":true,"href":"https:\/\/psol50.org.br\/rest\/wp\/v2\/posts\/16825"}],"wp:attachment":[{"href":"https:\/\/psol50.org.br\/rest\/wp\/v2\/media?parent=16846"}],"wp:term":[{"taxonomy":"category","embeddable":true,"href":"https:\/\/psol50.org.br\/rest\/wp\/v2\/categories?post=16846"},{"taxonomy":"post_tag","embeddable":true,"href":"https:\/\/psol50.org.br\/rest\/wp\/v2\/tags?post=16846"}],"curies":[{"name":"wp","href":"https:\/\/api.w.org\/{rel}","templated":true}]}}