{"id":16850,"date":"2017-06-05T16:37:10","date_gmt":"2017-06-05T16:37:10","guid":{"rendered":"http:\/\/www.psol50.org.br\/?p=16850"},"modified":"2017-06-05T16:37:10","modified_gmt":"2017-06-05T16:37:10","slug":"chico-alencar-o-povo-e-quem-mais-ordena","status":"publish","type":"post","link":"https:\/\/psol50.org.br\/chico-alencar-o-povo-e-quem-mais-ordena\/","title":{"rendered":"Chico Alencar | O povo \u00e9 quem mais ordena"},"content":{"rendered":"<p><span style=\"font-size: 14px;\"><em>Artigo publicado originalmente no jornal <a href=\"https:\/\/oglobo.globo.com\/opiniao\/o-povo-quem-mais-ordena-21431078\" target=\"_blank\" rel=\"noopener noreferrer\"><span style=\"color: #0000ff;\">O Globo<\/span><\/a><\/em><\/span><\/p>\n<p>No DNA da sociedade brasileira h\u00e1 escravid\u00e3o, patriarcalismo, domina\u00e7\u00e3o olig\u00e1rquica e concentra\u00e7\u00e3o da propriedade. O mandonismo ainda impera nas rela\u00e7\u00f5es pol\u00edticas, familiares e de trabalho. A hierarquia transforma-se muitas vezes em autoritarismo, abafando a constru\u00e7\u00e3o coletiva da tomada de decis\u00f5es \u2014 sempre mais eficaz.<\/p>\n<p>Na nossa hist\u00f3ria recente, \u00e0 luta contra a censura, a tortura e o arb\u00edtrio seguiu-se a campanha pelas Diretas J\u00e1, em 1984. Um marco de mobiliza\u00e7\u00e3o cidad\u00e3 que culminou na promulga\u00e7\u00e3o da Carta Magna de 1988, a mais democr\u00e1tica que o Brasil j\u00e1 teve.<\/p>\n<p>Hoje, o grito por diretas j\u00e1 \u00e9 por diretas sempre. A PEC 227, do deputado Miro Teixeira (Rede-RJ), foi apresentada h\u00e1 um ano. Busca encerrar o d\u00e9ficit democr\u00e1tico que a Constitui\u00e7\u00e3o ainda abriga, ao dispor que a vac\u00e2ncia do cargo de presidente e vice da Rep\u00fablica nos dois \u00faltimos anos do mandato seja preenchida por elei\u00e7\u00f5es indiretas. A PEC estabelece diretas at\u00e9 seis meses antes do t\u00e9rmino do per\u00edodo para o qual os ex-mandat\u00e1rios foram eleitos.<\/p>\n<p>Quinhentos e noventa e quatro deputados e senadores n\u00e3o podem substituir 144 milh\u00f5es de eleitores! Ainda mais quando um quarto do Congresso Nacional est\u00e1 acusado, entre outros crimes, de venda de projetos e votos. Um presidente nascido desse col\u00e9gio eleitoral careceria de legitimidade b\u00e1sica. N\u00e3o teria sequer a de outros que chegaram ao poder sem o sufr\u00e1gio universal, como Deodoro\/Floriano, no alvorecer da Rep\u00fablica; Vargas, em 1934; e Tancredo\/Sarney, quando da transi\u00e7\u00e3o pactuada pelo alto para a supera\u00e7\u00e3o da ditadura imposta em 1964, que tamb\u00e9m \u201celegia\u201d seus generais-presidentes assim.<\/p>\n<p>Quando a pra\u00e7a, com for\u00e7a, alegria e arte, grita por diretas j\u00e1, ela est\u00e1 dizendo mais: brada pelo fim de um governo repleto n\u00e3o de not\u00e1veis, mas de not\u00f3rios investigados; quer preserva\u00e7\u00e3o de direitos duramente conquistados; exige um novo modelo pol\u00edtico, livre do poder econ\u00f4mico, com pleitos limpos e candidaturas program\u00e1ticas, assegurada a igualdade na disputa. Quer que todo governo s\u00f3 implemente o que foi aprovado pela soberania popular, repudiando o costumeiro estelionato eleitoral ou a imposi\u00e7\u00e3o de pol\u00edticas jamais submetidas ao ju\u00edzo da cidadania. A rigor, na degrada\u00e7\u00e3o a que chegamos, o ideal seria a antecipa\u00e7\u00e3o de elei\u00e7\u00f5es gerais.<\/p>\n<p>Os que rejeitam a manifesta\u00e7\u00e3o da vontade popular alegam que elei\u00e7\u00e3o direta agora \u00e9 \u201canarquia\u201d (!), e fere o princ\u00edpio da anteced\u00eancia de um ano para mudan\u00e7as no processo eleitoral. Ressalte-se que a PEC ampliar\u00e1, e n\u00e3o restringir\u00e1, direitos do cidad\u00e3o-eleitor(a), como tamb\u00e9m n\u00e3o limitar\u00e1 os dos partidos e potenciais candidato(a)s. Diretas j\u00e1 fortalecem a cl\u00e1usula p\u00e9trea da origem do poder na Rep\u00fablica, inscrita no par\u00e1grafo \u00fanico do artigo 1\u00ba da Constitui\u00e7\u00e3o, que comanda todos os demais.<\/p>\n<p>Elei\u00e7\u00e3o indireta seria mais do mesmo, mera troca de s\u00edndico do condom\u00ednio do poder, cujas regras de privil\u00e9gio permaneceriam. Seria acrescentar os sem-voto ao imenso contingente dos sem-trabalho, sem-teto e sem-terra. Seria agregar crise \u00e0 crise, ampliando a multid\u00e3o dos sem-esperan\u00e7a.<\/p>\n","protected":false},"excerpt":{"rendered":"<p>Artigo publicado originalmente no jornal O Globo No DNA da sociedade brasileira h\u00e1 escravid\u00e3o, patriarcalismo, domina\u00e7\u00e3o olig\u00e1rquica e concentra\u00e7\u00e3o da propriedade. O mandonismo ainda impera nas rela\u00e7\u00f5es pol\u00edticas, familiares e de trabalho. A hierarquia transforma-se muitas vezes em autoritarismo, abafando a constru\u00e7\u00e3o coletiva da tomada de decis\u00f5es \u2014 sempre mais eficaz. Na nossa hist\u00f3ria recente, [&hellip;]<\/p>\n","protected":false},"author":2,"featured_media":16646,"comment_status":"open","ping_status":"open","sticky":false,"template":"","format":"standard","meta":{"_acf_changed":false,"footnotes":""},"categories":[10,3,1882],"tags":[3242,1680,87,3143,3292,3293],"class_list":{"0":"post-16850","1":"post","2":"type-post","3":"status-publish","4":"format-standard","5":"has-post-thumbnail","7":"category-acao-parlamentares","8":"category-artigos-e-entrevistas","9":"category-brasil","10":"tag-diretasja","11":"tag-chico-alencar","12":"tag-democracia","13":"tag-eleicoes-diretas","14":"tag-pec-2272016","15":"tag-povo"},"acf":[],"yoast_head":"<!-- This site is optimized with the Yoast SEO plugin v26.5 - https:\/\/yoast.com\/wordpress\/plugins\/seo\/ -->\n<title>Chico Alencar | O povo \u00e9 quem mais ordena - PSOL 50<\/title>\n<meta name=\"robots\" content=\"index, follow, max-snippet:-1, max-image-preview:large, max-video-preview:-1\" \/>\n<link rel=\"canonical\" href=\"https:\/\/psol50.org.br\/chico-alencar-o-povo-e-quem-mais-ordena\/\" \/>\n<meta property=\"og:locale\" content=\"pt_BR\" \/>\n<meta property=\"og:type\" content=\"article\" \/>\n<meta property=\"og:title\" content=\"Chico Alencar | O povo \u00e9 quem mais ordena - PSOL 50\" \/>\n<meta property=\"og:description\" content=\"Artigo publicado originalmente no jornal O Globo No DNA da sociedade brasileira h\u00e1 escravid\u00e3o, patriarcalismo, domina\u00e7\u00e3o olig\u00e1rquica e concentra\u00e7\u00e3o da propriedade. O mandonismo ainda impera nas rela\u00e7\u00f5es pol\u00edticas, familiares e de trabalho. A hierarquia transforma-se muitas vezes em autoritarismo, abafando a constru\u00e7\u00e3o coletiva da tomada de decis\u00f5es \u2014 sempre mais eficaz. Na nossa hist\u00f3ria recente, [&hellip;]\" \/>\n<meta property=\"og:url\" content=\"https:\/\/psol50.org.br\/chico-alencar-o-povo-e-quem-mais-ordena\/\" \/>\n<meta property=\"og:site_name\" content=\"PSOL 50\" \/>\n<meta property=\"article:publisher\" content=\"https:\/\/www.facebook.com\/psol50\" \/>\n<meta property=\"article:published_time\" content=\"2017-06-05T16:37:10+00:00\" \/>\n<meta property=\"og:image\" content=\"https:\/\/psol50.org.br\/inc\/uploads\/2018\/07\/capa.png\" \/>\n\t<meta property=\"og:image:width\" content=\"1350\" \/>\n\t<meta property=\"og:image:height\" content=\"900\" \/>\n\t<meta property=\"og:image:type\" content=\"image\/png\" \/>\n<meta name=\"author\" content=\"Comunica\u00e7\u00e3o PSOL\" \/>\n<meta name=\"twitter:card\" content=\"summary_large_image\" \/>\n<meta name=\"twitter:creator\" content=\"@psol50\" \/>\n<meta name=\"twitter:site\" content=\"@psol50\" \/>\n<meta name=\"twitter:label1\" content=\"Escrito por\" \/>\n\t<meta name=\"twitter:data1\" content=\"Comunica\u00e7\u00e3o PSOL\" \/>\n\t<meta name=\"twitter:label2\" content=\"Est. tempo de leitura\" \/>\n\t<meta name=\"twitter:data2\" content=\"3 minutos\" \/>\n<script type=\"application\/ld+json\" class=\"yoast-schema-graph\">{\"@context\":\"https:\/\/schema.org\",\"@graph\":[{\"@type\":\"Article\",\"@id\":\"https:\/\/psol50.org.br\/chico-alencar-o-povo-e-quem-mais-ordena\/#article\",\"isPartOf\":{\"@id\":\"https:\/\/psol50.org.br\/chico-alencar-o-povo-e-quem-mais-ordena\/\"},\"author\":{\"name\":\"Comunica\u00e7\u00e3o PSOL\",\"@id\":\"https:\/\/psol50.org.br\/#\/schema\/person\/475dfa57d0b815993c714c2e96491fcd\"},\"headline\":\"Chico Alencar | O povo \u00e9 quem mais ordena\",\"datePublished\":\"2017-06-05T16:37:10+00:00\",\"mainEntityOfPage\":{\"@id\":\"https:\/\/psol50.org.br\/chico-alencar-o-povo-e-quem-mais-ordena\/\"},\"wordCount\":544,\"commentCount\":0,\"publisher\":{\"@id\":\"https:\/\/psol50.org.br\/#organization\"},\"image\":{\"@id\":\"https:\/\/psol50.org.br\/chico-alencar-o-povo-e-quem-mais-ordena\/#primaryimage\"},\"thumbnailUrl\":\"\",\"keywords\":[\"#DiretasJ\u00e1\",\"Chico Alencar\",\"democracia\",\"elei\u00e7\u00f5es diretas\",\"PEC 227\/2016\",\"povo\"],\"articleSection\":[\"A\u00e7\u00e3o Parlamentar\",\"Artigos\",\"Brasil\"],\"inLanguage\":\"pt-BR\",\"potentialAction\":[{\"@type\":\"CommentAction\",\"name\":\"Comment\",\"target\":[\"https:\/\/psol50.org.br\/chico-alencar-o-povo-e-quem-mais-ordena\/#respond\"]}]},{\"@type\":\"WebPage\",\"@id\":\"https:\/\/psol50.org.br\/chico-alencar-o-povo-e-quem-mais-ordena\/\",\"url\":\"https:\/\/psol50.org.br\/chico-alencar-o-povo-e-quem-mais-ordena\/\",\"name\":\"Chico Alencar | O povo \u00e9 quem mais ordena - PSOL 50\",\"isPartOf\":{\"@id\":\"https:\/\/psol50.org.br\/#website\"},\"primaryImageOfPage\":{\"@id\":\"https:\/\/psol50.org.br\/chico-alencar-o-povo-e-quem-mais-ordena\/#primaryimage\"},\"image\":{\"@id\":\"https:\/\/psol50.org.br\/chico-alencar-o-povo-e-quem-mais-ordena\/#primaryimage\"},\"thumbnailUrl\":\"\",\"datePublished\":\"2017-06-05T16:37:10+00:00\",\"breadcrumb\":{\"@id\":\"https:\/\/psol50.org.br\/chico-alencar-o-povo-e-quem-mais-ordena\/#breadcrumb\"},\"inLanguage\":\"pt-BR\",\"potentialAction\":[{\"@type\":\"ReadAction\",\"target\":[\"https:\/\/psol50.org.br\/chico-alencar-o-povo-e-quem-mais-ordena\/\"]}]},{\"@type\":\"ImageObject\",\"inLanguage\":\"pt-BR\",\"@id\":\"https:\/\/psol50.org.br\/chico-alencar-o-povo-e-quem-mais-ordena\/#primaryimage\",\"url\":\"\",\"contentUrl\":\"\"},{\"@type\":\"BreadcrumbList\",\"@id\":\"https:\/\/psol50.org.br\/chico-alencar-o-povo-e-quem-mais-ordena\/#breadcrumb\",\"itemListElement\":[{\"@type\":\"ListItem\",\"position\":1,\"name\":\"In\u00edcio\",\"item\":\"https:\/\/psol50.org.br\/\"},{\"@type\":\"ListItem\",\"position\":2,\"name\":\"Chico Alencar | O povo \u00e9 quem mais ordena\"}]},{\"@type\":\"WebSite\",\"@id\":\"https:\/\/psol50.org.br\/#website\",\"url\":\"https:\/\/psol50.org.br\/\",\"name\":\"PSOL 50\",\"description\":\"Site oficial do Partido Socialismo e Liberdade\",\"publisher\":{\"@id\":\"https:\/\/psol50.org.br\/#organization\"},\"alternateName\":\"PSOL50\",\"potentialAction\":[{\"@type\":\"SearchAction\",\"target\":{\"@type\":\"EntryPoint\",\"urlTemplate\":\"https:\/\/psol50.org.br\/?s={search_term_string}\"},\"query-input\":{\"@type\":\"PropertyValueSpecification\",\"valueRequired\":true,\"valueName\":\"search_term_string\"}}],\"inLanguage\":\"pt-BR\"},{\"@type\":\"Organization\",\"@id\":\"https:\/\/psol50.org.br\/#organization\",\"name\":\"PSOL 50\",\"alternateName\":\"PSOL 50\",\"url\":\"https:\/\/psol50.org.br\/\",\"logo\":{\"@type\":\"ImageObject\",\"inLanguage\":\"pt-BR\",\"@id\":\"https:\/\/psol50.org.br\/#\/schema\/logo\/image\/\",\"url\":\"https:\/\/psol50.org.br\/inc\/uploads\/2018\/07\/capa.png\",\"contentUrl\":\"https:\/\/psol50.org.br\/inc\/uploads\/2018\/07\/capa.png\",\"width\":1350,\"height\":900,\"caption\":\"PSOL 50\"},\"image\":{\"@id\":\"https:\/\/psol50.org.br\/#\/schema\/logo\/image\/\"},\"sameAs\":[\"https:\/\/www.facebook.com\/psol50\",\"https:\/\/x.com\/psol50\",\"https:\/\/www.instagram.com\/psol50\/\",\"https:\/\/www.youtube.com\/channel\/UC7SnJS5o1os7a6CaiNabzcg\"]},{\"@type\":\"Person\",\"@id\":\"https:\/\/psol50.org.br\/#\/schema\/person\/475dfa57d0b815993c714c2e96491fcd\",\"name\":\"Comunica\u00e7\u00e3o PSOL\",\"image\":{\"@type\":\"ImageObject\",\"inLanguage\":\"pt-BR\",\"@id\":\"https:\/\/psol50.org.br\/#\/schema\/person\/image\/\",\"url\":\"https:\/\/secure.gravatar.com\/avatar\/b34fc4f4e468a4e51785917065a3db57b841f5c95dba6ad8c73aaf8f66f8f9bf?s=96&d=mm&r=g\",\"contentUrl\":\"https:\/\/secure.gravatar.com\/avatar\/b34fc4f4e468a4e51785917065a3db57b841f5c95dba6ad8c73aaf8f66f8f9bf?s=96&d=mm&r=g\",\"caption\":\"Comunica\u00e7\u00e3o PSOL\"}}]}<\/script>\n<!-- \/ Yoast SEO plugin. -->","yoast_head_json":{"title":"Chico Alencar | O povo \u00e9 quem mais ordena - PSOL 50","robots":{"index":"index","follow":"follow","max-snippet":"max-snippet:-1","max-image-preview":"max-image-preview:large","max-video-preview":"max-video-preview:-1"},"canonical":"https:\/\/psol50.org.br\/chico-alencar-o-povo-e-quem-mais-ordena\/","og_locale":"pt_BR","og_type":"article","og_title":"Chico Alencar | O povo \u00e9 quem mais ordena - PSOL 50","og_description":"Artigo publicado originalmente no jornal O Globo No DNA da sociedade brasileira h\u00e1 escravid\u00e3o, patriarcalismo, domina\u00e7\u00e3o olig\u00e1rquica e concentra\u00e7\u00e3o da propriedade. O mandonismo ainda impera nas rela\u00e7\u00f5es pol\u00edticas, familiares e de trabalho. A hierarquia transforma-se muitas vezes em autoritarismo, abafando a constru\u00e7\u00e3o coletiva da tomada de decis\u00f5es \u2014 sempre mais eficaz. Na nossa hist\u00f3ria recente, [&hellip;]","og_url":"https:\/\/psol50.org.br\/chico-alencar-o-povo-e-quem-mais-ordena\/","og_site_name":"PSOL 50","article_publisher":"https:\/\/www.facebook.com\/psol50","article_published_time":"2017-06-05T16:37:10+00:00","og_image":[{"width":1350,"height":900,"url":"https:\/\/psol50.org.br\/inc\/uploads\/2018\/07\/capa.png","type":"image\/png"}],"author":"Comunica\u00e7\u00e3o PSOL","twitter_card":"summary_large_image","twitter_creator":"@psol50","twitter_site":"@psol50","twitter_misc":{"Escrito por":"Comunica\u00e7\u00e3o PSOL","Est. tempo de leitura":"3 minutos"},"schema":{"@context":"https:\/\/schema.org","@graph":[{"@type":"Article","@id":"https:\/\/psol50.org.br\/chico-alencar-o-povo-e-quem-mais-ordena\/#article","isPartOf":{"@id":"https:\/\/psol50.org.br\/chico-alencar-o-povo-e-quem-mais-ordena\/"},"author":{"name":"Comunica\u00e7\u00e3o PSOL","@id":"https:\/\/psol50.org.br\/#\/schema\/person\/475dfa57d0b815993c714c2e96491fcd"},"headline":"Chico Alencar | O povo \u00e9 quem mais ordena","datePublished":"2017-06-05T16:37:10+00:00","mainEntityOfPage":{"@id":"https:\/\/psol50.org.br\/chico-alencar-o-povo-e-quem-mais-ordena\/"},"wordCount":544,"commentCount":0,"publisher":{"@id":"https:\/\/psol50.org.br\/#organization"},"image":{"@id":"https:\/\/psol50.org.br\/chico-alencar-o-povo-e-quem-mais-ordena\/#primaryimage"},"thumbnailUrl":"","keywords":["#DiretasJ\u00e1","Chico Alencar","democracia","elei\u00e7\u00f5es diretas","PEC 227\/2016","povo"],"articleSection":["A\u00e7\u00e3o Parlamentar","Artigos","Brasil"],"inLanguage":"pt-BR","potentialAction":[{"@type":"CommentAction","name":"Comment","target":["https:\/\/psol50.org.br\/chico-alencar-o-povo-e-quem-mais-ordena\/#respond"]}]},{"@type":"WebPage","@id":"https:\/\/psol50.org.br\/chico-alencar-o-povo-e-quem-mais-ordena\/","url":"https:\/\/psol50.org.br\/chico-alencar-o-povo-e-quem-mais-ordena\/","name":"Chico Alencar | O povo \u00e9 quem mais ordena - PSOL 50","isPartOf":{"@id":"https:\/\/psol50.org.br\/#website"},"primaryImageOfPage":{"@id":"https:\/\/psol50.org.br\/chico-alencar-o-povo-e-quem-mais-ordena\/#primaryimage"},"image":{"@id":"https:\/\/psol50.org.br\/chico-alencar-o-povo-e-quem-mais-ordena\/#primaryimage"},"thumbnailUrl":"","datePublished":"2017-06-05T16:37:10+00:00","breadcrumb":{"@id":"https:\/\/psol50.org.br\/chico-alencar-o-povo-e-quem-mais-ordena\/#breadcrumb"},"inLanguage":"pt-BR","potentialAction":[{"@type":"ReadAction","target":["https:\/\/psol50.org.br\/chico-alencar-o-povo-e-quem-mais-ordena\/"]}]},{"@type":"ImageObject","inLanguage":"pt-BR","@id":"https:\/\/psol50.org.br\/chico-alencar-o-povo-e-quem-mais-ordena\/#primaryimage","url":"","contentUrl":""},{"@type":"BreadcrumbList","@id":"https:\/\/psol50.org.br\/chico-alencar-o-povo-e-quem-mais-ordena\/#breadcrumb","itemListElement":[{"@type":"ListItem","position":1,"name":"In\u00edcio","item":"https:\/\/psol50.org.br\/"},{"@type":"ListItem","position":2,"name":"Chico Alencar | O povo \u00e9 quem mais ordena"}]},{"@type":"WebSite","@id":"https:\/\/psol50.org.br\/#website","url":"https:\/\/psol50.org.br\/","name":"PSOL 50","description":"Site oficial do Partido Socialismo e Liberdade","publisher":{"@id":"https:\/\/psol50.org.br\/#organization"},"alternateName":"PSOL50","potentialAction":[{"@type":"SearchAction","target":{"@type":"EntryPoint","urlTemplate":"https:\/\/psol50.org.br\/?s={search_term_string}"},"query-input":{"@type":"PropertyValueSpecification","valueRequired":true,"valueName":"search_term_string"}}],"inLanguage":"pt-BR"},{"@type":"Organization","@id":"https:\/\/psol50.org.br\/#organization","name":"PSOL 50","alternateName":"PSOL 50","url":"https:\/\/psol50.org.br\/","logo":{"@type":"ImageObject","inLanguage":"pt-BR","@id":"https:\/\/psol50.org.br\/#\/schema\/logo\/image\/","url":"https:\/\/psol50.org.br\/inc\/uploads\/2018\/07\/capa.png","contentUrl":"https:\/\/psol50.org.br\/inc\/uploads\/2018\/07\/capa.png","width":1350,"height":900,"caption":"PSOL 50"},"image":{"@id":"https:\/\/psol50.org.br\/#\/schema\/logo\/image\/"},"sameAs":["https:\/\/www.facebook.com\/psol50","https:\/\/x.com\/psol50","https:\/\/www.instagram.com\/psol50\/","https:\/\/www.youtube.com\/channel\/UC7SnJS5o1os7a6CaiNabzcg"]},{"@type":"Person","@id":"https:\/\/psol50.org.br\/#\/schema\/person\/475dfa57d0b815993c714c2e96491fcd","name":"Comunica\u00e7\u00e3o PSOL","image":{"@type":"ImageObject","inLanguage":"pt-BR","@id":"https:\/\/psol50.org.br\/#\/schema\/person\/image\/","url":"https:\/\/secure.gravatar.com\/avatar\/b34fc4f4e468a4e51785917065a3db57b841f5c95dba6ad8c73aaf8f66f8f9bf?s=96&d=mm&r=g","contentUrl":"https:\/\/secure.gravatar.com\/avatar\/b34fc4f4e468a4e51785917065a3db57b841f5c95dba6ad8c73aaf8f66f8f9bf?s=96&d=mm&r=g","caption":"Comunica\u00e7\u00e3o PSOL"}}]}},"_links":{"self":[{"href":"https:\/\/psol50.org.br\/rest\/wp\/v2\/posts\/16850","targetHints":{"allow":["GET"]}}],"collection":[{"href":"https:\/\/psol50.org.br\/rest\/wp\/v2\/posts"}],"about":[{"href":"https:\/\/psol50.org.br\/rest\/wp\/v2\/types\/post"}],"author":[{"embeddable":true,"href":"https:\/\/psol50.org.br\/rest\/wp\/v2\/users\/2"}],"replies":[{"embeddable":true,"href":"https:\/\/psol50.org.br\/rest\/wp\/v2\/comments?post=16850"}],"version-history":[{"count":0,"href":"https:\/\/psol50.org.br\/rest\/wp\/v2\/posts\/16850\/revisions"}],"wp:featuredmedia":[{"embeddable":true,"href":"https:\/\/psol50.org.br\/rest\/"}],"wp:attachment":[{"href":"https:\/\/psol50.org.br\/rest\/wp\/v2\/media?parent=16850"}],"wp:term":[{"taxonomy":"category","embeddable":true,"href":"https:\/\/psol50.org.br\/rest\/wp\/v2\/categories?post=16850"},{"taxonomy":"post_tag","embeddable":true,"href":"https:\/\/psol50.org.br\/rest\/wp\/v2\/tags?post=16850"}],"curies":[{"name":"wp","href":"https:\/\/api.w.org\/{rel}","templated":true}]}}