{"id":16867,"date":"2017-06-06T13:58:38","date_gmt":"2017-06-06T13:58:38","guid":{"rendered":"http:\/\/www.psol50.org.br\/?p=16867"},"modified":"2017-06-06T13:58:38","modified_gmt":"2017-06-06T13:58:38","slug":"tse-retoma-nesta-terca-julgamento-que-pode-cassar-temer","status":"publish","type":"post","link":"https:\/\/psol50.org.br\/tse-retoma-nesta-terca-julgamento-que-pode-cassar-temer\/","title":{"rendered":"TSE retoma nesta ter\u00e7a julgamento que pode cassar Temer"},"content":{"rendered":"<p>O Tribunal Superior Eleitoral (TSE) retoma\u00a0nesta ter\u00e7a-feira (06\/05), \u00e0s 19h, o julgamento da cassa\u00e7\u00e3o da chapa Dilma-Temer &#8211; processo mais r\u00e1pido para tirar o atual presidente do cargo. O processo come\u00e7ou a ser julgado em abril.<\/p>\n<p>Essa \u00e9 a primeira vez que a corte analisa um pedido de cassa\u00e7\u00e3o para um Presidente da Rep\u00fablica. O TSE \u00e9 formado por sete ministros, sendo tr\u00eas do Supremo Tribunal Federal (STF), dois do Supremo Tribunal de Justi\u00e7a (STJ) e dois advogados.<\/p>\n<p>O processo que pode cassar Michel Temer come\u00e7ou com uma a\u00e7\u00e3o do PSDB ap\u00f3s ser derrotado nas elei\u00e7\u00f5es de 2014, mas hoje ganhou contornos muito mais fortes, em especial ap\u00f3s as revela\u00e7\u00f5es feitas em dela\u00e7\u00e3o pela JBS, que colocam\u00a0o presidente ileg\u00edtimo \u00e0 beira do abismo ao afirmar que ele atuou na compra do sil\u00eancio do ex-deputado Eduardo Cunha.<\/p>\n<p>O PSOL apoia a cassa\u00e7\u00e3o de Temer pelo TSE, seguida da convoca\u00e7\u00e3o imediata de elei\u00e7\u00f5es diretas no Brasil. Leia, <span style=\"color: #3366ff;\"><strong><a style=\"color: #3366ff;\" href=\"http:\/\/www.psol50.org.br\/blog\/2017\/04\/03\/psol-defende-cassacao-de-temer-no-tse-e-convocacao-de-eleicoes-diretas\/\" target=\"_blank\" rel=\"noopener noreferrer\">clicando aqui<\/a><\/strong><\/span>, a posi\u00e7\u00e3o do partido.<\/p>\n<p>Muitos, por\u00e9m, apostam que Gilmar Mendes, presidente do TSE e not\u00f3rio aliado de Temer, pode atuar e conseguir que a corte absolva a chapa, como forma de impedir a realiza\u00e7\u00e3o de novas elei\u00e7\u00f5es no pa\u00eds.\u00a0Mesmo assim, a press\u00e3o pode fazer com que o tribunal avance na destitui\u00e7\u00e3o do presidente. Manifesta\u00e7\u00f5es pelas Diretas J\u00e1 est\u00e3o sendo convocadas para Bras\u00edlia durante toda a semana.<\/p>\n<p>Uma mudan\u00e7a no C\u00f3digo Eleitoral realizada em 2015 &#8211; e, assim, muito mais atualizada do que o texto da Constitui\u00e7\u00e3o, de 1988 &#8211; garante a realiza\u00e7\u00e3o de elei\u00e7\u00f5es diretas em caso de vac\u00e2ncia at\u00e9 os \u00faltimos seis meses de mandato.<\/p>\n<p>O processo, caso n\u00e3o haja um pedido de vista, deve ser julgado at\u00e9 essa sexta-feira (09\/05). Veja o cronograma <span style=\"color: #3366ff;\"><strong><a style=\"color: #3366ff;\" href=\"http:\/\/www.poder360.com.br\/justica\/tse-muda-horario-de-sessao-de-julgamento-da-chapa-dilma-temer\/?utm_campaign=a_nexo_201766&amp;utm_medium=email&amp;utm_source=RD+Station\" target=\"_blank\" rel=\"noopener noreferrer\">clicando aqui<\/a><\/strong><\/span>.<\/p>\n","protected":false},"excerpt":{"rendered":"<p>O Tribunal Superior Eleitoral (TSE) retoma\u00a0nesta ter\u00e7a-feira (06\/05), \u00e0s 19h, o julgamento da cassa\u00e7\u00e3o da chapa Dilma-Temer &#8211; processo mais r\u00e1pido para tirar o atual presidente do cargo. O processo come\u00e7ou a ser julgado em abril. Essa \u00e9 a primeira vez que a corte analisa um pedido de cassa\u00e7\u00e3o para um Presidente da Rep\u00fablica. O [&hellip;]<\/p>\n","protected":false},"author":2,"featured_media":16871,"comment_status":"open","ping_status":"open","sticky":false,"template":"","format":"standard","meta":{"_acf_changed":false,"footnotes":""},"categories":[1882,6],"tags":[278,2792,2169,1748,2168,830],"class_list":{"0":"post-16867","1":"post","2":"type-post","3":"status-publish","4":"format-standard","5":"has-post-thumbnail","7":"category-brasil","8":"category-noticias","9":"tag-cassacao","10":"tag-dilma-rousseff","11":"tag-fora-temer","12":"tag-michel-temer","13":"tag-tribunal-superior-eleitoral","14":"tag-tse"},"acf":[],"yoast_head":"<!-- This site is optimized with the Yoast SEO plugin v26.5 - https:\/\/yoast.com\/wordpress\/plugins\/seo\/ -->\n<title>TSE retoma nesta ter\u00e7a julgamento que pode cassar Temer - PSOL 50<\/title>\n<meta name=\"robots\" content=\"index, follow, max-snippet:-1, max-image-preview:large, max-video-preview:-1\" \/>\n<link rel=\"canonical\" href=\"https:\/\/psol50.org.br\/tse-retoma-nesta-terca-julgamento-que-pode-cassar-temer\/\" \/>\n<meta property=\"og:locale\" content=\"pt_BR\" \/>\n<meta property=\"og:type\" content=\"article\" \/>\n<meta property=\"og:title\" content=\"TSE retoma nesta ter\u00e7a julgamento que pode cassar Temer - PSOL 50\" \/>\n<meta property=\"og:description\" content=\"O Tribunal Superior Eleitoral (TSE) retoma\u00a0nesta ter\u00e7a-feira (06\/05), \u00e0s 19h, o julgamento da cassa\u00e7\u00e3o da chapa Dilma-Temer &#8211; processo mais r\u00e1pido para tirar o atual presidente do cargo. O processo come\u00e7ou a ser julgado em abril. Essa \u00e9 a primeira vez que a corte analisa um pedido de cassa\u00e7\u00e3o para um Presidente da Rep\u00fablica. O [&hellip;]\" \/>\n<meta property=\"og:url\" content=\"https:\/\/psol50.org.br\/tse-retoma-nesta-terca-julgamento-que-pode-cassar-temer\/\" \/>\n<meta property=\"og:site_name\" content=\"PSOL 50\" \/>\n<meta property=\"article:publisher\" content=\"https:\/\/www.facebook.com\/psol50\" \/>\n<meta property=\"article:published_time\" content=\"2017-06-06T13:58:38+00:00\" \/>\n<meta property=\"og:image\" content=\"https:\/\/psol50.org.br\/inc\/uploads\/2018\/07\/capa.png\" \/>\n\t<meta property=\"og:image:width\" content=\"1350\" \/>\n\t<meta property=\"og:image:height\" content=\"900\" \/>\n\t<meta property=\"og:image:type\" content=\"image\/png\" \/>\n<meta name=\"author\" content=\"Comunica\u00e7\u00e3o PSOL\" \/>\n<meta name=\"twitter:card\" content=\"summary_large_image\" \/>\n<meta name=\"twitter:creator\" content=\"@psol50\" \/>\n<meta name=\"twitter:site\" content=\"@psol50\" \/>\n<meta name=\"twitter:label1\" content=\"Escrito por\" \/>\n\t<meta name=\"twitter:data1\" content=\"Comunica\u00e7\u00e3o PSOL\" \/>\n\t<meta name=\"twitter:label2\" content=\"Est. tempo de leitura\" \/>\n\t<meta name=\"twitter:data2\" content=\"2 minutos\" \/>\n<script type=\"application\/ld+json\" class=\"yoast-schema-graph\">{\"@context\":\"https:\/\/schema.org\",\"@graph\":[{\"@type\":\"Article\",\"@id\":\"https:\/\/psol50.org.br\/tse-retoma-nesta-terca-julgamento-que-pode-cassar-temer\/#article\",\"isPartOf\":{\"@id\":\"https:\/\/psol50.org.br\/tse-retoma-nesta-terca-julgamento-que-pode-cassar-temer\/\"},\"author\":{\"name\":\"Comunica\u00e7\u00e3o PSOL\",\"@id\":\"https:\/\/psol50.org.br\/#\/schema\/person\/475dfa57d0b815993c714c2e96491fcd\"},\"headline\":\"TSE retoma nesta ter\u00e7a julgamento que pode cassar Temer\",\"datePublished\":\"2017-06-06T13:58:38+00:00\",\"mainEntityOfPage\":{\"@id\":\"https:\/\/psol50.org.br\/tse-retoma-nesta-terca-julgamento-que-pode-cassar-temer\/\"},\"wordCount\":327,\"commentCount\":0,\"publisher\":{\"@id\":\"https:\/\/psol50.org.br\/#organization\"},\"image\":{\"@id\":\"https:\/\/psol50.org.br\/tse-retoma-nesta-terca-julgamento-que-pode-cassar-temer\/#primaryimage\"},\"thumbnailUrl\":\"\",\"keywords\":[\"cassa\u00e7\u00e3o\",\"Dilma Rousseff\",\"Fora Temer\",\"Michel Temer\",\"Tribunal Superior Eleitoral\",\"TSE\"],\"articleSection\":[\"Brasil\",\"Not\u00edcias\"],\"inLanguage\":\"pt-BR\",\"potentialAction\":[{\"@type\":\"CommentAction\",\"name\":\"Comment\",\"target\":[\"https:\/\/psol50.org.br\/tse-retoma-nesta-terca-julgamento-que-pode-cassar-temer\/#respond\"]}]},{\"@type\":\"WebPage\",\"@id\":\"https:\/\/psol50.org.br\/tse-retoma-nesta-terca-julgamento-que-pode-cassar-temer\/\",\"url\":\"https:\/\/psol50.org.br\/tse-retoma-nesta-terca-julgamento-que-pode-cassar-temer\/\",\"name\":\"TSE retoma nesta ter\u00e7a julgamento que pode cassar Temer - PSOL 50\",\"isPartOf\":{\"@id\":\"https:\/\/psol50.org.br\/#website\"},\"primaryImageOfPage\":{\"@id\":\"https:\/\/psol50.org.br\/tse-retoma-nesta-terca-julgamento-que-pode-cassar-temer\/#primaryimage\"},\"image\":{\"@id\":\"https:\/\/psol50.org.br\/tse-retoma-nesta-terca-julgamento-que-pode-cassar-temer\/#primaryimage\"},\"thumbnailUrl\":\"\",\"datePublished\":\"2017-06-06T13:58:38+00:00\",\"breadcrumb\":{\"@id\":\"https:\/\/psol50.org.br\/tse-retoma-nesta-terca-julgamento-que-pode-cassar-temer\/#breadcrumb\"},\"inLanguage\":\"pt-BR\",\"potentialAction\":[{\"@type\":\"ReadAction\",\"target\":[\"https:\/\/psol50.org.br\/tse-retoma-nesta-terca-julgamento-que-pode-cassar-temer\/\"]}]},{\"@type\":\"ImageObject\",\"inLanguage\":\"pt-BR\",\"@id\":\"https:\/\/psol50.org.br\/tse-retoma-nesta-terca-julgamento-que-pode-cassar-temer\/#primaryimage\",\"url\":\"\",\"contentUrl\":\"\"},{\"@type\":\"BreadcrumbList\",\"@id\":\"https:\/\/psol50.org.br\/tse-retoma-nesta-terca-julgamento-que-pode-cassar-temer\/#breadcrumb\",\"itemListElement\":[{\"@type\":\"ListItem\",\"position\":1,\"name\":\"In\u00edcio\",\"item\":\"https:\/\/psol50.org.br\/\"},{\"@type\":\"ListItem\",\"position\":2,\"name\":\"TSE retoma nesta ter\u00e7a julgamento que pode cassar Temer\"}]},{\"@type\":\"WebSite\",\"@id\":\"https:\/\/psol50.org.br\/#website\",\"url\":\"https:\/\/psol50.org.br\/\",\"name\":\"PSOL 50\",\"description\":\"Site oficial do Partido Socialismo e Liberdade\",\"publisher\":{\"@id\":\"https:\/\/psol50.org.br\/#organization\"},\"alternateName\":\"PSOL50\",\"potentialAction\":[{\"@type\":\"SearchAction\",\"target\":{\"@type\":\"EntryPoint\",\"urlTemplate\":\"https:\/\/psol50.org.br\/?s={search_term_string}\"},\"query-input\":{\"@type\":\"PropertyValueSpecification\",\"valueRequired\":true,\"valueName\":\"search_term_string\"}}],\"inLanguage\":\"pt-BR\"},{\"@type\":\"Organization\",\"@id\":\"https:\/\/psol50.org.br\/#organization\",\"name\":\"PSOL 50\",\"alternateName\":\"PSOL 50\",\"url\":\"https:\/\/psol50.org.br\/\",\"logo\":{\"@type\":\"ImageObject\",\"inLanguage\":\"pt-BR\",\"@id\":\"https:\/\/psol50.org.br\/#\/schema\/logo\/image\/\",\"url\":\"https:\/\/psol50.org.br\/inc\/uploads\/2018\/07\/capa.png\",\"contentUrl\":\"https:\/\/psol50.org.br\/inc\/uploads\/2018\/07\/capa.png\",\"width\":1350,\"height\":900,\"caption\":\"PSOL 50\"},\"image\":{\"@id\":\"https:\/\/psol50.org.br\/#\/schema\/logo\/image\/\"},\"sameAs\":[\"https:\/\/www.facebook.com\/psol50\",\"https:\/\/x.com\/psol50\",\"https:\/\/www.instagram.com\/psol50\/\",\"https:\/\/www.youtube.com\/channel\/UC7SnJS5o1os7a6CaiNabzcg\"]},{\"@type\":\"Person\",\"@id\":\"https:\/\/psol50.org.br\/#\/schema\/person\/475dfa57d0b815993c714c2e96491fcd\",\"name\":\"Comunica\u00e7\u00e3o PSOL\",\"image\":{\"@type\":\"ImageObject\",\"inLanguage\":\"pt-BR\",\"@id\":\"https:\/\/psol50.org.br\/#\/schema\/person\/image\/\",\"url\":\"https:\/\/secure.gravatar.com\/avatar\/b34fc4f4e468a4e51785917065a3db57b841f5c95dba6ad8c73aaf8f66f8f9bf?s=96&d=mm&r=g\",\"contentUrl\":\"https:\/\/secure.gravatar.com\/avatar\/b34fc4f4e468a4e51785917065a3db57b841f5c95dba6ad8c73aaf8f66f8f9bf?s=96&d=mm&r=g\",\"caption\":\"Comunica\u00e7\u00e3o PSOL\"}}]}<\/script>\n<!-- \/ Yoast SEO plugin. -->","yoast_head_json":{"title":"TSE retoma nesta ter\u00e7a julgamento que pode cassar Temer - PSOL 50","robots":{"index":"index","follow":"follow","max-snippet":"max-snippet:-1","max-image-preview":"max-image-preview:large","max-video-preview":"max-video-preview:-1"},"canonical":"https:\/\/psol50.org.br\/tse-retoma-nesta-terca-julgamento-que-pode-cassar-temer\/","og_locale":"pt_BR","og_type":"article","og_title":"TSE retoma nesta ter\u00e7a julgamento que pode cassar Temer - PSOL 50","og_description":"O Tribunal Superior Eleitoral (TSE) retoma\u00a0nesta ter\u00e7a-feira (06\/05), \u00e0s 19h, o julgamento da cassa\u00e7\u00e3o da chapa Dilma-Temer &#8211; processo mais r\u00e1pido para tirar o atual presidente do cargo. O processo come\u00e7ou a ser julgado em abril. Essa \u00e9 a primeira vez que a corte analisa um pedido de cassa\u00e7\u00e3o para um Presidente da Rep\u00fablica. O [&hellip;]","og_url":"https:\/\/psol50.org.br\/tse-retoma-nesta-terca-julgamento-que-pode-cassar-temer\/","og_site_name":"PSOL 50","article_publisher":"https:\/\/www.facebook.com\/psol50","article_published_time":"2017-06-06T13:58:38+00:00","og_image":[{"width":1350,"height":900,"url":"https:\/\/psol50.org.br\/inc\/uploads\/2018\/07\/capa.png","type":"image\/png"}],"author":"Comunica\u00e7\u00e3o PSOL","twitter_card":"summary_large_image","twitter_creator":"@psol50","twitter_site":"@psol50","twitter_misc":{"Escrito por":"Comunica\u00e7\u00e3o PSOL","Est. tempo de leitura":"2 minutos"},"schema":{"@context":"https:\/\/schema.org","@graph":[{"@type":"Article","@id":"https:\/\/psol50.org.br\/tse-retoma-nesta-terca-julgamento-que-pode-cassar-temer\/#article","isPartOf":{"@id":"https:\/\/psol50.org.br\/tse-retoma-nesta-terca-julgamento-que-pode-cassar-temer\/"},"author":{"name":"Comunica\u00e7\u00e3o PSOL","@id":"https:\/\/psol50.org.br\/#\/schema\/person\/475dfa57d0b815993c714c2e96491fcd"},"headline":"TSE retoma nesta ter\u00e7a julgamento que pode cassar Temer","datePublished":"2017-06-06T13:58:38+00:00","mainEntityOfPage":{"@id":"https:\/\/psol50.org.br\/tse-retoma-nesta-terca-julgamento-que-pode-cassar-temer\/"},"wordCount":327,"commentCount":0,"publisher":{"@id":"https:\/\/psol50.org.br\/#organization"},"image":{"@id":"https:\/\/psol50.org.br\/tse-retoma-nesta-terca-julgamento-que-pode-cassar-temer\/#primaryimage"},"thumbnailUrl":"","keywords":["cassa\u00e7\u00e3o","Dilma Rousseff","Fora Temer","Michel Temer","Tribunal Superior Eleitoral","TSE"],"articleSection":["Brasil","Not\u00edcias"],"inLanguage":"pt-BR","potentialAction":[{"@type":"CommentAction","name":"Comment","target":["https:\/\/psol50.org.br\/tse-retoma-nesta-terca-julgamento-que-pode-cassar-temer\/#respond"]}]},{"@type":"WebPage","@id":"https:\/\/psol50.org.br\/tse-retoma-nesta-terca-julgamento-que-pode-cassar-temer\/","url":"https:\/\/psol50.org.br\/tse-retoma-nesta-terca-julgamento-que-pode-cassar-temer\/","name":"TSE retoma nesta ter\u00e7a julgamento que pode cassar Temer - PSOL 50","isPartOf":{"@id":"https:\/\/psol50.org.br\/#website"},"primaryImageOfPage":{"@id":"https:\/\/psol50.org.br\/tse-retoma-nesta-terca-julgamento-que-pode-cassar-temer\/#primaryimage"},"image":{"@id":"https:\/\/psol50.org.br\/tse-retoma-nesta-terca-julgamento-que-pode-cassar-temer\/#primaryimage"},"thumbnailUrl":"","datePublished":"2017-06-06T13:58:38+00:00","breadcrumb":{"@id":"https:\/\/psol50.org.br\/tse-retoma-nesta-terca-julgamento-que-pode-cassar-temer\/#breadcrumb"},"inLanguage":"pt-BR","potentialAction":[{"@type":"ReadAction","target":["https:\/\/psol50.org.br\/tse-retoma-nesta-terca-julgamento-que-pode-cassar-temer\/"]}]},{"@type":"ImageObject","inLanguage":"pt-BR","@id":"https:\/\/psol50.org.br\/tse-retoma-nesta-terca-julgamento-que-pode-cassar-temer\/#primaryimage","url":"","contentUrl":""},{"@type":"BreadcrumbList","@id":"https:\/\/psol50.org.br\/tse-retoma-nesta-terca-julgamento-que-pode-cassar-temer\/#breadcrumb","itemListElement":[{"@type":"ListItem","position":1,"name":"In\u00edcio","item":"https:\/\/psol50.org.br\/"},{"@type":"ListItem","position":2,"name":"TSE retoma nesta ter\u00e7a julgamento que pode cassar Temer"}]},{"@type":"WebSite","@id":"https:\/\/psol50.org.br\/#website","url":"https:\/\/psol50.org.br\/","name":"PSOL 50","description":"Site oficial do Partido Socialismo e Liberdade","publisher":{"@id":"https:\/\/psol50.org.br\/#organization"},"alternateName":"PSOL50","potentialAction":[{"@type":"SearchAction","target":{"@type":"EntryPoint","urlTemplate":"https:\/\/psol50.org.br\/?s={search_term_string}"},"query-input":{"@type":"PropertyValueSpecification","valueRequired":true,"valueName":"search_term_string"}}],"inLanguage":"pt-BR"},{"@type":"Organization","@id":"https:\/\/psol50.org.br\/#organization","name":"PSOL 50","alternateName":"PSOL 50","url":"https:\/\/psol50.org.br\/","logo":{"@type":"ImageObject","inLanguage":"pt-BR","@id":"https:\/\/psol50.org.br\/#\/schema\/logo\/image\/","url":"https:\/\/psol50.org.br\/inc\/uploads\/2018\/07\/capa.png","contentUrl":"https:\/\/psol50.org.br\/inc\/uploads\/2018\/07\/capa.png","width":1350,"height":900,"caption":"PSOL 50"},"image":{"@id":"https:\/\/psol50.org.br\/#\/schema\/logo\/image\/"},"sameAs":["https:\/\/www.facebook.com\/psol50","https:\/\/x.com\/psol50","https:\/\/www.instagram.com\/psol50\/","https:\/\/www.youtube.com\/channel\/UC7SnJS5o1os7a6CaiNabzcg"]},{"@type":"Person","@id":"https:\/\/psol50.org.br\/#\/schema\/person\/475dfa57d0b815993c714c2e96491fcd","name":"Comunica\u00e7\u00e3o PSOL","image":{"@type":"ImageObject","inLanguage":"pt-BR","@id":"https:\/\/psol50.org.br\/#\/schema\/person\/image\/","url":"https:\/\/secure.gravatar.com\/avatar\/b34fc4f4e468a4e51785917065a3db57b841f5c95dba6ad8c73aaf8f66f8f9bf?s=96&d=mm&r=g","contentUrl":"https:\/\/secure.gravatar.com\/avatar\/b34fc4f4e468a4e51785917065a3db57b841f5c95dba6ad8c73aaf8f66f8f9bf?s=96&d=mm&r=g","caption":"Comunica\u00e7\u00e3o PSOL"}}]}},"_links":{"self":[{"href":"https:\/\/psol50.org.br\/rest\/wp\/v2\/posts\/16867","targetHints":{"allow":["GET"]}}],"collection":[{"href":"https:\/\/psol50.org.br\/rest\/wp\/v2\/posts"}],"about":[{"href":"https:\/\/psol50.org.br\/rest\/wp\/v2\/types\/post"}],"author":[{"embeddable":true,"href":"https:\/\/psol50.org.br\/rest\/wp\/v2\/users\/2"}],"replies":[{"embeddable":true,"href":"https:\/\/psol50.org.br\/rest\/wp\/v2\/comments?post=16867"}],"version-history":[{"count":0,"href":"https:\/\/psol50.org.br\/rest\/wp\/v2\/posts\/16867\/revisions"}],"wp:featuredmedia":[{"embeddable":true,"href":"https:\/\/psol50.org.br\/rest\/"}],"wp:attachment":[{"href":"https:\/\/psol50.org.br\/rest\/wp\/v2\/media?parent=16867"}],"wp:term":[{"taxonomy":"category","embeddable":true,"href":"https:\/\/psol50.org.br\/rest\/wp\/v2\/categories?post=16867"},{"taxonomy":"post_tag","embeddable":true,"href":"https:\/\/psol50.org.br\/rest\/wp\/v2\/tags?post=16867"}],"curies":[{"name":"wp","href":"https:\/\/api.w.org\/{rel}","templated":true}]}}