{"id":16880,"date":"2017-06-06T16:43:14","date_gmt":"2017-06-06T16:43:14","guid":{"rendered":"http:\/\/www.psol50.org.br\/?p=16880"},"modified":"2017-06-06T16:43:14","modified_gmt":"2017-06-06T16:43:14","slug":"nota-do-diretorio-do-psol-pb-sobre-adolescentes-assassinados-sob-a-guarda-do-governo-da-paraiba","status":"publish","type":"post","link":"https:\/\/psol50.org.br\/nota-do-diretorio-do-psol-pb-sobre-adolescentes-assassinados-sob-a-guarda-do-governo-da-paraiba\/","title":{"rendered":"Nota do Diret\u00f3rio do PSOL-PB sobre adolescentes assassinados sob a guarda do Governo da Para\u00edba"},"content":{"rendered":"<p>Confira, abaixo, a nota divulgada, no \u00faltimo s\u00e1bado, pelo PSOL da Para\u00edba, a respeito da morte de\u00a0sete adolescentes em uma unidade da Fundac (Funda\u00e7\u00e3o de Desenvolvimento da Crian\u00e7a e do Adolescente da Para\u00edba), em Jo\u00e3o Pessoa. O partido no estado repudia o caso e exige ampla investiga\u00e7\u00e3o, com a devida puni\u00e7\u00e3o dos respons\u00e1veis. A unidade tem capacidade para 40 internos, mas atualmente eram mais de 200.<\/p>\n<p><em><strong>Nota p\u00fablica<\/strong><\/em><\/p>\n<p><em>Hoje (s\u00e1bado, 3 de junho) \u00e9 mais um dia triste para Para\u00edba. Sete adolescentes mortos em uma unidade da Fundac\u00a0(Lar do Garoto) e dezenas feridos. Estes jovens estavam sob a guarda do Governo do Estado da Para\u00edba e foram violentados e assassinados, eram mais de 200 internos em uma unidade com capacidade para 40.<\/em><\/p>\n<p><em>Essas n\u00e3o s\u00e3o as primeiras mortes nas unidades da Fundac, sejam servidores, sejam adolescentes. Consequ\u00eancia de um sistema socioeducativo desestruturado, em conte\u00fado e em estrutura.<\/em><\/p>\n<p><em>S\u00e3o anos de den\u00fancias realizadas pelo Sindicato dos Servidores da Fundac, pelo Conselho Estadual de Diretos Humanos, pelas Pastorais entre outras importantes organiza\u00e7\u00f5es da sociedade.<\/em><\/p>\n<p><em>Os homic\u00eddios do triste e marcante dia 03 de junho de 2017, n\u00e3o podem ser tratados como atos isolados e de responsabilidade apenas dos internos.<\/em><\/p>\n<p><em>O Diret\u00f3rio Estadual do PSOL\/Para\u00edba, ao tempo que presta solidariedade aos familiares dos adolescentes assassinados, exige:<\/em><\/p>\n<p><em>1. Que o Tribunal de Justi\u00e7a e o Minist\u00e9rio P\u00fablico da Para\u00edba sejam transparentes com a sociedade no que diz respeito a A\u00e7\u00e3o C\u00edvil P\u00fablica Instaurada em 2012 para apurar dezenas de den\u00fancias relacionadas com as unidades da Fundac;<\/em><\/p>\n<p><em>2. Que as investiga\u00e7\u00f5es sobre os assassinatos do dia 03\/06\/2017 sejam tratadas com o m\u00e1ximo de prioridade;<\/em><\/p>\n<p><em>3. Que seja apurada a responsabilidade dos Diretores das Unidades de Inten\u00e7\u00e3o e semiliberdade da FUNDAC, dos Diretores da FUNDAC, Secret\u00e1rios de Estado e do Governador do Estado da Para\u00edba nas den\u00fancias j\u00e1 existentes e na n\u00e3o garantia de prioridade nas pol\u00edticas relacionadas aos Adolescentes em cumprimento de medidas socioeducativas.<\/em><\/p>\n<p><em>Jo\u00e3o Pessoa, 03 de junho de 2017.<br \/>\n<\/em><em>Diret\u00f3rio Estadual do PSOL\/Para\u00edba<\/em><\/p>\n","protected":false},"excerpt":{"rendered":"<p>Confira, abaixo, a nota divulgada, no \u00faltimo s\u00e1bado, pelo PSOL da Para\u00edba, a respeito da morte de\u00a0sete adolescentes em uma unidade da Fundac (Funda\u00e7\u00e3o de Desenvolvimento da Crian\u00e7a e do Adolescente da Para\u00edba), em Jo\u00e3o Pessoa. O partido no estado repudia o caso e exige ampla investiga\u00e7\u00e3o, com a devida puni\u00e7\u00e3o dos respons\u00e1veis. A unidade [&hellip;]<\/p>\n","protected":false},"author":2,"featured_media":16881,"comment_status":"open","ping_status":"open","sticky":false,"template":"","format":"standard","meta":{"_acf_changed":false,"footnotes":""},"categories":[654,6,14],"tags":[238,3299,3300,808,3301,233],"class_list":{"0":"post-16880","1":"post","2":"type-post","3":"status-publish","4":"format-standard","5":"has-post-thumbnail","7":"category-estados","8":"category-noticias","9":"category-partido","10":"tag-adolescentes","11":"tag-fundac","12":"tag-lar-do-garoto","13":"tag-morte","14":"tag-psol-pb","15":"tag-violencia"},"acf":[],"yoast_head":"<!-- This site is optimized with the Yoast SEO plugin v26.5 - https:\/\/yoast.com\/wordpress\/plugins\/seo\/ -->\n<title>Nota do Diret\u00f3rio do PSOL-PB sobre adolescentes assassinados sob a guarda do Governo da Para\u00edba - PSOL 50<\/title>\n<meta name=\"robots\" content=\"index, follow, max-snippet:-1, max-image-preview:large, max-video-preview:-1\" \/>\n<link rel=\"canonical\" href=\"https:\/\/psol50.org.br\/nota-do-diretorio-do-psol-pb-sobre-adolescentes-assassinados-sob-a-guarda-do-governo-da-paraiba\/\" \/>\n<meta property=\"og:locale\" content=\"pt_BR\" \/>\n<meta property=\"og:type\" content=\"article\" \/>\n<meta property=\"og:title\" content=\"Nota do Diret\u00f3rio do PSOL-PB sobre adolescentes assassinados sob a guarda do Governo da Para\u00edba - PSOL 50\" \/>\n<meta property=\"og:description\" content=\"Confira, abaixo, a nota divulgada, no \u00faltimo s\u00e1bado, pelo PSOL da Para\u00edba, a respeito da morte de\u00a0sete adolescentes em uma unidade da Fundac (Funda\u00e7\u00e3o de Desenvolvimento da Crian\u00e7a e do Adolescente da Para\u00edba), em Jo\u00e3o Pessoa. O partido no estado repudia o caso e exige ampla investiga\u00e7\u00e3o, com a devida puni\u00e7\u00e3o dos respons\u00e1veis. A unidade [&hellip;]\" \/>\n<meta property=\"og:url\" content=\"https:\/\/psol50.org.br\/nota-do-diretorio-do-psol-pb-sobre-adolescentes-assassinados-sob-a-guarda-do-governo-da-paraiba\/\" \/>\n<meta property=\"og:site_name\" content=\"PSOL 50\" \/>\n<meta property=\"article:publisher\" content=\"https:\/\/www.facebook.com\/psol50\" \/>\n<meta property=\"article:published_time\" content=\"2017-06-06T16:43:14+00:00\" \/>\n<meta property=\"og:image\" content=\"https:\/\/psol50.org.br\/inc\/uploads\/2017\/06\/LarDoGaroto_LeonardoSilva_JornalPB.jpg\" \/>\n\t<meta property=\"og:image:width\" content=\"620\" \/>\n\t<meta property=\"og:image:height\" content=\"465\" \/>\n\t<meta property=\"og:image:type\" content=\"image\/jpeg\" \/>\n<meta name=\"author\" content=\"Comunica\u00e7\u00e3o PSOL\" \/>\n<meta name=\"twitter:card\" content=\"summary_large_image\" \/>\n<meta name=\"twitter:creator\" content=\"@psol50\" \/>\n<meta name=\"twitter:site\" content=\"@psol50\" \/>\n<meta name=\"twitter:label1\" content=\"Escrito por\" \/>\n\t<meta name=\"twitter:data1\" content=\"Comunica\u00e7\u00e3o PSOL\" \/>\n\t<meta name=\"twitter:label2\" content=\"Est. tempo de leitura\" \/>\n\t<meta name=\"twitter:data2\" content=\"2 minutos\" \/>\n<script type=\"application\/ld+json\" class=\"yoast-schema-graph\">{\"@context\":\"https:\/\/schema.org\",\"@graph\":[{\"@type\":\"Article\",\"@id\":\"https:\/\/psol50.org.br\/nota-do-diretorio-do-psol-pb-sobre-adolescentes-assassinados-sob-a-guarda-do-governo-da-paraiba\/#article\",\"isPartOf\":{\"@id\":\"https:\/\/psol50.org.br\/nota-do-diretorio-do-psol-pb-sobre-adolescentes-assassinados-sob-a-guarda-do-governo-da-paraiba\/\"},\"author\":{\"name\":\"Comunica\u00e7\u00e3o PSOL\",\"@id\":\"https:\/\/psol50.org.br\/#\/schema\/person\/475dfa57d0b815993c714c2e96491fcd\"},\"headline\":\"Nota do Diret\u00f3rio do PSOL-PB sobre adolescentes assassinados sob a guarda do Governo da Para\u00edba\",\"datePublished\":\"2017-06-06T16:43:14+00:00\",\"mainEntityOfPage\":{\"@id\":\"https:\/\/psol50.org.br\/nota-do-diretorio-do-psol-pb-sobre-adolescentes-assassinados-sob-a-guarda-do-governo-da-paraiba\/\"},\"wordCount\":379,\"commentCount\":0,\"publisher\":{\"@id\":\"https:\/\/psol50.org.br\/#organization\"},\"image\":{\"@id\":\"https:\/\/psol50.org.br\/nota-do-diretorio-do-psol-pb-sobre-adolescentes-assassinados-sob-a-guarda-do-governo-da-paraiba\/#primaryimage\"},\"thumbnailUrl\":\"https:\/\/psol50.org.br\/inc\/uploads\/2017\/06\/LarDoGaroto_LeonardoSilva_JornalPB.jpg\",\"keywords\":[\"adolescentes\",\"Fundac\",\"Lar do Garoto\",\"morte\",\"PSOL-PB\",\"viol\u00eancia\"],\"articleSection\":[\"Estados\",\"Not\u00edcias\",\"Partido\"],\"inLanguage\":\"pt-BR\",\"potentialAction\":[{\"@type\":\"CommentAction\",\"name\":\"Comment\",\"target\":[\"https:\/\/psol50.org.br\/nota-do-diretorio-do-psol-pb-sobre-adolescentes-assassinados-sob-a-guarda-do-governo-da-paraiba\/#respond\"]}]},{\"@type\":\"WebPage\",\"@id\":\"https:\/\/psol50.org.br\/nota-do-diretorio-do-psol-pb-sobre-adolescentes-assassinados-sob-a-guarda-do-governo-da-paraiba\/\",\"url\":\"https:\/\/psol50.org.br\/nota-do-diretorio-do-psol-pb-sobre-adolescentes-assassinados-sob-a-guarda-do-governo-da-paraiba\/\",\"name\":\"Nota do Diret\u00f3rio do PSOL-PB sobre adolescentes assassinados sob a guarda do Governo da Para\u00edba - PSOL 50\",\"isPartOf\":{\"@id\":\"https:\/\/psol50.org.br\/#website\"},\"primaryImageOfPage\":{\"@id\":\"https:\/\/psol50.org.br\/nota-do-diretorio-do-psol-pb-sobre-adolescentes-assassinados-sob-a-guarda-do-governo-da-paraiba\/#primaryimage\"},\"image\":{\"@id\":\"https:\/\/psol50.org.br\/nota-do-diretorio-do-psol-pb-sobre-adolescentes-assassinados-sob-a-guarda-do-governo-da-paraiba\/#primaryimage\"},\"thumbnailUrl\":\"https:\/\/psol50.org.br\/inc\/uploads\/2017\/06\/LarDoGaroto_LeonardoSilva_JornalPB.jpg\",\"datePublished\":\"2017-06-06T16:43:14+00:00\",\"breadcrumb\":{\"@id\":\"https:\/\/psol50.org.br\/nota-do-diretorio-do-psol-pb-sobre-adolescentes-assassinados-sob-a-guarda-do-governo-da-paraiba\/#breadcrumb\"},\"inLanguage\":\"pt-BR\",\"potentialAction\":[{\"@type\":\"ReadAction\",\"target\":[\"https:\/\/psol50.org.br\/nota-do-diretorio-do-psol-pb-sobre-adolescentes-assassinados-sob-a-guarda-do-governo-da-paraiba\/\"]}]},{\"@type\":\"ImageObject\",\"inLanguage\":\"pt-BR\",\"@id\":\"https:\/\/psol50.org.br\/nota-do-diretorio-do-psol-pb-sobre-adolescentes-assassinados-sob-a-guarda-do-governo-da-paraiba\/#primaryimage\",\"url\":\"https:\/\/psol50.org.br\/inc\/uploads\/2017\/06\/LarDoGaroto_LeonardoSilva_JornalPB.jpg\",\"contentUrl\":\"https:\/\/psol50.org.br\/inc\/uploads\/2017\/06\/LarDoGaroto_LeonardoSilva_JornalPB.jpg\",\"width\":620,\"height\":465},{\"@type\":\"BreadcrumbList\",\"@id\":\"https:\/\/psol50.org.br\/nota-do-diretorio-do-psol-pb-sobre-adolescentes-assassinados-sob-a-guarda-do-governo-da-paraiba\/#breadcrumb\",\"itemListElement\":[{\"@type\":\"ListItem\",\"position\":1,\"name\":\"In\u00edcio\",\"item\":\"https:\/\/psol50.org.br\/\"},{\"@type\":\"ListItem\",\"position\":2,\"name\":\"Nota do Diret\u00f3rio do PSOL-PB sobre adolescentes assassinados sob a guarda do Governo da Para\u00edba\"}]},{\"@type\":\"WebSite\",\"@id\":\"https:\/\/psol50.org.br\/#website\",\"url\":\"https:\/\/psol50.org.br\/\",\"name\":\"PSOL 50\",\"description\":\"Site oficial do Partido Socialismo e Liberdade\",\"publisher\":{\"@id\":\"https:\/\/psol50.org.br\/#organization\"},\"alternateName\":\"PSOL50\",\"potentialAction\":[{\"@type\":\"SearchAction\",\"target\":{\"@type\":\"EntryPoint\",\"urlTemplate\":\"https:\/\/psol50.org.br\/?s={search_term_string}\"},\"query-input\":{\"@type\":\"PropertyValueSpecification\",\"valueRequired\":true,\"valueName\":\"search_term_string\"}}],\"inLanguage\":\"pt-BR\"},{\"@type\":\"Organization\",\"@id\":\"https:\/\/psol50.org.br\/#organization\",\"name\":\"PSOL 50\",\"alternateName\":\"PSOL 50\",\"url\":\"https:\/\/psol50.org.br\/\",\"logo\":{\"@type\":\"ImageObject\",\"inLanguage\":\"pt-BR\",\"@id\":\"https:\/\/psol50.org.br\/#\/schema\/logo\/image\/\",\"url\":\"https:\/\/psol50.org.br\/inc\/uploads\/2018\/07\/capa.png\",\"contentUrl\":\"https:\/\/psol50.org.br\/inc\/uploads\/2018\/07\/capa.png\",\"width\":1350,\"height\":900,\"caption\":\"PSOL 50\"},\"image\":{\"@id\":\"https:\/\/psol50.org.br\/#\/schema\/logo\/image\/\"},\"sameAs\":[\"https:\/\/www.facebook.com\/psol50\",\"https:\/\/x.com\/psol50\",\"https:\/\/www.instagram.com\/psol50\/\",\"https:\/\/www.youtube.com\/channel\/UC7SnJS5o1os7a6CaiNabzcg\"]},{\"@type\":\"Person\",\"@id\":\"https:\/\/psol50.org.br\/#\/schema\/person\/475dfa57d0b815993c714c2e96491fcd\",\"name\":\"Comunica\u00e7\u00e3o PSOL\",\"image\":{\"@type\":\"ImageObject\",\"inLanguage\":\"pt-BR\",\"@id\":\"https:\/\/psol50.org.br\/#\/schema\/person\/image\/\",\"url\":\"https:\/\/secure.gravatar.com\/avatar\/b34fc4f4e468a4e51785917065a3db57b841f5c95dba6ad8c73aaf8f66f8f9bf?s=96&d=mm&r=g\",\"contentUrl\":\"https:\/\/secure.gravatar.com\/avatar\/b34fc4f4e468a4e51785917065a3db57b841f5c95dba6ad8c73aaf8f66f8f9bf?s=96&d=mm&r=g\",\"caption\":\"Comunica\u00e7\u00e3o PSOL\"}}]}<\/script>\n<!-- \/ Yoast SEO plugin. -->","yoast_head_json":{"title":"Nota do Diret\u00f3rio do PSOL-PB sobre adolescentes assassinados sob a guarda do Governo da Para\u00edba - PSOL 50","robots":{"index":"index","follow":"follow","max-snippet":"max-snippet:-1","max-image-preview":"max-image-preview:large","max-video-preview":"max-video-preview:-1"},"canonical":"https:\/\/psol50.org.br\/nota-do-diretorio-do-psol-pb-sobre-adolescentes-assassinados-sob-a-guarda-do-governo-da-paraiba\/","og_locale":"pt_BR","og_type":"article","og_title":"Nota do Diret\u00f3rio do PSOL-PB sobre adolescentes assassinados sob a guarda do Governo da Para\u00edba - PSOL 50","og_description":"Confira, abaixo, a nota divulgada, no \u00faltimo s\u00e1bado, pelo PSOL da Para\u00edba, a respeito da morte de\u00a0sete adolescentes em uma unidade da Fundac (Funda\u00e7\u00e3o de Desenvolvimento da Crian\u00e7a e do Adolescente da Para\u00edba), em Jo\u00e3o Pessoa. O partido no estado repudia o caso e exige ampla investiga\u00e7\u00e3o, com a devida puni\u00e7\u00e3o dos respons\u00e1veis. A unidade [&hellip;]","og_url":"https:\/\/psol50.org.br\/nota-do-diretorio-do-psol-pb-sobre-adolescentes-assassinados-sob-a-guarda-do-governo-da-paraiba\/","og_site_name":"PSOL 50","article_publisher":"https:\/\/www.facebook.com\/psol50","article_published_time":"2017-06-06T16:43:14+00:00","og_image":[{"width":620,"height":465,"url":"https:\/\/psol50.org.br\/inc\/uploads\/2017\/06\/LarDoGaroto_LeonardoSilva_JornalPB.jpg","type":"image\/jpeg"}],"author":"Comunica\u00e7\u00e3o PSOL","twitter_card":"summary_large_image","twitter_creator":"@psol50","twitter_site":"@psol50","twitter_misc":{"Escrito por":"Comunica\u00e7\u00e3o PSOL","Est. tempo de leitura":"2 minutos"},"schema":{"@context":"https:\/\/schema.org","@graph":[{"@type":"Article","@id":"https:\/\/psol50.org.br\/nota-do-diretorio-do-psol-pb-sobre-adolescentes-assassinados-sob-a-guarda-do-governo-da-paraiba\/#article","isPartOf":{"@id":"https:\/\/psol50.org.br\/nota-do-diretorio-do-psol-pb-sobre-adolescentes-assassinados-sob-a-guarda-do-governo-da-paraiba\/"},"author":{"name":"Comunica\u00e7\u00e3o PSOL","@id":"https:\/\/psol50.org.br\/#\/schema\/person\/475dfa57d0b815993c714c2e96491fcd"},"headline":"Nota do Diret\u00f3rio do PSOL-PB sobre adolescentes assassinados sob a guarda do Governo da Para\u00edba","datePublished":"2017-06-06T16:43:14+00:00","mainEntityOfPage":{"@id":"https:\/\/psol50.org.br\/nota-do-diretorio-do-psol-pb-sobre-adolescentes-assassinados-sob-a-guarda-do-governo-da-paraiba\/"},"wordCount":379,"commentCount":0,"publisher":{"@id":"https:\/\/psol50.org.br\/#organization"},"image":{"@id":"https:\/\/psol50.org.br\/nota-do-diretorio-do-psol-pb-sobre-adolescentes-assassinados-sob-a-guarda-do-governo-da-paraiba\/#primaryimage"},"thumbnailUrl":"https:\/\/psol50.org.br\/inc\/uploads\/2017\/06\/LarDoGaroto_LeonardoSilva_JornalPB.jpg","keywords":["adolescentes","Fundac","Lar do Garoto","morte","PSOL-PB","viol\u00eancia"],"articleSection":["Estados","Not\u00edcias","Partido"],"inLanguage":"pt-BR","potentialAction":[{"@type":"CommentAction","name":"Comment","target":["https:\/\/psol50.org.br\/nota-do-diretorio-do-psol-pb-sobre-adolescentes-assassinados-sob-a-guarda-do-governo-da-paraiba\/#respond"]}]},{"@type":"WebPage","@id":"https:\/\/psol50.org.br\/nota-do-diretorio-do-psol-pb-sobre-adolescentes-assassinados-sob-a-guarda-do-governo-da-paraiba\/","url":"https:\/\/psol50.org.br\/nota-do-diretorio-do-psol-pb-sobre-adolescentes-assassinados-sob-a-guarda-do-governo-da-paraiba\/","name":"Nota do Diret\u00f3rio do PSOL-PB sobre adolescentes assassinados sob a guarda do Governo da Para\u00edba - PSOL 50","isPartOf":{"@id":"https:\/\/psol50.org.br\/#website"},"primaryImageOfPage":{"@id":"https:\/\/psol50.org.br\/nota-do-diretorio-do-psol-pb-sobre-adolescentes-assassinados-sob-a-guarda-do-governo-da-paraiba\/#primaryimage"},"image":{"@id":"https:\/\/psol50.org.br\/nota-do-diretorio-do-psol-pb-sobre-adolescentes-assassinados-sob-a-guarda-do-governo-da-paraiba\/#primaryimage"},"thumbnailUrl":"https:\/\/psol50.org.br\/inc\/uploads\/2017\/06\/LarDoGaroto_LeonardoSilva_JornalPB.jpg","datePublished":"2017-06-06T16:43:14+00:00","breadcrumb":{"@id":"https:\/\/psol50.org.br\/nota-do-diretorio-do-psol-pb-sobre-adolescentes-assassinados-sob-a-guarda-do-governo-da-paraiba\/#breadcrumb"},"inLanguage":"pt-BR","potentialAction":[{"@type":"ReadAction","target":["https:\/\/psol50.org.br\/nota-do-diretorio-do-psol-pb-sobre-adolescentes-assassinados-sob-a-guarda-do-governo-da-paraiba\/"]}]},{"@type":"ImageObject","inLanguage":"pt-BR","@id":"https:\/\/psol50.org.br\/nota-do-diretorio-do-psol-pb-sobre-adolescentes-assassinados-sob-a-guarda-do-governo-da-paraiba\/#primaryimage","url":"https:\/\/psol50.org.br\/inc\/uploads\/2017\/06\/LarDoGaroto_LeonardoSilva_JornalPB.jpg","contentUrl":"https:\/\/psol50.org.br\/inc\/uploads\/2017\/06\/LarDoGaroto_LeonardoSilva_JornalPB.jpg","width":620,"height":465},{"@type":"BreadcrumbList","@id":"https:\/\/psol50.org.br\/nota-do-diretorio-do-psol-pb-sobre-adolescentes-assassinados-sob-a-guarda-do-governo-da-paraiba\/#breadcrumb","itemListElement":[{"@type":"ListItem","position":1,"name":"In\u00edcio","item":"https:\/\/psol50.org.br\/"},{"@type":"ListItem","position":2,"name":"Nota do Diret\u00f3rio do PSOL-PB sobre adolescentes assassinados sob a guarda do Governo da Para\u00edba"}]},{"@type":"WebSite","@id":"https:\/\/psol50.org.br\/#website","url":"https:\/\/psol50.org.br\/","name":"PSOL 50","description":"Site oficial do Partido Socialismo e Liberdade","publisher":{"@id":"https:\/\/psol50.org.br\/#organization"},"alternateName":"PSOL50","potentialAction":[{"@type":"SearchAction","target":{"@type":"EntryPoint","urlTemplate":"https:\/\/psol50.org.br\/?s={search_term_string}"},"query-input":{"@type":"PropertyValueSpecification","valueRequired":true,"valueName":"search_term_string"}}],"inLanguage":"pt-BR"},{"@type":"Organization","@id":"https:\/\/psol50.org.br\/#organization","name":"PSOL 50","alternateName":"PSOL 50","url":"https:\/\/psol50.org.br\/","logo":{"@type":"ImageObject","inLanguage":"pt-BR","@id":"https:\/\/psol50.org.br\/#\/schema\/logo\/image\/","url":"https:\/\/psol50.org.br\/inc\/uploads\/2018\/07\/capa.png","contentUrl":"https:\/\/psol50.org.br\/inc\/uploads\/2018\/07\/capa.png","width":1350,"height":900,"caption":"PSOL 50"},"image":{"@id":"https:\/\/psol50.org.br\/#\/schema\/logo\/image\/"},"sameAs":["https:\/\/www.facebook.com\/psol50","https:\/\/x.com\/psol50","https:\/\/www.instagram.com\/psol50\/","https:\/\/www.youtube.com\/channel\/UC7SnJS5o1os7a6CaiNabzcg"]},{"@type":"Person","@id":"https:\/\/psol50.org.br\/#\/schema\/person\/475dfa57d0b815993c714c2e96491fcd","name":"Comunica\u00e7\u00e3o PSOL","image":{"@type":"ImageObject","inLanguage":"pt-BR","@id":"https:\/\/psol50.org.br\/#\/schema\/person\/image\/","url":"https:\/\/secure.gravatar.com\/avatar\/b34fc4f4e468a4e51785917065a3db57b841f5c95dba6ad8c73aaf8f66f8f9bf?s=96&d=mm&r=g","contentUrl":"https:\/\/secure.gravatar.com\/avatar\/b34fc4f4e468a4e51785917065a3db57b841f5c95dba6ad8c73aaf8f66f8f9bf?s=96&d=mm&r=g","caption":"Comunica\u00e7\u00e3o PSOL"}}]}},"_links":{"self":[{"href":"https:\/\/psol50.org.br\/rest\/wp\/v2\/posts\/16880","targetHints":{"allow":["GET"]}}],"collection":[{"href":"https:\/\/psol50.org.br\/rest\/wp\/v2\/posts"}],"about":[{"href":"https:\/\/psol50.org.br\/rest\/wp\/v2\/types\/post"}],"author":[{"embeddable":true,"href":"https:\/\/psol50.org.br\/rest\/wp\/v2\/users\/2"}],"replies":[{"embeddable":true,"href":"https:\/\/psol50.org.br\/rest\/wp\/v2\/comments?post=16880"}],"version-history":[{"count":0,"href":"https:\/\/psol50.org.br\/rest\/wp\/v2\/posts\/16880\/revisions"}],"wp:featuredmedia":[{"embeddable":true,"href":"https:\/\/psol50.org.br\/rest\/wp\/v2\/media\/16881"}],"wp:attachment":[{"href":"https:\/\/psol50.org.br\/rest\/wp\/v2\/media?parent=16880"}],"wp:term":[{"taxonomy":"category","embeddable":true,"href":"https:\/\/psol50.org.br\/rest\/wp\/v2\/categories?post=16880"},{"taxonomy":"post_tag","embeddable":true,"href":"https:\/\/psol50.org.br\/rest\/wp\/v2\/tags?post=16880"}],"curies":[{"name":"wp","href":"https:\/\/api.w.org\/{rel}","templated":true}]}}