{"id":16902,"date":"2017-06-08T12:41:03","date_gmt":"2017-06-08T12:41:03","guid":{"rendered":"http:\/\/www.psol50.org.br\/?p=16902"},"modified":"2017-06-08T12:41:03","modified_gmt":"2017-06-08T12:41:03","slug":"juliano-medeiros-e-hora-de-ter-lado","status":"publish","type":"post","link":"https:\/\/psol50.org.br\/juliano-medeiros-e-hora-de-ter-lado\/","title":{"rendered":"Juliano Medeiros | \u00c9 hora de ter lado"},"content":{"rendered":"<p><span style=\"font-size: 14px;\"><em>Artigo publicado originalmente na <strong><span style=\"color: #0000ff;\"><a style=\"color: #0000ff;\" href=\"http:\/\/www.revistaforum.com.br\/2017\/06\/07\/juliano-medeiros-e-hora-de-ter-lado\/\" target=\"_blank\" rel=\"noopener noreferrer\">F\u00f3rum<\/a><\/span><\/strong><\/em><\/span><\/p>\n<p><a href=\"http:\/\/www.psol50.org.br\/blog\/2017\/06\/06\/tse-retoma-nesta-terca-julgamento-que-pode-cassar-temer\/\" target=\"_blank\" rel=\"noopener noreferrer\"><strong><span style=\"color: #0000ff;\">Acontece essa semana o julgamento do processo que pede a cassa\u00e7\u00e3o de chapa Dilma-Temer<\/span><\/strong><\/a>. O pedido de cassa\u00e7\u00e3o, caso acatado pelo Tribunal Superior Eleitoral, resultar\u00e1 no afastamento do presidente golpista e na convoca\u00e7\u00e3o de elei\u00e7\u00f5es \u2013 diretas ou indiretas. Essa defini\u00e7\u00e3o se dar\u00e1 nos pr\u00f3ximos dias e tem mobilizado milhares de pessoas em todo o Brasil na defesa de elei\u00e7\u00f5es presidenciais democr\u00e1ticas, no caso de cassa\u00e7\u00e3o de Temer.<\/p>\n<p>A luta em defesa das elei\u00e7\u00f5es diretas, no entanto, n\u00e3o se resume apenas ao futuro da democracia brasileira: ela determinar\u00e1, tamb\u00e9m, os rumos da agenda do Estado brasileiro. Hoje, gra\u00e7as ao golpe de abril de 2016, essa agenda busca destruir as conquistas sociais alcan\u00e7adas na transi\u00e7\u00e3o democr\u00e1tica que culminou na promulga\u00e7\u00e3o da Constitui\u00e7\u00e3o de 1988. Por isso, al\u00e9m de garantir a devolu\u00e7\u00e3o \u00e0 soberania popular da prerrogativa de escolher o presidente da Rep\u00fablica, a luta por elei\u00e7\u00f5es diretas \u00e9 indissoci\u00e1vel \u00e0 continuidade ou ao fim das reformas que constituem a agenda a que nos referimos aqui.<\/p>\n<p>Diante deste contexto de defini\u00e7\u00f5es vitais para a democracia brasileira, <a href=\"http:\/\/www.psol50.org.br\/blog\/2017\/06\/07\/frente-parlamentar-diretas-ja-e-lancada-na-camara\/\" target=\"_blank\" rel=\"noopener noreferrer\"><strong><span style=\"color: #0000ff;\">partidos pol\u00edticos lan\u00e7aram, essa semana, a Frente Parlamentar Suprapartid\u00e1ria Por Diretas J\u00e1<\/span><\/strong><\/a>. Essa iniciativa se soma a diversas outras que buscam fortalecer a defesa do imediato afastamento de Temer e a convoca\u00e7\u00e3o de elei\u00e7\u00f5es diretas para a Presid\u00eancia da Rep\u00fablica. Dela participam todos os partidos que fazem oposi\u00e7\u00e3o a Temer no Congresso Nacional, com exce\u00e7\u00e3o de um: a Rede Sustentabilidade. A Rede \u00e9, sem d\u00favida, um partido que se op\u00f5e a essas reformas. Um partido que enfrenta na C\u00e2mara dos Deputados e no Senado Federal a agenda de retrocessos de Temer. Nada explicaria, portanto, a inusitada decis\u00e3o de seu Elo Nacional (equivalente a seu Diret\u00f3rio Nacional) que definiu que a Rede s\u00f3 participar\u00e1 \u201cde atos de partidos sobre Elei\u00e7\u00e3o Direta, inclusive frentes parlamentares, se estiverem diretamente associados com o apoio \u00e0 Lava Jato e a luta pelo combate \u00e0 corrup\u00e7\u00e3o\u201d. Mas vejamos o que est\u00e1 por tr\u00e1s dessa decis\u00e3o.<\/p>\n<p>A Rede Sustentabilidade foi formada por diferentes express\u00f5es da sociedade brasileira: empres\u00e1rios, militantes partid\u00e1rios de origem progressista, ambientalistas e outros ativistas. Se reivindica um projeto de \u201cnova pol\u00edtica\u201d e tem em Marina Silva sua principal lideran\u00e7a. No entanto, nas \u00faltimas elei\u00e7\u00f5es presidenciais, apoiou a candidatura de Eduardo Campos (PSB) at\u00e9 o tr\u00e1gico acidente que o vitimou. Como candidata a presidente, Marina manteve a alian\u00e7as com PPS e PPL e chegou a liderar a corrida presidencial. Derrotada, apoiou a candidatura de A\u00e9cio Neves (PSDB) no segundo turno, numa clara guinada \u00e0 direita.<\/p>\n<p>Uma vez conquistado o registro legal, por\u00e9m, a Rede recebeu majoritariamente parlamentares com origem na esquerda, como Randolfe Rodrigues (PSOL), Alessandro Molon (PT) e Aliel Machado (PCdoB). Sua primeira bancada est\u00e1 claramente \u201c\u00e0 esquerda\u201d do espectro pol\u00edtico, o que \u00e0s vezes tamb\u00e9m gera dificuldades internas. Basta lembrar a discrep\u00e2ncia entre a posi\u00e7\u00e3o do partido no impeachment de Dilma Roussef: enquanto a dire\u00e7\u00e3o da legenda assumiu posi\u00e7\u00e3o amb\u00edgua \u2013 \u201cNem Dilma e nem Temer\u201d \u2013 suas principais lideran\u00e7as na C\u00e2mara dos Deputados e no Senado Federal opuseram-se claramente ao golpe. Recentemente, em entrevista concedida ao jornal O Estado de S\u00e3o Paulo, Marina Silva chegou a demonstrar simpatia por algumas das medidas propostas pelo governo ileg\u00edtimo de Temer, afirmando que votaria pela admissibilidade das reformas se fosse parlamentar. Enquanto isso, seus parlamentares davam o combate para impedir que essas medidas fossem aprovadas na C\u00e2mara e no Senado Federal.<\/p>\n<p>Assim, a resolu\u00e7\u00e3o aprovada pela dire\u00e7\u00e3o nacional da Rede, em que o partido declara que n\u00e3o compor\u00e1 as iniciativas unit\u00e1rias em favor de elei\u00e7\u00f5es diretas, n\u00e3o \u00e9 um raio em c\u00e9u azul. Ela expressa uma determinada leitura pol\u00edtica majorit\u00e1ria no partido e uma rejei\u00e7\u00e3o \u00e0 frente \u00fanica formada desde o golpe para deter os retrocessos liderados por Temer. Essa rejei\u00e7\u00e3o se d\u00e1 atrav\u00e9s da centralidade dada pelo partido \u00e0 defesa da Opera\u00e7\u00e3o Lava Jato. Partidos como PT e PCdoB \u2013 com v\u00e1rios parlamentares investigados \u2013 e PSOL \u2013 que n\u00e3o t\u00eam investigados, mas \u00e9 cr\u00edtico aos m\u00e9todos utilizados pelos procuradores de Curitiba \u2013 n\u00e3o concordam com o condicionante apresentada pela Rede. E os dirigentes do partido sabem disso. Por isso colocam a defesa da Opera\u00e7\u00e3o Lava Jato como contrapartida em sua ades\u00e3o \u00e0 luta por elei\u00e7\u00f5es diretas como forma de afastar-se dos setores mais claramente identificados com a esquerda.<\/p>\n<p>A Rede prefere, ao inv\u00e9s de fortalecer a luta dos movimentos sociais, partidos, intelectuais e artistas progressistas por elei\u00e7\u00f5es diretas, entregar o futuro da democracia brasileira ao TSE. \u00c9 \u00f3bvio que h\u00e1 diverg\u00eancias no interior da frente criada para impulsionar a luta. O PSOL, por exemplo, tem posi\u00e7\u00e3o favor\u00e1vel \u00e0 cassa\u00e7\u00e3o da chapa Dilma-Temer, diferente de PT e PCdoB. Outras propostas, como elei\u00e7\u00f5es gerais ou a realiza\u00e7\u00e3o de uma Constituinte Exclusiva, n\u00e3o encontrar\u00e3o unidade no interior dessa frente. Mas isso n\u00e3o deveria impedir estes setores de marcharem juntos para derrubar o governo ileg\u00edtimo, barrar as reformas e garantir as diretas.<\/p>\n<p>A decis\u00e3o da Rede Sustentabilidade, portanto, expressa um veto \u00e0 esquerda, representada n\u00e3o nos partidos que se identificam claramente com esse espectro pol\u00edtico, mas nas frentes Povo Sem Medo e Brasil Popular, na intelectualidade cr\u00edtica e nos artistas progressistas que se somam \u00e0 luta por diretas. \u00c9 pouco prov\u00e1vel que a Rede, com essa decis\u00e3o, tenha condi\u00e7\u00f5es de impedir que seus militantes e parlamentares comprometidos com a democracia se somem \u00e0s iniciativas unit\u00e1rias em favor de elei\u00e7\u00f5es diretas. Mas esse epis\u00f3dio demonstra a dificuldade do partido de Marina Silva de se posicionar diante do turbilh\u00e3o em que se transformou a pol\u00edtica brasileira. Felizmente, poderemos contar com vozes dissonantes, entre militantes e parlamentares, que n\u00e3o vacilar\u00e3o diante deste momento hist\u00f3rico para a democracia.<\/p>\n","protected":false},"excerpt":{"rendered":"<p>Artigo publicado originalmente na F\u00f3rum Acontece essa semana o julgamento do processo que pede a cassa\u00e7\u00e3o de chapa Dilma-Temer. O pedido de cassa\u00e7\u00e3o, caso acatado pelo Tribunal Superior Eleitoral, resultar\u00e1 no afastamento do presidente golpista e na convoca\u00e7\u00e3o de elei\u00e7\u00f5es \u2013 diretas ou indiretas. Essa defini\u00e7\u00e3o se dar\u00e1 nos pr\u00f3ximos dias e tem mobilizado milhares [&hellip;]<\/p>\n","protected":false},"author":2,"featured_media":16903,"comment_status":"open","ping_status":"open","sticky":false,"template":"","format":"standard","meta":{"_acf_changed":false,"footnotes":""},"categories":[3,1882],"tags":[3242,3243,3305,3143,3304,259,3306,1748,1749,3307,2246],"class_list":{"0":"post-16902","1":"post","2":"type-post","3":"status-publish","4":"format-standard","5":"has-post-thumbnail","7":"category-artigos-e-entrevistas","8":"category-brasil","9":"tag-diretasja","10":"tag-foratemer","11":"tag-dilma-roussef","12":"tag-eleicoes-diretas","13":"tag-frente-parlamentar-suprapartidaria-por-diretas-ja","14":"tag-juliano-medeiros","15":"tag-marina-silva","16":"tag-michel-temer","17":"tag-operacao-lava-jato","18":"tag-rede-sustentabilidade","19":"tag-reformas"},"acf":[],"yoast_head":"<!-- This site is optimized with the Yoast SEO plugin v26.5 - https:\/\/yoast.com\/wordpress\/plugins\/seo\/ -->\n<title>Juliano Medeiros | \u00c9 hora de ter lado - PSOL 50<\/title>\n<meta name=\"robots\" content=\"index, follow, max-snippet:-1, max-image-preview:large, max-video-preview:-1\" \/>\n<link rel=\"canonical\" href=\"https:\/\/psol50.org.br\/juliano-medeiros-e-hora-de-ter-lado\/\" \/>\n<meta property=\"og:locale\" content=\"pt_BR\" \/>\n<meta property=\"og:type\" content=\"article\" \/>\n<meta property=\"og:title\" content=\"Juliano Medeiros | \u00c9 hora de ter lado - PSOL 50\" \/>\n<meta property=\"og:description\" content=\"Artigo publicado originalmente na F\u00f3rum Acontece essa semana o julgamento do processo que pede a cassa\u00e7\u00e3o de chapa Dilma-Temer. O pedido de cassa\u00e7\u00e3o, caso acatado pelo Tribunal Superior Eleitoral, resultar\u00e1 no afastamento do presidente golpista e na convoca\u00e7\u00e3o de elei\u00e7\u00f5es \u2013 diretas ou indiretas. Essa defini\u00e7\u00e3o se dar\u00e1 nos pr\u00f3ximos dias e tem mobilizado milhares [&hellip;]\" \/>\n<meta property=\"og:url\" content=\"https:\/\/psol50.org.br\/juliano-medeiros-e-hora-de-ter-lado\/\" \/>\n<meta property=\"og:site_name\" content=\"PSOL 50\" \/>\n<meta property=\"article:publisher\" content=\"https:\/\/www.facebook.com\/psol50\" \/>\n<meta property=\"article:published_time\" content=\"2017-06-08T12:41:03+00:00\" \/>\n<meta property=\"og:image\" content=\"https:\/\/psol50.org.br\/inc\/uploads\/2018\/07\/capa.png\" \/>\n\t<meta property=\"og:image:width\" content=\"1350\" \/>\n\t<meta property=\"og:image:height\" content=\"900\" \/>\n\t<meta property=\"og:image:type\" content=\"image\/png\" \/>\n<meta name=\"author\" content=\"Comunica\u00e7\u00e3o PSOL\" \/>\n<meta name=\"twitter:card\" content=\"summary_large_image\" \/>\n<meta name=\"twitter:creator\" content=\"@psol50\" \/>\n<meta name=\"twitter:site\" content=\"@psol50\" \/>\n<meta name=\"twitter:label1\" content=\"Escrito por\" \/>\n\t<meta name=\"twitter:data1\" content=\"Comunica\u00e7\u00e3o PSOL\" \/>\n\t<meta name=\"twitter:label2\" content=\"Est. tempo de leitura\" \/>\n\t<meta name=\"twitter:data2\" content=\"5 minutos\" \/>\n<script type=\"application\/ld+json\" class=\"yoast-schema-graph\">{\"@context\":\"https:\/\/schema.org\",\"@graph\":[{\"@type\":\"Article\",\"@id\":\"https:\/\/psol50.org.br\/juliano-medeiros-e-hora-de-ter-lado\/#article\",\"isPartOf\":{\"@id\":\"https:\/\/psol50.org.br\/juliano-medeiros-e-hora-de-ter-lado\/\"},\"author\":{\"name\":\"Comunica\u00e7\u00e3o PSOL\",\"@id\":\"https:\/\/psol50.org.br\/#\/schema\/person\/475dfa57d0b815993c714c2e96491fcd\"},\"headline\":\"Juliano Medeiros | \u00c9 hora de ter lado\",\"datePublished\":\"2017-06-08T12:41:03+00:00\",\"mainEntityOfPage\":{\"@id\":\"https:\/\/psol50.org.br\/juliano-medeiros-e-hora-de-ter-lado\/\"},\"wordCount\":1029,\"commentCount\":0,\"publisher\":{\"@id\":\"https:\/\/psol50.org.br\/#organization\"},\"image\":{\"@id\":\"https:\/\/psol50.org.br\/juliano-medeiros-e-hora-de-ter-lado\/#primaryimage\"},\"thumbnailUrl\":\"\",\"keywords\":[\"#DiretasJ\u00e1\",\"#foratemer\",\"Dilma Roussef\",\"elei\u00e7\u00f5es diretas\",\"Frente Parlamentar Suprapartid\u00e1ria por Diretas J\u00e1\",\"Juliano Medeiros\",\"Marina Silva\",\"Michel Temer\",\"Opera\u00e7\u00e3o Lava-Jato\",\"Rede Sustentabilidade\",\"reformas\"],\"articleSection\":[\"Artigos\",\"Brasil\"],\"inLanguage\":\"pt-BR\",\"potentialAction\":[{\"@type\":\"CommentAction\",\"name\":\"Comment\",\"target\":[\"https:\/\/psol50.org.br\/juliano-medeiros-e-hora-de-ter-lado\/#respond\"]}]},{\"@type\":\"WebPage\",\"@id\":\"https:\/\/psol50.org.br\/juliano-medeiros-e-hora-de-ter-lado\/\",\"url\":\"https:\/\/psol50.org.br\/juliano-medeiros-e-hora-de-ter-lado\/\",\"name\":\"Juliano Medeiros | \u00c9 hora de ter lado - PSOL 50\",\"isPartOf\":{\"@id\":\"https:\/\/psol50.org.br\/#website\"},\"primaryImageOfPage\":{\"@id\":\"https:\/\/psol50.org.br\/juliano-medeiros-e-hora-de-ter-lado\/#primaryimage\"},\"image\":{\"@id\":\"https:\/\/psol50.org.br\/juliano-medeiros-e-hora-de-ter-lado\/#primaryimage\"},\"thumbnailUrl\":\"\",\"datePublished\":\"2017-06-08T12:41:03+00:00\",\"breadcrumb\":{\"@id\":\"https:\/\/psol50.org.br\/juliano-medeiros-e-hora-de-ter-lado\/#breadcrumb\"},\"inLanguage\":\"pt-BR\",\"potentialAction\":[{\"@type\":\"ReadAction\",\"target\":[\"https:\/\/psol50.org.br\/juliano-medeiros-e-hora-de-ter-lado\/\"]}]},{\"@type\":\"ImageObject\",\"inLanguage\":\"pt-BR\",\"@id\":\"https:\/\/psol50.org.br\/juliano-medeiros-e-hora-de-ter-lado\/#primaryimage\",\"url\":\"\",\"contentUrl\":\"\"},{\"@type\":\"BreadcrumbList\",\"@id\":\"https:\/\/psol50.org.br\/juliano-medeiros-e-hora-de-ter-lado\/#breadcrumb\",\"itemListElement\":[{\"@type\":\"ListItem\",\"position\":1,\"name\":\"In\u00edcio\",\"item\":\"https:\/\/psol50.org.br\/\"},{\"@type\":\"ListItem\",\"position\":2,\"name\":\"Juliano Medeiros | \u00c9 hora de ter lado\"}]},{\"@type\":\"WebSite\",\"@id\":\"https:\/\/psol50.org.br\/#website\",\"url\":\"https:\/\/psol50.org.br\/\",\"name\":\"PSOL 50\",\"description\":\"Site oficial do Partido Socialismo e Liberdade\",\"publisher\":{\"@id\":\"https:\/\/psol50.org.br\/#organization\"},\"alternateName\":\"PSOL50\",\"potentialAction\":[{\"@type\":\"SearchAction\",\"target\":{\"@type\":\"EntryPoint\",\"urlTemplate\":\"https:\/\/psol50.org.br\/?s={search_term_string}\"},\"query-input\":{\"@type\":\"PropertyValueSpecification\",\"valueRequired\":true,\"valueName\":\"search_term_string\"}}],\"inLanguage\":\"pt-BR\"},{\"@type\":\"Organization\",\"@id\":\"https:\/\/psol50.org.br\/#organization\",\"name\":\"PSOL 50\",\"alternateName\":\"PSOL 50\",\"url\":\"https:\/\/psol50.org.br\/\",\"logo\":{\"@type\":\"ImageObject\",\"inLanguage\":\"pt-BR\",\"@id\":\"https:\/\/psol50.org.br\/#\/schema\/logo\/image\/\",\"url\":\"https:\/\/psol50.org.br\/inc\/uploads\/2018\/07\/capa.png\",\"contentUrl\":\"https:\/\/psol50.org.br\/inc\/uploads\/2018\/07\/capa.png\",\"width\":1350,\"height\":900,\"caption\":\"PSOL 50\"},\"image\":{\"@id\":\"https:\/\/psol50.org.br\/#\/schema\/logo\/image\/\"},\"sameAs\":[\"https:\/\/www.facebook.com\/psol50\",\"https:\/\/x.com\/psol50\",\"https:\/\/www.instagram.com\/psol50\/\",\"https:\/\/www.youtube.com\/channel\/UC7SnJS5o1os7a6CaiNabzcg\"]},{\"@type\":\"Person\",\"@id\":\"https:\/\/psol50.org.br\/#\/schema\/person\/475dfa57d0b815993c714c2e96491fcd\",\"name\":\"Comunica\u00e7\u00e3o PSOL\",\"image\":{\"@type\":\"ImageObject\",\"inLanguage\":\"pt-BR\",\"@id\":\"https:\/\/psol50.org.br\/#\/schema\/person\/image\/\",\"url\":\"https:\/\/secure.gravatar.com\/avatar\/b34fc4f4e468a4e51785917065a3db57b841f5c95dba6ad8c73aaf8f66f8f9bf?s=96&d=mm&r=g\",\"contentUrl\":\"https:\/\/secure.gravatar.com\/avatar\/b34fc4f4e468a4e51785917065a3db57b841f5c95dba6ad8c73aaf8f66f8f9bf?s=96&d=mm&r=g\",\"caption\":\"Comunica\u00e7\u00e3o PSOL\"}}]}<\/script>\n<!-- \/ Yoast SEO plugin. -->","yoast_head_json":{"title":"Juliano Medeiros | \u00c9 hora de ter lado - PSOL 50","robots":{"index":"index","follow":"follow","max-snippet":"max-snippet:-1","max-image-preview":"max-image-preview:large","max-video-preview":"max-video-preview:-1"},"canonical":"https:\/\/psol50.org.br\/juliano-medeiros-e-hora-de-ter-lado\/","og_locale":"pt_BR","og_type":"article","og_title":"Juliano Medeiros | \u00c9 hora de ter lado - PSOL 50","og_description":"Artigo publicado originalmente na F\u00f3rum Acontece essa semana o julgamento do processo que pede a cassa\u00e7\u00e3o de chapa Dilma-Temer. O pedido de cassa\u00e7\u00e3o, caso acatado pelo Tribunal Superior Eleitoral, resultar\u00e1 no afastamento do presidente golpista e na convoca\u00e7\u00e3o de elei\u00e7\u00f5es \u2013 diretas ou indiretas. Essa defini\u00e7\u00e3o se dar\u00e1 nos pr\u00f3ximos dias e tem mobilizado milhares [&hellip;]","og_url":"https:\/\/psol50.org.br\/juliano-medeiros-e-hora-de-ter-lado\/","og_site_name":"PSOL 50","article_publisher":"https:\/\/www.facebook.com\/psol50","article_published_time":"2017-06-08T12:41:03+00:00","og_image":[{"width":1350,"height":900,"url":"https:\/\/psol50.org.br\/inc\/uploads\/2018\/07\/capa.png","type":"image\/png"}],"author":"Comunica\u00e7\u00e3o PSOL","twitter_card":"summary_large_image","twitter_creator":"@psol50","twitter_site":"@psol50","twitter_misc":{"Escrito por":"Comunica\u00e7\u00e3o PSOL","Est. tempo de leitura":"5 minutos"},"schema":{"@context":"https:\/\/schema.org","@graph":[{"@type":"Article","@id":"https:\/\/psol50.org.br\/juliano-medeiros-e-hora-de-ter-lado\/#article","isPartOf":{"@id":"https:\/\/psol50.org.br\/juliano-medeiros-e-hora-de-ter-lado\/"},"author":{"name":"Comunica\u00e7\u00e3o PSOL","@id":"https:\/\/psol50.org.br\/#\/schema\/person\/475dfa57d0b815993c714c2e96491fcd"},"headline":"Juliano Medeiros | \u00c9 hora de ter lado","datePublished":"2017-06-08T12:41:03+00:00","mainEntityOfPage":{"@id":"https:\/\/psol50.org.br\/juliano-medeiros-e-hora-de-ter-lado\/"},"wordCount":1029,"commentCount":0,"publisher":{"@id":"https:\/\/psol50.org.br\/#organization"},"image":{"@id":"https:\/\/psol50.org.br\/juliano-medeiros-e-hora-de-ter-lado\/#primaryimage"},"thumbnailUrl":"","keywords":["#DiretasJ\u00e1","#foratemer","Dilma Roussef","elei\u00e7\u00f5es diretas","Frente Parlamentar Suprapartid\u00e1ria por Diretas J\u00e1","Juliano Medeiros","Marina Silva","Michel Temer","Opera\u00e7\u00e3o Lava-Jato","Rede Sustentabilidade","reformas"],"articleSection":["Artigos","Brasil"],"inLanguage":"pt-BR","potentialAction":[{"@type":"CommentAction","name":"Comment","target":["https:\/\/psol50.org.br\/juliano-medeiros-e-hora-de-ter-lado\/#respond"]}]},{"@type":"WebPage","@id":"https:\/\/psol50.org.br\/juliano-medeiros-e-hora-de-ter-lado\/","url":"https:\/\/psol50.org.br\/juliano-medeiros-e-hora-de-ter-lado\/","name":"Juliano Medeiros | \u00c9 hora de ter lado - PSOL 50","isPartOf":{"@id":"https:\/\/psol50.org.br\/#website"},"primaryImageOfPage":{"@id":"https:\/\/psol50.org.br\/juliano-medeiros-e-hora-de-ter-lado\/#primaryimage"},"image":{"@id":"https:\/\/psol50.org.br\/juliano-medeiros-e-hora-de-ter-lado\/#primaryimage"},"thumbnailUrl":"","datePublished":"2017-06-08T12:41:03+00:00","breadcrumb":{"@id":"https:\/\/psol50.org.br\/juliano-medeiros-e-hora-de-ter-lado\/#breadcrumb"},"inLanguage":"pt-BR","potentialAction":[{"@type":"ReadAction","target":["https:\/\/psol50.org.br\/juliano-medeiros-e-hora-de-ter-lado\/"]}]},{"@type":"ImageObject","inLanguage":"pt-BR","@id":"https:\/\/psol50.org.br\/juliano-medeiros-e-hora-de-ter-lado\/#primaryimage","url":"","contentUrl":""},{"@type":"BreadcrumbList","@id":"https:\/\/psol50.org.br\/juliano-medeiros-e-hora-de-ter-lado\/#breadcrumb","itemListElement":[{"@type":"ListItem","position":1,"name":"In\u00edcio","item":"https:\/\/psol50.org.br\/"},{"@type":"ListItem","position":2,"name":"Juliano Medeiros | \u00c9 hora de ter lado"}]},{"@type":"WebSite","@id":"https:\/\/psol50.org.br\/#website","url":"https:\/\/psol50.org.br\/","name":"PSOL 50","description":"Site oficial do Partido Socialismo e Liberdade","publisher":{"@id":"https:\/\/psol50.org.br\/#organization"},"alternateName":"PSOL50","potentialAction":[{"@type":"SearchAction","target":{"@type":"EntryPoint","urlTemplate":"https:\/\/psol50.org.br\/?s={search_term_string}"},"query-input":{"@type":"PropertyValueSpecification","valueRequired":true,"valueName":"search_term_string"}}],"inLanguage":"pt-BR"},{"@type":"Organization","@id":"https:\/\/psol50.org.br\/#organization","name":"PSOL 50","alternateName":"PSOL 50","url":"https:\/\/psol50.org.br\/","logo":{"@type":"ImageObject","inLanguage":"pt-BR","@id":"https:\/\/psol50.org.br\/#\/schema\/logo\/image\/","url":"https:\/\/psol50.org.br\/inc\/uploads\/2018\/07\/capa.png","contentUrl":"https:\/\/psol50.org.br\/inc\/uploads\/2018\/07\/capa.png","width":1350,"height":900,"caption":"PSOL 50"},"image":{"@id":"https:\/\/psol50.org.br\/#\/schema\/logo\/image\/"},"sameAs":["https:\/\/www.facebook.com\/psol50","https:\/\/x.com\/psol50","https:\/\/www.instagram.com\/psol50\/","https:\/\/www.youtube.com\/channel\/UC7SnJS5o1os7a6CaiNabzcg"]},{"@type":"Person","@id":"https:\/\/psol50.org.br\/#\/schema\/person\/475dfa57d0b815993c714c2e96491fcd","name":"Comunica\u00e7\u00e3o PSOL","image":{"@type":"ImageObject","inLanguage":"pt-BR","@id":"https:\/\/psol50.org.br\/#\/schema\/person\/image\/","url":"https:\/\/secure.gravatar.com\/avatar\/b34fc4f4e468a4e51785917065a3db57b841f5c95dba6ad8c73aaf8f66f8f9bf?s=96&d=mm&r=g","contentUrl":"https:\/\/secure.gravatar.com\/avatar\/b34fc4f4e468a4e51785917065a3db57b841f5c95dba6ad8c73aaf8f66f8f9bf?s=96&d=mm&r=g","caption":"Comunica\u00e7\u00e3o PSOL"}}]}},"_links":{"self":[{"href":"https:\/\/psol50.org.br\/rest\/wp\/v2\/posts\/16902","targetHints":{"allow":["GET"]}}],"collection":[{"href":"https:\/\/psol50.org.br\/rest\/wp\/v2\/posts"}],"about":[{"href":"https:\/\/psol50.org.br\/rest\/wp\/v2\/types\/post"}],"author":[{"embeddable":true,"href":"https:\/\/psol50.org.br\/rest\/wp\/v2\/users\/2"}],"replies":[{"embeddable":true,"href":"https:\/\/psol50.org.br\/rest\/wp\/v2\/comments?post=16902"}],"version-history":[{"count":0,"href":"https:\/\/psol50.org.br\/rest\/wp\/v2\/posts\/16902\/revisions"}],"wp:featuredmedia":[{"embeddable":true,"href":"https:\/\/psol50.org.br\/rest\/"}],"wp:attachment":[{"href":"https:\/\/psol50.org.br\/rest\/wp\/v2\/media?parent=16902"}],"wp:term":[{"taxonomy":"category","embeddable":true,"href":"https:\/\/psol50.org.br\/rest\/wp\/v2\/categories?post=16902"},{"taxonomy":"post_tag","embeddable":true,"href":"https:\/\/psol50.org.br\/rest\/wp\/v2\/tags?post=16902"}],"curies":[{"name":"wp","href":"https:\/\/api.w.org\/{rel}","templated":true}]}}