{"id":16916,"date":"2017-06-12T15:13:37","date_gmt":"2017-06-12T15:13:37","guid":{"rendered":"http:\/\/www.psol50.org.br\/?p=16916"},"modified":"2017-06-12T15:13:37","modified_gmt":"2017-06-12T15:13:37","slug":"chico-alencar-o-plano-espurio-de-sobrevivencia-de-temer","status":"publish","type":"post","link":"https:\/\/psol50.org.br\/chico-alencar-o-plano-espurio-de-sobrevivencia-de-temer\/","title":{"rendered":"Chico Alencar | O plano esp\u00fario de sobreviv\u00eancia de Temer"},"content":{"rendered":"<p><span style=\"color: #3366ff;\"><strong><a href=\"https:\/\/www.facebook.com\/chicoalencar\/photos\/a.220261591409433.36789.184693888299537\/1138661022902814\/?type=3\" target=\"_blank\" rel=\"noopener\"><em>Originalmente publicado no Facebook<\/em><\/a><\/strong><\/span><\/p>\n<p>O PMDB \u00e9 escolado em poder, do qual vive. Por isso o governo Temer tem um projeto imediato: sobreviver, se autoproteger, e eliminar tudo o que pode atrapalhar sua perman\u00eancia nos Pal\u00e1cios do Planalto, Jaburu e na Esplanada dos Minist\u00e9rios.<\/p>\n<p>As sujeiras em todos esses espa\u00e7os n\u00e3o cessam de aparecer.Empresa de neg\u00f3cios p\u00fablico-privados, o PMDB, \u00e0 luz do sol, faz a pol\u00edtica do &#8220;mercado total&#8221;, prometendo entregar j\u00e1 as mal chamadas &#8220;reformas para atrair investimentos&#8221; (tradu\u00e7\u00e3o: retirada de direitos, leni\u00eancia com a corrup\u00e7\u00e3o estrutural e louvor ao lucro como \u00fanico valor).<\/p>\n<p>Nas sombras, opera para cumprir o objetivo de &#8220;estancar a sangria&#8221; da Lava Jato e de qualquer investiga\u00e7\u00e3o que exponha \u00a0os crimes de colarinho branco.<\/p>\n<p>A vit\u00f3ria no TSE, onde um processo foi rejeitado por excesso de provas (!), deu a senha para a &#8220;fuga para a frente&#8221; que se aprofundar\u00e1 agora:<\/p>\n<p>1) constranger o relator da Lava Jato, o ministro Fachin, para o que n\u00e3o se descarta sequer o uso da ABIN para fazer espionagem, a la ditadura;<\/p>\n<p>2) desqualificar Janot, o Procurador Geral da Rep\u00fablica, at\u00e9 o fim de seu mandato, em setembro, quando se colocar\u00e1 na PGR algu\u00e9m &#8220;inofensivo&#8221;;<\/p>\n<p>3) mudar a c\u00fapula da PF e controlar suas atividades, em benef\u00edcio do governo e seus aliados;<\/p>\n<p>4) press\u00e3o sobre empresas que fizeram dela\u00e7\u00e3o premiada, n\u00e3o por amor \u00e0 \u00e9tica e \u00e0 transpar\u00eancia, mas como vingan\u00e7a e desest\u00edmulo a outras que possam querer colaborar com a Justi\u00e7a, revelando seus esquemas corruptos.<\/p>\n<p>Esse plano sinistro ter\u00e1, por parte do PSOL, a mais firme postura de den\u00fancia, combate e rejei\u00e7\u00e3o. Em palavras, iniciativas \u00a0e votos. Mas s\u00f3 o rep\u00fadio organizado da popula\u00e7\u00e3o nos dar\u00e1 for\u00e7as \u00a0para a luta no Congresso Nacional.<\/p>\n<p>Fora Temer, n\u00e3o ao seu plano sinistro, Diretas J\u00e1!<\/p>\n","protected":false},"excerpt":{"rendered":"<p>Originalmente publicado no Facebook O PMDB \u00e9 escolado em poder, do qual vive. Por isso o governo Temer tem um projeto imediato: sobreviver, se autoproteger, e eliminar tudo o que pode atrapalhar sua perman\u00eancia nos Pal\u00e1cios do Planalto, Jaburu e na Esplanada dos Minist\u00e9rios. As sujeiras em todos esses espa\u00e7os n\u00e3o cessam de aparecer.Empresa de [&hellip;]<\/p>\n","protected":false},"author":2,"featured_media":16154,"comment_status":"open","ping_status":"open","sticky":false,"template":"","format":"standard","meta":{"_acf_changed":false,"footnotes":""},"categories":[3],"tags":[1680,2891,3310,2169,976,1748,2152,3093],"class_list":{"0":"post-16916","1":"post","2":"type-post","3":"status-publish","4":"format-standard","5":"has-post-thumbnail","7":"category-artigos-e-entrevistas","8":"tag-chico-alencar","9":"tag-diretas-ja","10":"tag-fachin","11":"tag-fora-temer","12":"tag-lava-jato","13":"tag-michel-temer","14":"tag-pmdb","15":"tag-rodrigo-janot"},"acf":[],"yoast_head":"<!-- This site is optimized with the Yoast SEO plugin v26.5 - https:\/\/yoast.com\/wordpress\/plugins\/seo\/ -->\n<title>Chico Alencar | O plano esp\u00fario de sobreviv\u00eancia de Temer - PSOL 50<\/title>\n<meta name=\"robots\" content=\"index, follow, max-snippet:-1, max-image-preview:large, max-video-preview:-1\" \/>\n<link rel=\"canonical\" href=\"https:\/\/psol50.org.br\/chico-alencar-o-plano-espurio-de-sobrevivencia-de-temer\/\" \/>\n<meta property=\"og:locale\" content=\"pt_BR\" \/>\n<meta property=\"og:type\" content=\"article\" \/>\n<meta property=\"og:title\" content=\"Chico Alencar | O plano esp\u00fario de sobreviv\u00eancia de Temer - PSOL 50\" \/>\n<meta property=\"og:description\" content=\"Originalmente publicado no Facebook O PMDB \u00e9 escolado em poder, do qual vive. Por isso o governo Temer tem um projeto imediato: sobreviver, se autoproteger, e eliminar tudo o que pode atrapalhar sua perman\u00eancia nos Pal\u00e1cios do Planalto, Jaburu e na Esplanada dos Minist\u00e9rios. As sujeiras em todos esses espa\u00e7os n\u00e3o cessam de aparecer.Empresa de [&hellip;]\" \/>\n<meta property=\"og:url\" content=\"https:\/\/psol50.org.br\/chico-alencar-o-plano-espurio-de-sobrevivencia-de-temer\/\" \/>\n<meta property=\"og:site_name\" content=\"PSOL 50\" \/>\n<meta property=\"article:publisher\" content=\"https:\/\/www.facebook.com\/psol50\" \/>\n<meta property=\"article:published_time\" content=\"2017-06-12T15:13:37+00:00\" \/>\n<meta property=\"og:image\" content=\"https:\/\/psol50.org.br\/inc\/uploads\/2018\/07\/capa.png\" \/>\n\t<meta property=\"og:image:width\" content=\"1350\" \/>\n\t<meta property=\"og:image:height\" content=\"900\" \/>\n\t<meta property=\"og:image:type\" content=\"image\/png\" \/>\n<meta name=\"author\" content=\"Comunica\u00e7\u00e3o PSOL\" \/>\n<meta name=\"twitter:card\" content=\"summary_large_image\" \/>\n<meta name=\"twitter:creator\" content=\"@psol50\" \/>\n<meta name=\"twitter:site\" content=\"@psol50\" \/>\n<meta name=\"twitter:label1\" content=\"Escrito por\" \/>\n\t<meta name=\"twitter:data1\" content=\"Comunica\u00e7\u00e3o PSOL\" \/>\n\t<meta name=\"twitter:label2\" content=\"Est. tempo de leitura\" \/>\n\t<meta name=\"twitter:data2\" content=\"2 minutos\" \/>\n<script type=\"application\/ld+json\" class=\"yoast-schema-graph\">{\"@context\":\"https:\/\/schema.org\",\"@graph\":[{\"@type\":\"Article\",\"@id\":\"https:\/\/psol50.org.br\/chico-alencar-o-plano-espurio-de-sobrevivencia-de-temer\/#article\",\"isPartOf\":{\"@id\":\"https:\/\/psol50.org.br\/chico-alencar-o-plano-espurio-de-sobrevivencia-de-temer\/\"},\"author\":{\"name\":\"Comunica\u00e7\u00e3o PSOL\",\"@id\":\"https:\/\/psol50.org.br\/#\/schema\/person\/475dfa57d0b815993c714c2e96491fcd\"},\"headline\":\"Chico Alencar | O plano esp\u00fario de sobreviv\u00eancia de Temer\",\"datePublished\":\"2017-06-12T15:13:37+00:00\",\"mainEntityOfPage\":{\"@id\":\"https:\/\/psol50.org.br\/chico-alencar-o-plano-espurio-de-sobrevivencia-de-temer\/\"},\"wordCount\":329,\"commentCount\":0,\"publisher\":{\"@id\":\"https:\/\/psol50.org.br\/#organization\"},\"image\":{\"@id\":\"https:\/\/psol50.org.br\/chico-alencar-o-plano-espurio-de-sobrevivencia-de-temer\/#primaryimage\"},\"thumbnailUrl\":\"\",\"keywords\":[\"Chico Alencar\",\"diretas j\u00e1\",\"Fachin\",\"Fora Temer\",\"Lava Jato\",\"Michel Temer\",\"PMDB\",\"Rodrigo Janot\"],\"articleSection\":[\"Artigos\"],\"inLanguage\":\"pt-BR\",\"potentialAction\":[{\"@type\":\"CommentAction\",\"name\":\"Comment\",\"target\":[\"https:\/\/psol50.org.br\/chico-alencar-o-plano-espurio-de-sobrevivencia-de-temer\/#respond\"]}]},{\"@type\":\"WebPage\",\"@id\":\"https:\/\/psol50.org.br\/chico-alencar-o-plano-espurio-de-sobrevivencia-de-temer\/\",\"url\":\"https:\/\/psol50.org.br\/chico-alencar-o-plano-espurio-de-sobrevivencia-de-temer\/\",\"name\":\"Chico Alencar | O plano esp\u00fario de sobreviv\u00eancia de Temer - PSOL 50\",\"isPartOf\":{\"@id\":\"https:\/\/psol50.org.br\/#website\"},\"primaryImageOfPage\":{\"@id\":\"https:\/\/psol50.org.br\/chico-alencar-o-plano-espurio-de-sobrevivencia-de-temer\/#primaryimage\"},\"image\":{\"@id\":\"https:\/\/psol50.org.br\/chico-alencar-o-plano-espurio-de-sobrevivencia-de-temer\/#primaryimage\"},\"thumbnailUrl\":\"\",\"datePublished\":\"2017-06-12T15:13:37+00:00\",\"breadcrumb\":{\"@id\":\"https:\/\/psol50.org.br\/chico-alencar-o-plano-espurio-de-sobrevivencia-de-temer\/#breadcrumb\"},\"inLanguage\":\"pt-BR\",\"potentialAction\":[{\"@type\":\"ReadAction\",\"target\":[\"https:\/\/psol50.org.br\/chico-alencar-o-plano-espurio-de-sobrevivencia-de-temer\/\"]}]},{\"@type\":\"ImageObject\",\"inLanguage\":\"pt-BR\",\"@id\":\"https:\/\/psol50.org.br\/chico-alencar-o-plano-espurio-de-sobrevivencia-de-temer\/#primaryimage\",\"url\":\"\",\"contentUrl\":\"\"},{\"@type\":\"BreadcrumbList\",\"@id\":\"https:\/\/psol50.org.br\/chico-alencar-o-plano-espurio-de-sobrevivencia-de-temer\/#breadcrumb\",\"itemListElement\":[{\"@type\":\"ListItem\",\"position\":1,\"name\":\"In\u00edcio\",\"item\":\"https:\/\/psol50.org.br\/\"},{\"@type\":\"ListItem\",\"position\":2,\"name\":\"Chico Alencar | O plano esp\u00fario de sobreviv\u00eancia de Temer\"}]},{\"@type\":\"WebSite\",\"@id\":\"https:\/\/psol50.org.br\/#website\",\"url\":\"https:\/\/psol50.org.br\/\",\"name\":\"PSOL 50\",\"description\":\"Site oficial do Partido Socialismo e Liberdade\",\"publisher\":{\"@id\":\"https:\/\/psol50.org.br\/#organization\"},\"alternateName\":\"PSOL50\",\"potentialAction\":[{\"@type\":\"SearchAction\",\"target\":{\"@type\":\"EntryPoint\",\"urlTemplate\":\"https:\/\/psol50.org.br\/?s={search_term_string}\"},\"query-input\":{\"@type\":\"PropertyValueSpecification\",\"valueRequired\":true,\"valueName\":\"search_term_string\"}}],\"inLanguage\":\"pt-BR\"},{\"@type\":\"Organization\",\"@id\":\"https:\/\/psol50.org.br\/#organization\",\"name\":\"PSOL 50\",\"alternateName\":\"PSOL 50\",\"url\":\"https:\/\/psol50.org.br\/\",\"logo\":{\"@type\":\"ImageObject\",\"inLanguage\":\"pt-BR\",\"@id\":\"https:\/\/psol50.org.br\/#\/schema\/logo\/image\/\",\"url\":\"https:\/\/psol50.org.br\/inc\/uploads\/2018\/07\/capa.png\",\"contentUrl\":\"https:\/\/psol50.org.br\/inc\/uploads\/2018\/07\/capa.png\",\"width\":1350,\"height\":900,\"caption\":\"PSOL 50\"},\"image\":{\"@id\":\"https:\/\/psol50.org.br\/#\/schema\/logo\/image\/\"},\"sameAs\":[\"https:\/\/www.facebook.com\/psol50\",\"https:\/\/x.com\/psol50\",\"https:\/\/www.instagram.com\/psol50\/\",\"https:\/\/www.youtube.com\/channel\/UC7SnJS5o1os7a6CaiNabzcg\"]},{\"@type\":\"Person\",\"@id\":\"https:\/\/psol50.org.br\/#\/schema\/person\/475dfa57d0b815993c714c2e96491fcd\",\"name\":\"Comunica\u00e7\u00e3o PSOL\",\"image\":{\"@type\":\"ImageObject\",\"inLanguage\":\"pt-BR\",\"@id\":\"https:\/\/psol50.org.br\/#\/schema\/person\/image\/\",\"url\":\"https:\/\/secure.gravatar.com\/avatar\/b34fc4f4e468a4e51785917065a3db57b841f5c95dba6ad8c73aaf8f66f8f9bf?s=96&d=mm&r=g\",\"contentUrl\":\"https:\/\/secure.gravatar.com\/avatar\/b34fc4f4e468a4e51785917065a3db57b841f5c95dba6ad8c73aaf8f66f8f9bf?s=96&d=mm&r=g\",\"caption\":\"Comunica\u00e7\u00e3o PSOL\"}}]}<\/script>\n<!-- \/ Yoast SEO plugin. -->","yoast_head_json":{"title":"Chico Alencar | O plano esp\u00fario de sobreviv\u00eancia de Temer - PSOL 50","robots":{"index":"index","follow":"follow","max-snippet":"max-snippet:-1","max-image-preview":"max-image-preview:large","max-video-preview":"max-video-preview:-1"},"canonical":"https:\/\/psol50.org.br\/chico-alencar-o-plano-espurio-de-sobrevivencia-de-temer\/","og_locale":"pt_BR","og_type":"article","og_title":"Chico Alencar | O plano esp\u00fario de sobreviv\u00eancia de Temer - PSOL 50","og_description":"Originalmente publicado no Facebook O PMDB \u00e9 escolado em poder, do qual vive. Por isso o governo Temer tem um projeto imediato: sobreviver, se autoproteger, e eliminar tudo o que pode atrapalhar sua perman\u00eancia nos Pal\u00e1cios do Planalto, Jaburu e na Esplanada dos Minist\u00e9rios. As sujeiras em todos esses espa\u00e7os n\u00e3o cessam de aparecer.Empresa de [&hellip;]","og_url":"https:\/\/psol50.org.br\/chico-alencar-o-plano-espurio-de-sobrevivencia-de-temer\/","og_site_name":"PSOL 50","article_publisher":"https:\/\/www.facebook.com\/psol50","article_published_time":"2017-06-12T15:13:37+00:00","og_image":[{"width":1350,"height":900,"url":"https:\/\/psol50.org.br\/inc\/uploads\/2018\/07\/capa.png","type":"image\/png"}],"author":"Comunica\u00e7\u00e3o PSOL","twitter_card":"summary_large_image","twitter_creator":"@psol50","twitter_site":"@psol50","twitter_misc":{"Escrito por":"Comunica\u00e7\u00e3o PSOL","Est. tempo de leitura":"2 minutos"},"schema":{"@context":"https:\/\/schema.org","@graph":[{"@type":"Article","@id":"https:\/\/psol50.org.br\/chico-alencar-o-plano-espurio-de-sobrevivencia-de-temer\/#article","isPartOf":{"@id":"https:\/\/psol50.org.br\/chico-alencar-o-plano-espurio-de-sobrevivencia-de-temer\/"},"author":{"name":"Comunica\u00e7\u00e3o PSOL","@id":"https:\/\/psol50.org.br\/#\/schema\/person\/475dfa57d0b815993c714c2e96491fcd"},"headline":"Chico Alencar | O plano esp\u00fario de sobreviv\u00eancia de Temer","datePublished":"2017-06-12T15:13:37+00:00","mainEntityOfPage":{"@id":"https:\/\/psol50.org.br\/chico-alencar-o-plano-espurio-de-sobrevivencia-de-temer\/"},"wordCount":329,"commentCount":0,"publisher":{"@id":"https:\/\/psol50.org.br\/#organization"},"image":{"@id":"https:\/\/psol50.org.br\/chico-alencar-o-plano-espurio-de-sobrevivencia-de-temer\/#primaryimage"},"thumbnailUrl":"","keywords":["Chico Alencar","diretas j\u00e1","Fachin","Fora Temer","Lava Jato","Michel Temer","PMDB","Rodrigo Janot"],"articleSection":["Artigos"],"inLanguage":"pt-BR","potentialAction":[{"@type":"CommentAction","name":"Comment","target":["https:\/\/psol50.org.br\/chico-alencar-o-plano-espurio-de-sobrevivencia-de-temer\/#respond"]}]},{"@type":"WebPage","@id":"https:\/\/psol50.org.br\/chico-alencar-o-plano-espurio-de-sobrevivencia-de-temer\/","url":"https:\/\/psol50.org.br\/chico-alencar-o-plano-espurio-de-sobrevivencia-de-temer\/","name":"Chico Alencar | O plano esp\u00fario de sobreviv\u00eancia de Temer - PSOL 50","isPartOf":{"@id":"https:\/\/psol50.org.br\/#website"},"primaryImageOfPage":{"@id":"https:\/\/psol50.org.br\/chico-alencar-o-plano-espurio-de-sobrevivencia-de-temer\/#primaryimage"},"image":{"@id":"https:\/\/psol50.org.br\/chico-alencar-o-plano-espurio-de-sobrevivencia-de-temer\/#primaryimage"},"thumbnailUrl":"","datePublished":"2017-06-12T15:13:37+00:00","breadcrumb":{"@id":"https:\/\/psol50.org.br\/chico-alencar-o-plano-espurio-de-sobrevivencia-de-temer\/#breadcrumb"},"inLanguage":"pt-BR","potentialAction":[{"@type":"ReadAction","target":["https:\/\/psol50.org.br\/chico-alencar-o-plano-espurio-de-sobrevivencia-de-temer\/"]}]},{"@type":"ImageObject","inLanguage":"pt-BR","@id":"https:\/\/psol50.org.br\/chico-alencar-o-plano-espurio-de-sobrevivencia-de-temer\/#primaryimage","url":"","contentUrl":""},{"@type":"BreadcrumbList","@id":"https:\/\/psol50.org.br\/chico-alencar-o-plano-espurio-de-sobrevivencia-de-temer\/#breadcrumb","itemListElement":[{"@type":"ListItem","position":1,"name":"In\u00edcio","item":"https:\/\/psol50.org.br\/"},{"@type":"ListItem","position":2,"name":"Chico Alencar | O plano esp\u00fario de sobreviv\u00eancia de Temer"}]},{"@type":"WebSite","@id":"https:\/\/psol50.org.br\/#website","url":"https:\/\/psol50.org.br\/","name":"PSOL 50","description":"Site oficial do Partido Socialismo e Liberdade","publisher":{"@id":"https:\/\/psol50.org.br\/#organization"},"alternateName":"PSOL50","potentialAction":[{"@type":"SearchAction","target":{"@type":"EntryPoint","urlTemplate":"https:\/\/psol50.org.br\/?s={search_term_string}"},"query-input":{"@type":"PropertyValueSpecification","valueRequired":true,"valueName":"search_term_string"}}],"inLanguage":"pt-BR"},{"@type":"Organization","@id":"https:\/\/psol50.org.br\/#organization","name":"PSOL 50","alternateName":"PSOL 50","url":"https:\/\/psol50.org.br\/","logo":{"@type":"ImageObject","inLanguage":"pt-BR","@id":"https:\/\/psol50.org.br\/#\/schema\/logo\/image\/","url":"https:\/\/psol50.org.br\/inc\/uploads\/2018\/07\/capa.png","contentUrl":"https:\/\/psol50.org.br\/inc\/uploads\/2018\/07\/capa.png","width":1350,"height":900,"caption":"PSOL 50"},"image":{"@id":"https:\/\/psol50.org.br\/#\/schema\/logo\/image\/"},"sameAs":["https:\/\/www.facebook.com\/psol50","https:\/\/x.com\/psol50","https:\/\/www.instagram.com\/psol50\/","https:\/\/www.youtube.com\/channel\/UC7SnJS5o1os7a6CaiNabzcg"]},{"@type":"Person","@id":"https:\/\/psol50.org.br\/#\/schema\/person\/475dfa57d0b815993c714c2e96491fcd","name":"Comunica\u00e7\u00e3o PSOL","image":{"@type":"ImageObject","inLanguage":"pt-BR","@id":"https:\/\/psol50.org.br\/#\/schema\/person\/image\/","url":"https:\/\/secure.gravatar.com\/avatar\/b34fc4f4e468a4e51785917065a3db57b841f5c95dba6ad8c73aaf8f66f8f9bf?s=96&d=mm&r=g","contentUrl":"https:\/\/secure.gravatar.com\/avatar\/b34fc4f4e468a4e51785917065a3db57b841f5c95dba6ad8c73aaf8f66f8f9bf?s=96&d=mm&r=g","caption":"Comunica\u00e7\u00e3o PSOL"}}]}},"_links":{"self":[{"href":"https:\/\/psol50.org.br\/rest\/wp\/v2\/posts\/16916","targetHints":{"allow":["GET"]}}],"collection":[{"href":"https:\/\/psol50.org.br\/rest\/wp\/v2\/posts"}],"about":[{"href":"https:\/\/psol50.org.br\/rest\/wp\/v2\/types\/post"}],"author":[{"embeddable":true,"href":"https:\/\/psol50.org.br\/rest\/wp\/v2\/users\/2"}],"replies":[{"embeddable":true,"href":"https:\/\/psol50.org.br\/rest\/wp\/v2\/comments?post=16916"}],"version-history":[{"count":0,"href":"https:\/\/psol50.org.br\/rest\/wp\/v2\/posts\/16916\/revisions"}],"wp:featuredmedia":[{"embeddable":true,"href":"https:\/\/psol50.org.br\/rest\/"}],"wp:attachment":[{"href":"https:\/\/psol50.org.br\/rest\/wp\/v2\/media?parent=16916"}],"wp:term":[{"taxonomy":"category","embeddable":true,"href":"https:\/\/psol50.org.br\/rest\/wp\/v2\/categories?post=16916"},{"taxonomy":"post_tag","embeddable":true,"href":"https:\/\/psol50.org.br\/rest\/wp\/v2\/tags?post=16916"}],"curies":[{"name":"wp","href":"https:\/\/api.w.org\/{rel}","templated":true}]}}