{"id":16918,"date":"2017-06-12T16:54:37","date_gmt":"2017-06-12T16:54:37","guid":{"rendered":"http:\/\/www.psol50.org.br\/?p=16918"},"modified":"2017-06-12T16:54:37","modified_gmt":"2017-06-12T16:54:37","slug":"isa-penna-namore-alguem-que-faria-por-voce-o-que-o-gilmar-fez-pelo-temer","status":"publish","type":"post","link":"https:\/\/psol50.org.br\/isa-penna-namore-alguem-que-faria-por-voce-o-que-o-gilmar-fez-pelo-temer\/","title":{"rendered":"Isa Penna | Namore algu\u00e9m que faria por voc\u00ea, o que o Gilmar fez pelo Temer"},"content":{"rendered":"<p><span style=\"color: #3366ff;\"><a href=\"http:\/\/midianinja.org\/isapenna\/namore-alguem-que-faria-por-voce-o-que-o-gilmar-fez-pelo-temer\/\" target=\"_blank\" rel=\"noopener\"><strong><em>Publicado originalmente na M\u00eddia NINJA<\/em><\/strong><\/a><\/span><\/p>\n<p>\u201cTemer, eu quero ver voc\u00ea morar num motel<\/p>\n<p>Estou te expulsando do meu cora\u00e7\u00e3o<\/p>\n<p>Assuma as consequ\u00eancias dessa trai\u00e7\u00e3o\u201d<\/p>\n<p>O mundo se torna, cada vez mais, um lugar estranho ao amor.<\/p>\n<p>A pol\u00edtica \u00e9 praticada de forma desumana, fria e impessoal, para atender ambi\u00e7\u00f5es daqueles que est\u00e3o no poder. A canetada que congela o or\u00e7amento, o voto que retira direitos, na pr\u00e1tica, retira o nosso potencial e identidade. Reduz o milagre da exist\u00eancia a uma cruel corrida pela sobreviv\u00eancia.<\/p>\n<p>Enquanto isso, os cora\u00e7\u00f5es brasileiros, generosos e inocentes, est\u00e3o imersos numa profunda fossa nacional.<\/p>\n<p>Quero resgatar uma chama de esperan\u00e7a para aquecer cada cora\u00e7\u00e3ozinho sofredor que, frente a TV e, quem sabe, a um pote de sorvete, assistiu o voto de Gilmar Mendes e teme um futuro, para si mesmo e quem se ama, desprovido de qualquer humanidade.<\/p>\n<p>Enquanto somos apaixonados por pessoas, pelas risadas, abra\u00e7os e todas as express\u00f5es genu\u00ednas de humanidade, Temer e Gilmar tem um profundo, apaixonado e infiel caso de amor com o poder e o dinheiro.<\/p>\n<p>De fato, foi intenso e, ainda que n\u00e3o tenha sido nada verdadeiro e bonito, \u00e9 preciso encarar a verdade: N\u00e3o tinha como dar certo!<\/p>\n<p>Apesar deles, iremos levantar, sacodir a poeira e daremos a volta por cima! \u00c9 que o cora\u00e7\u00e3o humano, mesmo nas piores situa\u00e7\u00f5es, ainda encontra for\u00e7as para perseguir motivos para amar e buscar a verdadeira felicidade. N\u00e3o h\u00e1 beleza maior do que a for\u00e7a desse sentimento.<\/p>\n<p>Por isso, deixe que fiquem com seus iates, triplex e jatinhos. N\u00f3s preferimos a pureza da resposta das crian\u00e7as. \u00c9 a vida, \u00e9 s\u00f3 uma e \u00e9 bonita.<\/p>\n<p>Nem por um minuto duvidem: A teimosia em permanecer ao lado dos que sonham um mundo onde o que h\u00e1 de humano em n\u00f3s \u00e9 prioridade, ainda nos levar\u00e1 longe!<\/p>\n<p>O amor verdadeiro amplia os nossos espectros de humanidade e, por vezes, nos protege das pris\u00f5es med\u00edocres que a racionalidade e a dureza da vida criam dentro da nossa pr\u00f3pria cabe\u00e7a. O amor pr\u00f3prio, pelo nosso povo \u2013 nesse momento de fossa \u2013 pode ser a salva\u00e7\u00e3o.Amor n\u00e3o como nos contos de fada e o tal do \u201cFelizes para Sempre\u201d. Neles, se compreende o amor como um sentimento passivo e abstrato, enquanto, na verdade, amar \u00e9 agir, \u00e9 constru\u00e7\u00e3o de viv\u00eancia, doando-se e recebendo, de forma generosa.<\/p>\n<p>\u00c9 por isso que o pragmatismo frio e impessoal n\u00e3o nos serve enquanto pr\u00e1tica pol\u00edtica e nem poderia. Ao contr\u00e1rio, sentimos fundo e pesado quando se fala em retirar direitos. A verdade \u00e9 que porque amamos o povo e a humanidade, lutamos e sonhamos com um mundo que n\u00e3o seja contra nenhuma forma de amor.<\/p>\n<p>Esse nosso estranho amor, tamb\u00e9m n\u00e3o \u00e9 um sentimento individualista, ele se origina da empatia, da identidade de valores e, portanto, o amor \u00e9 essencialmente coletivo.<\/p>\n<p>A luta por um mundo mais justo portanto; para que se enxergue o outro pleno em sua humanidade \u2013 que n\u00e3o \u00e9 homog\u00eanea e nem universal \u2013 e, sendo iguais merecedores do direito de viver a vida em todas as suas potencialidades; \u00e9 em ess\u00eancia um gesto de amor.<\/p>\n<p>Nesse dia dos namorados, \u00e9 preciso lembrar o lugar do amor em nossas pr\u00e1ticas pol\u00edticas. \u00c9 preciso lembrar que o anseio por um mundo mais justo, passa pelo p\u00e3o, pela terra e pela paz, mas, tamb\u00e9m passa pelo direito de amar.<\/p>\n<p>Contra a frieza da pol\u00edtica, a pol\u00edtica em defesa do amor!<\/p>\n","protected":false},"excerpt":{"rendered":"<p>Publicado originalmente na M\u00eddia NINJA \u201cTemer, eu quero ver voc\u00ea morar num motel Estou te expulsando do meu cora\u00e7\u00e3o Assuma as consequ\u00eancias dessa trai\u00e7\u00e3o\u201d O mundo se torna, cada vez mais, um lugar estranho ao amor. A pol\u00edtica \u00e9 praticada de forma desumana, fria e impessoal, para atender ambi\u00e7\u00f5es daqueles que est\u00e3o no poder. A [&hellip;]<\/p>\n","protected":false},"author":2,"featured_media":16919,"comment_status":"open","ping_status":"open","sticky":false,"template":"","format":"standard","meta":{"_acf_changed":false,"footnotes":""},"categories":[3],"tags":[3311,2169,3107,298,1748,830],"class_list":{"0":"post-16918","1":"post","2":"type-post","3":"status-publish","4":"format-standard","5":"has-post-thumbnail","7":"category-artigos-e-entrevistas","8":"tag-dia-dos-namorados","9":"tag-fora-temer","10":"tag-gilmar-mendes","11":"tag-isa-penna","12":"tag-michel-temer","13":"tag-tse"},"acf":[],"yoast_head":"<!-- This site is optimized with the Yoast SEO plugin v26.5 - https:\/\/yoast.com\/wordpress\/plugins\/seo\/ -->\n<title>Isa Penna | Namore algu\u00e9m que faria por voc\u00ea, o que o Gilmar fez pelo Temer - PSOL 50<\/title>\n<meta name=\"robots\" content=\"index, follow, max-snippet:-1, max-image-preview:large, max-video-preview:-1\" \/>\n<link rel=\"canonical\" href=\"https:\/\/psol50.org.br\/isa-penna-namore-alguem-que-faria-por-voce-o-que-o-gilmar-fez-pelo-temer\/\" \/>\n<meta property=\"og:locale\" content=\"pt_BR\" \/>\n<meta property=\"og:type\" content=\"article\" \/>\n<meta property=\"og:title\" content=\"Isa Penna | Namore algu\u00e9m que faria por voc\u00ea, o que o Gilmar fez pelo Temer - PSOL 50\" \/>\n<meta property=\"og:description\" content=\"Publicado originalmente na M\u00eddia NINJA \u201cTemer, eu quero ver voc\u00ea morar num motel Estou te expulsando do meu cora\u00e7\u00e3o Assuma as consequ\u00eancias dessa trai\u00e7\u00e3o\u201d O mundo se torna, cada vez mais, um lugar estranho ao amor. A pol\u00edtica \u00e9 praticada de forma desumana, fria e impessoal, para atender ambi\u00e7\u00f5es daqueles que est\u00e3o no poder. A [&hellip;]\" \/>\n<meta property=\"og:url\" content=\"https:\/\/psol50.org.br\/isa-penna-namore-alguem-que-faria-por-voce-o-que-o-gilmar-fez-pelo-temer\/\" \/>\n<meta property=\"og:site_name\" content=\"PSOL 50\" \/>\n<meta property=\"article:publisher\" content=\"https:\/\/www.facebook.com\/psol50\" \/>\n<meta property=\"article:published_time\" content=\"2017-06-12T16:54:37+00:00\" \/>\n<meta property=\"og:image\" content=\"https:\/\/psol50.org.br\/inc\/uploads\/2018\/07\/capa.png\" \/>\n\t<meta property=\"og:image:width\" content=\"1350\" \/>\n\t<meta property=\"og:image:height\" content=\"900\" \/>\n\t<meta property=\"og:image:type\" content=\"image\/png\" \/>\n<meta name=\"author\" content=\"Comunica\u00e7\u00e3o PSOL\" \/>\n<meta name=\"twitter:card\" content=\"summary_large_image\" \/>\n<meta name=\"twitter:creator\" content=\"@psol50\" \/>\n<meta name=\"twitter:site\" content=\"@psol50\" \/>\n<meta name=\"twitter:label1\" content=\"Escrito por\" \/>\n\t<meta name=\"twitter:data1\" content=\"Comunica\u00e7\u00e3o PSOL\" \/>\n\t<meta name=\"twitter:label2\" content=\"Est. tempo de leitura\" \/>\n\t<meta name=\"twitter:data2\" content=\"3 minutos\" \/>\n<script type=\"application\/ld+json\" class=\"yoast-schema-graph\">{\"@context\":\"https:\/\/schema.org\",\"@graph\":[{\"@type\":\"Article\",\"@id\":\"https:\/\/psol50.org.br\/isa-penna-namore-alguem-que-faria-por-voce-o-que-o-gilmar-fez-pelo-temer\/#article\",\"isPartOf\":{\"@id\":\"https:\/\/psol50.org.br\/isa-penna-namore-alguem-que-faria-por-voce-o-que-o-gilmar-fez-pelo-temer\/\"},\"author\":{\"name\":\"Comunica\u00e7\u00e3o PSOL\",\"@id\":\"https:\/\/psol50.org.br\/#\/schema\/person\/475dfa57d0b815993c714c2e96491fcd\"},\"headline\":\"Isa Penna | Namore algu\u00e9m que faria por voc\u00ea, o que o Gilmar fez pelo Temer\",\"datePublished\":\"2017-06-12T16:54:37+00:00\",\"mainEntityOfPage\":{\"@id\":\"https:\/\/psol50.org.br\/isa-penna-namore-alguem-que-faria-por-voce-o-que-o-gilmar-fez-pelo-temer\/\"},\"wordCount\":620,\"commentCount\":0,\"publisher\":{\"@id\":\"https:\/\/psol50.org.br\/#organization\"},\"image\":{\"@id\":\"https:\/\/psol50.org.br\/isa-penna-namore-alguem-que-faria-por-voce-o-que-o-gilmar-fez-pelo-temer\/#primaryimage\"},\"thumbnailUrl\":\"\",\"keywords\":[\"Dia dos namorados\",\"Fora Temer\",\"Gilmar Mendes\",\"Isa Penna\",\"Michel Temer\",\"TSE\"],\"articleSection\":[\"Artigos\"],\"inLanguage\":\"pt-BR\",\"potentialAction\":[{\"@type\":\"CommentAction\",\"name\":\"Comment\",\"target\":[\"https:\/\/psol50.org.br\/isa-penna-namore-alguem-que-faria-por-voce-o-que-o-gilmar-fez-pelo-temer\/#respond\"]}]},{\"@type\":\"WebPage\",\"@id\":\"https:\/\/psol50.org.br\/isa-penna-namore-alguem-que-faria-por-voce-o-que-o-gilmar-fez-pelo-temer\/\",\"url\":\"https:\/\/psol50.org.br\/isa-penna-namore-alguem-que-faria-por-voce-o-que-o-gilmar-fez-pelo-temer\/\",\"name\":\"Isa Penna | Namore algu\u00e9m que faria por voc\u00ea, o que o Gilmar fez pelo Temer - PSOL 50\",\"isPartOf\":{\"@id\":\"https:\/\/psol50.org.br\/#website\"},\"primaryImageOfPage\":{\"@id\":\"https:\/\/psol50.org.br\/isa-penna-namore-alguem-que-faria-por-voce-o-que-o-gilmar-fez-pelo-temer\/#primaryimage\"},\"image\":{\"@id\":\"https:\/\/psol50.org.br\/isa-penna-namore-alguem-que-faria-por-voce-o-que-o-gilmar-fez-pelo-temer\/#primaryimage\"},\"thumbnailUrl\":\"\",\"datePublished\":\"2017-06-12T16:54:37+00:00\",\"breadcrumb\":{\"@id\":\"https:\/\/psol50.org.br\/isa-penna-namore-alguem-que-faria-por-voce-o-que-o-gilmar-fez-pelo-temer\/#breadcrumb\"},\"inLanguage\":\"pt-BR\",\"potentialAction\":[{\"@type\":\"ReadAction\",\"target\":[\"https:\/\/psol50.org.br\/isa-penna-namore-alguem-que-faria-por-voce-o-que-o-gilmar-fez-pelo-temer\/\"]}]},{\"@type\":\"ImageObject\",\"inLanguage\":\"pt-BR\",\"@id\":\"https:\/\/psol50.org.br\/isa-penna-namore-alguem-que-faria-por-voce-o-que-o-gilmar-fez-pelo-temer\/#primaryimage\",\"url\":\"\",\"contentUrl\":\"\"},{\"@type\":\"BreadcrumbList\",\"@id\":\"https:\/\/psol50.org.br\/isa-penna-namore-alguem-que-faria-por-voce-o-que-o-gilmar-fez-pelo-temer\/#breadcrumb\",\"itemListElement\":[{\"@type\":\"ListItem\",\"position\":1,\"name\":\"In\u00edcio\",\"item\":\"https:\/\/psol50.org.br\/\"},{\"@type\":\"ListItem\",\"position\":2,\"name\":\"Isa Penna | Namore algu\u00e9m que faria por voc\u00ea, o que o Gilmar fez pelo Temer\"}]},{\"@type\":\"WebSite\",\"@id\":\"https:\/\/psol50.org.br\/#website\",\"url\":\"https:\/\/psol50.org.br\/\",\"name\":\"PSOL 50\",\"description\":\"Site oficial do Partido Socialismo e Liberdade\",\"publisher\":{\"@id\":\"https:\/\/psol50.org.br\/#organization\"},\"alternateName\":\"PSOL50\",\"potentialAction\":[{\"@type\":\"SearchAction\",\"target\":{\"@type\":\"EntryPoint\",\"urlTemplate\":\"https:\/\/psol50.org.br\/?s={search_term_string}\"},\"query-input\":{\"@type\":\"PropertyValueSpecification\",\"valueRequired\":true,\"valueName\":\"search_term_string\"}}],\"inLanguage\":\"pt-BR\"},{\"@type\":\"Organization\",\"@id\":\"https:\/\/psol50.org.br\/#organization\",\"name\":\"PSOL 50\",\"alternateName\":\"PSOL 50\",\"url\":\"https:\/\/psol50.org.br\/\",\"logo\":{\"@type\":\"ImageObject\",\"inLanguage\":\"pt-BR\",\"@id\":\"https:\/\/psol50.org.br\/#\/schema\/logo\/image\/\",\"url\":\"https:\/\/psol50.org.br\/inc\/uploads\/2018\/07\/capa.png\",\"contentUrl\":\"https:\/\/psol50.org.br\/inc\/uploads\/2018\/07\/capa.png\",\"width\":1350,\"height\":900,\"caption\":\"PSOL 50\"},\"image\":{\"@id\":\"https:\/\/psol50.org.br\/#\/schema\/logo\/image\/\"},\"sameAs\":[\"https:\/\/www.facebook.com\/psol50\",\"https:\/\/x.com\/psol50\",\"https:\/\/www.instagram.com\/psol50\/\",\"https:\/\/www.youtube.com\/channel\/UC7SnJS5o1os7a6CaiNabzcg\"]},{\"@type\":\"Person\",\"@id\":\"https:\/\/psol50.org.br\/#\/schema\/person\/475dfa57d0b815993c714c2e96491fcd\",\"name\":\"Comunica\u00e7\u00e3o PSOL\",\"image\":{\"@type\":\"ImageObject\",\"inLanguage\":\"pt-BR\",\"@id\":\"https:\/\/psol50.org.br\/#\/schema\/person\/image\/\",\"url\":\"https:\/\/secure.gravatar.com\/avatar\/b34fc4f4e468a4e51785917065a3db57b841f5c95dba6ad8c73aaf8f66f8f9bf?s=96&d=mm&r=g\",\"contentUrl\":\"https:\/\/secure.gravatar.com\/avatar\/b34fc4f4e468a4e51785917065a3db57b841f5c95dba6ad8c73aaf8f66f8f9bf?s=96&d=mm&r=g\",\"caption\":\"Comunica\u00e7\u00e3o PSOL\"}}]}<\/script>\n<!-- \/ Yoast SEO plugin. -->","yoast_head_json":{"title":"Isa Penna | Namore algu\u00e9m que faria por voc\u00ea, o que o Gilmar fez pelo Temer - PSOL 50","robots":{"index":"index","follow":"follow","max-snippet":"max-snippet:-1","max-image-preview":"max-image-preview:large","max-video-preview":"max-video-preview:-1"},"canonical":"https:\/\/psol50.org.br\/isa-penna-namore-alguem-que-faria-por-voce-o-que-o-gilmar-fez-pelo-temer\/","og_locale":"pt_BR","og_type":"article","og_title":"Isa Penna | Namore algu\u00e9m que faria por voc\u00ea, o que o Gilmar fez pelo Temer - PSOL 50","og_description":"Publicado originalmente na M\u00eddia NINJA \u201cTemer, eu quero ver voc\u00ea morar num motel Estou te expulsando do meu cora\u00e7\u00e3o Assuma as consequ\u00eancias dessa trai\u00e7\u00e3o\u201d O mundo se torna, cada vez mais, um lugar estranho ao amor. A pol\u00edtica \u00e9 praticada de forma desumana, fria e impessoal, para atender ambi\u00e7\u00f5es daqueles que est\u00e3o no poder. A [&hellip;]","og_url":"https:\/\/psol50.org.br\/isa-penna-namore-alguem-que-faria-por-voce-o-que-o-gilmar-fez-pelo-temer\/","og_site_name":"PSOL 50","article_publisher":"https:\/\/www.facebook.com\/psol50","article_published_time":"2017-06-12T16:54:37+00:00","og_image":[{"width":1350,"height":900,"url":"https:\/\/psol50.org.br\/inc\/uploads\/2018\/07\/capa.png","type":"image\/png"}],"author":"Comunica\u00e7\u00e3o PSOL","twitter_card":"summary_large_image","twitter_creator":"@psol50","twitter_site":"@psol50","twitter_misc":{"Escrito por":"Comunica\u00e7\u00e3o PSOL","Est. tempo de leitura":"3 minutos"},"schema":{"@context":"https:\/\/schema.org","@graph":[{"@type":"Article","@id":"https:\/\/psol50.org.br\/isa-penna-namore-alguem-que-faria-por-voce-o-que-o-gilmar-fez-pelo-temer\/#article","isPartOf":{"@id":"https:\/\/psol50.org.br\/isa-penna-namore-alguem-que-faria-por-voce-o-que-o-gilmar-fez-pelo-temer\/"},"author":{"name":"Comunica\u00e7\u00e3o PSOL","@id":"https:\/\/psol50.org.br\/#\/schema\/person\/475dfa57d0b815993c714c2e96491fcd"},"headline":"Isa Penna | Namore algu\u00e9m que faria por voc\u00ea, o que o Gilmar fez pelo Temer","datePublished":"2017-06-12T16:54:37+00:00","mainEntityOfPage":{"@id":"https:\/\/psol50.org.br\/isa-penna-namore-alguem-que-faria-por-voce-o-que-o-gilmar-fez-pelo-temer\/"},"wordCount":620,"commentCount":0,"publisher":{"@id":"https:\/\/psol50.org.br\/#organization"},"image":{"@id":"https:\/\/psol50.org.br\/isa-penna-namore-alguem-que-faria-por-voce-o-que-o-gilmar-fez-pelo-temer\/#primaryimage"},"thumbnailUrl":"","keywords":["Dia dos namorados","Fora Temer","Gilmar Mendes","Isa Penna","Michel Temer","TSE"],"articleSection":["Artigos"],"inLanguage":"pt-BR","potentialAction":[{"@type":"CommentAction","name":"Comment","target":["https:\/\/psol50.org.br\/isa-penna-namore-alguem-que-faria-por-voce-o-que-o-gilmar-fez-pelo-temer\/#respond"]}]},{"@type":"WebPage","@id":"https:\/\/psol50.org.br\/isa-penna-namore-alguem-que-faria-por-voce-o-que-o-gilmar-fez-pelo-temer\/","url":"https:\/\/psol50.org.br\/isa-penna-namore-alguem-que-faria-por-voce-o-que-o-gilmar-fez-pelo-temer\/","name":"Isa Penna | Namore algu\u00e9m que faria por voc\u00ea, o que o Gilmar fez pelo Temer - PSOL 50","isPartOf":{"@id":"https:\/\/psol50.org.br\/#website"},"primaryImageOfPage":{"@id":"https:\/\/psol50.org.br\/isa-penna-namore-alguem-que-faria-por-voce-o-que-o-gilmar-fez-pelo-temer\/#primaryimage"},"image":{"@id":"https:\/\/psol50.org.br\/isa-penna-namore-alguem-que-faria-por-voce-o-que-o-gilmar-fez-pelo-temer\/#primaryimage"},"thumbnailUrl":"","datePublished":"2017-06-12T16:54:37+00:00","breadcrumb":{"@id":"https:\/\/psol50.org.br\/isa-penna-namore-alguem-que-faria-por-voce-o-que-o-gilmar-fez-pelo-temer\/#breadcrumb"},"inLanguage":"pt-BR","potentialAction":[{"@type":"ReadAction","target":["https:\/\/psol50.org.br\/isa-penna-namore-alguem-que-faria-por-voce-o-que-o-gilmar-fez-pelo-temer\/"]}]},{"@type":"ImageObject","inLanguage":"pt-BR","@id":"https:\/\/psol50.org.br\/isa-penna-namore-alguem-que-faria-por-voce-o-que-o-gilmar-fez-pelo-temer\/#primaryimage","url":"","contentUrl":""},{"@type":"BreadcrumbList","@id":"https:\/\/psol50.org.br\/isa-penna-namore-alguem-que-faria-por-voce-o-que-o-gilmar-fez-pelo-temer\/#breadcrumb","itemListElement":[{"@type":"ListItem","position":1,"name":"In\u00edcio","item":"https:\/\/psol50.org.br\/"},{"@type":"ListItem","position":2,"name":"Isa Penna | Namore algu\u00e9m que faria por voc\u00ea, o que o Gilmar fez pelo Temer"}]},{"@type":"WebSite","@id":"https:\/\/psol50.org.br\/#website","url":"https:\/\/psol50.org.br\/","name":"PSOL 50","description":"Site oficial do Partido Socialismo e Liberdade","publisher":{"@id":"https:\/\/psol50.org.br\/#organization"},"alternateName":"PSOL50","potentialAction":[{"@type":"SearchAction","target":{"@type":"EntryPoint","urlTemplate":"https:\/\/psol50.org.br\/?s={search_term_string}"},"query-input":{"@type":"PropertyValueSpecification","valueRequired":true,"valueName":"search_term_string"}}],"inLanguage":"pt-BR"},{"@type":"Organization","@id":"https:\/\/psol50.org.br\/#organization","name":"PSOL 50","alternateName":"PSOL 50","url":"https:\/\/psol50.org.br\/","logo":{"@type":"ImageObject","inLanguage":"pt-BR","@id":"https:\/\/psol50.org.br\/#\/schema\/logo\/image\/","url":"https:\/\/psol50.org.br\/inc\/uploads\/2018\/07\/capa.png","contentUrl":"https:\/\/psol50.org.br\/inc\/uploads\/2018\/07\/capa.png","width":1350,"height":900,"caption":"PSOL 50"},"image":{"@id":"https:\/\/psol50.org.br\/#\/schema\/logo\/image\/"},"sameAs":["https:\/\/www.facebook.com\/psol50","https:\/\/x.com\/psol50","https:\/\/www.instagram.com\/psol50\/","https:\/\/www.youtube.com\/channel\/UC7SnJS5o1os7a6CaiNabzcg"]},{"@type":"Person","@id":"https:\/\/psol50.org.br\/#\/schema\/person\/475dfa57d0b815993c714c2e96491fcd","name":"Comunica\u00e7\u00e3o PSOL","image":{"@type":"ImageObject","inLanguage":"pt-BR","@id":"https:\/\/psol50.org.br\/#\/schema\/person\/image\/","url":"https:\/\/secure.gravatar.com\/avatar\/b34fc4f4e468a4e51785917065a3db57b841f5c95dba6ad8c73aaf8f66f8f9bf?s=96&d=mm&r=g","contentUrl":"https:\/\/secure.gravatar.com\/avatar\/b34fc4f4e468a4e51785917065a3db57b841f5c95dba6ad8c73aaf8f66f8f9bf?s=96&d=mm&r=g","caption":"Comunica\u00e7\u00e3o PSOL"}}]}},"_links":{"self":[{"href":"https:\/\/psol50.org.br\/rest\/wp\/v2\/posts\/16918","targetHints":{"allow":["GET"]}}],"collection":[{"href":"https:\/\/psol50.org.br\/rest\/wp\/v2\/posts"}],"about":[{"href":"https:\/\/psol50.org.br\/rest\/wp\/v2\/types\/post"}],"author":[{"embeddable":true,"href":"https:\/\/psol50.org.br\/rest\/wp\/v2\/users\/2"}],"replies":[{"embeddable":true,"href":"https:\/\/psol50.org.br\/rest\/wp\/v2\/comments?post=16918"}],"version-history":[{"count":0,"href":"https:\/\/psol50.org.br\/rest\/wp\/v2\/posts\/16918\/revisions"}],"wp:featuredmedia":[{"embeddable":true,"href":"https:\/\/psol50.org.br\/rest\/"}],"wp:attachment":[{"href":"https:\/\/psol50.org.br\/rest\/wp\/v2\/media?parent=16918"}],"wp:term":[{"taxonomy":"category","embeddable":true,"href":"https:\/\/psol50.org.br\/rest\/wp\/v2\/categories?post=16918"},{"taxonomy":"post_tag","embeddable":true,"href":"https:\/\/psol50.org.br\/rest\/wp\/v2\/tags?post=16918"}],"curies":[{"name":"wp","href":"https:\/\/api.w.org\/{rel}","templated":true}]}}