{"id":1693,"date":"2011-12-29T00:00:00","date_gmt":"2011-12-29T00:00:00","guid":{"rendered":"http:\/\/psol50.org.br\/arquivo\/2011\/12\/29\/psol-curitiba-manifesta-apoio-aos-servidores-em-saude-em-greve\/"},"modified":"2011-12-29T00:00:00","modified_gmt":"2011-12-29T00:00:00","slug":"psol-curitiba-manifesta-apoio-aos-servidores-em-saude-em-greve","status":"publish","type":"post","link":"https:\/\/psol50.org.br\/psol-curitiba-manifesta-apoio-aos-servidores-em-saude-em-greve\/","title":{"rendered":"PSOL Curitiba manifesta apoio aos servidores em sa\u00fade em greve"},"content":{"rendered":"<p style=\"text-align: justify\"><a href=\"http:\/\/psol50.org.br\/blog\/2011\/12\/29\/psol-curitiba-manifesta-apoio-aos-servidores-em-saude-em-greve\/protesto-saude\/\" rel=\"attachment wp-att-12990\"><img loading=\"lazy\" decoding=\"async\" class=\"alignleft size-full wp-image-12990\" src=\"http:\/\/psol50.org.br\/files\/2011\/12\/protesto-saude.jpg\" alt=\"\" width=\"270\" height=\"200\" \/><\/a>No \u00faltimo dia 24 de dezembro, v\u00e9spera de natal, os servidores da \u00e1rea de sa\u00fade do munic\u00edpio de Curitiba, que se encontram em greve h\u00e1 cerca de 20 dias, fizeram uma ousada manifesta\u00e7\u00e3o: mostraram a verdadeira face da Prefeitura da cidade em uma ceia na frente da casa do prefeito Luciano Ducci, no bairro Batel, um dos mais ricos da cidade.<\/p>\n<p style=\"text-align: justify\">\u00a0O \u201cNatal Sem Luz\u201d, como foi chamada a atividade, foi uma demonstra\u00e7\u00e3o de for\u00e7a do movimento dos servidores, que reivindicam que a nova jornada de 30h semanais seja estendida a todos os servidores da \u00e1rea de sa\u00fade e n\u00e3o como est\u00e1 no projeto atual, que exclui uma s\u00e9ria de importantes categorias, como nutricionistas e psic\u00f3logos. Al\u00e9m disso, denunciam a recente retirada do direito a data-base para os servidores na nova Lei Org\u00e2nica Municipal.<\/p>\n<p style=\"text-align: justify\">A exclus\u00e3o \u00e9 uma das caracter\u00edsticas marcantes da cidade de Curitiba. Junto com a constru\u00e7\u00e3o de uma \u00e1rea central considerada modelo, o planejamento da cidade excluiu para as periferias da cidade e para a Regi\u00e3o Metropolitana boa parte da popula\u00e7\u00e3o pobre e trabalhadora, escamoteando os problemas sociais. Por conta desta situa\u00e7\u00e3o, Curitiba \u00e9 a 17\u00aa cidade mais desigual do mundo, segundo estudo da ONU (Organiza\u00e7\u00e3o das Na\u00e7\u00f5es Unidas).<\/p>\n<p style=\"text-align: justify\">Manifestamos aqui nosso apoio e solidariedade ao movimento de greve dos servidores da sa\u00fade municipal.<\/p>\n<p style=\"text-align: justify\"><a href=\"http:\/\/psolcuritiba.wordpress.com\/\"><em><strong>*PSOL Curitiba (PR)<\/strong><\/em><\/a><\/p>\n","protected":false},"excerpt":{"rendered":"<p>No \u00faltimo dia 24 de dezembro, v\u00e9spera de natal, os servidores da \u00e1rea de sa\u00fade do munic\u00edpio de Curitiba, que se encontram em greve h\u00e1 cerca de 20 dias, fizeram uma ousada manifesta\u00e7\u00e3o: mostraram a verdadeira face da Prefeitura da cidade em uma ceia na frente da casa do prefeito Luciano Ducci, no bairro Batel, [&hellip;]<\/p>\n","protected":false},"author":2,"featured_media":0,"comment_status":"open","ping_status":"open","sticky":false,"template":"","format":"standard","meta":{"_acf_changed":false,"footnotes":""},"categories":[4766],"tags":[22],"class_list":{"0":"post-1693","1":"post","2":"type-post","3":"status-publish","4":"format-standard","6":"category-arquivo","7":"tag-psol"},"acf":[],"yoast_head":"<!-- This site is optimized with the Yoast SEO plugin v26.5 - https:\/\/yoast.com\/wordpress\/plugins\/seo\/ -->\n<title>PSOL Curitiba manifesta apoio aos servidores em sa\u00fade em greve - PSOL 50<\/title>\n<meta name=\"robots\" content=\"index, follow, max-snippet:-1, max-image-preview:large, max-video-preview:-1\" \/>\n<link rel=\"canonical\" href=\"https:\/\/psol50.org.br\/psol-curitiba-manifesta-apoio-aos-servidores-em-saude-em-greve\/\" \/>\n<meta property=\"og:locale\" content=\"pt_BR\" \/>\n<meta property=\"og:type\" content=\"article\" \/>\n<meta property=\"og:title\" content=\"PSOL Curitiba manifesta apoio aos servidores em sa\u00fade em greve - PSOL 50\" \/>\n<meta property=\"og:description\" content=\"No \u00faltimo dia 24 de dezembro, v\u00e9spera de natal, os servidores da \u00e1rea de sa\u00fade do munic\u00edpio de Curitiba, que se encontram em greve h\u00e1 cerca de 20 dias, fizeram uma ousada manifesta\u00e7\u00e3o: mostraram a verdadeira face da Prefeitura da cidade em uma ceia na frente da casa do prefeito Luciano Ducci, no bairro Batel, [&hellip;]\" \/>\n<meta property=\"og:url\" content=\"https:\/\/psol50.org.br\/psol-curitiba-manifesta-apoio-aos-servidores-em-saude-em-greve\/\" \/>\n<meta property=\"og:site_name\" content=\"PSOL 50\" \/>\n<meta property=\"article:publisher\" content=\"https:\/\/www.facebook.com\/psol50\" \/>\n<meta property=\"article:published_time\" content=\"2011-12-29T00:00:00+00:00\" \/>\n<meta property=\"og:image\" content=\"http:\/\/psol50.org.br\/files\/2011\/12\/protesto-saude.jpg\" \/>\n<meta name=\"author\" content=\"Comunica\u00e7\u00e3o PSOL\" \/>\n<meta name=\"twitter:card\" content=\"summary_large_image\" \/>\n<meta name=\"twitter:creator\" content=\"@psol50\" \/>\n<meta name=\"twitter:site\" content=\"@psol50\" \/>\n<meta name=\"twitter:label1\" content=\"Escrito por\" \/>\n\t<meta name=\"twitter:data1\" content=\"Comunica\u00e7\u00e3o PSOL\" \/>\n\t<meta name=\"twitter:label2\" content=\"Est. tempo de leitura\" \/>\n\t<meta name=\"twitter:data2\" content=\"1 minuto\" \/>\n<script type=\"application\/ld+json\" class=\"yoast-schema-graph\">{\"@context\":\"https:\/\/schema.org\",\"@graph\":[{\"@type\":\"Article\",\"@id\":\"https:\/\/psol50.org.br\/psol-curitiba-manifesta-apoio-aos-servidores-em-saude-em-greve\/#article\",\"isPartOf\":{\"@id\":\"https:\/\/psol50.org.br\/psol-curitiba-manifesta-apoio-aos-servidores-em-saude-em-greve\/\"},\"author\":{\"name\":\"Comunica\u00e7\u00e3o PSOL\",\"@id\":\"https:\/\/psol50.org.br\/#\/schema\/person\/475dfa57d0b815993c714c2e96491fcd\"},\"headline\":\"PSOL Curitiba manifesta apoio aos servidores em sa\u00fade em greve\",\"datePublished\":\"2011-12-29T00:00:00+00:00\",\"mainEntityOfPage\":{\"@id\":\"https:\/\/psol50.org.br\/psol-curitiba-manifesta-apoio-aos-servidores-em-saude-em-greve\/\"},\"wordCount\":247,\"commentCount\":0,\"publisher\":{\"@id\":\"https:\/\/psol50.org.br\/#organization\"},\"image\":{\"@id\":\"https:\/\/psol50.org.br\/psol-curitiba-manifesta-apoio-aos-servidores-em-saude-em-greve\/#primaryimage\"},\"thumbnailUrl\":\"http:\/\/psol50.org.br\/files\/2011\/12\/protesto-saude.jpg\",\"keywords\":[\"PSOL\"],\"articleSection\":[\"Arquivo\"],\"inLanguage\":\"pt-BR\",\"potentialAction\":[{\"@type\":\"CommentAction\",\"name\":\"Comment\",\"target\":[\"https:\/\/psol50.org.br\/psol-curitiba-manifesta-apoio-aos-servidores-em-saude-em-greve\/#respond\"]}]},{\"@type\":\"WebPage\",\"@id\":\"https:\/\/psol50.org.br\/psol-curitiba-manifesta-apoio-aos-servidores-em-saude-em-greve\/\",\"url\":\"https:\/\/psol50.org.br\/psol-curitiba-manifesta-apoio-aos-servidores-em-saude-em-greve\/\",\"name\":\"PSOL Curitiba manifesta apoio aos servidores em sa\u00fade em greve - PSOL 50\",\"isPartOf\":{\"@id\":\"https:\/\/psol50.org.br\/#website\"},\"primaryImageOfPage\":{\"@id\":\"https:\/\/psol50.org.br\/psol-curitiba-manifesta-apoio-aos-servidores-em-saude-em-greve\/#primaryimage\"},\"image\":{\"@id\":\"https:\/\/psol50.org.br\/psol-curitiba-manifesta-apoio-aos-servidores-em-saude-em-greve\/#primaryimage\"},\"thumbnailUrl\":\"http:\/\/psol50.org.br\/files\/2011\/12\/protesto-saude.jpg\",\"datePublished\":\"2011-12-29T00:00:00+00:00\",\"breadcrumb\":{\"@id\":\"https:\/\/psol50.org.br\/psol-curitiba-manifesta-apoio-aos-servidores-em-saude-em-greve\/#breadcrumb\"},\"inLanguage\":\"pt-BR\",\"potentialAction\":[{\"@type\":\"ReadAction\",\"target\":[\"https:\/\/psol50.org.br\/psol-curitiba-manifesta-apoio-aos-servidores-em-saude-em-greve\/\"]}]},{\"@type\":\"ImageObject\",\"inLanguage\":\"pt-BR\",\"@id\":\"https:\/\/psol50.org.br\/psol-curitiba-manifesta-apoio-aos-servidores-em-saude-em-greve\/#primaryimage\",\"url\":\"http:\/\/psol50.org.br\/files\/2011\/12\/protesto-saude.jpg\",\"contentUrl\":\"http:\/\/psol50.org.br\/files\/2011\/12\/protesto-saude.jpg\"},{\"@type\":\"BreadcrumbList\",\"@id\":\"https:\/\/psol50.org.br\/psol-curitiba-manifesta-apoio-aos-servidores-em-saude-em-greve\/#breadcrumb\",\"itemListElement\":[{\"@type\":\"ListItem\",\"position\":1,\"name\":\"In\u00edcio\",\"item\":\"https:\/\/psol50.org.br\/\"},{\"@type\":\"ListItem\",\"position\":2,\"name\":\"PSOL Curitiba manifesta apoio aos servidores em sa\u00fade em greve\"}]},{\"@type\":\"WebSite\",\"@id\":\"https:\/\/psol50.org.br\/#website\",\"url\":\"https:\/\/psol50.org.br\/\",\"name\":\"PSOL 50\",\"description\":\"Site oficial do Partido Socialismo e Liberdade\",\"publisher\":{\"@id\":\"https:\/\/psol50.org.br\/#organization\"},\"alternateName\":\"PSOL50\",\"potentialAction\":[{\"@type\":\"SearchAction\",\"target\":{\"@type\":\"EntryPoint\",\"urlTemplate\":\"https:\/\/psol50.org.br\/?s={search_term_string}\"},\"query-input\":{\"@type\":\"PropertyValueSpecification\",\"valueRequired\":true,\"valueName\":\"search_term_string\"}}],\"inLanguage\":\"pt-BR\"},{\"@type\":\"Organization\",\"@id\":\"https:\/\/psol50.org.br\/#organization\",\"name\":\"PSOL 50\",\"alternateName\":\"PSOL 50\",\"url\":\"https:\/\/psol50.org.br\/\",\"logo\":{\"@type\":\"ImageObject\",\"inLanguage\":\"pt-BR\",\"@id\":\"https:\/\/psol50.org.br\/#\/schema\/logo\/image\/\",\"url\":\"https:\/\/psol50.org.br\/inc\/uploads\/2018\/07\/capa.png\",\"contentUrl\":\"https:\/\/psol50.org.br\/inc\/uploads\/2018\/07\/capa.png\",\"width\":1350,\"height\":900,\"caption\":\"PSOL 50\"},\"image\":{\"@id\":\"https:\/\/psol50.org.br\/#\/schema\/logo\/image\/\"},\"sameAs\":[\"https:\/\/www.facebook.com\/psol50\",\"https:\/\/x.com\/psol50\",\"https:\/\/www.instagram.com\/psol50\/\",\"https:\/\/www.youtube.com\/channel\/UC7SnJS5o1os7a6CaiNabzcg\"]},{\"@type\":\"Person\",\"@id\":\"https:\/\/psol50.org.br\/#\/schema\/person\/475dfa57d0b815993c714c2e96491fcd\",\"name\":\"Comunica\u00e7\u00e3o PSOL\",\"image\":{\"@type\":\"ImageObject\",\"inLanguage\":\"pt-BR\",\"@id\":\"https:\/\/psol50.org.br\/#\/schema\/person\/image\/\",\"url\":\"https:\/\/secure.gravatar.com\/avatar\/b34fc4f4e468a4e51785917065a3db57b841f5c95dba6ad8c73aaf8f66f8f9bf?s=96&d=mm&r=g\",\"contentUrl\":\"https:\/\/secure.gravatar.com\/avatar\/b34fc4f4e468a4e51785917065a3db57b841f5c95dba6ad8c73aaf8f66f8f9bf?s=96&d=mm&r=g\",\"caption\":\"Comunica\u00e7\u00e3o PSOL\"}}]}<\/script>\n<!-- \/ Yoast SEO plugin. -->","yoast_head_json":{"title":"PSOL Curitiba manifesta apoio aos servidores em sa\u00fade em greve - PSOL 50","robots":{"index":"index","follow":"follow","max-snippet":"max-snippet:-1","max-image-preview":"max-image-preview:large","max-video-preview":"max-video-preview:-1"},"canonical":"https:\/\/psol50.org.br\/psol-curitiba-manifesta-apoio-aos-servidores-em-saude-em-greve\/","og_locale":"pt_BR","og_type":"article","og_title":"PSOL Curitiba manifesta apoio aos servidores em sa\u00fade em greve - PSOL 50","og_description":"No \u00faltimo dia 24 de dezembro, v\u00e9spera de natal, os servidores da \u00e1rea de sa\u00fade do munic\u00edpio de Curitiba, que se encontram em greve h\u00e1 cerca de 20 dias, fizeram uma ousada manifesta\u00e7\u00e3o: mostraram a verdadeira face da Prefeitura da cidade em uma ceia na frente da casa do prefeito Luciano Ducci, no bairro Batel, [&hellip;]","og_url":"https:\/\/psol50.org.br\/psol-curitiba-manifesta-apoio-aos-servidores-em-saude-em-greve\/","og_site_name":"PSOL 50","article_publisher":"https:\/\/www.facebook.com\/psol50","article_published_time":"2011-12-29T00:00:00+00:00","og_image":[{"url":"http:\/\/psol50.org.br\/files\/2011\/12\/protesto-saude.jpg","type":"","width":"","height":""}],"author":"Comunica\u00e7\u00e3o PSOL","twitter_card":"summary_large_image","twitter_creator":"@psol50","twitter_site":"@psol50","twitter_misc":{"Escrito por":"Comunica\u00e7\u00e3o PSOL","Est. tempo de leitura":"1 minuto"},"schema":{"@context":"https:\/\/schema.org","@graph":[{"@type":"Article","@id":"https:\/\/psol50.org.br\/psol-curitiba-manifesta-apoio-aos-servidores-em-saude-em-greve\/#article","isPartOf":{"@id":"https:\/\/psol50.org.br\/psol-curitiba-manifesta-apoio-aos-servidores-em-saude-em-greve\/"},"author":{"name":"Comunica\u00e7\u00e3o PSOL","@id":"https:\/\/psol50.org.br\/#\/schema\/person\/475dfa57d0b815993c714c2e96491fcd"},"headline":"PSOL Curitiba manifesta apoio aos servidores em sa\u00fade em greve","datePublished":"2011-12-29T00:00:00+00:00","mainEntityOfPage":{"@id":"https:\/\/psol50.org.br\/psol-curitiba-manifesta-apoio-aos-servidores-em-saude-em-greve\/"},"wordCount":247,"commentCount":0,"publisher":{"@id":"https:\/\/psol50.org.br\/#organization"},"image":{"@id":"https:\/\/psol50.org.br\/psol-curitiba-manifesta-apoio-aos-servidores-em-saude-em-greve\/#primaryimage"},"thumbnailUrl":"http:\/\/psol50.org.br\/files\/2011\/12\/protesto-saude.jpg","keywords":["PSOL"],"articleSection":["Arquivo"],"inLanguage":"pt-BR","potentialAction":[{"@type":"CommentAction","name":"Comment","target":["https:\/\/psol50.org.br\/psol-curitiba-manifesta-apoio-aos-servidores-em-saude-em-greve\/#respond"]}]},{"@type":"WebPage","@id":"https:\/\/psol50.org.br\/psol-curitiba-manifesta-apoio-aos-servidores-em-saude-em-greve\/","url":"https:\/\/psol50.org.br\/psol-curitiba-manifesta-apoio-aos-servidores-em-saude-em-greve\/","name":"PSOL Curitiba manifesta apoio aos servidores em sa\u00fade em greve - PSOL 50","isPartOf":{"@id":"https:\/\/psol50.org.br\/#website"},"primaryImageOfPage":{"@id":"https:\/\/psol50.org.br\/psol-curitiba-manifesta-apoio-aos-servidores-em-saude-em-greve\/#primaryimage"},"image":{"@id":"https:\/\/psol50.org.br\/psol-curitiba-manifesta-apoio-aos-servidores-em-saude-em-greve\/#primaryimage"},"thumbnailUrl":"http:\/\/psol50.org.br\/files\/2011\/12\/protesto-saude.jpg","datePublished":"2011-12-29T00:00:00+00:00","breadcrumb":{"@id":"https:\/\/psol50.org.br\/psol-curitiba-manifesta-apoio-aos-servidores-em-saude-em-greve\/#breadcrumb"},"inLanguage":"pt-BR","potentialAction":[{"@type":"ReadAction","target":["https:\/\/psol50.org.br\/psol-curitiba-manifesta-apoio-aos-servidores-em-saude-em-greve\/"]}]},{"@type":"ImageObject","inLanguage":"pt-BR","@id":"https:\/\/psol50.org.br\/psol-curitiba-manifesta-apoio-aos-servidores-em-saude-em-greve\/#primaryimage","url":"http:\/\/psol50.org.br\/files\/2011\/12\/protesto-saude.jpg","contentUrl":"http:\/\/psol50.org.br\/files\/2011\/12\/protesto-saude.jpg"},{"@type":"BreadcrumbList","@id":"https:\/\/psol50.org.br\/psol-curitiba-manifesta-apoio-aos-servidores-em-saude-em-greve\/#breadcrumb","itemListElement":[{"@type":"ListItem","position":1,"name":"In\u00edcio","item":"https:\/\/psol50.org.br\/"},{"@type":"ListItem","position":2,"name":"PSOL Curitiba manifesta apoio aos servidores em sa\u00fade em greve"}]},{"@type":"WebSite","@id":"https:\/\/psol50.org.br\/#website","url":"https:\/\/psol50.org.br\/","name":"PSOL 50","description":"Site oficial do Partido Socialismo e Liberdade","publisher":{"@id":"https:\/\/psol50.org.br\/#organization"},"alternateName":"PSOL50","potentialAction":[{"@type":"SearchAction","target":{"@type":"EntryPoint","urlTemplate":"https:\/\/psol50.org.br\/?s={search_term_string}"},"query-input":{"@type":"PropertyValueSpecification","valueRequired":true,"valueName":"search_term_string"}}],"inLanguage":"pt-BR"},{"@type":"Organization","@id":"https:\/\/psol50.org.br\/#organization","name":"PSOL 50","alternateName":"PSOL 50","url":"https:\/\/psol50.org.br\/","logo":{"@type":"ImageObject","inLanguage":"pt-BR","@id":"https:\/\/psol50.org.br\/#\/schema\/logo\/image\/","url":"https:\/\/psol50.org.br\/inc\/uploads\/2018\/07\/capa.png","contentUrl":"https:\/\/psol50.org.br\/inc\/uploads\/2018\/07\/capa.png","width":1350,"height":900,"caption":"PSOL 50"},"image":{"@id":"https:\/\/psol50.org.br\/#\/schema\/logo\/image\/"},"sameAs":["https:\/\/www.facebook.com\/psol50","https:\/\/x.com\/psol50","https:\/\/www.instagram.com\/psol50\/","https:\/\/www.youtube.com\/channel\/UC7SnJS5o1os7a6CaiNabzcg"]},{"@type":"Person","@id":"https:\/\/psol50.org.br\/#\/schema\/person\/475dfa57d0b815993c714c2e96491fcd","name":"Comunica\u00e7\u00e3o PSOL","image":{"@type":"ImageObject","inLanguage":"pt-BR","@id":"https:\/\/psol50.org.br\/#\/schema\/person\/image\/","url":"https:\/\/secure.gravatar.com\/avatar\/b34fc4f4e468a4e51785917065a3db57b841f5c95dba6ad8c73aaf8f66f8f9bf?s=96&d=mm&r=g","contentUrl":"https:\/\/secure.gravatar.com\/avatar\/b34fc4f4e468a4e51785917065a3db57b841f5c95dba6ad8c73aaf8f66f8f9bf?s=96&d=mm&r=g","caption":"Comunica\u00e7\u00e3o PSOL"}}]}},"_links":{"self":[{"href":"https:\/\/psol50.org.br\/rest\/wp\/v2\/posts\/1693","targetHints":{"allow":["GET"]}}],"collection":[{"href":"https:\/\/psol50.org.br\/rest\/wp\/v2\/posts"}],"about":[{"href":"https:\/\/psol50.org.br\/rest\/wp\/v2\/types\/post"}],"author":[{"embeddable":true,"href":"https:\/\/psol50.org.br\/rest\/wp\/v2\/users\/2"}],"replies":[{"embeddable":true,"href":"https:\/\/psol50.org.br\/rest\/wp\/v2\/comments?post=1693"}],"version-history":[{"count":0,"href":"https:\/\/psol50.org.br\/rest\/wp\/v2\/posts\/1693\/revisions"}],"wp:attachment":[{"href":"https:\/\/psol50.org.br\/rest\/wp\/v2\/media?parent=1693"}],"wp:term":[{"taxonomy":"category","embeddable":true,"href":"https:\/\/psol50.org.br\/rest\/wp\/v2\/categories?post=1693"},{"taxonomy":"post_tag","embeddable":true,"href":"https:\/\/psol50.org.br\/rest\/wp\/v2\/tags?post=1693"}],"curies":[{"name":"wp","href":"https:\/\/api.w.org\/{rel}","templated":true}]}}