{"id":16958,"date":"2017-06-19T14:20:46","date_gmt":"2017-06-19T14:20:46","guid":{"rendered":"http:\/\/www.psol50.org.br\/?p=16958"},"modified":"2017-06-19T14:20:46","modified_gmt":"2017-06-19T14:20:46","slug":"em-nota-psol-rs-repudia-repressao-do-governo-sartori-contra-ocupacao-lanceiros-negros","status":"publish","type":"post","link":"https:\/\/psol50.org.br\/em-nota-psol-rs-repudia-repressao-do-governo-sartori-contra-ocupacao-lanceiros-negros\/","title":{"rendered":"Em nota, PSOL-RS repudia repress\u00e3o do governo Sartori contra ocupa\u00e7\u00e3o Lanceiros Negros"},"content":{"rendered":"<p>Confira, abaixo, nota do PSOL-RS sobre a violenta reintegra\u00e7\u00e3o de posse determinada pelo governador do Rio Grande do Sul, Jos\u00e9 Ivo Sartori (PMDB), no \u00faltimo dia 14 de junho, contra a ocupa\u00e7\u00e3o Lanceiros Negros. Numa a\u00e7\u00e3o truculenta e desumana, centenas de fam\u00edlias foram jogadas na rua e no frio. O PSOL apoia a luta dessas fam\u00edlia e denuncia a a\u00e7\u00e3o do governo Satori.<\/p>\n<p><em><strong>Lanceiros Negros: a responsabilidade da viol\u00eancia \u00e9 do governador Sartori<\/p>\n<p><\/strong><\/em><em>Em apoio \u00e0 luta das fam\u00edlias na luta por moradia<\/p>\n<p><\/em><em>No in\u00edcio da noite da \u00faltima quarta-feira (08\/06), em v\u00e9spera de feriado, a pol\u00edcia do governo Sartori, expulsou com repress\u00e3o brutal as fam\u00edlias com crian\u00e7as, idosos e mulheres gr\u00e1vidas da Ocupa\u00e7\u00e3o Lanceiros Negros MLB &#8211; RS. Todos foram jogados na rua, em noite fria, sem piedade. A pol\u00edcia de Sartori n\u00e3o hesitou em usar g\u00e1s de pimenta, balas de borracha e todo o aparato polici<span class=\"text_exposed_show\">al para cumprir o mandado de reintegra\u00e7\u00e3o. Uma barb\u00e1rie que teve, inclusive, a pris\u00e3o ilegal do deputado Jefferson Fernandes, presidente da Comiss\u00e3o de Direitos Humanos da ALERGS, e de mais oito pessoas.<\/p>\n<p><\/span><\/em>V\u00e1rios militantes do PSOL estavam presentes. Muitos n\u00e3o conseguiram ultrapassar a barreira policial, mas resistiram na solidariedade de rua, sofrendo a repress\u00e3o, inclusive com tiros de balas de borracha. Entre eles, nossa lideran\u00e7a do movimento popular Juliano Fripp, que levou um tiro de bala de borracha na perna. Estavam tamb\u00e9m o presidente Estadual do PSOL, Israel Dutra, entre outros dirigentes como Renato Guimar\u00e3es, al\u00e9m de sindicalistas do partido, militantes e dirigentes do Sindicato da Sa\u00fade e da Associa\u00e7\u00e3o do Grupo Hospitalar Concei\u00e7\u00e3o, como o presidente Valmor Guedes. At\u00e9 sindicalistas da Pol\u00edcia Civil, como F\u00e1bio, estavam em solidariedade. Havia muitos ativistas sem partido que se mobilizaram rapidamente para combater a desocupa\u00e7\u00e3o. Isso mostra que a luta tem e ter\u00e1 apoio.<\/p>\n<p><em>O deputado Pedro Ruas e o vereador Roberto Robaina, do PSOL, acompanharam os fatos. A vereadora Sofia Cavedon tamb\u00e9m estava presente. A Justi\u00e7a fechou os olhos para quem mais precisa. Por falta de uma pol\u00edtica p\u00fablica efetiva do Estado que d\u00ea um teto digno a essas e milhares de outras pessoas, a Lanceiros Negros ocupa um pr\u00e9dio p\u00fablico que estava vazio h\u00e1 mais de 10 anos e, desde novembro de 2015, se tornou lar para elas. Enquanto morar for um privil\u00e9gio, ocupar \u00e9 um direito!<\/p>\n<p><\/em><em><strong>Diret\u00f3rio Estadual do PSOL-RS<br \/>\n<\/strong><strong>Porto Alegre\/RS, 14 de junho de 2017<\/strong><\/em><\/p>\n","protected":false},"excerpt":{"rendered":"<p>Confira, abaixo, nota do PSOL-RS sobre a violenta reintegra\u00e7\u00e3o de posse determinada pelo governador do Rio Grande do Sul, Jos\u00e9 Ivo Sartori (PMDB), no \u00faltimo dia 14 de junho, contra a ocupa\u00e7\u00e3o Lanceiros Negros. Numa a\u00e7\u00e3o truculenta e desumana, centenas de fam\u00edlias foram jogadas na rua e no frio. O PSOL apoia a luta dessas [&hellip;]<\/p>\n","protected":false},"author":2,"featured_media":16959,"comment_status":"open","ping_status":"open","sticky":false,"template":"","format":"standard","meta":{"_acf_changed":false,"footnotes":""},"categories":[1104,6,14],"tags":[2201,3326,3327,728,748,2202,1657,2451,233],"class_list":{"0":"post-16958","1":"post","2":"type-post","3":"status-publish","4":"format-standard","5":"has-post-thumbnail","7":"category-movimento","8":"category-noticias","9":"category-partido","10":"tag-jose-ivo-sartori","11":"tag-ocupacao-lanceiros-negros","12":"tag-pedro-ruas","13":"tag-policia","14":"tag-porto-alegre","15":"tag-psol-rs","16":"tag-repressao","17":"tag-roberto-robaina","18":"tag-violencia"},"acf":[],"yoast_head":"<!-- This site is optimized with the Yoast SEO plugin v26.5 - https:\/\/yoast.com\/wordpress\/plugins\/seo\/ -->\n<title>Em nota, PSOL-RS repudia repress\u00e3o do governo Sartori contra ocupa\u00e7\u00e3o Lanceiros Negros - PSOL 50<\/title>\n<meta name=\"robots\" content=\"index, follow, max-snippet:-1, max-image-preview:large, max-video-preview:-1\" \/>\n<link rel=\"canonical\" href=\"https:\/\/psol50.org.br\/em-nota-psol-rs-repudia-repressao-do-governo-sartori-contra-ocupacao-lanceiros-negros\/\" \/>\n<meta property=\"og:locale\" content=\"pt_BR\" \/>\n<meta property=\"og:type\" content=\"article\" \/>\n<meta property=\"og:title\" content=\"Em nota, PSOL-RS repudia repress\u00e3o do governo Sartori contra ocupa\u00e7\u00e3o Lanceiros Negros - PSOL 50\" \/>\n<meta property=\"og:description\" content=\"Confira, abaixo, nota do PSOL-RS sobre a violenta reintegra\u00e7\u00e3o de posse determinada pelo governador do Rio Grande do Sul, Jos\u00e9 Ivo Sartori (PMDB), no \u00faltimo dia 14 de junho, contra a ocupa\u00e7\u00e3o Lanceiros Negros. Numa a\u00e7\u00e3o truculenta e desumana, centenas de fam\u00edlias foram jogadas na rua e no frio. O PSOL apoia a luta dessas [&hellip;]\" \/>\n<meta property=\"og:url\" content=\"https:\/\/psol50.org.br\/em-nota-psol-rs-repudia-repressao-do-governo-sartori-contra-ocupacao-lanceiros-negros\/\" \/>\n<meta property=\"og:site_name\" content=\"PSOL 50\" \/>\n<meta property=\"article:publisher\" content=\"https:\/\/www.facebook.com\/psol50\" \/>\n<meta property=\"article:published_time\" content=\"2017-06-19T14:20:46+00:00\" \/>\n<meta property=\"og:image\" content=\"https:\/\/psol50.org.br\/inc\/uploads\/2018\/07\/capa.png\" \/>\n\t<meta property=\"og:image:width\" content=\"1350\" \/>\n\t<meta property=\"og:image:height\" content=\"900\" \/>\n\t<meta property=\"og:image:type\" content=\"image\/png\" \/>\n<meta name=\"author\" content=\"Comunica\u00e7\u00e3o PSOL\" \/>\n<meta name=\"twitter:card\" content=\"summary_large_image\" \/>\n<meta name=\"twitter:creator\" content=\"@psol50\" \/>\n<meta name=\"twitter:site\" content=\"@psol50\" \/>\n<meta name=\"twitter:label1\" content=\"Escrito por\" \/>\n\t<meta name=\"twitter:data1\" content=\"Comunica\u00e7\u00e3o PSOL\" \/>\n\t<meta name=\"twitter:label2\" content=\"Est. tempo de leitura\" \/>\n\t<meta name=\"twitter:data2\" content=\"2 minutos\" \/>\n<script type=\"application\/ld+json\" class=\"yoast-schema-graph\">{\"@context\":\"https:\/\/schema.org\",\"@graph\":[{\"@type\":\"Article\",\"@id\":\"https:\/\/psol50.org.br\/em-nota-psol-rs-repudia-repressao-do-governo-sartori-contra-ocupacao-lanceiros-negros\/#article\",\"isPartOf\":{\"@id\":\"https:\/\/psol50.org.br\/em-nota-psol-rs-repudia-repressao-do-governo-sartori-contra-ocupacao-lanceiros-negros\/\"},\"author\":{\"name\":\"Comunica\u00e7\u00e3o PSOL\",\"@id\":\"https:\/\/psol50.org.br\/#\/schema\/person\/475dfa57d0b815993c714c2e96491fcd\"},\"headline\":\"Em nota, PSOL-RS repudia repress\u00e3o do governo Sartori contra ocupa\u00e7\u00e3o Lanceiros Negros\",\"datePublished\":\"2017-06-19T14:20:46+00:00\",\"mainEntityOfPage\":{\"@id\":\"https:\/\/psol50.org.br\/em-nota-psol-rs-repudia-repressao-do-governo-sartori-contra-ocupacao-lanceiros-negros\/\"},\"wordCount\":444,\"commentCount\":0,\"publisher\":{\"@id\":\"https:\/\/psol50.org.br\/#organization\"},\"image\":{\"@id\":\"https:\/\/psol50.org.br\/em-nota-psol-rs-repudia-repressao-do-governo-sartori-contra-ocupacao-lanceiros-negros\/#primaryimage\"},\"thumbnailUrl\":\"\",\"keywords\":[\"Jos\u00e9 Ivo Sartori\",\"ocupa\u00e7\u00e3o Lanceiros Negros\",\"Pedro Ruas\",\"pol\u00edcia\",\"Porto Alegre\",\"PSOL-RS\",\"Repress\u00e3o\",\"Roberto Robaina\",\"viol\u00eancia\"],\"articleSection\":[\"Movimento\",\"Not\u00edcias\",\"Partido\"],\"inLanguage\":\"pt-BR\",\"potentialAction\":[{\"@type\":\"CommentAction\",\"name\":\"Comment\",\"target\":[\"https:\/\/psol50.org.br\/em-nota-psol-rs-repudia-repressao-do-governo-sartori-contra-ocupacao-lanceiros-negros\/#respond\"]}]},{\"@type\":\"WebPage\",\"@id\":\"https:\/\/psol50.org.br\/em-nota-psol-rs-repudia-repressao-do-governo-sartori-contra-ocupacao-lanceiros-negros\/\",\"url\":\"https:\/\/psol50.org.br\/em-nota-psol-rs-repudia-repressao-do-governo-sartori-contra-ocupacao-lanceiros-negros\/\",\"name\":\"Em nota, PSOL-RS repudia repress\u00e3o do governo Sartori contra ocupa\u00e7\u00e3o Lanceiros Negros - PSOL 50\",\"isPartOf\":{\"@id\":\"https:\/\/psol50.org.br\/#website\"},\"primaryImageOfPage\":{\"@id\":\"https:\/\/psol50.org.br\/em-nota-psol-rs-repudia-repressao-do-governo-sartori-contra-ocupacao-lanceiros-negros\/#primaryimage\"},\"image\":{\"@id\":\"https:\/\/psol50.org.br\/em-nota-psol-rs-repudia-repressao-do-governo-sartori-contra-ocupacao-lanceiros-negros\/#primaryimage\"},\"thumbnailUrl\":\"\",\"datePublished\":\"2017-06-19T14:20:46+00:00\",\"breadcrumb\":{\"@id\":\"https:\/\/psol50.org.br\/em-nota-psol-rs-repudia-repressao-do-governo-sartori-contra-ocupacao-lanceiros-negros\/#breadcrumb\"},\"inLanguage\":\"pt-BR\",\"potentialAction\":[{\"@type\":\"ReadAction\",\"target\":[\"https:\/\/psol50.org.br\/em-nota-psol-rs-repudia-repressao-do-governo-sartori-contra-ocupacao-lanceiros-negros\/\"]}]},{\"@type\":\"ImageObject\",\"inLanguage\":\"pt-BR\",\"@id\":\"https:\/\/psol50.org.br\/em-nota-psol-rs-repudia-repressao-do-governo-sartori-contra-ocupacao-lanceiros-negros\/#primaryimage\",\"url\":\"\",\"contentUrl\":\"\"},{\"@type\":\"BreadcrumbList\",\"@id\":\"https:\/\/psol50.org.br\/em-nota-psol-rs-repudia-repressao-do-governo-sartori-contra-ocupacao-lanceiros-negros\/#breadcrumb\",\"itemListElement\":[{\"@type\":\"ListItem\",\"position\":1,\"name\":\"In\u00edcio\",\"item\":\"https:\/\/psol50.org.br\/\"},{\"@type\":\"ListItem\",\"position\":2,\"name\":\"Em nota, PSOL-RS repudia repress\u00e3o do governo Sartori contra ocupa\u00e7\u00e3o Lanceiros Negros\"}]},{\"@type\":\"WebSite\",\"@id\":\"https:\/\/psol50.org.br\/#website\",\"url\":\"https:\/\/psol50.org.br\/\",\"name\":\"PSOL 50\",\"description\":\"Site oficial do Partido Socialismo e Liberdade\",\"publisher\":{\"@id\":\"https:\/\/psol50.org.br\/#organization\"},\"alternateName\":\"PSOL50\",\"potentialAction\":[{\"@type\":\"SearchAction\",\"target\":{\"@type\":\"EntryPoint\",\"urlTemplate\":\"https:\/\/psol50.org.br\/?s={search_term_string}\"},\"query-input\":{\"@type\":\"PropertyValueSpecification\",\"valueRequired\":true,\"valueName\":\"search_term_string\"}}],\"inLanguage\":\"pt-BR\"},{\"@type\":\"Organization\",\"@id\":\"https:\/\/psol50.org.br\/#organization\",\"name\":\"PSOL 50\",\"alternateName\":\"PSOL 50\",\"url\":\"https:\/\/psol50.org.br\/\",\"logo\":{\"@type\":\"ImageObject\",\"inLanguage\":\"pt-BR\",\"@id\":\"https:\/\/psol50.org.br\/#\/schema\/logo\/image\/\",\"url\":\"https:\/\/psol50.org.br\/inc\/uploads\/2018\/07\/capa.png\",\"contentUrl\":\"https:\/\/psol50.org.br\/inc\/uploads\/2018\/07\/capa.png\",\"width\":1350,\"height\":900,\"caption\":\"PSOL 50\"},\"image\":{\"@id\":\"https:\/\/psol50.org.br\/#\/schema\/logo\/image\/\"},\"sameAs\":[\"https:\/\/www.facebook.com\/psol50\",\"https:\/\/x.com\/psol50\",\"https:\/\/www.instagram.com\/psol50\/\",\"https:\/\/www.youtube.com\/channel\/UC7SnJS5o1os7a6CaiNabzcg\"]},{\"@type\":\"Person\",\"@id\":\"https:\/\/psol50.org.br\/#\/schema\/person\/475dfa57d0b815993c714c2e96491fcd\",\"name\":\"Comunica\u00e7\u00e3o PSOL\",\"image\":{\"@type\":\"ImageObject\",\"inLanguage\":\"pt-BR\",\"@id\":\"https:\/\/psol50.org.br\/#\/schema\/person\/image\/\",\"url\":\"https:\/\/secure.gravatar.com\/avatar\/b34fc4f4e468a4e51785917065a3db57b841f5c95dba6ad8c73aaf8f66f8f9bf?s=96&d=mm&r=g\",\"contentUrl\":\"https:\/\/secure.gravatar.com\/avatar\/b34fc4f4e468a4e51785917065a3db57b841f5c95dba6ad8c73aaf8f66f8f9bf?s=96&d=mm&r=g\",\"caption\":\"Comunica\u00e7\u00e3o PSOL\"}}]}<\/script>\n<!-- \/ Yoast SEO plugin. -->","yoast_head_json":{"title":"Em nota, PSOL-RS repudia repress\u00e3o do governo Sartori contra ocupa\u00e7\u00e3o Lanceiros Negros - PSOL 50","robots":{"index":"index","follow":"follow","max-snippet":"max-snippet:-1","max-image-preview":"max-image-preview:large","max-video-preview":"max-video-preview:-1"},"canonical":"https:\/\/psol50.org.br\/em-nota-psol-rs-repudia-repressao-do-governo-sartori-contra-ocupacao-lanceiros-negros\/","og_locale":"pt_BR","og_type":"article","og_title":"Em nota, PSOL-RS repudia repress\u00e3o do governo Sartori contra ocupa\u00e7\u00e3o Lanceiros Negros - PSOL 50","og_description":"Confira, abaixo, nota do PSOL-RS sobre a violenta reintegra\u00e7\u00e3o de posse determinada pelo governador do Rio Grande do Sul, Jos\u00e9 Ivo Sartori (PMDB), no \u00faltimo dia 14 de junho, contra a ocupa\u00e7\u00e3o Lanceiros Negros. Numa a\u00e7\u00e3o truculenta e desumana, centenas de fam\u00edlias foram jogadas na rua e no frio. O PSOL apoia a luta dessas [&hellip;]","og_url":"https:\/\/psol50.org.br\/em-nota-psol-rs-repudia-repressao-do-governo-sartori-contra-ocupacao-lanceiros-negros\/","og_site_name":"PSOL 50","article_publisher":"https:\/\/www.facebook.com\/psol50","article_published_time":"2017-06-19T14:20:46+00:00","og_image":[{"width":1350,"height":900,"url":"https:\/\/psol50.org.br\/inc\/uploads\/2018\/07\/capa.png","type":"image\/png"}],"author":"Comunica\u00e7\u00e3o PSOL","twitter_card":"summary_large_image","twitter_creator":"@psol50","twitter_site":"@psol50","twitter_misc":{"Escrito por":"Comunica\u00e7\u00e3o PSOL","Est. tempo de leitura":"2 minutos"},"schema":{"@context":"https:\/\/schema.org","@graph":[{"@type":"Article","@id":"https:\/\/psol50.org.br\/em-nota-psol-rs-repudia-repressao-do-governo-sartori-contra-ocupacao-lanceiros-negros\/#article","isPartOf":{"@id":"https:\/\/psol50.org.br\/em-nota-psol-rs-repudia-repressao-do-governo-sartori-contra-ocupacao-lanceiros-negros\/"},"author":{"name":"Comunica\u00e7\u00e3o PSOL","@id":"https:\/\/psol50.org.br\/#\/schema\/person\/475dfa57d0b815993c714c2e96491fcd"},"headline":"Em nota, PSOL-RS repudia repress\u00e3o do governo Sartori contra ocupa\u00e7\u00e3o Lanceiros Negros","datePublished":"2017-06-19T14:20:46+00:00","mainEntityOfPage":{"@id":"https:\/\/psol50.org.br\/em-nota-psol-rs-repudia-repressao-do-governo-sartori-contra-ocupacao-lanceiros-negros\/"},"wordCount":444,"commentCount":0,"publisher":{"@id":"https:\/\/psol50.org.br\/#organization"},"image":{"@id":"https:\/\/psol50.org.br\/em-nota-psol-rs-repudia-repressao-do-governo-sartori-contra-ocupacao-lanceiros-negros\/#primaryimage"},"thumbnailUrl":"","keywords":["Jos\u00e9 Ivo Sartori","ocupa\u00e7\u00e3o Lanceiros Negros","Pedro Ruas","pol\u00edcia","Porto Alegre","PSOL-RS","Repress\u00e3o","Roberto Robaina","viol\u00eancia"],"articleSection":["Movimento","Not\u00edcias","Partido"],"inLanguage":"pt-BR","potentialAction":[{"@type":"CommentAction","name":"Comment","target":["https:\/\/psol50.org.br\/em-nota-psol-rs-repudia-repressao-do-governo-sartori-contra-ocupacao-lanceiros-negros\/#respond"]}]},{"@type":"WebPage","@id":"https:\/\/psol50.org.br\/em-nota-psol-rs-repudia-repressao-do-governo-sartori-contra-ocupacao-lanceiros-negros\/","url":"https:\/\/psol50.org.br\/em-nota-psol-rs-repudia-repressao-do-governo-sartori-contra-ocupacao-lanceiros-negros\/","name":"Em nota, PSOL-RS repudia repress\u00e3o do governo Sartori contra ocupa\u00e7\u00e3o Lanceiros Negros - PSOL 50","isPartOf":{"@id":"https:\/\/psol50.org.br\/#website"},"primaryImageOfPage":{"@id":"https:\/\/psol50.org.br\/em-nota-psol-rs-repudia-repressao-do-governo-sartori-contra-ocupacao-lanceiros-negros\/#primaryimage"},"image":{"@id":"https:\/\/psol50.org.br\/em-nota-psol-rs-repudia-repressao-do-governo-sartori-contra-ocupacao-lanceiros-negros\/#primaryimage"},"thumbnailUrl":"","datePublished":"2017-06-19T14:20:46+00:00","breadcrumb":{"@id":"https:\/\/psol50.org.br\/em-nota-psol-rs-repudia-repressao-do-governo-sartori-contra-ocupacao-lanceiros-negros\/#breadcrumb"},"inLanguage":"pt-BR","potentialAction":[{"@type":"ReadAction","target":["https:\/\/psol50.org.br\/em-nota-psol-rs-repudia-repressao-do-governo-sartori-contra-ocupacao-lanceiros-negros\/"]}]},{"@type":"ImageObject","inLanguage":"pt-BR","@id":"https:\/\/psol50.org.br\/em-nota-psol-rs-repudia-repressao-do-governo-sartori-contra-ocupacao-lanceiros-negros\/#primaryimage","url":"","contentUrl":""},{"@type":"BreadcrumbList","@id":"https:\/\/psol50.org.br\/em-nota-psol-rs-repudia-repressao-do-governo-sartori-contra-ocupacao-lanceiros-negros\/#breadcrumb","itemListElement":[{"@type":"ListItem","position":1,"name":"In\u00edcio","item":"https:\/\/psol50.org.br\/"},{"@type":"ListItem","position":2,"name":"Em nota, PSOL-RS repudia repress\u00e3o do governo Sartori contra ocupa\u00e7\u00e3o Lanceiros Negros"}]},{"@type":"WebSite","@id":"https:\/\/psol50.org.br\/#website","url":"https:\/\/psol50.org.br\/","name":"PSOL 50","description":"Site oficial do Partido Socialismo e Liberdade","publisher":{"@id":"https:\/\/psol50.org.br\/#organization"},"alternateName":"PSOL50","potentialAction":[{"@type":"SearchAction","target":{"@type":"EntryPoint","urlTemplate":"https:\/\/psol50.org.br\/?s={search_term_string}"},"query-input":{"@type":"PropertyValueSpecification","valueRequired":true,"valueName":"search_term_string"}}],"inLanguage":"pt-BR"},{"@type":"Organization","@id":"https:\/\/psol50.org.br\/#organization","name":"PSOL 50","alternateName":"PSOL 50","url":"https:\/\/psol50.org.br\/","logo":{"@type":"ImageObject","inLanguage":"pt-BR","@id":"https:\/\/psol50.org.br\/#\/schema\/logo\/image\/","url":"https:\/\/psol50.org.br\/inc\/uploads\/2018\/07\/capa.png","contentUrl":"https:\/\/psol50.org.br\/inc\/uploads\/2018\/07\/capa.png","width":1350,"height":900,"caption":"PSOL 50"},"image":{"@id":"https:\/\/psol50.org.br\/#\/schema\/logo\/image\/"},"sameAs":["https:\/\/www.facebook.com\/psol50","https:\/\/x.com\/psol50","https:\/\/www.instagram.com\/psol50\/","https:\/\/www.youtube.com\/channel\/UC7SnJS5o1os7a6CaiNabzcg"]},{"@type":"Person","@id":"https:\/\/psol50.org.br\/#\/schema\/person\/475dfa57d0b815993c714c2e96491fcd","name":"Comunica\u00e7\u00e3o PSOL","image":{"@type":"ImageObject","inLanguage":"pt-BR","@id":"https:\/\/psol50.org.br\/#\/schema\/person\/image\/","url":"https:\/\/secure.gravatar.com\/avatar\/b34fc4f4e468a4e51785917065a3db57b841f5c95dba6ad8c73aaf8f66f8f9bf?s=96&d=mm&r=g","contentUrl":"https:\/\/secure.gravatar.com\/avatar\/b34fc4f4e468a4e51785917065a3db57b841f5c95dba6ad8c73aaf8f66f8f9bf?s=96&d=mm&r=g","caption":"Comunica\u00e7\u00e3o PSOL"}}]}},"_links":{"self":[{"href":"https:\/\/psol50.org.br\/rest\/wp\/v2\/posts\/16958","targetHints":{"allow":["GET"]}}],"collection":[{"href":"https:\/\/psol50.org.br\/rest\/wp\/v2\/posts"}],"about":[{"href":"https:\/\/psol50.org.br\/rest\/wp\/v2\/types\/post"}],"author":[{"embeddable":true,"href":"https:\/\/psol50.org.br\/rest\/wp\/v2\/users\/2"}],"replies":[{"embeddable":true,"href":"https:\/\/psol50.org.br\/rest\/wp\/v2\/comments?post=16958"}],"version-history":[{"count":0,"href":"https:\/\/psol50.org.br\/rest\/wp\/v2\/posts\/16958\/revisions"}],"wp:featuredmedia":[{"embeddable":true,"href":"https:\/\/psol50.org.br\/rest\/"}],"wp:attachment":[{"href":"https:\/\/psol50.org.br\/rest\/wp\/v2\/media?parent=16958"}],"wp:term":[{"taxonomy":"category","embeddable":true,"href":"https:\/\/psol50.org.br\/rest\/wp\/v2\/categories?post=16958"},{"taxonomy":"post_tag","embeddable":true,"href":"https:\/\/psol50.org.br\/rest\/wp\/v2\/tags?post=16958"}],"curies":[{"name":"wp","href":"https:\/\/api.w.org\/{rel}","templated":true}]}}