{"id":16962,"date":"2017-06-19T15:02:01","date_gmt":"2017-06-19T15:02:01","guid":{"rendered":"http:\/\/www.psol50.org.br\/?p=16962"},"modified":"2017-06-19T15:02:01","modified_gmt":"2017-06-19T15:02:01","slug":"mulheres-pobres-e-negros-serao-os-mais-afetados-pela-reforma-da-previdencia","status":"publish","type":"post","link":"https:\/\/psol50.org.br\/mulheres-pobres-e-negros-serao-os-mais-afetados-pela-reforma-da-previdencia\/","title":{"rendered":"Mulheres, pobres e negros ser\u00e3o os mais afetados pela Reforma da Previd\u00eancia"},"content":{"rendered":"<p>Um estudo elaborado por consultores legislativos do Senado Federal confirma o que j\u00e1 vem sendo denunciado h\u00e1 algum tempo, desde que a Proposta de Emenda \u00e0 Constitui\u00e7\u00e3o n\u00ba 287\/2016 foi enviada ao Congresso Nacional: a Reforma da Previd\u00eancia ter\u00e1 mais impacto negativo na vida das mulheres, dos negros e dos trabalhadores mais precarizados e pobres. O boletim &#8220;<a href=\"https:\/\/www12.senado.leg.br\/publicacoes\/estudos-legislativos\/tipos-de-estudos\/boletins-legislativos\/bol65\" target=\"_blank\" rel=\"noopener\"><strong><span style=\"color: #0000ff;\">(Des)prote\u00e7\u00e3o social: impactos da reforma da Previd\u00eancia no contexto urbano<\/span><\/strong><\/a>&#8220;, elaborado pelos consultores\u00a0Joana Mostafa e M\u00e1rio Theodoro, aponta que se for levado em conta a rotatividade m\u00e9dia e o tempo m\u00e9dio de desemprego no Brasil, a exig\u00eancia de pelo menos 40 anos de contribui\u00e7\u00e3o significa 53 anos de vida laboral ativa, enquanto o m\u00ednimo de 25 anos de contribui\u00e7\u00e3o equivalem a 33 anos de vida laboral ativa.<\/p>\n<p>As principais cr\u00edticas dos consultores no texto s\u00e3o o fim da modalidade de aposentadoria por tempo de contribui\u00e7\u00e3o (ATC) para o Regime Geral de Previd\u00eancia Social (RGPS) e a amplia\u00e7\u00e3o de 15 para 25 anos do tempo m\u00ednimo de contribui\u00e7\u00e3o para o acesso ao benef\u00edcio da aposentadoria.\u00a0&#8220;Ambas as propostas ter\u00e3o impacto delet\u00e9rio para o regime p\u00fablico de previd\u00eancia social brasileiro, sua sustentabilidade, a inclus\u00e3o e a garantia de benef\u00edcios pelos trabalhadores brasileiros&#8221;, dizem no estudo.<\/p>\n<p>Um dos riscos considerados\u00a0\u00e9 quanto \u00e0 incapacidade de contribui\u00e7\u00e3o por per\u00edodo mais longo de tempo por aqueles trabalhadores que circulam em um mercado de trabalho precarizado. &#8220;Os dados referentes \u00e0 trajet\u00f3ria contributiva dos trabalhadores aposentados em 2014 mostram que estes enfrentam expressiva dificuldade at\u00e9 para cumprir o atual m\u00ednimo de 15 anos de contribui\u00e7\u00e3o. Sua contribui\u00e7\u00e3o depende da vincula\u00e7\u00e3o mais ou menos permanente em postos de trabalho ofertados dentro do regramento vigente do emprego formal, a CLT para o setor privado e o regime jur\u00eddico \u00fanico para o setor p\u00fablico.\u00a0Ocorre que a economia brasileira tem uma trajet\u00f3ria estruturalmente inst\u00e1vel, com ciclos de crescimento curtos. O resultado s\u00e3o v\u00ednculos razoavelmente prec\u00e1rios ao longo da vida laboral de grande parte dos ocupados, com elevada taxa de rotatividade e longos per\u00edodos de desemprego ou subemprego. Nesse sentido, muitos trabalhadores e trabalhadoras acumulam, com dificuldades, o m\u00ednimo de 15 anos de contribui\u00e7\u00e3o, especialmente os menos escolarizados e de menores rendimentos&#8221;, destacam, no estudo.<\/p>\n<p>J\u00e1 a amplia\u00e7\u00e3o da car\u00eancia de 15 para 25 anos para acesso \u00e0 aposentadoria no \u00e2mbito do RGPS urbano, segundo os pesquisadores, pode gerar &#8220;altos patamares de exclus\u00e3o previdenci\u00e1ria&#8221;, principalmente entre mulheres, negros e trabalhadores menos escolarizados e de menores rendimentos.<\/p>\n<p>Os consultores finalizam o documento com a seguinte conclus\u00e3o: &#8220;Mesmo dentro do contexto urbano e entre aqueles que conseguem ter acesso ao Regime Geral de Previd\u00eancia Social, o sistema promove prote\u00e7\u00e3o a dois &#8216;Brasis&#8217; bastante distintos. De um lado, temos um Brasil cujo mercado de trabalho \u00e9 organizado, com empregos mais est\u00e1veis, sal\u00e1rios maiores e trabalhadores mais escolarizados. Nesse Brasil, os trabalhadores s\u00e3o, em maioria, homens, empregados via CLT, que se aposentam pela modalidade de tempo de contribui\u00e7\u00e3o aos 55 anos de idade, tendo acumulado 33 anos de contribui\u00e7\u00e3o, em m\u00e9dia. Mas o RGPS urbano tamb\u00e9m protege um outro Brasil. Aquele em que os trabalhadores t\u00eam trajet\u00f3rias entrecortadas por per\u00edodos extensos de desemprego, marcadas pela informalidade e por longas jornadas de trabalho n\u00e3o remunerado \u2013 que s\u00e3o invis\u00edveis e se referem a cuidados e afazeres dom\u00e9sticos. Nesse Brasil, os trabalhadores s\u00e3o, em maioria, mulheres, t\u00eam menor remunera\u00e7\u00e3o, s\u00e3o menos escolarizados\/as e t\u00eam acesso \u00e0 aposentadoria por idade aos 64 anos, tendo acumulado apenas 19 anos de contribui\u00e7\u00e3o, em m\u00e9dia&#8221;.<\/p>\n<p>&nbsp;<\/p>\n","protected":false},"excerpt":{"rendered":"<p>Um estudo elaborado por consultores legislativos do Senado Federal confirma o que j\u00e1 vem sendo denunciado h\u00e1 algum tempo, desde que a Proposta de Emenda \u00e0 Constitui\u00e7\u00e3o n\u00ba 287\/2016 foi enviada ao Congresso Nacional: a Reforma da Previd\u00eancia ter\u00e1 mais impacto negativo na vida das mulheres, dos negros e dos trabalhadores mais precarizados e pobres. [&hellip;]<\/p>\n","protected":false},"author":2,"featured_media":16963,"comment_status":"open","ping_status":"open","sticky":false,"template":"","format":"standard","meta":{"_acf_changed":false,"footnotes":""},"categories":[1882,6],"tags":[3328,1735,3329,606,4,765,3172,39,2431,222],"class_list":{"0":"post-16962","1":"post","2":"type-post","3":"status-publish","4":"format-standard","5":"has-post-thumbnail","7":"category-brasil","8":"category-noticias","9":"tag-desprotecao-social-impactos-da-reforma-da-previdencia-no-contexto-urbano","10":"tag-aposentadoria","11":"tag-consultores-legislativos","12":"tag-estudo","13":"tag-mulheres","14":"tag-negros","15":"tag-pobres","16":"tag-reforma-da-previdencia","17":"tag-senado-federal","18":"tag-trabalhadores"},"acf":[],"yoast_head":"<!-- This site is optimized with the Yoast SEO plugin v26.5 - https:\/\/yoast.com\/wordpress\/plugins\/seo\/ -->\n<title>Mulheres, pobres e negros ser\u00e3o os mais afetados pela Reforma da Previd\u00eancia - PSOL 50<\/title>\n<meta name=\"robots\" content=\"index, follow, max-snippet:-1, max-image-preview:large, max-video-preview:-1\" \/>\n<link rel=\"canonical\" href=\"https:\/\/psol50.org.br\/mulheres-pobres-e-negros-serao-os-mais-afetados-pela-reforma-da-previdencia\/\" \/>\n<meta property=\"og:locale\" content=\"pt_BR\" \/>\n<meta property=\"og:type\" content=\"article\" \/>\n<meta property=\"og:title\" content=\"Mulheres, pobres e negros ser\u00e3o os mais afetados pela Reforma da Previd\u00eancia - PSOL 50\" \/>\n<meta property=\"og:description\" content=\"Um estudo elaborado por consultores legislativos do Senado Federal confirma o que j\u00e1 vem sendo denunciado h\u00e1 algum tempo, desde que a Proposta de Emenda \u00e0 Constitui\u00e7\u00e3o n\u00ba 287\/2016 foi enviada ao Congresso Nacional: a Reforma da Previd\u00eancia ter\u00e1 mais impacto negativo na vida das mulheres, dos negros e dos trabalhadores mais precarizados e pobres. [&hellip;]\" \/>\n<meta property=\"og:url\" content=\"https:\/\/psol50.org.br\/mulheres-pobres-e-negros-serao-os-mais-afetados-pela-reforma-da-previdencia\/\" \/>\n<meta property=\"og:site_name\" content=\"PSOL 50\" \/>\n<meta property=\"article:publisher\" content=\"https:\/\/www.facebook.com\/psol50\" \/>\n<meta property=\"article:published_time\" content=\"2017-06-19T15:02:01+00:00\" \/>\n<meta property=\"og:image\" content=\"https:\/\/psol50.org.br\/inc\/uploads\/2018\/07\/capa.png\" \/>\n\t<meta property=\"og:image:width\" content=\"1350\" \/>\n\t<meta property=\"og:image:height\" content=\"900\" \/>\n\t<meta property=\"og:image:type\" content=\"image\/png\" \/>\n<meta name=\"author\" content=\"Comunica\u00e7\u00e3o PSOL\" \/>\n<meta name=\"twitter:card\" content=\"summary_large_image\" \/>\n<meta name=\"twitter:creator\" content=\"@psol50\" \/>\n<meta name=\"twitter:site\" content=\"@psol50\" \/>\n<meta name=\"twitter:label1\" content=\"Escrito por\" \/>\n\t<meta name=\"twitter:data1\" content=\"Comunica\u00e7\u00e3o PSOL\" \/>\n\t<meta name=\"twitter:label2\" content=\"Est. tempo de leitura\" \/>\n\t<meta name=\"twitter:data2\" content=\"3 minutos\" \/>\n<script type=\"application\/ld+json\" class=\"yoast-schema-graph\">{\"@context\":\"https:\/\/schema.org\",\"@graph\":[{\"@type\":\"Article\",\"@id\":\"https:\/\/psol50.org.br\/mulheres-pobres-e-negros-serao-os-mais-afetados-pela-reforma-da-previdencia\/#article\",\"isPartOf\":{\"@id\":\"https:\/\/psol50.org.br\/mulheres-pobres-e-negros-serao-os-mais-afetados-pela-reforma-da-previdencia\/\"},\"author\":{\"name\":\"Comunica\u00e7\u00e3o PSOL\",\"@id\":\"https:\/\/psol50.org.br\/#\/schema\/person\/475dfa57d0b815993c714c2e96491fcd\"},\"headline\":\"Mulheres, pobres e negros ser\u00e3o os mais afetados pela Reforma da Previd\u00eancia\",\"datePublished\":\"2017-06-19T15:02:01+00:00\",\"mainEntityOfPage\":{\"@id\":\"https:\/\/psol50.org.br\/mulheres-pobres-e-negros-serao-os-mais-afetados-pela-reforma-da-previdencia\/\"},\"wordCount\":635,\"commentCount\":0,\"publisher\":{\"@id\":\"https:\/\/psol50.org.br\/#organization\"},\"image\":{\"@id\":\"https:\/\/psol50.org.br\/mulheres-pobres-e-negros-serao-os-mais-afetados-pela-reforma-da-previdencia\/#primaryimage\"},\"thumbnailUrl\":\"\",\"keywords\":[\"(Des)prote\u00e7\u00e3o social: impactos da reforma da Previd\u00eancia no contexto urbano\",\"aposentadoria\",\"consultores legislativos\",\"estudo\",\"mulheres\",\"negros\",\"pobres\",\"reforma da previd\u00eancia\",\"Senado Federal\",\"trabalhadores\"],\"articleSection\":[\"Brasil\",\"Not\u00edcias\"],\"inLanguage\":\"pt-BR\",\"potentialAction\":[{\"@type\":\"CommentAction\",\"name\":\"Comment\",\"target\":[\"https:\/\/psol50.org.br\/mulheres-pobres-e-negros-serao-os-mais-afetados-pela-reforma-da-previdencia\/#respond\"]}]},{\"@type\":\"WebPage\",\"@id\":\"https:\/\/psol50.org.br\/mulheres-pobres-e-negros-serao-os-mais-afetados-pela-reforma-da-previdencia\/\",\"url\":\"https:\/\/psol50.org.br\/mulheres-pobres-e-negros-serao-os-mais-afetados-pela-reforma-da-previdencia\/\",\"name\":\"Mulheres, pobres e negros ser\u00e3o os mais afetados pela Reforma da Previd\u00eancia - PSOL 50\",\"isPartOf\":{\"@id\":\"https:\/\/psol50.org.br\/#website\"},\"primaryImageOfPage\":{\"@id\":\"https:\/\/psol50.org.br\/mulheres-pobres-e-negros-serao-os-mais-afetados-pela-reforma-da-previdencia\/#primaryimage\"},\"image\":{\"@id\":\"https:\/\/psol50.org.br\/mulheres-pobres-e-negros-serao-os-mais-afetados-pela-reforma-da-previdencia\/#primaryimage\"},\"thumbnailUrl\":\"\",\"datePublished\":\"2017-06-19T15:02:01+00:00\",\"breadcrumb\":{\"@id\":\"https:\/\/psol50.org.br\/mulheres-pobres-e-negros-serao-os-mais-afetados-pela-reforma-da-previdencia\/#breadcrumb\"},\"inLanguage\":\"pt-BR\",\"potentialAction\":[{\"@type\":\"ReadAction\",\"target\":[\"https:\/\/psol50.org.br\/mulheres-pobres-e-negros-serao-os-mais-afetados-pela-reforma-da-previdencia\/\"]}]},{\"@type\":\"ImageObject\",\"inLanguage\":\"pt-BR\",\"@id\":\"https:\/\/psol50.org.br\/mulheres-pobres-e-negros-serao-os-mais-afetados-pela-reforma-da-previdencia\/#primaryimage\",\"url\":\"\",\"contentUrl\":\"\"},{\"@type\":\"BreadcrumbList\",\"@id\":\"https:\/\/psol50.org.br\/mulheres-pobres-e-negros-serao-os-mais-afetados-pela-reforma-da-previdencia\/#breadcrumb\",\"itemListElement\":[{\"@type\":\"ListItem\",\"position\":1,\"name\":\"In\u00edcio\",\"item\":\"https:\/\/psol50.org.br\/\"},{\"@type\":\"ListItem\",\"position\":2,\"name\":\"Mulheres, pobres e negros ser\u00e3o os mais afetados pela Reforma da Previd\u00eancia\"}]},{\"@type\":\"WebSite\",\"@id\":\"https:\/\/psol50.org.br\/#website\",\"url\":\"https:\/\/psol50.org.br\/\",\"name\":\"PSOL 50\",\"description\":\"Site oficial do Partido Socialismo e Liberdade\",\"publisher\":{\"@id\":\"https:\/\/psol50.org.br\/#organization\"},\"alternateName\":\"PSOL50\",\"potentialAction\":[{\"@type\":\"SearchAction\",\"target\":{\"@type\":\"EntryPoint\",\"urlTemplate\":\"https:\/\/psol50.org.br\/?s={search_term_string}\"},\"query-input\":{\"@type\":\"PropertyValueSpecification\",\"valueRequired\":true,\"valueName\":\"search_term_string\"}}],\"inLanguage\":\"pt-BR\"},{\"@type\":\"Organization\",\"@id\":\"https:\/\/psol50.org.br\/#organization\",\"name\":\"PSOL 50\",\"alternateName\":\"PSOL 50\",\"url\":\"https:\/\/psol50.org.br\/\",\"logo\":{\"@type\":\"ImageObject\",\"inLanguage\":\"pt-BR\",\"@id\":\"https:\/\/psol50.org.br\/#\/schema\/logo\/image\/\",\"url\":\"https:\/\/psol50.org.br\/inc\/uploads\/2018\/07\/capa.png\",\"contentUrl\":\"https:\/\/psol50.org.br\/inc\/uploads\/2018\/07\/capa.png\",\"width\":1350,\"height\":900,\"caption\":\"PSOL 50\"},\"image\":{\"@id\":\"https:\/\/psol50.org.br\/#\/schema\/logo\/image\/\"},\"sameAs\":[\"https:\/\/www.facebook.com\/psol50\",\"https:\/\/x.com\/psol50\",\"https:\/\/www.instagram.com\/psol50\/\",\"https:\/\/www.youtube.com\/channel\/UC7SnJS5o1os7a6CaiNabzcg\"]},{\"@type\":\"Person\",\"@id\":\"https:\/\/psol50.org.br\/#\/schema\/person\/475dfa57d0b815993c714c2e96491fcd\",\"name\":\"Comunica\u00e7\u00e3o PSOL\",\"image\":{\"@type\":\"ImageObject\",\"inLanguage\":\"pt-BR\",\"@id\":\"https:\/\/psol50.org.br\/#\/schema\/person\/image\/\",\"url\":\"https:\/\/secure.gravatar.com\/avatar\/b34fc4f4e468a4e51785917065a3db57b841f5c95dba6ad8c73aaf8f66f8f9bf?s=96&d=mm&r=g\",\"contentUrl\":\"https:\/\/secure.gravatar.com\/avatar\/b34fc4f4e468a4e51785917065a3db57b841f5c95dba6ad8c73aaf8f66f8f9bf?s=96&d=mm&r=g\",\"caption\":\"Comunica\u00e7\u00e3o PSOL\"}}]}<\/script>\n<!-- \/ Yoast SEO plugin. -->","yoast_head_json":{"title":"Mulheres, pobres e negros ser\u00e3o os mais afetados pela Reforma da Previd\u00eancia - PSOL 50","robots":{"index":"index","follow":"follow","max-snippet":"max-snippet:-1","max-image-preview":"max-image-preview:large","max-video-preview":"max-video-preview:-1"},"canonical":"https:\/\/psol50.org.br\/mulheres-pobres-e-negros-serao-os-mais-afetados-pela-reforma-da-previdencia\/","og_locale":"pt_BR","og_type":"article","og_title":"Mulheres, pobres e negros ser\u00e3o os mais afetados pela Reforma da Previd\u00eancia - PSOL 50","og_description":"Um estudo elaborado por consultores legislativos do Senado Federal confirma o que j\u00e1 vem sendo denunciado h\u00e1 algum tempo, desde que a Proposta de Emenda \u00e0 Constitui\u00e7\u00e3o n\u00ba 287\/2016 foi enviada ao Congresso Nacional: a Reforma da Previd\u00eancia ter\u00e1 mais impacto negativo na vida das mulheres, dos negros e dos trabalhadores mais precarizados e pobres. [&hellip;]","og_url":"https:\/\/psol50.org.br\/mulheres-pobres-e-negros-serao-os-mais-afetados-pela-reforma-da-previdencia\/","og_site_name":"PSOL 50","article_publisher":"https:\/\/www.facebook.com\/psol50","article_published_time":"2017-06-19T15:02:01+00:00","og_image":[{"width":1350,"height":900,"url":"https:\/\/psol50.org.br\/inc\/uploads\/2018\/07\/capa.png","type":"image\/png"}],"author":"Comunica\u00e7\u00e3o PSOL","twitter_card":"summary_large_image","twitter_creator":"@psol50","twitter_site":"@psol50","twitter_misc":{"Escrito por":"Comunica\u00e7\u00e3o PSOL","Est. tempo de leitura":"3 minutos"},"schema":{"@context":"https:\/\/schema.org","@graph":[{"@type":"Article","@id":"https:\/\/psol50.org.br\/mulheres-pobres-e-negros-serao-os-mais-afetados-pela-reforma-da-previdencia\/#article","isPartOf":{"@id":"https:\/\/psol50.org.br\/mulheres-pobres-e-negros-serao-os-mais-afetados-pela-reforma-da-previdencia\/"},"author":{"name":"Comunica\u00e7\u00e3o PSOL","@id":"https:\/\/psol50.org.br\/#\/schema\/person\/475dfa57d0b815993c714c2e96491fcd"},"headline":"Mulheres, pobres e negros ser\u00e3o os mais afetados pela Reforma da Previd\u00eancia","datePublished":"2017-06-19T15:02:01+00:00","mainEntityOfPage":{"@id":"https:\/\/psol50.org.br\/mulheres-pobres-e-negros-serao-os-mais-afetados-pela-reforma-da-previdencia\/"},"wordCount":635,"commentCount":0,"publisher":{"@id":"https:\/\/psol50.org.br\/#organization"},"image":{"@id":"https:\/\/psol50.org.br\/mulheres-pobres-e-negros-serao-os-mais-afetados-pela-reforma-da-previdencia\/#primaryimage"},"thumbnailUrl":"","keywords":["(Des)prote\u00e7\u00e3o social: impactos da reforma da Previd\u00eancia no contexto urbano","aposentadoria","consultores legislativos","estudo","mulheres","negros","pobres","reforma da previd\u00eancia","Senado Federal","trabalhadores"],"articleSection":["Brasil","Not\u00edcias"],"inLanguage":"pt-BR","potentialAction":[{"@type":"CommentAction","name":"Comment","target":["https:\/\/psol50.org.br\/mulheres-pobres-e-negros-serao-os-mais-afetados-pela-reforma-da-previdencia\/#respond"]}]},{"@type":"WebPage","@id":"https:\/\/psol50.org.br\/mulheres-pobres-e-negros-serao-os-mais-afetados-pela-reforma-da-previdencia\/","url":"https:\/\/psol50.org.br\/mulheres-pobres-e-negros-serao-os-mais-afetados-pela-reforma-da-previdencia\/","name":"Mulheres, pobres e negros ser\u00e3o os mais afetados pela Reforma da Previd\u00eancia - PSOL 50","isPartOf":{"@id":"https:\/\/psol50.org.br\/#website"},"primaryImageOfPage":{"@id":"https:\/\/psol50.org.br\/mulheres-pobres-e-negros-serao-os-mais-afetados-pela-reforma-da-previdencia\/#primaryimage"},"image":{"@id":"https:\/\/psol50.org.br\/mulheres-pobres-e-negros-serao-os-mais-afetados-pela-reforma-da-previdencia\/#primaryimage"},"thumbnailUrl":"","datePublished":"2017-06-19T15:02:01+00:00","breadcrumb":{"@id":"https:\/\/psol50.org.br\/mulheres-pobres-e-negros-serao-os-mais-afetados-pela-reforma-da-previdencia\/#breadcrumb"},"inLanguage":"pt-BR","potentialAction":[{"@type":"ReadAction","target":["https:\/\/psol50.org.br\/mulheres-pobres-e-negros-serao-os-mais-afetados-pela-reforma-da-previdencia\/"]}]},{"@type":"ImageObject","inLanguage":"pt-BR","@id":"https:\/\/psol50.org.br\/mulheres-pobres-e-negros-serao-os-mais-afetados-pela-reforma-da-previdencia\/#primaryimage","url":"","contentUrl":""},{"@type":"BreadcrumbList","@id":"https:\/\/psol50.org.br\/mulheres-pobres-e-negros-serao-os-mais-afetados-pela-reforma-da-previdencia\/#breadcrumb","itemListElement":[{"@type":"ListItem","position":1,"name":"In\u00edcio","item":"https:\/\/psol50.org.br\/"},{"@type":"ListItem","position":2,"name":"Mulheres, pobres e negros ser\u00e3o os mais afetados pela Reforma da Previd\u00eancia"}]},{"@type":"WebSite","@id":"https:\/\/psol50.org.br\/#website","url":"https:\/\/psol50.org.br\/","name":"PSOL 50","description":"Site oficial do Partido Socialismo e Liberdade","publisher":{"@id":"https:\/\/psol50.org.br\/#organization"},"alternateName":"PSOL50","potentialAction":[{"@type":"SearchAction","target":{"@type":"EntryPoint","urlTemplate":"https:\/\/psol50.org.br\/?s={search_term_string}"},"query-input":{"@type":"PropertyValueSpecification","valueRequired":true,"valueName":"search_term_string"}}],"inLanguage":"pt-BR"},{"@type":"Organization","@id":"https:\/\/psol50.org.br\/#organization","name":"PSOL 50","alternateName":"PSOL 50","url":"https:\/\/psol50.org.br\/","logo":{"@type":"ImageObject","inLanguage":"pt-BR","@id":"https:\/\/psol50.org.br\/#\/schema\/logo\/image\/","url":"https:\/\/psol50.org.br\/inc\/uploads\/2018\/07\/capa.png","contentUrl":"https:\/\/psol50.org.br\/inc\/uploads\/2018\/07\/capa.png","width":1350,"height":900,"caption":"PSOL 50"},"image":{"@id":"https:\/\/psol50.org.br\/#\/schema\/logo\/image\/"},"sameAs":["https:\/\/www.facebook.com\/psol50","https:\/\/x.com\/psol50","https:\/\/www.instagram.com\/psol50\/","https:\/\/www.youtube.com\/channel\/UC7SnJS5o1os7a6CaiNabzcg"]},{"@type":"Person","@id":"https:\/\/psol50.org.br\/#\/schema\/person\/475dfa57d0b815993c714c2e96491fcd","name":"Comunica\u00e7\u00e3o PSOL","image":{"@type":"ImageObject","inLanguage":"pt-BR","@id":"https:\/\/psol50.org.br\/#\/schema\/person\/image\/","url":"https:\/\/secure.gravatar.com\/avatar\/b34fc4f4e468a4e51785917065a3db57b841f5c95dba6ad8c73aaf8f66f8f9bf?s=96&d=mm&r=g","contentUrl":"https:\/\/secure.gravatar.com\/avatar\/b34fc4f4e468a4e51785917065a3db57b841f5c95dba6ad8c73aaf8f66f8f9bf?s=96&d=mm&r=g","caption":"Comunica\u00e7\u00e3o PSOL"}}]}},"_links":{"self":[{"href":"https:\/\/psol50.org.br\/rest\/wp\/v2\/posts\/16962","targetHints":{"allow":["GET"]}}],"collection":[{"href":"https:\/\/psol50.org.br\/rest\/wp\/v2\/posts"}],"about":[{"href":"https:\/\/psol50.org.br\/rest\/wp\/v2\/types\/post"}],"author":[{"embeddable":true,"href":"https:\/\/psol50.org.br\/rest\/wp\/v2\/users\/2"}],"replies":[{"embeddable":true,"href":"https:\/\/psol50.org.br\/rest\/wp\/v2\/comments?post=16962"}],"version-history":[{"count":0,"href":"https:\/\/psol50.org.br\/rest\/wp\/v2\/posts\/16962\/revisions"}],"wp:featuredmedia":[{"embeddable":true,"href":"https:\/\/psol50.org.br\/rest\/"}],"wp:attachment":[{"href":"https:\/\/psol50.org.br\/rest\/wp\/v2\/media?parent=16962"}],"wp:term":[{"taxonomy":"category","embeddable":true,"href":"https:\/\/psol50.org.br\/rest\/wp\/v2\/categories?post=16962"},{"taxonomy":"post_tag","embeddable":true,"href":"https:\/\/psol50.org.br\/rest\/wp\/v2\/tags?post=16962"}],"curies":[{"name":"wp","href":"https:\/\/api.w.org\/{rel}","templated":true}]}}