{"id":16967,"date":"2017-06-20T16:23:11","date_gmt":"2017-06-20T16:23:11","guid":{"rendered":"http:\/\/www.psol50.org.br\/?p=16967"},"modified":"2017-06-20T16:23:11","modified_gmt":"2017-06-20T16:23:11","slug":"reforma-trabalhista-e-rejeitada-em-comissao-senado-e-governo-temer-sofre-importante-derrota","status":"publish","type":"post","link":"https:\/\/psol50.org.br\/reforma-trabalhista-e-rejeitada-em-comissao-senado-e-governo-temer-sofre-importante-derrota\/","title":{"rendered":"Reforma trabalhista \u00e9 rejeitada em Comiss\u00e3o no Senado e governo Temer sofre importante derrota"},"content":{"rendered":"<p>O governo de Michel Temer sofreu uma importante derrota nesta ter\u00e7a-feira (20\/06) durante reuni\u00e3o da Comiss\u00e3o de Assuntos Sociais (CAS) do Senado Federal. Por 10 votos contr\u00e1rios e 9 favor\u00e1veis, foi rejeitado o parecer do senador Ricardo Ferra\u00e7o (PSDB-RS), <a href=\"http:\/\/www.psol50.org.br\/blog\/2017\/06\/14\/base-de-temer-acelera-reforma-trabalhista-no-senado-e-apresenta-relatorio-em-comissao\/\" target=\"_blank\" rel=\"noopener\"><strong><span style=\"color: #0000ff;\">apresentado na semana passada,\u00a0<\/span><\/strong><\/a><span style=\"color: #000000;\">ao projeto do desmonte dos direitos trabalhistas, previsto no PLC 38\/2017.<\/span><\/p>\n<p>Ap\u00f3s a vota\u00e7\u00e3o do parecer, os senadores aprovaram o voto em separado apresentado pelo senador Paulo Paim (PT-RS), rejeitando o conte\u00fado do projeto, que agora vai para a Comiss\u00e3o de Constitui\u00e7\u00e3o e Justi\u00e7a (CCJ) do Senado e depois segue para o plen\u00e1rio da Casa.<\/p>\n<blockquote class=\"twitter-tweet\" data-width=\"550\" data-dnt=\"true\">\n<p lang=\"pt\" dir=\"ltr\">O pr\u00f3ximo passo \u00e9 a an\u00e1lise da CCJ. Depois disso, o Plen\u00e1rio do Senado (ou seja, o conjunto dos 81 senadores) tomar\u00e1 a decis\u00e3o final. <a href=\"https:\/\/t.co\/4lFT2JZYdr\">pic.twitter.com\/4lFT2JZYdr<\/a><\/p>\n<p>&mdash; Senado Federal (@SenadoFederal) <a href=\"https:\/\/twitter.com\/SenadoFederal\/status\/877197362602676224?ref_src=twsrc%5Etfw\">June 20, 2017<\/a><\/p><\/blockquote>\n<p><script async src=\"https:\/\/platform.twitter.com\/widgets.js\" charset=\"utf-8\"><\/script><\/p>\n<p>A previs\u00e3o inicial da base do governo era de que o calend\u00e1rio de vota\u00e7\u00e3o da reforma trabalhista se encerrasse no dia 28 de junho &#8211; dois dias antes da <a href=\"http:\/\/www.psol50.org.br\/blog\/2017\/06\/05\/no-dia-30-de-junho-o-pais-vai-parar-contra-as-reformas-e-pelo-fora-temer\/\" target=\"_blank\" rel=\"noopener\"><strong><span style=\"color: #0000ff;\">greve geral<\/span><\/strong><\/a> convocada pelos movimentos sociais contra os retrocessos do ileg\u00edtimo Temer. Agora, com essa derrota na CAS, n\u00e3o se sabe se o governo conseguir\u00e1 cumprir a agenda de vota\u00e7\u00e3o.<\/p>\n<p>Mesmo o projeto seguindo para a CCJ, o Pal\u00e1cio do Planalto perdeu for\u00e7a para aprovar umas das principais medidas de seu ajuste fiscal, junto com a reforma da Previd\u00eancia. Sem d\u00favida, o resultado da vota\u00e7\u00e3o de hoje \u00e9 um avan\u00e7o da press\u00e3o das ruas e no Parlamento, que precisa se intensificar nos pr\u00f3ximos dias para garantir, de vez, a derrota dessa e de outras mat\u00e9rias que retiram direitos.<\/p>\n<p>Os deputados federais Ivan Valente e Edmilson Rodrigues comentaram a rejei\u00e7\u00e3o da reforma pela comiss\u00e3o. Assista:<\/p>\n<p><a href=\"https:\/\/www.facebook.com\/IvanValentePSOL\/videos\/1608883135823229\/?ref=notif&#038;notif_t=live_video_explicit&#038;notif_id=1497976960155573\">https:\/\/www.facebook.com\/IvanValentePSOL\/videos\/1608883135823229\/?ref=notif&amp;notif_t=live_video_explicit&amp;notif_id=1497976960155573<\/a><\/p>\n<p><a href=\"https:\/\/www.facebook.com\/edmilsonpsol\/videos\/1648041391902995\/?ref=notif&#038;notif_t=live_video_explicit&#038;notif_id=1497976897979391\">https:\/\/www.facebook.com\/edmilsonpsol\/videos\/1648041391902995\/?ref=notif&amp;notif_t=live_video_explicit&amp;notif_id=1497976897979391<\/a><\/p>\n<p>.<\/p>\n<p><strong>Hist\u00f3rico<br \/>\n<\/strong>O desmonte trabalhista<strong><span style=\"color: #0000ff;\"><a href=\"http:\/\/www.psol50.org.br\/blog\/2017\/06\/06\/comissao-do-senado-aprova-parecer-do-desmonte-trabalhista\/\" target=\"_blank\" rel=\"noopener\"><span style=\"color: #0000ff;\"> foi aprovado, por 14 votos a 11, na Comiss\u00e3o de Assuntos Econ\u00f4micos (CAE)<\/span><\/a><\/span><\/strong> no dia 6, sob relat\u00f3rio tamb\u00e9m de Ferra\u00e7o. A mat\u00e9ria tramitou, ainda, na C\u00e2mara, onde <a href=\"http:\/\/www.psol50.org.br\/blog\/2017\/04\/27\/com-voto-contrario-do-psol-governo-aprova-reforma-que-acaba-com-direitos-trabalhistas\/\" target=\"_blank\" rel=\"noopener\"><strong><span style=\"color: #0000ff;\">foi aprovada por 296 votos a 177<\/span><\/strong><\/a>. Na ocasi\u00e3o, a bancada do PSOL <a href=\"http:\/\/www.psol50.org.br\/?s=reforma+trabalhista\" target=\"_blank\" rel=\"noopener\"><strong><span style=\"color: #0000ff;\">denunciou o que est\u00e1 por tr\u00e1s<\/span><span style=\"color: #0000ff;\"> dessa reforma<\/span><\/strong><\/a>, que \u00e9 parte do ajuste fiscal do Pal\u00e1cio do Planalto e que praticamente acaba com os direitos trabalhistas. Os deputados votaram contra a mat\u00e9ria no plen\u00e1rio e convocaram\u00a0a milit\u00e2ncia do partido para seguir resistindo.<\/p>\n","protected":false},"excerpt":{"rendered":"<p>O governo de Michel Temer sofreu uma importante derrota nesta ter\u00e7a-feira (20\/06) durante reuni\u00e3o da Comiss\u00e3o de Assuntos Sociais (CAS) do Senado Federal. Por 10 votos contr\u00e1rios e 9 favor\u00e1veis, foi rejeitado o parecer do senador Ricardo Ferra\u00e7o (PSDB-RS), apresentado na semana passada,\u00a0ao projeto do desmonte dos direitos trabalhistas, previsto no PLC 38\/2017. Ap\u00f3s a [&hellip;]<\/p>\n","protected":false},"author":2,"featured_media":16970,"comment_status":"open","ping_status":"open","sticky":false,"template":"","format":"standard","meta":{"_acf_changed":false,"footnotes":""},"categories":[10,1882,6],"tags":[3319,1709,496,2203,151,1748,1669,703],"class_list":{"0":"post-16967","1":"post","2":"type-post","3":"status-publish","4":"format-standard","5":"has-post-thumbnail","7":"category-acao-parlamentares","8":"category-brasil","9":"category-noticias","10":"tag-cas","11":"tag-clt","12":"tag-congresso-nacional","13":"tag-desmonte","14":"tag-golpe","15":"tag-michel-temer","16":"tag-reforma-trabalhista","17":"tag-senado"},"acf":[],"yoast_head":"<!-- This site is optimized with the Yoast SEO plugin v26.5 - https:\/\/yoast.com\/wordpress\/plugins\/seo\/ -->\n<title>Reforma trabalhista \u00e9 rejeitada em Comiss\u00e3o no Senado e governo Temer sofre importante derrota - PSOL 50<\/title>\n<meta name=\"robots\" content=\"index, follow, max-snippet:-1, max-image-preview:large, max-video-preview:-1\" \/>\n<link rel=\"canonical\" href=\"https:\/\/psol50.org.br\/reforma-trabalhista-e-rejeitada-em-comissao-senado-e-governo-temer-sofre-importante-derrota\/\" \/>\n<meta property=\"og:locale\" content=\"pt_BR\" \/>\n<meta property=\"og:type\" content=\"article\" \/>\n<meta property=\"og:title\" content=\"Reforma trabalhista \u00e9 rejeitada em Comiss\u00e3o no Senado e governo Temer sofre importante derrota - PSOL 50\" \/>\n<meta property=\"og:description\" content=\"O governo de Michel Temer sofreu uma importante derrota nesta ter\u00e7a-feira (20\/06) durante reuni\u00e3o da Comiss\u00e3o de Assuntos Sociais (CAS) do Senado Federal. Por 10 votos contr\u00e1rios e 9 favor\u00e1veis, foi rejeitado o parecer do senador Ricardo Ferra\u00e7o (PSDB-RS), apresentado na semana passada,\u00a0ao projeto do desmonte dos direitos trabalhistas, previsto no PLC 38\/2017. Ap\u00f3s a [&hellip;]\" \/>\n<meta property=\"og:url\" content=\"https:\/\/psol50.org.br\/reforma-trabalhista-e-rejeitada-em-comissao-senado-e-governo-temer-sofre-importante-derrota\/\" \/>\n<meta property=\"og:site_name\" content=\"PSOL 50\" \/>\n<meta property=\"article:publisher\" content=\"https:\/\/www.facebook.com\/psol50\" \/>\n<meta property=\"article:published_time\" content=\"2017-06-20T16:23:11+00:00\" \/>\n<meta property=\"og:image\" content=\"https:\/\/psol50.org.br\/inc\/uploads\/2018\/07\/capa.png\" \/>\n\t<meta property=\"og:image:width\" content=\"1350\" \/>\n\t<meta property=\"og:image:height\" content=\"900\" \/>\n\t<meta property=\"og:image:type\" content=\"image\/png\" \/>\n<meta name=\"author\" content=\"Comunica\u00e7\u00e3o PSOL\" \/>\n<meta name=\"twitter:card\" content=\"summary_large_image\" \/>\n<meta name=\"twitter:creator\" content=\"@psol50\" \/>\n<meta name=\"twitter:site\" content=\"@psol50\" \/>\n<meta name=\"twitter:label1\" content=\"Escrito por\" \/>\n\t<meta name=\"twitter:data1\" content=\"Comunica\u00e7\u00e3o PSOL\" \/>\n\t<meta name=\"twitter:label2\" content=\"Est. tempo de leitura\" \/>\n\t<meta name=\"twitter:data2\" content=\"2 minutos\" \/>\n<script type=\"application\/ld+json\" class=\"yoast-schema-graph\">{\"@context\":\"https:\/\/schema.org\",\"@graph\":[{\"@type\":\"Article\",\"@id\":\"https:\/\/psol50.org.br\/reforma-trabalhista-e-rejeitada-em-comissao-senado-e-governo-temer-sofre-importante-derrota\/#article\",\"isPartOf\":{\"@id\":\"https:\/\/psol50.org.br\/reforma-trabalhista-e-rejeitada-em-comissao-senado-e-governo-temer-sofre-importante-derrota\/\"},\"author\":{\"name\":\"Comunica\u00e7\u00e3o PSOL\",\"@id\":\"https:\/\/psol50.org.br\/#\/schema\/person\/475dfa57d0b815993c714c2e96491fcd\"},\"headline\":\"Reforma trabalhista \u00e9 rejeitada em Comiss\u00e3o no Senado e governo Temer sofre importante derrota\",\"datePublished\":\"2017-06-20T16:23:11+00:00\",\"mainEntityOfPage\":{\"@id\":\"https:\/\/psol50.org.br\/reforma-trabalhista-e-rejeitada-em-comissao-senado-e-governo-temer-sofre-importante-derrota\/\"},\"wordCount\":416,\"commentCount\":0,\"publisher\":{\"@id\":\"https:\/\/psol50.org.br\/#organization\"},\"image\":{\"@id\":\"https:\/\/psol50.org.br\/reforma-trabalhista-e-rejeitada-em-comissao-senado-e-governo-temer-sofre-importante-derrota\/#primaryimage\"},\"thumbnailUrl\":\"\",\"keywords\":[\"CAS\",\"CLT\",\"Congresso Nacional\",\"desmonte\",\"golpe\",\"Michel Temer\",\"reforma trabalhista\",\"Senado\"],\"articleSection\":[\"A\u00e7\u00e3o Parlamentar\",\"Brasil\",\"Not\u00edcias\"],\"inLanguage\":\"pt-BR\",\"potentialAction\":[{\"@type\":\"CommentAction\",\"name\":\"Comment\",\"target\":[\"https:\/\/psol50.org.br\/reforma-trabalhista-e-rejeitada-em-comissao-senado-e-governo-temer-sofre-importante-derrota\/#respond\"]}]},{\"@type\":\"WebPage\",\"@id\":\"https:\/\/psol50.org.br\/reforma-trabalhista-e-rejeitada-em-comissao-senado-e-governo-temer-sofre-importante-derrota\/\",\"url\":\"https:\/\/psol50.org.br\/reforma-trabalhista-e-rejeitada-em-comissao-senado-e-governo-temer-sofre-importante-derrota\/\",\"name\":\"Reforma trabalhista \u00e9 rejeitada em Comiss\u00e3o no Senado e governo Temer sofre importante derrota - PSOL 50\",\"isPartOf\":{\"@id\":\"https:\/\/psol50.org.br\/#website\"},\"primaryImageOfPage\":{\"@id\":\"https:\/\/psol50.org.br\/reforma-trabalhista-e-rejeitada-em-comissao-senado-e-governo-temer-sofre-importante-derrota\/#primaryimage\"},\"image\":{\"@id\":\"https:\/\/psol50.org.br\/reforma-trabalhista-e-rejeitada-em-comissao-senado-e-governo-temer-sofre-importante-derrota\/#primaryimage\"},\"thumbnailUrl\":\"\",\"datePublished\":\"2017-06-20T16:23:11+00:00\",\"breadcrumb\":{\"@id\":\"https:\/\/psol50.org.br\/reforma-trabalhista-e-rejeitada-em-comissao-senado-e-governo-temer-sofre-importante-derrota\/#breadcrumb\"},\"inLanguage\":\"pt-BR\",\"potentialAction\":[{\"@type\":\"ReadAction\",\"target\":[\"https:\/\/psol50.org.br\/reforma-trabalhista-e-rejeitada-em-comissao-senado-e-governo-temer-sofre-importante-derrota\/\"]}]},{\"@type\":\"ImageObject\",\"inLanguage\":\"pt-BR\",\"@id\":\"https:\/\/psol50.org.br\/reforma-trabalhista-e-rejeitada-em-comissao-senado-e-governo-temer-sofre-importante-derrota\/#primaryimage\",\"url\":\"\",\"contentUrl\":\"\"},{\"@type\":\"BreadcrumbList\",\"@id\":\"https:\/\/psol50.org.br\/reforma-trabalhista-e-rejeitada-em-comissao-senado-e-governo-temer-sofre-importante-derrota\/#breadcrumb\",\"itemListElement\":[{\"@type\":\"ListItem\",\"position\":1,\"name\":\"In\u00edcio\",\"item\":\"https:\/\/psol50.org.br\/\"},{\"@type\":\"ListItem\",\"position\":2,\"name\":\"Reforma trabalhista \u00e9 rejeitada em Comiss\u00e3o no Senado e governo Temer sofre importante derrota\"}]},{\"@type\":\"WebSite\",\"@id\":\"https:\/\/psol50.org.br\/#website\",\"url\":\"https:\/\/psol50.org.br\/\",\"name\":\"PSOL 50\",\"description\":\"Site oficial do Partido Socialismo e Liberdade\",\"publisher\":{\"@id\":\"https:\/\/psol50.org.br\/#organization\"},\"alternateName\":\"PSOL50\",\"potentialAction\":[{\"@type\":\"SearchAction\",\"target\":{\"@type\":\"EntryPoint\",\"urlTemplate\":\"https:\/\/psol50.org.br\/?s={search_term_string}\"},\"query-input\":{\"@type\":\"PropertyValueSpecification\",\"valueRequired\":true,\"valueName\":\"search_term_string\"}}],\"inLanguage\":\"pt-BR\"},{\"@type\":\"Organization\",\"@id\":\"https:\/\/psol50.org.br\/#organization\",\"name\":\"PSOL 50\",\"alternateName\":\"PSOL 50\",\"url\":\"https:\/\/psol50.org.br\/\",\"logo\":{\"@type\":\"ImageObject\",\"inLanguage\":\"pt-BR\",\"@id\":\"https:\/\/psol50.org.br\/#\/schema\/logo\/image\/\",\"url\":\"https:\/\/psol50.org.br\/inc\/uploads\/2018\/07\/capa.png\",\"contentUrl\":\"https:\/\/psol50.org.br\/inc\/uploads\/2018\/07\/capa.png\",\"width\":1350,\"height\":900,\"caption\":\"PSOL 50\"},\"image\":{\"@id\":\"https:\/\/psol50.org.br\/#\/schema\/logo\/image\/\"},\"sameAs\":[\"https:\/\/www.facebook.com\/psol50\",\"https:\/\/x.com\/psol50\",\"https:\/\/www.instagram.com\/psol50\/\",\"https:\/\/www.youtube.com\/channel\/UC7SnJS5o1os7a6CaiNabzcg\"]},{\"@type\":\"Person\",\"@id\":\"https:\/\/psol50.org.br\/#\/schema\/person\/475dfa57d0b815993c714c2e96491fcd\",\"name\":\"Comunica\u00e7\u00e3o PSOL\",\"image\":{\"@type\":\"ImageObject\",\"inLanguage\":\"pt-BR\",\"@id\":\"https:\/\/psol50.org.br\/#\/schema\/person\/image\/\",\"url\":\"https:\/\/secure.gravatar.com\/avatar\/b34fc4f4e468a4e51785917065a3db57b841f5c95dba6ad8c73aaf8f66f8f9bf?s=96&d=mm&r=g\",\"contentUrl\":\"https:\/\/secure.gravatar.com\/avatar\/b34fc4f4e468a4e51785917065a3db57b841f5c95dba6ad8c73aaf8f66f8f9bf?s=96&d=mm&r=g\",\"caption\":\"Comunica\u00e7\u00e3o PSOL\"}}]}<\/script>\n<!-- \/ Yoast SEO plugin. -->","yoast_head_json":{"title":"Reforma trabalhista \u00e9 rejeitada em Comiss\u00e3o no Senado e governo Temer sofre importante derrota - PSOL 50","robots":{"index":"index","follow":"follow","max-snippet":"max-snippet:-1","max-image-preview":"max-image-preview:large","max-video-preview":"max-video-preview:-1"},"canonical":"https:\/\/psol50.org.br\/reforma-trabalhista-e-rejeitada-em-comissao-senado-e-governo-temer-sofre-importante-derrota\/","og_locale":"pt_BR","og_type":"article","og_title":"Reforma trabalhista \u00e9 rejeitada em Comiss\u00e3o no Senado e governo Temer sofre importante derrota - PSOL 50","og_description":"O governo de Michel Temer sofreu uma importante derrota nesta ter\u00e7a-feira (20\/06) durante reuni\u00e3o da Comiss\u00e3o de Assuntos Sociais (CAS) do Senado Federal. Por 10 votos contr\u00e1rios e 9 favor\u00e1veis, foi rejeitado o parecer do senador Ricardo Ferra\u00e7o (PSDB-RS), apresentado na semana passada,\u00a0ao projeto do desmonte dos direitos trabalhistas, previsto no PLC 38\/2017. Ap\u00f3s a [&hellip;]","og_url":"https:\/\/psol50.org.br\/reforma-trabalhista-e-rejeitada-em-comissao-senado-e-governo-temer-sofre-importante-derrota\/","og_site_name":"PSOL 50","article_publisher":"https:\/\/www.facebook.com\/psol50","article_published_time":"2017-06-20T16:23:11+00:00","og_image":[{"width":1350,"height":900,"url":"https:\/\/psol50.org.br\/inc\/uploads\/2018\/07\/capa.png","type":"image\/png"}],"author":"Comunica\u00e7\u00e3o PSOL","twitter_card":"summary_large_image","twitter_creator":"@psol50","twitter_site":"@psol50","twitter_misc":{"Escrito por":"Comunica\u00e7\u00e3o PSOL","Est. tempo de leitura":"2 minutos"},"schema":{"@context":"https:\/\/schema.org","@graph":[{"@type":"Article","@id":"https:\/\/psol50.org.br\/reforma-trabalhista-e-rejeitada-em-comissao-senado-e-governo-temer-sofre-importante-derrota\/#article","isPartOf":{"@id":"https:\/\/psol50.org.br\/reforma-trabalhista-e-rejeitada-em-comissao-senado-e-governo-temer-sofre-importante-derrota\/"},"author":{"name":"Comunica\u00e7\u00e3o PSOL","@id":"https:\/\/psol50.org.br\/#\/schema\/person\/475dfa57d0b815993c714c2e96491fcd"},"headline":"Reforma trabalhista \u00e9 rejeitada em Comiss\u00e3o no Senado e governo Temer sofre importante derrota","datePublished":"2017-06-20T16:23:11+00:00","mainEntityOfPage":{"@id":"https:\/\/psol50.org.br\/reforma-trabalhista-e-rejeitada-em-comissao-senado-e-governo-temer-sofre-importante-derrota\/"},"wordCount":416,"commentCount":0,"publisher":{"@id":"https:\/\/psol50.org.br\/#organization"},"image":{"@id":"https:\/\/psol50.org.br\/reforma-trabalhista-e-rejeitada-em-comissao-senado-e-governo-temer-sofre-importante-derrota\/#primaryimage"},"thumbnailUrl":"","keywords":["CAS","CLT","Congresso Nacional","desmonte","golpe","Michel Temer","reforma trabalhista","Senado"],"articleSection":["A\u00e7\u00e3o Parlamentar","Brasil","Not\u00edcias"],"inLanguage":"pt-BR","potentialAction":[{"@type":"CommentAction","name":"Comment","target":["https:\/\/psol50.org.br\/reforma-trabalhista-e-rejeitada-em-comissao-senado-e-governo-temer-sofre-importante-derrota\/#respond"]}]},{"@type":"WebPage","@id":"https:\/\/psol50.org.br\/reforma-trabalhista-e-rejeitada-em-comissao-senado-e-governo-temer-sofre-importante-derrota\/","url":"https:\/\/psol50.org.br\/reforma-trabalhista-e-rejeitada-em-comissao-senado-e-governo-temer-sofre-importante-derrota\/","name":"Reforma trabalhista \u00e9 rejeitada em Comiss\u00e3o no Senado e governo Temer sofre importante derrota - PSOL 50","isPartOf":{"@id":"https:\/\/psol50.org.br\/#website"},"primaryImageOfPage":{"@id":"https:\/\/psol50.org.br\/reforma-trabalhista-e-rejeitada-em-comissao-senado-e-governo-temer-sofre-importante-derrota\/#primaryimage"},"image":{"@id":"https:\/\/psol50.org.br\/reforma-trabalhista-e-rejeitada-em-comissao-senado-e-governo-temer-sofre-importante-derrota\/#primaryimage"},"thumbnailUrl":"","datePublished":"2017-06-20T16:23:11+00:00","breadcrumb":{"@id":"https:\/\/psol50.org.br\/reforma-trabalhista-e-rejeitada-em-comissao-senado-e-governo-temer-sofre-importante-derrota\/#breadcrumb"},"inLanguage":"pt-BR","potentialAction":[{"@type":"ReadAction","target":["https:\/\/psol50.org.br\/reforma-trabalhista-e-rejeitada-em-comissao-senado-e-governo-temer-sofre-importante-derrota\/"]}]},{"@type":"ImageObject","inLanguage":"pt-BR","@id":"https:\/\/psol50.org.br\/reforma-trabalhista-e-rejeitada-em-comissao-senado-e-governo-temer-sofre-importante-derrota\/#primaryimage","url":"","contentUrl":""},{"@type":"BreadcrumbList","@id":"https:\/\/psol50.org.br\/reforma-trabalhista-e-rejeitada-em-comissao-senado-e-governo-temer-sofre-importante-derrota\/#breadcrumb","itemListElement":[{"@type":"ListItem","position":1,"name":"In\u00edcio","item":"https:\/\/psol50.org.br\/"},{"@type":"ListItem","position":2,"name":"Reforma trabalhista \u00e9 rejeitada em Comiss\u00e3o no Senado e governo Temer sofre importante derrota"}]},{"@type":"WebSite","@id":"https:\/\/psol50.org.br\/#website","url":"https:\/\/psol50.org.br\/","name":"PSOL 50","description":"Site oficial do Partido Socialismo e Liberdade","publisher":{"@id":"https:\/\/psol50.org.br\/#organization"},"alternateName":"PSOL50","potentialAction":[{"@type":"SearchAction","target":{"@type":"EntryPoint","urlTemplate":"https:\/\/psol50.org.br\/?s={search_term_string}"},"query-input":{"@type":"PropertyValueSpecification","valueRequired":true,"valueName":"search_term_string"}}],"inLanguage":"pt-BR"},{"@type":"Organization","@id":"https:\/\/psol50.org.br\/#organization","name":"PSOL 50","alternateName":"PSOL 50","url":"https:\/\/psol50.org.br\/","logo":{"@type":"ImageObject","inLanguage":"pt-BR","@id":"https:\/\/psol50.org.br\/#\/schema\/logo\/image\/","url":"https:\/\/psol50.org.br\/inc\/uploads\/2018\/07\/capa.png","contentUrl":"https:\/\/psol50.org.br\/inc\/uploads\/2018\/07\/capa.png","width":1350,"height":900,"caption":"PSOL 50"},"image":{"@id":"https:\/\/psol50.org.br\/#\/schema\/logo\/image\/"},"sameAs":["https:\/\/www.facebook.com\/psol50","https:\/\/x.com\/psol50","https:\/\/www.instagram.com\/psol50\/","https:\/\/www.youtube.com\/channel\/UC7SnJS5o1os7a6CaiNabzcg"]},{"@type":"Person","@id":"https:\/\/psol50.org.br\/#\/schema\/person\/475dfa57d0b815993c714c2e96491fcd","name":"Comunica\u00e7\u00e3o PSOL","image":{"@type":"ImageObject","inLanguage":"pt-BR","@id":"https:\/\/psol50.org.br\/#\/schema\/person\/image\/","url":"https:\/\/secure.gravatar.com\/avatar\/b34fc4f4e468a4e51785917065a3db57b841f5c95dba6ad8c73aaf8f66f8f9bf?s=96&d=mm&r=g","contentUrl":"https:\/\/secure.gravatar.com\/avatar\/b34fc4f4e468a4e51785917065a3db57b841f5c95dba6ad8c73aaf8f66f8f9bf?s=96&d=mm&r=g","caption":"Comunica\u00e7\u00e3o PSOL"}}]}},"_links":{"self":[{"href":"https:\/\/psol50.org.br\/rest\/wp\/v2\/posts\/16967","targetHints":{"allow":["GET"]}}],"collection":[{"href":"https:\/\/psol50.org.br\/rest\/wp\/v2\/posts"}],"about":[{"href":"https:\/\/psol50.org.br\/rest\/wp\/v2\/types\/post"}],"author":[{"embeddable":true,"href":"https:\/\/psol50.org.br\/rest\/wp\/v2\/users\/2"}],"replies":[{"embeddable":true,"href":"https:\/\/psol50.org.br\/rest\/wp\/v2\/comments?post=16967"}],"version-history":[{"count":0,"href":"https:\/\/psol50.org.br\/rest\/wp\/v2\/posts\/16967\/revisions"}],"wp:featuredmedia":[{"embeddable":true,"href":"https:\/\/psol50.org.br\/rest\/"}],"wp:attachment":[{"href":"https:\/\/psol50.org.br\/rest\/wp\/v2\/media?parent=16967"}],"wp:term":[{"taxonomy":"category","embeddable":true,"href":"https:\/\/psol50.org.br\/rest\/wp\/v2\/categories?post=16967"},{"taxonomy":"post_tag","embeddable":true,"href":"https:\/\/psol50.org.br\/rest\/wp\/v2\/tags?post=16967"}],"curies":[{"name":"wp","href":"https:\/\/api.w.org\/{rel}","templated":true}]}}