{"id":1697,"date":"2012-01-04T00:00:00","date_gmt":"2012-01-04T00:00:00","guid":{"rendered":"http:\/\/psol50.org.br\/arquivo\/2012\/01\/04\/psol-contra-as-alteracoes-do-pddu-de-salvador\/"},"modified":"2012-01-04T00:00:00","modified_gmt":"2012-01-04T00:00:00","slug":"psol-contra-as-alteracoes-do-pddu-de-salvador","status":"publish","type":"post","link":"https:\/\/psol50.org.br\/psol-contra-as-alteracoes-do-pddu-de-salvador\/","title":{"rendered":"PSOL contra as altera\u00e7\u00f5es do PDDU de Salvador"},"content":{"rendered":"<p style=\"text-align: justify\" align=\"center\"><strong><a href=\"http:\/\/psol50.org.br\/blog\/2012\/01\/04\/quarta-feira-4-de-janeiro-de-2012-psol-contra-as-alteracoes-do-pddu-de-salvador\/chegapddu_ssa1b\/\" rel=\"attachment wp-att-13006\"><img loading=\"lazy\" decoding=\"async\" class=\"aligncenter size-full wp-image-13006\" src=\"http:\/\/psol50.org.br\/files\/2012\/01\/ChegaPDDU_SSA1b.jpg\" alt=\"\" width=\"400\" height=\"147\" \/><\/a>CARTA \u00c0 POPULA\u00c7\u00c3O<\/strong><\/p>\n<p style=\"text-align: justify\">O PSOL declara que n\u00e3o medir\u00e1 esfor\u00e7os para que os vereadores respons\u00e1veis por rasgar a liminar contra a vota\u00e7\u00e3o das altera\u00e7\u00f5es do PDDU respondam criminalmente por esta atitude e que seja anulada a sess\u00e3o ilegalmente realizada no dia 29\/12\/2011. Tamb\u00e9m desde j\u00e1, declaramos apoio irrestrito \u00e0s promotoras do Minist\u00e9rio P\u00fablico Estadual que vem defendendo a moralidade p\u00fablica em Salvador: Dra&#8217;s Rita Tourinho e Cristina Seixas Gra\u00e7a.<\/p>\n<p style=\"text-align: justify\">Mais uma vez o prefeito desfere um verdadeiro golpe contra os interesses da imensa maioria da cidade, em benef\u00edcio das grandes empreiteiras que tratam Salvador como se fosse o quintal dos empres\u00e1rios do setor. A altera\u00e7\u00e3o do PDDU no \u201capagar das luzes natalinas\u201d, j\u00e1 se tornou uma caracter\u00edstica do <em>modus operandi<\/em> de Jo\u00e3o Henrique e seus vereadores que buscam a todo o momento reduzir os espa\u00e7os de participa\u00e7\u00e3o e democracia; foi assim em 2007, quando centenas de artigos foram votados sem serem lidos pelos membros da casa, acusados fartamente pela imprensa local de terem sido \u201cmotivados\u201d por \u201cgratifica\u00e7\u00f5es financeiras\u201d do setor privado.<\/p>\n<p style=\"text-align: justify\">A vers\u00e3o 2011 da negociata, seguindo a orienta\u00e7\u00e3o do governador, contou com a participa\u00e7\u00e3o ativa de parte dos vereadores que se diziam oposi\u00e7\u00e3o, demonstrando \u2013 para os que tinham d\u00favida \u2013 que tanto a Bahia como Salvador, N\u00c3O POSSUEM GESTORES P\u00daBLICOS, mas sim meros agenciadores da venda do que, a luz do Estatuto das Cidades, deveria ser cuidado como um bem coletivo.<\/p>\n<p style=\"text-align: justify\">A articula\u00e7\u00e3o Jo\u00e3o Henrique\/ Wagner\/ \u201cbancada criminosa da \u2018C\u00e2mara dos horrores\u2019\u201d, agiu sem o menor escr\u00fapulo aprovando altera\u00e7\u00f5es na LOUOS que assustam qualquer um que lhes dedique m\u00ednima aten\u00e7\u00e3o.<\/p>\n<p style=\"text-align: justify\">Coisas inimagin\u00e1veis foram definidas como:<\/p>\n<ul style=\"text-align: justify\">\n<li>\u00b7 <strong>A retirada \u2013 in\u00e9dita entre as capitais brasileiras &#8211; do car\u00e1ter deliberativo do Conselho da Cidade (que ainda assim teve reduzido o n\u00famero de representantes dos movimentos sociais de 20 para apenas 1 membro);<\/strong><\/li>\n<\/ul>\n<ul style=\"text-align: justify\">\n<li>\u00b7 <strong>O total enfraquecimento do COMAM &#8211; Conselho Municipal do Meio Ambiente, com a suspens\u00e3o do seu papel licenciador (o mesmo foi transformado em um organismo meramente opinativo, sendo que as entidades participantes antes definidas por elei\u00e7\u00e3o, agora ser\u00e3o nomeadas por DECRETO DO PREFEITO &#8211; ato monocr\u00e1tico ! );<\/strong><\/li>\n<\/ul>\n<ul style=\"text-align: justify\">\n<li>\u00b7 <strong>O aumento dos gabaritos da Orla, que somado \u00e0 libera\u00e7\u00e3o das famigeradas <em>Transcons<\/em>, abre caminho para o sonho das construtoras de cercar Salvador de edif\u00edcios (tendo como decorr\u00eancias, entre outras, a eleva\u00e7\u00e3o da temperatura j\u00e1 estafante da cidade e a cobertura de nossas praias com sombras a partir do meio dia). O argumento seria o de viabilizar o crescimento do setor hoteleiro da cidade, por\u00e9m, as pr\u00f3prias associa\u00e7\u00f5es nacional e estadual do setor desmentiram categoricamente tal necessidade;<\/strong><\/li>\n<\/ul>\n<ul style=\"text-align: justify\">\n<li>\u00b7 <strong>A libera\u00e7\u00e3o para o desmatamento e verticaliza\u00e7\u00e3o em larga escala em vasta extens\u00e3o da Paralela, al\u00e9m do Horto Florestal e Parque da Cidade (extinguindo, inclusive, o Parque Ecol\u00f3gico do Vale Encantado da Paralela &#8211; com \u00e1rea de mais de 1 milh\u00e3o de m<sup>2<\/sup> &#8211; para ocupa\u00e7\u00e3o com pr\u00e9dios, cujo valor de mercado supera 5 bilh\u00f5es de reais).<\/strong><\/li>\n<\/ul>\n<p style=\"text-align: justify\">\u00a0O n\u00edvel de \u201cconfian\u00e7a\u201d dos vereadores no governo Wagner foi tamanho, que aprovaram a altera\u00e7\u00e3o das vias estruturantes da Paralela, sem mesmo terem acesso ao projeto. Evidenciando a forma de agir desta \u201cbancada criminosa\u201d, como em 2007, votou sem saber o conte\u00fado do que estava votando!<\/p>\n<p style=\"text-align: justify\">Por fim, sem o m\u00ednimo debate com a sociedade criaram um <em>Fundo Garantidor das Concess\u00f5es e Parcerias P\u00fablico-privadas<\/em>. A quem e como servir\u00e1 este tal fundo \u201cningu\u00e9m sabe e nem ver\u00e1\u201d, pois o elenco de acordos subterr\u00e2neos que se desenvolveram em Salvador, especialmente nos \u00faltimos anos, \u00e9 farto de exemplos como os do Aeroclube (que por ato do prefeito recebeu anistia de suas d\u00edvidas em mais 35 milh\u00f5es de reais ), Transcons ( perdas de receitas avaliadas em cerca de 1 bilh\u00e3o e 250 milh\u00f5es de reais) e privatiza\u00e7\u00e3o do Elevador Lacerda, que infelizmente s\u00e3o apenas epis\u00f3dios emblem\u00e1ticos. Nesta emenda de Concess\u00f5es j\u00e1 se anuncia a primeira via pedagiada dentro de Salvador &#8211; a Linha Viva &#8211; no trajeto da Chesf , paralela \u00e0 Paralela . Ou seja, um conjunto de medidas que caracterizam um verdadeiro crime lesa-p\u00e1tria contra a capital de nosso Estado.<\/p>\n<p style=\"text-align: justify\">A covardia da \u201cbancada criminosa\u201d foi t\u00e3o grande, que os vereadores buscaram esconder-se em rubricas ileg\u00edveis sem assinar por extenso as emendas, mas a justi\u00e7a e a popula\u00e7\u00e3o h\u00e3o de \u201cdescobri-los\u201d.<\/p>\n<p style=\"text-align: justify\">N\u00e3o tenhamos d\u00favida, os grandes grupos econ\u00f4micos nunca estiveram t\u00e3o vorazes e ao mesmo tempo t\u00e3o bem alimentados pela \u201cdocilidade\u201d dos gestores p\u00fablicos e pretendem impor a qualquer pre\u00e7o a reestrutura\u00e7\u00e3o da cidade, vista como uma mera fonte de lucros. A \u201cbola da vez\u201d \u00e9 a Copa de 2014 e o lema ser\u00e1 \u201cpra frente Salvador\u201d, \u201c ame-a ou deixe-a\u201d!<\/p>\n<p style=\"text-align: justify\">Est\u00e1 se construindo uma Salvador que, apesar de cultural e naturalmente fabulosa, ter\u00e1 seus potenciais afogados num mar de concreto. Uma cidade ambientalmente desequilibrada, v\u00edtima constante de epidemias como as recentes de dengue e meningite. Uma Salvador que, para al\u00e9m de desrespeitar o que existe de mais belo em seu povo e sua cria\u00e7\u00e3o hist\u00f3rica, trilhar\u00e1 os tr\u00e1gicos caminhos da faxina \u00e9tnica, realizando a expuls\u00e3o de comunidades inteiras a exemplo das de Mussurunga, Bairro da Paz, Vila Brand\u00e3o, Pelourinho e Cidade Baixa, num esmagamento brutal de suas identidades e capacidade de sobreviv\u00eancia. E que, ao final, melancolicamente como se esta fosse a \u00fanica alternativa existente, assistir\u00e1 crescentemente seus jovens serem alvejados pelas costas com balas que para matar precisar\u00e3o da mera constata\u00e7\u00e3o da cor da pele.<\/p>\n<p style=\"text-align: justify\">Por tudo isso, o Partido Socialismo e Liberdade dirige o seu apelo para a sociedade civil organizada de nossa cidade: lideran\u00e7as sindicais e populares, jornalistas de coragem, dirigentes de entidades e institui\u00e7\u00f5es que compreendem que Salvador n\u00e3o pode transformar-se no territ\u00f3rio fatiado pelos interesses mesquinhos dos grandes grupos econ\u00f4micos, no sentido de n\u00e3o perdermos um s\u00f3 minuto na cria\u00e7\u00e3o de uma ampla movimenta\u00e7\u00e3o em defesa de Salvador como um territ\u00f3rio do seu povo.<\/p>\n<p style=\"text-align: justify\">Nos inspiremos na perspic\u00e1cia e ousadia da Conspira\u00e7\u00e3o dos Alfaiates, quando homens e mulheres de coragem disseram \u201cAnimai-vos povo baiense, pois \u00e9 chegada a hora da liberdade\u201d, somos deles herdeiros, por isso ainda \u00e9 tempo de negar a exclus\u00e3o num mesmo grito de liberdade: <strong>Chega de vender nossa cidade!<\/strong><\/p>\n<p style=\"text-align: justify\"><a href=\"http:\/\/psolsalvador.blogspot.com\/2012\/01\/psol-contra-as-alteracoes-do-pddu-de.html\"><strong>*PSOL Municipal de Salvador (Bahia)<\/strong><\/a><\/p>\n","protected":false},"excerpt":{"rendered":"<p>CARTA \u00c0 POPULA\u00c7\u00c3O O PSOL declara que n\u00e3o medir\u00e1 esfor\u00e7os para que os vereadores respons\u00e1veis por rasgar a liminar contra a vota\u00e7\u00e3o das altera\u00e7\u00f5es do PDDU respondam criminalmente por esta atitude e que seja anulada a sess\u00e3o ilegalmente realizada no dia 29\/12\/2011. Tamb\u00e9m desde j\u00e1, declaramos apoio irrestrito \u00e0s promotoras do Minist\u00e9rio P\u00fablico Estadual que [&hellip;]<\/p>\n","protected":false},"author":2,"featured_media":0,"comment_status":"open","ping_status":"open","sticky":false,"template":"","format":"standard","meta":{"_acf_changed":false,"footnotes":""},"categories":[4766],"tags":[22],"class_list":{"0":"post-1697","1":"post","2":"type-post","3":"status-publish","4":"format-standard","6":"category-arquivo","7":"tag-psol"},"acf":[],"yoast_head":"<!-- This site is optimized with the Yoast SEO plugin v26.5 - https:\/\/yoast.com\/wordpress\/plugins\/seo\/ -->\n<title>PSOL contra as altera\u00e7\u00f5es do PDDU de Salvador - PSOL 50<\/title>\n<meta name=\"robots\" content=\"index, follow, max-snippet:-1, max-image-preview:large, max-video-preview:-1\" \/>\n<link rel=\"canonical\" href=\"https:\/\/psol50.org.br\/psol-contra-as-alteracoes-do-pddu-de-salvador\/\" \/>\n<meta property=\"og:locale\" content=\"pt_BR\" \/>\n<meta property=\"og:type\" content=\"article\" \/>\n<meta property=\"og:title\" content=\"PSOL contra as altera\u00e7\u00f5es do PDDU de Salvador - PSOL 50\" \/>\n<meta property=\"og:description\" content=\"CARTA \u00c0 POPULA\u00c7\u00c3O O PSOL declara que n\u00e3o medir\u00e1 esfor\u00e7os para que os vereadores respons\u00e1veis por rasgar a liminar contra a vota\u00e7\u00e3o das altera\u00e7\u00f5es do PDDU respondam criminalmente por esta atitude e que seja anulada a sess\u00e3o ilegalmente realizada no dia 29\/12\/2011. Tamb\u00e9m desde j\u00e1, declaramos apoio irrestrito \u00e0s promotoras do Minist\u00e9rio P\u00fablico Estadual que [&hellip;]\" \/>\n<meta property=\"og:url\" content=\"https:\/\/psol50.org.br\/psol-contra-as-alteracoes-do-pddu-de-salvador\/\" \/>\n<meta property=\"og:site_name\" content=\"PSOL 50\" \/>\n<meta property=\"article:publisher\" content=\"https:\/\/www.facebook.com\/psol50\" \/>\n<meta property=\"article:published_time\" content=\"2012-01-04T00:00:00+00:00\" \/>\n<meta property=\"og:image\" content=\"http:\/\/psol50.org.br\/files\/2012\/01\/ChegaPDDU_SSA1b.jpg\" \/>\n<meta name=\"author\" content=\"Comunica\u00e7\u00e3o PSOL\" \/>\n<meta name=\"twitter:card\" content=\"summary_large_image\" \/>\n<meta name=\"twitter:creator\" content=\"@psol50\" \/>\n<meta name=\"twitter:site\" content=\"@psol50\" \/>\n<meta name=\"twitter:label1\" content=\"Escrito por\" \/>\n\t<meta name=\"twitter:data1\" content=\"Comunica\u00e7\u00e3o PSOL\" \/>\n\t<meta name=\"twitter:label2\" content=\"Est. tempo de leitura\" \/>\n\t<meta name=\"twitter:data2\" content=\"6 minutos\" \/>\n<script type=\"application\/ld+json\" class=\"yoast-schema-graph\">{\"@context\":\"https:\/\/schema.org\",\"@graph\":[{\"@type\":\"Article\",\"@id\":\"https:\/\/psol50.org.br\/psol-contra-as-alteracoes-do-pddu-de-salvador\/#article\",\"isPartOf\":{\"@id\":\"https:\/\/psol50.org.br\/psol-contra-as-alteracoes-do-pddu-de-salvador\/\"},\"author\":{\"name\":\"Comunica\u00e7\u00e3o PSOL\",\"@id\":\"https:\/\/psol50.org.br\/#\/schema\/person\/475dfa57d0b815993c714c2e96491fcd\"},\"headline\":\"PSOL contra as altera\u00e7\u00f5es do PDDU de Salvador\",\"datePublished\":\"2012-01-04T00:00:00+00:00\",\"mainEntityOfPage\":{\"@id\":\"https:\/\/psol50.org.br\/psol-contra-as-alteracoes-do-pddu-de-salvador\/\"},\"wordCount\":1110,\"commentCount\":0,\"publisher\":{\"@id\":\"https:\/\/psol50.org.br\/#organization\"},\"image\":{\"@id\":\"https:\/\/psol50.org.br\/psol-contra-as-alteracoes-do-pddu-de-salvador\/#primaryimage\"},\"thumbnailUrl\":\"http:\/\/psol50.org.br\/files\/2012\/01\/ChegaPDDU_SSA1b.jpg\",\"keywords\":[\"PSOL\"],\"articleSection\":[\"Arquivo\"],\"inLanguage\":\"pt-BR\",\"potentialAction\":[{\"@type\":\"CommentAction\",\"name\":\"Comment\",\"target\":[\"https:\/\/psol50.org.br\/psol-contra-as-alteracoes-do-pddu-de-salvador\/#respond\"]}]},{\"@type\":\"WebPage\",\"@id\":\"https:\/\/psol50.org.br\/psol-contra-as-alteracoes-do-pddu-de-salvador\/\",\"url\":\"https:\/\/psol50.org.br\/psol-contra-as-alteracoes-do-pddu-de-salvador\/\",\"name\":\"PSOL contra as altera\u00e7\u00f5es do PDDU de Salvador - PSOL 50\",\"isPartOf\":{\"@id\":\"https:\/\/psol50.org.br\/#website\"},\"primaryImageOfPage\":{\"@id\":\"https:\/\/psol50.org.br\/psol-contra-as-alteracoes-do-pddu-de-salvador\/#primaryimage\"},\"image\":{\"@id\":\"https:\/\/psol50.org.br\/psol-contra-as-alteracoes-do-pddu-de-salvador\/#primaryimage\"},\"thumbnailUrl\":\"http:\/\/psol50.org.br\/files\/2012\/01\/ChegaPDDU_SSA1b.jpg\",\"datePublished\":\"2012-01-04T00:00:00+00:00\",\"breadcrumb\":{\"@id\":\"https:\/\/psol50.org.br\/psol-contra-as-alteracoes-do-pddu-de-salvador\/#breadcrumb\"},\"inLanguage\":\"pt-BR\",\"potentialAction\":[{\"@type\":\"ReadAction\",\"target\":[\"https:\/\/psol50.org.br\/psol-contra-as-alteracoes-do-pddu-de-salvador\/\"]}]},{\"@type\":\"ImageObject\",\"inLanguage\":\"pt-BR\",\"@id\":\"https:\/\/psol50.org.br\/psol-contra-as-alteracoes-do-pddu-de-salvador\/#primaryimage\",\"url\":\"http:\/\/psol50.org.br\/files\/2012\/01\/ChegaPDDU_SSA1b.jpg\",\"contentUrl\":\"http:\/\/psol50.org.br\/files\/2012\/01\/ChegaPDDU_SSA1b.jpg\"},{\"@type\":\"BreadcrumbList\",\"@id\":\"https:\/\/psol50.org.br\/psol-contra-as-alteracoes-do-pddu-de-salvador\/#breadcrumb\",\"itemListElement\":[{\"@type\":\"ListItem\",\"position\":1,\"name\":\"In\u00edcio\",\"item\":\"https:\/\/psol50.org.br\/\"},{\"@type\":\"ListItem\",\"position\":2,\"name\":\"PSOL contra as altera\u00e7\u00f5es do PDDU de Salvador\"}]},{\"@type\":\"WebSite\",\"@id\":\"https:\/\/psol50.org.br\/#website\",\"url\":\"https:\/\/psol50.org.br\/\",\"name\":\"PSOL 50\",\"description\":\"Site oficial do Partido Socialismo e Liberdade\",\"publisher\":{\"@id\":\"https:\/\/psol50.org.br\/#organization\"},\"alternateName\":\"PSOL50\",\"potentialAction\":[{\"@type\":\"SearchAction\",\"target\":{\"@type\":\"EntryPoint\",\"urlTemplate\":\"https:\/\/psol50.org.br\/?s={search_term_string}\"},\"query-input\":{\"@type\":\"PropertyValueSpecification\",\"valueRequired\":true,\"valueName\":\"search_term_string\"}}],\"inLanguage\":\"pt-BR\"},{\"@type\":\"Organization\",\"@id\":\"https:\/\/psol50.org.br\/#organization\",\"name\":\"PSOL 50\",\"alternateName\":\"PSOL 50\",\"url\":\"https:\/\/psol50.org.br\/\",\"logo\":{\"@type\":\"ImageObject\",\"inLanguage\":\"pt-BR\",\"@id\":\"https:\/\/psol50.org.br\/#\/schema\/logo\/image\/\",\"url\":\"https:\/\/psol50.org.br\/inc\/uploads\/2018\/07\/capa.png\",\"contentUrl\":\"https:\/\/psol50.org.br\/inc\/uploads\/2018\/07\/capa.png\",\"width\":1350,\"height\":900,\"caption\":\"PSOL 50\"},\"image\":{\"@id\":\"https:\/\/psol50.org.br\/#\/schema\/logo\/image\/\"},\"sameAs\":[\"https:\/\/www.facebook.com\/psol50\",\"https:\/\/x.com\/psol50\",\"https:\/\/www.instagram.com\/psol50\/\",\"https:\/\/www.youtube.com\/channel\/UC7SnJS5o1os7a6CaiNabzcg\"]},{\"@type\":\"Person\",\"@id\":\"https:\/\/psol50.org.br\/#\/schema\/person\/475dfa57d0b815993c714c2e96491fcd\",\"name\":\"Comunica\u00e7\u00e3o PSOL\",\"image\":{\"@type\":\"ImageObject\",\"inLanguage\":\"pt-BR\",\"@id\":\"https:\/\/psol50.org.br\/#\/schema\/person\/image\/\",\"url\":\"https:\/\/secure.gravatar.com\/avatar\/b34fc4f4e468a4e51785917065a3db57b841f5c95dba6ad8c73aaf8f66f8f9bf?s=96&d=mm&r=g\",\"contentUrl\":\"https:\/\/secure.gravatar.com\/avatar\/b34fc4f4e468a4e51785917065a3db57b841f5c95dba6ad8c73aaf8f66f8f9bf?s=96&d=mm&r=g\",\"caption\":\"Comunica\u00e7\u00e3o PSOL\"}}]}<\/script>\n<!-- \/ Yoast SEO plugin. -->","yoast_head_json":{"title":"PSOL contra as altera\u00e7\u00f5es do PDDU de Salvador - PSOL 50","robots":{"index":"index","follow":"follow","max-snippet":"max-snippet:-1","max-image-preview":"max-image-preview:large","max-video-preview":"max-video-preview:-1"},"canonical":"https:\/\/psol50.org.br\/psol-contra-as-alteracoes-do-pddu-de-salvador\/","og_locale":"pt_BR","og_type":"article","og_title":"PSOL contra as altera\u00e7\u00f5es do PDDU de Salvador - PSOL 50","og_description":"CARTA \u00c0 POPULA\u00c7\u00c3O O PSOL declara que n\u00e3o medir\u00e1 esfor\u00e7os para que os vereadores respons\u00e1veis por rasgar a liminar contra a vota\u00e7\u00e3o das altera\u00e7\u00f5es do PDDU respondam criminalmente por esta atitude e que seja anulada a sess\u00e3o ilegalmente realizada no dia 29\/12\/2011. Tamb\u00e9m desde j\u00e1, declaramos apoio irrestrito \u00e0s promotoras do Minist\u00e9rio P\u00fablico Estadual que [&hellip;]","og_url":"https:\/\/psol50.org.br\/psol-contra-as-alteracoes-do-pddu-de-salvador\/","og_site_name":"PSOL 50","article_publisher":"https:\/\/www.facebook.com\/psol50","article_published_time":"2012-01-04T00:00:00+00:00","og_image":[{"url":"http:\/\/psol50.org.br\/files\/2012\/01\/ChegaPDDU_SSA1b.jpg","type":"","width":"","height":""}],"author":"Comunica\u00e7\u00e3o PSOL","twitter_card":"summary_large_image","twitter_creator":"@psol50","twitter_site":"@psol50","twitter_misc":{"Escrito por":"Comunica\u00e7\u00e3o PSOL","Est. tempo de leitura":"6 minutos"},"schema":{"@context":"https:\/\/schema.org","@graph":[{"@type":"Article","@id":"https:\/\/psol50.org.br\/psol-contra-as-alteracoes-do-pddu-de-salvador\/#article","isPartOf":{"@id":"https:\/\/psol50.org.br\/psol-contra-as-alteracoes-do-pddu-de-salvador\/"},"author":{"name":"Comunica\u00e7\u00e3o PSOL","@id":"https:\/\/psol50.org.br\/#\/schema\/person\/475dfa57d0b815993c714c2e96491fcd"},"headline":"PSOL contra as altera\u00e7\u00f5es do PDDU de Salvador","datePublished":"2012-01-04T00:00:00+00:00","mainEntityOfPage":{"@id":"https:\/\/psol50.org.br\/psol-contra-as-alteracoes-do-pddu-de-salvador\/"},"wordCount":1110,"commentCount":0,"publisher":{"@id":"https:\/\/psol50.org.br\/#organization"},"image":{"@id":"https:\/\/psol50.org.br\/psol-contra-as-alteracoes-do-pddu-de-salvador\/#primaryimage"},"thumbnailUrl":"http:\/\/psol50.org.br\/files\/2012\/01\/ChegaPDDU_SSA1b.jpg","keywords":["PSOL"],"articleSection":["Arquivo"],"inLanguage":"pt-BR","potentialAction":[{"@type":"CommentAction","name":"Comment","target":["https:\/\/psol50.org.br\/psol-contra-as-alteracoes-do-pddu-de-salvador\/#respond"]}]},{"@type":"WebPage","@id":"https:\/\/psol50.org.br\/psol-contra-as-alteracoes-do-pddu-de-salvador\/","url":"https:\/\/psol50.org.br\/psol-contra-as-alteracoes-do-pddu-de-salvador\/","name":"PSOL contra as altera\u00e7\u00f5es do PDDU de Salvador - PSOL 50","isPartOf":{"@id":"https:\/\/psol50.org.br\/#website"},"primaryImageOfPage":{"@id":"https:\/\/psol50.org.br\/psol-contra-as-alteracoes-do-pddu-de-salvador\/#primaryimage"},"image":{"@id":"https:\/\/psol50.org.br\/psol-contra-as-alteracoes-do-pddu-de-salvador\/#primaryimage"},"thumbnailUrl":"http:\/\/psol50.org.br\/files\/2012\/01\/ChegaPDDU_SSA1b.jpg","datePublished":"2012-01-04T00:00:00+00:00","breadcrumb":{"@id":"https:\/\/psol50.org.br\/psol-contra-as-alteracoes-do-pddu-de-salvador\/#breadcrumb"},"inLanguage":"pt-BR","potentialAction":[{"@type":"ReadAction","target":["https:\/\/psol50.org.br\/psol-contra-as-alteracoes-do-pddu-de-salvador\/"]}]},{"@type":"ImageObject","inLanguage":"pt-BR","@id":"https:\/\/psol50.org.br\/psol-contra-as-alteracoes-do-pddu-de-salvador\/#primaryimage","url":"http:\/\/psol50.org.br\/files\/2012\/01\/ChegaPDDU_SSA1b.jpg","contentUrl":"http:\/\/psol50.org.br\/files\/2012\/01\/ChegaPDDU_SSA1b.jpg"},{"@type":"BreadcrumbList","@id":"https:\/\/psol50.org.br\/psol-contra-as-alteracoes-do-pddu-de-salvador\/#breadcrumb","itemListElement":[{"@type":"ListItem","position":1,"name":"In\u00edcio","item":"https:\/\/psol50.org.br\/"},{"@type":"ListItem","position":2,"name":"PSOL contra as altera\u00e7\u00f5es do PDDU de Salvador"}]},{"@type":"WebSite","@id":"https:\/\/psol50.org.br\/#website","url":"https:\/\/psol50.org.br\/","name":"PSOL 50","description":"Site oficial do Partido Socialismo e Liberdade","publisher":{"@id":"https:\/\/psol50.org.br\/#organization"},"alternateName":"PSOL50","potentialAction":[{"@type":"SearchAction","target":{"@type":"EntryPoint","urlTemplate":"https:\/\/psol50.org.br\/?s={search_term_string}"},"query-input":{"@type":"PropertyValueSpecification","valueRequired":true,"valueName":"search_term_string"}}],"inLanguage":"pt-BR"},{"@type":"Organization","@id":"https:\/\/psol50.org.br\/#organization","name":"PSOL 50","alternateName":"PSOL 50","url":"https:\/\/psol50.org.br\/","logo":{"@type":"ImageObject","inLanguage":"pt-BR","@id":"https:\/\/psol50.org.br\/#\/schema\/logo\/image\/","url":"https:\/\/psol50.org.br\/inc\/uploads\/2018\/07\/capa.png","contentUrl":"https:\/\/psol50.org.br\/inc\/uploads\/2018\/07\/capa.png","width":1350,"height":900,"caption":"PSOL 50"},"image":{"@id":"https:\/\/psol50.org.br\/#\/schema\/logo\/image\/"},"sameAs":["https:\/\/www.facebook.com\/psol50","https:\/\/x.com\/psol50","https:\/\/www.instagram.com\/psol50\/","https:\/\/www.youtube.com\/channel\/UC7SnJS5o1os7a6CaiNabzcg"]},{"@type":"Person","@id":"https:\/\/psol50.org.br\/#\/schema\/person\/475dfa57d0b815993c714c2e96491fcd","name":"Comunica\u00e7\u00e3o PSOL","image":{"@type":"ImageObject","inLanguage":"pt-BR","@id":"https:\/\/psol50.org.br\/#\/schema\/person\/image\/","url":"https:\/\/secure.gravatar.com\/avatar\/b34fc4f4e468a4e51785917065a3db57b841f5c95dba6ad8c73aaf8f66f8f9bf?s=96&d=mm&r=g","contentUrl":"https:\/\/secure.gravatar.com\/avatar\/b34fc4f4e468a4e51785917065a3db57b841f5c95dba6ad8c73aaf8f66f8f9bf?s=96&d=mm&r=g","caption":"Comunica\u00e7\u00e3o PSOL"}}]}},"_links":{"self":[{"href":"https:\/\/psol50.org.br\/rest\/wp\/v2\/posts\/1697","targetHints":{"allow":["GET"]}}],"collection":[{"href":"https:\/\/psol50.org.br\/rest\/wp\/v2\/posts"}],"about":[{"href":"https:\/\/psol50.org.br\/rest\/wp\/v2\/types\/post"}],"author":[{"embeddable":true,"href":"https:\/\/psol50.org.br\/rest\/wp\/v2\/users\/2"}],"replies":[{"embeddable":true,"href":"https:\/\/psol50.org.br\/rest\/wp\/v2\/comments?post=1697"}],"version-history":[{"count":0,"href":"https:\/\/psol50.org.br\/rest\/wp\/v2\/posts\/1697\/revisions"}],"wp:attachment":[{"href":"https:\/\/psol50.org.br\/rest\/wp\/v2\/media?parent=1697"}],"wp:term":[{"taxonomy":"category","embeddable":true,"href":"https:\/\/psol50.org.br\/rest\/wp\/v2\/categories?post=1697"},{"taxonomy":"post_tag","embeddable":true,"href":"https:\/\/psol50.org.br\/rest\/wp\/v2\/tags?post=1697"}],"curies":[{"name":"wp","href":"https:\/\/api.w.org\/{rel}","templated":true}]}}