{"id":16972,"date":"2017-06-20T15:29:57","date_gmt":"2017-06-20T15:29:57","guid":{"rendered":"http:\/\/www.psol50.org.br\/?p=16972"},"modified":"2017-06-20T15:29:57","modified_gmt":"2017-06-20T15:29:57","slug":"deputado-do-psol-questiona-desvios-de-recursos-da-educacao-no-governo-alckmin","status":"publish","type":"post","link":"https:\/\/psol50.org.br\/deputado-do-psol-questiona-desvios-de-recursos-da-educacao-no-governo-alckmin\/","title":{"rendered":"Deputado do PSOL questiona desvios de recursos da educa\u00e7\u00e3o no governo Alckmin"},"content":{"rendered":"<p>O deputado estadual Raul Marcelo, do PSOL-SP, protocolou na \u00faltima ter\u00e7a-feira (13\/06) representa\u00e7\u00e3o junto ao Tribunal de Contas do Estado de S\u00e3o Paulo (TCE) para que o \u00f3rg\u00e3o investigue os desvios da educa\u00e7\u00e3o no governo de Geraldo Alckmin (PSDB) que, nos \u00faltimos tr\u00eas anos, chegaram a cerca de R$ 13 bilh\u00f5es \u2013 perto de metade do or\u00e7amento anual da Secretaria Estadual da Educa\u00e7\u00e3o. S\u00f3 no ano passado, R$ 5,1 bilh\u00f5es declarados como investimentos em educa\u00e7\u00e3o s\u00e3o, na pr\u00e1tica, repasses para aposentadorias. O parlamentar tamb\u00e9m protocolou na Assembleia Legislativa de S\u00e3o Paulo (Alesp) um pedido para que o secret\u00e1rio estadual da Educa\u00e7\u00e3o, Jos\u00e9 Renato Nalini, preste esclarecimentos a respeito desta situa\u00e7\u00e3o.<\/p>\n<p>Segundo Raul Marcelo, a Constitui\u00e7\u00e3o paulista exige que 30% das receitas sejam investidas na manuten\u00e7\u00e3o e desenvolvimento do ensino. \u201cPor\u00e9m, o percentual chegou ao patamar de 25% ao descontar o gasto com aposentados. S\u00f3 no ano passado, R$ 5,1 bilh\u00f5es declarados como investimentos em educa\u00e7\u00e3o foram desviados para outra \u00e1rea\u201d, explica.<\/p>\n<p>Ainda segundo a representa\u00e7\u00e3o, Alckmin tem sistematicamente desrespeitado o dispositivo constitucional, usando manobra cont\u00e1bil para burlar seu cumprimento. &#8220;A manobra basicamente consiste em incluir despesas com aposentadorias, alheias \u00e0 educa\u00e7\u00e3o \u2013 aposentados que eram vinculados \u00e0 secretaria de Educa\u00e7\u00e3o \u2013 para atingir o piso m\u00ednimo de 30% de investimento.&#8221;<\/p>\n<p>O deputado do PSOL comparou esta manobra do governo estadual com a do impeachment da ex-presidente Dilma Rousseff. \u201cO que o \u2018Santo\u2019 \u2013 codinome na lista de propinas da Odebrecht \u2013 vem fazendo com a educa\u00e7\u00e3o \u00e9 ilegal e pode ser considerado, sim, como caso de afastamento do seu cargo de governador, j\u00e1 que n\u00e3o est\u00e1 investindo 30% do or\u00e7amento estadual na educa\u00e7\u00e3o paulista\u201d, relata.<\/p>\n<p>\u201cO atual governador deveria estar preocupado com o \u00edndice de analfabetismo; crian\u00e7as e adolescentes fora da sala de aula; professores sem reajuste salarial; e falta de infraestrutura nas escolas. E o que o \u2018Santo\u2019 faz com essa \u00e1rea t\u00e3o importante para o Estado de S\u00e3o Paulo? Tira recursos da pasta educacional para cobrir rombos da SPPrev (Previd\u00eancia) causados por sua gest\u00e3o e de outros governantes que tamb\u00e9m s\u00e3o do PSDB. Isso \u00e9 grav\u00edssimo. Temos que investigar e, se for necess\u00e1rio, puni-lo conforme a lei\u201d, diz.<\/p>\n<p>Na peti\u00e7\u00e3o, o parlamentar defende a educa\u00e7\u00e3o p\u00fablica de qualidade como \u00fanico caminho para a supera\u00e7\u00e3o das desigualdades sociais e econ\u00f4micas. No entanto, segundo ele, faltam valoriza\u00e7\u00e3o dos profissionais, estrutura e equipamentos de trabalho adequados, entre outras dezenas de problemas que poderiam ser minimizados com o cumprimento da legisla\u00e7\u00e3o.<\/p>\n<p>O Sindicato dos Professores no Ensino Oficial do Estado de S\u00e3o Paulo (Apeoesp) estima que o governo Alckmin j\u00e1 transferiu \u00e0 SP Prev em torno de R$ 40 bilh\u00f5es, que deveriam ser destinados \u00e0 manuten\u00e7\u00e3o e desenvolvimento do ensino, conforme determina a Lei de Diretrizes e Bases da Educa\u00e7\u00e3o Nacional \u2013 LDB (Lei Federal n\u00ba 9.394\/1996).<\/p>\n<p>&nbsp;<\/p>\n<p>&nbsp;<\/p>\n","protected":false},"excerpt":{"rendered":"<p>O deputado estadual Raul Marcelo, do PSOL-SP, protocolou na \u00faltima ter\u00e7a-feira (13\/06) representa\u00e7\u00e3o junto ao Tribunal de Contas do Estado de S\u00e3o Paulo (TCE) para que o \u00f3rg\u00e3o investigue os desvios da educa\u00e7\u00e3o no governo de Geraldo Alckmin (PSDB) que, nos \u00faltimos tr\u00eas anos, chegaram a cerca de R$ 13 bilh\u00f5es \u2013 perto de metade [&hellip;]<\/p>\n","protected":false},"author":2,"featured_media":12877,"comment_status":"open","ping_status":"open","sticky":false,"template":"","format":"standard","meta":{"_acf_changed":false,"footnotes":""},"categories":[2208,654,6],"tags":[3330,164,2777,3331,2277,2528,1606],"class_list":{"0":"post-16972","1":"post","2":"type-post","3":"status-publish","4":"format-standard","5":"has-post-thumbnail","7":"category-educacao","8":"category-estados","9":"category-noticias","10":"tag-desvios","11":"tag-educacao","12":"tag-geraldo-alckmin","13":"tag-governo-de-sao-paulo","14":"tag-psol-sp","15":"tag-raul-marcelo","16":"tag-representacao"},"acf":[],"yoast_head":"<!-- This site is optimized with the Yoast SEO plugin v26.5 - https:\/\/yoast.com\/wordpress\/plugins\/seo\/ -->\n<title>Deputado do PSOL questiona desvios de recursos da educa\u00e7\u00e3o no governo Alckmin - PSOL 50<\/title>\n<meta name=\"robots\" content=\"index, follow, max-snippet:-1, max-image-preview:large, max-video-preview:-1\" \/>\n<link rel=\"canonical\" href=\"https:\/\/psol50.org.br\/deputado-do-psol-questiona-desvios-de-recursos-da-educacao-no-governo-alckmin\/\" \/>\n<meta property=\"og:locale\" content=\"pt_BR\" \/>\n<meta property=\"og:type\" content=\"article\" \/>\n<meta property=\"og:title\" content=\"Deputado do PSOL questiona desvios de recursos da educa\u00e7\u00e3o no governo Alckmin - PSOL 50\" \/>\n<meta property=\"og:description\" content=\"O deputado estadual Raul Marcelo, do PSOL-SP, protocolou na \u00faltima ter\u00e7a-feira (13\/06) representa\u00e7\u00e3o junto ao Tribunal de Contas do Estado de S\u00e3o Paulo (TCE) para que o \u00f3rg\u00e3o investigue os desvios da educa\u00e7\u00e3o no governo de Geraldo Alckmin (PSDB) que, nos \u00faltimos tr\u00eas anos, chegaram a cerca de R$ 13 bilh\u00f5es \u2013 perto de metade [&hellip;]\" \/>\n<meta property=\"og:url\" content=\"https:\/\/psol50.org.br\/deputado-do-psol-questiona-desvios-de-recursos-da-educacao-no-governo-alckmin\/\" \/>\n<meta property=\"og:site_name\" content=\"PSOL 50\" \/>\n<meta property=\"article:publisher\" content=\"https:\/\/www.facebook.com\/psol50\" \/>\n<meta property=\"article:published_time\" content=\"2017-06-20T15:29:57+00:00\" \/>\n<meta property=\"og:image\" content=\"https:\/\/psol50.org.br\/inc\/uploads\/2018\/07\/capa.png\" \/>\n\t<meta property=\"og:image:width\" content=\"1350\" \/>\n\t<meta property=\"og:image:height\" content=\"900\" \/>\n\t<meta property=\"og:image:type\" content=\"image\/png\" \/>\n<meta name=\"author\" content=\"Comunica\u00e7\u00e3o PSOL\" \/>\n<meta name=\"twitter:card\" content=\"summary_large_image\" \/>\n<meta name=\"twitter:creator\" content=\"@psol50\" \/>\n<meta name=\"twitter:site\" content=\"@psol50\" \/>\n<meta name=\"twitter:label1\" content=\"Escrito por\" \/>\n\t<meta name=\"twitter:data1\" content=\"Comunica\u00e7\u00e3o PSOL\" \/>\n\t<meta name=\"twitter:label2\" content=\"Est. tempo de leitura\" \/>\n\t<meta name=\"twitter:data2\" content=\"2 minutos\" \/>\n<script type=\"application\/ld+json\" class=\"yoast-schema-graph\">{\"@context\":\"https:\/\/schema.org\",\"@graph\":[{\"@type\":\"Article\",\"@id\":\"https:\/\/psol50.org.br\/deputado-do-psol-questiona-desvios-de-recursos-da-educacao-no-governo-alckmin\/#article\",\"isPartOf\":{\"@id\":\"https:\/\/psol50.org.br\/deputado-do-psol-questiona-desvios-de-recursos-da-educacao-no-governo-alckmin\/\"},\"author\":{\"name\":\"Comunica\u00e7\u00e3o PSOL\",\"@id\":\"https:\/\/psol50.org.br\/#\/schema\/person\/475dfa57d0b815993c714c2e96491fcd\"},\"headline\":\"Deputado do PSOL questiona desvios de recursos da educa\u00e7\u00e3o no governo Alckmin\",\"datePublished\":\"2017-06-20T15:29:57+00:00\",\"mainEntityOfPage\":{\"@id\":\"https:\/\/psol50.org.br\/deputado-do-psol-questiona-desvios-de-recursos-da-educacao-no-governo-alckmin\/\"},\"wordCount\":510,\"commentCount\":0,\"publisher\":{\"@id\":\"https:\/\/psol50.org.br\/#organization\"},\"image\":{\"@id\":\"https:\/\/psol50.org.br\/deputado-do-psol-questiona-desvios-de-recursos-da-educacao-no-governo-alckmin\/#primaryimage\"},\"thumbnailUrl\":\"\",\"keywords\":[\"desvios\",\"Educa\u00e7\u00e3o\",\"Geraldo Alckmin\",\"Governo de S\u00e3o Paulo\",\"PSOL-SP\",\"Raul Marcelo\",\"representa\u00e7\u00e3o\"],\"articleSection\":[\"Educa\u00e7\u00e3o\",\"Estados\",\"Not\u00edcias\"],\"inLanguage\":\"pt-BR\",\"potentialAction\":[{\"@type\":\"CommentAction\",\"name\":\"Comment\",\"target\":[\"https:\/\/psol50.org.br\/deputado-do-psol-questiona-desvios-de-recursos-da-educacao-no-governo-alckmin\/#respond\"]}]},{\"@type\":\"WebPage\",\"@id\":\"https:\/\/psol50.org.br\/deputado-do-psol-questiona-desvios-de-recursos-da-educacao-no-governo-alckmin\/\",\"url\":\"https:\/\/psol50.org.br\/deputado-do-psol-questiona-desvios-de-recursos-da-educacao-no-governo-alckmin\/\",\"name\":\"Deputado do PSOL questiona desvios de recursos da educa\u00e7\u00e3o no governo Alckmin - PSOL 50\",\"isPartOf\":{\"@id\":\"https:\/\/psol50.org.br\/#website\"},\"primaryImageOfPage\":{\"@id\":\"https:\/\/psol50.org.br\/deputado-do-psol-questiona-desvios-de-recursos-da-educacao-no-governo-alckmin\/#primaryimage\"},\"image\":{\"@id\":\"https:\/\/psol50.org.br\/deputado-do-psol-questiona-desvios-de-recursos-da-educacao-no-governo-alckmin\/#primaryimage\"},\"thumbnailUrl\":\"\",\"datePublished\":\"2017-06-20T15:29:57+00:00\",\"breadcrumb\":{\"@id\":\"https:\/\/psol50.org.br\/deputado-do-psol-questiona-desvios-de-recursos-da-educacao-no-governo-alckmin\/#breadcrumb\"},\"inLanguage\":\"pt-BR\",\"potentialAction\":[{\"@type\":\"ReadAction\",\"target\":[\"https:\/\/psol50.org.br\/deputado-do-psol-questiona-desvios-de-recursos-da-educacao-no-governo-alckmin\/\"]}]},{\"@type\":\"ImageObject\",\"inLanguage\":\"pt-BR\",\"@id\":\"https:\/\/psol50.org.br\/deputado-do-psol-questiona-desvios-de-recursos-da-educacao-no-governo-alckmin\/#primaryimage\",\"url\":\"\",\"contentUrl\":\"\"},{\"@type\":\"BreadcrumbList\",\"@id\":\"https:\/\/psol50.org.br\/deputado-do-psol-questiona-desvios-de-recursos-da-educacao-no-governo-alckmin\/#breadcrumb\",\"itemListElement\":[{\"@type\":\"ListItem\",\"position\":1,\"name\":\"In\u00edcio\",\"item\":\"https:\/\/psol50.org.br\/\"},{\"@type\":\"ListItem\",\"position\":2,\"name\":\"Deputado do PSOL questiona desvios de recursos da educa\u00e7\u00e3o no governo Alckmin\"}]},{\"@type\":\"WebSite\",\"@id\":\"https:\/\/psol50.org.br\/#website\",\"url\":\"https:\/\/psol50.org.br\/\",\"name\":\"PSOL 50\",\"description\":\"Site oficial do Partido Socialismo e Liberdade\",\"publisher\":{\"@id\":\"https:\/\/psol50.org.br\/#organization\"},\"alternateName\":\"PSOL50\",\"potentialAction\":[{\"@type\":\"SearchAction\",\"target\":{\"@type\":\"EntryPoint\",\"urlTemplate\":\"https:\/\/psol50.org.br\/?s={search_term_string}\"},\"query-input\":{\"@type\":\"PropertyValueSpecification\",\"valueRequired\":true,\"valueName\":\"search_term_string\"}}],\"inLanguage\":\"pt-BR\"},{\"@type\":\"Organization\",\"@id\":\"https:\/\/psol50.org.br\/#organization\",\"name\":\"PSOL 50\",\"alternateName\":\"PSOL 50\",\"url\":\"https:\/\/psol50.org.br\/\",\"logo\":{\"@type\":\"ImageObject\",\"inLanguage\":\"pt-BR\",\"@id\":\"https:\/\/psol50.org.br\/#\/schema\/logo\/image\/\",\"url\":\"https:\/\/psol50.org.br\/inc\/uploads\/2018\/07\/capa.png\",\"contentUrl\":\"https:\/\/psol50.org.br\/inc\/uploads\/2018\/07\/capa.png\",\"width\":1350,\"height\":900,\"caption\":\"PSOL 50\"},\"image\":{\"@id\":\"https:\/\/psol50.org.br\/#\/schema\/logo\/image\/\"},\"sameAs\":[\"https:\/\/www.facebook.com\/psol50\",\"https:\/\/x.com\/psol50\",\"https:\/\/www.instagram.com\/psol50\/\",\"https:\/\/www.youtube.com\/channel\/UC7SnJS5o1os7a6CaiNabzcg\"]},{\"@type\":\"Person\",\"@id\":\"https:\/\/psol50.org.br\/#\/schema\/person\/475dfa57d0b815993c714c2e96491fcd\",\"name\":\"Comunica\u00e7\u00e3o PSOL\",\"image\":{\"@type\":\"ImageObject\",\"inLanguage\":\"pt-BR\",\"@id\":\"https:\/\/psol50.org.br\/#\/schema\/person\/image\/\",\"url\":\"https:\/\/secure.gravatar.com\/avatar\/b34fc4f4e468a4e51785917065a3db57b841f5c95dba6ad8c73aaf8f66f8f9bf?s=96&d=mm&r=g\",\"contentUrl\":\"https:\/\/secure.gravatar.com\/avatar\/b34fc4f4e468a4e51785917065a3db57b841f5c95dba6ad8c73aaf8f66f8f9bf?s=96&d=mm&r=g\",\"caption\":\"Comunica\u00e7\u00e3o PSOL\"}}]}<\/script>\n<!-- \/ Yoast SEO plugin. -->","yoast_head_json":{"title":"Deputado do PSOL questiona desvios de recursos da educa\u00e7\u00e3o no governo Alckmin - PSOL 50","robots":{"index":"index","follow":"follow","max-snippet":"max-snippet:-1","max-image-preview":"max-image-preview:large","max-video-preview":"max-video-preview:-1"},"canonical":"https:\/\/psol50.org.br\/deputado-do-psol-questiona-desvios-de-recursos-da-educacao-no-governo-alckmin\/","og_locale":"pt_BR","og_type":"article","og_title":"Deputado do PSOL questiona desvios de recursos da educa\u00e7\u00e3o no governo Alckmin - PSOL 50","og_description":"O deputado estadual Raul Marcelo, do PSOL-SP, protocolou na \u00faltima ter\u00e7a-feira (13\/06) representa\u00e7\u00e3o junto ao Tribunal de Contas do Estado de S\u00e3o Paulo (TCE) para que o \u00f3rg\u00e3o investigue os desvios da educa\u00e7\u00e3o no governo de Geraldo Alckmin (PSDB) que, nos \u00faltimos tr\u00eas anos, chegaram a cerca de R$ 13 bilh\u00f5es \u2013 perto de metade [&hellip;]","og_url":"https:\/\/psol50.org.br\/deputado-do-psol-questiona-desvios-de-recursos-da-educacao-no-governo-alckmin\/","og_site_name":"PSOL 50","article_publisher":"https:\/\/www.facebook.com\/psol50","article_published_time":"2017-06-20T15:29:57+00:00","og_image":[{"width":1350,"height":900,"url":"https:\/\/psol50.org.br\/inc\/uploads\/2018\/07\/capa.png","type":"image\/png"}],"author":"Comunica\u00e7\u00e3o PSOL","twitter_card":"summary_large_image","twitter_creator":"@psol50","twitter_site":"@psol50","twitter_misc":{"Escrito por":"Comunica\u00e7\u00e3o PSOL","Est. tempo de leitura":"2 minutos"},"schema":{"@context":"https:\/\/schema.org","@graph":[{"@type":"Article","@id":"https:\/\/psol50.org.br\/deputado-do-psol-questiona-desvios-de-recursos-da-educacao-no-governo-alckmin\/#article","isPartOf":{"@id":"https:\/\/psol50.org.br\/deputado-do-psol-questiona-desvios-de-recursos-da-educacao-no-governo-alckmin\/"},"author":{"name":"Comunica\u00e7\u00e3o PSOL","@id":"https:\/\/psol50.org.br\/#\/schema\/person\/475dfa57d0b815993c714c2e96491fcd"},"headline":"Deputado do PSOL questiona desvios de recursos da educa\u00e7\u00e3o no governo Alckmin","datePublished":"2017-06-20T15:29:57+00:00","mainEntityOfPage":{"@id":"https:\/\/psol50.org.br\/deputado-do-psol-questiona-desvios-de-recursos-da-educacao-no-governo-alckmin\/"},"wordCount":510,"commentCount":0,"publisher":{"@id":"https:\/\/psol50.org.br\/#organization"},"image":{"@id":"https:\/\/psol50.org.br\/deputado-do-psol-questiona-desvios-de-recursos-da-educacao-no-governo-alckmin\/#primaryimage"},"thumbnailUrl":"","keywords":["desvios","Educa\u00e7\u00e3o","Geraldo Alckmin","Governo de S\u00e3o Paulo","PSOL-SP","Raul Marcelo","representa\u00e7\u00e3o"],"articleSection":["Educa\u00e7\u00e3o","Estados","Not\u00edcias"],"inLanguage":"pt-BR","potentialAction":[{"@type":"CommentAction","name":"Comment","target":["https:\/\/psol50.org.br\/deputado-do-psol-questiona-desvios-de-recursos-da-educacao-no-governo-alckmin\/#respond"]}]},{"@type":"WebPage","@id":"https:\/\/psol50.org.br\/deputado-do-psol-questiona-desvios-de-recursos-da-educacao-no-governo-alckmin\/","url":"https:\/\/psol50.org.br\/deputado-do-psol-questiona-desvios-de-recursos-da-educacao-no-governo-alckmin\/","name":"Deputado do PSOL questiona desvios de recursos da educa\u00e7\u00e3o no governo Alckmin - PSOL 50","isPartOf":{"@id":"https:\/\/psol50.org.br\/#website"},"primaryImageOfPage":{"@id":"https:\/\/psol50.org.br\/deputado-do-psol-questiona-desvios-de-recursos-da-educacao-no-governo-alckmin\/#primaryimage"},"image":{"@id":"https:\/\/psol50.org.br\/deputado-do-psol-questiona-desvios-de-recursos-da-educacao-no-governo-alckmin\/#primaryimage"},"thumbnailUrl":"","datePublished":"2017-06-20T15:29:57+00:00","breadcrumb":{"@id":"https:\/\/psol50.org.br\/deputado-do-psol-questiona-desvios-de-recursos-da-educacao-no-governo-alckmin\/#breadcrumb"},"inLanguage":"pt-BR","potentialAction":[{"@type":"ReadAction","target":["https:\/\/psol50.org.br\/deputado-do-psol-questiona-desvios-de-recursos-da-educacao-no-governo-alckmin\/"]}]},{"@type":"ImageObject","inLanguage":"pt-BR","@id":"https:\/\/psol50.org.br\/deputado-do-psol-questiona-desvios-de-recursos-da-educacao-no-governo-alckmin\/#primaryimage","url":"","contentUrl":""},{"@type":"BreadcrumbList","@id":"https:\/\/psol50.org.br\/deputado-do-psol-questiona-desvios-de-recursos-da-educacao-no-governo-alckmin\/#breadcrumb","itemListElement":[{"@type":"ListItem","position":1,"name":"In\u00edcio","item":"https:\/\/psol50.org.br\/"},{"@type":"ListItem","position":2,"name":"Deputado do PSOL questiona desvios de recursos da educa\u00e7\u00e3o no governo Alckmin"}]},{"@type":"WebSite","@id":"https:\/\/psol50.org.br\/#website","url":"https:\/\/psol50.org.br\/","name":"PSOL 50","description":"Site oficial do Partido Socialismo e Liberdade","publisher":{"@id":"https:\/\/psol50.org.br\/#organization"},"alternateName":"PSOL50","potentialAction":[{"@type":"SearchAction","target":{"@type":"EntryPoint","urlTemplate":"https:\/\/psol50.org.br\/?s={search_term_string}"},"query-input":{"@type":"PropertyValueSpecification","valueRequired":true,"valueName":"search_term_string"}}],"inLanguage":"pt-BR"},{"@type":"Organization","@id":"https:\/\/psol50.org.br\/#organization","name":"PSOL 50","alternateName":"PSOL 50","url":"https:\/\/psol50.org.br\/","logo":{"@type":"ImageObject","inLanguage":"pt-BR","@id":"https:\/\/psol50.org.br\/#\/schema\/logo\/image\/","url":"https:\/\/psol50.org.br\/inc\/uploads\/2018\/07\/capa.png","contentUrl":"https:\/\/psol50.org.br\/inc\/uploads\/2018\/07\/capa.png","width":1350,"height":900,"caption":"PSOL 50"},"image":{"@id":"https:\/\/psol50.org.br\/#\/schema\/logo\/image\/"},"sameAs":["https:\/\/www.facebook.com\/psol50","https:\/\/x.com\/psol50","https:\/\/www.instagram.com\/psol50\/","https:\/\/www.youtube.com\/channel\/UC7SnJS5o1os7a6CaiNabzcg"]},{"@type":"Person","@id":"https:\/\/psol50.org.br\/#\/schema\/person\/475dfa57d0b815993c714c2e96491fcd","name":"Comunica\u00e7\u00e3o PSOL","image":{"@type":"ImageObject","inLanguage":"pt-BR","@id":"https:\/\/psol50.org.br\/#\/schema\/person\/image\/","url":"https:\/\/secure.gravatar.com\/avatar\/b34fc4f4e468a4e51785917065a3db57b841f5c95dba6ad8c73aaf8f66f8f9bf?s=96&d=mm&r=g","contentUrl":"https:\/\/secure.gravatar.com\/avatar\/b34fc4f4e468a4e51785917065a3db57b841f5c95dba6ad8c73aaf8f66f8f9bf?s=96&d=mm&r=g","caption":"Comunica\u00e7\u00e3o PSOL"}}]}},"_links":{"self":[{"href":"https:\/\/psol50.org.br\/rest\/wp\/v2\/posts\/16972","targetHints":{"allow":["GET"]}}],"collection":[{"href":"https:\/\/psol50.org.br\/rest\/wp\/v2\/posts"}],"about":[{"href":"https:\/\/psol50.org.br\/rest\/wp\/v2\/types\/post"}],"author":[{"embeddable":true,"href":"https:\/\/psol50.org.br\/rest\/wp\/v2\/users\/2"}],"replies":[{"embeddable":true,"href":"https:\/\/psol50.org.br\/rest\/wp\/v2\/comments?post=16972"}],"version-history":[{"count":0,"href":"https:\/\/psol50.org.br\/rest\/wp\/v2\/posts\/16972\/revisions"}],"wp:featuredmedia":[{"embeddable":true,"href":"https:\/\/psol50.org.br\/rest\/"}],"wp:attachment":[{"href":"https:\/\/psol50.org.br\/rest\/wp\/v2\/media?parent=16972"}],"wp:term":[{"taxonomy":"category","embeddable":true,"href":"https:\/\/psol50.org.br\/rest\/wp\/v2\/categories?post=16972"},{"taxonomy":"post_tag","embeddable":true,"href":"https:\/\/psol50.org.br\/rest\/wp\/v2\/tags?post=16972"}],"curies":[{"name":"wp","href":"https:\/\/api.w.org\/{rel}","templated":true}]}}