{"id":1698,"date":"2012-01-05T00:00:00","date_gmt":"2012-01-05T00:00:00","guid":{"rendered":"http:\/\/psol50.org.br\/arquivo\/2012\/01\/05\/psol-pe-denuncia-desastres-um-grande-negocio-do-ministerio-da-integracao\/"},"modified":"2012-01-05T00:00:00","modified_gmt":"2012-01-05T00:00:00","slug":"psol-pe-denuncia-desastres-um-grande-negocio-do-ministerio-da-integracao","status":"publish","type":"post","link":"https:\/\/psol50.org.br\/psol-pe-denuncia-desastres-um-grande-negocio-do-ministerio-da-integracao\/","title":{"rendered":"PSOL-PE denuncia: Desastres, um grande neg\u00f3cio do Minist\u00e9rio da Integra\u00e7\u00e3o"},"content":{"rendered":"<p style=\"text-align: justify\"><a href=\"http:\/\/psol50.org.br\/blog\/2012\/01\/05\/psol-pe-denuncia-desastres-um-grande-negocio-do-ministerio-da-integracao\/bandeira-pernambuco-2-2\/\" rel=\"attachment wp-att-13032\"><img loading=\"lazy\" decoding=\"async\" class=\"alignleft size-full wp-image-13032\" src=\"http:\/\/psol50.org.br\/files\/2012\/01\/bandeira-pernambuco-2.jpg\" alt=\"\" width=\"150\" height=\"126\" \/><\/a>90% das verbas do Minist\u00e9rio da Integra\u00e7\u00e3o Regional destinadas \u00e0 preven\u00e7\u00e3o de desastres naturais \u2013 leia-se enchentes e outras conseq\u00fc\u00eancias das chuvas -, foram destinadas \u00e0 Pernambuco em 2011, denunciou o jornal O Estado de S\u00e3o Paulo logo na abertura de 2012. Detalhe: o ministro \u00e9 de Pernambuco, o Sr. Fernando Bezerra Coelho. O governador Eduardo Campos, mesmo diante da flagrante irregularidade, foi \u00e0 imprensa defender seu indicado, e s\u00f3 fez apontar o dedo em outra dire\u00e7\u00e3o, dizendo que as verbas foram liberadas pela presidenta Dilma, por conta das enchentes na Zona da Mata, que viraram um drama nacionalmente conhecido.<\/p>\n<p style=\"text-align: justify\">Pois bem, se assim o fosse, ainda n\u00e3o justificaria tamanha despropor\u00e7\u00e3o. O problema maior \u00e9 que (pasmem!) a maior parte dos recursos destinados \u00e0 Pernambuco nesta rubrica N\u00c3O foram para a Zona da Mata. As 14 cidades mais devastadas nas enchentes de 2010 e 2011 receberam apenas R$ 1,2 milh\u00e3o, enquanto Petrolina, cidade que \u00e9 base eleitoral do ministro, recebeu nada menos que R$ 8,9 milh\u00f5es, como nos conta hoje mat\u00e9ria do Jornal do Comm\u00e9rcio. Outro detalhe: Petrolina fica no sert\u00e3o, n\u00e3o faz nem fronteira com a Mata.<\/p>\n<p style=\"text-align: justify\">Somemos a isto o fato das obras da transposi\u00e7\u00e3o do Rio S\u00e3o Francisco estarem paradas e exigindo aditivos para rever seu or\u00e7amento e que o respons\u00e1vel pela obra \u00e9 o mesmo Fernando Bezerra Coelho. Agora peguemos estes fatos e coloquemos a m\u00e3e do governador, que \u00e9 hoje ministra do TCU \u2013 e que chegou l\u00e1 como todos sabemos -, como a respons\u00e1vel pela averigua\u00e7\u00e3o das reais necessidades de maior aloca\u00e7\u00e3o de recursos p\u00fablicos nas obras da transposi\u00e7\u00e3o e vamos ter infinitos motivos para pedir a Deus que nos proteja dessa gente. Depois eu \u00e9 quem sou o arengueiro.<\/p>\n<p style=\"text-align: justify\"><a href=\"http:\/\/www.psolpe.org.br\/desastres-um-grande-negocio-do-ministerio-da-integracao\/#more-2906\"><strong>*Edilson Silva &#8211; presidente do PSOL-PE<\/strong><\/a><\/p>\n","protected":false},"excerpt":{"rendered":"<p>90% das verbas do Minist\u00e9rio da Integra\u00e7\u00e3o Regional destinadas \u00e0 preven\u00e7\u00e3o de desastres naturais \u2013 leia-se enchentes e outras conseq\u00fc\u00eancias das chuvas -, foram destinadas \u00e0 Pernambuco em 2011, denunciou o jornal O Estado de S\u00e3o Paulo logo na abertura de 2012. Detalhe: o ministro \u00e9 de Pernambuco, o Sr. Fernando Bezerra Coelho. O governador [&hellip;]<\/p>\n","protected":false},"author":2,"featured_media":0,"comment_status":"open","ping_status":"open","sticky":false,"template":"","format":"standard","meta":{"_acf_changed":false,"footnotes":""},"categories":[4766],"tags":[22],"class_list":{"0":"post-1698","1":"post","2":"type-post","3":"status-publish","4":"format-standard","6":"category-arquivo","7":"tag-psol"},"acf":[],"yoast_head":"<!-- This site is optimized with the Yoast SEO plugin v26.5 - https:\/\/yoast.com\/wordpress\/plugins\/seo\/ -->\n<title>PSOL-PE denuncia: Desastres, um grande neg\u00f3cio do Minist\u00e9rio da Integra\u00e7\u00e3o - PSOL 50<\/title>\n<meta name=\"robots\" content=\"index, follow, max-snippet:-1, max-image-preview:large, max-video-preview:-1\" \/>\n<link rel=\"canonical\" href=\"https:\/\/psol50.org.br\/psol-pe-denuncia-desastres-um-grande-negocio-do-ministerio-da-integracao\/\" \/>\n<meta property=\"og:locale\" content=\"pt_BR\" \/>\n<meta property=\"og:type\" content=\"article\" \/>\n<meta property=\"og:title\" content=\"PSOL-PE denuncia: Desastres, um grande neg\u00f3cio do Minist\u00e9rio da Integra\u00e7\u00e3o - PSOL 50\" \/>\n<meta property=\"og:description\" content=\"90% das verbas do Minist\u00e9rio da Integra\u00e7\u00e3o Regional destinadas \u00e0 preven\u00e7\u00e3o de desastres naturais \u2013 leia-se enchentes e outras conseq\u00fc\u00eancias das chuvas -, foram destinadas \u00e0 Pernambuco em 2011, denunciou o jornal O Estado de S\u00e3o Paulo logo na abertura de 2012. Detalhe: o ministro \u00e9 de Pernambuco, o Sr. Fernando Bezerra Coelho. O governador [&hellip;]\" \/>\n<meta property=\"og:url\" content=\"https:\/\/psol50.org.br\/psol-pe-denuncia-desastres-um-grande-negocio-do-ministerio-da-integracao\/\" \/>\n<meta property=\"og:site_name\" content=\"PSOL 50\" \/>\n<meta property=\"article:publisher\" content=\"https:\/\/www.facebook.com\/psol50\" \/>\n<meta property=\"article:published_time\" content=\"2012-01-05T00:00:00+00:00\" \/>\n<meta property=\"og:image\" content=\"http:\/\/psol50.org.br\/files\/2012\/01\/bandeira-pernambuco-2.jpg\" \/>\n<meta name=\"author\" content=\"Comunica\u00e7\u00e3o PSOL\" \/>\n<meta name=\"twitter:card\" content=\"summary_large_image\" \/>\n<meta name=\"twitter:creator\" content=\"@psol50\" \/>\n<meta name=\"twitter:site\" content=\"@psol50\" \/>\n<meta name=\"twitter:label1\" content=\"Escrito por\" \/>\n\t<meta name=\"twitter:data1\" content=\"Comunica\u00e7\u00e3o PSOL\" \/>\n\t<meta name=\"twitter:label2\" content=\"Est. tempo de leitura\" \/>\n\t<meta name=\"twitter:data2\" content=\"1 minuto\" \/>\n<script type=\"application\/ld+json\" class=\"yoast-schema-graph\">{\"@context\":\"https:\/\/schema.org\",\"@graph\":[{\"@type\":\"Article\",\"@id\":\"https:\/\/psol50.org.br\/psol-pe-denuncia-desastres-um-grande-negocio-do-ministerio-da-integracao\/#article\",\"isPartOf\":{\"@id\":\"https:\/\/psol50.org.br\/psol-pe-denuncia-desastres-um-grande-negocio-do-ministerio-da-integracao\/\"},\"author\":{\"name\":\"Comunica\u00e7\u00e3o PSOL\",\"@id\":\"https:\/\/psol50.org.br\/#\/schema\/person\/475dfa57d0b815993c714c2e96491fcd\"},\"headline\":\"PSOL-PE denuncia: Desastres, um grande neg\u00f3cio do Minist\u00e9rio da Integra\u00e7\u00e3o\",\"datePublished\":\"2012-01-05T00:00:00+00:00\",\"mainEntityOfPage\":{\"@id\":\"https:\/\/psol50.org.br\/psol-pe-denuncia-desastres-um-grande-negocio-do-ministerio-da-integracao\/\"},\"wordCount\":310,\"commentCount\":0,\"publisher\":{\"@id\":\"https:\/\/psol50.org.br\/#organization\"},\"image\":{\"@id\":\"https:\/\/psol50.org.br\/psol-pe-denuncia-desastres-um-grande-negocio-do-ministerio-da-integracao\/#primaryimage\"},\"thumbnailUrl\":\"http:\/\/psol50.org.br\/files\/2012\/01\/bandeira-pernambuco-2.jpg\",\"keywords\":[\"PSOL\"],\"articleSection\":[\"Arquivo\"],\"inLanguage\":\"pt-BR\",\"potentialAction\":[{\"@type\":\"CommentAction\",\"name\":\"Comment\",\"target\":[\"https:\/\/psol50.org.br\/psol-pe-denuncia-desastres-um-grande-negocio-do-ministerio-da-integracao\/#respond\"]}]},{\"@type\":\"WebPage\",\"@id\":\"https:\/\/psol50.org.br\/psol-pe-denuncia-desastres-um-grande-negocio-do-ministerio-da-integracao\/\",\"url\":\"https:\/\/psol50.org.br\/psol-pe-denuncia-desastres-um-grande-negocio-do-ministerio-da-integracao\/\",\"name\":\"PSOL-PE denuncia: Desastres, um grande neg\u00f3cio do Minist\u00e9rio da Integra\u00e7\u00e3o - PSOL 50\",\"isPartOf\":{\"@id\":\"https:\/\/psol50.org.br\/#website\"},\"primaryImageOfPage\":{\"@id\":\"https:\/\/psol50.org.br\/psol-pe-denuncia-desastres-um-grande-negocio-do-ministerio-da-integracao\/#primaryimage\"},\"image\":{\"@id\":\"https:\/\/psol50.org.br\/psol-pe-denuncia-desastres-um-grande-negocio-do-ministerio-da-integracao\/#primaryimage\"},\"thumbnailUrl\":\"http:\/\/psol50.org.br\/files\/2012\/01\/bandeira-pernambuco-2.jpg\",\"datePublished\":\"2012-01-05T00:00:00+00:00\",\"breadcrumb\":{\"@id\":\"https:\/\/psol50.org.br\/psol-pe-denuncia-desastres-um-grande-negocio-do-ministerio-da-integracao\/#breadcrumb\"},\"inLanguage\":\"pt-BR\",\"potentialAction\":[{\"@type\":\"ReadAction\",\"target\":[\"https:\/\/psol50.org.br\/psol-pe-denuncia-desastres-um-grande-negocio-do-ministerio-da-integracao\/\"]}]},{\"@type\":\"ImageObject\",\"inLanguage\":\"pt-BR\",\"@id\":\"https:\/\/psol50.org.br\/psol-pe-denuncia-desastres-um-grande-negocio-do-ministerio-da-integracao\/#primaryimage\",\"url\":\"http:\/\/psol50.org.br\/files\/2012\/01\/bandeira-pernambuco-2.jpg\",\"contentUrl\":\"http:\/\/psol50.org.br\/files\/2012\/01\/bandeira-pernambuco-2.jpg\"},{\"@type\":\"BreadcrumbList\",\"@id\":\"https:\/\/psol50.org.br\/psol-pe-denuncia-desastres-um-grande-negocio-do-ministerio-da-integracao\/#breadcrumb\",\"itemListElement\":[{\"@type\":\"ListItem\",\"position\":1,\"name\":\"In\u00edcio\",\"item\":\"https:\/\/psol50.org.br\/\"},{\"@type\":\"ListItem\",\"position\":2,\"name\":\"PSOL-PE denuncia: Desastres, um grande neg\u00f3cio do Minist\u00e9rio da Integra\u00e7\u00e3o\"}]},{\"@type\":\"WebSite\",\"@id\":\"https:\/\/psol50.org.br\/#website\",\"url\":\"https:\/\/psol50.org.br\/\",\"name\":\"PSOL 50\",\"description\":\"Site oficial do Partido Socialismo e Liberdade\",\"publisher\":{\"@id\":\"https:\/\/psol50.org.br\/#organization\"},\"alternateName\":\"PSOL50\",\"potentialAction\":[{\"@type\":\"SearchAction\",\"target\":{\"@type\":\"EntryPoint\",\"urlTemplate\":\"https:\/\/psol50.org.br\/?s={search_term_string}\"},\"query-input\":{\"@type\":\"PropertyValueSpecification\",\"valueRequired\":true,\"valueName\":\"search_term_string\"}}],\"inLanguage\":\"pt-BR\"},{\"@type\":\"Organization\",\"@id\":\"https:\/\/psol50.org.br\/#organization\",\"name\":\"PSOL 50\",\"alternateName\":\"PSOL 50\",\"url\":\"https:\/\/psol50.org.br\/\",\"logo\":{\"@type\":\"ImageObject\",\"inLanguage\":\"pt-BR\",\"@id\":\"https:\/\/psol50.org.br\/#\/schema\/logo\/image\/\",\"url\":\"https:\/\/psol50.org.br\/inc\/uploads\/2018\/07\/capa.png\",\"contentUrl\":\"https:\/\/psol50.org.br\/inc\/uploads\/2018\/07\/capa.png\",\"width\":1350,\"height\":900,\"caption\":\"PSOL 50\"},\"image\":{\"@id\":\"https:\/\/psol50.org.br\/#\/schema\/logo\/image\/\"},\"sameAs\":[\"https:\/\/www.facebook.com\/psol50\",\"https:\/\/x.com\/psol50\",\"https:\/\/www.instagram.com\/psol50\/\",\"https:\/\/www.youtube.com\/channel\/UC7SnJS5o1os7a6CaiNabzcg\"]},{\"@type\":\"Person\",\"@id\":\"https:\/\/psol50.org.br\/#\/schema\/person\/475dfa57d0b815993c714c2e96491fcd\",\"name\":\"Comunica\u00e7\u00e3o PSOL\",\"image\":{\"@type\":\"ImageObject\",\"inLanguage\":\"pt-BR\",\"@id\":\"https:\/\/psol50.org.br\/#\/schema\/person\/image\/\",\"url\":\"https:\/\/secure.gravatar.com\/avatar\/b34fc4f4e468a4e51785917065a3db57b841f5c95dba6ad8c73aaf8f66f8f9bf?s=96&d=mm&r=g\",\"contentUrl\":\"https:\/\/secure.gravatar.com\/avatar\/b34fc4f4e468a4e51785917065a3db57b841f5c95dba6ad8c73aaf8f66f8f9bf?s=96&d=mm&r=g\",\"caption\":\"Comunica\u00e7\u00e3o PSOL\"}}]}<\/script>\n<!-- \/ Yoast SEO plugin. -->","yoast_head_json":{"title":"PSOL-PE denuncia: Desastres, um grande neg\u00f3cio do Minist\u00e9rio da Integra\u00e7\u00e3o - PSOL 50","robots":{"index":"index","follow":"follow","max-snippet":"max-snippet:-1","max-image-preview":"max-image-preview:large","max-video-preview":"max-video-preview:-1"},"canonical":"https:\/\/psol50.org.br\/psol-pe-denuncia-desastres-um-grande-negocio-do-ministerio-da-integracao\/","og_locale":"pt_BR","og_type":"article","og_title":"PSOL-PE denuncia: Desastres, um grande neg\u00f3cio do Minist\u00e9rio da Integra\u00e7\u00e3o - PSOL 50","og_description":"90% das verbas do Minist\u00e9rio da Integra\u00e7\u00e3o Regional destinadas \u00e0 preven\u00e7\u00e3o de desastres naturais \u2013 leia-se enchentes e outras conseq\u00fc\u00eancias das chuvas -, foram destinadas \u00e0 Pernambuco em 2011, denunciou o jornal O Estado de S\u00e3o Paulo logo na abertura de 2012. Detalhe: o ministro \u00e9 de Pernambuco, o Sr. Fernando Bezerra Coelho. O governador [&hellip;]","og_url":"https:\/\/psol50.org.br\/psol-pe-denuncia-desastres-um-grande-negocio-do-ministerio-da-integracao\/","og_site_name":"PSOL 50","article_publisher":"https:\/\/www.facebook.com\/psol50","article_published_time":"2012-01-05T00:00:00+00:00","og_image":[{"url":"http:\/\/psol50.org.br\/files\/2012\/01\/bandeira-pernambuco-2.jpg","type":"","width":"","height":""}],"author":"Comunica\u00e7\u00e3o PSOL","twitter_card":"summary_large_image","twitter_creator":"@psol50","twitter_site":"@psol50","twitter_misc":{"Escrito por":"Comunica\u00e7\u00e3o PSOL","Est. tempo de leitura":"1 minuto"},"schema":{"@context":"https:\/\/schema.org","@graph":[{"@type":"Article","@id":"https:\/\/psol50.org.br\/psol-pe-denuncia-desastres-um-grande-negocio-do-ministerio-da-integracao\/#article","isPartOf":{"@id":"https:\/\/psol50.org.br\/psol-pe-denuncia-desastres-um-grande-negocio-do-ministerio-da-integracao\/"},"author":{"name":"Comunica\u00e7\u00e3o PSOL","@id":"https:\/\/psol50.org.br\/#\/schema\/person\/475dfa57d0b815993c714c2e96491fcd"},"headline":"PSOL-PE denuncia: Desastres, um grande neg\u00f3cio do Minist\u00e9rio da Integra\u00e7\u00e3o","datePublished":"2012-01-05T00:00:00+00:00","mainEntityOfPage":{"@id":"https:\/\/psol50.org.br\/psol-pe-denuncia-desastres-um-grande-negocio-do-ministerio-da-integracao\/"},"wordCount":310,"commentCount":0,"publisher":{"@id":"https:\/\/psol50.org.br\/#organization"},"image":{"@id":"https:\/\/psol50.org.br\/psol-pe-denuncia-desastres-um-grande-negocio-do-ministerio-da-integracao\/#primaryimage"},"thumbnailUrl":"http:\/\/psol50.org.br\/files\/2012\/01\/bandeira-pernambuco-2.jpg","keywords":["PSOL"],"articleSection":["Arquivo"],"inLanguage":"pt-BR","potentialAction":[{"@type":"CommentAction","name":"Comment","target":["https:\/\/psol50.org.br\/psol-pe-denuncia-desastres-um-grande-negocio-do-ministerio-da-integracao\/#respond"]}]},{"@type":"WebPage","@id":"https:\/\/psol50.org.br\/psol-pe-denuncia-desastres-um-grande-negocio-do-ministerio-da-integracao\/","url":"https:\/\/psol50.org.br\/psol-pe-denuncia-desastres-um-grande-negocio-do-ministerio-da-integracao\/","name":"PSOL-PE denuncia: Desastres, um grande neg\u00f3cio do Minist\u00e9rio da Integra\u00e7\u00e3o - PSOL 50","isPartOf":{"@id":"https:\/\/psol50.org.br\/#website"},"primaryImageOfPage":{"@id":"https:\/\/psol50.org.br\/psol-pe-denuncia-desastres-um-grande-negocio-do-ministerio-da-integracao\/#primaryimage"},"image":{"@id":"https:\/\/psol50.org.br\/psol-pe-denuncia-desastres-um-grande-negocio-do-ministerio-da-integracao\/#primaryimage"},"thumbnailUrl":"http:\/\/psol50.org.br\/files\/2012\/01\/bandeira-pernambuco-2.jpg","datePublished":"2012-01-05T00:00:00+00:00","breadcrumb":{"@id":"https:\/\/psol50.org.br\/psol-pe-denuncia-desastres-um-grande-negocio-do-ministerio-da-integracao\/#breadcrumb"},"inLanguage":"pt-BR","potentialAction":[{"@type":"ReadAction","target":["https:\/\/psol50.org.br\/psol-pe-denuncia-desastres-um-grande-negocio-do-ministerio-da-integracao\/"]}]},{"@type":"ImageObject","inLanguage":"pt-BR","@id":"https:\/\/psol50.org.br\/psol-pe-denuncia-desastres-um-grande-negocio-do-ministerio-da-integracao\/#primaryimage","url":"http:\/\/psol50.org.br\/files\/2012\/01\/bandeira-pernambuco-2.jpg","contentUrl":"http:\/\/psol50.org.br\/files\/2012\/01\/bandeira-pernambuco-2.jpg"},{"@type":"BreadcrumbList","@id":"https:\/\/psol50.org.br\/psol-pe-denuncia-desastres-um-grande-negocio-do-ministerio-da-integracao\/#breadcrumb","itemListElement":[{"@type":"ListItem","position":1,"name":"In\u00edcio","item":"https:\/\/psol50.org.br\/"},{"@type":"ListItem","position":2,"name":"PSOL-PE denuncia: Desastres, um grande neg\u00f3cio do Minist\u00e9rio da Integra\u00e7\u00e3o"}]},{"@type":"WebSite","@id":"https:\/\/psol50.org.br\/#website","url":"https:\/\/psol50.org.br\/","name":"PSOL 50","description":"Site oficial do Partido Socialismo e Liberdade","publisher":{"@id":"https:\/\/psol50.org.br\/#organization"},"alternateName":"PSOL50","potentialAction":[{"@type":"SearchAction","target":{"@type":"EntryPoint","urlTemplate":"https:\/\/psol50.org.br\/?s={search_term_string}"},"query-input":{"@type":"PropertyValueSpecification","valueRequired":true,"valueName":"search_term_string"}}],"inLanguage":"pt-BR"},{"@type":"Organization","@id":"https:\/\/psol50.org.br\/#organization","name":"PSOL 50","alternateName":"PSOL 50","url":"https:\/\/psol50.org.br\/","logo":{"@type":"ImageObject","inLanguage":"pt-BR","@id":"https:\/\/psol50.org.br\/#\/schema\/logo\/image\/","url":"https:\/\/psol50.org.br\/inc\/uploads\/2018\/07\/capa.png","contentUrl":"https:\/\/psol50.org.br\/inc\/uploads\/2018\/07\/capa.png","width":1350,"height":900,"caption":"PSOL 50"},"image":{"@id":"https:\/\/psol50.org.br\/#\/schema\/logo\/image\/"},"sameAs":["https:\/\/www.facebook.com\/psol50","https:\/\/x.com\/psol50","https:\/\/www.instagram.com\/psol50\/","https:\/\/www.youtube.com\/channel\/UC7SnJS5o1os7a6CaiNabzcg"]},{"@type":"Person","@id":"https:\/\/psol50.org.br\/#\/schema\/person\/475dfa57d0b815993c714c2e96491fcd","name":"Comunica\u00e7\u00e3o PSOL","image":{"@type":"ImageObject","inLanguage":"pt-BR","@id":"https:\/\/psol50.org.br\/#\/schema\/person\/image\/","url":"https:\/\/secure.gravatar.com\/avatar\/b34fc4f4e468a4e51785917065a3db57b841f5c95dba6ad8c73aaf8f66f8f9bf?s=96&d=mm&r=g","contentUrl":"https:\/\/secure.gravatar.com\/avatar\/b34fc4f4e468a4e51785917065a3db57b841f5c95dba6ad8c73aaf8f66f8f9bf?s=96&d=mm&r=g","caption":"Comunica\u00e7\u00e3o PSOL"}}]}},"_links":{"self":[{"href":"https:\/\/psol50.org.br\/rest\/wp\/v2\/posts\/1698","targetHints":{"allow":["GET"]}}],"collection":[{"href":"https:\/\/psol50.org.br\/rest\/wp\/v2\/posts"}],"about":[{"href":"https:\/\/psol50.org.br\/rest\/wp\/v2\/types\/post"}],"author":[{"embeddable":true,"href":"https:\/\/psol50.org.br\/rest\/wp\/v2\/users\/2"}],"replies":[{"embeddable":true,"href":"https:\/\/psol50.org.br\/rest\/wp\/v2\/comments?post=1698"}],"version-history":[{"count":0,"href":"https:\/\/psol50.org.br\/rest\/wp\/v2\/posts\/1698\/revisions"}],"wp:attachment":[{"href":"https:\/\/psol50.org.br\/rest\/wp\/v2\/media?parent=1698"}],"wp:term":[{"taxonomy":"category","embeddable":true,"href":"https:\/\/psol50.org.br\/rest\/wp\/v2\/categories?post=1698"},{"taxonomy":"post_tag","embeddable":true,"href":"https:\/\/psol50.org.br\/rest\/wp\/v2\/tags?post=1698"}],"curies":[{"name":"wp","href":"https:\/\/api.w.org\/{rel}","templated":true}]}}