{"id":16988,"date":"2017-06-21T14:12:48","date_gmt":"2017-06-21T14:12:48","guid":{"rendered":"http:\/\/www.psol50.org.br\/?p=16988"},"modified":"2017-06-21T14:12:48","modified_gmt":"2017-06-21T14:12:48","slug":"vereadores-do-psol-propoem-o-dia-de-luta-contra-o-encarceramento-da-juventude-negra","status":"publish","type":"post","link":"https:\/\/psol50.org.br\/vereadores-do-psol-propoem-o-dia-de-luta-contra-o-encarceramento-da-juventude-negra\/","title":{"rendered":"Vereadores do PSOL prop\u00f5em o dia de luta contra encarceramento da juventude negra"},"content":{"rendered":"<p>Vereadores do PSOL do Rio de Janeiro, de Niter\u00f3i, de S\u00e3o Paulo e de Campinas apresentaram, nesta ter\u00e7a-feira (20\/06), projetos de lei propondo a cria\u00e7\u00e3o do Dia de Luta Contra o Encarceramento da Juventude Negra. A iniciativa marcou os quatro anos do dia em que o jovem Rafael Braga foi preso, em 20 de junho de 2013, por carregar em sua mochila, durante uma manifesta\u00e7\u00e3o, um garrafa de detergente Pinho Sol. Em abril deste ano, Rafael, que \u00e9 negro e morador da periferia do Rio de Janeiro, foi condenado\u00a0a onze anos de pris\u00e3o e pagamento de R$ 1.687, por crimes de tr\u00e1fico de drogas e associa\u00e7\u00e3o ao tr\u00e1fico.<\/p>\n<p>No Rio, o projeto de lei \u00e9 assinado pela vereadora Marielle Franco e pelos vereadores Tarc\u00edsio Motta, Renato Cinco, David Miranda e Paulo Pinheiro. Na avalia\u00e7\u00e3o dos parlamentares do PSOL, a pris\u00e3o de Rafael Braga \u00e9 o reflexo de um grave problema social do pa\u00eds: a pris\u00e3o massiva da juventude negra. Os vereadores ressaltam, ainda, no projeto, que entre 2005 e 2012, a popula\u00e7\u00e3o prisional do Brasil cresceu 74%, segundo dados do InfoPen, sendo mais da metade dela composta por jovens de at\u00e9 29 anos. &#8220;E se, em 2012, de cada 100 mil brancos, 191 estavam encarcerados, esse n\u00famero era de 292 presos para cada 100 mil negros no mesmo per\u00edodo. Esse projeto de lei \u00e9 uma forma de, ano a ano, refletirmos sobre essa realidade e lutarmos para modific\u00e1-la&#8221;, afirma Tarc\u00edsio Motta.<\/p>\n<p>Na capital paulista, o projeto \u00e9 de autoria do vereador Toninho Vespoli, que destaca que\u00a0<span class=\"text_exposed_show\">S\u00e3o Paulo \u00e9 o estado com a maior taxa de encarceramento de negros no pa\u00eds. Estudo realizado pela Secretaria Nacional da Juventude em 2012 demonstra que o estado tem 595 presos negros a cada grupo de 100 mil habitantes negros, quando a taxa m\u00e9dia do pa\u00eds \u00e9 de 292 a cada 100 mil habitantes negros, o que tamb\u00e9m j\u00e1 \u00e9 bastante alto.<\/span><\/p>\n<p>O vereador lembra, ainda, que Rafael \u00e9 o \u00fanico condenado no contexto dos protestos de 2013, e a luta por sua liberta\u00e7\u00e3o tornou-se uma fronteira contra o racismo do sistema de justi\u00e7a criminal, a seletividade penal e o encarceramento em massa.\u00a0<span class=\"text_exposed_show\">&#8220;Rafael \u00e9 um jovem negro que vivia em situa\u00e7\u00e3o de rua, e foi preso no contexto das manifesta\u00e7\u00f5es que tomavam as ruas da cidade naquela data, sem contanto ter com elas qualquer liga\u00e7\u00e3o&#8221;, ressalta.<\/span><\/p>\n<p>Em Niter\u00f3i, a vereadora Tal\u00edria Petrone tamb\u00e9m apresentou projeto no mesmo sentido. &#8220;No plen\u00e1rio, insistem em dizer que &#8216;toda hora&#8217; falo sobre isso. Insistem em dizer &#8216;l\u00e1 vem ela de novo&#8217;. A verdade \u00e9 que n\u00e3o vamos nos calar. N\u00e3o enquanto nosso povo tiver medo e, portanto, n\u00e3o for livre, como lembrou Nina Simone. Que Rafael Braga e nosso meninos pretos, filhos das m\u00e3es pretas, n\u00e3o sejam esquecidos nas nossas lutas. Se eles e elas n\u00e3o forem livres, nenhum e nenhuma de n\u00f3s ser\u00e1&#8221;, afirmou Tal\u00edria, ap\u00f3s apresentar o PL na C\u00e2mara Municipal de Niter\u00f3i.<\/p>\n<p>A vereadora Mariana Conti, de Campinas, tamb\u00e9m protocolou o PL na C\u00e2mara Municipal da cidade. &#8220;\u00c9 necess\u00e1rio o debate p\u00fablico, como \u00e9 necess\u00e1ria a luta contra o encarceramento da juventude negra e o racismo do nosso sistema de justi\u00e7a. Acredito que este projeto de lei sirva como mais um esfor\u00e7o neste sentido&#8221;, ressaltou Mariana.<\/p>\n<p>Em Bel\u00e9m, o vereador Fernando Carneiro vai protocolar ainda nesta quarta-feira (21) PL com o mesmo teor dos demais colegas de partido.<\/p>\n<p>A ideia dos vereadores do PSOL \u00e9 tornar essa uma data nacional na luta contra o encarceramento da juventude negra.<\/p>\n<div class=\"text_exposed_show\"><\/div>\n","protected":false},"excerpt":{"rendered":"<p>Vereadores do PSOL do Rio de Janeiro, de Niter\u00f3i, de S\u00e3o Paulo e de Campinas apresentaram, nesta ter\u00e7a-feira (20\/06), projetos de lei propondo a cria\u00e7\u00e3o do Dia de Luta Contra o Encarceramento da Juventude Negra. A iniciativa marcou os quatro anos do dia em que o jovem Rafael Braga foi preso, em 20 de junho [&hellip;]<\/p>\n","protected":false},"author":2,"featured_media":16260,"comment_status":"open","ping_status":"open","sticky":false,"template":"","format":"standard","meta":{"_acf_changed":false,"footnotes":""},"categories":[10,1882,654,1104,6,14],"tags":[1173,3340,1927,194,2633,1175,537,1712,22,127,2103,1753,162,117,382,3341,300,1302],"class_list":{"0":"post-16988","1":"post","2":"type-post","3":"status-publish","4":"format-standard","5":"has-post-thumbnail","7":"category-acao-parlamentares","8":"category-brasil","9":"category-estados","10":"category-movimento","11":"category-noticias","12":"category-partido","13":"tag-david-miranda","14":"tag-dia-de-luta-contra-o-encarceramento-de-juventude-negra","15":"tag-juventude","16":"tag-marielle-franco","17":"tag-paulo-pinheiro","18":"tag-periferia","19":"tag-prisao","20":"tag-projeto-de-lei","21":"tag-psol","22":"tag-racismo","23":"tag-rafael-braga","24":"tag-renato-cinco","25":"tag-rio-de-janeiro","26":"tag-sao-paulo","27":"tag-taliria-petrone","28":"tag-tarcisio-morra","29":"tag-toninho-vespoli","30":"tag-vereadores"},"acf":[],"yoast_head":"<!-- This site is optimized with the Yoast SEO plugin v26.5 - https:\/\/yoast.com\/wordpress\/plugins\/seo\/ -->\n<title>Vereadores do PSOL prop\u00f5em o dia de luta contra encarceramento da juventude negra - PSOL 50<\/title>\n<meta name=\"robots\" content=\"index, follow, max-snippet:-1, max-image-preview:large, max-video-preview:-1\" \/>\n<link rel=\"canonical\" href=\"https:\/\/psol50.org.br\/vereadores-do-psol-propoem-o-dia-de-luta-contra-o-encarceramento-da-juventude-negra\/\" \/>\n<meta property=\"og:locale\" content=\"pt_BR\" \/>\n<meta property=\"og:type\" content=\"article\" \/>\n<meta property=\"og:title\" content=\"Vereadores do PSOL prop\u00f5em o dia de luta contra encarceramento da juventude negra - PSOL 50\" \/>\n<meta property=\"og:description\" content=\"Vereadores do PSOL do Rio de Janeiro, de Niter\u00f3i, de S\u00e3o Paulo e de Campinas apresentaram, nesta ter\u00e7a-feira (20\/06), projetos de lei propondo a cria\u00e7\u00e3o do Dia de Luta Contra o Encarceramento da Juventude Negra. A iniciativa marcou os quatro anos do dia em que o jovem Rafael Braga foi preso, em 20 de junho [&hellip;]\" \/>\n<meta property=\"og:url\" content=\"https:\/\/psol50.org.br\/vereadores-do-psol-propoem-o-dia-de-luta-contra-o-encarceramento-da-juventude-negra\/\" \/>\n<meta property=\"og:site_name\" content=\"PSOL 50\" \/>\n<meta property=\"article:publisher\" content=\"https:\/\/www.facebook.com\/psol50\" \/>\n<meta property=\"article:published_time\" content=\"2017-06-21T14:12:48+00:00\" \/>\n<meta property=\"og:image\" content=\"https:\/\/psol50.org.br\/inc\/uploads\/2018\/07\/capa.png\" \/>\n\t<meta property=\"og:image:width\" content=\"1350\" \/>\n\t<meta property=\"og:image:height\" content=\"900\" \/>\n\t<meta property=\"og:image:type\" content=\"image\/png\" \/>\n<meta name=\"author\" content=\"Comunica\u00e7\u00e3o PSOL\" \/>\n<meta name=\"twitter:card\" content=\"summary_large_image\" \/>\n<meta name=\"twitter:creator\" content=\"@psol50\" \/>\n<meta name=\"twitter:site\" content=\"@psol50\" \/>\n<meta name=\"twitter:label1\" content=\"Escrito por\" \/>\n\t<meta name=\"twitter:data1\" content=\"Comunica\u00e7\u00e3o PSOL\" \/>\n\t<meta name=\"twitter:label2\" content=\"Est. tempo de leitura\" \/>\n\t<meta name=\"twitter:data2\" content=\"3 minutos\" \/>\n<script type=\"application\/ld+json\" class=\"yoast-schema-graph\">{\"@context\":\"https:\/\/schema.org\",\"@graph\":[{\"@type\":\"Article\",\"@id\":\"https:\/\/psol50.org.br\/vereadores-do-psol-propoem-o-dia-de-luta-contra-o-encarceramento-da-juventude-negra\/#article\",\"isPartOf\":{\"@id\":\"https:\/\/psol50.org.br\/vereadores-do-psol-propoem-o-dia-de-luta-contra-o-encarceramento-da-juventude-negra\/\"},\"author\":{\"name\":\"Comunica\u00e7\u00e3o PSOL\",\"@id\":\"https:\/\/psol50.org.br\/#\/schema\/person\/475dfa57d0b815993c714c2e96491fcd\"},\"headline\":\"Vereadores do PSOL prop\u00f5em o dia de luta contra encarceramento da juventude negra\",\"datePublished\":\"2017-06-21T14:12:48+00:00\",\"mainEntityOfPage\":{\"@id\":\"https:\/\/psol50.org.br\/vereadores-do-psol-propoem-o-dia-de-luta-contra-o-encarceramento-da-juventude-negra\/\"},\"wordCount\":617,\"commentCount\":0,\"publisher\":{\"@id\":\"https:\/\/psol50.org.br\/#organization\"},\"image\":{\"@id\":\"https:\/\/psol50.org.br\/vereadores-do-psol-propoem-o-dia-de-luta-contra-o-encarceramento-da-juventude-negra\/#primaryimage\"},\"thumbnailUrl\":\"\",\"keywords\":[\"David Miranda\",\"dia de luta contra o encarceramento de juventude negra\",\"juventude\",\"Marielle Franco\",\"Paulo Pinheiro\",\"periferia\",\"pris\u00e3o\",\"projeto de lei\",\"PSOL\",\"racismo\",\"Rafael Braga\",\"Renato Cinco\",\"Rio de Janeiro\",\"S\u00e3o Paulo\",\"Tal\u00edria Petrone\",\"Tarc\u00edsio Morra\",\"Toninho Vespoli\",\"Vereadores\"],\"articleSection\":[\"A\u00e7\u00e3o Parlamentar\",\"Brasil\",\"Estados\",\"Movimento\",\"Not\u00edcias\",\"Partido\"],\"inLanguage\":\"pt-BR\",\"potentialAction\":[{\"@type\":\"CommentAction\",\"name\":\"Comment\",\"target\":[\"https:\/\/psol50.org.br\/vereadores-do-psol-propoem-o-dia-de-luta-contra-o-encarceramento-da-juventude-negra\/#respond\"]}]},{\"@type\":\"WebPage\",\"@id\":\"https:\/\/psol50.org.br\/vereadores-do-psol-propoem-o-dia-de-luta-contra-o-encarceramento-da-juventude-negra\/\",\"url\":\"https:\/\/psol50.org.br\/vereadores-do-psol-propoem-o-dia-de-luta-contra-o-encarceramento-da-juventude-negra\/\",\"name\":\"Vereadores do PSOL prop\u00f5em o dia de luta contra encarceramento da juventude negra - PSOL 50\",\"isPartOf\":{\"@id\":\"https:\/\/psol50.org.br\/#website\"},\"primaryImageOfPage\":{\"@id\":\"https:\/\/psol50.org.br\/vereadores-do-psol-propoem-o-dia-de-luta-contra-o-encarceramento-da-juventude-negra\/#primaryimage\"},\"image\":{\"@id\":\"https:\/\/psol50.org.br\/vereadores-do-psol-propoem-o-dia-de-luta-contra-o-encarceramento-da-juventude-negra\/#primaryimage\"},\"thumbnailUrl\":\"\",\"datePublished\":\"2017-06-21T14:12:48+00:00\",\"breadcrumb\":{\"@id\":\"https:\/\/psol50.org.br\/vereadores-do-psol-propoem-o-dia-de-luta-contra-o-encarceramento-da-juventude-negra\/#breadcrumb\"},\"inLanguage\":\"pt-BR\",\"potentialAction\":[{\"@type\":\"ReadAction\",\"target\":[\"https:\/\/psol50.org.br\/vereadores-do-psol-propoem-o-dia-de-luta-contra-o-encarceramento-da-juventude-negra\/\"]}]},{\"@type\":\"ImageObject\",\"inLanguage\":\"pt-BR\",\"@id\":\"https:\/\/psol50.org.br\/vereadores-do-psol-propoem-o-dia-de-luta-contra-o-encarceramento-da-juventude-negra\/#primaryimage\",\"url\":\"\",\"contentUrl\":\"\"},{\"@type\":\"BreadcrumbList\",\"@id\":\"https:\/\/psol50.org.br\/vereadores-do-psol-propoem-o-dia-de-luta-contra-o-encarceramento-da-juventude-negra\/#breadcrumb\",\"itemListElement\":[{\"@type\":\"ListItem\",\"position\":1,\"name\":\"In\u00edcio\",\"item\":\"https:\/\/psol50.org.br\/\"},{\"@type\":\"ListItem\",\"position\":2,\"name\":\"Vereadores do PSOL prop\u00f5em o dia de luta contra encarceramento da juventude negra\"}]},{\"@type\":\"WebSite\",\"@id\":\"https:\/\/psol50.org.br\/#website\",\"url\":\"https:\/\/psol50.org.br\/\",\"name\":\"PSOL 50\",\"description\":\"Site oficial do Partido Socialismo e Liberdade\",\"publisher\":{\"@id\":\"https:\/\/psol50.org.br\/#organization\"},\"alternateName\":\"PSOL50\",\"potentialAction\":[{\"@type\":\"SearchAction\",\"target\":{\"@type\":\"EntryPoint\",\"urlTemplate\":\"https:\/\/psol50.org.br\/?s={search_term_string}\"},\"query-input\":{\"@type\":\"PropertyValueSpecification\",\"valueRequired\":true,\"valueName\":\"search_term_string\"}}],\"inLanguage\":\"pt-BR\"},{\"@type\":\"Organization\",\"@id\":\"https:\/\/psol50.org.br\/#organization\",\"name\":\"PSOL 50\",\"alternateName\":\"PSOL 50\",\"url\":\"https:\/\/psol50.org.br\/\",\"logo\":{\"@type\":\"ImageObject\",\"inLanguage\":\"pt-BR\",\"@id\":\"https:\/\/psol50.org.br\/#\/schema\/logo\/image\/\",\"url\":\"https:\/\/psol50.org.br\/inc\/uploads\/2018\/07\/capa.png\",\"contentUrl\":\"https:\/\/psol50.org.br\/inc\/uploads\/2018\/07\/capa.png\",\"width\":1350,\"height\":900,\"caption\":\"PSOL 50\"},\"image\":{\"@id\":\"https:\/\/psol50.org.br\/#\/schema\/logo\/image\/\"},\"sameAs\":[\"https:\/\/www.facebook.com\/psol50\",\"https:\/\/x.com\/psol50\",\"https:\/\/www.instagram.com\/psol50\/\",\"https:\/\/www.youtube.com\/channel\/UC7SnJS5o1os7a6CaiNabzcg\"]},{\"@type\":\"Person\",\"@id\":\"https:\/\/psol50.org.br\/#\/schema\/person\/475dfa57d0b815993c714c2e96491fcd\",\"name\":\"Comunica\u00e7\u00e3o PSOL\",\"image\":{\"@type\":\"ImageObject\",\"inLanguage\":\"pt-BR\",\"@id\":\"https:\/\/psol50.org.br\/#\/schema\/person\/image\/\",\"url\":\"https:\/\/secure.gravatar.com\/avatar\/b34fc4f4e468a4e51785917065a3db57b841f5c95dba6ad8c73aaf8f66f8f9bf?s=96&d=mm&r=g\",\"contentUrl\":\"https:\/\/secure.gravatar.com\/avatar\/b34fc4f4e468a4e51785917065a3db57b841f5c95dba6ad8c73aaf8f66f8f9bf?s=96&d=mm&r=g\",\"caption\":\"Comunica\u00e7\u00e3o PSOL\"}}]}<\/script>\n<!-- \/ Yoast SEO plugin. -->","yoast_head_json":{"title":"Vereadores do PSOL prop\u00f5em o dia de luta contra encarceramento da juventude negra - PSOL 50","robots":{"index":"index","follow":"follow","max-snippet":"max-snippet:-1","max-image-preview":"max-image-preview:large","max-video-preview":"max-video-preview:-1"},"canonical":"https:\/\/psol50.org.br\/vereadores-do-psol-propoem-o-dia-de-luta-contra-o-encarceramento-da-juventude-negra\/","og_locale":"pt_BR","og_type":"article","og_title":"Vereadores do PSOL prop\u00f5em o dia de luta contra encarceramento da juventude negra - PSOL 50","og_description":"Vereadores do PSOL do Rio de Janeiro, de Niter\u00f3i, de S\u00e3o Paulo e de Campinas apresentaram, nesta ter\u00e7a-feira (20\/06), projetos de lei propondo a cria\u00e7\u00e3o do Dia de Luta Contra o Encarceramento da Juventude Negra. A iniciativa marcou os quatro anos do dia em que o jovem Rafael Braga foi preso, em 20 de junho [&hellip;]","og_url":"https:\/\/psol50.org.br\/vereadores-do-psol-propoem-o-dia-de-luta-contra-o-encarceramento-da-juventude-negra\/","og_site_name":"PSOL 50","article_publisher":"https:\/\/www.facebook.com\/psol50","article_published_time":"2017-06-21T14:12:48+00:00","og_image":[{"width":1350,"height":900,"url":"https:\/\/psol50.org.br\/inc\/uploads\/2018\/07\/capa.png","type":"image\/png"}],"author":"Comunica\u00e7\u00e3o PSOL","twitter_card":"summary_large_image","twitter_creator":"@psol50","twitter_site":"@psol50","twitter_misc":{"Escrito por":"Comunica\u00e7\u00e3o PSOL","Est. tempo de leitura":"3 minutos"},"schema":{"@context":"https:\/\/schema.org","@graph":[{"@type":"Article","@id":"https:\/\/psol50.org.br\/vereadores-do-psol-propoem-o-dia-de-luta-contra-o-encarceramento-da-juventude-negra\/#article","isPartOf":{"@id":"https:\/\/psol50.org.br\/vereadores-do-psol-propoem-o-dia-de-luta-contra-o-encarceramento-da-juventude-negra\/"},"author":{"name":"Comunica\u00e7\u00e3o PSOL","@id":"https:\/\/psol50.org.br\/#\/schema\/person\/475dfa57d0b815993c714c2e96491fcd"},"headline":"Vereadores do PSOL prop\u00f5em o dia de luta contra encarceramento da juventude negra","datePublished":"2017-06-21T14:12:48+00:00","mainEntityOfPage":{"@id":"https:\/\/psol50.org.br\/vereadores-do-psol-propoem-o-dia-de-luta-contra-o-encarceramento-da-juventude-negra\/"},"wordCount":617,"commentCount":0,"publisher":{"@id":"https:\/\/psol50.org.br\/#organization"},"image":{"@id":"https:\/\/psol50.org.br\/vereadores-do-psol-propoem-o-dia-de-luta-contra-o-encarceramento-da-juventude-negra\/#primaryimage"},"thumbnailUrl":"","keywords":["David Miranda","dia de luta contra o encarceramento de juventude negra","juventude","Marielle Franco","Paulo Pinheiro","periferia","pris\u00e3o","projeto de lei","PSOL","racismo","Rafael Braga","Renato Cinco","Rio de Janeiro","S\u00e3o Paulo","Tal\u00edria Petrone","Tarc\u00edsio Morra","Toninho Vespoli","Vereadores"],"articleSection":["A\u00e7\u00e3o Parlamentar","Brasil","Estados","Movimento","Not\u00edcias","Partido"],"inLanguage":"pt-BR","potentialAction":[{"@type":"CommentAction","name":"Comment","target":["https:\/\/psol50.org.br\/vereadores-do-psol-propoem-o-dia-de-luta-contra-o-encarceramento-da-juventude-negra\/#respond"]}]},{"@type":"WebPage","@id":"https:\/\/psol50.org.br\/vereadores-do-psol-propoem-o-dia-de-luta-contra-o-encarceramento-da-juventude-negra\/","url":"https:\/\/psol50.org.br\/vereadores-do-psol-propoem-o-dia-de-luta-contra-o-encarceramento-da-juventude-negra\/","name":"Vereadores do PSOL prop\u00f5em o dia de luta contra encarceramento da juventude negra - PSOL 50","isPartOf":{"@id":"https:\/\/psol50.org.br\/#website"},"primaryImageOfPage":{"@id":"https:\/\/psol50.org.br\/vereadores-do-psol-propoem-o-dia-de-luta-contra-o-encarceramento-da-juventude-negra\/#primaryimage"},"image":{"@id":"https:\/\/psol50.org.br\/vereadores-do-psol-propoem-o-dia-de-luta-contra-o-encarceramento-da-juventude-negra\/#primaryimage"},"thumbnailUrl":"","datePublished":"2017-06-21T14:12:48+00:00","breadcrumb":{"@id":"https:\/\/psol50.org.br\/vereadores-do-psol-propoem-o-dia-de-luta-contra-o-encarceramento-da-juventude-negra\/#breadcrumb"},"inLanguage":"pt-BR","potentialAction":[{"@type":"ReadAction","target":["https:\/\/psol50.org.br\/vereadores-do-psol-propoem-o-dia-de-luta-contra-o-encarceramento-da-juventude-negra\/"]}]},{"@type":"ImageObject","inLanguage":"pt-BR","@id":"https:\/\/psol50.org.br\/vereadores-do-psol-propoem-o-dia-de-luta-contra-o-encarceramento-da-juventude-negra\/#primaryimage","url":"","contentUrl":""},{"@type":"BreadcrumbList","@id":"https:\/\/psol50.org.br\/vereadores-do-psol-propoem-o-dia-de-luta-contra-o-encarceramento-da-juventude-negra\/#breadcrumb","itemListElement":[{"@type":"ListItem","position":1,"name":"In\u00edcio","item":"https:\/\/psol50.org.br\/"},{"@type":"ListItem","position":2,"name":"Vereadores do PSOL prop\u00f5em o dia de luta contra encarceramento da juventude negra"}]},{"@type":"WebSite","@id":"https:\/\/psol50.org.br\/#website","url":"https:\/\/psol50.org.br\/","name":"PSOL 50","description":"Site oficial do Partido Socialismo e Liberdade","publisher":{"@id":"https:\/\/psol50.org.br\/#organization"},"alternateName":"PSOL50","potentialAction":[{"@type":"SearchAction","target":{"@type":"EntryPoint","urlTemplate":"https:\/\/psol50.org.br\/?s={search_term_string}"},"query-input":{"@type":"PropertyValueSpecification","valueRequired":true,"valueName":"search_term_string"}}],"inLanguage":"pt-BR"},{"@type":"Organization","@id":"https:\/\/psol50.org.br\/#organization","name":"PSOL 50","alternateName":"PSOL 50","url":"https:\/\/psol50.org.br\/","logo":{"@type":"ImageObject","inLanguage":"pt-BR","@id":"https:\/\/psol50.org.br\/#\/schema\/logo\/image\/","url":"https:\/\/psol50.org.br\/inc\/uploads\/2018\/07\/capa.png","contentUrl":"https:\/\/psol50.org.br\/inc\/uploads\/2018\/07\/capa.png","width":1350,"height":900,"caption":"PSOL 50"},"image":{"@id":"https:\/\/psol50.org.br\/#\/schema\/logo\/image\/"},"sameAs":["https:\/\/www.facebook.com\/psol50","https:\/\/x.com\/psol50","https:\/\/www.instagram.com\/psol50\/","https:\/\/www.youtube.com\/channel\/UC7SnJS5o1os7a6CaiNabzcg"]},{"@type":"Person","@id":"https:\/\/psol50.org.br\/#\/schema\/person\/475dfa57d0b815993c714c2e96491fcd","name":"Comunica\u00e7\u00e3o PSOL","image":{"@type":"ImageObject","inLanguage":"pt-BR","@id":"https:\/\/psol50.org.br\/#\/schema\/person\/image\/","url":"https:\/\/secure.gravatar.com\/avatar\/b34fc4f4e468a4e51785917065a3db57b841f5c95dba6ad8c73aaf8f66f8f9bf?s=96&d=mm&r=g","contentUrl":"https:\/\/secure.gravatar.com\/avatar\/b34fc4f4e468a4e51785917065a3db57b841f5c95dba6ad8c73aaf8f66f8f9bf?s=96&d=mm&r=g","caption":"Comunica\u00e7\u00e3o PSOL"}}]}},"_links":{"self":[{"href":"https:\/\/psol50.org.br\/rest\/wp\/v2\/posts\/16988","targetHints":{"allow":["GET"]}}],"collection":[{"href":"https:\/\/psol50.org.br\/rest\/wp\/v2\/posts"}],"about":[{"href":"https:\/\/psol50.org.br\/rest\/wp\/v2\/types\/post"}],"author":[{"embeddable":true,"href":"https:\/\/psol50.org.br\/rest\/wp\/v2\/users\/2"}],"replies":[{"embeddable":true,"href":"https:\/\/psol50.org.br\/rest\/wp\/v2\/comments?post=16988"}],"version-history":[{"count":0,"href":"https:\/\/psol50.org.br\/rest\/wp\/v2\/posts\/16988\/revisions"}],"wp:featuredmedia":[{"embeddable":true,"href":"https:\/\/psol50.org.br\/rest\/"}],"wp:attachment":[{"href":"https:\/\/psol50.org.br\/rest\/wp\/v2\/media?parent=16988"}],"wp:term":[{"taxonomy":"category","embeddable":true,"href":"https:\/\/psol50.org.br\/rest\/wp\/v2\/categories?post=16988"},{"taxonomy":"post_tag","embeddable":true,"href":"https:\/\/psol50.org.br\/rest\/wp\/v2\/tags?post=16988"}],"curies":[{"name":"wp","href":"https:\/\/api.w.org\/{rel}","templated":true}]}}