{"id":1699,"date":"2012-01-09T00:00:00","date_gmt":"2012-01-09T00:00:00","guid":{"rendered":"http:\/\/psol50.org.br\/arquivo\/2012\/01\/09\/psol-tambem-entra-na-disputa-pela-prefeitura-de-osasco\/"},"modified":"2012-01-09T00:00:00","modified_gmt":"2012-01-09T00:00:00","slug":"psol-tambem-entra-na-disputa-pela-prefeitura-de-osasco","status":"publish","type":"post","link":"https:\/\/psol50.org.br\/psol-tambem-entra-na-disputa-pela-prefeitura-de-osasco\/","title":{"rendered":"PSOL tamb\u00e9m entra na disputa pela prefeitura de Osasco"},"content":{"rendered":"<p style=\"text-align: justify\"><a href=\"http:\/\/psol50.org.br\/blog\/2012\/01\/09\/psol-tambem-entra-na-disputa-pela-prefeitura-de-osasco\/psol-21\/\" rel=\"attachment wp-att-13074\"><img loading=\"lazy\" decoding=\"async\" class=\"alignleft size-medium wp-image-13074\" src=\"http:\/\/psol50.org.br\/files\/2012\/01\/psol-21-300x153.png\" alt=\"\" width=\"300\" height=\"153\" \/><\/a>A disputa eleitoral para prefeito de Osasco contar\u00e1 com mais um pr\u00e9-candidato. O Partido Socialismo e Liberdade (PSOL) publicou no site da legenda que Alexandre Castilho poder\u00e1 ser o cabe\u00e7a de chapa da sigla para as elei\u00e7\u00f5es municipais de 2012. \u201cN\u00f3s do N\u00facleo Solidariedade Socialista apresentamos o nome do companheiro Alexandre Castilho como pr\u00e9-candidato a prefeito em Osasco nas elei\u00e7\u00f5es de 2012. E submetemos aos companheiros dos N\u00facleos Luta Popular e Constru\u00e7\u00e3o Socialista para que iniciem o debate sobre a candidatura majorit\u00e1ria e, se poss\u00edvel, chegarmos ao consenso com os demais coletivos e viabilizarmos a apresenta\u00e7\u00e3o do nome do PSOL na cidade de Osasco\u201d, afirma o partido no site.<\/p>\n<p style=\"text-align: justify\">Por enquanto, Castilho possui o apoio de 40% da executiva do partido e \u00e9 o \u00fanico nome oficializado como pr\u00e9-candidato, no momento. \u201cAt\u00e9 o fim do m\u00eas [de janeiro] esperamos ter o conjunto do partido. Porque ou surge outro nome ou oficializa o meu. Mas a minha expectativa \u00e9 que exista apenas a formaliza\u00e7\u00e3o do meu nome\u201d, disse Castilho.<\/p>\n<p style=\"text-align: justify\">O coordenador do n\u00facleo popular do PSOL, Elton Bastos, explica que se mais algu\u00e9m do partido se dispor a sair como candidato haver\u00e1 um debate para definir o candidato. Caso n\u00e3o entrem em consenso, a sigla dever\u00e1 fazer a pr\u00e9via. Ele tamb\u00e9m ressalta que dois pontos s\u00e3o levados em considera\u00e7\u00e3o para a pr\u00e9-candidatura, ter um bom programa pol\u00edtico para a cidade e compor uma chapa forte.<\/p>\n<p style=\"text-align: justify\">Para fortalecer a candidatura ao cargo majorit\u00e1rio, o PSOL deve se aliar ao Partido Socialista dos Trabalhadores Unificados (PSTU) e o Partido Comunista Brasileiro (PCB), ambos de esquerda. Mas outros tamb\u00e9m s\u00e3o cogitados \u201cos \u00fanicos partidos al\u00e9m da frente de esquerda [com quem podemos coligar] s\u00e3o PPL [Partido P\u00e1tria Livre] ou PMN [Partido da Mobiliza\u00e7\u00e3o Nacional], mas isso vai depender de muita conversa para sabermos que caminhos eles v\u00e3o seguir.<\/p>\n<p style=\"text-align: justify\">&#8220;S\u00f3 faremos coliga\u00e7\u00e3o com partidos que tenham rompido com o governo atual ou que sejam independentes\u201d conclui Castilho.<\/p>\n<p style=\"text-align: justify\"><strong>Postado: Jornal WEBDIARIO <\/strong><\/p>\n","protected":false},"excerpt":{"rendered":"<p>A disputa eleitoral para prefeito de Osasco contar\u00e1 com mais um pr\u00e9-candidato. O Partido Socialismo e Liberdade (PSOL) publicou no site da legenda que Alexandre Castilho poder\u00e1 ser o cabe\u00e7a de chapa da sigla para as elei\u00e7\u00f5es municipais de 2012. \u201cN\u00f3s do N\u00facleo Solidariedade Socialista apresentamos o nome do companheiro Alexandre Castilho como pr\u00e9-candidato a [&hellip;]<\/p>\n","protected":false},"author":2,"featured_media":0,"comment_status":"open","ping_status":"open","sticky":false,"template":"","format":"standard","meta":{"_acf_changed":false,"footnotes":""},"categories":[4766],"tags":[22],"class_list":{"0":"post-1699","1":"post","2":"type-post","3":"status-publish","4":"format-standard","6":"category-arquivo","7":"tag-psol"},"acf":[],"yoast_head":"<!-- This site is optimized with the Yoast SEO plugin v26.5 - https:\/\/yoast.com\/wordpress\/plugins\/seo\/ -->\n<title>PSOL tamb\u00e9m entra na disputa pela prefeitura de Osasco - PSOL 50<\/title>\n<meta name=\"robots\" content=\"index, follow, max-snippet:-1, max-image-preview:large, max-video-preview:-1\" \/>\n<link rel=\"canonical\" href=\"https:\/\/psol50.org.br\/psol-tambem-entra-na-disputa-pela-prefeitura-de-osasco\/\" \/>\n<meta property=\"og:locale\" content=\"pt_BR\" \/>\n<meta property=\"og:type\" content=\"article\" \/>\n<meta property=\"og:title\" content=\"PSOL tamb\u00e9m entra na disputa pela prefeitura de Osasco - PSOL 50\" \/>\n<meta property=\"og:description\" content=\"A disputa eleitoral para prefeito de Osasco contar\u00e1 com mais um pr\u00e9-candidato. O Partido Socialismo e Liberdade (PSOL) publicou no site da legenda que Alexandre Castilho poder\u00e1 ser o cabe\u00e7a de chapa da sigla para as elei\u00e7\u00f5es municipais de 2012. \u201cN\u00f3s do N\u00facleo Solidariedade Socialista apresentamos o nome do companheiro Alexandre Castilho como pr\u00e9-candidato a [&hellip;]\" \/>\n<meta property=\"og:url\" content=\"https:\/\/psol50.org.br\/psol-tambem-entra-na-disputa-pela-prefeitura-de-osasco\/\" \/>\n<meta property=\"og:site_name\" content=\"PSOL 50\" \/>\n<meta property=\"article:publisher\" content=\"https:\/\/www.facebook.com\/psol50\" \/>\n<meta property=\"article:published_time\" content=\"2012-01-09T00:00:00+00:00\" \/>\n<meta property=\"og:image\" content=\"http:\/\/psol50.org.br\/files\/2012\/01\/psol-21-300x153.png\" \/>\n<meta name=\"author\" content=\"Comunica\u00e7\u00e3o PSOL\" \/>\n<meta name=\"twitter:card\" content=\"summary_large_image\" \/>\n<meta name=\"twitter:creator\" content=\"@psol50\" \/>\n<meta name=\"twitter:site\" content=\"@psol50\" \/>\n<meta name=\"twitter:label1\" content=\"Escrito por\" \/>\n\t<meta name=\"twitter:data1\" content=\"Comunica\u00e7\u00e3o PSOL\" \/>\n\t<meta name=\"twitter:label2\" content=\"Est. tempo de leitura\" \/>\n\t<meta name=\"twitter:data2\" content=\"2 minutos\" \/>\n<script type=\"application\/ld+json\" class=\"yoast-schema-graph\">{\"@context\":\"https:\/\/schema.org\",\"@graph\":[{\"@type\":\"Article\",\"@id\":\"https:\/\/psol50.org.br\/psol-tambem-entra-na-disputa-pela-prefeitura-de-osasco\/#article\",\"isPartOf\":{\"@id\":\"https:\/\/psol50.org.br\/psol-tambem-entra-na-disputa-pela-prefeitura-de-osasco\/\"},\"author\":{\"name\":\"Comunica\u00e7\u00e3o PSOL\",\"@id\":\"https:\/\/psol50.org.br\/#\/schema\/person\/475dfa57d0b815993c714c2e96491fcd\"},\"headline\":\"PSOL tamb\u00e9m entra na disputa pela prefeitura de Osasco\",\"datePublished\":\"2012-01-09T00:00:00+00:00\",\"mainEntityOfPage\":{\"@id\":\"https:\/\/psol50.org.br\/psol-tambem-entra-na-disputa-pela-prefeitura-de-osasco\/\"},\"wordCount\":363,\"commentCount\":0,\"publisher\":{\"@id\":\"https:\/\/psol50.org.br\/#organization\"},\"image\":{\"@id\":\"https:\/\/psol50.org.br\/psol-tambem-entra-na-disputa-pela-prefeitura-de-osasco\/#primaryimage\"},\"thumbnailUrl\":\"http:\/\/psol50.org.br\/files\/2012\/01\/psol-21-300x153.png\",\"keywords\":[\"PSOL\"],\"articleSection\":[\"Arquivo\"],\"inLanguage\":\"pt-BR\",\"potentialAction\":[{\"@type\":\"CommentAction\",\"name\":\"Comment\",\"target\":[\"https:\/\/psol50.org.br\/psol-tambem-entra-na-disputa-pela-prefeitura-de-osasco\/#respond\"]}]},{\"@type\":\"WebPage\",\"@id\":\"https:\/\/psol50.org.br\/psol-tambem-entra-na-disputa-pela-prefeitura-de-osasco\/\",\"url\":\"https:\/\/psol50.org.br\/psol-tambem-entra-na-disputa-pela-prefeitura-de-osasco\/\",\"name\":\"PSOL tamb\u00e9m entra na disputa pela prefeitura de Osasco - PSOL 50\",\"isPartOf\":{\"@id\":\"https:\/\/psol50.org.br\/#website\"},\"primaryImageOfPage\":{\"@id\":\"https:\/\/psol50.org.br\/psol-tambem-entra-na-disputa-pela-prefeitura-de-osasco\/#primaryimage\"},\"image\":{\"@id\":\"https:\/\/psol50.org.br\/psol-tambem-entra-na-disputa-pela-prefeitura-de-osasco\/#primaryimage\"},\"thumbnailUrl\":\"http:\/\/psol50.org.br\/files\/2012\/01\/psol-21-300x153.png\",\"datePublished\":\"2012-01-09T00:00:00+00:00\",\"breadcrumb\":{\"@id\":\"https:\/\/psol50.org.br\/psol-tambem-entra-na-disputa-pela-prefeitura-de-osasco\/#breadcrumb\"},\"inLanguage\":\"pt-BR\",\"potentialAction\":[{\"@type\":\"ReadAction\",\"target\":[\"https:\/\/psol50.org.br\/psol-tambem-entra-na-disputa-pela-prefeitura-de-osasco\/\"]}]},{\"@type\":\"ImageObject\",\"inLanguage\":\"pt-BR\",\"@id\":\"https:\/\/psol50.org.br\/psol-tambem-entra-na-disputa-pela-prefeitura-de-osasco\/#primaryimage\",\"url\":\"http:\/\/psol50.org.br\/files\/2012\/01\/psol-21-300x153.png\",\"contentUrl\":\"http:\/\/psol50.org.br\/files\/2012\/01\/psol-21-300x153.png\"},{\"@type\":\"BreadcrumbList\",\"@id\":\"https:\/\/psol50.org.br\/psol-tambem-entra-na-disputa-pela-prefeitura-de-osasco\/#breadcrumb\",\"itemListElement\":[{\"@type\":\"ListItem\",\"position\":1,\"name\":\"In\u00edcio\",\"item\":\"https:\/\/psol50.org.br\/\"},{\"@type\":\"ListItem\",\"position\":2,\"name\":\"PSOL tamb\u00e9m entra na disputa pela prefeitura de Osasco\"}]},{\"@type\":\"WebSite\",\"@id\":\"https:\/\/psol50.org.br\/#website\",\"url\":\"https:\/\/psol50.org.br\/\",\"name\":\"PSOL 50\",\"description\":\"Site oficial do Partido Socialismo e Liberdade\",\"publisher\":{\"@id\":\"https:\/\/psol50.org.br\/#organization\"},\"alternateName\":\"PSOL50\",\"potentialAction\":[{\"@type\":\"SearchAction\",\"target\":{\"@type\":\"EntryPoint\",\"urlTemplate\":\"https:\/\/psol50.org.br\/?s={search_term_string}\"},\"query-input\":{\"@type\":\"PropertyValueSpecification\",\"valueRequired\":true,\"valueName\":\"search_term_string\"}}],\"inLanguage\":\"pt-BR\"},{\"@type\":\"Organization\",\"@id\":\"https:\/\/psol50.org.br\/#organization\",\"name\":\"PSOL 50\",\"alternateName\":\"PSOL 50\",\"url\":\"https:\/\/psol50.org.br\/\",\"logo\":{\"@type\":\"ImageObject\",\"inLanguage\":\"pt-BR\",\"@id\":\"https:\/\/psol50.org.br\/#\/schema\/logo\/image\/\",\"url\":\"https:\/\/psol50.org.br\/inc\/uploads\/2018\/07\/capa.png\",\"contentUrl\":\"https:\/\/psol50.org.br\/inc\/uploads\/2018\/07\/capa.png\",\"width\":1350,\"height\":900,\"caption\":\"PSOL 50\"},\"image\":{\"@id\":\"https:\/\/psol50.org.br\/#\/schema\/logo\/image\/\"},\"sameAs\":[\"https:\/\/www.facebook.com\/psol50\",\"https:\/\/x.com\/psol50\",\"https:\/\/www.instagram.com\/psol50\/\",\"https:\/\/www.youtube.com\/channel\/UC7SnJS5o1os7a6CaiNabzcg\"]},{\"@type\":\"Person\",\"@id\":\"https:\/\/psol50.org.br\/#\/schema\/person\/475dfa57d0b815993c714c2e96491fcd\",\"name\":\"Comunica\u00e7\u00e3o PSOL\",\"image\":{\"@type\":\"ImageObject\",\"inLanguage\":\"pt-BR\",\"@id\":\"https:\/\/psol50.org.br\/#\/schema\/person\/image\/\",\"url\":\"https:\/\/secure.gravatar.com\/avatar\/b34fc4f4e468a4e51785917065a3db57b841f5c95dba6ad8c73aaf8f66f8f9bf?s=96&d=mm&r=g\",\"contentUrl\":\"https:\/\/secure.gravatar.com\/avatar\/b34fc4f4e468a4e51785917065a3db57b841f5c95dba6ad8c73aaf8f66f8f9bf?s=96&d=mm&r=g\",\"caption\":\"Comunica\u00e7\u00e3o PSOL\"}}]}<\/script>\n<!-- \/ Yoast SEO plugin. -->","yoast_head_json":{"title":"PSOL tamb\u00e9m entra na disputa pela prefeitura de Osasco - PSOL 50","robots":{"index":"index","follow":"follow","max-snippet":"max-snippet:-1","max-image-preview":"max-image-preview:large","max-video-preview":"max-video-preview:-1"},"canonical":"https:\/\/psol50.org.br\/psol-tambem-entra-na-disputa-pela-prefeitura-de-osasco\/","og_locale":"pt_BR","og_type":"article","og_title":"PSOL tamb\u00e9m entra na disputa pela prefeitura de Osasco - PSOL 50","og_description":"A disputa eleitoral para prefeito de Osasco contar\u00e1 com mais um pr\u00e9-candidato. O Partido Socialismo e Liberdade (PSOL) publicou no site da legenda que Alexandre Castilho poder\u00e1 ser o cabe\u00e7a de chapa da sigla para as elei\u00e7\u00f5es municipais de 2012. \u201cN\u00f3s do N\u00facleo Solidariedade Socialista apresentamos o nome do companheiro Alexandre Castilho como pr\u00e9-candidato a [&hellip;]","og_url":"https:\/\/psol50.org.br\/psol-tambem-entra-na-disputa-pela-prefeitura-de-osasco\/","og_site_name":"PSOL 50","article_publisher":"https:\/\/www.facebook.com\/psol50","article_published_time":"2012-01-09T00:00:00+00:00","og_image":[{"url":"http:\/\/psol50.org.br\/files\/2012\/01\/psol-21-300x153.png","type":"","width":"","height":""}],"author":"Comunica\u00e7\u00e3o PSOL","twitter_card":"summary_large_image","twitter_creator":"@psol50","twitter_site":"@psol50","twitter_misc":{"Escrito por":"Comunica\u00e7\u00e3o PSOL","Est. tempo de leitura":"2 minutos"},"schema":{"@context":"https:\/\/schema.org","@graph":[{"@type":"Article","@id":"https:\/\/psol50.org.br\/psol-tambem-entra-na-disputa-pela-prefeitura-de-osasco\/#article","isPartOf":{"@id":"https:\/\/psol50.org.br\/psol-tambem-entra-na-disputa-pela-prefeitura-de-osasco\/"},"author":{"name":"Comunica\u00e7\u00e3o PSOL","@id":"https:\/\/psol50.org.br\/#\/schema\/person\/475dfa57d0b815993c714c2e96491fcd"},"headline":"PSOL tamb\u00e9m entra na disputa pela prefeitura de Osasco","datePublished":"2012-01-09T00:00:00+00:00","mainEntityOfPage":{"@id":"https:\/\/psol50.org.br\/psol-tambem-entra-na-disputa-pela-prefeitura-de-osasco\/"},"wordCount":363,"commentCount":0,"publisher":{"@id":"https:\/\/psol50.org.br\/#organization"},"image":{"@id":"https:\/\/psol50.org.br\/psol-tambem-entra-na-disputa-pela-prefeitura-de-osasco\/#primaryimage"},"thumbnailUrl":"http:\/\/psol50.org.br\/files\/2012\/01\/psol-21-300x153.png","keywords":["PSOL"],"articleSection":["Arquivo"],"inLanguage":"pt-BR","potentialAction":[{"@type":"CommentAction","name":"Comment","target":["https:\/\/psol50.org.br\/psol-tambem-entra-na-disputa-pela-prefeitura-de-osasco\/#respond"]}]},{"@type":"WebPage","@id":"https:\/\/psol50.org.br\/psol-tambem-entra-na-disputa-pela-prefeitura-de-osasco\/","url":"https:\/\/psol50.org.br\/psol-tambem-entra-na-disputa-pela-prefeitura-de-osasco\/","name":"PSOL tamb\u00e9m entra na disputa pela prefeitura de Osasco - PSOL 50","isPartOf":{"@id":"https:\/\/psol50.org.br\/#website"},"primaryImageOfPage":{"@id":"https:\/\/psol50.org.br\/psol-tambem-entra-na-disputa-pela-prefeitura-de-osasco\/#primaryimage"},"image":{"@id":"https:\/\/psol50.org.br\/psol-tambem-entra-na-disputa-pela-prefeitura-de-osasco\/#primaryimage"},"thumbnailUrl":"http:\/\/psol50.org.br\/files\/2012\/01\/psol-21-300x153.png","datePublished":"2012-01-09T00:00:00+00:00","breadcrumb":{"@id":"https:\/\/psol50.org.br\/psol-tambem-entra-na-disputa-pela-prefeitura-de-osasco\/#breadcrumb"},"inLanguage":"pt-BR","potentialAction":[{"@type":"ReadAction","target":["https:\/\/psol50.org.br\/psol-tambem-entra-na-disputa-pela-prefeitura-de-osasco\/"]}]},{"@type":"ImageObject","inLanguage":"pt-BR","@id":"https:\/\/psol50.org.br\/psol-tambem-entra-na-disputa-pela-prefeitura-de-osasco\/#primaryimage","url":"http:\/\/psol50.org.br\/files\/2012\/01\/psol-21-300x153.png","contentUrl":"http:\/\/psol50.org.br\/files\/2012\/01\/psol-21-300x153.png"},{"@type":"BreadcrumbList","@id":"https:\/\/psol50.org.br\/psol-tambem-entra-na-disputa-pela-prefeitura-de-osasco\/#breadcrumb","itemListElement":[{"@type":"ListItem","position":1,"name":"In\u00edcio","item":"https:\/\/psol50.org.br\/"},{"@type":"ListItem","position":2,"name":"PSOL tamb\u00e9m entra na disputa pela prefeitura de Osasco"}]},{"@type":"WebSite","@id":"https:\/\/psol50.org.br\/#website","url":"https:\/\/psol50.org.br\/","name":"PSOL 50","description":"Site oficial do Partido Socialismo e Liberdade","publisher":{"@id":"https:\/\/psol50.org.br\/#organization"},"alternateName":"PSOL50","potentialAction":[{"@type":"SearchAction","target":{"@type":"EntryPoint","urlTemplate":"https:\/\/psol50.org.br\/?s={search_term_string}"},"query-input":{"@type":"PropertyValueSpecification","valueRequired":true,"valueName":"search_term_string"}}],"inLanguage":"pt-BR"},{"@type":"Organization","@id":"https:\/\/psol50.org.br\/#organization","name":"PSOL 50","alternateName":"PSOL 50","url":"https:\/\/psol50.org.br\/","logo":{"@type":"ImageObject","inLanguage":"pt-BR","@id":"https:\/\/psol50.org.br\/#\/schema\/logo\/image\/","url":"https:\/\/psol50.org.br\/inc\/uploads\/2018\/07\/capa.png","contentUrl":"https:\/\/psol50.org.br\/inc\/uploads\/2018\/07\/capa.png","width":1350,"height":900,"caption":"PSOL 50"},"image":{"@id":"https:\/\/psol50.org.br\/#\/schema\/logo\/image\/"},"sameAs":["https:\/\/www.facebook.com\/psol50","https:\/\/x.com\/psol50","https:\/\/www.instagram.com\/psol50\/","https:\/\/www.youtube.com\/channel\/UC7SnJS5o1os7a6CaiNabzcg"]},{"@type":"Person","@id":"https:\/\/psol50.org.br\/#\/schema\/person\/475dfa57d0b815993c714c2e96491fcd","name":"Comunica\u00e7\u00e3o PSOL","image":{"@type":"ImageObject","inLanguage":"pt-BR","@id":"https:\/\/psol50.org.br\/#\/schema\/person\/image\/","url":"https:\/\/secure.gravatar.com\/avatar\/b34fc4f4e468a4e51785917065a3db57b841f5c95dba6ad8c73aaf8f66f8f9bf?s=96&d=mm&r=g","contentUrl":"https:\/\/secure.gravatar.com\/avatar\/b34fc4f4e468a4e51785917065a3db57b841f5c95dba6ad8c73aaf8f66f8f9bf?s=96&d=mm&r=g","caption":"Comunica\u00e7\u00e3o PSOL"}}]}},"_links":{"self":[{"href":"https:\/\/psol50.org.br\/rest\/wp\/v2\/posts\/1699","targetHints":{"allow":["GET"]}}],"collection":[{"href":"https:\/\/psol50.org.br\/rest\/wp\/v2\/posts"}],"about":[{"href":"https:\/\/psol50.org.br\/rest\/wp\/v2\/types\/post"}],"author":[{"embeddable":true,"href":"https:\/\/psol50.org.br\/rest\/wp\/v2\/users\/2"}],"replies":[{"embeddable":true,"href":"https:\/\/psol50.org.br\/rest\/wp\/v2\/comments?post=1699"}],"version-history":[{"count":0,"href":"https:\/\/psol50.org.br\/rest\/wp\/v2\/posts\/1699\/revisions"}],"wp:attachment":[{"href":"https:\/\/psol50.org.br\/rest\/wp\/v2\/media?parent=1699"}],"wp:term":[{"taxonomy":"category","embeddable":true,"href":"https:\/\/psol50.org.br\/rest\/wp\/v2\/categories?post=1699"},{"taxonomy":"post_tag","embeddable":true,"href":"https:\/\/psol50.org.br\/rest\/wp\/v2\/tags?post=1699"}],"curies":[{"name":"wp","href":"https:\/\/api.w.org\/{rel}","templated":true}]}}