{"id":17006,"date":"2017-06-22T18:46:11","date_gmt":"2017-06-22T18:46:11","guid":{"rendered":"http:\/\/www.psol50.org.br\/?p=17006"},"modified":"2017-06-22T18:46:11","modified_gmt":"2017-06-22T18:46:11","slug":"grevegeral-o-brasil-vai-parar-em-30-de-junho-contra-temer-e-as-reformas","status":"publish","type":"post","link":"https:\/\/psol50.org.br\/grevegeral-o-brasil-vai-parar-em-30-de-junho-contra-temer-e-as-reformas\/","title":{"rendered":"#GreveGeral: o Brasil vai parar em 30 de junho contra Temer e as reformas"},"content":{"rendered":"<p>As centrais sindicais e os movimentos sociais, organizados nas frentes de mobiliza\u00e7\u00e3o Povo Sem Medo e Brasil Popular, fazem neste dia 30 de junho uma nova greve geral no pa\u00eds contra as reformas da previd\u00eancia e trabalhista e por Diretas J\u00e1 no Brasil.<\/p>\n<p>A mobiliza\u00e7\u00e3o segue um amplo calend\u00e1rio de lutas contra os retrocessos desde o in\u00edcio do ano, passando pela primeira greve geral, em 28 de abril, e o Ocupa Bras\u00edlia, em 24 de maio.<\/p>\n<p>Segundo as centrais sindicais, \u00e9 esperado que todos os estados do pa\u00eds realizem paralisa\u00e7\u00f5es em diversos locais de trabalho e, tamb\u00e9m, grandes manifesta\u00e7\u00f5es nas ruas.<\/p>\n<p>Segundo Edson Carneiro, o \u00cdndio, secret\u00e1rio-geral da Intersindical &#8211; Central da Classe Trabalhadora, o Brasil vai parar novamente no dia 30. &#8220;A greve geral \u00e9 em defesa da aposentadoria, da CLT e de empregos com direitos garantidos e carteira assinada para todos&#8221;, afirma \u00cdndio.<\/p>\n<p>&#8220;As mudan\u00e7as que est\u00e3o sendo votadas no Congresso n\u00e3o v\u00eam para reformar, modernizar ou muito menos para gerar emprego. \u00c9 para reduzir sal\u00e1rios, exterminar empregos e aumentar o lucro dos grandes empres\u00e1rios e banqueiros&#8221;.<\/p>\n<p>\u00cdndio reafirma, tamb\u00e9m, a luta por novas elei\u00e7\u00f5es diretas no Brasil. &#8220;\u00c9 preciso ter muito claro: a manuten\u00e7\u00e3o de Temer na Presid\u00eancia ou uma elei\u00e7\u00e3o indireta, como quer a Rede Globo, \u00e9 a forma que estes mesmos empres\u00e1rios t\u00eam para aprovar essas reformas que acabam com nossos direitos&#8221;.<\/p>\n<p>Para ele, n\u00e3o podemos ter d\u00favidas: elei\u00e7\u00f5es diretas, j\u00e1! &#8220;Pelo Fora Temer, vamos cruzar os bra\u00e7os dia 30 e sair \u00e0s ruas em defesa dos direitos&#8221;.<\/p>\n<p>O PSOL apoia e participar\u00e1 ativamente da nova greve geral. A milit\u00e2ncia do partido, desde j\u00e1, est\u00e1 mobilizando em suas cidades e locais de trabalho, em assembleias e reuni\u00f5es em diversas cidades do Brasil. Com a recente <span style=\"color: #3366ff;\"><strong><a href=\"http:\/\/www.psol50.org.br\/blog\/2017\/06\/20\/reforma-trabalhista-e-rejeitada-em-comissao-senado-e-governo-temer-sofre-importante-derrota\/\" target=\"_blank\" rel=\"noopener\">derrota da reforma trabalhista<\/a><\/strong> <\/span>em comiss\u00e3o do Senado, est\u00e1 cada vez mais forte a possiblidade de derrotar Temer e suas reformas.<\/p>\n","protected":false},"excerpt":{"rendered":"<p>As centrais sindicais e os movimentos sociais, organizados nas frentes de mobiliza\u00e7\u00e3o Povo Sem Medo e Brasil Popular, fazem neste dia 30 de junho uma nova greve geral no pa\u00eds contra as reformas da previd\u00eancia e trabalhista e por Diretas J\u00e1 no Brasil. A mobiliza\u00e7\u00e3o segue um amplo calend\u00e1rio de lutas contra os retrocessos desde [&hellip;]<\/p>\n","protected":false},"author":2,"featured_media":17011,"comment_status":"open","ping_status":"open","sticky":false,"template":"","format":"standard","meta":{"_acf_changed":false,"footnotes":""},"categories":[1882,1104,6],"tags":[2891,3082,2169,1793,3034,1945,22],"class_list":{"0":"post-17006","1":"post","2":"type-post","3":"status-publish","4":"format-standard","5":"has-post-thumbnail","7":"category-brasil","8":"category-movimento","9":"category-noticias","10":"tag-diretas-ja","11":"tag-edson-carneiro-indio","12":"tag-fora-temer","13":"tag-greve-geral","14":"tag-intersindical","15":"tag-povo-sem-medo","16":"tag-psol"},"acf":[],"yoast_head":"<!-- This site is optimized with the Yoast SEO plugin v26.5 - https:\/\/yoast.com\/wordpress\/plugins\/seo\/ -->\n<title>#GreveGeral: o Brasil vai parar em 30 de junho contra Temer e as reformas - PSOL 50<\/title>\n<meta name=\"robots\" content=\"index, follow, max-snippet:-1, max-image-preview:large, max-video-preview:-1\" \/>\n<link rel=\"canonical\" href=\"https:\/\/psol50.org.br\/grevegeral-o-brasil-vai-parar-em-30-de-junho-contra-temer-e-as-reformas\/\" \/>\n<meta property=\"og:locale\" content=\"pt_BR\" \/>\n<meta property=\"og:type\" content=\"article\" \/>\n<meta property=\"og:title\" content=\"#GreveGeral: o Brasil vai parar em 30 de junho contra Temer e as reformas - PSOL 50\" \/>\n<meta property=\"og:description\" content=\"As centrais sindicais e os movimentos sociais, organizados nas frentes de mobiliza\u00e7\u00e3o Povo Sem Medo e Brasil Popular, fazem neste dia 30 de junho uma nova greve geral no pa\u00eds contra as reformas da previd\u00eancia e trabalhista e por Diretas J\u00e1 no Brasil. A mobiliza\u00e7\u00e3o segue um amplo calend\u00e1rio de lutas contra os retrocessos desde [&hellip;]\" \/>\n<meta property=\"og:url\" content=\"https:\/\/psol50.org.br\/grevegeral-o-brasil-vai-parar-em-30-de-junho-contra-temer-e-as-reformas\/\" \/>\n<meta property=\"og:site_name\" content=\"PSOL 50\" \/>\n<meta property=\"article:publisher\" content=\"https:\/\/www.facebook.com\/psol50\" \/>\n<meta property=\"article:published_time\" content=\"2017-06-22T18:46:11+00:00\" \/>\n<meta property=\"og:image\" content=\"https:\/\/psol50.org.br\/inc\/uploads\/2018\/07\/capa.png\" \/>\n\t<meta property=\"og:image:width\" content=\"1350\" \/>\n\t<meta property=\"og:image:height\" content=\"900\" \/>\n\t<meta property=\"og:image:type\" content=\"image\/png\" \/>\n<meta name=\"author\" content=\"Comunica\u00e7\u00e3o PSOL\" \/>\n<meta name=\"twitter:card\" content=\"summary_large_image\" \/>\n<meta name=\"twitter:creator\" content=\"@psol50\" \/>\n<meta name=\"twitter:site\" content=\"@psol50\" \/>\n<meta name=\"twitter:label1\" content=\"Escrito por\" \/>\n\t<meta name=\"twitter:data1\" content=\"Comunica\u00e7\u00e3o PSOL\" \/>\n\t<meta name=\"twitter:label2\" content=\"Est. tempo de leitura\" \/>\n\t<meta name=\"twitter:data2\" content=\"2 minutos\" \/>\n<script type=\"application\/ld+json\" class=\"yoast-schema-graph\">{\"@context\":\"https:\/\/schema.org\",\"@graph\":[{\"@type\":\"Article\",\"@id\":\"https:\/\/psol50.org.br\/grevegeral-o-brasil-vai-parar-em-30-de-junho-contra-temer-e-as-reformas\/#article\",\"isPartOf\":{\"@id\":\"https:\/\/psol50.org.br\/grevegeral-o-brasil-vai-parar-em-30-de-junho-contra-temer-e-as-reformas\/\"},\"author\":{\"name\":\"Comunica\u00e7\u00e3o PSOL\",\"@id\":\"https:\/\/psol50.org.br\/#\/schema\/person\/475dfa57d0b815993c714c2e96491fcd\"},\"headline\":\"#GreveGeral: o Brasil vai parar em 30 de junho contra Temer e as reformas\",\"datePublished\":\"2017-06-22T18:46:11+00:00\",\"mainEntityOfPage\":{\"@id\":\"https:\/\/psol50.org.br\/grevegeral-o-brasil-vai-parar-em-30-de-junho-contra-temer-e-as-reformas\/\"},\"wordCount\":346,\"commentCount\":0,\"publisher\":{\"@id\":\"https:\/\/psol50.org.br\/#organization\"},\"image\":{\"@id\":\"https:\/\/psol50.org.br\/grevegeral-o-brasil-vai-parar-em-30-de-junho-contra-temer-e-as-reformas\/#primaryimage\"},\"thumbnailUrl\":\"\",\"keywords\":[\"diretas j\u00e1\",\"Edson Carneiro \u00cdndio\",\"Fora Temer\",\"greve geral\",\"Intersindical\",\"Povo Sem medo\",\"PSOL\"],\"articleSection\":[\"Brasil\",\"Movimento\",\"Not\u00edcias\"],\"inLanguage\":\"pt-BR\",\"potentialAction\":[{\"@type\":\"CommentAction\",\"name\":\"Comment\",\"target\":[\"https:\/\/psol50.org.br\/grevegeral-o-brasil-vai-parar-em-30-de-junho-contra-temer-e-as-reformas\/#respond\"]}]},{\"@type\":\"WebPage\",\"@id\":\"https:\/\/psol50.org.br\/grevegeral-o-brasil-vai-parar-em-30-de-junho-contra-temer-e-as-reformas\/\",\"url\":\"https:\/\/psol50.org.br\/grevegeral-o-brasil-vai-parar-em-30-de-junho-contra-temer-e-as-reformas\/\",\"name\":\"#GreveGeral: o Brasil vai parar em 30 de junho contra Temer e as reformas - PSOL 50\",\"isPartOf\":{\"@id\":\"https:\/\/psol50.org.br\/#website\"},\"primaryImageOfPage\":{\"@id\":\"https:\/\/psol50.org.br\/grevegeral-o-brasil-vai-parar-em-30-de-junho-contra-temer-e-as-reformas\/#primaryimage\"},\"image\":{\"@id\":\"https:\/\/psol50.org.br\/grevegeral-o-brasil-vai-parar-em-30-de-junho-contra-temer-e-as-reformas\/#primaryimage\"},\"thumbnailUrl\":\"\",\"datePublished\":\"2017-06-22T18:46:11+00:00\",\"breadcrumb\":{\"@id\":\"https:\/\/psol50.org.br\/grevegeral-o-brasil-vai-parar-em-30-de-junho-contra-temer-e-as-reformas\/#breadcrumb\"},\"inLanguage\":\"pt-BR\",\"potentialAction\":[{\"@type\":\"ReadAction\",\"target\":[\"https:\/\/psol50.org.br\/grevegeral-o-brasil-vai-parar-em-30-de-junho-contra-temer-e-as-reformas\/\"]}]},{\"@type\":\"ImageObject\",\"inLanguage\":\"pt-BR\",\"@id\":\"https:\/\/psol50.org.br\/grevegeral-o-brasil-vai-parar-em-30-de-junho-contra-temer-e-as-reformas\/#primaryimage\",\"url\":\"\",\"contentUrl\":\"\"},{\"@type\":\"BreadcrumbList\",\"@id\":\"https:\/\/psol50.org.br\/grevegeral-o-brasil-vai-parar-em-30-de-junho-contra-temer-e-as-reformas\/#breadcrumb\",\"itemListElement\":[{\"@type\":\"ListItem\",\"position\":1,\"name\":\"In\u00edcio\",\"item\":\"https:\/\/psol50.org.br\/\"},{\"@type\":\"ListItem\",\"position\":2,\"name\":\"#GreveGeral: o Brasil vai parar em 30 de junho contra Temer e as reformas\"}]},{\"@type\":\"WebSite\",\"@id\":\"https:\/\/psol50.org.br\/#website\",\"url\":\"https:\/\/psol50.org.br\/\",\"name\":\"PSOL 50\",\"description\":\"Site oficial do Partido Socialismo e Liberdade\",\"publisher\":{\"@id\":\"https:\/\/psol50.org.br\/#organization\"},\"alternateName\":\"PSOL50\",\"potentialAction\":[{\"@type\":\"SearchAction\",\"target\":{\"@type\":\"EntryPoint\",\"urlTemplate\":\"https:\/\/psol50.org.br\/?s={search_term_string}\"},\"query-input\":{\"@type\":\"PropertyValueSpecification\",\"valueRequired\":true,\"valueName\":\"search_term_string\"}}],\"inLanguage\":\"pt-BR\"},{\"@type\":\"Organization\",\"@id\":\"https:\/\/psol50.org.br\/#organization\",\"name\":\"PSOL 50\",\"alternateName\":\"PSOL 50\",\"url\":\"https:\/\/psol50.org.br\/\",\"logo\":{\"@type\":\"ImageObject\",\"inLanguage\":\"pt-BR\",\"@id\":\"https:\/\/psol50.org.br\/#\/schema\/logo\/image\/\",\"url\":\"https:\/\/psol50.org.br\/inc\/uploads\/2018\/07\/capa.png\",\"contentUrl\":\"https:\/\/psol50.org.br\/inc\/uploads\/2018\/07\/capa.png\",\"width\":1350,\"height\":900,\"caption\":\"PSOL 50\"},\"image\":{\"@id\":\"https:\/\/psol50.org.br\/#\/schema\/logo\/image\/\"},\"sameAs\":[\"https:\/\/www.facebook.com\/psol50\",\"https:\/\/x.com\/psol50\",\"https:\/\/www.instagram.com\/psol50\/\",\"https:\/\/www.youtube.com\/channel\/UC7SnJS5o1os7a6CaiNabzcg\"]},{\"@type\":\"Person\",\"@id\":\"https:\/\/psol50.org.br\/#\/schema\/person\/475dfa57d0b815993c714c2e96491fcd\",\"name\":\"Comunica\u00e7\u00e3o PSOL\",\"image\":{\"@type\":\"ImageObject\",\"inLanguage\":\"pt-BR\",\"@id\":\"https:\/\/psol50.org.br\/#\/schema\/person\/image\/\",\"url\":\"https:\/\/secure.gravatar.com\/avatar\/b34fc4f4e468a4e51785917065a3db57b841f5c95dba6ad8c73aaf8f66f8f9bf?s=96&d=mm&r=g\",\"contentUrl\":\"https:\/\/secure.gravatar.com\/avatar\/b34fc4f4e468a4e51785917065a3db57b841f5c95dba6ad8c73aaf8f66f8f9bf?s=96&d=mm&r=g\",\"caption\":\"Comunica\u00e7\u00e3o PSOL\"}}]}<\/script>\n<!-- \/ Yoast SEO plugin. -->","yoast_head_json":{"title":"#GreveGeral: o Brasil vai parar em 30 de junho contra Temer e as reformas - PSOL 50","robots":{"index":"index","follow":"follow","max-snippet":"max-snippet:-1","max-image-preview":"max-image-preview:large","max-video-preview":"max-video-preview:-1"},"canonical":"https:\/\/psol50.org.br\/grevegeral-o-brasil-vai-parar-em-30-de-junho-contra-temer-e-as-reformas\/","og_locale":"pt_BR","og_type":"article","og_title":"#GreveGeral: o Brasil vai parar em 30 de junho contra Temer e as reformas - PSOL 50","og_description":"As centrais sindicais e os movimentos sociais, organizados nas frentes de mobiliza\u00e7\u00e3o Povo Sem Medo e Brasil Popular, fazem neste dia 30 de junho uma nova greve geral no pa\u00eds contra as reformas da previd\u00eancia e trabalhista e por Diretas J\u00e1 no Brasil. A mobiliza\u00e7\u00e3o segue um amplo calend\u00e1rio de lutas contra os retrocessos desde [&hellip;]","og_url":"https:\/\/psol50.org.br\/grevegeral-o-brasil-vai-parar-em-30-de-junho-contra-temer-e-as-reformas\/","og_site_name":"PSOL 50","article_publisher":"https:\/\/www.facebook.com\/psol50","article_published_time":"2017-06-22T18:46:11+00:00","og_image":[{"width":1350,"height":900,"url":"https:\/\/psol50.org.br\/inc\/uploads\/2018\/07\/capa.png","type":"image\/png"}],"author":"Comunica\u00e7\u00e3o PSOL","twitter_card":"summary_large_image","twitter_creator":"@psol50","twitter_site":"@psol50","twitter_misc":{"Escrito por":"Comunica\u00e7\u00e3o PSOL","Est. tempo de leitura":"2 minutos"},"schema":{"@context":"https:\/\/schema.org","@graph":[{"@type":"Article","@id":"https:\/\/psol50.org.br\/grevegeral-o-brasil-vai-parar-em-30-de-junho-contra-temer-e-as-reformas\/#article","isPartOf":{"@id":"https:\/\/psol50.org.br\/grevegeral-o-brasil-vai-parar-em-30-de-junho-contra-temer-e-as-reformas\/"},"author":{"name":"Comunica\u00e7\u00e3o PSOL","@id":"https:\/\/psol50.org.br\/#\/schema\/person\/475dfa57d0b815993c714c2e96491fcd"},"headline":"#GreveGeral: o Brasil vai parar em 30 de junho contra Temer e as reformas","datePublished":"2017-06-22T18:46:11+00:00","mainEntityOfPage":{"@id":"https:\/\/psol50.org.br\/grevegeral-o-brasil-vai-parar-em-30-de-junho-contra-temer-e-as-reformas\/"},"wordCount":346,"commentCount":0,"publisher":{"@id":"https:\/\/psol50.org.br\/#organization"},"image":{"@id":"https:\/\/psol50.org.br\/grevegeral-o-brasil-vai-parar-em-30-de-junho-contra-temer-e-as-reformas\/#primaryimage"},"thumbnailUrl":"","keywords":["diretas j\u00e1","Edson Carneiro \u00cdndio","Fora Temer","greve geral","Intersindical","Povo Sem medo","PSOL"],"articleSection":["Brasil","Movimento","Not\u00edcias"],"inLanguage":"pt-BR","potentialAction":[{"@type":"CommentAction","name":"Comment","target":["https:\/\/psol50.org.br\/grevegeral-o-brasil-vai-parar-em-30-de-junho-contra-temer-e-as-reformas\/#respond"]}]},{"@type":"WebPage","@id":"https:\/\/psol50.org.br\/grevegeral-o-brasil-vai-parar-em-30-de-junho-contra-temer-e-as-reformas\/","url":"https:\/\/psol50.org.br\/grevegeral-o-brasil-vai-parar-em-30-de-junho-contra-temer-e-as-reformas\/","name":"#GreveGeral: o Brasil vai parar em 30 de junho contra Temer e as reformas - PSOL 50","isPartOf":{"@id":"https:\/\/psol50.org.br\/#website"},"primaryImageOfPage":{"@id":"https:\/\/psol50.org.br\/grevegeral-o-brasil-vai-parar-em-30-de-junho-contra-temer-e-as-reformas\/#primaryimage"},"image":{"@id":"https:\/\/psol50.org.br\/grevegeral-o-brasil-vai-parar-em-30-de-junho-contra-temer-e-as-reformas\/#primaryimage"},"thumbnailUrl":"","datePublished":"2017-06-22T18:46:11+00:00","breadcrumb":{"@id":"https:\/\/psol50.org.br\/grevegeral-o-brasil-vai-parar-em-30-de-junho-contra-temer-e-as-reformas\/#breadcrumb"},"inLanguage":"pt-BR","potentialAction":[{"@type":"ReadAction","target":["https:\/\/psol50.org.br\/grevegeral-o-brasil-vai-parar-em-30-de-junho-contra-temer-e-as-reformas\/"]}]},{"@type":"ImageObject","inLanguage":"pt-BR","@id":"https:\/\/psol50.org.br\/grevegeral-o-brasil-vai-parar-em-30-de-junho-contra-temer-e-as-reformas\/#primaryimage","url":"","contentUrl":""},{"@type":"BreadcrumbList","@id":"https:\/\/psol50.org.br\/grevegeral-o-brasil-vai-parar-em-30-de-junho-contra-temer-e-as-reformas\/#breadcrumb","itemListElement":[{"@type":"ListItem","position":1,"name":"In\u00edcio","item":"https:\/\/psol50.org.br\/"},{"@type":"ListItem","position":2,"name":"#GreveGeral: o Brasil vai parar em 30 de junho contra Temer e as reformas"}]},{"@type":"WebSite","@id":"https:\/\/psol50.org.br\/#website","url":"https:\/\/psol50.org.br\/","name":"PSOL 50","description":"Site oficial do Partido Socialismo e Liberdade","publisher":{"@id":"https:\/\/psol50.org.br\/#organization"},"alternateName":"PSOL50","potentialAction":[{"@type":"SearchAction","target":{"@type":"EntryPoint","urlTemplate":"https:\/\/psol50.org.br\/?s={search_term_string}"},"query-input":{"@type":"PropertyValueSpecification","valueRequired":true,"valueName":"search_term_string"}}],"inLanguage":"pt-BR"},{"@type":"Organization","@id":"https:\/\/psol50.org.br\/#organization","name":"PSOL 50","alternateName":"PSOL 50","url":"https:\/\/psol50.org.br\/","logo":{"@type":"ImageObject","inLanguage":"pt-BR","@id":"https:\/\/psol50.org.br\/#\/schema\/logo\/image\/","url":"https:\/\/psol50.org.br\/inc\/uploads\/2018\/07\/capa.png","contentUrl":"https:\/\/psol50.org.br\/inc\/uploads\/2018\/07\/capa.png","width":1350,"height":900,"caption":"PSOL 50"},"image":{"@id":"https:\/\/psol50.org.br\/#\/schema\/logo\/image\/"},"sameAs":["https:\/\/www.facebook.com\/psol50","https:\/\/x.com\/psol50","https:\/\/www.instagram.com\/psol50\/","https:\/\/www.youtube.com\/channel\/UC7SnJS5o1os7a6CaiNabzcg"]},{"@type":"Person","@id":"https:\/\/psol50.org.br\/#\/schema\/person\/475dfa57d0b815993c714c2e96491fcd","name":"Comunica\u00e7\u00e3o PSOL","image":{"@type":"ImageObject","inLanguage":"pt-BR","@id":"https:\/\/psol50.org.br\/#\/schema\/person\/image\/","url":"https:\/\/secure.gravatar.com\/avatar\/b34fc4f4e468a4e51785917065a3db57b841f5c95dba6ad8c73aaf8f66f8f9bf?s=96&d=mm&r=g","contentUrl":"https:\/\/secure.gravatar.com\/avatar\/b34fc4f4e468a4e51785917065a3db57b841f5c95dba6ad8c73aaf8f66f8f9bf?s=96&d=mm&r=g","caption":"Comunica\u00e7\u00e3o PSOL"}}]}},"_links":{"self":[{"href":"https:\/\/psol50.org.br\/rest\/wp\/v2\/posts\/17006","targetHints":{"allow":["GET"]}}],"collection":[{"href":"https:\/\/psol50.org.br\/rest\/wp\/v2\/posts"}],"about":[{"href":"https:\/\/psol50.org.br\/rest\/wp\/v2\/types\/post"}],"author":[{"embeddable":true,"href":"https:\/\/psol50.org.br\/rest\/wp\/v2\/users\/2"}],"replies":[{"embeddable":true,"href":"https:\/\/psol50.org.br\/rest\/wp\/v2\/comments?post=17006"}],"version-history":[{"count":0,"href":"https:\/\/psol50.org.br\/rest\/wp\/v2\/posts\/17006\/revisions"}],"wp:featuredmedia":[{"embeddable":true,"href":"https:\/\/psol50.org.br\/rest\/"}],"wp:attachment":[{"href":"https:\/\/psol50.org.br\/rest\/wp\/v2\/media?parent=17006"}],"wp:term":[{"taxonomy":"category","embeddable":true,"href":"https:\/\/psol50.org.br\/rest\/wp\/v2\/categories?post=17006"},{"taxonomy":"post_tag","embeddable":true,"href":"https:\/\/psol50.org.br\/rest\/wp\/v2\/tags?post=17006"}],"curies":[{"name":"wp","href":"https:\/\/api.w.org\/{rel}","templated":true}]}}