{"id":17013,"date":"2017-06-23T14:01:27","date_gmt":"2017-06-23T14:01:27","guid":{"rendered":"http:\/\/www.psol50.org.br\/?p=17013"},"modified":"2017-06-23T14:01:27","modified_gmt":"2017-06-23T14:01:27","slug":"janot-tem-cinco-dias-para-apresentar-denuncia-contra-temer-no-stf","status":"publish","type":"post","link":"https:\/\/psol50.org.br\/janot-tem-cinco-dias-para-apresentar-denuncia-contra-temer-no-stf\/","title":{"rendered":"Janot tem cinco dias para apresentar den\u00fancia contra Temer no STF"},"content":{"rendered":"<p>O relator das investiga\u00e7\u00f5es da opera\u00e7\u00e3o Lava Jato no Supremo Tribunal Federal (STF), ministro Edson Fachin, enviou \u00e0 Procuradoria-Geral da Rep\u00fablica (PGR), nesta quinta-feira (22\/06), c\u00f3pia dos autos do inqu\u00e9rito aberto contra o presidente Michel Temer. Com isso, Rodrigo Janot ter\u00e1 cinco dias para apresentar a den\u00fancia contra o o presidente ileg\u00edtimo. O prazo\u00a0vai at\u00e9 a pr\u00f3xima ter\u00e7a-feira, dia 27.<\/p>\n<p>Segundo reportagem do <strong><a href=\"http:\/\/politica.estadao.com.br\/noticias\/geral,fachin-envia-inquerito-contra-temer-a-procuradoria,70001856753\" target=\"_blank\" rel=\"noopener\"><span style=\"color: #0000ff;\">Estad\u00e3o<\/span><\/a><\/strong>, Fachin tamb\u00e9m pediu que a Pol\u00edcia Federal envie ao Supremo o relat\u00f3rio final sobre o caso e a per\u00edcia da grava\u00e7\u00e3o da conversa entre Temer e o empres\u00e1rio Joesley Batista, do Grupo J&amp;F. A PF havia solicitado um prazo extra de cinco dias para concluir as investiga\u00e7\u00f5es. Assim que a PF enviar os documentos restantes, o conte\u00fado dever\u00e1 ser automaticamente remetido a Janot.<\/p>\n<p>Parte do relat\u00f3rio, j\u00e1 enviado pela Pol\u00edcia Federal ao relator da Lava Jato, aponta que h\u00e1 evid\u00eancias da pr\u00e1tica de corrup\u00e7\u00e3o passiva por parte de Temer e de seu ex-assessor especial e ex-deputado federal Rodrigo Rocha Loures (PMDB-PR). Por isso, a expectativa \u00e9 que a PGR fatie a den\u00fancia e envie primeiro ao STF a parte relacionada a esse crime.<\/p>\n<p>Al\u00e9m de corrup\u00e7\u00e3o passiva, o inqu\u00e9rito tamb\u00e9m apura se Temer cometeu o crime de obstru\u00e7\u00e3o de Justi\u00e7a. Segundo a PGR, no encontro com o presidente, o empres\u00e1rio Joesley Batista afirmou que fazia pagamentos peri\u00f3dicos ao deputado cassado Eduardo Cunha (PMDB-RJ) e ao operador L\u00facio Bolonha Funaro, como forma de mant\u00ea-los em sil\u00eancio. Tais pagamentos evitariam que fossem celebrados, por eles, acordos de dela\u00e7\u00e3o premiada.<\/p>\n<p>Caso Rodrigo Janot apresente a den\u00fancia contra Temer, o processo precisar\u00e1 ser analisado pela C\u00e2mara dos Deputados e s\u00f3 ter\u00e1 seguimento no Supremo se for aprovado por 342 dos 513 parlamentares da Casa. A base aliada de Temer no Legislativo pode tentar barrar o andamento do processo, ainda mais com o apoio de peso do presidente da C\u00e2mara, Rodrigo Maia (DEM-RJ).<\/p>\n<p>Somente o povo mobilizado ser\u00e1 capaz de garantir que Temer seja investigado e a sua imediata sa\u00edda da Presid\u00eancia da Rep\u00fablica. Por isso, no dia 30 de junho, <a href=\"http:\/\/www.psol50.org.br\/blog\/2017\/06\/22\/grevegeral-o-brasil-vai-parar-em-30-de-junho-contra-temer-e-as-reformas\/\" target=\"_blank\" rel=\"noopener\"><strong><span style=\"color: #0000ff;\">o Brasil vai parar na greve geral<\/span><\/strong><\/a> contra as reformas em curso, pelo #ForaTemer e por #DiretasJ\u00e1.<\/p>\n","protected":false},"excerpt":{"rendered":"<p>O relator das investiga\u00e7\u00f5es da opera\u00e7\u00e3o Lava Jato no Supremo Tribunal Federal (STF), ministro Edson Fachin, enviou \u00e0 Procuradoria-Geral da Rep\u00fablica (PGR), nesta quinta-feira (22\/06), c\u00f3pia dos autos do inqu\u00e9rito aberto contra o presidente Michel Temer. Com isso, Rodrigo Janot ter\u00e1 cinco dias para apresentar a den\u00fancia contra o o presidente ileg\u00edtimo. O prazo\u00a0vai at\u00e9 [&hellip;]<\/p>\n","protected":false},"author":2,"featured_media":15780,"comment_status":"open","ping_status":"open","sticky":false,"template":"","format":"standard","meta":{"_acf_changed":false,"footnotes":""},"categories":[1882,6],"tags":[3242,3243,79,3091,343,3092,3244,1748,1749,77,3093,45],"class_list":{"0":"post-17013","1":"post","2":"type-post","3":"status-publish","4":"format-standard","5":"has-post-thumbnail","7":"category-brasil","8":"category-noticias","9":"tag-diretasja","10":"tag-foratemer","11":"tag-denuncia","12":"tag-edson-fachin","13":"tag-eleicoes","14":"tag-inquerito","15":"tag-joesley-batista","16":"tag-michel-temer","17":"tag-operacao-lava-jato","18":"tag-pgr","19":"tag-rodrigo-janot","20":"tag-stf"},"acf":[],"yoast_head":"<!-- This site is optimized with the Yoast SEO plugin v26.5 - https:\/\/yoast.com\/wordpress\/plugins\/seo\/ -->\n<title>Janot tem cinco dias para apresentar den\u00fancia contra Temer no STF - PSOL 50<\/title>\n<meta name=\"robots\" content=\"index, follow, max-snippet:-1, max-image-preview:large, max-video-preview:-1\" \/>\n<link rel=\"canonical\" href=\"https:\/\/psol50.org.br\/janot-tem-cinco-dias-para-apresentar-denuncia-contra-temer-no-stf\/\" \/>\n<meta property=\"og:locale\" content=\"pt_BR\" \/>\n<meta property=\"og:type\" content=\"article\" \/>\n<meta property=\"og:title\" content=\"Janot tem cinco dias para apresentar den\u00fancia contra Temer no STF - PSOL 50\" \/>\n<meta property=\"og:description\" content=\"O relator das investiga\u00e7\u00f5es da opera\u00e7\u00e3o Lava Jato no Supremo Tribunal Federal (STF), ministro Edson Fachin, enviou \u00e0 Procuradoria-Geral da Rep\u00fablica (PGR), nesta quinta-feira (22\/06), c\u00f3pia dos autos do inqu\u00e9rito aberto contra o presidente Michel Temer. Com isso, Rodrigo Janot ter\u00e1 cinco dias para apresentar a den\u00fancia contra o o presidente ileg\u00edtimo. O prazo\u00a0vai at\u00e9 [&hellip;]\" \/>\n<meta property=\"og:url\" content=\"https:\/\/psol50.org.br\/janot-tem-cinco-dias-para-apresentar-denuncia-contra-temer-no-stf\/\" \/>\n<meta property=\"og:site_name\" content=\"PSOL 50\" \/>\n<meta property=\"article:publisher\" content=\"https:\/\/www.facebook.com\/psol50\" \/>\n<meta property=\"article:published_time\" content=\"2017-06-23T14:01:27+00:00\" \/>\n<meta property=\"og:image\" content=\"https:\/\/psol50.org.br\/inc\/uploads\/2018\/07\/capa.png\" \/>\n\t<meta property=\"og:image:width\" content=\"1350\" \/>\n\t<meta property=\"og:image:height\" content=\"900\" \/>\n\t<meta property=\"og:image:type\" content=\"image\/png\" \/>\n<meta name=\"author\" content=\"Comunica\u00e7\u00e3o PSOL\" \/>\n<meta name=\"twitter:card\" content=\"summary_large_image\" \/>\n<meta name=\"twitter:creator\" content=\"@psol50\" \/>\n<meta name=\"twitter:site\" content=\"@psol50\" \/>\n<meta name=\"twitter:label1\" content=\"Escrito por\" \/>\n\t<meta name=\"twitter:data1\" content=\"Comunica\u00e7\u00e3o PSOL\" \/>\n\t<meta name=\"twitter:label2\" content=\"Est. tempo de leitura\" \/>\n\t<meta name=\"twitter:data2\" content=\"2 minutos\" \/>\n<script type=\"application\/ld+json\" class=\"yoast-schema-graph\">{\"@context\":\"https:\/\/schema.org\",\"@graph\":[{\"@type\":\"Article\",\"@id\":\"https:\/\/psol50.org.br\/janot-tem-cinco-dias-para-apresentar-denuncia-contra-temer-no-stf\/#article\",\"isPartOf\":{\"@id\":\"https:\/\/psol50.org.br\/janot-tem-cinco-dias-para-apresentar-denuncia-contra-temer-no-stf\/\"},\"author\":{\"name\":\"Comunica\u00e7\u00e3o PSOL\",\"@id\":\"https:\/\/psol50.org.br\/#\/schema\/person\/475dfa57d0b815993c714c2e96491fcd\"},\"headline\":\"Janot tem cinco dias para apresentar den\u00fancia contra Temer no STF\",\"datePublished\":\"2017-06-23T14:01:27+00:00\",\"mainEntityOfPage\":{\"@id\":\"https:\/\/psol50.org.br\/janot-tem-cinco-dias-para-apresentar-denuncia-contra-temer-no-stf\/\"},\"wordCount\":407,\"commentCount\":0,\"publisher\":{\"@id\":\"https:\/\/psol50.org.br\/#organization\"},\"image\":{\"@id\":\"https:\/\/psol50.org.br\/janot-tem-cinco-dias-para-apresentar-denuncia-contra-temer-no-stf\/#primaryimage\"},\"thumbnailUrl\":\"\",\"keywords\":[\"#DiretasJ\u00e1\",\"#foratemer\",\"den\u00fancia\",\"Edson Fachin\",\"elei\u00e7\u00f5es\",\"inqu\u00e9rito\",\"Joesley Batista\",\"Michel Temer\",\"Opera\u00e7\u00e3o Lava-Jato\",\"PGR\",\"Rodrigo Janot\",\"STF\"],\"articleSection\":[\"Brasil\",\"Not\u00edcias\"],\"inLanguage\":\"pt-BR\",\"potentialAction\":[{\"@type\":\"CommentAction\",\"name\":\"Comment\",\"target\":[\"https:\/\/psol50.org.br\/janot-tem-cinco-dias-para-apresentar-denuncia-contra-temer-no-stf\/#respond\"]}]},{\"@type\":\"WebPage\",\"@id\":\"https:\/\/psol50.org.br\/janot-tem-cinco-dias-para-apresentar-denuncia-contra-temer-no-stf\/\",\"url\":\"https:\/\/psol50.org.br\/janot-tem-cinco-dias-para-apresentar-denuncia-contra-temer-no-stf\/\",\"name\":\"Janot tem cinco dias para apresentar den\u00fancia contra Temer no STF - PSOL 50\",\"isPartOf\":{\"@id\":\"https:\/\/psol50.org.br\/#website\"},\"primaryImageOfPage\":{\"@id\":\"https:\/\/psol50.org.br\/janot-tem-cinco-dias-para-apresentar-denuncia-contra-temer-no-stf\/#primaryimage\"},\"image\":{\"@id\":\"https:\/\/psol50.org.br\/janot-tem-cinco-dias-para-apresentar-denuncia-contra-temer-no-stf\/#primaryimage\"},\"thumbnailUrl\":\"\",\"datePublished\":\"2017-06-23T14:01:27+00:00\",\"breadcrumb\":{\"@id\":\"https:\/\/psol50.org.br\/janot-tem-cinco-dias-para-apresentar-denuncia-contra-temer-no-stf\/#breadcrumb\"},\"inLanguage\":\"pt-BR\",\"potentialAction\":[{\"@type\":\"ReadAction\",\"target\":[\"https:\/\/psol50.org.br\/janot-tem-cinco-dias-para-apresentar-denuncia-contra-temer-no-stf\/\"]}]},{\"@type\":\"ImageObject\",\"inLanguage\":\"pt-BR\",\"@id\":\"https:\/\/psol50.org.br\/janot-tem-cinco-dias-para-apresentar-denuncia-contra-temer-no-stf\/#primaryimage\",\"url\":\"\",\"contentUrl\":\"\"},{\"@type\":\"BreadcrumbList\",\"@id\":\"https:\/\/psol50.org.br\/janot-tem-cinco-dias-para-apresentar-denuncia-contra-temer-no-stf\/#breadcrumb\",\"itemListElement\":[{\"@type\":\"ListItem\",\"position\":1,\"name\":\"In\u00edcio\",\"item\":\"https:\/\/psol50.org.br\/\"},{\"@type\":\"ListItem\",\"position\":2,\"name\":\"Janot tem cinco dias para apresentar den\u00fancia contra Temer no STF\"}]},{\"@type\":\"WebSite\",\"@id\":\"https:\/\/psol50.org.br\/#website\",\"url\":\"https:\/\/psol50.org.br\/\",\"name\":\"PSOL 50\",\"description\":\"Site oficial do Partido Socialismo e Liberdade\",\"publisher\":{\"@id\":\"https:\/\/psol50.org.br\/#organization\"},\"alternateName\":\"PSOL50\",\"potentialAction\":[{\"@type\":\"SearchAction\",\"target\":{\"@type\":\"EntryPoint\",\"urlTemplate\":\"https:\/\/psol50.org.br\/?s={search_term_string}\"},\"query-input\":{\"@type\":\"PropertyValueSpecification\",\"valueRequired\":true,\"valueName\":\"search_term_string\"}}],\"inLanguage\":\"pt-BR\"},{\"@type\":\"Organization\",\"@id\":\"https:\/\/psol50.org.br\/#organization\",\"name\":\"PSOL 50\",\"alternateName\":\"PSOL 50\",\"url\":\"https:\/\/psol50.org.br\/\",\"logo\":{\"@type\":\"ImageObject\",\"inLanguage\":\"pt-BR\",\"@id\":\"https:\/\/psol50.org.br\/#\/schema\/logo\/image\/\",\"url\":\"https:\/\/psol50.org.br\/inc\/uploads\/2018\/07\/capa.png\",\"contentUrl\":\"https:\/\/psol50.org.br\/inc\/uploads\/2018\/07\/capa.png\",\"width\":1350,\"height\":900,\"caption\":\"PSOL 50\"},\"image\":{\"@id\":\"https:\/\/psol50.org.br\/#\/schema\/logo\/image\/\"},\"sameAs\":[\"https:\/\/www.facebook.com\/psol50\",\"https:\/\/x.com\/psol50\",\"https:\/\/www.instagram.com\/psol50\/\",\"https:\/\/www.youtube.com\/channel\/UC7SnJS5o1os7a6CaiNabzcg\"]},{\"@type\":\"Person\",\"@id\":\"https:\/\/psol50.org.br\/#\/schema\/person\/475dfa57d0b815993c714c2e96491fcd\",\"name\":\"Comunica\u00e7\u00e3o PSOL\",\"image\":{\"@type\":\"ImageObject\",\"inLanguage\":\"pt-BR\",\"@id\":\"https:\/\/psol50.org.br\/#\/schema\/person\/image\/\",\"url\":\"https:\/\/secure.gravatar.com\/avatar\/b34fc4f4e468a4e51785917065a3db57b841f5c95dba6ad8c73aaf8f66f8f9bf?s=96&d=mm&r=g\",\"contentUrl\":\"https:\/\/secure.gravatar.com\/avatar\/b34fc4f4e468a4e51785917065a3db57b841f5c95dba6ad8c73aaf8f66f8f9bf?s=96&d=mm&r=g\",\"caption\":\"Comunica\u00e7\u00e3o PSOL\"}}]}<\/script>\n<!-- \/ Yoast SEO plugin. -->","yoast_head_json":{"title":"Janot tem cinco dias para apresentar den\u00fancia contra Temer no STF - PSOL 50","robots":{"index":"index","follow":"follow","max-snippet":"max-snippet:-1","max-image-preview":"max-image-preview:large","max-video-preview":"max-video-preview:-1"},"canonical":"https:\/\/psol50.org.br\/janot-tem-cinco-dias-para-apresentar-denuncia-contra-temer-no-stf\/","og_locale":"pt_BR","og_type":"article","og_title":"Janot tem cinco dias para apresentar den\u00fancia contra Temer no STF - PSOL 50","og_description":"O relator das investiga\u00e7\u00f5es da opera\u00e7\u00e3o Lava Jato no Supremo Tribunal Federal (STF), ministro Edson Fachin, enviou \u00e0 Procuradoria-Geral da Rep\u00fablica (PGR), nesta quinta-feira (22\/06), c\u00f3pia dos autos do inqu\u00e9rito aberto contra o presidente Michel Temer. Com isso, Rodrigo Janot ter\u00e1 cinco dias para apresentar a den\u00fancia contra o o presidente ileg\u00edtimo. O prazo\u00a0vai at\u00e9 [&hellip;]","og_url":"https:\/\/psol50.org.br\/janot-tem-cinco-dias-para-apresentar-denuncia-contra-temer-no-stf\/","og_site_name":"PSOL 50","article_publisher":"https:\/\/www.facebook.com\/psol50","article_published_time":"2017-06-23T14:01:27+00:00","og_image":[{"width":1350,"height":900,"url":"https:\/\/psol50.org.br\/inc\/uploads\/2018\/07\/capa.png","type":"image\/png"}],"author":"Comunica\u00e7\u00e3o PSOL","twitter_card":"summary_large_image","twitter_creator":"@psol50","twitter_site":"@psol50","twitter_misc":{"Escrito por":"Comunica\u00e7\u00e3o PSOL","Est. tempo de leitura":"2 minutos"},"schema":{"@context":"https:\/\/schema.org","@graph":[{"@type":"Article","@id":"https:\/\/psol50.org.br\/janot-tem-cinco-dias-para-apresentar-denuncia-contra-temer-no-stf\/#article","isPartOf":{"@id":"https:\/\/psol50.org.br\/janot-tem-cinco-dias-para-apresentar-denuncia-contra-temer-no-stf\/"},"author":{"name":"Comunica\u00e7\u00e3o PSOL","@id":"https:\/\/psol50.org.br\/#\/schema\/person\/475dfa57d0b815993c714c2e96491fcd"},"headline":"Janot tem cinco dias para apresentar den\u00fancia contra Temer no STF","datePublished":"2017-06-23T14:01:27+00:00","mainEntityOfPage":{"@id":"https:\/\/psol50.org.br\/janot-tem-cinco-dias-para-apresentar-denuncia-contra-temer-no-stf\/"},"wordCount":407,"commentCount":0,"publisher":{"@id":"https:\/\/psol50.org.br\/#organization"},"image":{"@id":"https:\/\/psol50.org.br\/janot-tem-cinco-dias-para-apresentar-denuncia-contra-temer-no-stf\/#primaryimage"},"thumbnailUrl":"","keywords":["#DiretasJ\u00e1","#foratemer","den\u00fancia","Edson Fachin","elei\u00e7\u00f5es","inqu\u00e9rito","Joesley Batista","Michel Temer","Opera\u00e7\u00e3o Lava-Jato","PGR","Rodrigo Janot","STF"],"articleSection":["Brasil","Not\u00edcias"],"inLanguage":"pt-BR","potentialAction":[{"@type":"CommentAction","name":"Comment","target":["https:\/\/psol50.org.br\/janot-tem-cinco-dias-para-apresentar-denuncia-contra-temer-no-stf\/#respond"]}]},{"@type":"WebPage","@id":"https:\/\/psol50.org.br\/janot-tem-cinco-dias-para-apresentar-denuncia-contra-temer-no-stf\/","url":"https:\/\/psol50.org.br\/janot-tem-cinco-dias-para-apresentar-denuncia-contra-temer-no-stf\/","name":"Janot tem cinco dias para apresentar den\u00fancia contra Temer no STF - PSOL 50","isPartOf":{"@id":"https:\/\/psol50.org.br\/#website"},"primaryImageOfPage":{"@id":"https:\/\/psol50.org.br\/janot-tem-cinco-dias-para-apresentar-denuncia-contra-temer-no-stf\/#primaryimage"},"image":{"@id":"https:\/\/psol50.org.br\/janot-tem-cinco-dias-para-apresentar-denuncia-contra-temer-no-stf\/#primaryimage"},"thumbnailUrl":"","datePublished":"2017-06-23T14:01:27+00:00","breadcrumb":{"@id":"https:\/\/psol50.org.br\/janot-tem-cinco-dias-para-apresentar-denuncia-contra-temer-no-stf\/#breadcrumb"},"inLanguage":"pt-BR","potentialAction":[{"@type":"ReadAction","target":["https:\/\/psol50.org.br\/janot-tem-cinco-dias-para-apresentar-denuncia-contra-temer-no-stf\/"]}]},{"@type":"ImageObject","inLanguage":"pt-BR","@id":"https:\/\/psol50.org.br\/janot-tem-cinco-dias-para-apresentar-denuncia-contra-temer-no-stf\/#primaryimage","url":"","contentUrl":""},{"@type":"BreadcrumbList","@id":"https:\/\/psol50.org.br\/janot-tem-cinco-dias-para-apresentar-denuncia-contra-temer-no-stf\/#breadcrumb","itemListElement":[{"@type":"ListItem","position":1,"name":"In\u00edcio","item":"https:\/\/psol50.org.br\/"},{"@type":"ListItem","position":2,"name":"Janot tem cinco dias para apresentar den\u00fancia contra Temer no STF"}]},{"@type":"WebSite","@id":"https:\/\/psol50.org.br\/#website","url":"https:\/\/psol50.org.br\/","name":"PSOL 50","description":"Site oficial do Partido Socialismo e Liberdade","publisher":{"@id":"https:\/\/psol50.org.br\/#organization"},"alternateName":"PSOL50","potentialAction":[{"@type":"SearchAction","target":{"@type":"EntryPoint","urlTemplate":"https:\/\/psol50.org.br\/?s={search_term_string}"},"query-input":{"@type":"PropertyValueSpecification","valueRequired":true,"valueName":"search_term_string"}}],"inLanguage":"pt-BR"},{"@type":"Organization","@id":"https:\/\/psol50.org.br\/#organization","name":"PSOL 50","alternateName":"PSOL 50","url":"https:\/\/psol50.org.br\/","logo":{"@type":"ImageObject","inLanguage":"pt-BR","@id":"https:\/\/psol50.org.br\/#\/schema\/logo\/image\/","url":"https:\/\/psol50.org.br\/inc\/uploads\/2018\/07\/capa.png","contentUrl":"https:\/\/psol50.org.br\/inc\/uploads\/2018\/07\/capa.png","width":1350,"height":900,"caption":"PSOL 50"},"image":{"@id":"https:\/\/psol50.org.br\/#\/schema\/logo\/image\/"},"sameAs":["https:\/\/www.facebook.com\/psol50","https:\/\/x.com\/psol50","https:\/\/www.instagram.com\/psol50\/","https:\/\/www.youtube.com\/channel\/UC7SnJS5o1os7a6CaiNabzcg"]},{"@type":"Person","@id":"https:\/\/psol50.org.br\/#\/schema\/person\/475dfa57d0b815993c714c2e96491fcd","name":"Comunica\u00e7\u00e3o PSOL","image":{"@type":"ImageObject","inLanguage":"pt-BR","@id":"https:\/\/psol50.org.br\/#\/schema\/person\/image\/","url":"https:\/\/secure.gravatar.com\/avatar\/b34fc4f4e468a4e51785917065a3db57b841f5c95dba6ad8c73aaf8f66f8f9bf?s=96&d=mm&r=g","contentUrl":"https:\/\/secure.gravatar.com\/avatar\/b34fc4f4e468a4e51785917065a3db57b841f5c95dba6ad8c73aaf8f66f8f9bf?s=96&d=mm&r=g","caption":"Comunica\u00e7\u00e3o PSOL"}}]}},"_links":{"self":[{"href":"https:\/\/psol50.org.br\/rest\/wp\/v2\/posts\/17013","targetHints":{"allow":["GET"]}}],"collection":[{"href":"https:\/\/psol50.org.br\/rest\/wp\/v2\/posts"}],"about":[{"href":"https:\/\/psol50.org.br\/rest\/wp\/v2\/types\/post"}],"author":[{"embeddable":true,"href":"https:\/\/psol50.org.br\/rest\/wp\/v2\/users\/2"}],"replies":[{"embeddable":true,"href":"https:\/\/psol50.org.br\/rest\/wp\/v2\/comments?post=17013"}],"version-history":[{"count":0,"href":"https:\/\/psol50.org.br\/rest\/wp\/v2\/posts\/17013\/revisions"}],"wp:featuredmedia":[{"embeddable":true,"href":"https:\/\/psol50.org.br\/rest\/"}],"wp:attachment":[{"href":"https:\/\/psol50.org.br\/rest\/wp\/v2\/media?parent=17013"}],"wp:term":[{"taxonomy":"category","embeddable":true,"href":"https:\/\/psol50.org.br\/rest\/wp\/v2\/categories?post=17013"},{"taxonomy":"post_tag","embeddable":true,"href":"https:\/\/psol50.org.br\/rest\/wp\/v2\/tags?post=17013"}],"curies":[{"name":"wp","href":"https:\/\/api.w.org\/{rel}","templated":true}]}}