{"id":17017,"date":"2017-06-23T21:17:06","date_gmt":"2017-06-23T21:17:06","guid":{"rendered":"http:\/\/www.psol50.org.br\/?p=17017"},"modified":"2017-06-23T21:17:06","modified_gmt":"2017-06-23T21:17:06","slug":"nota-das-centrais-sindicais-sobre-a-paralisacao-nacional-de-30-de-junho","status":"publish","type":"post","link":"https:\/\/psol50.org.br\/nota-das-centrais-sindicais-sobre-a-paralisacao-nacional-de-30-de-junho\/","title":{"rendered":"Nota das centrais sindicais sobre a paralisa\u00e7\u00e3o nacional de 30 de junho"},"content":{"rendered":"<p>Confira, abaixo, nota das centrais sindicais ap\u00f3s reuni\u00e3o realizada nesta sexta-feira (23\/06), em S\u00e3o Paulo.<\/p>\n<p><em><strong>Dia 30 de junho &#8211; Vamos para o Brasil contra a reforma trabalhista, em defesa dos direitos e da aposentadoria<\/p>\n<p><\/strong>As Centrais Sindicais t\u00eam acompanhado cotidianamente os desdobramentos da crise econ\u00f4mica, pol\u00edtica e social, bem como a mais ampla e profunda tentativa de retirada dos direitos dos trabalhadores, atrav\u00e9s da tramita\u00e7\u00e3o das Reformas Trabalhista e da Previd\u00eancia no Congresso Nacional.<\/em><\/p>\n<p><em>A a\u00e7\u00e3o unit\u00e1ria das Centrais Sindicais tem resultado em uma grande mobiliza\u00e7\u00e3o em todos os cantos do pa\u00eds, como vimos nos dias 08 de mar\u00e7o, 15 de mar\u00e7o, na Greve Geral de 28 de abril e no Ocupa Bras\u00edlia em 24 de maio. Como resultado do amplo debate com a sociedade e das mobiliza\u00e7\u00f5es, conseguimos frear a tramita\u00e7\u00e3o da Reforma da Previd\u00eancia e tivemos uma primeira vit\u00f3ria na Reforma trabalhista, com a reprova\u00e7\u00e3o na CAS (Comiss\u00e3o de Assuntos Econ\u00f4micos do Senado).<\/em><\/p>\n<p><em>Mas ainda n\u00e3o enterramos essas duas reformas, e por esse motivo, continuamos em luta. Nesse contexto, as Centrais Sindicais reunidas no dia de hoje conclamam todas as entidades de trabalhadores a construir o dia 30 de junho de 2017 e o seguinte calend\u00e1rio de luta:<\/em><\/p>\n<p><em>\u2022 27 de junho: audi\u00eancia dos Presidentes das Centrais Sindicais no Senado;<\/em><br \/>\n<em>\u2022 27 a 29 de junho: atividades nos aeroportos, nas bases dos senadores e no senado federal;<\/em><br \/>\n<em>\u2022 30 de junho: Vamos parar o Brasil contra a reforma trabalhista, em defesa dos direitos e da aposentadoria.<\/em><br \/>\n<em>\u2022 No dia da Vota\u00e7\u00e3o da Reforma Trabalhista no Senado: mobiliza\u00e7\u00e3o em Bras\u00edliaEstamos certos de que a unidade de a\u00e7\u00e3o \u00e9 crucial na luta sindical sobretudo em momentos conturbados como o que atravessamos.<\/em><\/p>\n<p><em>CGTB \u2013 Central Geral dos Trabalhadores do Brasil<\/em><br \/>\n<em>CSB \u2013 Central dos Sindicatos Brasileiros<\/em><br \/>\n<em>CSP Conlutas \u2013 Central Sindical e Popular<\/em><br \/>\n<em>CTB \u2013 Central dos Trabalhadores e das Trabalhadoras do Brasil<\/em><br \/>\n<em>CUT \u2013 Central \u00danica dos Trabalhares<\/em><br \/>\n<em>For\u00e7a Sindical<\/em><br \/>\n<em>Intersindical \u2013 Central da Classe Trabalhadora<\/em><br \/>\n<em>NCST \u2013 Nova Central Sindical de Trabalhadores<\/em><br \/>\n<em>UGT \u2013 Uni\u00e3o Geral dos Trabalhadores<\/em><\/p>\n<p><em>23 de junho de 2017, S\u00e3o Paulo, SP<\/em><\/p>\n","protected":false},"excerpt":{"rendered":"<p>Confira, abaixo, nota das centrais sindicais ap\u00f3s reuni\u00e3o realizada nesta sexta-feira (23\/06), em S\u00e3o Paulo. Dia 30 de junho &#8211; Vamos para o Brasil contra a reforma trabalhista, em defesa dos direitos e da aposentadoria As Centrais Sindicais t\u00eam acompanhado cotidianamente os desdobramentos da crise econ\u00f4mica, pol\u00edtica e social, bem como a mais ampla e [&hellip;]<\/p>\n","protected":false},"author":2,"featured_media":16419,"comment_status":"open","ping_status":"open","sticky":false,"template":"","format":"standard","meta":{"_acf_changed":false,"footnotes":""},"categories":[1882,1104,6],"tags":[2200,2169,1793,19,39,1669],"class_list":{"0":"post-17017","1":"post","2":"type-post","3":"status-publish","4":"format-standard","5":"has-post-thumbnail","7":"category-brasil","8":"category-movimento","9":"category-noticias","10":"tag-centrais-sinciais","11":"tag-fora-temer","12":"tag-greve-geral","13":"tag-nota","14":"tag-reforma-da-previdencia","15":"tag-reforma-trabalhista"},"acf":[],"yoast_head":"<!-- This site is optimized with the Yoast SEO plugin v26.5 - https:\/\/yoast.com\/wordpress\/plugins\/seo\/ -->\n<title>Nota das centrais sindicais sobre a paralisa\u00e7\u00e3o nacional de 30 de junho - PSOL 50<\/title>\n<meta name=\"robots\" content=\"index, follow, max-snippet:-1, max-image-preview:large, max-video-preview:-1\" \/>\n<link rel=\"canonical\" href=\"https:\/\/psol50.org.br\/nota-das-centrais-sindicais-sobre-a-paralisacao-nacional-de-30-de-junho\/\" \/>\n<meta property=\"og:locale\" content=\"pt_BR\" \/>\n<meta property=\"og:type\" content=\"article\" \/>\n<meta property=\"og:title\" content=\"Nota das centrais sindicais sobre a paralisa\u00e7\u00e3o nacional de 30 de junho - PSOL 50\" \/>\n<meta property=\"og:description\" content=\"Confira, abaixo, nota das centrais sindicais ap\u00f3s reuni\u00e3o realizada nesta sexta-feira (23\/06), em S\u00e3o Paulo. Dia 30 de junho &#8211; Vamos para o Brasil contra a reforma trabalhista, em defesa dos direitos e da aposentadoria As Centrais Sindicais t\u00eam acompanhado cotidianamente os desdobramentos da crise econ\u00f4mica, pol\u00edtica e social, bem como a mais ampla e [&hellip;]\" \/>\n<meta property=\"og:url\" content=\"https:\/\/psol50.org.br\/nota-das-centrais-sindicais-sobre-a-paralisacao-nacional-de-30-de-junho\/\" \/>\n<meta property=\"og:site_name\" content=\"PSOL 50\" \/>\n<meta property=\"article:publisher\" content=\"https:\/\/www.facebook.com\/psol50\" \/>\n<meta property=\"article:published_time\" content=\"2017-06-23T21:17:06+00:00\" \/>\n<meta property=\"og:image\" content=\"https:\/\/psol50.org.br\/inc\/uploads\/2018\/07\/capa.png\" \/>\n\t<meta property=\"og:image:width\" content=\"1350\" \/>\n\t<meta property=\"og:image:height\" content=\"900\" \/>\n\t<meta property=\"og:image:type\" content=\"image\/png\" \/>\n<meta name=\"author\" content=\"Comunica\u00e7\u00e3o PSOL\" \/>\n<meta name=\"twitter:card\" content=\"summary_large_image\" \/>\n<meta name=\"twitter:creator\" content=\"@psol50\" \/>\n<meta name=\"twitter:site\" content=\"@psol50\" \/>\n<meta name=\"twitter:label1\" content=\"Escrito por\" \/>\n\t<meta name=\"twitter:data1\" content=\"Comunica\u00e7\u00e3o PSOL\" \/>\n\t<meta name=\"twitter:label2\" content=\"Est. tempo de leitura\" \/>\n\t<meta name=\"twitter:data2\" content=\"2 minutos\" \/>\n<script type=\"application\/ld+json\" class=\"yoast-schema-graph\">{\"@context\":\"https:\/\/schema.org\",\"@graph\":[{\"@type\":\"Article\",\"@id\":\"https:\/\/psol50.org.br\/nota-das-centrais-sindicais-sobre-a-paralisacao-nacional-de-30-de-junho\/#article\",\"isPartOf\":{\"@id\":\"https:\/\/psol50.org.br\/nota-das-centrais-sindicais-sobre-a-paralisacao-nacional-de-30-de-junho\/\"},\"author\":{\"name\":\"Comunica\u00e7\u00e3o PSOL\",\"@id\":\"https:\/\/psol50.org.br\/#\/schema\/person\/475dfa57d0b815993c714c2e96491fcd\"},\"headline\":\"Nota das centrais sindicais sobre a paralisa\u00e7\u00e3o nacional de 30 de junho\",\"datePublished\":\"2017-06-23T21:17:06+00:00\",\"mainEntityOfPage\":{\"@id\":\"https:\/\/psol50.org.br\/nota-das-centrais-sindicais-sobre-a-paralisacao-nacional-de-30-de-junho\/\"},\"wordCount\":366,\"commentCount\":0,\"publisher\":{\"@id\":\"https:\/\/psol50.org.br\/#organization\"},\"image\":{\"@id\":\"https:\/\/psol50.org.br\/nota-das-centrais-sindicais-sobre-a-paralisacao-nacional-de-30-de-junho\/#primaryimage\"},\"thumbnailUrl\":\"\",\"keywords\":[\"Centrais Sinciais\",\"Fora Temer\",\"greve geral\",\"nota\",\"reforma da previd\u00eancia\",\"reforma trabalhista\"],\"articleSection\":[\"Brasil\",\"Movimento\",\"Not\u00edcias\"],\"inLanguage\":\"pt-BR\",\"potentialAction\":[{\"@type\":\"CommentAction\",\"name\":\"Comment\",\"target\":[\"https:\/\/psol50.org.br\/nota-das-centrais-sindicais-sobre-a-paralisacao-nacional-de-30-de-junho\/#respond\"]}]},{\"@type\":\"WebPage\",\"@id\":\"https:\/\/psol50.org.br\/nota-das-centrais-sindicais-sobre-a-paralisacao-nacional-de-30-de-junho\/\",\"url\":\"https:\/\/psol50.org.br\/nota-das-centrais-sindicais-sobre-a-paralisacao-nacional-de-30-de-junho\/\",\"name\":\"Nota das centrais sindicais sobre a paralisa\u00e7\u00e3o nacional de 30 de junho - PSOL 50\",\"isPartOf\":{\"@id\":\"https:\/\/psol50.org.br\/#website\"},\"primaryImageOfPage\":{\"@id\":\"https:\/\/psol50.org.br\/nota-das-centrais-sindicais-sobre-a-paralisacao-nacional-de-30-de-junho\/#primaryimage\"},\"image\":{\"@id\":\"https:\/\/psol50.org.br\/nota-das-centrais-sindicais-sobre-a-paralisacao-nacional-de-30-de-junho\/#primaryimage\"},\"thumbnailUrl\":\"\",\"datePublished\":\"2017-06-23T21:17:06+00:00\",\"breadcrumb\":{\"@id\":\"https:\/\/psol50.org.br\/nota-das-centrais-sindicais-sobre-a-paralisacao-nacional-de-30-de-junho\/#breadcrumb\"},\"inLanguage\":\"pt-BR\",\"potentialAction\":[{\"@type\":\"ReadAction\",\"target\":[\"https:\/\/psol50.org.br\/nota-das-centrais-sindicais-sobre-a-paralisacao-nacional-de-30-de-junho\/\"]}]},{\"@type\":\"ImageObject\",\"inLanguage\":\"pt-BR\",\"@id\":\"https:\/\/psol50.org.br\/nota-das-centrais-sindicais-sobre-a-paralisacao-nacional-de-30-de-junho\/#primaryimage\",\"url\":\"\",\"contentUrl\":\"\"},{\"@type\":\"BreadcrumbList\",\"@id\":\"https:\/\/psol50.org.br\/nota-das-centrais-sindicais-sobre-a-paralisacao-nacional-de-30-de-junho\/#breadcrumb\",\"itemListElement\":[{\"@type\":\"ListItem\",\"position\":1,\"name\":\"In\u00edcio\",\"item\":\"https:\/\/psol50.org.br\/\"},{\"@type\":\"ListItem\",\"position\":2,\"name\":\"Nota das centrais sindicais sobre a paralisa\u00e7\u00e3o nacional de 30 de junho\"}]},{\"@type\":\"WebSite\",\"@id\":\"https:\/\/psol50.org.br\/#website\",\"url\":\"https:\/\/psol50.org.br\/\",\"name\":\"PSOL 50\",\"description\":\"Site oficial do Partido Socialismo e Liberdade\",\"publisher\":{\"@id\":\"https:\/\/psol50.org.br\/#organization\"},\"alternateName\":\"PSOL50\",\"potentialAction\":[{\"@type\":\"SearchAction\",\"target\":{\"@type\":\"EntryPoint\",\"urlTemplate\":\"https:\/\/psol50.org.br\/?s={search_term_string}\"},\"query-input\":{\"@type\":\"PropertyValueSpecification\",\"valueRequired\":true,\"valueName\":\"search_term_string\"}}],\"inLanguage\":\"pt-BR\"},{\"@type\":\"Organization\",\"@id\":\"https:\/\/psol50.org.br\/#organization\",\"name\":\"PSOL 50\",\"alternateName\":\"PSOL 50\",\"url\":\"https:\/\/psol50.org.br\/\",\"logo\":{\"@type\":\"ImageObject\",\"inLanguage\":\"pt-BR\",\"@id\":\"https:\/\/psol50.org.br\/#\/schema\/logo\/image\/\",\"url\":\"https:\/\/psol50.org.br\/inc\/uploads\/2018\/07\/capa.png\",\"contentUrl\":\"https:\/\/psol50.org.br\/inc\/uploads\/2018\/07\/capa.png\",\"width\":1350,\"height\":900,\"caption\":\"PSOL 50\"},\"image\":{\"@id\":\"https:\/\/psol50.org.br\/#\/schema\/logo\/image\/\"},\"sameAs\":[\"https:\/\/www.facebook.com\/psol50\",\"https:\/\/x.com\/psol50\",\"https:\/\/www.instagram.com\/psol50\/\",\"https:\/\/www.youtube.com\/channel\/UC7SnJS5o1os7a6CaiNabzcg\"]},{\"@type\":\"Person\",\"@id\":\"https:\/\/psol50.org.br\/#\/schema\/person\/475dfa57d0b815993c714c2e96491fcd\",\"name\":\"Comunica\u00e7\u00e3o PSOL\",\"image\":{\"@type\":\"ImageObject\",\"inLanguage\":\"pt-BR\",\"@id\":\"https:\/\/psol50.org.br\/#\/schema\/person\/image\/\",\"url\":\"https:\/\/secure.gravatar.com\/avatar\/b34fc4f4e468a4e51785917065a3db57b841f5c95dba6ad8c73aaf8f66f8f9bf?s=96&d=mm&r=g\",\"contentUrl\":\"https:\/\/secure.gravatar.com\/avatar\/b34fc4f4e468a4e51785917065a3db57b841f5c95dba6ad8c73aaf8f66f8f9bf?s=96&d=mm&r=g\",\"caption\":\"Comunica\u00e7\u00e3o PSOL\"}}]}<\/script>\n<!-- \/ Yoast SEO plugin. -->","yoast_head_json":{"title":"Nota das centrais sindicais sobre a paralisa\u00e7\u00e3o nacional de 30 de junho - PSOL 50","robots":{"index":"index","follow":"follow","max-snippet":"max-snippet:-1","max-image-preview":"max-image-preview:large","max-video-preview":"max-video-preview:-1"},"canonical":"https:\/\/psol50.org.br\/nota-das-centrais-sindicais-sobre-a-paralisacao-nacional-de-30-de-junho\/","og_locale":"pt_BR","og_type":"article","og_title":"Nota das centrais sindicais sobre a paralisa\u00e7\u00e3o nacional de 30 de junho - PSOL 50","og_description":"Confira, abaixo, nota das centrais sindicais ap\u00f3s reuni\u00e3o realizada nesta sexta-feira (23\/06), em S\u00e3o Paulo. Dia 30 de junho &#8211; Vamos para o Brasil contra a reforma trabalhista, em defesa dos direitos e da aposentadoria As Centrais Sindicais t\u00eam acompanhado cotidianamente os desdobramentos da crise econ\u00f4mica, pol\u00edtica e social, bem como a mais ampla e [&hellip;]","og_url":"https:\/\/psol50.org.br\/nota-das-centrais-sindicais-sobre-a-paralisacao-nacional-de-30-de-junho\/","og_site_name":"PSOL 50","article_publisher":"https:\/\/www.facebook.com\/psol50","article_published_time":"2017-06-23T21:17:06+00:00","og_image":[{"width":1350,"height":900,"url":"https:\/\/psol50.org.br\/inc\/uploads\/2018\/07\/capa.png","type":"image\/png"}],"author":"Comunica\u00e7\u00e3o PSOL","twitter_card":"summary_large_image","twitter_creator":"@psol50","twitter_site":"@psol50","twitter_misc":{"Escrito por":"Comunica\u00e7\u00e3o PSOL","Est. tempo de leitura":"2 minutos"},"schema":{"@context":"https:\/\/schema.org","@graph":[{"@type":"Article","@id":"https:\/\/psol50.org.br\/nota-das-centrais-sindicais-sobre-a-paralisacao-nacional-de-30-de-junho\/#article","isPartOf":{"@id":"https:\/\/psol50.org.br\/nota-das-centrais-sindicais-sobre-a-paralisacao-nacional-de-30-de-junho\/"},"author":{"name":"Comunica\u00e7\u00e3o PSOL","@id":"https:\/\/psol50.org.br\/#\/schema\/person\/475dfa57d0b815993c714c2e96491fcd"},"headline":"Nota das centrais sindicais sobre a paralisa\u00e7\u00e3o nacional de 30 de junho","datePublished":"2017-06-23T21:17:06+00:00","mainEntityOfPage":{"@id":"https:\/\/psol50.org.br\/nota-das-centrais-sindicais-sobre-a-paralisacao-nacional-de-30-de-junho\/"},"wordCount":366,"commentCount":0,"publisher":{"@id":"https:\/\/psol50.org.br\/#organization"},"image":{"@id":"https:\/\/psol50.org.br\/nota-das-centrais-sindicais-sobre-a-paralisacao-nacional-de-30-de-junho\/#primaryimage"},"thumbnailUrl":"","keywords":["Centrais Sinciais","Fora Temer","greve geral","nota","reforma da previd\u00eancia","reforma trabalhista"],"articleSection":["Brasil","Movimento","Not\u00edcias"],"inLanguage":"pt-BR","potentialAction":[{"@type":"CommentAction","name":"Comment","target":["https:\/\/psol50.org.br\/nota-das-centrais-sindicais-sobre-a-paralisacao-nacional-de-30-de-junho\/#respond"]}]},{"@type":"WebPage","@id":"https:\/\/psol50.org.br\/nota-das-centrais-sindicais-sobre-a-paralisacao-nacional-de-30-de-junho\/","url":"https:\/\/psol50.org.br\/nota-das-centrais-sindicais-sobre-a-paralisacao-nacional-de-30-de-junho\/","name":"Nota das centrais sindicais sobre a paralisa\u00e7\u00e3o nacional de 30 de junho - PSOL 50","isPartOf":{"@id":"https:\/\/psol50.org.br\/#website"},"primaryImageOfPage":{"@id":"https:\/\/psol50.org.br\/nota-das-centrais-sindicais-sobre-a-paralisacao-nacional-de-30-de-junho\/#primaryimage"},"image":{"@id":"https:\/\/psol50.org.br\/nota-das-centrais-sindicais-sobre-a-paralisacao-nacional-de-30-de-junho\/#primaryimage"},"thumbnailUrl":"","datePublished":"2017-06-23T21:17:06+00:00","breadcrumb":{"@id":"https:\/\/psol50.org.br\/nota-das-centrais-sindicais-sobre-a-paralisacao-nacional-de-30-de-junho\/#breadcrumb"},"inLanguage":"pt-BR","potentialAction":[{"@type":"ReadAction","target":["https:\/\/psol50.org.br\/nota-das-centrais-sindicais-sobre-a-paralisacao-nacional-de-30-de-junho\/"]}]},{"@type":"ImageObject","inLanguage":"pt-BR","@id":"https:\/\/psol50.org.br\/nota-das-centrais-sindicais-sobre-a-paralisacao-nacional-de-30-de-junho\/#primaryimage","url":"","contentUrl":""},{"@type":"BreadcrumbList","@id":"https:\/\/psol50.org.br\/nota-das-centrais-sindicais-sobre-a-paralisacao-nacional-de-30-de-junho\/#breadcrumb","itemListElement":[{"@type":"ListItem","position":1,"name":"In\u00edcio","item":"https:\/\/psol50.org.br\/"},{"@type":"ListItem","position":2,"name":"Nota das centrais sindicais sobre a paralisa\u00e7\u00e3o nacional de 30 de junho"}]},{"@type":"WebSite","@id":"https:\/\/psol50.org.br\/#website","url":"https:\/\/psol50.org.br\/","name":"PSOL 50","description":"Site oficial do Partido Socialismo e Liberdade","publisher":{"@id":"https:\/\/psol50.org.br\/#organization"},"alternateName":"PSOL50","potentialAction":[{"@type":"SearchAction","target":{"@type":"EntryPoint","urlTemplate":"https:\/\/psol50.org.br\/?s={search_term_string}"},"query-input":{"@type":"PropertyValueSpecification","valueRequired":true,"valueName":"search_term_string"}}],"inLanguage":"pt-BR"},{"@type":"Organization","@id":"https:\/\/psol50.org.br\/#organization","name":"PSOL 50","alternateName":"PSOL 50","url":"https:\/\/psol50.org.br\/","logo":{"@type":"ImageObject","inLanguage":"pt-BR","@id":"https:\/\/psol50.org.br\/#\/schema\/logo\/image\/","url":"https:\/\/psol50.org.br\/inc\/uploads\/2018\/07\/capa.png","contentUrl":"https:\/\/psol50.org.br\/inc\/uploads\/2018\/07\/capa.png","width":1350,"height":900,"caption":"PSOL 50"},"image":{"@id":"https:\/\/psol50.org.br\/#\/schema\/logo\/image\/"},"sameAs":["https:\/\/www.facebook.com\/psol50","https:\/\/x.com\/psol50","https:\/\/www.instagram.com\/psol50\/","https:\/\/www.youtube.com\/channel\/UC7SnJS5o1os7a6CaiNabzcg"]},{"@type":"Person","@id":"https:\/\/psol50.org.br\/#\/schema\/person\/475dfa57d0b815993c714c2e96491fcd","name":"Comunica\u00e7\u00e3o PSOL","image":{"@type":"ImageObject","inLanguage":"pt-BR","@id":"https:\/\/psol50.org.br\/#\/schema\/person\/image\/","url":"https:\/\/secure.gravatar.com\/avatar\/b34fc4f4e468a4e51785917065a3db57b841f5c95dba6ad8c73aaf8f66f8f9bf?s=96&d=mm&r=g","contentUrl":"https:\/\/secure.gravatar.com\/avatar\/b34fc4f4e468a4e51785917065a3db57b841f5c95dba6ad8c73aaf8f66f8f9bf?s=96&d=mm&r=g","caption":"Comunica\u00e7\u00e3o PSOL"}}]}},"_links":{"self":[{"href":"https:\/\/psol50.org.br\/rest\/wp\/v2\/posts\/17017","targetHints":{"allow":["GET"]}}],"collection":[{"href":"https:\/\/psol50.org.br\/rest\/wp\/v2\/posts"}],"about":[{"href":"https:\/\/psol50.org.br\/rest\/wp\/v2\/types\/post"}],"author":[{"embeddable":true,"href":"https:\/\/psol50.org.br\/rest\/wp\/v2\/users\/2"}],"replies":[{"embeddable":true,"href":"https:\/\/psol50.org.br\/rest\/wp\/v2\/comments?post=17017"}],"version-history":[{"count":0,"href":"https:\/\/psol50.org.br\/rest\/wp\/v2\/posts\/17017\/revisions"}],"wp:featuredmedia":[{"embeddable":true,"href":"https:\/\/psol50.org.br\/rest\/"}],"wp:attachment":[{"href":"https:\/\/psol50.org.br\/rest\/wp\/v2\/media?parent=17017"}],"wp:term":[{"taxonomy":"category","embeddable":true,"href":"https:\/\/psol50.org.br\/rest\/wp\/v2\/categories?post=17017"},{"taxonomy":"post_tag","embeddable":true,"href":"https:\/\/psol50.org.br\/rest\/wp\/v2\/tags?post=17017"}],"curies":[{"name":"wp","href":"https:\/\/api.w.org\/{rel}","templated":true}]}}