{"id":17021,"date":"2017-06-26T12:47:55","date_gmt":"2017-06-26T12:47:55","guid":{"rendered":"http:\/\/www.psol50.org.br\/?p=17021"},"modified":"2017-06-26T12:47:55","modified_gmt":"2017-06-26T12:47:55","slug":"para-deputado-do-psol-arquivamento-de-processo-contra-aecio-e-uma-vergonha","status":"publish","type":"post","link":"https:\/\/psol50.org.br\/para-deputado-do-psol-arquivamento-de-processo-contra-aecio-e-uma-vergonha\/","title":{"rendered":"Para deputado do PSOL, arquivamento de processo contra A\u00e9cio \u00e9 uma vergonha"},"content":{"rendered":"<div>\n<p>O presidente da Comiss\u00e3o de \u00c9tica do Senado Federal, senador Jo\u00e3o Alberto Souza (PMDB-MA), arquivou na sexta-feira (23\/06) a representa\u00e7\u00e3o por quebra de decoro parlamentar contra o senador afastado A\u00e9cio Neves (PSDB-MG), <a href=\"http:\/\/www.psol50.org.br\/blog\/2017\/05\/19\/psol-e-rede-pedem-cassacao-de-aecio-neves\/\" target=\"_blank\" rel=\"noopener\"><strong><span style=\"color: #0000ff;\">protocolada pelo PSOL e pela Rede Sustentabilidade<\/span><\/strong><\/a>. O processo pedia a cassa\u00e7\u00e3o do senador tucano, tamb\u00e9m citado nas dela\u00e7\u00f5es do empres\u00e1rio Joesley Batista, dono da J&amp;E, controladora do frigor\u00edfico Friboi.<\/p>\n<p>O argumento do peemedebista para decidir pelo arquivamento foi &#8220;por falta de provas&#8221;, declara\u00e7\u00e3o prontamente contestada por parlamentares de oposi\u00e7\u00e3o. Os membros do Conselho de \u00c9tica t\u00eam at\u00e9 esta pr\u00f3xima ter\u00e7a-feira (27) para recorrer contra o arquivamento. \u00c9 necess\u00e1rio o apoio de pelo menos cinco integrantes do colegiado para que o recurso seja colocado em vota\u00e7\u00e3o. Um dos autores da representa\u00e7\u00e3o junto com o PSOL, o senador Randolfe Rodrigues (Rede-AP), afirmou que pretende recorrer.<\/p>\n<p>O deputado Ivan Valente (SP) disse que a decis\u00e3o do senador Jo\u00e3o Alberto \u00e9 uma vergonha e que \u00e9 parte do acord\u00e3o para tentar salvar a pele de A\u00e9cio. Ele lembrou que o senador tucano ser\u00e1 julgado nesta ter\u00e7a pelo Supremo Tribunal Federal (STF), que j\u00e1 o afastou do mandado. &#8220;Agora esse senador sarneysista (Jo\u00e3o Alberto Souza) arquiva o processo. Todo mundo t\u00e1 embasbacado com isso. Porque, na verdade, A\u00e9cio Neves praticou crime de obstru\u00e7\u00e3o de justi\u00e7a, lavagem de dinheiro e corrup\u00e7\u00e3o ativa, pedindo 2 milh\u00f5es de reais a Josley Batista&#8221;, disse Valente na pr\u00f3pria sexta-feira, logo ap\u00f3s a decis\u00e3o do presidente do Conselho de \u00c9tica do Senado. Confira no v\u00eddeo abaixo.<\/p>\n<p>https:\/\/www.facebook.com\/IvanValentePSOL\/videos\/1612136492164560\/<\/p>\n<\/div>\n","protected":false},"excerpt":{"rendered":"<p>O presidente da Comiss\u00e3o de \u00c9tica do Senado Federal, senador Jo\u00e3o Alberto Souza (PMDB-MA), arquivou na sexta-feira (23\/06) a representa\u00e7\u00e3o por quebra de decoro parlamentar contra o senador afastado A\u00e9cio Neves (PSDB-MG), protocolada pelo PSOL e pela Rede Sustentabilidade. O processo pedia a cassa\u00e7\u00e3o do senador tucano, tamb\u00e9m citado nas dela\u00e7\u00f5es do empres\u00e1rio Joesley Batista, [&hellip;]<\/p>\n","protected":false},"author":2,"featured_media":12363,"comment_status":"open","ping_status":"open","sticky":false,"template":"","format":"standard","meta":{"_acf_changed":false,"footnotes":""},"categories":[10,1882,6],"tags":[3063,3346,278,3347,58,3248,1030,1590,22,924,1606,3348,3349],"class_list":{"0":"post-17021","1":"post","2":"type-post","3":"status-publish","4":"format-standard","5":"has-post-thumbnail","7":"category-acao-parlamentares","8":"category-brasil","9":"category-noticias","10":"tag-aecio-neves","11":"tag-arquivamento","12":"tag-cassacao","13":"tag-conselho-de-etica-do-senado-federal","14":"tag-corrupcao","15":"tag-joesley","16":"tag-processo","17":"tag-psdb","18":"tag-psol","19":"tag-rede","20":"tag-representacao","21":"tag-senador-joao-alberto-souza","22":"tag-senador-tucano"},"acf":[],"yoast_head":"<!-- This site is optimized with the Yoast SEO plugin v26.5 - https:\/\/yoast.com\/wordpress\/plugins\/seo\/ -->\n<title>Para deputado do PSOL, arquivamento de processo contra A\u00e9cio \u00e9 uma vergonha - PSOL 50<\/title>\n<meta name=\"robots\" content=\"index, follow, max-snippet:-1, max-image-preview:large, max-video-preview:-1\" \/>\n<link rel=\"canonical\" href=\"https:\/\/psol50.org.br\/para-deputado-do-psol-arquivamento-de-processo-contra-aecio-e-uma-vergonha\/\" \/>\n<meta property=\"og:locale\" content=\"pt_BR\" \/>\n<meta property=\"og:type\" content=\"article\" \/>\n<meta property=\"og:title\" content=\"Para deputado do PSOL, arquivamento de processo contra A\u00e9cio \u00e9 uma vergonha - PSOL 50\" \/>\n<meta property=\"og:description\" content=\"O presidente da Comiss\u00e3o de \u00c9tica do Senado Federal, senador Jo\u00e3o Alberto Souza (PMDB-MA), arquivou na sexta-feira (23\/06) a representa\u00e7\u00e3o por quebra de decoro parlamentar contra o senador afastado A\u00e9cio Neves (PSDB-MG), protocolada pelo PSOL e pela Rede Sustentabilidade. O processo pedia a cassa\u00e7\u00e3o do senador tucano, tamb\u00e9m citado nas dela\u00e7\u00f5es do empres\u00e1rio Joesley Batista, [&hellip;]\" \/>\n<meta property=\"og:url\" content=\"https:\/\/psol50.org.br\/para-deputado-do-psol-arquivamento-de-processo-contra-aecio-e-uma-vergonha\/\" \/>\n<meta property=\"og:site_name\" content=\"PSOL 50\" \/>\n<meta property=\"article:publisher\" content=\"https:\/\/www.facebook.com\/psol50\" \/>\n<meta property=\"article:published_time\" content=\"2017-06-26T12:47:55+00:00\" \/>\n<meta property=\"og:image\" content=\"https:\/\/psol50.org.br\/inc\/uploads\/2018\/07\/capa.png\" \/>\n\t<meta property=\"og:image:width\" content=\"1350\" \/>\n\t<meta property=\"og:image:height\" content=\"900\" \/>\n\t<meta property=\"og:image:type\" content=\"image\/png\" \/>\n<meta name=\"author\" content=\"Comunica\u00e7\u00e3o PSOL\" \/>\n<meta name=\"twitter:card\" content=\"summary_large_image\" \/>\n<meta name=\"twitter:creator\" content=\"@psol50\" \/>\n<meta name=\"twitter:site\" content=\"@psol50\" \/>\n<meta name=\"twitter:label1\" content=\"Escrito por\" \/>\n\t<meta name=\"twitter:data1\" content=\"Comunica\u00e7\u00e3o PSOL\" \/>\n\t<meta name=\"twitter:label2\" content=\"Est. tempo de leitura\" \/>\n\t<meta name=\"twitter:data2\" content=\"1 minuto\" \/>\n<script type=\"application\/ld+json\" class=\"yoast-schema-graph\">{\"@context\":\"https:\/\/schema.org\",\"@graph\":[{\"@type\":\"Article\",\"@id\":\"https:\/\/psol50.org.br\/para-deputado-do-psol-arquivamento-de-processo-contra-aecio-e-uma-vergonha\/#article\",\"isPartOf\":{\"@id\":\"https:\/\/psol50.org.br\/para-deputado-do-psol-arquivamento-de-processo-contra-aecio-e-uma-vergonha\/\"},\"author\":{\"name\":\"Comunica\u00e7\u00e3o PSOL\",\"@id\":\"https:\/\/psol50.org.br\/#\/schema\/person\/475dfa57d0b815993c714c2e96491fcd\"},\"headline\":\"Para deputado do PSOL, arquivamento de processo contra A\u00e9cio \u00e9 uma vergonha\",\"datePublished\":\"2017-06-26T12:47:55+00:00\",\"mainEntityOfPage\":{\"@id\":\"https:\/\/psol50.org.br\/para-deputado-do-psol-arquivamento-de-processo-contra-aecio-e-uma-vergonha\/\"},\"wordCount\":294,\"commentCount\":0,\"publisher\":{\"@id\":\"https:\/\/psol50.org.br\/#organization\"},\"image\":{\"@id\":\"https:\/\/psol50.org.br\/para-deputado-do-psol-arquivamento-de-processo-contra-aecio-e-uma-vergonha\/#primaryimage\"},\"thumbnailUrl\":\"\",\"keywords\":[\"A\u00e9cio Neves\",\"arquivamento\",\"cassa\u00e7\u00e3o\",\"Conselho de \u00c9tica do Senado Federal\",\"corrup\u00e7\u00e3o\",\"joesley\",\"processo\",\"PSDB\",\"PSOL\",\"Rede\",\"representa\u00e7\u00e3o\",\"senador Jo\u00e3o Alberto Souza\",\"senador tucano\"],\"articleSection\":[\"A\u00e7\u00e3o Parlamentar\",\"Brasil\",\"Not\u00edcias\"],\"inLanguage\":\"pt-BR\",\"potentialAction\":[{\"@type\":\"CommentAction\",\"name\":\"Comment\",\"target\":[\"https:\/\/psol50.org.br\/para-deputado-do-psol-arquivamento-de-processo-contra-aecio-e-uma-vergonha\/#respond\"]}]},{\"@type\":\"WebPage\",\"@id\":\"https:\/\/psol50.org.br\/para-deputado-do-psol-arquivamento-de-processo-contra-aecio-e-uma-vergonha\/\",\"url\":\"https:\/\/psol50.org.br\/para-deputado-do-psol-arquivamento-de-processo-contra-aecio-e-uma-vergonha\/\",\"name\":\"Para deputado do PSOL, arquivamento de processo contra A\u00e9cio \u00e9 uma vergonha - PSOL 50\",\"isPartOf\":{\"@id\":\"https:\/\/psol50.org.br\/#website\"},\"primaryImageOfPage\":{\"@id\":\"https:\/\/psol50.org.br\/para-deputado-do-psol-arquivamento-de-processo-contra-aecio-e-uma-vergonha\/#primaryimage\"},\"image\":{\"@id\":\"https:\/\/psol50.org.br\/para-deputado-do-psol-arquivamento-de-processo-contra-aecio-e-uma-vergonha\/#primaryimage\"},\"thumbnailUrl\":\"\",\"datePublished\":\"2017-06-26T12:47:55+00:00\",\"breadcrumb\":{\"@id\":\"https:\/\/psol50.org.br\/para-deputado-do-psol-arquivamento-de-processo-contra-aecio-e-uma-vergonha\/#breadcrumb\"},\"inLanguage\":\"pt-BR\",\"potentialAction\":[{\"@type\":\"ReadAction\",\"target\":[\"https:\/\/psol50.org.br\/para-deputado-do-psol-arquivamento-de-processo-contra-aecio-e-uma-vergonha\/\"]}]},{\"@type\":\"ImageObject\",\"inLanguage\":\"pt-BR\",\"@id\":\"https:\/\/psol50.org.br\/para-deputado-do-psol-arquivamento-de-processo-contra-aecio-e-uma-vergonha\/#primaryimage\",\"url\":\"\",\"contentUrl\":\"\"},{\"@type\":\"BreadcrumbList\",\"@id\":\"https:\/\/psol50.org.br\/para-deputado-do-psol-arquivamento-de-processo-contra-aecio-e-uma-vergonha\/#breadcrumb\",\"itemListElement\":[{\"@type\":\"ListItem\",\"position\":1,\"name\":\"In\u00edcio\",\"item\":\"https:\/\/psol50.org.br\/\"},{\"@type\":\"ListItem\",\"position\":2,\"name\":\"Para deputado do PSOL, arquivamento de processo contra A\u00e9cio \u00e9 uma vergonha\"}]},{\"@type\":\"WebSite\",\"@id\":\"https:\/\/psol50.org.br\/#website\",\"url\":\"https:\/\/psol50.org.br\/\",\"name\":\"PSOL 50\",\"description\":\"Site oficial do Partido Socialismo e Liberdade\",\"publisher\":{\"@id\":\"https:\/\/psol50.org.br\/#organization\"},\"alternateName\":\"PSOL50\",\"potentialAction\":[{\"@type\":\"SearchAction\",\"target\":{\"@type\":\"EntryPoint\",\"urlTemplate\":\"https:\/\/psol50.org.br\/?s={search_term_string}\"},\"query-input\":{\"@type\":\"PropertyValueSpecification\",\"valueRequired\":true,\"valueName\":\"search_term_string\"}}],\"inLanguage\":\"pt-BR\"},{\"@type\":\"Organization\",\"@id\":\"https:\/\/psol50.org.br\/#organization\",\"name\":\"PSOL 50\",\"alternateName\":\"PSOL 50\",\"url\":\"https:\/\/psol50.org.br\/\",\"logo\":{\"@type\":\"ImageObject\",\"inLanguage\":\"pt-BR\",\"@id\":\"https:\/\/psol50.org.br\/#\/schema\/logo\/image\/\",\"url\":\"https:\/\/psol50.org.br\/inc\/uploads\/2018\/07\/capa.png\",\"contentUrl\":\"https:\/\/psol50.org.br\/inc\/uploads\/2018\/07\/capa.png\",\"width\":1350,\"height\":900,\"caption\":\"PSOL 50\"},\"image\":{\"@id\":\"https:\/\/psol50.org.br\/#\/schema\/logo\/image\/\"},\"sameAs\":[\"https:\/\/www.facebook.com\/psol50\",\"https:\/\/x.com\/psol50\",\"https:\/\/www.instagram.com\/psol50\/\",\"https:\/\/www.youtube.com\/channel\/UC7SnJS5o1os7a6CaiNabzcg\"]},{\"@type\":\"Person\",\"@id\":\"https:\/\/psol50.org.br\/#\/schema\/person\/475dfa57d0b815993c714c2e96491fcd\",\"name\":\"Comunica\u00e7\u00e3o PSOL\",\"image\":{\"@type\":\"ImageObject\",\"inLanguage\":\"pt-BR\",\"@id\":\"https:\/\/psol50.org.br\/#\/schema\/person\/image\/\",\"url\":\"https:\/\/secure.gravatar.com\/avatar\/b34fc4f4e468a4e51785917065a3db57b841f5c95dba6ad8c73aaf8f66f8f9bf?s=96&d=mm&r=g\",\"contentUrl\":\"https:\/\/secure.gravatar.com\/avatar\/b34fc4f4e468a4e51785917065a3db57b841f5c95dba6ad8c73aaf8f66f8f9bf?s=96&d=mm&r=g\",\"caption\":\"Comunica\u00e7\u00e3o PSOL\"}}]}<\/script>\n<!-- \/ Yoast SEO plugin. -->","yoast_head_json":{"title":"Para deputado do PSOL, arquivamento de processo contra A\u00e9cio \u00e9 uma vergonha - PSOL 50","robots":{"index":"index","follow":"follow","max-snippet":"max-snippet:-1","max-image-preview":"max-image-preview:large","max-video-preview":"max-video-preview:-1"},"canonical":"https:\/\/psol50.org.br\/para-deputado-do-psol-arquivamento-de-processo-contra-aecio-e-uma-vergonha\/","og_locale":"pt_BR","og_type":"article","og_title":"Para deputado do PSOL, arquivamento de processo contra A\u00e9cio \u00e9 uma vergonha - PSOL 50","og_description":"O presidente da Comiss\u00e3o de \u00c9tica do Senado Federal, senador Jo\u00e3o Alberto Souza (PMDB-MA), arquivou na sexta-feira (23\/06) a representa\u00e7\u00e3o por quebra de decoro parlamentar contra o senador afastado A\u00e9cio Neves (PSDB-MG), protocolada pelo PSOL e pela Rede Sustentabilidade. O processo pedia a cassa\u00e7\u00e3o do senador tucano, tamb\u00e9m citado nas dela\u00e7\u00f5es do empres\u00e1rio Joesley Batista, [&hellip;]","og_url":"https:\/\/psol50.org.br\/para-deputado-do-psol-arquivamento-de-processo-contra-aecio-e-uma-vergonha\/","og_site_name":"PSOL 50","article_publisher":"https:\/\/www.facebook.com\/psol50","article_published_time":"2017-06-26T12:47:55+00:00","og_image":[{"width":1350,"height":900,"url":"https:\/\/psol50.org.br\/inc\/uploads\/2018\/07\/capa.png","type":"image\/png"}],"author":"Comunica\u00e7\u00e3o PSOL","twitter_card":"summary_large_image","twitter_creator":"@psol50","twitter_site":"@psol50","twitter_misc":{"Escrito por":"Comunica\u00e7\u00e3o PSOL","Est. tempo de leitura":"1 minuto"},"schema":{"@context":"https:\/\/schema.org","@graph":[{"@type":"Article","@id":"https:\/\/psol50.org.br\/para-deputado-do-psol-arquivamento-de-processo-contra-aecio-e-uma-vergonha\/#article","isPartOf":{"@id":"https:\/\/psol50.org.br\/para-deputado-do-psol-arquivamento-de-processo-contra-aecio-e-uma-vergonha\/"},"author":{"name":"Comunica\u00e7\u00e3o PSOL","@id":"https:\/\/psol50.org.br\/#\/schema\/person\/475dfa57d0b815993c714c2e96491fcd"},"headline":"Para deputado do PSOL, arquivamento de processo contra A\u00e9cio \u00e9 uma vergonha","datePublished":"2017-06-26T12:47:55+00:00","mainEntityOfPage":{"@id":"https:\/\/psol50.org.br\/para-deputado-do-psol-arquivamento-de-processo-contra-aecio-e-uma-vergonha\/"},"wordCount":294,"commentCount":0,"publisher":{"@id":"https:\/\/psol50.org.br\/#organization"},"image":{"@id":"https:\/\/psol50.org.br\/para-deputado-do-psol-arquivamento-de-processo-contra-aecio-e-uma-vergonha\/#primaryimage"},"thumbnailUrl":"","keywords":["A\u00e9cio Neves","arquivamento","cassa\u00e7\u00e3o","Conselho de \u00c9tica do Senado Federal","corrup\u00e7\u00e3o","joesley","processo","PSDB","PSOL","Rede","representa\u00e7\u00e3o","senador Jo\u00e3o Alberto Souza","senador tucano"],"articleSection":["A\u00e7\u00e3o Parlamentar","Brasil","Not\u00edcias"],"inLanguage":"pt-BR","potentialAction":[{"@type":"CommentAction","name":"Comment","target":["https:\/\/psol50.org.br\/para-deputado-do-psol-arquivamento-de-processo-contra-aecio-e-uma-vergonha\/#respond"]}]},{"@type":"WebPage","@id":"https:\/\/psol50.org.br\/para-deputado-do-psol-arquivamento-de-processo-contra-aecio-e-uma-vergonha\/","url":"https:\/\/psol50.org.br\/para-deputado-do-psol-arquivamento-de-processo-contra-aecio-e-uma-vergonha\/","name":"Para deputado do PSOL, arquivamento de processo contra A\u00e9cio \u00e9 uma vergonha - PSOL 50","isPartOf":{"@id":"https:\/\/psol50.org.br\/#website"},"primaryImageOfPage":{"@id":"https:\/\/psol50.org.br\/para-deputado-do-psol-arquivamento-de-processo-contra-aecio-e-uma-vergonha\/#primaryimage"},"image":{"@id":"https:\/\/psol50.org.br\/para-deputado-do-psol-arquivamento-de-processo-contra-aecio-e-uma-vergonha\/#primaryimage"},"thumbnailUrl":"","datePublished":"2017-06-26T12:47:55+00:00","breadcrumb":{"@id":"https:\/\/psol50.org.br\/para-deputado-do-psol-arquivamento-de-processo-contra-aecio-e-uma-vergonha\/#breadcrumb"},"inLanguage":"pt-BR","potentialAction":[{"@type":"ReadAction","target":["https:\/\/psol50.org.br\/para-deputado-do-psol-arquivamento-de-processo-contra-aecio-e-uma-vergonha\/"]}]},{"@type":"ImageObject","inLanguage":"pt-BR","@id":"https:\/\/psol50.org.br\/para-deputado-do-psol-arquivamento-de-processo-contra-aecio-e-uma-vergonha\/#primaryimage","url":"","contentUrl":""},{"@type":"BreadcrumbList","@id":"https:\/\/psol50.org.br\/para-deputado-do-psol-arquivamento-de-processo-contra-aecio-e-uma-vergonha\/#breadcrumb","itemListElement":[{"@type":"ListItem","position":1,"name":"In\u00edcio","item":"https:\/\/psol50.org.br\/"},{"@type":"ListItem","position":2,"name":"Para deputado do PSOL, arquivamento de processo contra A\u00e9cio \u00e9 uma vergonha"}]},{"@type":"WebSite","@id":"https:\/\/psol50.org.br\/#website","url":"https:\/\/psol50.org.br\/","name":"PSOL 50","description":"Site oficial do Partido Socialismo e Liberdade","publisher":{"@id":"https:\/\/psol50.org.br\/#organization"},"alternateName":"PSOL50","potentialAction":[{"@type":"SearchAction","target":{"@type":"EntryPoint","urlTemplate":"https:\/\/psol50.org.br\/?s={search_term_string}"},"query-input":{"@type":"PropertyValueSpecification","valueRequired":true,"valueName":"search_term_string"}}],"inLanguage":"pt-BR"},{"@type":"Organization","@id":"https:\/\/psol50.org.br\/#organization","name":"PSOL 50","alternateName":"PSOL 50","url":"https:\/\/psol50.org.br\/","logo":{"@type":"ImageObject","inLanguage":"pt-BR","@id":"https:\/\/psol50.org.br\/#\/schema\/logo\/image\/","url":"https:\/\/psol50.org.br\/inc\/uploads\/2018\/07\/capa.png","contentUrl":"https:\/\/psol50.org.br\/inc\/uploads\/2018\/07\/capa.png","width":1350,"height":900,"caption":"PSOL 50"},"image":{"@id":"https:\/\/psol50.org.br\/#\/schema\/logo\/image\/"},"sameAs":["https:\/\/www.facebook.com\/psol50","https:\/\/x.com\/psol50","https:\/\/www.instagram.com\/psol50\/","https:\/\/www.youtube.com\/channel\/UC7SnJS5o1os7a6CaiNabzcg"]},{"@type":"Person","@id":"https:\/\/psol50.org.br\/#\/schema\/person\/475dfa57d0b815993c714c2e96491fcd","name":"Comunica\u00e7\u00e3o PSOL","image":{"@type":"ImageObject","inLanguage":"pt-BR","@id":"https:\/\/psol50.org.br\/#\/schema\/person\/image\/","url":"https:\/\/secure.gravatar.com\/avatar\/b34fc4f4e468a4e51785917065a3db57b841f5c95dba6ad8c73aaf8f66f8f9bf?s=96&d=mm&r=g","contentUrl":"https:\/\/secure.gravatar.com\/avatar\/b34fc4f4e468a4e51785917065a3db57b841f5c95dba6ad8c73aaf8f66f8f9bf?s=96&d=mm&r=g","caption":"Comunica\u00e7\u00e3o PSOL"}}]}},"_links":{"self":[{"href":"https:\/\/psol50.org.br\/rest\/wp\/v2\/posts\/17021","targetHints":{"allow":["GET"]}}],"collection":[{"href":"https:\/\/psol50.org.br\/rest\/wp\/v2\/posts"}],"about":[{"href":"https:\/\/psol50.org.br\/rest\/wp\/v2\/types\/post"}],"author":[{"embeddable":true,"href":"https:\/\/psol50.org.br\/rest\/wp\/v2\/users\/2"}],"replies":[{"embeddable":true,"href":"https:\/\/psol50.org.br\/rest\/wp\/v2\/comments?post=17021"}],"version-history":[{"count":0,"href":"https:\/\/psol50.org.br\/rest\/wp\/v2\/posts\/17021\/revisions"}],"wp:featuredmedia":[{"embeddable":true,"href":"https:\/\/psol50.org.br\/rest\/"}],"wp:attachment":[{"href":"https:\/\/psol50.org.br\/rest\/wp\/v2\/media?parent=17021"}],"wp:term":[{"taxonomy":"category","embeddable":true,"href":"https:\/\/psol50.org.br\/rest\/wp\/v2\/categories?post=17021"},{"taxonomy":"post_tag","embeddable":true,"href":"https:\/\/psol50.org.br\/rest\/wp\/v2\/tags?post=17021"}],"curies":[{"name":"wp","href":"https:\/\/api.w.org\/{rel}","templated":true}]}}