{"id":17025,"date":"2017-06-26T15:01:51","date_gmt":"2017-06-26T15:01:51","guid":{"rendered":"http:\/\/www.psol50.org.br\/?p=17025"},"modified":"2017-06-26T15:01:51","modified_gmt":"2017-06-26T15:01:51","slug":"jean-wyllys-a-unica-chance-para-recuperar-o-rio-e-afastar-o-pmdb","status":"publish","type":"post","link":"https:\/\/psol50.org.br\/jean-wyllys-a-unica-chance-para-recuperar-o-rio-e-afastar-o-pmdb\/","title":{"rendered":"Jean Wyllys | A \u00fanica chance para recuperar o Rio \u00e9 afastar o PMDB"},"content":{"rendered":"<p>Est\u00e1 dif\u00edcil explicar para quem n\u00e3o vive no Rio de Janeiro o grau de profundidade da atual crise vivida pelo estado. Para que se tenha no\u00e7\u00e3o, mais de 200 mil servidores ainda n\u00e3o receberam integralmente os sal\u00e1rios do m\u00eas de abril nem o d\u00e9cimo terceiro do ano passado. Ainda, sobram exemplos de institui\u00e7\u00f5es fechadas, como cl\u00ednicas, bibliotecas e at\u00e9 turmas escolares. E faltou comida nos pres\u00eddios e at\u00e9 papel nas delegacias.<\/p>\n<p>O que se v\u00ea nas ruas locais \u00e9 uma apatia geral. Passada a euforia com a Copa e a Olimp\u00edada, momentos que a cidade do Rio parecia capital da alegria, restou um caos urbano e a disparada do desemprego e da viol\u00eancia.<\/p>\n<p>Enquanto isso, um a um, os principais caciques pol\u00edticos regionais e seus aliados no empresariado, sempre sol\u00edcitos em financiar campanhas duvidosas, s\u00e3o levados para depor, e quando n\u00e3o, s\u00e3o presos.<\/p>\n<p>Esse cen\u00e1rio pode come\u00e7ar a ser explicado, por exemplo, atrav\u00e9s de uma olhada r\u00e1pida nos \u00faltimos governadores eleitos no Rio (Moreira Franco, Garotinho, Rosinha, Cabral e Pez\u00e3o). Todos os cinco est\u00e3o gravemente comprometidos em investiga\u00e7\u00f5es de corrup\u00e7\u00e3o nas inst\u00e2ncias superiores do Judici\u00e1rio, onde respondem a seus processos por ter foro privilegiado.<\/p>\n<p>Mais ainda, os deputados estaduais que ao longo de todos esses \u00faltimos anos deram sustenta\u00e7\u00e3o cega e irrestrita a esses governos na Assembleia Legislativa tamb\u00e9m se encontram enrolados em apura\u00e7\u00f5es dos mesmos esquemas de corrup\u00e7\u00e3o onde se encontram os ex-governadores e o atual. \u00c9, sen\u00e3o, simb\u00f3lico que dos conselheiros do Tribunal de Contas, indicados por essa Assembleia Legislativa para fiscalizar as contas p\u00fablicas, s\u00f3 um n\u00e3o tenha sido preso este ano.<\/p>\n<p>E para completar o cen\u00e1rio h\u00e1 tamb\u00e9m um Minist\u00e9rio P\u00fablico que n\u00e3o foi capaz de detectar nenhum dos desvios monumentais que ocorreram e um Tribunal de Justi\u00e7a onde se revezam os mesmos grupos (e sobrenomes), realizando gastos como se fossem servidores especiais.<\/p>\n<p>Somente, ent\u00e3o, se reunirmos tudo &#8211; Executivo, Legislativo, Judici\u00e1rio, Minist\u00e9rio P\u00fablico, um empresariado delinquente e uma imprensa omissa &#8211; \u00e9 que temos a explica\u00e7\u00e3o completa para a fal\u00eancia de uma unidade inteira da federa\u00e7\u00e3o. Juntos, eles venderam at\u00e9 a companhia de \u00e1gua para saldar d\u00edvidas que s\u00f3 foram feitas porque, em outra ponta, eram concedidas isen\u00e7\u00f5es fiscais (de impostos e taxas) para patrocinadores de campanhas e, tamb\u00e9m, contas pessoais em para\u00edsos fiscais.<\/p>\n<p>Ocorre, e \u00e9 bom deixar isso claro, que nada disso aconteceu sem diverg\u00eancia. Pois, n\u00f3s, do PSOL no Rio, estivemos durante muito tempo isolados na oposi\u00e7\u00e3o tanto \u00e0s gest\u00f5es do munic\u00edpio quanto do governo estadual, exatamente no momento que os mega eventos passaram \u00e0 boa parte da popula\u00e7\u00e3o a impress\u00e3o que o dinheiro jorrava.<\/p>\n<p>As falcatruas atualmente investigadas foram objeto de propostas de abertura de investiga\u00e7\u00e3o das nossas bancadas. O Porto Maravilha, as obras da Olimp\u00edada, do Maracan\u00e3 etc. E s\u00f3 n\u00e3o foram para frente devido \u00e0 grande articula\u00e7\u00e3o dos poderosos que se beneficiavam delas.<\/p>\n<p>Da mesma forma, nos opusemos \u00e0 pol\u00edtica de privatiza\u00e7\u00f5es desenfreadas, em leil\u00f5es viciados e com resultados duvidosos, que nem de longe deu o resultado que era propagandeado como chave para o sucesso. Em vez disso, estamos vendo \u00e9 o patrim\u00f4nio p\u00fablico que foi liquidado piorar de qualidade e o custo de vida ficar mais alto.<\/p>\n<p>E podemos ter certeza de que n\u00e3o ser\u00e1 f\u00e1cil sair dessa situa\u00e7\u00e3o que nos impuseram. As gest\u00f5es do PMDB deixaram um problema que acarretar\u00e1 dificuldades para toda uma gera\u00e7\u00e3o de fluminenses, que foi hipotecada em troca de luxos pessoais.<\/p>\n<p>O primeiro passo, o mais urgente, \u00e9 afastar essa gente do poder e, no lugar, introduzir uma maneira radicalmente diferente de fazer pol\u00edtica.<\/p>\n<p>N\u00e3o h\u00e1 recupera\u00e7\u00e3o poss\u00edvel dentro da tradicional dan\u00e7a das cadeiras que o Rio viveu nas \u00faltimas d\u00e9cadas. O in\u00edcio de uma recupera\u00e7\u00e3o depende da combina\u00e7\u00e3o da sa\u00edda imediata do PMDB de todos os cargos p\u00fablicos e de uma participa\u00e7\u00e3o mais efetiva das pessoas, o que vai muito al\u00e9m de uma mera troca de partidos. Contra a casta instalada na burocracia do Rio, s\u00f3 uma organiza\u00e7\u00e3o popular pavimentar\u00e1 um caminho alternativo. Precisamos debater j\u00e1 os dias seguintes. A popula\u00e7\u00e3o deve se unir, nas suas diferen\u00e7as, para obter de volta o m\u00ednimo de qualidade de vida.<\/p>\n","protected":false},"excerpt":{"rendered":"<p>Est\u00e1 dif\u00edcil explicar para quem n\u00e3o vive no Rio de Janeiro o grau de profundidade da atual crise vivida pelo estado. Para que se tenha no\u00e7\u00e3o, mais de 200 mil servidores ainda n\u00e3o receberam integralmente os sal\u00e1rios do m\u00eas de abril nem o d\u00e9cimo terceiro do ano passado. Ainda, sobram exemplos de institui\u00e7\u00f5es fechadas, como [&hellip;]<\/p>\n","protected":false},"author":2,"featured_media":15352,"comment_status":"open","ping_status":"open","sticky":false,"template":"","format":"standard","meta":{"_acf_changed":false,"footnotes":""},"categories":[3,654],"tags":[3350,58,3351,3352,663,2311,2152,162],"class_list":{"0":"post-17025","1":"post","2":"type-post","3":"status-publish","4":"format-standard","5":"has-post-thumbnail","7":"category-artigos-e-entrevistas","8":"category-estados","9":"tag-cabral","10":"tag-corrupcao","11":"tag-falcatruas","12":"tag-garotinho","13":"tag-jean-wyllys","14":"tag-pezao","15":"tag-pmdb","16":"tag-rio-de-janeiro"},"acf":[],"yoast_head":"<!-- This site is optimized with the Yoast SEO plugin v26.5 - https:\/\/yoast.com\/wordpress\/plugins\/seo\/ -->\n<title>Jean Wyllys | A \u00fanica chance para recuperar o Rio \u00e9 afastar o PMDB - PSOL 50<\/title>\n<meta name=\"robots\" content=\"index, follow, max-snippet:-1, max-image-preview:large, max-video-preview:-1\" \/>\n<link rel=\"canonical\" href=\"https:\/\/psol50.org.br\/jean-wyllys-a-unica-chance-para-recuperar-o-rio-e-afastar-o-pmdb\/\" \/>\n<meta property=\"og:locale\" content=\"pt_BR\" \/>\n<meta property=\"og:type\" content=\"article\" \/>\n<meta property=\"og:title\" content=\"Jean Wyllys | A \u00fanica chance para recuperar o Rio \u00e9 afastar o PMDB - PSOL 50\" \/>\n<meta property=\"og:description\" content=\"Est\u00e1 dif\u00edcil explicar para quem n\u00e3o vive no Rio de Janeiro o grau de profundidade da atual crise vivida pelo estado. Para que se tenha no\u00e7\u00e3o, mais de 200 mil servidores ainda n\u00e3o receberam integralmente os sal\u00e1rios do m\u00eas de abril nem o d\u00e9cimo terceiro do ano passado. Ainda, sobram exemplos de institui\u00e7\u00f5es fechadas, como [&hellip;]\" \/>\n<meta property=\"og:url\" content=\"https:\/\/psol50.org.br\/jean-wyllys-a-unica-chance-para-recuperar-o-rio-e-afastar-o-pmdb\/\" \/>\n<meta property=\"og:site_name\" content=\"PSOL 50\" \/>\n<meta property=\"article:publisher\" content=\"https:\/\/www.facebook.com\/psol50\" \/>\n<meta property=\"article:published_time\" content=\"2017-06-26T15:01:51+00:00\" \/>\n<meta property=\"og:image\" content=\"https:\/\/psol50.org.br\/inc\/uploads\/2018\/07\/capa.png\" \/>\n\t<meta property=\"og:image:width\" content=\"1350\" \/>\n\t<meta property=\"og:image:height\" content=\"900\" \/>\n\t<meta property=\"og:image:type\" content=\"image\/png\" \/>\n<meta name=\"author\" content=\"Comunica\u00e7\u00e3o PSOL\" \/>\n<meta name=\"twitter:card\" content=\"summary_large_image\" \/>\n<meta name=\"twitter:creator\" content=\"@psol50\" \/>\n<meta name=\"twitter:site\" content=\"@psol50\" \/>\n<meta name=\"twitter:label1\" content=\"Escrito por\" \/>\n\t<meta name=\"twitter:data1\" content=\"Comunica\u00e7\u00e3o PSOL\" \/>\n\t<meta name=\"twitter:label2\" content=\"Est. tempo de leitura\" \/>\n\t<meta name=\"twitter:data2\" content=\"4 minutos\" \/>\n<script type=\"application\/ld+json\" class=\"yoast-schema-graph\">{\"@context\":\"https:\/\/schema.org\",\"@graph\":[{\"@type\":\"Article\",\"@id\":\"https:\/\/psol50.org.br\/jean-wyllys-a-unica-chance-para-recuperar-o-rio-e-afastar-o-pmdb\/#article\",\"isPartOf\":{\"@id\":\"https:\/\/psol50.org.br\/jean-wyllys-a-unica-chance-para-recuperar-o-rio-e-afastar-o-pmdb\/\"},\"author\":{\"name\":\"Comunica\u00e7\u00e3o PSOL\",\"@id\":\"https:\/\/psol50.org.br\/#\/schema\/person\/475dfa57d0b815993c714c2e96491fcd\"},\"headline\":\"Jean Wyllys | A \u00fanica chance para recuperar o Rio \u00e9 afastar o PMDB\",\"datePublished\":\"2017-06-26T15:01:51+00:00\",\"mainEntityOfPage\":{\"@id\":\"https:\/\/psol50.org.br\/jean-wyllys-a-unica-chance-para-recuperar-o-rio-e-afastar-o-pmdb\/\"},\"wordCount\":777,\"commentCount\":0,\"publisher\":{\"@id\":\"https:\/\/psol50.org.br\/#organization\"},\"image\":{\"@id\":\"https:\/\/psol50.org.br\/jean-wyllys-a-unica-chance-para-recuperar-o-rio-e-afastar-o-pmdb\/#primaryimage\"},\"thumbnailUrl\":\"\",\"keywords\":[\"Cabral\",\"corrup\u00e7\u00e3o\",\"falcatruas\",\"Garotinho\",\"Jean Wyllys\",\"Pez\u00e3o\",\"PMDB\",\"Rio de Janeiro\"],\"articleSection\":[\"Artigos\",\"Estados\"],\"inLanguage\":\"pt-BR\",\"potentialAction\":[{\"@type\":\"CommentAction\",\"name\":\"Comment\",\"target\":[\"https:\/\/psol50.org.br\/jean-wyllys-a-unica-chance-para-recuperar-o-rio-e-afastar-o-pmdb\/#respond\"]}]},{\"@type\":\"WebPage\",\"@id\":\"https:\/\/psol50.org.br\/jean-wyllys-a-unica-chance-para-recuperar-o-rio-e-afastar-o-pmdb\/\",\"url\":\"https:\/\/psol50.org.br\/jean-wyllys-a-unica-chance-para-recuperar-o-rio-e-afastar-o-pmdb\/\",\"name\":\"Jean Wyllys | A \u00fanica chance para recuperar o Rio \u00e9 afastar o PMDB - PSOL 50\",\"isPartOf\":{\"@id\":\"https:\/\/psol50.org.br\/#website\"},\"primaryImageOfPage\":{\"@id\":\"https:\/\/psol50.org.br\/jean-wyllys-a-unica-chance-para-recuperar-o-rio-e-afastar-o-pmdb\/#primaryimage\"},\"image\":{\"@id\":\"https:\/\/psol50.org.br\/jean-wyllys-a-unica-chance-para-recuperar-o-rio-e-afastar-o-pmdb\/#primaryimage\"},\"thumbnailUrl\":\"\",\"datePublished\":\"2017-06-26T15:01:51+00:00\",\"breadcrumb\":{\"@id\":\"https:\/\/psol50.org.br\/jean-wyllys-a-unica-chance-para-recuperar-o-rio-e-afastar-o-pmdb\/#breadcrumb\"},\"inLanguage\":\"pt-BR\",\"potentialAction\":[{\"@type\":\"ReadAction\",\"target\":[\"https:\/\/psol50.org.br\/jean-wyllys-a-unica-chance-para-recuperar-o-rio-e-afastar-o-pmdb\/\"]}]},{\"@type\":\"ImageObject\",\"inLanguage\":\"pt-BR\",\"@id\":\"https:\/\/psol50.org.br\/jean-wyllys-a-unica-chance-para-recuperar-o-rio-e-afastar-o-pmdb\/#primaryimage\",\"url\":\"\",\"contentUrl\":\"\"},{\"@type\":\"BreadcrumbList\",\"@id\":\"https:\/\/psol50.org.br\/jean-wyllys-a-unica-chance-para-recuperar-o-rio-e-afastar-o-pmdb\/#breadcrumb\",\"itemListElement\":[{\"@type\":\"ListItem\",\"position\":1,\"name\":\"In\u00edcio\",\"item\":\"https:\/\/psol50.org.br\/\"},{\"@type\":\"ListItem\",\"position\":2,\"name\":\"Jean Wyllys | A \u00fanica chance para recuperar o Rio \u00e9 afastar o PMDB\"}]},{\"@type\":\"WebSite\",\"@id\":\"https:\/\/psol50.org.br\/#website\",\"url\":\"https:\/\/psol50.org.br\/\",\"name\":\"PSOL 50\",\"description\":\"Site oficial do Partido Socialismo e Liberdade\",\"publisher\":{\"@id\":\"https:\/\/psol50.org.br\/#organization\"},\"alternateName\":\"PSOL50\",\"potentialAction\":[{\"@type\":\"SearchAction\",\"target\":{\"@type\":\"EntryPoint\",\"urlTemplate\":\"https:\/\/psol50.org.br\/?s={search_term_string}\"},\"query-input\":{\"@type\":\"PropertyValueSpecification\",\"valueRequired\":true,\"valueName\":\"search_term_string\"}}],\"inLanguage\":\"pt-BR\"},{\"@type\":\"Organization\",\"@id\":\"https:\/\/psol50.org.br\/#organization\",\"name\":\"PSOL 50\",\"alternateName\":\"PSOL 50\",\"url\":\"https:\/\/psol50.org.br\/\",\"logo\":{\"@type\":\"ImageObject\",\"inLanguage\":\"pt-BR\",\"@id\":\"https:\/\/psol50.org.br\/#\/schema\/logo\/image\/\",\"url\":\"https:\/\/psol50.org.br\/inc\/uploads\/2018\/07\/capa.png\",\"contentUrl\":\"https:\/\/psol50.org.br\/inc\/uploads\/2018\/07\/capa.png\",\"width\":1350,\"height\":900,\"caption\":\"PSOL 50\"},\"image\":{\"@id\":\"https:\/\/psol50.org.br\/#\/schema\/logo\/image\/\"},\"sameAs\":[\"https:\/\/www.facebook.com\/psol50\",\"https:\/\/x.com\/psol50\",\"https:\/\/www.instagram.com\/psol50\/\",\"https:\/\/www.youtube.com\/channel\/UC7SnJS5o1os7a6CaiNabzcg\"]},{\"@type\":\"Person\",\"@id\":\"https:\/\/psol50.org.br\/#\/schema\/person\/475dfa57d0b815993c714c2e96491fcd\",\"name\":\"Comunica\u00e7\u00e3o PSOL\",\"image\":{\"@type\":\"ImageObject\",\"inLanguage\":\"pt-BR\",\"@id\":\"https:\/\/psol50.org.br\/#\/schema\/person\/image\/\",\"url\":\"https:\/\/secure.gravatar.com\/avatar\/b34fc4f4e468a4e51785917065a3db57b841f5c95dba6ad8c73aaf8f66f8f9bf?s=96&d=mm&r=g\",\"contentUrl\":\"https:\/\/secure.gravatar.com\/avatar\/b34fc4f4e468a4e51785917065a3db57b841f5c95dba6ad8c73aaf8f66f8f9bf?s=96&d=mm&r=g\",\"caption\":\"Comunica\u00e7\u00e3o PSOL\"}}]}<\/script>\n<!-- \/ Yoast SEO plugin. -->","yoast_head_json":{"title":"Jean Wyllys | A \u00fanica chance para recuperar o Rio \u00e9 afastar o PMDB - PSOL 50","robots":{"index":"index","follow":"follow","max-snippet":"max-snippet:-1","max-image-preview":"max-image-preview:large","max-video-preview":"max-video-preview:-1"},"canonical":"https:\/\/psol50.org.br\/jean-wyllys-a-unica-chance-para-recuperar-o-rio-e-afastar-o-pmdb\/","og_locale":"pt_BR","og_type":"article","og_title":"Jean Wyllys | A \u00fanica chance para recuperar o Rio \u00e9 afastar o PMDB - PSOL 50","og_description":"Est\u00e1 dif\u00edcil explicar para quem n\u00e3o vive no Rio de Janeiro o grau de profundidade da atual crise vivida pelo estado. Para que se tenha no\u00e7\u00e3o, mais de 200 mil servidores ainda n\u00e3o receberam integralmente os sal\u00e1rios do m\u00eas de abril nem o d\u00e9cimo terceiro do ano passado. Ainda, sobram exemplos de institui\u00e7\u00f5es fechadas, como [&hellip;]","og_url":"https:\/\/psol50.org.br\/jean-wyllys-a-unica-chance-para-recuperar-o-rio-e-afastar-o-pmdb\/","og_site_name":"PSOL 50","article_publisher":"https:\/\/www.facebook.com\/psol50","article_published_time":"2017-06-26T15:01:51+00:00","og_image":[{"width":1350,"height":900,"url":"https:\/\/psol50.org.br\/inc\/uploads\/2018\/07\/capa.png","type":"image\/png"}],"author":"Comunica\u00e7\u00e3o PSOL","twitter_card":"summary_large_image","twitter_creator":"@psol50","twitter_site":"@psol50","twitter_misc":{"Escrito por":"Comunica\u00e7\u00e3o PSOL","Est. tempo de leitura":"4 minutos"},"schema":{"@context":"https:\/\/schema.org","@graph":[{"@type":"Article","@id":"https:\/\/psol50.org.br\/jean-wyllys-a-unica-chance-para-recuperar-o-rio-e-afastar-o-pmdb\/#article","isPartOf":{"@id":"https:\/\/psol50.org.br\/jean-wyllys-a-unica-chance-para-recuperar-o-rio-e-afastar-o-pmdb\/"},"author":{"name":"Comunica\u00e7\u00e3o PSOL","@id":"https:\/\/psol50.org.br\/#\/schema\/person\/475dfa57d0b815993c714c2e96491fcd"},"headline":"Jean Wyllys | A \u00fanica chance para recuperar o Rio \u00e9 afastar o PMDB","datePublished":"2017-06-26T15:01:51+00:00","mainEntityOfPage":{"@id":"https:\/\/psol50.org.br\/jean-wyllys-a-unica-chance-para-recuperar-o-rio-e-afastar-o-pmdb\/"},"wordCount":777,"commentCount":0,"publisher":{"@id":"https:\/\/psol50.org.br\/#organization"},"image":{"@id":"https:\/\/psol50.org.br\/jean-wyllys-a-unica-chance-para-recuperar-o-rio-e-afastar-o-pmdb\/#primaryimage"},"thumbnailUrl":"","keywords":["Cabral","corrup\u00e7\u00e3o","falcatruas","Garotinho","Jean Wyllys","Pez\u00e3o","PMDB","Rio de Janeiro"],"articleSection":["Artigos","Estados"],"inLanguage":"pt-BR","potentialAction":[{"@type":"CommentAction","name":"Comment","target":["https:\/\/psol50.org.br\/jean-wyllys-a-unica-chance-para-recuperar-o-rio-e-afastar-o-pmdb\/#respond"]}]},{"@type":"WebPage","@id":"https:\/\/psol50.org.br\/jean-wyllys-a-unica-chance-para-recuperar-o-rio-e-afastar-o-pmdb\/","url":"https:\/\/psol50.org.br\/jean-wyllys-a-unica-chance-para-recuperar-o-rio-e-afastar-o-pmdb\/","name":"Jean Wyllys | A \u00fanica chance para recuperar o Rio \u00e9 afastar o PMDB - PSOL 50","isPartOf":{"@id":"https:\/\/psol50.org.br\/#website"},"primaryImageOfPage":{"@id":"https:\/\/psol50.org.br\/jean-wyllys-a-unica-chance-para-recuperar-o-rio-e-afastar-o-pmdb\/#primaryimage"},"image":{"@id":"https:\/\/psol50.org.br\/jean-wyllys-a-unica-chance-para-recuperar-o-rio-e-afastar-o-pmdb\/#primaryimage"},"thumbnailUrl":"","datePublished":"2017-06-26T15:01:51+00:00","breadcrumb":{"@id":"https:\/\/psol50.org.br\/jean-wyllys-a-unica-chance-para-recuperar-o-rio-e-afastar-o-pmdb\/#breadcrumb"},"inLanguage":"pt-BR","potentialAction":[{"@type":"ReadAction","target":["https:\/\/psol50.org.br\/jean-wyllys-a-unica-chance-para-recuperar-o-rio-e-afastar-o-pmdb\/"]}]},{"@type":"ImageObject","inLanguage":"pt-BR","@id":"https:\/\/psol50.org.br\/jean-wyllys-a-unica-chance-para-recuperar-o-rio-e-afastar-o-pmdb\/#primaryimage","url":"","contentUrl":""},{"@type":"BreadcrumbList","@id":"https:\/\/psol50.org.br\/jean-wyllys-a-unica-chance-para-recuperar-o-rio-e-afastar-o-pmdb\/#breadcrumb","itemListElement":[{"@type":"ListItem","position":1,"name":"In\u00edcio","item":"https:\/\/psol50.org.br\/"},{"@type":"ListItem","position":2,"name":"Jean Wyllys | A \u00fanica chance para recuperar o Rio \u00e9 afastar o PMDB"}]},{"@type":"WebSite","@id":"https:\/\/psol50.org.br\/#website","url":"https:\/\/psol50.org.br\/","name":"PSOL 50","description":"Site oficial do Partido Socialismo e Liberdade","publisher":{"@id":"https:\/\/psol50.org.br\/#organization"},"alternateName":"PSOL50","potentialAction":[{"@type":"SearchAction","target":{"@type":"EntryPoint","urlTemplate":"https:\/\/psol50.org.br\/?s={search_term_string}"},"query-input":{"@type":"PropertyValueSpecification","valueRequired":true,"valueName":"search_term_string"}}],"inLanguage":"pt-BR"},{"@type":"Organization","@id":"https:\/\/psol50.org.br\/#organization","name":"PSOL 50","alternateName":"PSOL 50","url":"https:\/\/psol50.org.br\/","logo":{"@type":"ImageObject","inLanguage":"pt-BR","@id":"https:\/\/psol50.org.br\/#\/schema\/logo\/image\/","url":"https:\/\/psol50.org.br\/inc\/uploads\/2018\/07\/capa.png","contentUrl":"https:\/\/psol50.org.br\/inc\/uploads\/2018\/07\/capa.png","width":1350,"height":900,"caption":"PSOL 50"},"image":{"@id":"https:\/\/psol50.org.br\/#\/schema\/logo\/image\/"},"sameAs":["https:\/\/www.facebook.com\/psol50","https:\/\/x.com\/psol50","https:\/\/www.instagram.com\/psol50\/","https:\/\/www.youtube.com\/channel\/UC7SnJS5o1os7a6CaiNabzcg"]},{"@type":"Person","@id":"https:\/\/psol50.org.br\/#\/schema\/person\/475dfa57d0b815993c714c2e96491fcd","name":"Comunica\u00e7\u00e3o PSOL","image":{"@type":"ImageObject","inLanguage":"pt-BR","@id":"https:\/\/psol50.org.br\/#\/schema\/person\/image\/","url":"https:\/\/secure.gravatar.com\/avatar\/b34fc4f4e468a4e51785917065a3db57b841f5c95dba6ad8c73aaf8f66f8f9bf?s=96&d=mm&r=g","contentUrl":"https:\/\/secure.gravatar.com\/avatar\/b34fc4f4e468a4e51785917065a3db57b841f5c95dba6ad8c73aaf8f66f8f9bf?s=96&d=mm&r=g","caption":"Comunica\u00e7\u00e3o PSOL"}}]}},"_links":{"self":[{"href":"https:\/\/psol50.org.br\/rest\/wp\/v2\/posts\/17025","targetHints":{"allow":["GET"]}}],"collection":[{"href":"https:\/\/psol50.org.br\/rest\/wp\/v2\/posts"}],"about":[{"href":"https:\/\/psol50.org.br\/rest\/wp\/v2\/types\/post"}],"author":[{"embeddable":true,"href":"https:\/\/psol50.org.br\/rest\/wp\/v2\/users\/2"}],"replies":[{"embeddable":true,"href":"https:\/\/psol50.org.br\/rest\/wp\/v2\/comments?post=17025"}],"version-history":[{"count":0,"href":"https:\/\/psol50.org.br\/rest\/wp\/v2\/posts\/17025\/revisions"}],"wp:featuredmedia":[{"embeddable":true,"href":"https:\/\/psol50.org.br\/rest\/"}],"wp:attachment":[{"href":"https:\/\/psol50.org.br\/rest\/wp\/v2\/media?parent=17025"}],"wp:term":[{"taxonomy":"category","embeddable":true,"href":"https:\/\/psol50.org.br\/rest\/wp\/v2\/categories?post=17025"},{"taxonomy":"post_tag","embeddable":true,"href":"https:\/\/psol50.org.br\/rest\/wp\/v2\/tags?post=17025"}],"curies":[{"name":"wp","href":"https:\/\/api.w.org\/{rel}","templated":true}]}}