{"id":17036,"date":"2017-06-27T13:11:51","date_gmt":"2017-06-27T13:11:51","guid":{"rendered":"http:\/\/www.psol50.org.br\/?p=17036"},"modified":"2017-06-27T13:11:51","modified_gmt":"2017-06-27T13:11:51","slug":"denuncia-de-janot-contra-temer-aumenta-possibilidade-de-derrotar-governo-e-suas-reformas","status":"publish","type":"post","link":"https:\/\/psol50.org.br\/denuncia-de-janot-contra-temer-aumenta-possibilidade-de-derrotar-governo-e-suas-reformas\/","title":{"rendered":"Den\u00fancia de Janot contra Temer aumenta possibilidade de derrotar governo e suas reformas"},"content":{"rendered":"<p>A segunda-feira (26\/06) terminou quente no cen\u00e1rio pol\u00edtico em Bras\u00edlia. O Procurador-Geral da Rep\u00fablica, Rodrigo Janot, enviou ontem \u00e0 noite, ao Supremo Tribunal Federal (STF), sua den\u00fancia contra o presidente Michel Temer, por corrup\u00e7\u00e3o passiva. Diferentemente das previs\u00f5es apontadas, a mensagem de Janot ocorreu um dia antes antes de encerrar o prazo de cinco dias, a partir da <a href=\"http:\/\/www.psol50.org.br\/blog\/2017\/06\/23\/janot-tem-cinco-dias-para-apresentar-denuncia-contra-temer-no-stf\/\" target=\"_blank\" rel=\"noopener\"><strong><span style=\"color: #0000ff;\">notifica\u00e7\u00e3o feita na \u00faltima quinta-feira (22) pelo relator da opera\u00e7\u00e3o Lava Jato no STF, ministro Edson Fachin<\/span><\/strong><\/a>. As den\u00fancias contra Temer s\u00e3o com base na dela\u00e7\u00e3o dos acionistas e executivos do Grupo J&amp;F, que controla a JBS. O ex-assessor especial do presidente e ex-deputado federal Rodrigo Rocha Loures tamb\u00e9m foi acusado formalmente.<\/p>\n<p>O presidente ileg\u00edtimo ainda poder\u00e1 ser acusado pelo crime de obstru\u00e7\u00e3o de justi\u00e7a em investiga\u00e7\u00e3o de organiza\u00e7\u00e3o criminosa. O relat\u00f3rio da Pol\u00edcia Federal, encaminhado no mesmo dia ao Supremo, aponta a mesma conduta criminosa do ex-ministro Geddel Vieira Lima (PMDB) e do empres\u00e1rio e delator Joesley Batista. O ministro Edson Fachin concedeu mais cinco dias de prazo, contanto a partir desta ter\u00e7a-feira (27), para a den\u00fancia ser apresentada. A expectativa \u00e9 que Janot envie uma nova acusa\u00e7\u00e3o formal, fatiando a medida.<\/p>\n<p>Para Rodrigo Janot, o peemedebista foi o destinat\u00e1rio final de uma mala contendo propina de R$ 500 mil e de uma promessa de outros R$ 38 milh\u00f5es em vantagem indevida, ambas da empresa JBS. Rocha Loures, preso desde o dia 3 de junho, \u00e9 apontado como o intermedi\u00e1rio da a\u00e7\u00e3o. O ex-assessor especial foi filmado pela pol\u00edcia correndo com a mala contendo os R$ 500 mil.<\/p>\n<p>Na avalia\u00e7\u00e3o de lideran\u00e7as do PSOL a den\u00fancia formal aumenta as chances da queda de Michel Temer da Presid\u00eancia da Rep\u00fablica. Agora, o parecer precisar\u00e1 ser analisado pela C\u00e2mara dos Deputados e s\u00f3 ter\u00e1 seguimento no Supremo se for aprovado por 342 dos 513 parlamentares da Casa. A base aliada de Temer no Legislativo pode tentar barrar o andamento do processo, ainda mais com o apoio de peso do presidente da C\u00e2mara, Rodrigo Maia (DEM-RJ). Mat\u00e9ria publicada hoje pelo jornal <a href=\"http:\/\/politica.estadao.com.br\/noticias\/geral,lideres-governistas-pressionam-por-escolha-de-relator-de-denuncia,70001865241\" target=\"_blank\" rel=\"noopener\"><strong><span style=\"color: #0000ff;\">Estad\u00e3o<\/span><\/strong><\/a> afirma que l\u00edderes governistas pressionam o presidente da Comiss\u00e3o de Constitui\u00e7\u00e3o e Justi\u00e7a (CCJ), Rodrigo Pacheco (PMDB-MG), para influenciar na escolha do deputado que vai relatar a den\u00fancia da PGR. Os governistas querem n\u00e3o s\u00f3 uma tramita\u00e7\u00e3o r\u00e1pida do pedido, como esperam a indica\u00e7\u00e3o de um parlamentar alinhado com o Pal\u00e1cio do Planalto.<\/p>\n<p>&#8220;Agora se abre uma janela fundamental para que a gente consiga barrar o programa que est\u00e1 sendo implementado. Primeiro, press\u00e3o sobre os deputados federais e senadores para que o caso de Temer seja votado no plen\u00e1rio da C\u00e2mara nos mesmos moldes que Eduardo Cunha colocou em vota\u00e7\u00e3o o processo de impedimento de Dilma Rousseff&#8221;, afirmou o l\u00edder do PSOL na C\u00e2mara, deputado Glauber Braga (RJ). Ele cobrou o mesmo esfor\u00e7o de Rodrigo Maia para colocar em vota\u00e7\u00e3o a den\u00fancia contra Temer. &#8220;Se Rodrigo Maia, como aliado de Cunha, aprovou esse procedimento no passado, ele necessariamente tem que defender ou tem que executar o mesmo procedimento agora&#8221;.<\/p>\n<p>https:\/\/www.facebook.com\/glauber.braga1\/videos\/827223334101356\/<\/p>\n<p>O deputado Chico Alencar (RJ) lembrou que essa \u00e9 a primeira vez na hist\u00f3ria do pa\u00eds que um presidente \u00e9 denunciado formalmente por crime de corrup\u00e7\u00e3o no exerc\u00edcio do cargo. O ex-presidente Fernando Collor de Mello foi denunciado em 1992 quando j\u00e1 estava afastado do cargo. &#8220;Temer \u00e9, vergonhosamente, o primeiro presidente denunciado por crime de corrup\u00e7\u00e3o. A CCJ (Comiss\u00e3o de Constitui\u00e7\u00e3o e Justi\u00e7a e Cidadania) tem o dever de admitir o processo&#8221;, disse Alencar, que \u00e9 o representante titular do PSOL na CCJ.<\/p>\n<p>Para Ivan Valente (SP), o governo ileg\u00edtimo est\u00e1 chegando \u00e0 reta final e \u00e9 preciso aumentar a press\u00e3o para derrot\u00e1-lo definitivamente. &#8220;Nesse momento em que o pa\u00eds assiste, de maneira in\u00e9dita, ao presidente da Rep\u00fablica sendo, pela primeira vez, processado no Supremo Tribunal Federal por corrup\u00e7\u00e3o. Veja, n\u00e3o \u00e9 pedalada fiscal no Congresso, \u00e9 corrup\u00e7\u00e3o, embolsar dinheiro, manter rela\u00e7\u00f5es esp\u00farias com empres\u00e1rios. N\u00f3s estamos vendo que estamos chegando \u00e0 reta final, a um limite desse governo Temer. \u00c9 um governo que caminha para o final&#8221;.<\/p>\n<p>https:\/\/www.facebook.com\/IvanValentePSOL\/videos\/1615245808520295\/<\/p>\n<p>&nbsp;<\/p>\n<p>&nbsp;<\/p>\n","protected":false},"excerpt":{"rendered":"<p>A segunda-feira (26\/06) terminou quente no cen\u00e1rio pol\u00edtico em Bras\u00edlia. O Procurador-Geral da Rep\u00fablica, Rodrigo Janot, enviou ontem \u00e0 noite, ao Supremo Tribunal Federal (STF), sua den\u00fancia contra o presidente Michel Temer, por corrup\u00e7\u00e3o passiva. Diferentemente das previs\u00f5es apontadas, a mensagem de Janot ocorreu um dia antes antes de encerrar o prazo de cinco dias, [&hellip;]<\/p>\n","protected":false},"author":2,"featured_media":17037,"comment_status":"open","ping_status":"open","sticky":false,"template":"","format":"standard","meta":{"_acf_changed":false,"footnotes":""},"categories":[1882,6],"tags":[3243,1680,58,79,1191,552,3244,1748,77,22,3093],"class_list":{"0":"post-17036","1":"post","2":"type-post","3":"status-publish","4":"format-standard","5":"has-post-thumbnail","7":"category-brasil","8":"category-noticias","9":"tag-foratemer","10":"tag-chico-alencar","11":"tag-corrupcao","12":"tag-denuncia","13":"tag-glauber-braga","14":"tag-ivan-valente","15":"tag-joesley-batista","16":"tag-michel-temer","17":"tag-pgr","18":"tag-psol","19":"tag-rodrigo-janot"},"acf":[],"yoast_head":"<!-- This site is optimized with the Yoast SEO plugin v26.5 - https:\/\/yoast.com\/wordpress\/plugins\/seo\/ -->\n<title>Den\u00fancia de Janot contra Temer aumenta possibilidade de derrotar governo e suas reformas - PSOL 50<\/title>\n<meta name=\"robots\" content=\"index, follow, max-snippet:-1, max-image-preview:large, max-video-preview:-1\" \/>\n<link rel=\"canonical\" href=\"https:\/\/psol50.org.br\/denuncia-de-janot-contra-temer-aumenta-possibilidade-de-derrotar-governo-e-suas-reformas\/\" \/>\n<meta property=\"og:locale\" content=\"pt_BR\" \/>\n<meta property=\"og:type\" content=\"article\" \/>\n<meta property=\"og:title\" content=\"Den\u00fancia de Janot contra Temer aumenta possibilidade de derrotar governo e suas reformas - PSOL 50\" \/>\n<meta property=\"og:description\" content=\"A segunda-feira (26\/06) terminou quente no cen\u00e1rio pol\u00edtico em Bras\u00edlia. O Procurador-Geral da Rep\u00fablica, Rodrigo Janot, enviou ontem \u00e0 noite, ao Supremo Tribunal Federal (STF), sua den\u00fancia contra o presidente Michel Temer, por corrup\u00e7\u00e3o passiva. Diferentemente das previs\u00f5es apontadas, a mensagem de Janot ocorreu um dia antes antes de encerrar o prazo de cinco dias, [&hellip;]\" \/>\n<meta property=\"og:url\" content=\"https:\/\/psol50.org.br\/denuncia-de-janot-contra-temer-aumenta-possibilidade-de-derrotar-governo-e-suas-reformas\/\" \/>\n<meta property=\"og:site_name\" content=\"PSOL 50\" \/>\n<meta property=\"article:publisher\" content=\"https:\/\/www.facebook.com\/psol50\" \/>\n<meta property=\"article:published_time\" content=\"2017-06-27T13:11:51+00:00\" \/>\n<meta property=\"og:image\" content=\"https:\/\/psol50.org.br\/inc\/uploads\/2018\/07\/capa.png\" \/>\n\t<meta property=\"og:image:width\" content=\"1350\" \/>\n\t<meta property=\"og:image:height\" content=\"900\" \/>\n\t<meta property=\"og:image:type\" content=\"image\/png\" \/>\n<meta name=\"author\" content=\"Comunica\u00e7\u00e3o PSOL\" \/>\n<meta name=\"twitter:card\" content=\"summary_large_image\" \/>\n<meta name=\"twitter:creator\" content=\"@psol50\" \/>\n<meta name=\"twitter:site\" content=\"@psol50\" \/>\n<meta name=\"twitter:label1\" content=\"Escrito por\" \/>\n\t<meta name=\"twitter:data1\" content=\"Comunica\u00e7\u00e3o PSOL\" \/>\n\t<meta name=\"twitter:label2\" content=\"Est. tempo de leitura\" \/>\n\t<meta name=\"twitter:data2\" content=\"4 minutos\" \/>\n<script type=\"application\/ld+json\" class=\"yoast-schema-graph\">{\"@context\":\"https:\/\/schema.org\",\"@graph\":[{\"@type\":\"Article\",\"@id\":\"https:\/\/psol50.org.br\/denuncia-de-janot-contra-temer-aumenta-possibilidade-de-derrotar-governo-e-suas-reformas\/#article\",\"isPartOf\":{\"@id\":\"https:\/\/psol50.org.br\/denuncia-de-janot-contra-temer-aumenta-possibilidade-de-derrotar-governo-e-suas-reformas\/\"},\"author\":{\"name\":\"Comunica\u00e7\u00e3o PSOL\",\"@id\":\"https:\/\/psol50.org.br\/#\/schema\/person\/475dfa57d0b815993c714c2e96491fcd\"},\"headline\":\"Den\u00fancia de Janot contra Temer aumenta possibilidade de derrotar governo e suas reformas\",\"datePublished\":\"2017-06-27T13:11:51+00:00\",\"mainEntityOfPage\":{\"@id\":\"https:\/\/psol50.org.br\/denuncia-de-janot-contra-temer-aumenta-possibilidade-de-derrotar-governo-e-suas-reformas\/\"},\"wordCount\":752,\"commentCount\":0,\"publisher\":{\"@id\":\"https:\/\/psol50.org.br\/#organization\"},\"image\":{\"@id\":\"https:\/\/psol50.org.br\/denuncia-de-janot-contra-temer-aumenta-possibilidade-de-derrotar-governo-e-suas-reformas\/#primaryimage\"},\"thumbnailUrl\":\"\",\"keywords\":[\"#foratemer\",\"Chico Alencar\",\"corrup\u00e7\u00e3o\",\"den\u00fancia\",\"Glauber Braga\",\"Ivan Valente\",\"Joesley Batista\",\"Michel Temer\",\"PGR\",\"PSOL\",\"Rodrigo Janot\"],\"articleSection\":[\"Brasil\",\"Not\u00edcias\"],\"inLanguage\":\"pt-BR\",\"potentialAction\":[{\"@type\":\"CommentAction\",\"name\":\"Comment\",\"target\":[\"https:\/\/psol50.org.br\/denuncia-de-janot-contra-temer-aumenta-possibilidade-de-derrotar-governo-e-suas-reformas\/#respond\"]}]},{\"@type\":\"WebPage\",\"@id\":\"https:\/\/psol50.org.br\/denuncia-de-janot-contra-temer-aumenta-possibilidade-de-derrotar-governo-e-suas-reformas\/\",\"url\":\"https:\/\/psol50.org.br\/denuncia-de-janot-contra-temer-aumenta-possibilidade-de-derrotar-governo-e-suas-reformas\/\",\"name\":\"Den\u00fancia de Janot contra Temer aumenta possibilidade de derrotar governo e suas reformas - PSOL 50\",\"isPartOf\":{\"@id\":\"https:\/\/psol50.org.br\/#website\"},\"primaryImageOfPage\":{\"@id\":\"https:\/\/psol50.org.br\/denuncia-de-janot-contra-temer-aumenta-possibilidade-de-derrotar-governo-e-suas-reformas\/#primaryimage\"},\"image\":{\"@id\":\"https:\/\/psol50.org.br\/denuncia-de-janot-contra-temer-aumenta-possibilidade-de-derrotar-governo-e-suas-reformas\/#primaryimage\"},\"thumbnailUrl\":\"\",\"datePublished\":\"2017-06-27T13:11:51+00:00\",\"breadcrumb\":{\"@id\":\"https:\/\/psol50.org.br\/denuncia-de-janot-contra-temer-aumenta-possibilidade-de-derrotar-governo-e-suas-reformas\/#breadcrumb\"},\"inLanguage\":\"pt-BR\",\"potentialAction\":[{\"@type\":\"ReadAction\",\"target\":[\"https:\/\/psol50.org.br\/denuncia-de-janot-contra-temer-aumenta-possibilidade-de-derrotar-governo-e-suas-reformas\/\"]}]},{\"@type\":\"ImageObject\",\"inLanguage\":\"pt-BR\",\"@id\":\"https:\/\/psol50.org.br\/denuncia-de-janot-contra-temer-aumenta-possibilidade-de-derrotar-governo-e-suas-reformas\/#primaryimage\",\"url\":\"\",\"contentUrl\":\"\"},{\"@type\":\"BreadcrumbList\",\"@id\":\"https:\/\/psol50.org.br\/denuncia-de-janot-contra-temer-aumenta-possibilidade-de-derrotar-governo-e-suas-reformas\/#breadcrumb\",\"itemListElement\":[{\"@type\":\"ListItem\",\"position\":1,\"name\":\"In\u00edcio\",\"item\":\"https:\/\/psol50.org.br\/\"},{\"@type\":\"ListItem\",\"position\":2,\"name\":\"Den\u00fancia de Janot contra Temer aumenta possibilidade de derrotar governo e suas reformas\"}]},{\"@type\":\"WebSite\",\"@id\":\"https:\/\/psol50.org.br\/#website\",\"url\":\"https:\/\/psol50.org.br\/\",\"name\":\"PSOL 50\",\"description\":\"Site oficial do Partido Socialismo e Liberdade\",\"publisher\":{\"@id\":\"https:\/\/psol50.org.br\/#organization\"},\"alternateName\":\"PSOL50\",\"potentialAction\":[{\"@type\":\"SearchAction\",\"target\":{\"@type\":\"EntryPoint\",\"urlTemplate\":\"https:\/\/psol50.org.br\/?s={search_term_string}\"},\"query-input\":{\"@type\":\"PropertyValueSpecification\",\"valueRequired\":true,\"valueName\":\"search_term_string\"}}],\"inLanguage\":\"pt-BR\"},{\"@type\":\"Organization\",\"@id\":\"https:\/\/psol50.org.br\/#organization\",\"name\":\"PSOL 50\",\"alternateName\":\"PSOL 50\",\"url\":\"https:\/\/psol50.org.br\/\",\"logo\":{\"@type\":\"ImageObject\",\"inLanguage\":\"pt-BR\",\"@id\":\"https:\/\/psol50.org.br\/#\/schema\/logo\/image\/\",\"url\":\"https:\/\/psol50.org.br\/inc\/uploads\/2018\/07\/capa.png\",\"contentUrl\":\"https:\/\/psol50.org.br\/inc\/uploads\/2018\/07\/capa.png\",\"width\":1350,\"height\":900,\"caption\":\"PSOL 50\"},\"image\":{\"@id\":\"https:\/\/psol50.org.br\/#\/schema\/logo\/image\/\"},\"sameAs\":[\"https:\/\/www.facebook.com\/psol50\",\"https:\/\/x.com\/psol50\",\"https:\/\/www.instagram.com\/psol50\/\",\"https:\/\/www.youtube.com\/channel\/UC7SnJS5o1os7a6CaiNabzcg\"]},{\"@type\":\"Person\",\"@id\":\"https:\/\/psol50.org.br\/#\/schema\/person\/475dfa57d0b815993c714c2e96491fcd\",\"name\":\"Comunica\u00e7\u00e3o PSOL\",\"image\":{\"@type\":\"ImageObject\",\"inLanguage\":\"pt-BR\",\"@id\":\"https:\/\/psol50.org.br\/#\/schema\/person\/image\/\",\"url\":\"https:\/\/secure.gravatar.com\/avatar\/b34fc4f4e468a4e51785917065a3db57b841f5c95dba6ad8c73aaf8f66f8f9bf?s=96&d=mm&r=g\",\"contentUrl\":\"https:\/\/secure.gravatar.com\/avatar\/b34fc4f4e468a4e51785917065a3db57b841f5c95dba6ad8c73aaf8f66f8f9bf?s=96&d=mm&r=g\",\"caption\":\"Comunica\u00e7\u00e3o PSOL\"}}]}<\/script>\n<!-- \/ Yoast SEO plugin. -->","yoast_head_json":{"title":"Den\u00fancia de Janot contra Temer aumenta possibilidade de derrotar governo e suas reformas - PSOL 50","robots":{"index":"index","follow":"follow","max-snippet":"max-snippet:-1","max-image-preview":"max-image-preview:large","max-video-preview":"max-video-preview:-1"},"canonical":"https:\/\/psol50.org.br\/denuncia-de-janot-contra-temer-aumenta-possibilidade-de-derrotar-governo-e-suas-reformas\/","og_locale":"pt_BR","og_type":"article","og_title":"Den\u00fancia de Janot contra Temer aumenta possibilidade de derrotar governo e suas reformas - PSOL 50","og_description":"A segunda-feira (26\/06) terminou quente no cen\u00e1rio pol\u00edtico em Bras\u00edlia. O Procurador-Geral da Rep\u00fablica, Rodrigo Janot, enviou ontem \u00e0 noite, ao Supremo Tribunal Federal (STF), sua den\u00fancia contra o presidente Michel Temer, por corrup\u00e7\u00e3o passiva. Diferentemente das previs\u00f5es apontadas, a mensagem de Janot ocorreu um dia antes antes de encerrar o prazo de cinco dias, [&hellip;]","og_url":"https:\/\/psol50.org.br\/denuncia-de-janot-contra-temer-aumenta-possibilidade-de-derrotar-governo-e-suas-reformas\/","og_site_name":"PSOL 50","article_publisher":"https:\/\/www.facebook.com\/psol50","article_published_time":"2017-06-27T13:11:51+00:00","og_image":[{"width":1350,"height":900,"url":"https:\/\/psol50.org.br\/inc\/uploads\/2018\/07\/capa.png","type":"image\/png"}],"author":"Comunica\u00e7\u00e3o PSOL","twitter_card":"summary_large_image","twitter_creator":"@psol50","twitter_site":"@psol50","twitter_misc":{"Escrito por":"Comunica\u00e7\u00e3o PSOL","Est. tempo de leitura":"4 minutos"},"schema":{"@context":"https:\/\/schema.org","@graph":[{"@type":"Article","@id":"https:\/\/psol50.org.br\/denuncia-de-janot-contra-temer-aumenta-possibilidade-de-derrotar-governo-e-suas-reformas\/#article","isPartOf":{"@id":"https:\/\/psol50.org.br\/denuncia-de-janot-contra-temer-aumenta-possibilidade-de-derrotar-governo-e-suas-reformas\/"},"author":{"name":"Comunica\u00e7\u00e3o PSOL","@id":"https:\/\/psol50.org.br\/#\/schema\/person\/475dfa57d0b815993c714c2e96491fcd"},"headline":"Den\u00fancia de Janot contra Temer aumenta possibilidade de derrotar governo e suas reformas","datePublished":"2017-06-27T13:11:51+00:00","mainEntityOfPage":{"@id":"https:\/\/psol50.org.br\/denuncia-de-janot-contra-temer-aumenta-possibilidade-de-derrotar-governo-e-suas-reformas\/"},"wordCount":752,"commentCount":0,"publisher":{"@id":"https:\/\/psol50.org.br\/#organization"},"image":{"@id":"https:\/\/psol50.org.br\/denuncia-de-janot-contra-temer-aumenta-possibilidade-de-derrotar-governo-e-suas-reformas\/#primaryimage"},"thumbnailUrl":"","keywords":["#foratemer","Chico Alencar","corrup\u00e7\u00e3o","den\u00fancia","Glauber Braga","Ivan Valente","Joesley Batista","Michel Temer","PGR","PSOL","Rodrigo Janot"],"articleSection":["Brasil","Not\u00edcias"],"inLanguage":"pt-BR","potentialAction":[{"@type":"CommentAction","name":"Comment","target":["https:\/\/psol50.org.br\/denuncia-de-janot-contra-temer-aumenta-possibilidade-de-derrotar-governo-e-suas-reformas\/#respond"]}]},{"@type":"WebPage","@id":"https:\/\/psol50.org.br\/denuncia-de-janot-contra-temer-aumenta-possibilidade-de-derrotar-governo-e-suas-reformas\/","url":"https:\/\/psol50.org.br\/denuncia-de-janot-contra-temer-aumenta-possibilidade-de-derrotar-governo-e-suas-reformas\/","name":"Den\u00fancia de Janot contra Temer aumenta possibilidade de derrotar governo e suas reformas - PSOL 50","isPartOf":{"@id":"https:\/\/psol50.org.br\/#website"},"primaryImageOfPage":{"@id":"https:\/\/psol50.org.br\/denuncia-de-janot-contra-temer-aumenta-possibilidade-de-derrotar-governo-e-suas-reformas\/#primaryimage"},"image":{"@id":"https:\/\/psol50.org.br\/denuncia-de-janot-contra-temer-aumenta-possibilidade-de-derrotar-governo-e-suas-reformas\/#primaryimage"},"thumbnailUrl":"","datePublished":"2017-06-27T13:11:51+00:00","breadcrumb":{"@id":"https:\/\/psol50.org.br\/denuncia-de-janot-contra-temer-aumenta-possibilidade-de-derrotar-governo-e-suas-reformas\/#breadcrumb"},"inLanguage":"pt-BR","potentialAction":[{"@type":"ReadAction","target":["https:\/\/psol50.org.br\/denuncia-de-janot-contra-temer-aumenta-possibilidade-de-derrotar-governo-e-suas-reformas\/"]}]},{"@type":"ImageObject","inLanguage":"pt-BR","@id":"https:\/\/psol50.org.br\/denuncia-de-janot-contra-temer-aumenta-possibilidade-de-derrotar-governo-e-suas-reformas\/#primaryimage","url":"","contentUrl":""},{"@type":"BreadcrumbList","@id":"https:\/\/psol50.org.br\/denuncia-de-janot-contra-temer-aumenta-possibilidade-de-derrotar-governo-e-suas-reformas\/#breadcrumb","itemListElement":[{"@type":"ListItem","position":1,"name":"In\u00edcio","item":"https:\/\/psol50.org.br\/"},{"@type":"ListItem","position":2,"name":"Den\u00fancia de Janot contra Temer aumenta possibilidade de derrotar governo e suas reformas"}]},{"@type":"WebSite","@id":"https:\/\/psol50.org.br\/#website","url":"https:\/\/psol50.org.br\/","name":"PSOL 50","description":"Site oficial do Partido Socialismo e Liberdade","publisher":{"@id":"https:\/\/psol50.org.br\/#organization"},"alternateName":"PSOL50","potentialAction":[{"@type":"SearchAction","target":{"@type":"EntryPoint","urlTemplate":"https:\/\/psol50.org.br\/?s={search_term_string}"},"query-input":{"@type":"PropertyValueSpecification","valueRequired":true,"valueName":"search_term_string"}}],"inLanguage":"pt-BR"},{"@type":"Organization","@id":"https:\/\/psol50.org.br\/#organization","name":"PSOL 50","alternateName":"PSOL 50","url":"https:\/\/psol50.org.br\/","logo":{"@type":"ImageObject","inLanguage":"pt-BR","@id":"https:\/\/psol50.org.br\/#\/schema\/logo\/image\/","url":"https:\/\/psol50.org.br\/inc\/uploads\/2018\/07\/capa.png","contentUrl":"https:\/\/psol50.org.br\/inc\/uploads\/2018\/07\/capa.png","width":1350,"height":900,"caption":"PSOL 50"},"image":{"@id":"https:\/\/psol50.org.br\/#\/schema\/logo\/image\/"},"sameAs":["https:\/\/www.facebook.com\/psol50","https:\/\/x.com\/psol50","https:\/\/www.instagram.com\/psol50\/","https:\/\/www.youtube.com\/channel\/UC7SnJS5o1os7a6CaiNabzcg"]},{"@type":"Person","@id":"https:\/\/psol50.org.br\/#\/schema\/person\/475dfa57d0b815993c714c2e96491fcd","name":"Comunica\u00e7\u00e3o PSOL","image":{"@type":"ImageObject","inLanguage":"pt-BR","@id":"https:\/\/psol50.org.br\/#\/schema\/person\/image\/","url":"https:\/\/secure.gravatar.com\/avatar\/b34fc4f4e468a4e51785917065a3db57b841f5c95dba6ad8c73aaf8f66f8f9bf?s=96&d=mm&r=g","contentUrl":"https:\/\/secure.gravatar.com\/avatar\/b34fc4f4e468a4e51785917065a3db57b841f5c95dba6ad8c73aaf8f66f8f9bf?s=96&d=mm&r=g","caption":"Comunica\u00e7\u00e3o PSOL"}}]}},"_links":{"self":[{"href":"https:\/\/psol50.org.br\/rest\/wp\/v2\/posts\/17036","targetHints":{"allow":["GET"]}}],"collection":[{"href":"https:\/\/psol50.org.br\/rest\/wp\/v2\/posts"}],"about":[{"href":"https:\/\/psol50.org.br\/rest\/wp\/v2\/types\/post"}],"author":[{"embeddable":true,"href":"https:\/\/psol50.org.br\/rest\/wp\/v2\/users\/2"}],"replies":[{"embeddable":true,"href":"https:\/\/psol50.org.br\/rest\/wp\/v2\/comments?post=17036"}],"version-history":[{"count":0,"href":"https:\/\/psol50.org.br\/rest\/wp\/v2\/posts\/17036\/revisions"}],"wp:featuredmedia":[{"embeddable":true,"href":"https:\/\/psol50.org.br\/rest\/"}],"wp:attachment":[{"href":"https:\/\/psol50.org.br\/rest\/wp\/v2\/media?parent=17036"}],"wp:term":[{"taxonomy":"category","embeddable":true,"href":"https:\/\/psol50.org.br\/rest\/wp\/v2\/categories?post=17036"},{"taxonomy":"post_tag","embeddable":true,"href":"https:\/\/psol50.org.br\/rest\/wp\/v2\/tags?post=17036"}],"curies":[{"name":"wp","href":"https:\/\/api.w.org\/{rel}","templated":true}]}}