{"id":17067,"date":"2017-06-28T15:59:02","date_gmt":"2017-06-28T15:59:02","guid":{"rendered":"http:\/\/www.psol50.org.br\/?p=17067"},"modified":"2017-06-28T15:59:02","modified_gmt":"2017-06-28T15:59:02","slug":"votacao-da-pec-das-diretas-e-adiada-mais-uma-vez-por-obstrucao-da-base-de-temer","status":"publish","type":"post","link":"https:\/\/psol50.org.br\/votacao-da-pec-das-diretas-e-adiada-mais-uma-vez-por-obstrucao-da-base-de-temer\/","title":{"rendered":"Vota\u00e7\u00e3o da PEC das diretas \u00e9 adiada, mais uma vez, por obstru\u00e7\u00e3o da base de Temer"},"content":{"rendered":"<p>Mais uma vez a base aliada de Michel Temer na C\u00e2mara dos Deputados obstruiu a sess\u00e3o da Comiss\u00e3o de Constitui\u00e7\u00e3o de Justi\u00e7a (CCJ) para impedir que a proposta que garante elei\u00e7\u00f5es diretas para presidente da Rep\u00fablica fosse apreciada. Em reuni\u00e3o desta quarta-feira (28\/06), os governistas entraram em obstru\u00e7\u00e3o e, por falta de qu\u00f3rum, a vota\u00e7\u00e3o da Proposta de Emenda Constitucional (PEC) <strong><a href=\"http:\/\/www.camara.gov.br\/proposicoesWeb\/fichadetramitacao?idProposicao=2086221\" target=\"_blank\" rel=\"noopener noreferrer\">227\/16<\/a><\/strong> n\u00e3o ocorreu.<\/p>\n<p>O debate sobre o adiamento da discuss\u00e3o durou cerca de duas horas. Ainda sem qu\u00f3rum, devido \u00e0 aus\u00eancia de deputados da base do governo, a Ordem do Dia do Plen\u00e1rio teve in\u00edcio e a sess\u00e3o teve de ser suspensa.<\/p>\n<p>Na semana passada, <a href=\"http:\/\/www.psol50.org.br\/blog\/2017\/06\/21\/oposicao-tenta-evitar-manobras-do-governo-em-votacao-sobre-diretas\/\" target=\"_blank\" rel=\"noopener\"><strong><span style=\"color: #0000ff;\">os partidos de oposi\u00e7\u00e3o apresentaram um pedido de vista coletivo<\/span><\/strong><\/a> ap\u00f3s a leitura do relat\u00f3rio do deputado Espiridi\u00e3o Amin (PP-SC), favor\u00e1vel ao texto da PEC. A iniciativa foi para esgotar o mecanismo do pedido de vista e, com isso, impedir que a base governista apresente novo pedido.<\/p>\n<p>O deputado Chico Alencar (RJ), titular do PSOL na CCJ, defendeu, durante a reuni\u00e3o de hoje, a necessidade urgente da vota\u00e7\u00e3o da mat\u00e9ria, considerando a situa\u00e7\u00e3o de crise que se encontra o governo, e criticou a tentativa da base governista de mais uma vez adiar a vota\u00e7\u00e3o.<\/p>\n<p>A PEC, de autoria do deputado Miro Teixeira (Rede-RJ), visa alterar a Constitui\u00e7\u00e3o para garantir que elei\u00e7\u00f5es diretas sejam convocadas em caso de vac\u00e2ncia do cargo de presidente da Rep\u00fablica at\u00e9 seis meses antes do fim do mandato. Hoje, isso s\u00f3 acontece at\u00e9 o meio dele, ou seja, dois anos antes de acabar.<\/p>\n","protected":false},"excerpt":{"rendered":"<p>Mais uma vez a base aliada de Michel Temer na C\u00e2mara dos Deputados obstruiu a sess\u00e3o da Comiss\u00e3o de Constitui\u00e7\u00e3o de Justi\u00e7a (CCJ) para impedir que a proposta que garante elei\u00e7\u00f5es diretas para presidente da Rep\u00fablica fosse apreciada. Em reuni\u00e3o desta quarta-feira (28\/06), os governistas entraram em obstru\u00e7\u00e3o e, por falta de qu\u00f3rum, a vota\u00e7\u00e3o [&hellip;]<\/p>\n","protected":false},"author":2,"featured_media":17068,"comment_status":"open","ping_status":"open","sticky":false,"template":"","format":"standard","meta":{"_acf_changed":false,"footnotes":""},"categories":[10,1882,6],"tags":[3242,3320,709,1375,1680,3143,3365,387,1748,2221,3246,3088],"class_list":{"0":"post-17067","1":"post","2":"type-post","3":"status-publish","4":"format-standard","5":"has-post-thumbnail","7":"category-acao-parlamentares","8":"category-brasil","9":"category-noticias","10":"tag-diretasja","11":"tag-base-de-apoio","12":"tag-camara-dos-deputados","13":"tag-ccj","14":"tag-chico-alencar","15":"tag-eleicoes-diretas","16":"tag-governistas","17":"tag-governo","18":"tag-michel-temer","19":"tag-obstrucao","20":"tag-pec-das-diretas","21":"tag-presidente-da-republica"},"acf":[],"yoast_head":"<!-- This site is optimized with the Yoast SEO plugin v26.5 - https:\/\/yoast.com\/wordpress\/plugins\/seo\/ -->\n<title>Vota\u00e7\u00e3o da PEC das diretas \u00e9 adiada, mais uma vez, por obstru\u00e7\u00e3o da base de Temer - PSOL 50<\/title>\n<meta name=\"robots\" content=\"index, follow, max-snippet:-1, max-image-preview:large, max-video-preview:-1\" \/>\n<link rel=\"canonical\" href=\"https:\/\/psol50.org.br\/votacao-da-pec-das-diretas-e-adiada-mais-uma-vez-por-obstrucao-da-base-de-temer\/\" \/>\n<meta property=\"og:locale\" content=\"pt_BR\" \/>\n<meta property=\"og:type\" content=\"article\" \/>\n<meta property=\"og:title\" content=\"Vota\u00e7\u00e3o da PEC das diretas \u00e9 adiada, mais uma vez, por obstru\u00e7\u00e3o da base de Temer - PSOL 50\" \/>\n<meta property=\"og:description\" content=\"Mais uma vez a base aliada de Michel Temer na C\u00e2mara dos Deputados obstruiu a sess\u00e3o da Comiss\u00e3o de Constitui\u00e7\u00e3o de Justi\u00e7a (CCJ) para impedir que a proposta que garante elei\u00e7\u00f5es diretas para presidente da Rep\u00fablica fosse apreciada. Em reuni\u00e3o desta quarta-feira (28\/06), os governistas entraram em obstru\u00e7\u00e3o e, por falta de qu\u00f3rum, a vota\u00e7\u00e3o [&hellip;]\" \/>\n<meta property=\"og:url\" content=\"https:\/\/psol50.org.br\/votacao-da-pec-das-diretas-e-adiada-mais-uma-vez-por-obstrucao-da-base-de-temer\/\" \/>\n<meta property=\"og:site_name\" content=\"PSOL 50\" \/>\n<meta property=\"article:publisher\" content=\"https:\/\/www.facebook.com\/psol50\" \/>\n<meta property=\"article:published_time\" content=\"2017-06-28T15:59:02+00:00\" \/>\n<meta property=\"og:image\" content=\"https:\/\/psol50.org.br\/inc\/uploads\/2018\/07\/capa.png\" \/>\n\t<meta property=\"og:image:width\" content=\"1350\" \/>\n\t<meta property=\"og:image:height\" content=\"900\" \/>\n\t<meta property=\"og:image:type\" content=\"image\/png\" \/>\n<meta name=\"author\" content=\"Comunica\u00e7\u00e3o PSOL\" \/>\n<meta name=\"twitter:card\" content=\"summary_large_image\" \/>\n<meta name=\"twitter:creator\" content=\"@psol50\" \/>\n<meta name=\"twitter:site\" content=\"@psol50\" \/>\n<meta name=\"twitter:label1\" content=\"Escrito por\" \/>\n\t<meta name=\"twitter:data1\" content=\"Comunica\u00e7\u00e3o PSOL\" \/>\n\t<meta name=\"twitter:label2\" content=\"Est. tempo de leitura\" \/>\n\t<meta name=\"twitter:data2\" content=\"1 minuto\" \/>\n<script type=\"application\/ld+json\" class=\"yoast-schema-graph\">{\"@context\":\"https:\/\/schema.org\",\"@graph\":[{\"@type\":\"Article\",\"@id\":\"https:\/\/psol50.org.br\/votacao-da-pec-das-diretas-e-adiada-mais-uma-vez-por-obstrucao-da-base-de-temer\/#article\",\"isPartOf\":{\"@id\":\"https:\/\/psol50.org.br\/votacao-da-pec-das-diretas-e-adiada-mais-uma-vez-por-obstrucao-da-base-de-temer\/\"},\"author\":{\"name\":\"Comunica\u00e7\u00e3o PSOL\",\"@id\":\"https:\/\/psol50.org.br\/#\/schema\/person\/475dfa57d0b815993c714c2e96491fcd\"},\"headline\":\"Vota\u00e7\u00e3o da PEC das diretas \u00e9 adiada, mais uma vez, por obstru\u00e7\u00e3o da base de Temer\",\"datePublished\":\"2017-06-28T15:59:02+00:00\",\"mainEntityOfPage\":{\"@id\":\"https:\/\/psol50.org.br\/votacao-da-pec-das-diretas-e-adiada-mais-uma-vez-por-obstrucao-da-base-de-temer\/\"},\"wordCount\":299,\"commentCount\":0,\"publisher\":{\"@id\":\"https:\/\/psol50.org.br\/#organization\"},\"image\":{\"@id\":\"https:\/\/psol50.org.br\/votacao-da-pec-das-diretas-e-adiada-mais-uma-vez-por-obstrucao-da-base-de-temer\/#primaryimage\"},\"thumbnailUrl\":\"\",\"keywords\":[\"#DiretasJ\u00e1\",\"base de apoio\",\"C\u00e2mara dos Deputados\",\"CCJ\",\"Chico Alencar\",\"elei\u00e7\u00f5es diretas\",\"governistas\",\"governo\",\"Michel Temer\",\"obstru\u00e7\u00e3o\",\"PEC das Diretas\",\"presidente da Rep\u00fablica\"],\"articleSection\":[\"A\u00e7\u00e3o Parlamentar\",\"Brasil\",\"Not\u00edcias\"],\"inLanguage\":\"pt-BR\",\"potentialAction\":[{\"@type\":\"CommentAction\",\"name\":\"Comment\",\"target\":[\"https:\/\/psol50.org.br\/votacao-da-pec-das-diretas-e-adiada-mais-uma-vez-por-obstrucao-da-base-de-temer\/#respond\"]}]},{\"@type\":\"WebPage\",\"@id\":\"https:\/\/psol50.org.br\/votacao-da-pec-das-diretas-e-adiada-mais-uma-vez-por-obstrucao-da-base-de-temer\/\",\"url\":\"https:\/\/psol50.org.br\/votacao-da-pec-das-diretas-e-adiada-mais-uma-vez-por-obstrucao-da-base-de-temer\/\",\"name\":\"Vota\u00e7\u00e3o da PEC das diretas \u00e9 adiada, mais uma vez, por obstru\u00e7\u00e3o da base de Temer - PSOL 50\",\"isPartOf\":{\"@id\":\"https:\/\/psol50.org.br\/#website\"},\"primaryImageOfPage\":{\"@id\":\"https:\/\/psol50.org.br\/votacao-da-pec-das-diretas-e-adiada-mais-uma-vez-por-obstrucao-da-base-de-temer\/#primaryimage\"},\"image\":{\"@id\":\"https:\/\/psol50.org.br\/votacao-da-pec-das-diretas-e-adiada-mais-uma-vez-por-obstrucao-da-base-de-temer\/#primaryimage\"},\"thumbnailUrl\":\"\",\"datePublished\":\"2017-06-28T15:59:02+00:00\",\"breadcrumb\":{\"@id\":\"https:\/\/psol50.org.br\/votacao-da-pec-das-diretas-e-adiada-mais-uma-vez-por-obstrucao-da-base-de-temer\/#breadcrumb\"},\"inLanguage\":\"pt-BR\",\"potentialAction\":[{\"@type\":\"ReadAction\",\"target\":[\"https:\/\/psol50.org.br\/votacao-da-pec-das-diretas-e-adiada-mais-uma-vez-por-obstrucao-da-base-de-temer\/\"]}]},{\"@type\":\"ImageObject\",\"inLanguage\":\"pt-BR\",\"@id\":\"https:\/\/psol50.org.br\/votacao-da-pec-das-diretas-e-adiada-mais-uma-vez-por-obstrucao-da-base-de-temer\/#primaryimage\",\"url\":\"\",\"contentUrl\":\"\"},{\"@type\":\"BreadcrumbList\",\"@id\":\"https:\/\/psol50.org.br\/votacao-da-pec-das-diretas-e-adiada-mais-uma-vez-por-obstrucao-da-base-de-temer\/#breadcrumb\",\"itemListElement\":[{\"@type\":\"ListItem\",\"position\":1,\"name\":\"In\u00edcio\",\"item\":\"https:\/\/psol50.org.br\/\"},{\"@type\":\"ListItem\",\"position\":2,\"name\":\"Vota\u00e7\u00e3o da PEC das diretas \u00e9 adiada, mais uma vez, por obstru\u00e7\u00e3o da base de Temer\"}]},{\"@type\":\"WebSite\",\"@id\":\"https:\/\/psol50.org.br\/#website\",\"url\":\"https:\/\/psol50.org.br\/\",\"name\":\"PSOL 50\",\"description\":\"Site oficial do Partido Socialismo e Liberdade\",\"publisher\":{\"@id\":\"https:\/\/psol50.org.br\/#organization\"},\"alternateName\":\"PSOL50\",\"potentialAction\":[{\"@type\":\"SearchAction\",\"target\":{\"@type\":\"EntryPoint\",\"urlTemplate\":\"https:\/\/psol50.org.br\/?s={search_term_string}\"},\"query-input\":{\"@type\":\"PropertyValueSpecification\",\"valueRequired\":true,\"valueName\":\"search_term_string\"}}],\"inLanguage\":\"pt-BR\"},{\"@type\":\"Organization\",\"@id\":\"https:\/\/psol50.org.br\/#organization\",\"name\":\"PSOL 50\",\"alternateName\":\"PSOL 50\",\"url\":\"https:\/\/psol50.org.br\/\",\"logo\":{\"@type\":\"ImageObject\",\"inLanguage\":\"pt-BR\",\"@id\":\"https:\/\/psol50.org.br\/#\/schema\/logo\/image\/\",\"url\":\"https:\/\/psol50.org.br\/inc\/uploads\/2018\/07\/capa.png\",\"contentUrl\":\"https:\/\/psol50.org.br\/inc\/uploads\/2018\/07\/capa.png\",\"width\":1350,\"height\":900,\"caption\":\"PSOL 50\"},\"image\":{\"@id\":\"https:\/\/psol50.org.br\/#\/schema\/logo\/image\/\"},\"sameAs\":[\"https:\/\/www.facebook.com\/psol50\",\"https:\/\/x.com\/psol50\",\"https:\/\/www.instagram.com\/psol50\/\",\"https:\/\/www.youtube.com\/channel\/UC7SnJS5o1os7a6CaiNabzcg\"]},{\"@type\":\"Person\",\"@id\":\"https:\/\/psol50.org.br\/#\/schema\/person\/475dfa57d0b815993c714c2e96491fcd\",\"name\":\"Comunica\u00e7\u00e3o PSOL\",\"image\":{\"@type\":\"ImageObject\",\"inLanguage\":\"pt-BR\",\"@id\":\"https:\/\/psol50.org.br\/#\/schema\/person\/image\/\",\"url\":\"https:\/\/secure.gravatar.com\/avatar\/b34fc4f4e468a4e51785917065a3db57b841f5c95dba6ad8c73aaf8f66f8f9bf?s=96&d=mm&r=g\",\"contentUrl\":\"https:\/\/secure.gravatar.com\/avatar\/b34fc4f4e468a4e51785917065a3db57b841f5c95dba6ad8c73aaf8f66f8f9bf?s=96&d=mm&r=g\",\"caption\":\"Comunica\u00e7\u00e3o PSOL\"}}]}<\/script>\n<!-- \/ Yoast SEO plugin. -->","yoast_head_json":{"title":"Vota\u00e7\u00e3o da PEC das diretas \u00e9 adiada, mais uma vez, por obstru\u00e7\u00e3o da base de Temer - PSOL 50","robots":{"index":"index","follow":"follow","max-snippet":"max-snippet:-1","max-image-preview":"max-image-preview:large","max-video-preview":"max-video-preview:-1"},"canonical":"https:\/\/psol50.org.br\/votacao-da-pec-das-diretas-e-adiada-mais-uma-vez-por-obstrucao-da-base-de-temer\/","og_locale":"pt_BR","og_type":"article","og_title":"Vota\u00e7\u00e3o da PEC das diretas \u00e9 adiada, mais uma vez, por obstru\u00e7\u00e3o da base de Temer - PSOL 50","og_description":"Mais uma vez a base aliada de Michel Temer na C\u00e2mara dos Deputados obstruiu a sess\u00e3o da Comiss\u00e3o de Constitui\u00e7\u00e3o de Justi\u00e7a (CCJ) para impedir que a proposta que garante elei\u00e7\u00f5es diretas para presidente da Rep\u00fablica fosse apreciada. Em reuni\u00e3o desta quarta-feira (28\/06), os governistas entraram em obstru\u00e7\u00e3o e, por falta de qu\u00f3rum, a vota\u00e7\u00e3o [&hellip;]","og_url":"https:\/\/psol50.org.br\/votacao-da-pec-das-diretas-e-adiada-mais-uma-vez-por-obstrucao-da-base-de-temer\/","og_site_name":"PSOL 50","article_publisher":"https:\/\/www.facebook.com\/psol50","article_published_time":"2017-06-28T15:59:02+00:00","og_image":[{"width":1350,"height":900,"url":"https:\/\/psol50.org.br\/inc\/uploads\/2018\/07\/capa.png","type":"image\/png"}],"author":"Comunica\u00e7\u00e3o PSOL","twitter_card":"summary_large_image","twitter_creator":"@psol50","twitter_site":"@psol50","twitter_misc":{"Escrito por":"Comunica\u00e7\u00e3o PSOL","Est. tempo de leitura":"1 minuto"},"schema":{"@context":"https:\/\/schema.org","@graph":[{"@type":"Article","@id":"https:\/\/psol50.org.br\/votacao-da-pec-das-diretas-e-adiada-mais-uma-vez-por-obstrucao-da-base-de-temer\/#article","isPartOf":{"@id":"https:\/\/psol50.org.br\/votacao-da-pec-das-diretas-e-adiada-mais-uma-vez-por-obstrucao-da-base-de-temer\/"},"author":{"name":"Comunica\u00e7\u00e3o PSOL","@id":"https:\/\/psol50.org.br\/#\/schema\/person\/475dfa57d0b815993c714c2e96491fcd"},"headline":"Vota\u00e7\u00e3o da PEC das diretas \u00e9 adiada, mais uma vez, por obstru\u00e7\u00e3o da base de Temer","datePublished":"2017-06-28T15:59:02+00:00","mainEntityOfPage":{"@id":"https:\/\/psol50.org.br\/votacao-da-pec-das-diretas-e-adiada-mais-uma-vez-por-obstrucao-da-base-de-temer\/"},"wordCount":299,"commentCount":0,"publisher":{"@id":"https:\/\/psol50.org.br\/#organization"},"image":{"@id":"https:\/\/psol50.org.br\/votacao-da-pec-das-diretas-e-adiada-mais-uma-vez-por-obstrucao-da-base-de-temer\/#primaryimage"},"thumbnailUrl":"","keywords":["#DiretasJ\u00e1","base de apoio","C\u00e2mara dos Deputados","CCJ","Chico Alencar","elei\u00e7\u00f5es diretas","governistas","governo","Michel Temer","obstru\u00e7\u00e3o","PEC das Diretas","presidente da Rep\u00fablica"],"articleSection":["A\u00e7\u00e3o Parlamentar","Brasil","Not\u00edcias"],"inLanguage":"pt-BR","potentialAction":[{"@type":"CommentAction","name":"Comment","target":["https:\/\/psol50.org.br\/votacao-da-pec-das-diretas-e-adiada-mais-uma-vez-por-obstrucao-da-base-de-temer\/#respond"]}]},{"@type":"WebPage","@id":"https:\/\/psol50.org.br\/votacao-da-pec-das-diretas-e-adiada-mais-uma-vez-por-obstrucao-da-base-de-temer\/","url":"https:\/\/psol50.org.br\/votacao-da-pec-das-diretas-e-adiada-mais-uma-vez-por-obstrucao-da-base-de-temer\/","name":"Vota\u00e7\u00e3o da PEC das diretas \u00e9 adiada, mais uma vez, por obstru\u00e7\u00e3o da base de Temer - PSOL 50","isPartOf":{"@id":"https:\/\/psol50.org.br\/#website"},"primaryImageOfPage":{"@id":"https:\/\/psol50.org.br\/votacao-da-pec-das-diretas-e-adiada-mais-uma-vez-por-obstrucao-da-base-de-temer\/#primaryimage"},"image":{"@id":"https:\/\/psol50.org.br\/votacao-da-pec-das-diretas-e-adiada-mais-uma-vez-por-obstrucao-da-base-de-temer\/#primaryimage"},"thumbnailUrl":"","datePublished":"2017-06-28T15:59:02+00:00","breadcrumb":{"@id":"https:\/\/psol50.org.br\/votacao-da-pec-das-diretas-e-adiada-mais-uma-vez-por-obstrucao-da-base-de-temer\/#breadcrumb"},"inLanguage":"pt-BR","potentialAction":[{"@type":"ReadAction","target":["https:\/\/psol50.org.br\/votacao-da-pec-das-diretas-e-adiada-mais-uma-vez-por-obstrucao-da-base-de-temer\/"]}]},{"@type":"ImageObject","inLanguage":"pt-BR","@id":"https:\/\/psol50.org.br\/votacao-da-pec-das-diretas-e-adiada-mais-uma-vez-por-obstrucao-da-base-de-temer\/#primaryimage","url":"","contentUrl":""},{"@type":"BreadcrumbList","@id":"https:\/\/psol50.org.br\/votacao-da-pec-das-diretas-e-adiada-mais-uma-vez-por-obstrucao-da-base-de-temer\/#breadcrumb","itemListElement":[{"@type":"ListItem","position":1,"name":"In\u00edcio","item":"https:\/\/psol50.org.br\/"},{"@type":"ListItem","position":2,"name":"Vota\u00e7\u00e3o da PEC das diretas \u00e9 adiada, mais uma vez, por obstru\u00e7\u00e3o da base de Temer"}]},{"@type":"WebSite","@id":"https:\/\/psol50.org.br\/#website","url":"https:\/\/psol50.org.br\/","name":"PSOL 50","description":"Site oficial do Partido Socialismo e Liberdade","publisher":{"@id":"https:\/\/psol50.org.br\/#organization"},"alternateName":"PSOL50","potentialAction":[{"@type":"SearchAction","target":{"@type":"EntryPoint","urlTemplate":"https:\/\/psol50.org.br\/?s={search_term_string}"},"query-input":{"@type":"PropertyValueSpecification","valueRequired":true,"valueName":"search_term_string"}}],"inLanguage":"pt-BR"},{"@type":"Organization","@id":"https:\/\/psol50.org.br\/#organization","name":"PSOL 50","alternateName":"PSOL 50","url":"https:\/\/psol50.org.br\/","logo":{"@type":"ImageObject","inLanguage":"pt-BR","@id":"https:\/\/psol50.org.br\/#\/schema\/logo\/image\/","url":"https:\/\/psol50.org.br\/inc\/uploads\/2018\/07\/capa.png","contentUrl":"https:\/\/psol50.org.br\/inc\/uploads\/2018\/07\/capa.png","width":1350,"height":900,"caption":"PSOL 50"},"image":{"@id":"https:\/\/psol50.org.br\/#\/schema\/logo\/image\/"},"sameAs":["https:\/\/www.facebook.com\/psol50","https:\/\/x.com\/psol50","https:\/\/www.instagram.com\/psol50\/","https:\/\/www.youtube.com\/channel\/UC7SnJS5o1os7a6CaiNabzcg"]},{"@type":"Person","@id":"https:\/\/psol50.org.br\/#\/schema\/person\/475dfa57d0b815993c714c2e96491fcd","name":"Comunica\u00e7\u00e3o PSOL","image":{"@type":"ImageObject","inLanguage":"pt-BR","@id":"https:\/\/psol50.org.br\/#\/schema\/person\/image\/","url":"https:\/\/secure.gravatar.com\/avatar\/b34fc4f4e468a4e51785917065a3db57b841f5c95dba6ad8c73aaf8f66f8f9bf?s=96&d=mm&r=g","contentUrl":"https:\/\/secure.gravatar.com\/avatar\/b34fc4f4e468a4e51785917065a3db57b841f5c95dba6ad8c73aaf8f66f8f9bf?s=96&d=mm&r=g","caption":"Comunica\u00e7\u00e3o PSOL"}}]}},"_links":{"self":[{"href":"https:\/\/psol50.org.br\/rest\/wp\/v2\/posts\/17067","targetHints":{"allow":["GET"]}}],"collection":[{"href":"https:\/\/psol50.org.br\/rest\/wp\/v2\/posts"}],"about":[{"href":"https:\/\/psol50.org.br\/rest\/wp\/v2\/types\/post"}],"author":[{"embeddable":true,"href":"https:\/\/psol50.org.br\/rest\/wp\/v2\/users\/2"}],"replies":[{"embeddable":true,"href":"https:\/\/psol50.org.br\/rest\/wp\/v2\/comments?post=17067"}],"version-history":[{"count":0,"href":"https:\/\/psol50.org.br\/rest\/wp\/v2\/posts\/17067\/revisions"}],"wp:featuredmedia":[{"embeddable":true,"href":"https:\/\/psol50.org.br\/rest\/"}],"wp:attachment":[{"href":"https:\/\/psol50.org.br\/rest\/wp\/v2\/media?parent=17067"}],"wp:term":[{"taxonomy":"category","embeddable":true,"href":"https:\/\/psol50.org.br\/rest\/wp\/v2\/categories?post=17067"},{"taxonomy":"post_tag","embeddable":true,"href":"https:\/\/psol50.org.br\/rest\/wp\/v2\/tags?post=17067"}],"curies":[{"name":"wp","href":"https:\/\/api.w.org\/{rel}","templated":true}]}}